{"id":3762,"date":"2015-10-16T07:00:58","date_gmt":"2015-10-16T05:00:58","guid":{"rendered":"http:\/\/blogg.svenskakyrkan.se\/vandravagen\/?p=3762"},"modified":"2015-10-15T21:51:30","modified_gmt":"2015-10-15T19:51:30","slug":"6-lankar-och-ett-gudsbevis","status":"publish","type":"post","link":"https:\/\/blogg.svenskakyrkan.se\/vandravagen\/2015\/10\/16\/6-lankar-och-ett-gudsbevis\/","title":{"rendered":"6 l\u00e4nkar och ett gudsbevis"},"content":{"rendered":"<p>&nbsp;<\/p>\n<div id=\"attachment_3764\" style=\"width: 560px\" class=\"wp-caption aligncenter\"><a href=\"http:\/\/blogg.svenskakyrkan.se\/vandravagen\/files\/2015\/10\/IMG_6929.jpg\"><img loading=\"lazy\" decoding=\"async\" aria-describedby=\"caption-attachment-3764\" class=\"size-full wp-image-3764\" src=\"http:\/\/blogg.svenskakyrkan.se\/vandravagen\/files\/2015\/10\/IMG_6929.jpg\" alt=\"En apa som grillar en kyckling eller n\u00e5t. Blandad bild.\" width=\"550\" height=\"285\" srcset=\"https:\/\/blogg.svenskakyrkan.se\/vandravagen\/files\/2015\/10\/IMG_6929.jpg 550w, https:\/\/blogg.svenskakyrkan.se\/vandravagen\/files\/2015\/10\/IMG_6929-300x155.jpg 300w, https:\/\/blogg.svenskakyrkan.se\/vandravagen\/files\/2015\/10\/IMG_6929-500x259.jpg 500w\" sizes=\"auto, (max-width: 550px) 100vw, 550px\" \/><\/a><p id=\"caption-attachment-3764\" class=\"wp-caption-text\">En apa som grillar en kyckling eller n\u00e5t. Blandad bild.<\/p><\/div>\n<p>Det \u00e4r l\u00e4nge sedan jag delade l\u00e4nktips p\u00e5 Vandra V\u00e4gen. H\u00e4r \u00e4r n\u00e5gra artiklar jag rekommenderar i ganska spridda \u00e4mnen men med en del gemensamma n\u00e4mnare. Det r\u00f6r sig som mycket annat jag l\u00e4ser p\u00e5 gr\u00e4nslandet mellan vetenskap och v\u00e4rderingar och hur vi ser p\u00e5 v\u00e5ra liv. Ofta r\u00e4tt gamla grejer som jag tryckt p\u00e5 ett tag.<\/p>\n<p>&nbsp;<\/p>\n<p><strong>S\u00e5 f\u00f6r\u00e4ndras man av pengar<\/strong><\/p>\n<p>Sp\u00e4nnande artikel d\u00e4r <a href=\"http:\/\/www.va.se\/nyheter\/2015\/10\/12\/sa-forandras-man-av-pengar--kasino-blev-vinstlott-for-fattiga-barn\/\">forskare f\u00f6ljt en grupp barn som pl\u00f6tsligt fick det mycket b\u00e4ttre<\/a> ekonomiskt. Hur tror du de f\u00f6r\u00e4ndrades d\u00e5?<\/p>\n<p>&nbsp;<\/p>\n<p><strong>Pengar f\u00e5r oss att m\u00e5 b\u00e4ttre<\/strong><\/p>\n<p>En artikel p\u00e5 samma tema som den f\u00f6rra. Om <a href=\"http:\/\/www.etc.se\/inrikes\/pengar-battre-piller\">vad som h\u00e4nde n\u00e4r m\u00e4nniskor i sv\u00e5ra situationer fick pengar ist\u00e4llet f\u00f6r behandling<\/a>.<\/p>\n<p>&nbsp;<\/p>\n<p><strong>Myten om sj\u00e4lvk\u00e4nsla<\/strong><\/p>\n<p>Jag och m\u00e5nga med mig brukar t\u00e4nka <a href=\"http:\/\/www.psykologifabriken.se\/myten-om-sjalvkansla\/\">att sj\u00e4lvk\u00e4nsla \u00e4r grunden till att m\u00e5 bra och handla gott<\/a>. Var kommer den tanken ifr\u00e5n och st\u00e4mmer den?<\/p>\n<p>&nbsp;<\/p>\n<p><strong>Du \u00e4r inte vad du \u00e4ter<\/strong><\/p>\n<p>En artikel som s\u00e4tter fr\u00e5getecken f\u00f6r de religi\u00f6sa drag <a href=\"http:\/\/johanna.livskick.nu\/2015\/06\/15\/du-ar-faktiskt-inte-vad-du-ater-om-overtron-pa-kostens-magi\/\">olika tankar om kost <\/a>kan ha idag.<\/p>\n<p>&nbsp;<\/p>\n<p><strong>N\u00e4r b\u00f6rjar livet egentligen?<\/strong><\/p>\n<p>Via bloggen har jag och bloggaren Rebella f\u00f6ljt \u00e5t ett tag. H\u00e4r benar hon ut <a href=\"https:\/\/rebellaundrar.wordpress.com\/2015\/09\/26\/abort-8-lbivb-1-nej-livet-borjar-inte-vid-befruktningen\/\">vilka olika s\u00e4tt det finns att se p\u00e5 n\u00e4r livet egentligen b\u00f6rjar och man blir en m\u00e4nniska<\/a>. Det h\u00e4r \u00e4r relevant f\u00f6r att vi ska kunna t\u00e4nka lite djupare kring problematiken med abort och annat.<\/p>\n<p>&nbsp;<\/p>\n<p><strong>1686 \u00e5rs kyrkolag<\/strong><\/p>\n<p>Kanske inte s\u00e4rskilt relevant f\u00f6r m\u00e5nga men jag blev i alla fall glad <a href=\"http:\/\/www.mlang.name\/arkisto\/kyrkio-lag-1686.html\">att hitta 1686 \u00e5rs kyrkolag p\u00e5 n\u00e4tet.<\/a> Till dig som \u00e4r r\u00e4tt n\u00f6rdig allts\u00e5.<\/p>\n<p><strong>Till sist en film<\/strong>!<\/p>\n<p>H\u00e4r \u00e4r en v\u00e4lgjord film som benar ut &#8221;det moraliska gudsbeviset&#8221; som jag skrivit om tidigare h\u00e4r p\u00e5 Vandra V\u00e4gen. F\u00f6r filosofen inom dig.<\/p>\n<p><iframe loading=\"lazy\" title=\"The Moral Argument\" width=\"500\" height=\"281\" src=\"https:\/\/www.youtube.com\/embed\/OxiAikEk2vU?feature=oembed\" frameborder=\"0\" allow=\"accelerometer; autoplay; clipboard-write; encrypted-media; gyroscope; picture-in-picture; web-share\" referrerpolicy=\"strict-origin-when-cross-origin\" allowfullscreen><\/iframe><\/p>\n","protected":false},"excerpt":{"rendered":"<p>&nbsp; Det \u00e4r l\u00e4nge sedan jag delade l\u00e4nktips p\u00e5 Vandra V\u00e4gen. H\u00e4r \u00e4r n\u00e5gra artiklar jag rekommenderar i ganska spridda \u00e4mnen men med en del gemensamma n\u00e4mnare. Det r\u00f6r sig som mycket annat jag l\u00e4ser p\u00e5 gr\u00e4nslandet mellan vetenskap och v\u00e4rderingar och hur vi ser p\u00e5 v\u00e5ra liv. Ofta r\u00e4tt gamla grejer som jag tryckt [&hellip;]<\/p>\n","protected":false},"author":392,"featured_media":0,"comment_status":"open","ping_status":"open","sticky":false,"template":"","format":"standard","meta":{"_acf_changed":false,"footnotes":""},"categories":[76189,8313],"tags":[],"class_list":["post-3762","post","type-post","status-publish","format-standard","hentry","category-dagens-kyrka","category-lankar"],"acf":[],"yoast_head":"<!-- This site is optimized with the Yoast SEO plugin v27.1.1 - https:\/\/yoast.com\/product\/yoast-seo-wordpress\/ -->\n<title>6 l\u00e4nkar och ett gudsbevis - Vandra V\u00e4gen<\/title>\n<meta name=\"robots\" content=\"index, follow, max-snippet:-1, max-image-preview:large, max-video-preview:-1\" \/>\n<link rel=\"canonical\" href=\"https:\/\/blogg.svenskakyrkan.se\/vandravagen\/2015\/10\/16\/6-lankar-och-ett-gudsbevis\/\" \/>\n<meta property=\"og:locale\" content=\"sv_SE\" \/>\n<meta property=\"og:type\" content=\"article\" \/>\n<meta property=\"og:title\" content=\"6 l\u00e4nkar och ett gudsbevis - Vandra V\u00e4gen\" \/>\n<meta property=\"og:description\" content=\"&nbsp; Det \u00e4r l\u00e4nge sedan jag delade l\u00e4nktips p\u00e5 Vandra V\u00e4gen. H\u00e4r \u00e4r n\u00e5gra artiklar jag rekommenderar i ganska spridda \u00e4mnen men med en del gemensamma n\u00e4mnare. Det r\u00f6r sig som mycket annat jag l\u00e4ser p\u00e5 gr\u00e4nslandet mellan vetenskap och v\u00e4rderingar och hur vi ser p\u00e5 v\u00e5ra liv. Ofta r\u00e4tt gamla grejer som jag tryckt [&hellip;]\" \/>\n<meta property=\"og:url\" content=\"https:\/\/blogg.svenskakyrkan.se\/vandravagen\/2015\/10\/16\/6-lankar-och-ett-gudsbevis\/\" \/>\n<meta property=\"og:site_name\" content=\"Vandra V\u00e4gen\" \/>\n<meta property=\"article:publisher\" content=\"http:\/\/facebook.com\/vandravagen\" \/>\n<meta property=\"article:published_time\" content=\"2015-10-16T05:00:58+00:00\" \/>\n<meta property=\"og:image\" content=\"http:\/\/blogg.svenskakyrkan.se\/vandravagen\/files\/2015\/10\/IMG_6929.jpg\" \/>\n<meta name=\"author\" content=\"Tomas Jarvid\" \/>\n<meta name=\"twitter:card\" content=\"summary_large_image\" \/>\n<meta name=\"twitter:creator\" content=\"@fadertomas\" \/>\n<meta name=\"twitter:site\" content=\"@fadertomas\" \/>\n<meta name=\"twitter:label1\" content=\"Skriven av\" \/>\n\t<meta name=\"twitter:data1\" content=\"Tomas Jarvid\" \/>\n\t<meta name=\"twitter:label2\" content=\"Ber\u00e4knad l\u00e4stid\" \/>\n\t<meta name=\"twitter:data2\" content=\"2 minuter\" \/>\n<script type=\"application\/ld+json\" class=\"yoast-schema-graph\">{\"@context\":\"https:\/\/schema.org\",\"@graph\":[{\"@type\":\"Article\",\"@id\":\"https:\/\/blogg.svenskakyrkan.se\/vandravagen\/2015\/10\/16\/6-lankar-och-ett-gudsbevis\/#article\",\"isPartOf\":{\"@id\":\"https:\/\/blogg.svenskakyrkan.se\/vandravagen\/2015\/10\/16\/6-lankar-och-ett-gudsbevis\/\"},\"author\":{\"name\":\"Tomas Jarvid\",\"@id\":\"https:\/\/blogg.svenskakyrkan.se\/vandravagen\/#\/schema\/person\/25da02d4f76b137d04291711e2c9fc16\"},\"headline\":\"6 l\u00e4nkar och ett gudsbevis\",\"datePublished\":\"2015-10-16T05:00:58+00:00\",\"mainEntityOfPage\":{\"@id\":\"https:\/\/blogg.svenskakyrkan.se\/vandravagen\/2015\/10\/16\/6-lankar-och-ett-gudsbevis\/\"},\"wordCount\":392,\"commentCount\":11,\"publisher\":{\"@id\":\"https:\/\/blogg.svenskakyrkan.se\/vandravagen\/#organization\"},\"image\":{\"@id\":\"https:\/\/blogg.svenskakyrkan.se\/vandravagen\/2015\/10\/16\/6-lankar-och-ett-gudsbevis\/#primaryimage\"},\"thumbnailUrl\":\"http:\/\/blogg.svenskakyrkan.se\/vandravagen\/files\/2015\/10\/IMG_6929.jpg\",\"articleSection\":[\"Dagens Kyrka\",\"l\u00e4nkar\"],\"inLanguage\":\"sv-SE\",\"potentialAction\":[{\"@type\":\"CommentAction\",\"name\":\"Comment\",\"target\":[\"https:\/\/blogg.svenskakyrkan.se\/vandravagen\/2015\/10\/16\/6-lankar-och-ett-gudsbevis\/#respond\"]}]},{\"@type\":\"WebPage\",\"@id\":\"https:\/\/blogg.svenskakyrkan.se\/vandravagen\/2015\/10\/16\/6-lankar-och-ett-gudsbevis\/\",\"url\":\"https:\/\/blogg.svenskakyrkan.se\/vandravagen\/2015\/10\/16\/6-lankar-och-ett-gudsbevis\/\",\"name\":\"6 l\u00e4nkar och ett gudsbevis - Vandra V\u00e4gen\",\"isPartOf\":{\"@id\":\"https:\/\/blogg.svenskakyrkan.se\/vandravagen\/#website\"},\"primaryImageOfPage\":{\"@id\":\"https:\/\/blogg.svenskakyrkan.se\/vandravagen\/2015\/10\/16\/6-lankar-och-ett-gudsbevis\/#primaryimage\"},\"image\":{\"@id\":\"https:\/\/blogg.svenskakyrkan.se\/vandravagen\/2015\/10\/16\/6-lankar-och-ett-gudsbevis\/#primaryimage\"},\"thumbnailUrl\":\"http:\/\/blogg.svenskakyrkan.se\/vandravagen\/files\/2015\/10\/IMG_6929.jpg\",\"datePublished\":\"2015-10-16T05:00:58+00:00\",\"breadcrumb\":{\"@id\":\"https:\/\/blogg.svenskakyrkan.se\/vandravagen\/2015\/10\/16\/6-lankar-och-ett-gudsbevis\/#breadcrumb\"},\"inLanguage\":\"sv-SE\",\"potentialAction\":[{\"@type\":\"ReadAction\",\"target\":[\"https:\/\/blogg.svenskakyrkan.se\/vandravagen\/2015\/10\/16\/6-lankar-och-ett-gudsbevis\/\"]}]},{\"@type\":\"ImageObject\",\"inLanguage\":\"sv-SE\",\"@id\":\"https:\/\/blogg.svenskakyrkan.se\/vandravagen\/2015\/10\/16\/6-lankar-och-ett-gudsbevis\/#primaryimage\",\"url\":\"http:\/\/blogg.svenskakyrkan.se\/vandravagen\/files\/2015\/10\/IMG_6929.jpg\",\"contentUrl\":\"http:\/\/blogg.svenskakyrkan.se\/vandravagen\/files\/2015\/10\/IMG_6929.jpg\"},{\"@type\":\"BreadcrumbList\",\"@id\":\"https:\/\/blogg.svenskakyrkan.se\/vandravagen\/2015\/10\/16\/6-lankar-och-ett-gudsbevis\/#breadcrumb\",\"itemListElement\":[{\"@type\":\"ListItem\",\"position\":1,\"name\":\"Hem\",\"item\":\"https:\/\/blogg.svenskakyrkan.se\/vandravagen\/\"},{\"@type\":\"ListItem\",\"position\":2,\"name\":\"6 l\u00e4nkar och ett gudsbevis\"}]},{\"@type\":\"WebSite\",\"@id\":\"https:\/\/blogg.svenskakyrkan.se\/vandravagen\/#website\",\"url\":\"https:\/\/blogg.svenskakyrkan.se\/vandravagen\/\",\"name\":\"Vandra V\u00e4gen\",\"description\":\"-Mot en tro f\u00f6r hela livet\",\"publisher\":{\"@id\":\"https:\/\/blogg.svenskakyrkan.se\/vandravagen\/#organization\"},\"potentialAction\":[{\"@type\":\"SearchAction\",\"target\":{\"@type\":\"EntryPoint\",\"urlTemplate\":\"https:\/\/blogg.svenskakyrkan.se\/vandravagen\/?s={search_term_string}\"},\"query-input\":{\"@type\":\"PropertyValueSpecification\",\"valueRequired\":true,\"valueName\":\"search_term_string\"}}],\"inLanguage\":\"sv-SE\"},{\"@type\":\"Organization\",\"@id\":\"https:\/\/blogg.svenskakyrkan.se\/vandravagen\/#organization\",\"name\":\"ulricehamns pastorat\",\"alternateName\":\"ulricehamns pastorat\",\"url\":\"https:\/\/blogg.svenskakyrkan.se\/vandravagen\/\",\"logo\":{\"@type\":\"ImageObject\",\"inLanguage\":\"sv-SE\",\"@id\":\"https:\/\/blogg.svenskakyrkan.se\/vandravagen\/#\/schema\/logo\/image\/\",\"url\":\"https:\/\/blogg.svenskakyrkan.se\/vandravagen\/files\/2023\/05\/Ulr_logo_RGB.png\",\"contentUrl\":\"https:\/\/blogg.svenskakyrkan.se\/vandravagen\/files\/2023\/05\/Ulr_logo_RGB.png\",\"width\":205,\"height\":77,\"caption\":\"ulricehamns pastorat\"},\"image\":{\"@id\":\"https:\/\/blogg.svenskakyrkan.se\/vandravagen\/#\/schema\/logo\/image\/\"},\"sameAs\":[\"http:\/\/facebook.com\/vandravagen\",\"https:\/\/x.com\/fadertomas\",\"http:\/\/www.facebook.com\/svenskakyrkaniulricehamn\"]},{\"@type\":\"Person\",\"@id\":\"https:\/\/blogg.svenskakyrkan.se\/vandravagen\/#\/schema\/person\/25da02d4f76b137d04291711e2c9fc16\",\"name\":\"Tomas Jarvid\",\"image\":{\"@type\":\"ImageObject\",\"inLanguage\":\"sv-SE\",\"@id\":\"https:\/\/blogg.svenskakyrkan.se\/vandravagen\/#\/schema\/person\/image\/\",\"url\":\"https:\/\/secure.gravatar.com\/avatar\/7fa71899795e8f540f615a1f5ab25255dc27aa40f05ee7ddd21aac521e01bf50?s=96&d=identicon&r=g\",\"contentUrl\":\"https:\/\/secure.gravatar.com\/avatar\/7fa71899795e8f540f615a1f5ab25255dc27aa40f05ee7ddd21aac521e01bf50?s=96&d=identicon&r=g\",\"caption\":\"Tomas Jarvid\"},\"description\":\"Jag bor i Ulricehamn i V\u00e4sterg\u00f6tland och \u00e4r f\u00f6rsamlingspr\u00e4st i Svenska Kyrkan f\u00f6r Dalstorps f\u00f6rsamling i Kinds pastorat. P\u00e5 den h\u00e4r bloggen skriver jag ner tankar om vandringen som kristen.\",\"sameAs\":[\"http:\/\/www.vandravagen.se\"],\"url\":\"https:\/\/blogg.svenskakyrkan.se\/vandravagen\/author\/vandravagen\/\"}]}<\/script>\n<!-- \/ Yoast SEO plugin. -->","yoast_head_json":{"title":"6 l\u00e4nkar och ett gudsbevis - Vandra V\u00e4gen","robots":{"index":"index","follow":"follow","max-snippet":"max-snippet:-1","max-image-preview":"max-image-preview:large","max-video-preview":"max-video-preview:-1"},"canonical":"https:\/\/blogg.svenskakyrkan.se\/vandravagen\/2015\/10\/16\/6-lankar-och-ett-gudsbevis\/","og_locale":"sv_SE","og_type":"article","og_title":"6 l\u00e4nkar och ett gudsbevis - Vandra V\u00e4gen","og_description":"&nbsp; Det \u00e4r l\u00e4nge sedan jag delade l\u00e4nktips p\u00e5 Vandra V\u00e4gen. H\u00e4r \u00e4r n\u00e5gra artiklar jag rekommenderar i ganska spridda \u00e4mnen men med en del gemensamma n\u00e4mnare. Det r\u00f6r sig som mycket annat jag l\u00e4ser p\u00e5 gr\u00e4nslandet mellan vetenskap och v\u00e4rderingar och hur vi ser p\u00e5 v\u00e5ra liv. Ofta r\u00e4tt gamla grejer som jag tryckt [&hellip;]","og_url":"https:\/\/blogg.svenskakyrkan.se\/vandravagen\/2015\/10\/16\/6-lankar-och-ett-gudsbevis\/","og_site_name":"Vandra V\u00e4gen","article_publisher":"http:\/\/facebook.com\/vandravagen","article_published_time":"2015-10-16T05:00:58+00:00","og_image":[{"url":"http:\/\/blogg.svenskakyrkan.se\/vandravagen\/files\/2015\/10\/IMG_6929.jpg","type":"","width":"","height":""}],"author":"Tomas Jarvid","twitter_card":"summary_large_image","twitter_creator":"@fadertomas","twitter_site":"@fadertomas","twitter_misc":{"Skriven av":"Tomas Jarvid","Ber\u00e4knad l\u00e4stid":"2 minuter"},"schema":{"@context":"https:\/\/schema.org","@graph":[{"@type":"Article","@id":"https:\/\/blogg.svenskakyrkan.se\/vandravagen\/2015\/10\/16\/6-lankar-och-ett-gudsbevis\/#article","isPartOf":{"@id":"https:\/\/blogg.svenskakyrkan.se\/vandravagen\/2015\/10\/16\/6-lankar-och-ett-gudsbevis\/"},"author":{"name":"Tomas Jarvid","@id":"https:\/\/blogg.svenskakyrkan.se\/vandravagen\/#\/schema\/person\/25da02d4f76b137d04291711e2c9fc16"},"headline":"6 l\u00e4nkar och ett gudsbevis","datePublished":"2015-10-16T05:00:58+00:00","mainEntityOfPage":{"@id":"https:\/\/blogg.svenskakyrkan.se\/vandravagen\/2015\/10\/16\/6-lankar-och-ett-gudsbevis\/"},"wordCount":392,"commentCount":11,"publisher":{"@id":"https:\/\/blogg.svenskakyrkan.se\/vandravagen\/#organization"},"image":{"@id":"https:\/\/blogg.svenskakyrkan.se\/vandravagen\/2015\/10\/16\/6-lankar-och-ett-gudsbevis\/#primaryimage"},"thumbnailUrl":"http:\/\/blogg.svenskakyrkan.se\/vandravagen\/files\/2015\/10\/IMG_6929.jpg","articleSection":["Dagens Kyrka","l\u00e4nkar"],"inLanguage":"sv-SE","potentialAction":[{"@type":"CommentAction","name":"Comment","target":["https:\/\/blogg.svenskakyrkan.se\/vandravagen\/2015\/10\/16\/6-lankar-och-ett-gudsbevis\/#respond"]}]},{"@type":"WebPage","@id":"https:\/\/blogg.svenskakyrkan.se\/vandravagen\/2015\/10\/16\/6-lankar-och-ett-gudsbevis\/","url":"https:\/\/blogg.svenskakyrkan.se\/vandravagen\/2015\/10\/16\/6-lankar-och-ett-gudsbevis\/","name":"6 l\u00e4nkar och ett gudsbevis - Vandra V\u00e4gen","isPartOf":{"@id":"https:\/\/blogg.svenskakyrkan.se\/vandravagen\/#website"},"primaryImageOfPage":{"@id":"https:\/\/blogg.svenskakyrkan.se\/vandravagen\/2015\/10\/16\/6-lankar-och-ett-gudsbevis\/#primaryimage"},"image":{"@id":"https:\/\/blogg.svenskakyrkan.se\/vandravagen\/2015\/10\/16\/6-lankar-och-ett-gudsbevis\/#primaryimage"},"thumbnailUrl":"http:\/\/blogg.svenskakyrkan.se\/vandravagen\/files\/2015\/10\/IMG_6929.jpg","datePublished":"2015-10-16T05:00:58+00:00","breadcrumb":{"@id":"https:\/\/blogg.svenskakyrkan.se\/vandravagen\/2015\/10\/16\/6-lankar-och-ett-gudsbevis\/#breadcrumb"},"inLanguage":"sv-SE","potentialAction":[{"@type":"ReadAction","target":["https:\/\/blogg.svenskakyrkan.se\/vandravagen\/2015\/10\/16\/6-lankar-och-ett-gudsbevis\/"]}]},{"@type":"ImageObject","inLanguage":"sv-SE","@id":"https:\/\/blogg.svenskakyrkan.se\/vandravagen\/2015\/10\/16\/6-lankar-och-ett-gudsbevis\/#primaryimage","url":"http:\/\/blogg.svenskakyrkan.se\/vandravagen\/files\/2015\/10\/IMG_6929.jpg","contentUrl":"http:\/\/blogg.svenskakyrkan.se\/vandravagen\/files\/2015\/10\/IMG_6929.jpg"},{"@type":"BreadcrumbList","@id":"https:\/\/blogg.svenskakyrkan.se\/vandravagen\/2015\/10\/16\/6-lankar-och-ett-gudsbevis\/#breadcrumb","itemListElement":[{"@type":"ListItem","position":1,"name":"Hem","item":"https:\/\/blogg.svenskakyrkan.se\/vandravagen\/"},{"@type":"ListItem","position":2,"name":"6 l\u00e4nkar och ett gudsbevis"}]},{"@type":"WebSite","@id":"https:\/\/blogg.svenskakyrkan.se\/vandravagen\/#website","url":"https:\/\/blogg.svenskakyrkan.se\/vandravagen\/","name":"Vandra V\u00e4gen","description":"-Mot en tro f\u00f6r hela livet","publisher":{"@id":"https:\/\/blogg.svenskakyrkan.se\/vandravagen\/#organization"},"potentialAction":[{"@type":"SearchAction","target":{"@type":"EntryPoint","urlTemplate":"https:\/\/blogg.svenskakyrkan.se\/vandravagen\/?s={search_term_string}"},"query-input":{"@type":"PropertyValueSpecification","valueRequired":true,"valueName":"search_term_string"}}],"inLanguage":"sv-SE"},{"@type":"Organization","@id":"https:\/\/blogg.svenskakyrkan.se\/vandravagen\/#organization","name":"ulricehamns pastorat","alternateName":"ulricehamns pastorat","url":"https:\/\/blogg.svenskakyrkan.se\/vandravagen\/","logo":{"@type":"ImageObject","inLanguage":"sv-SE","@id":"https:\/\/blogg.svenskakyrkan.se\/vandravagen\/#\/schema\/logo\/image\/","url":"https:\/\/blogg.svenskakyrkan.se\/vandravagen\/files\/2023\/05\/Ulr_logo_RGB.png","contentUrl":"https:\/\/blogg.svenskakyrkan.se\/vandravagen\/files\/2023\/05\/Ulr_logo_RGB.png","width":205,"height":77,"caption":"ulricehamns pastorat"},"image":{"@id":"https:\/\/blogg.svenskakyrkan.se\/vandravagen\/#\/schema\/logo\/image\/"},"sameAs":["http:\/\/facebook.com\/vandravagen","https:\/\/x.com\/fadertomas","http:\/\/www.facebook.com\/svenskakyrkaniulricehamn"]},{"@type":"Person","@id":"https:\/\/blogg.svenskakyrkan.se\/vandravagen\/#\/schema\/person\/25da02d4f76b137d04291711e2c9fc16","name":"Tomas Jarvid","image":{"@type":"ImageObject","inLanguage":"sv-SE","@id":"https:\/\/blogg.svenskakyrkan.se\/vandravagen\/#\/schema\/person\/image\/","url":"https:\/\/secure.gravatar.com\/avatar\/7fa71899795e8f540f615a1f5ab25255dc27aa40f05ee7ddd21aac521e01bf50?s=96&d=identicon&r=g","contentUrl":"https:\/\/secure.gravatar.com\/avatar\/7fa71899795e8f540f615a1f5ab25255dc27aa40f05ee7ddd21aac521e01bf50?s=96&d=identicon&r=g","caption":"Tomas Jarvid"},"description":"Jag bor i Ulricehamn i V\u00e4sterg\u00f6tland och \u00e4r f\u00f6rsamlingspr\u00e4st i Svenska Kyrkan f\u00f6r Dalstorps f\u00f6rsamling i Kinds pastorat. P\u00e5 den h\u00e4r bloggen skriver jag ner tankar om vandringen som kristen.","sameAs":["http:\/\/www.vandravagen.se"],"url":"https:\/\/blogg.svenskakyrkan.se\/vandravagen\/author\/vandravagen\/"}]}},"author_meta":{"ID":"392","user_nicename":"vandravagen","user_url":"http:\/\/www.vandravagen.se","user_registered":"2014-05-19 05:44:52","display_name":"Tomas Jarvid","first_name":"Tomas","last_name":"Jarvid","avatar":"https:\/\/secure.gravatar.com\/avatar\/7fa71899795e8f540f615a1f5ab25255dc27aa40f05ee7ddd21aac521e01bf50?s=96&d=identicon&r=g"},"featured_image":false,"bloginfo":{"name":"Vandra V\u00e4gen","url":"https:\/\/blogg.svenskakyrkan.se\/vandravagen"},"_links":{"self":[{"href":"https:\/\/blogg.svenskakyrkan.se\/vandravagen\/wp-json\/wp\/v2\/posts\/3762","targetHints":{"allow":["GET"]}}],"collection":[{"href":"https:\/\/blogg.svenskakyrkan.se\/vandravagen\/wp-json\/wp\/v2\/posts"}],"about":[{"href":"https:\/\/blogg.svenskakyrkan.se\/vandravagen\/wp-json\/wp\/v2\/types\/post"}],"author":[{"embeddable":true,"href":"https:\/\/blogg.svenskakyrkan.se\/vandravagen\/wp-json\/wp\/v2\/users\/392"}],"replies":[{"embeddable":true,"href":"https:\/\/blogg.svenskakyrkan.se\/vandravagen\/wp-json\/wp\/v2\/comments?post=3762"}],"version-history":[{"count":2,"href":"https:\/\/blogg.svenskakyrkan.se\/vandravagen\/wp-json\/wp\/v2\/posts\/3762\/revisions"}],"predecessor-version":[{"id":3765,"href":"https:\/\/blogg.svenskakyrkan.se\/vandravagen\/wp-json\/wp\/v2\/posts\/3762\/revisions\/3765"}],"wp:attachment":[{"href":"https:\/\/blogg.svenskakyrkan.se\/vandravagen\/wp-json\/wp\/v2\/media?parent=3762"}],"wp:term":[{"taxonomy":"category","embeddable":true,"href":"https:\/\/blogg.svenskakyrkan.se\/vandravagen\/wp-json\/wp\/v2\/categories?post=3762"},{"taxonomy":"post_tag","embeddable":true,"href":"https:\/\/blogg.svenskakyrkan.se\/vandravagen\/wp-json\/wp\/v2\/tags?post=3762"}],"curies":[{"name":"wp","href":"https:\/\/api.w.org\/{rel}","templated":true}]}}