{"id":3768,"date":"2015-10-18T07:00:12","date_gmt":"2015-10-18T05:00:12","guid":{"rendered":"http:\/\/blogg.svenskakyrkan.se\/vandravagen\/?p=3768"},"modified":"2015-10-17T19:14:19","modified_gmt":"2015-10-17T17:14:19","slug":"9-blandade-tankar-pa-sondagen-33","status":"publish","type":"post","link":"https:\/\/blogg.svenskakyrkan.se\/vandravagen\/2015\/10\/18\/9-blandade-tankar-pa-sondagen-33\/","title":{"rendered":"9 blandade tankar p\u00e5 s\u00f6ndagen"},"content":{"rendered":"<div id=\"attachment_3769\" style=\"width: 594px\" class=\"wp-caption aligncenter\"><a href=\"http:\/\/blogg.svenskakyrkan.se\/vandravagen\/files\/2015\/10\/IMG_6952.jpg\"><img loading=\"lazy\" decoding=\"async\" aria-describedby=\"caption-attachment-3769\" class=\"size-large wp-image-3769\" src=\"http:\/\/blogg.svenskakyrkan.se\/vandravagen\/files\/2015\/10\/IMG_6952-1024x1108.jpg\" alt=\"Liv tillsammans. Fr\u00e5n en m\u00e5lning p\u00e5 ett tv\u00e4tteri i det gamla Pompeji.\" width=\"584\" height=\"632\" srcset=\"https:\/\/blogg.svenskakyrkan.se\/vandravagen\/files\/2015\/10\/IMG_6952.jpg 1024w, https:\/\/blogg.svenskakyrkan.se\/vandravagen\/files\/2015\/10\/IMG_6952-300x325.jpg 300w, https:\/\/blogg.svenskakyrkan.se\/vandravagen\/files\/2015\/10\/IMG_6952-277x300.jpg 277w\" sizes=\"auto, (max-width: 584px) 100vw, 584px\" \/><\/a><p id=\"caption-attachment-3769\" class=\"wp-caption-text\">Liv tillsammans. Fr\u00e5n en m\u00e5lning p\u00e5 ett tv\u00e4tteri i det gamla Pompeji.<\/p><\/div>\n<p>H\u00f6stl\u00f6ven forts\u00e4tter lysa upp v\u00e5ra liv nu n\u00e4r vi kommit halvv\u00e4gs in i oktober. Idag \u00e4r det enligt kyrkans almanacka den 20e s\u00f6ndagen efter trefaldighet och dagens tema \u00e4r &#8221;att leva tillsammans&#8221;. Ett \u00e4mne som \u00e4r b\u00e5de l\u00e4tt och sv\u00e5rt beroende p\u00e5 hur man ser p\u00e5 det.<\/p>\n<p>Det \u00e4r l\u00e4tt att ha en massa fina tankar om att samsas och leva gott tillsammans med andra men praktiken \u00e4r som vanligt betydligt knepigare.<\/p>\n<p>Jag ska idag leda h\u00f6gm\u00e4ssa i Grims\u00e5s kyrka klockan 9 (jo vi k\u00f6r med den tiden h\u00e4r) och sedan ska jag till Dalstorp och leda en familjegudstj\u00e4nst d\u00e4r. Kom dit s\u00e5 ses vi.<\/p>\n<p>Dagens texter \u00e4r en del att bita i. Jag k\u00e4nner mig lite v\u00e4l n\u00f6jd med dagens predikan s\u00e5 risken kanske \u00e4r stor att det faller platt men jag t\u00e4nkte l\u00e4gga den h\u00e4r p\u00e5 bloggen i morgon s\u00e5 f\u00e5r du bed\u00f6ma sj\u00e4lv.<\/p>\n<p>Jag kommer i alla fall framf\u00f6rallt att tala om Rut i Ruts bok i gamla testamentet. Det kan funka b\u00e5de f\u00f6r gamla och unga p\u00e5 olika s\u00e4tt i de h\u00e4r ganska olika gudstj\u00e4nsterna. Sen kastar jag in lite n\u00e4tverksteori som kanske den trogne bloggl\u00e4saren \u00e4r bekant med sedan innan. Det \u00e4r verkligen guld att ha sina tidigare tankar ordnade och s\u00f6kbara h\u00e4r n\u00e4r man f\u00f6rbereder predikningar.<\/p>\n<p>Evangelietexten handlar om n\u00e4r Jesu mor och br\u00f6der s\u00f6ker upp honom och han svarar med &#8221;vem \u00e4r min mor och mina br\u00f6der? Den som g\u00f6r min himmelske Faders vilja!&#8221; det blev nog d\u00e5lig st\u00e4mning p\u00e5 familjemiddagarna ett tag kan man tro. En text med mycket s\u00e4lta som jag f\u00e5r ta mig an h\u00e4r p\u00e5 bloggen en annan g\u00e5ng.<\/p>\n<p>Ig\u00e5r bar jag in utem\u00f6blerna i garaget. Jag vet inte alls vad det inneb\u00e4r f\u00f6r om du ska st\u00e4lla om klockan p\u00e5 n\u00e5got s\u00e4tt. Det f\u00e5r du h\u00e5lla ordning p\u00e5 sj\u00e4lv.<\/p>\n<p>Jag missade f\u00f6r \u00f6vrigt ett v\u00e4ldigt speciellt tillf\u00e4lle att &#8221;vandra v\u00e4gen&#8221; ig\u00e5r. D\u00e5 invigdes den nya motorv\u00e4gsstr\u00e4ckan fr\u00e5n Ulricehamn mot Bor\u00e5s och under n\u00e5gra timmar kunde man g\u00e5, springa eller cykla p\u00e5 den mot en g\u00e5va till v\u00e4lg\u00f6rande \u00e4ndam\u00e5l. Det hade s\u00e4kert kunnat inspirerar n\u00e5gon insikt om vandringar i inre landskap ocks\u00e5 men nu blev det inte av. Jag k\u00e4nner mig inte heller som typen som firar stora v\u00e4gbyggen \u00e4ven om jag \u00e4r glad att ha en s\u00e4ker v\u00e4g nu n\u00e4r den \u00e4r p\u00e5 plats.<\/p>\n<p>En annan pilgrim och pr\u00e4stkollega har f\u00f6r \u00f6vrigt sagt att han tycker det \u00e4r vandring p\u00e5 enformiga breda landsv\u00e4gar som ger b\u00e4st m\u00f6jlighet att v\u00e4nda blicken in\u00e5t och bearbeta sina tankar. I sk\u00f6n natur finns det s\u00e5 mycket yttre att titta p\u00e5. Ligger nog mycket i det.<\/p>\n<p>Vad g\u00f6r du idag? Skriv en kommentar!<\/p>\n","protected":false},"excerpt":{"rendered":"<p>H\u00f6stl\u00f6ven forts\u00e4tter lysa upp v\u00e5ra liv nu n\u00e4r vi kommit halvv\u00e4gs in i oktober. Idag \u00e4r det enligt kyrkans almanacka den 20e s\u00f6ndagen efter trefaldighet och dagens tema \u00e4r &#8221;att leva tillsammans&#8221;. Ett \u00e4mne som \u00e4r b\u00e5de l\u00e4tt och sv\u00e5rt beroende p\u00e5 hur man ser p\u00e5 det. Det \u00e4r l\u00e4tt att ha en massa fina [&hellip;]<\/p>\n","protected":false},"author":392,"featured_media":0,"comment_status":"open","ping_status":"open","sticky":false,"template":"","format":"standard","meta":{"_acf_changed":false,"footnotes":""},"categories":[76766,76189],"tags":[],"class_list":["post-3768","post","type-post","status-publish","format-standard","hentry","category-blandat","category-dagens-kyrka"],"acf":[],"yoast_head":"<!-- This site is optimized with the Yoast SEO plugin v27.1.1 - https:\/\/yoast.com\/product\/yoast-seo-wordpress\/ -->\n<title>9 blandade tankar p\u00e5 s\u00f6ndagen - Vandra V\u00e4gen<\/title>\n<meta name=\"robots\" content=\"index, follow, max-snippet:-1, max-image-preview:large, max-video-preview:-1\" \/>\n<link rel=\"canonical\" href=\"https:\/\/blogg.svenskakyrkan.se\/vandravagen\/2015\/10\/18\/9-blandade-tankar-pa-sondagen-33\/\" \/>\n<meta property=\"og:locale\" content=\"sv_SE\" \/>\n<meta property=\"og:type\" content=\"article\" \/>\n<meta property=\"og:title\" content=\"9 blandade tankar p\u00e5 s\u00f6ndagen - Vandra V\u00e4gen\" \/>\n<meta property=\"og:description\" content=\"H\u00f6stl\u00f6ven forts\u00e4tter lysa upp v\u00e5ra liv nu n\u00e4r vi kommit halvv\u00e4gs in i oktober. Idag \u00e4r det enligt kyrkans almanacka den 20e s\u00f6ndagen efter trefaldighet och dagens tema \u00e4r &#8221;att leva tillsammans&#8221;. Ett \u00e4mne som \u00e4r b\u00e5de l\u00e4tt och sv\u00e5rt beroende p\u00e5 hur man ser p\u00e5 det. Det \u00e4r l\u00e4tt att ha en massa fina [&hellip;]\" \/>\n<meta property=\"og:url\" content=\"https:\/\/blogg.svenskakyrkan.se\/vandravagen\/2015\/10\/18\/9-blandade-tankar-pa-sondagen-33\/\" \/>\n<meta property=\"og:site_name\" content=\"Vandra V\u00e4gen\" \/>\n<meta property=\"article:publisher\" content=\"http:\/\/facebook.com\/vandravagen\" \/>\n<meta property=\"article:published_time\" content=\"2015-10-18T05:00:12+00:00\" \/>\n<meta property=\"og:image\" content=\"http:\/\/blogg.svenskakyrkan.se\/vandravagen\/files\/2015\/10\/IMG_6952-1024x1108.jpg\" \/>\n<meta name=\"author\" content=\"Tomas Jarvid\" \/>\n<meta name=\"twitter:card\" content=\"summary_large_image\" \/>\n<meta name=\"twitter:creator\" content=\"@fadertomas\" \/>\n<meta name=\"twitter:site\" content=\"@fadertomas\" \/>\n<meta name=\"twitter:label1\" content=\"Skriven av\" \/>\n\t<meta name=\"twitter:data1\" content=\"Tomas Jarvid\" \/>\n\t<meta name=\"twitter:label2\" content=\"Ber\u00e4knad l\u00e4stid\" \/>\n\t<meta name=\"twitter:data2\" content=\"3 minuter\" \/>\n<script type=\"application\/ld+json\" class=\"yoast-schema-graph\">{\"@context\":\"https:\/\/schema.org\",\"@graph\":[{\"@type\":\"Article\",\"@id\":\"https:\/\/blogg.svenskakyrkan.se\/vandravagen\/2015\/10\/18\/9-blandade-tankar-pa-sondagen-33\/#article\",\"isPartOf\":{\"@id\":\"https:\/\/blogg.svenskakyrkan.se\/vandravagen\/2015\/10\/18\/9-blandade-tankar-pa-sondagen-33\/\"},\"author\":{\"name\":\"Tomas Jarvid\",\"@id\":\"https:\/\/blogg.svenskakyrkan.se\/vandravagen\/#\/schema\/person\/25da02d4f76b137d04291711e2c9fc16\"},\"headline\":\"9 blandade tankar p\u00e5 s\u00f6ndagen\",\"datePublished\":\"2015-10-18T05:00:12+00:00\",\"mainEntityOfPage\":{\"@id\":\"https:\/\/blogg.svenskakyrkan.se\/vandravagen\/2015\/10\/18\/9-blandade-tankar-pa-sondagen-33\/\"},\"wordCount\":556,\"commentCount\":0,\"publisher\":{\"@id\":\"https:\/\/blogg.svenskakyrkan.se\/vandravagen\/#organization\"},\"image\":{\"@id\":\"https:\/\/blogg.svenskakyrkan.se\/vandravagen\/2015\/10\/18\/9-blandade-tankar-pa-sondagen-33\/#primaryimage\"},\"thumbnailUrl\":\"http:\/\/blogg.svenskakyrkan.se\/vandravagen\/files\/2015\/10\/IMG_6952-1024x1108.jpg\",\"articleSection\":[\"blandat\",\"Dagens Kyrka\"],\"inLanguage\":\"sv-SE\",\"potentialAction\":[{\"@type\":\"CommentAction\",\"name\":\"Comment\",\"target\":[\"https:\/\/blogg.svenskakyrkan.se\/vandravagen\/2015\/10\/18\/9-blandade-tankar-pa-sondagen-33\/#respond\"]}]},{\"@type\":\"WebPage\",\"@id\":\"https:\/\/blogg.svenskakyrkan.se\/vandravagen\/2015\/10\/18\/9-blandade-tankar-pa-sondagen-33\/\",\"url\":\"https:\/\/blogg.svenskakyrkan.se\/vandravagen\/2015\/10\/18\/9-blandade-tankar-pa-sondagen-33\/\",\"name\":\"9 blandade tankar p\u00e5 s\u00f6ndagen - Vandra V\u00e4gen\",\"isPartOf\":{\"@id\":\"https:\/\/blogg.svenskakyrkan.se\/vandravagen\/#website\"},\"primaryImageOfPage\":{\"@id\":\"https:\/\/blogg.svenskakyrkan.se\/vandravagen\/2015\/10\/18\/9-blandade-tankar-pa-sondagen-33\/#primaryimage\"},\"image\":{\"@id\":\"https:\/\/blogg.svenskakyrkan.se\/vandravagen\/2015\/10\/18\/9-blandade-tankar-pa-sondagen-33\/#primaryimage\"},\"thumbnailUrl\":\"http:\/\/blogg.svenskakyrkan.se\/vandravagen\/files\/2015\/10\/IMG_6952-1024x1108.jpg\",\"datePublished\":\"2015-10-18T05:00:12+00:00\",\"breadcrumb\":{\"@id\":\"https:\/\/blogg.svenskakyrkan.se\/vandravagen\/2015\/10\/18\/9-blandade-tankar-pa-sondagen-33\/#breadcrumb\"},\"inLanguage\":\"sv-SE\",\"potentialAction\":[{\"@type\":\"ReadAction\",\"target\":[\"https:\/\/blogg.svenskakyrkan.se\/vandravagen\/2015\/10\/18\/9-blandade-tankar-pa-sondagen-33\/\"]}]},{\"@type\":\"ImageObject\",\"inLanguage\":\"sv-SE\",\"@id\":\"https:\/\/blogg.svenskakyrkan.se\/vandravagen\/2015\/10\/18\/9-blandade-tankar-pa-sondagen-33\/#primaryimage\",\"url\":\"http:\/\/blogg.svenskakyrkan.se\/vandravagen\/files\/2015\/10\/IMG_6952-1024x1108.jpg\",\"contentUrl\":\"http:\/\/blogg.svenskakyrkan.se\/vandravagen\/files\/2015\/10\/IMG_6952-1024x1108.jpg\"},{\"@type\":\"BreadcrumbList\",\"@id\":\"https:\/\/blogg.svenskakyrkan.se\/vandravagen\/2015\/10\/18\/9-blandade-tankar-pa-sondagen-33\/#breadcrumb\",\"itemListElement\":[{\"@type\":\"ListItem\",\"position\":1,\"name\":\"Hem\",\"item\":\"https:\/\/blogg.svenskakyrkan.se\/vandravagen\/\"},{\"@type\":\"ListItem\",\"position\":2,\"name\":\"9 blandade tankar p\u00e5 s\u00f6ndagen\"}]},{\"@type\":\"WebSite\",\"@id\":\"https:\/\/blogg.svenskakyrkan.se\/vandravagen\/#website\",\"url\":\"https:\/\/blogg.svenskakyrkan.se\/vandravagen\/\",\"name\":\"Vandra V\u00e4gen\",\"description\":\"-Mot en tro f\u00f6r hela livet\",\"publisher\":{\"@id\":\"https:\/\/blogg.svenskakyrkan.se\/vandravagen\/#organization\"},\"potentialAction\":[{\"@type\":\"SearchAction\",\"target\":{\"@type\":\"EntryPoint\",\"urlTemplate\":\"https:\/\/blogg.svenskakyrkan.se\/vandravagen\/?s={search_term_string}\"},\"query-input\":{\"@type\":\"PropertyValueSpecification\",\"valueRequired\":true,\"valueName\":\"search_term_string\"}}],\"inLanguage\":\"sv-SE\"},{\"@type\":\"Organization\",\"@id\":\"https:\/\/blogg.svenskakyrkan.se\/vandravagen\/#organization\",\"name\":\"ulricehamns pastorat\",\"alternateName\":\"ulricehamns pastorat\",\"url\":\"https:\/\/blogg.svenskakyrkan.se\/vandravagen\/\",\"logo\":{\"@type\":\"ImageObject\",\"inLanguage\":\"sv-SE\",\"@id\":\"https:\/\/blogg.svenskakyrkan.se\/vandravagen\/#\/schema\/logo\/image\/\",\"url\":\"https:\/\/blogg.svenskakyrkan.se\/vandravagen\/files\/2023\/05\/Ulr_logo_RGB.png\",\"contentUrl\":\"https:\/\/blogg.svenskakyrkan.se\/vandravagen\/files\/2023\/05\/Ulr_logo_RGB.png\",\"width\":205,\"height\":77,\"caption\":\"ulricehamns pastorat\"},\"image\":{\"@id\":\"https:\/\/blogg.svenskakyrkan.se\/vandravagen\/#\/schema\/logo\/image\/\"},\"sameAs\":[\"http:\/\/facebook.com\/vandravagen\",\"https:\/\/x.com\/fadertomas\",\"http:\/\/www.facebook.com\/svenskakyrkaniulricehamn\"]},{\"@type\":\"Person\",\"@id\":\"https:\/\/blogg.svenskakyrkan.se\/vandravagen\/#\/schema\/person\/25da02d4f76b137d04291711e2c9fc16\",\"name\":\"Tomas Jarvid\",\"image\":{\"@type\":\"ImageObject\",\"inLanguage\":\"sv-SE\",\"@id\":\"https:\/\/blogg.svenskakyrkan.se\/vandravagen\/#\/schema\/person\/image\/\",\"url\":\"https:\/\/secure.gravatar.com\/avatar\/7fa71899795e8f540f615a1f5ab25255dc27aa40f05ee7ddd21aac521e01bf50?s=96&d=identicon&r=g\",\"contentUrl\":\"https:\/\/secure.gravatar.com\/avatar\/7fa71899795e8f540f615a1f5ab25255dc27aa40f05ee7ddd21aac521e01bf50?s=96&d=identicon&r=g\",\"caption\":\"Tomas Jarvid\"},\"description\":\"Jag bor i Ulricehamn i V\u00e4sterg\u00f6tland och \u00e4r f\u00f6rsamlingspr\u00e4st i Svenska Kyrkan f\u00f6r Dalstorps f\u00f6rsamling i Kinds pastorat. P\u00e5 den h\u00e4r bloggen skriver jag ner tankar om vandringen som kristen.\",\"sameAs\":[\"http:\/\/www.vandravagen.se\"],\"url\":\"https:\/\/blogg.svenskakyrkan.se\/vandravagen\/author\/vandravagen\/\"}]}<\/script>\n<!-- \/ Yoast SEO plugin. -->","yoast_head_json":{"title":"9 blandade tankar p\u00e5 s\u00f6ndagen - Vandra V\u00e4gen","robots":{"index":"index","follow":"follow","max-snippet":"max-snippet:-1","max-image-preview":"max-image-preview:large","max-video-preview":"max-video-preview:-1"},"canonical":"https:\/\/blogg.svenskakyrkan.se\/vandravagen\/2015\/10\/18\/9-blandade-tankar-pa-sondagen-33\/","og_locale":"sv_SE","og_type":"article","og_title":"9 blandade tankar p\u00e5 s\u00f6ndagen - Vandra V\u00e4gen","og_description":"H\u00f6stl\u00f6ven forts\u00e4tter lysa upp v\u00e5ra liv nu n\u00e4r vi kommit halvv\u00e4gs in i oktober. Idag \u00e4r det enligt kyrkans almanacka den 20e s\u00f6ndagen efter trefaldighet och dagens tema \u00e4r &#8221;att leva tillsammans&#8221;. Ett \u00e4mne som \u00e4r b\u00e5de l\u00e4tt och sv\u00e5rt beroende p\u00e5 hur man ser p\u00e5 det. Det \u00e4r l\u00e4tt att ha en massa fina [&hellip;]","og_url":"https:\/\/blogg.svenskakyrkan.se\/vandravagen\/2015\/10\/18\/9-blandade-tankar-pa-sondagen-33\/","og_site_name":"Vandra V\u00e4gen","article_publisher":"http:\/\/facebook.com\/vandravagen","article_published_time":"2015-10-18T05:00:12+00:00","og_image":[{"url":"http:\/\/blogg.svenskakyrkan.se\/vandravagen\/files\/2015\/10\/IMG_6952-1024x1108.jpg","type":"","width":"","height":""}],"author":"Tomas Jarvid","twitter_card":"summary_large_image","twitter_creator":"@fadertomas","twitter_site":"@fadertomas","twitter_misc":{"Skriven av":"Tomas Jarvid","Ber\u00e4knad l\u00e4stid":"3 minuter"},"schema":{"@context":"https:\/\/schema.org","@graph":[{"@type":"Article","@id":"https:\/\/blogg.svenskakyrkan.se\/vandravagen\/2015\/10\/18\/9-blandade-tankar-pa-sondagen-33\/#article","isPartOf":{"@id":"https:\/\/blogg.svenskakyrkan.se\/vandravagen\/2015\/10\/18\/9-blandade-tankar-pa-sondagen-33\/"},"author":{"name":"Tomas Jarvid","@id":"https:\/\/blogg.svenskakyrkan.se\/vandravagen\/#\/schema\/person\/25da02d4f76b137d04291711e2c9fc16"},"headline":"9 blandade tankar p\u00e5 s\u00f6ndagen","datePublished":"2015-10-18T05:00:12+00:00","mainEntityOfPage":{"@id":"https:\/\/blogg.svenskakyrkan.se\/vandravagen\/2015\/10\/18\/9-blandade-tankar-pa-sondagen-33\/"},"wordCount":556,"commentCount":0,"publisher":{"@id":"https:\/\/blogg.svenskakyrkan.se\/vandravagen\/#organization"},"image":{"@id":"https:\/\/blogg.svenskakyrkan.se\/vandravagen\/2015\/10\/18\/9-blandade-tankar-pa-sondagen-33\/#primaryimage"},"thumbnailUrl":"http:\/\/blogg.svenskakyrkan.se\/vandravagen\/files\/2015\/10\/IMG_6952-1024x1108.jpg","articleSection":["blandat","Dagens Kyrka"],"inLanguage":"sv-SE","potentialAction":[{"@type":"CommentAction","name":"Comment","target":["https:\/\/blogg.svenskakyrkan.se\/vandravagen\/2015\/10\/18\/9-blandade-tankar-pa-sondagen-33\/#respond"]}]},{"@type":"WebPage","@id":"https:\/\/blogg.svenskakyrkan.se\/vandravagen\/2015\/10\/18\/9-blandade-tankar-pa-sondagen-33\/","url":"https:\/\/blogg.svenskakyrkan.se\/vandravagen\/2015\/10\/18\/9-blandade-tankar-pa-sondagen-33\/","name":"9 blandade tankar p\u00e5 s\u00f6ndagen - Vandra V\u00e4gen","isPartOf":{"@id":"https:\/\/blogg.svenskakyrkan.se\/vandravagen\/#website"},"primaryImageOfPage":{"@id":"https:\/\/blogg.svenskakyrkan.se\/vandravagen\/2015\/10\/18\/9-blandade-tankar-pa-sondagen-33\/#primaryimage"},"image":{"@id":"https:\/\/blogg.svenskakyrkan.se\/vandravagen\/2015\/10\/18\/9-blandade-tankar-pa-sondagen-33\/#primaryimage"},"thumbnailUrl":"http:\/\/blogg.svenskakyrkan.se\/vandravagen\/files\/2015\/10\/IMG_6952-1024x1108.jpg","datePublished":"2015-10-18T05:00:12+00:00","breadcrumb":{"@id":"https:\/\/blogg.svenskakyrkan.se\/vandravagen\/2015\/10\/18\/9-blandade-tankar-pa-sondagen-33\/#breadcrumb"},"inLanguage":"sv-SE","potentialAction":[{"@type":"ReadAction","target":["https:\/\/blogg.svenskakyrkan.se\/vandravagen\/2015\/10\/18\/9-blandade-tankar-pa-sondagen-33\/"]}]},{"@type":"ImageObject","inLanguage":"sv-SE","@id":"https:\/\/blogg.svenskakyrkan.se\/vandravagen\/2015\/10\/18\/9-blandade-tankar-pa-sondagen-33\/#primaryimage","url":"http:\/\/blogg.svenskakyrkan.se\/vandravagen\/files\/2015\/10\/IMG_6952-1024x1108.jpg","contentUrl":"http:\/\/blogg.svenskakyrkan.se\/vandravagen\/files\/2015\/10\/IMG_6952-1024x1108.jpg"},{"@type":"BreadcrumbList","@id":"https:\/\/blogg.svenskakyrkan.se\/vandravagen\/2015\/10\/18\/9-blandade-tankar-pa-sondagen-33\/#breadcrumb","itemListElement":[{"@type":"ListItem","position":1,"name":"Hem","item":"https:\/\/blogg.svenskakyrkan.se\/vandravagen\/"},{"@type":"ListItem","position":2,"name":"9 blandade tankar p\u00e5 s\u00f6ndagen"}]},{"@type":"WebSite","@id":"https:\/\/blogg.svenskakyrkan.se\/vandravagen\/#website","url":"https:\/\/blogg.svenskakyrkan.se\/vandravagen\/","name":"Vandra V\u00e4gen","description":"-Mot en tro f\u00f6r hela livet","publisher":{"@id":"https:\/\/blogg.svenskakyrkan.se\/vandravagen\/#organization"},"potentialAction":[{"@type":"SearchAction","target":{"@type":"EntryPoint","urlTemplate":"https:\/\/blogg.svenskakyrkan.se\/vandravagen\/?s={search_term_string}"},"query-input":{"@type":"PropertyValueSpecification","valueRequired":true,"valueName":"search_term_string"}}],"inLanguage":"sv-SE"},{"@type":"Organization","@id":"https:\/\/blogg.svenskakyrkan.se\/vandravagen\/#organization","name":"ulricehamns pastorat","alternateName":"ulricehamns pastorat","url":"https:\/\/blogg.svenskakyrkan.se\/vandravagen\/","logo":{"@type":"ImageObject","inLanguage":"sv-SE","@id":"https:\/\/blogg.svenskakyrkan.se\/vandravagen\/#\/schema\/logo\/image\/","url":"https:\/\/blogg.svenskakyrkan.se\/vandravagen\/files\/2023\/05\/Ulr_logo_RGB.png","contentUrl":"https:\/\/blogg.svenskakyrkan.se\/vandravagen\/files\/2023\/05\/Ulr_logo_RGB.png","width":205,"height":77,"caption":"ulricehamns pastorat"},"image":{"@id":"https:\/\/blogg.svenskakyrkan.se\/vandravagen\/#\/schema\/logo\/image\/"},"sameAs":["http:\/\/facebook.com\/vandravagen","https:\/\/x.com\/fadertomas","http:\/\/www.facebook.com\/svenskakyrkaniulricehamn"]},{"@type":"Person","@id":"https:\/\/blogg.svenskakyrkan.se\/vandravagen\/#\/schema\/person\/25da02d4f76b137d04291711e2c9fc16","name":"Tomas Jarvid","image":{"@type":"ImageObject","inLanguage":"sv-SE","@id":"https:\/\/blogg.svenskakyrkan.se\/vandravagen\/#\/schema\/person\/image\/","url":"https:\/\/secure.gravatar.com\/avatar\/7fa71899795e8f540f615a1f5ab25255dc27aa40f05ee7ddd21aac521e01bf50?s=96&d=identicon&r=g","contentUrl":"https:\/\/secure.gravatar.com\/avatar\/7fa71899795e8f540f615a1f5ab25255dc27aa40f05ee7ddd21aac521e01bf50?s=96&d=identicon&r=g","caption":"Tomas Jarvid"},"description":"Jag bor i Ulricehamn i V\u00e4sterg\u00f6tland och \u00e4r f\u00f6rsamlingspr\u00e4st i Svenska Kyrkan f\u00f6r Dalstorps f\u00f6rsamling i Kinds pastorat. P\u00e5 den h\u00e4r bloggen skriver jag ner tankar om vandringen som kristen.","sameAs":["http:\/\/www.vandravagen.se"],"url":"https:\/\/blogg.svenskakyrkan.se\/vandravagen\/author\/vandravagen\/"}]}},"author_meta":{"ID":"392","user_nicename":"vandravagen","user_url":"http:\/\/www.vandravagen.se","user_registered":"2014-05-19 05:44:52","display_name":"Tomas Jarvid","first_name":"Tomas","last_name":"Jarvid","avatar":"https:\/\/secure.gravatar.com\/avatar\/7fa71899795e8f540f615a1f5ab25255dc27aa40f05ee7ddd21aac521e01bf50?s=96&d=identicon&r=g"},"featured_image":false,"bloginfo":{"name":"Vandra V\u00e4gen","url":"https:\/\/blogg.svenskakyrkan.se\/vandravagen"},"_links":{"self":[{"href":"https:\/\/blogg.svenskakyrkan.se\/vandravagen\/wp-json\/wp\/v2\/posts\/3768","targetHints":{"allow":["GET"]}}],"collection":[{"href":"https:\/\/blogg.svenskakyrkan.se\/vandravagen\/wp-json\/wp\/v2\/posts"}],"about":[{"href":"https:\/\/blogg.svenskakyrkan.se\/vandravagen\/wp-json\/wp\/v2\/types\/post"}],"author":[{"embeddable":true,"href":"https:\/\/blogg.svenskakyrkan.se\/vandravagen\/wp-json\/wp\/v2\/users\/392"}],"replies":[{"embeddable":true,"href":"https:\/\/blogg.svenskakyrkan.se\/vandravagen\/wp-json\/wp\/v2\/comments?post=3768"}],"version-history":[{"count":1,"href":"https:\/\/blogg.svenskakyrkan.se\/vandravagen\/wp-json\/wp\/v2\/posts\/3768\/revisions"}],"predecessor-version":[{"id":3770,"href":"https:\/\/blogg.svenskakyrkan.se\/vandravagen\/wp-json\/wp\/v2\/posts\/3768\/revisions\/3770"}],"wp:attachment":[{"href":"https:\/\/blogg.svenskakyrkan.se\/vandravagen\/wp-json\/wp\/v2\/media?parent=3768"}],"wp:term":[{"taxonomy":"category","embeddable":true,"href":"https:\/\/blogg.svenskakyrkan.se\/vandravagen\/wp-json\/wp\/v2\/categories?post=3768"},{"taxonomy":"post_tag","embeddable":true,"href":"https:\/\/blogg.svenskakyrkan.se\/vandravagen\/wp-json\/wp\/v2\/tags?post=3768"}],"curies":[{"name":"wp","href":"https:\/\/api.w.org\/{rel}","templated":true}]}}