{"id":3771,"date":"2015-10-20T07:00:01","date_gmt":"2015-10-20T05:00:01","guid":{"rendered":"http:\/\/blogg.svenskakyrkan.se\/vandravagen\/?p=3771"},"modified":"2015-10-19T22:21:22","modified_gmt":"2015-10-19T20:21:22","slug":"hur-gud-handlar-i-varlden","status":"publish","type":"post","link":"https:\/\/blogg.svenskakyrkan.se\/vandravagen\/2015\/10\/20\/hur-gud-handlar-i-varlden\/","title":{"rendered":"Hur Gud handlar i v\u00e4rlden"},"content":{"rendered":"<p>&nbsp;<\/p>\n<div id=\"attachment_3781\" style=\"width: 609px\" class=\"wp-caption aligncenter\"><a href=\"http:\/\/blogg.svenskakyrkan.se\/vandravagen\/files\/2015\/10\/IMG_2733.jpg\"><img loading=\"lazy\" decoding=\"async\" aria-describedby=\"caption-attachment-3781\" class=\"size-full wp-image-3781\" src=\"http:\/\/blogg.svenskakyrkan.se\/vandravagen\/files\/2015\/10\/IMG_2733.jpg\" alt=\"Vem p\u00e5verkar vem mest? Handlar Gud genom hur m\u00e4nniskor p\u00e5verkar varandra?\" width=\"599\" height=\"398\" srcset=\"https:\/\/blogg.svenskakyrkan.se\/vandravagen\/files\/2015\/10\/IMG_2733.jpg 599w, https:\/\/blogg.svenskakyrkan.se\/vandravagen\/files\/2015\/10\/IMG_2733-300x199.jpg 300w, https:\/\/blogg.svenskakyrkan.se\/vandravagen\/files\/2015\/10\/IMG_2733-452x300.jpg 452w\" sizes=\"auto, (max-width: 599px) 100vw, 599px\" \/><\/a><p id=\"caption-attachment-3781\" class=\"wp-caption-text\">Vem p\u00e5verkar vem mest? Handlar Gud genom hur m\u00e4nniskor p\u00e5verkar varandra?<\/p><\/div>\n<p>Det h\u00e4r g\u00e5r delvis i det jag skrev ig\u00e5r om &#8221;<a href=\"http:\/\/blogg.svenskakyrkan.se\/vandravagen\/2015\/10\/19\/vad-gor-gud-i-ruts-bok\/\">Vad g\u00f6r Gud i Ruts bok<\/a>&#8221; och de kopplingar till n\u00e4tverskvetenskap jag talade om i den predikan. H\u00e4ng med, det h\u00e4r \u00e4r en s\u00e5n d\u00e4r stund d\u00e5 tr\u00e5dar knyts ihop fr\u00e5n gamla fina bloggposter.<\/p>\n<p>I min predikan i s\u00f6ndags fick jag allts\u00e5 tillf\u00e4lle att \u00e5terv\u00e4nda till det jag skrivit om d\u00e5 jag l\u00e4ste <a href=\"http:\/\/blogg.svenskakyrkan.se\/vandravagen\/2014\/09\/25\/connected-vi-hor-ihop\/\">boken &#8221;connected&#8221;<\/a> (som jag ocks\u00e5 bloggade om under &#8221;<a href=\"http:\/\/blogg.svenskakyrkan.se\/vandravagen\/2014\/10\/06\/natverket-och-fralsningen\/\">n\u00e4tverket och fr\u00e4lsningen&#8221;<\/a>). Jag har ocks\u00e5 kommit att t\u00e4nka p\u00e5 n\u00e5got annat jag skrev om f\u00f6r ganska l\u00e4nge sedan.<\/p>\n<p>I bloggposten &#8221;<a href=\"http:\/\/blogg.svenskakyrkan.se\/vandravagen\/2015\/05\/06\/gud-talar-i-min-hjarna\/\">Gud talar i min hj\u00e4rna<\/a>&#8221; skrev jag om olika s\u00e4tt att utifr\u00e5n en naturvetenskapligt pr\u00e4glad v\u00e4rldsbild \u00e4nd\u00e5 fundera p\u00e5 vilka m\u00f6jligheter Gud har att p\u00e5verka h\u00e4ndelsef\u00f6rlopp genom s\u00e5dant som ser slumpartat ut.<\/p>\n<p>Utifr\u00e5n fysiken har jag f\u00f6rst\u00e5tt att <strong>p\u00e5 en mycket grundl\u00e4ggande partikel och str\u00e5lningsniv\u00e5 s\u00e5 ter sig materia och energi v\u00e4ldigt kaotiskt.<\/strong> Man skulle kunna t\u00e4nka sig att Gud handlar genom att g\u00f6ra v\u00e4ldigt sm\u00e5 f\u00f6rskjutningar i kaoset som i slut\u00e4nden kan f\u00e5 stora konsekvenser p\u00e5 mer synliga niv\u00e5er. Om vi t\u00e4nker oss att Gud har m\u00f6jlighet att f\u00f6rutse precis vad en s\u00e5dan liten, icke f\u00f6r oss sp\u00e5rbar, manipulation skulle f\u00e5 f\u00f6r konsekvenser s\u00e5 har Gud m\u00f6jlighet att verka \u00e4ven inom fysiken som vi k\u00e4nner den.<\/p>\n<p>Jag fick samma tanke n\u00e4r jag l\u00e4ste om hj\u00e4rnan. <strong>Hj\u00e4rnan \u00e4r ocks\u00e5 ett sv\u00e5r\u00f6verblickat virrvarr<\/strong> av signaler som skickas hit och dit. Av allt som f\u00f6rsigg\u00e5r i hj\u00e4rnan\u00a0\u00e4r det en br\u00e5kdel som n\u00e5r v\u00e5r medvetna niv\u00e5 i form av tankar eller medvetna sinnesf\u00f6rnimmelser. Elektriska signaler stoppas p\u00e5 v\u00e4gen eller f\u00f6rst\u00e4rks av andra s\u00e5 att de till slut kan n\u00e5 v\u00e5rt medvetande. I bloggposten om hur Gud kan tala till oss spekulerade jag i att det skulle kunna vara s\u00e5 att Gud med mycket sm\u00e5 f\u00f6rst\u00e4rkningar av signaler kan se till att tankar &#8221;g\u00e5r fram&#8221; till oss vid r\u00e4tt tillf\u00e4lle. \u00c5terigen \u00e4r det d\u00e5 om\u00f6jligt att se en yttre agent mitt i allt kaos i hj\u00e4rnans elcentraler.<\/p>\n<p>Slutligen d\u00e5 detta som jag skrivit om utifr\u00e5n n\u00e4tverkst\u00e4nkande. M\u00e4nskliga n\u00e4tverk kan ocks\u00e5 beskrivas som extremt komplexa system d\u00e4r vi hela tiden p\u00e5verkar varandra p\u00e5 olika s\u00e4tt. Vi smittas av gl\u00e4dje och ilska, av slarv och osj\u00e4lviskhet. Hela tiden \u00e4r m\u00e4nskligheten som ett b\u00f6ljande hav av p\u00e5verkan oss emellan. P\u00e5 samma s\u00e4tt som i mina tv\u00e5 andra punkter <strong>kan vi mycket v\u00e4l t\u00e4nka oss att Gud kan handla f\u00f6rdolt i f\u00f6rlopp i den m\u00e4nskliga historien<\/strong> genom att ytterst diskret f\u00f6rst\u00e4rka eller f\u00f6rsvaga n\u00e5got steg i den m\u00e4nskliga interaktionen. Till exempel l\u00e5ta en tanke f\u00e5 spridning snabbt i stora grupper.<\/p>\n<p>Jag vet inte riktigt hur h\u00e5llbart det h\u00e4r \u00e4r eller riktigt vilka slutsatser man ska dra om det ligger n\u00e5got i att Gud handlar i atomk\u00e4rnorna, hj\u00e4rnornas virrvarr eller i folkvimlet. Jag tycker bara det \u00e4r en v\u00e4ldigt fascinerade tanke. Och i alla fall s\u00e5 l\u00e5ngt jag kan se nu s\u00e5 rimmar den bra med kristen teologi om att Gud \u00e4r verksam och engagerad i sin skapelse och i v\u00e5r historia och talar och leder m\u00e4nniskor p\u00e5 olika s\u00e4tt.<\/p>\n<p>Vad t\u00e4nker du? Skriv en kommentar!<\/p>\n","protected":false},"excerpt":{"rendered":"<p>&nbsp; Det h\u00e4r g\u00e5r delvis i det jag skrev ig\u00e5r om &#8221;Vad g\u00f6r Gud i Ruts bok&#8221; och de kopplingar till n\u00e4tverskvetenskap jag talade om i den predikan. H\u00e4ng med, det h\u00e4r \u00e4r en s\u00e5n d\u00e4r stund d\u00e5 tr\u00e5dar knyts ihop fr\u00e5n gamla fina bloggposter. I min predikan i s\u00f6ndags fick jag allts\u00e5 tillf\u00e4lle att [&hellip;]<\/p>\n","protected":false},"author":392,"featured_media":0,"comment_status":"open","ping_status":"open","sticky":false,"template":"","format":"standard","meta":{"_acf_changed":false,"footnotes":""},"categories":[76189,81117,117],"tags":[],"class_list":["post-3771","post","type-post","status-publish","format-standard","hentry","category-dagens-kyrka","category-skapelseteologi","category-teologi"],"acf":[],"yoast_head":"<!-- This site is optimized with the Yoast SEO plugin v27.1.1 - https:\/\/yoast.com\/product\/yoast-seo-wordpress\/ -->\n<title>Hur Gud handlar i v\u00e4rlden - Vandra V\u00e4gen<\/title>\n<meta name=\"robots\" content=\"index, follow, max-snippet:-1, max-image-preview:large, max-video-preview:-1\" \/>\n<link rel=\"canonical\" href=\"https:\/\/blogg.svenskakyrkan.se\/vandravagen\/2015\/10\/20\/hur-gud-handlar-i-varlden\/\" \/>\n<meta property=\"og:locale\" content=\"sv_SE\" \/>\n<meta property=\"og:type\" content=\"article\" \/>\n<meta property=\"og:title\" content=\"Hur Gud handlar i v\u00e4rlden - Vandra V\u00e4gen\" \/>\n<meta property=\"og:description\" content=\"&nbsp; Det h\u00e4r g\u00e5r delvis i det jag skrev ig\u00e5r om &#8221;Vad g\u00f6r Gud i Ruts bok&#8221; och de kopplingar till n\u00e4tverskvetenskap jag talade om i den predikan. H\u00e4ng med, det h\u00e4r \u00e4r en s\u00e5n d\u00e4r stund d\u00e5 tr\u00e5dar knyts ihop fr\u00e5n gamla fina bloggposter. I min predikan i s\u00f6ndags fick jag allts\u00e5 tillf\u00e4lle att [&hellip;]\" \/>\n<meta property=\"og:url\" content=\"https:\/\/blogg.svenskakyrkan.se\/vandravagen\/2015\/10\/20\/hur-gud-handlar-i-varlden\/\" \/>\n<meta property=\"og:site_name\" content=\"Vandra V\u00e4gen\" \/>\n<meta property=\"article:publisher\" content=\"http:\/\/facebook.com\/vandravagen\" \/>\n<meta property=\"article:published_time\" content=\"2015-10-20T05:00:01+00:00\" \/>\n<meta property=\"og:image\" content=\"http:\/\/blogg.svenskakyrkan.se\/vandravagen\/files\/2015\/10\/IMG_2733.jpg\" \/>\n<meta name=\"author\" content=\"Tomas Jarvid\" \/>\n<meta name=\"twitter:card\" content=\"summary_large_image\" \/>\n<meta name=\"twitter:creator\" content=\"@fadertomas\" \/>\n<meta name=\"twitter:site\" content=\"@fadertomas\" \/>\n<meta name=\"twitter:label1\" content=\"Skriven av\" \/>\n\t<meta name=\"twitter:data1\" content=\"Tomas Jarvid\" \/>\n\t<meta name=\"twitter:label2\" content=\"Ber\u00e4knad l\u00e4stid\" \/>\n\t<meta name=\"twitter:data2\" content=\"3 minuter\" \/>\n<script type=\"application\/ld+json\" class=\"yoast-schema-graph\">{\"@context\":\"https:\/\/schema.org\",\"@graph\":[{\"@type\":\"Article\",\"@id\":\"https:\/\/blogg.svenskakyrkan.se\/vandravagen\/2015\/10\/20\/hur-gud-handlar-i-varlden\/#article\",\"isPartOf\":{\"@id\":\"https:\/\/blogg.svenskakyrkan.se\/vandravagen\/2015\/10\/20\/hur-gud-handlar-i-varlden\/\"},\"author\":{\"name\":\"Tomas Jarvid\",\"@id\":\"https:\/\/blogg.svenskakyrkan.se\/vandravagen\/#\/schema\/person\/25da02d4f76b137d04291711e2c9fc16\"},\"headline\":\"Hur Gud handlar i v\u00e4rlden\",\"datePublished\":\"2015-10-20T05:00:01+00:00\",\"mainEntityOfPage\":{\"@id\":\"https:\/\/blogg.svenskakyrkan.se\/vandravagen\/2015\/10\/20\/hur-gud-handlar-i-varlden\/\"},\"wordCount\":650,\"commentCount\":18,\"publisher\":{\"@id\":\"https:\/\/blogg.svenskakyrkan.se\/vandravagen\/#organization\"},\"image\":{\"@id\":\"https:\/\/blogg.svenskakyrkan.se\/vandravagen\/2015\/10\/20\/hur-gud-handlar-i-varlden\/#primaryimage\"},\"thumbnailUrl\":\"http:\/\/blogg.svenskakyrkan.se\/vandravagen\/files\/2015\/10\/IMG_2733.jpg\",\"articleSection\":[\"Dagens Kyrka\",\"skapelseteologi\",\"Teologi\"],\"inLanguage\":\"sv-SE\",\"potentialAction\":[{\"@type\":\"CommentAction\",\"name\":\"Comment\",\"target\":[\"https:\/\/blogg.svenskakyrkan.se\/vandravagen\/2015\/10\/20\/hur-gud-handlar-i-varlden\/#respond\"]}]},{\"@type\":\"WebPage\",\"@id\":\"https:\/\/blogg.svenskakyrkan.se\/vandravagen\/2015\/10\/20\/hur-gud-handlar-i-varlden\/\",\"url\":\"https:\/\/blogg.svenskakyrkan.se\/vandravagen\/2015\/10\/20\/hur-gud-handlar-i-varlden\/\",\"name\":\"Hur Gud handlar i v\u00e4rlden - Vandra V\u00e4gen\",\"isPartOf\":{\"@id\":\"https:\/\/blogg.svenskakyrkan.se\/vandravagen\/#website\"},\"primaryImageOfPage\":{\"@id\":\"https:\/\/blogg.svenskakyrkan.se\/vandravagen\/2015\/10\/20\/hur-gud-handlar-i-varlden\/#primaryimage\"},\"image\":{\"@id\":\"https:\/\/blogg.svenskakyrkan.se\/vandravagen\/2015\/10\/20\/hur-gud-handlar-i-varlden\/#primaryimage\"},\"thumbnailUrl\":\"http:\/\/blogg.svenskakyrkan.se\/vandravagen\/files\/2015\/10\/IMG_2733.jpg\",\"datePublished\":\"2015-10-20T05:00:01+00:00\",\"breadcrumb\":{\"@id\":\"https:\/\/blogg.svenskakyrkan.se\/vandravagen\/2015\/10\/20\/hur-gud-handlar-i-varlden\/#breadcrumb\"},\"inLanguage\":\"sv-SE\",\"potentialAction\":[{\"@type\":\"ReadAction\",\"target\":[\"https:\/\/blogg.svenskakyrkan.se\/vandravagen\/2015\/10\/20\/hur-gud-handlar-i-varlden\/\"]}]},{\"@type\":\"ImageObject\",\"inLanguage\":\"sv-SE\",\"@id\":\"https:\/\/blogg.svenskakyrkan.se\/vandravagen\/2015\/10\/20\/hur-gud-handlar-i-varlden\/#primaryimage\",\"url\":\"http:\/\/blogg.svenskakyrkan.se\/vandravagen\/files\/2015\/10\/IMG_2733.jpg\",\"contentUrl\":\"http:\/\/blogg.svenskakyrkan.se\/vandravagen\/files\/2015\/10\/IMG_2733.jpg\"},{\"@type\":\"BreadcrumbList\",\"@id\":\"https:\/\/blogg.svenskakyrkan.se\/vandravagen\/2015\/10\/20\/hur-gud-handlar-i-varlden\/#breadcrumb\",\"itemListElement\":[{\"@type\":\"ListItem\",\"position\":1,\"name\":\"Hem\",\"item\":\"https:\/\/blogg.svenskakyrkan.se\/vandravagen\/\"},{\"@type\":\"ListItem\",\"position\":2,\"name\":\"Hur Gud handlar i v\u00e4rlden\"}]},{\"@type\":\"WebSite\",\"@id\":\"https:\/\/blogg.svenskakyrkan.se\/vandravagen\/#website\",\"url\":\"https:\/\/blogg.svenskakyrkan.se\/vandravagen\/\",\"name\":\"Vandra V\u00e4gen\",\"description\":\"-Mot en tro f\u00f6r hela livet\",\"publisher\":{\"@id\":\"https:\/\/blogg.svenskakyrkan.se\/vandravagen\/#organization\"},\"potentialAction\":[{\"@type\":\"SearchAction\",\"target\":{\"@type\":\"EntryPoint\",\"urlTemplate\":\"https:\/\/blogg.svenskakyrkan.se\/vandravagen\/?s={search_term_string}\"},\"query-input\":{\"@type\":\"PropertyValueSpecification\",\"valueRequired\":true,\"valueName\":\"search_term_string\"}}],\"inLanguage\":\"sv-SE\"},{\"@type\":\"Organization\",\"@id\":\"https:\/\/blogg.svenskakyrkan.se\/vandravagen\/#organization\",\"name\":\"ulricehamns pastorat\",\"alternateName\":\"ulricehamns pastorat\",\"url\":\"https:\/\/blogg.svenskakyrkan.se\/vandravagen\/\",\"logo\":{\"@type\":\"ImageObject\",\"inLanguage\":\"sv-SE\",\"@id\":\"https:\/\/blogg.svenskakyrkan.se\/vandravagen\/#\/schema\/logo\/image\/\",\"url\":\"https:\/\/blogg.svenskakyrkan.se\/vandravagen\/files\/2023\/05\/Ulr_logo_RGB.png\",\"contentUrl\":\"https:\/\/blogg.svenskakyrkan.se\/vandravagen\/files\/2023\/05\/Ulr_logo_RGB.png\",\"width\":205,\"height\":77,\"caption\":\"ulricehamns pastorat\"},\"image\":{\"@id\":\"https:\/\/blogg.svenskakyrkan.se\/vandravagen\/#\/schema\/logo\/image\/\"},\"sameAs\":[\"http:\/\/facebook.com\/vandravagen\",\"https:\/\/x.com\/fadertomas\",\"http:\/\/www.facebook.com\/svenskakyrkaniulricehamn\"]},{\"@type\":\"Person\",\"@id\":\"https:\/\/blogg.svenskakyrkan.se\/vandravagen\/#\/schema\/person\/25da02d4f76b137d04291711e2c9fc16\",\"name\":\"Tomas Jarvid\",\"image\":{\"@type\":\"ImageObject\",\"inLanguage\":\"sv-SE\",\"@id\":\"https:\/\/blogg.svenskakyrkan.se\/vandravagen\/#\/schema\/person\/image\/\",\"url\":\"https:\/\/secure.gravatar.com\/avatar\/7fa71899795e8f540f615a1f5ab25255dc27aa40f05ee7ddd21aac521e01bf50?s=96&d=identicon&r=g\",\"contentUrl\":\"https:\/\/secure.gravatar.com\/avatar\/7fa71899795e8f540f615a1f5ab25255dc27aa40f05ee7ddd21aac521e01bf50?s=96&d=identicon&r=g\",\"caption\":\"Tomas Jarvid\"},\"description\":\"Jag bor i Ulricehamn i V\u00e4sterg\u00f6tland och \u00e4r f\u00f6rsamlingspr\u00e4st i Svenska Kyrkan f\u00f6r Dalstorps f\u00f6rsamling i Kinds pastorat. P\u00e5 den h\u00e4r bloggen skriver jag ner tankar om vandringen som kristen.\",\"sameAs\":[\"http:\/\/www.vandravagen.se\"],\"url\":\"https:\/\/blogg.svenskakyrkan.se\/vandravagen\/author\/vandravagen\/\"}]}<\/script>\n<!-- \/ Yoast SEO plugin. -->","yoast_head_json":{"title":"Hur Gud handlar i v\u00e4rlden - Vandra V\u00e4gen","robots":{"index":"index","follow":"follow","max-snippet":"max-snippet:-1","max-image-preview":"max-image-preview:large","max-video-preview":"max-video-preview:-1"},"canonical":"https:\/\/blogg.svenskakyrkan.se\/vandravagen\/2015\/10\/20\/hur-gud-handlar-i-varlden\/","og_locale":"sv_SE","og_type":"article","og_title":"Hur Gud handlar i v\u00e4rlden - Vandra V\u00e4gen","og_description":"&nbsp; Det h\u00e4r g\u00e5r delvis i det jag skrev ig\u00e5r om &#8221;Vad g\u00f6r Gud i Ruts bok&#8221; och de kopplingar till n\u00e4tverskvetenskap jag talade om i den predikan. H\u00e4ng med, det h\u00e4r \u00e4r en s\u00e5n d\u00e4r stund d\u00e5 tr\u00e5dar knyts ihop fr\u00e5n gamla fina bloggposter. I min predikan i s\u00f6ndags fick jag allts\u00e5 tillf\u00e4lle att [&hellip;]","og_url":"https:\/\/blogg.svenskakyrkan.se\/vandravagen\/2015\/10\/20\/hur-gud-handlar-i-varlden\/","og_site_name":"Vandra V\u00e4gen","article_publisher":"http:\/\/facebook.com\/vandravagen","article_published_time":"2015-10-20T05:00:01+00:00","og_image":[{"url":"http:\/\/blogg.svenskakyrkan.se\/vandravagen\/files\/2015\/10\/IMG_2733.jpg","type":"","width":"","height":""}],"author":"Tomas Jarvid","twitter_card":"summary_large_image","twitter_creator":"@fadertomas","twitter_site":"@fadertomas","twitter_misc":{"Skriven av":"Tomas Jarvid","Ber\u00e4knad l\u00e4stid":"3 minuter"},"schema":{"@context":"https:\/\/schema.org","@graph":[{"@type":"Article","@id":"https:\/\/blogg.svenskakyrkan.se\/vandravagen\/2015\/10\/20\/hur-gud-handlar-i-varlden\/#article","isPartOf":{"@id":"https:\/\/blogg.svenskakyrkan.se\/vandravagen\/2015\/10\/20\/hur-gud-handlar-i-varlden\/"},"author":{"name":"Tomas Jarvid","@id":"https:\/\/blogg.svenskakyrkan.se\/vandravagen\/#\/schema\/person\/25da02d4f76b137d04291711e2c9fc16"},"headline":"Hur Gud handlar i v\u00e4rlden","datePublished":"2015-10-20T05:00:01+00:00","mainEntityOfPage":{"@id":"https:\/\/blogg.svenskakyrkan.se\/vandravagen\/2015\/10\/20\/hur-gud-handlar-i-varlden\/"},"wordCount":650,"commentCount":18,"publisher":{"@id":"https:\/\/blogg.svenskakyrkan.se\/vandravagen\/#organization"},"image":{"@id":"https:\/\/blogg.svenskakyrkan.se\/vandravagen\/2015\/10\/20\/hur-gud-handlar-i-varlden\/#primaryimage"},"thumbnailUrl":"http:\/\/blogg.svenskakyrkan.se\/vandravagen\/files\/2015\/10\/IMG_2733.jpg","articleSection":["Dagens Kyrka","skapelseteologi","Teologi"],"inLanguage":"sv-SE","potentialAction":[{"@type":"CommentAction","name":"Comment","target":["https:\/\/blogg.svenskakyrkan.se\/vandravagen\/2015\/10\/20\/hur-gud-handlar-i-varlden\/#respond"]}]},{"@type":"WebPage","@id":"https:\/\/blogg.svenskakyrkan.se\/vandravagen\/2015\/10\/20\/hur-gud-handlar-i-varlden\/","url":"https:\/\/blogg.svenskakyrkan.se\/vandravagen\/2015\/10\/20\/hur-gud-handlar-i-varlden\/","name":"Hur Gud handlar i v\u00e4rlden - Vandra V\u00e4gen","isPartOf":{"@id":"https:\/\/blogg.svenskakyrkan.se\/vandravagen\/#website"},"primaryImageOfPage":{"@id":"https:\/\/blogg.svenskakyrkan.se\/vandravagen\/2015\/10\/20\/hur-gud-handlar-i-varlden\/#primaryimage"},"image":{"@id":"https:\/\/blogg.svenskakyrkan.se\/vandravagen\/2015\/10\/20\/hur-gud-handlar-i-varlden\/#primaryimage"},"thumbnailUrl":"http:\/\/blogg.svenskakyrkan.se\/vandravagen\/files\/2015\/10\/IMG_2733.jpg","datePublished":"2015-10-20T05:00:01+00:00","breadcrumb":{"@id":"https:\/\/blogg.svenskakyrkan.se\/vandravagen\/2015\/10\/20\/hur-gud-handlar-i-varlden\/#breadcrumb"},"inLanguage":"sv-SE","potentialAction":[{"@type":"ReadAction","target":["https:\/\/blogg.svenskakyrkan.se\/vandravagen\/2015\/10\/20\/hur-gud-handlar-i-varlden\/"]}]},{"@type":"ImageObject","inLanguage":"sv-SE","@id":"https:\/\/blogg.svenskakyrkan.se\/vandravagen\/2015\/10\/20\/hur-gud-handlar-i-varlden\/#primaryimage","url":"http:\/\/blogg.svenskakyrkan.se\/vandravagen\/files\/2015\/10\/IMG_2733.jpg","contentUrl":"http:\/\/blogg.svenskakyrkan.se\/vandravagen\/files\/2015\/10\/IMG_2733.jpg"},{"@type":"BreadcrumbList","@id":"https:\/\/blogg.svenskakyrkan.se\/vandravagen\/2015\/10\/20\/hur-gud-handlar-i-varlden\/#breadcrumb","itemListElement":[{"@type":"ListItem","position":1,"name":"Hem","item":"https:\/\/blogg.svenskakyrkan.se\/vandravagen\/"},{"@type":"ListItem","position":2,"name":"Hur Gud handlar i v\u00e4rlden"}]},{"@type":"WebSite","@id":"https:\/\/blogg.svenskakyrkan.se\/vandravagen\/#website","url":"https:\/\/blogg.svenskakyrkan.se\/vandravagen\/","name":"Vandra V\u00e4gen","description":"-Mot en tro f\u00f6r hela livet","publisher":{"@id":"https:\/\/blogg.svenskakyrkan.se\/vandravagen\/#organization"},"potentialAction":[{"@type":"SearchAction","target":{"@type":"EntryPoint","urlTemplate":"https:\/\/blogg.svenskakyrkan.se\/vandravagen\/?s={search_term_string}"},"query-input":{"@type":"PropertyValueSpecification","valueRequired":true,"valueName":"search_term_string"}}],"inLanguage":"sv-SE"},{"@type":"Organization","@id":"https:\/\/blogg.svenskakyrkan.se\/vandravagen\/#organization","name":"ulricehamns pastorat","alternateName":"ulricehamns pastorat","url":"https:\/\/blogg.svenskakyrkan.se\/vandravagen\/","logo":{"@type":"ImageObject","inLanguage":"sv-SE","@id":"https:\/\/blogg.svenskakyrkan.se\/vandravagen\/#\/schema\/logo\/image\/","url":"https:\/\/blogg.svenskakyrkan.se\/vandravagen\/files\/2023\/05\/Ulr_logo_RGB.png","contentUrl":"https:\/\/blogg.svenskakyrkan.se\/vandravagen\/files\/2023\/05\/Ulr_logo_RGB.png","width":205,"height":77,"caption":"ulricehamns pastorat"},"image":{"@id":"https:\/\/blogg.svenskakyrkan.se\/vandravagen\/#\/schema\/logo\/image\/"},"sameAs":["http:\/\/facebook.com\/vandravagen","https:\/\/x.com\/fadertomas","http:\/\/www.facebook.com\/svenskakyrkaniulricehamn"]},{"@type":"Person","@id":"https:\/\/blogg.svenskakyrkan.se\/vandravagen\/#\/schema\/person\/25da02d4f76b137d04291711e2c9fc16","name":"Tomas Jarvid","image":{"@type":"ImageObject","inLanguage":"sv-SE","@id":"https:\/\/blogg.svenskakyrkan.se\/vandravagen\/#\/schema\/person\/image\/","url":"https:\/\/secure.gravatar.com\/avatar\/7fa71899795e8f540f615a1f5ab25255dc27aa40f05ee7ddd21aac521e01bf50?s=96&d=identicon&r=g","contentUrl":"https:\/\/secure.gravatar.com\/avatar\/7fa71899795e8f540f615a1f5ab25255dc27aa40f05ee7ddd21aac521e01bf50?s=96&d=identicon&r=g","caption":"Tomas Jarvid"},"description":"Jag bor i Ulricehamn i V\u00e4sterg\u00f6tland och \u00e4r f\u00f6rsamlingspr\u00e4st i Svenska Kyrkan f\u00f6r Dalstorps f\u00f6rsamling i Kinds pastorat. P\u00e5 den h\u00e4r bloggen skriver jag ner tankar om vandringen som kristen.","sameAs":["http:\/\/www.vandravagen.se"],"url":"https:\/\/blogg.svenskakyrkan.se\/vandravagen\/author\/vandravagen\/"}]}},"author_meta":{"ID":"392","user_nicename":"vandravagen","user_url":"http:\/\/www.vandravagen.se","user_registered":"2014-05-19 05:44:52","display_name":"Tomas Jarvid","first_name":"Tomas","last_name":"Jarvid","avatar":"https:\/\/secure.gravatar.com\/avatar\/7fa71899795e8f540f615a1f5ab25255dc27aa40f05ee7ddd21aac521e01bf50?s=96&d=identicon&r=g"},"featured_image":false,"bloginfo":{"name":"Vandra V\u00e4gen","url":"https:\/\/blogg.svenskakyrkan.se\/vandravagen"},"_links":{"self":[{"href":"https:\/\/blogg.svenskakyrkan.se\/vandravagen\/wp-json\/wp\/v2\/posts\/3771","targetHints":{"allow":["GET"]}}],"collection":[{"href":"https:\/\/blogg.svenskakyrkan.se\/vandravagen\/wp-json\/wp\/v2\/posts"}],"about":[{"href":"https:\/\/blogg.svenskakyrkan.se\/vandravagen\/wp-json\/wp\/v2\/types\/post"}],"author":[{"embeddable":true,"href":"https:\/\/blogg.svenskakyrkan.se\/vandravagen\/wp-json\/wp\/v2\/users\/392"}],"replies":[{"embeddable":true,"href":"https:\/\/blogg.svenskakyrkan.se\/vandravagen\/wp-json\/wp\/v2\/comments?post=3771"}],"version-history":[{"count":3,"href":"https:\/\/blogg.svenskakyrkan.se\/vandravagen\/wp-json\/wp\/v2\/posts\/3771\/revisions"}],"predecessor-version":[{"id":3782,"href":"https:\/\/blogg.svenskakyrkan.se\/vandravagen\/wp-json\/wp\/v2\/posts\/3771\/revisions\/3782"}],"wp:attachment":[{"href":"https:\/\/blogg.svenskakyrkan.se\/vandravagen\/wp-json\/wp\/v2\/media?parent=3771"}],"wp:term":[{"taxonomy":"category","embeddable":true,"href":"https:\/\/blogg.svenskakyrkan.se\/vandravagen\/wp-json\/wp\/v2\/categories?post=3771"},{"taxonomy":"post_tag","embeddable":true,"href":"https:\/\/blogg.svenskakyrkan.se\/vandravagen\/wp-json\/wp\/v2\/tags?post=3771"}],"curies":[{"name":"wp","href":"https:\/\/api.w.org\/{rel}","templated":true}]}}