{"id":378,"date":"2013-08-30T07:50:00","date_gmt":"2013-08-30T05:50:00","guid":{"rendered":"http:\/\/blogg.svenskakyrkan.se\/vandravagen\/2013\/08\/30\/om-les-miserables-och-guds-rike\/"},"modified":"2013-08-30T07:50:00","modified_gmt":"2013-08-30T05:50:00","slug":"om-les-miserables-och-guds-rike","status":"publish","type":"post","link":"https:\/\/blogg.svenskakyrkan.se\/vandravagen\/2013\/08\/30\/om-les-miserables-och-guds-rike\/","title":{"rendered":"Om Les Miserables och Guds rike"},"content":{"rendered":"<table align=\"center\" cellpadding=\"0\" cellspacing=\"0\">\n<tbody>\n<tr>\n<td><a href=\"http:\/\/1.bp.blogspot.com\/--0bBCM4LqVQ\/Uh7uPqlwIuI\/AAAAAAAAFCw\/TtJZMRpDQmo\/s1600\/lesmiserables.jpg\"><img loading=\"lazy\" decoding=\"async\" border=\"0\" height=\"426\" src=\"http:\/\/1.bp.blogspot.com\/--0bBCM4LqVQ\/Uh7uPqlwIuI\/AAAAAAAAFCw\/TtJZMRpDQmo\/s640\/lesmiserables.jpg\" width=\"640\"><\/a><\/td>\n<\/tr>\n<tr>\n<td>Les Miserables<\/td>\n<\/tr>\n<\/tbody>\n<\/table>\n<p>Jag lyssnade under en tid i livet mycket p\u00e5 musikaler. D\u00e4rf\u00f6r var det sp\u00e4nnande att se resultatet n\u00e4r &#8221;Les Miserables&#8221; nu blivit film. Les Miserables h\u00e5ller jag (och m\u00e5nga andra) f\u00f6r det b\u00e4sta av det b\u00e4sta i musikalv\u00e4g och jag tror jag kan den i stort sett utantill ord f\u00f6r ord ocks\u00e5 nu l\u00e5ngt efter\u00e5t.<\/p>\n<p>Sj\u00e4lva filmen blev n\u00e5got av en besvikelse \u00e4ven om fotot var v\u00e4ldigt vackert och sk\u00e5despelarna skickliga. Det brast p\u00e5 en r\u00e4tt viktig punkt n\u00e4mligen.. s\u00e5ngen. Russel Crowe \u00e4r imponerande tung i kroppen men han sjunger r\u00e4tt illa. Hugh Jackman \u00e4r inte heller n\u00e5gon topps\u00e5ngare. Tr\u00e5kigt att de inte valde att v\u00e4lja sk\u00e5despelare p\u00e5 annat s\u00e4tt.<\/p>\n<p>Nog om det, nu vill jag skriva om vad vi kan l\u00e4ra oss om kristen tro utifr\u00e5n Les Miserables. Gud n\u00e4mns n\u00e4mligen ganska flitigt och p\u00e5 flera olika s\u00e4tt.<\/p>\n<p>Gud n\u00e4mns m\u00e5nga g\u00e5nger som en slags f\u00f6rl\u00e4ngning av den f\u00f6rtryckande \u00f6verheten. Det \u00e4r inte alls m\u00e4rkligt och egentligen en r\u00e4ttvis k\u00e4nga till Kyrkan som ofta svikit de fattiga och st\u00e4llt sig p\u00e5 \u00f6verhetens sida. Kristen tro har varit (och \u00e4r p\u00e5 m\u00e5nga h\u00e5ll) ett m\u00e4ktigt medel f\u00f6r att h\u00e5lla folk lugna.<br \/>Tydligast blir det h\u00e4r i den tro den oerh\u00f6rt str\u00e4nge polisen Javert ger uttryck f\u00f6r. Gud \u00e4r d\u00e4r framf\u00f6rallt garanten f\u00f6r r\u00e4ttvisa och lag och precis som Javert sj\u00e4lv (om trianglar hade en gud skulle den ha tre h\u00f6rn \u00a0som det s\u00e4gs) omutlig och skoningsl\u00f6s.<\/p>\n<p>Under dramats g\u00e5ng s\u00e5 j\u00e4ser det av revolutionsiver i Paris. Studenterna vill kasta om det gamla samh\u00e4llet och bygga en b\u00e4ttre v\u00e4rld. Av det blir det inget. Revolten sl\u00e5s ner i blod. F\u00f6r mig st\u00e5r det f\u00f6r alla de misslyckade och blodiga f\u00f6rs\u00f6ken att bygga Guds rike p\u00e5 jorden med m\u00e4nskliga medel. Alltf\u00f6r m\u00e5nga g\u00e5nger har det resulterat i att m\u00e4nniskor som var t\u00e4nkta att styra som goda \u00e4nglar visar sig ha blivit dj\u00e4vlar ist\u00e4llet.<\/p>\n<p>Den Gud jag menar har n\u00e5got med den kristna tron att g\u00f6ra visar sig i huvudpersonens liv. Jean Valjean \u00a0har slitit under en orimligt h\u00e5rd dom, 19 \u00e5rs straffarbete f\u00f6r att ha stulit en limpa br\u00f6d. N\u00e4r han kommer ut \u00e4r han utst\u00f6tt av samh\u00e4llet och tvingas in p\u00e5 tjuvens bana igen av desperation. Allt f\u00f6r\u00e4ndras n\u00e4r han m\u00f6ter den ov\u00e4ntade godheten och barmh\u00e4rtigheten hos en gammal biskop. Han m\u00f6ter k\u00e4rlek och Gud r\u00f6r vid hans sj\u00e4l. F\u00f6r mig ligger ber\u00e4ttelsen om den f\u00f6rlorade sonen i fr\u00e4mlingslandet n\u00e4ra att associera till.<\/p>\n<p>Det \u00e4r m\u00f6tet med godheten, inte den h\u00e5rda lagen, som kan g\u00f6ra oss till b\u00e4ttre m\u00e4nniskor. Valjean f\u00e5r betyda mycket f\u00f6r hundratals m\u00e4nniskor som ledare f\u00f6r ett f\u00f6retag han lyckas starta. Han som sj\u00e4lv m\u00f6tt barmh\u00e4rtighet l\u00e4ngst ner i avgrunden \u00e4r den som tar sig an andra svaga. Hans liv blir ett liv f\u00f6r andra och genom honom sipprar det in en r\u00e4nnil av godhet till m\u00e4nniskorna i denna h\u00e5rda v\u00e4rld. Det \u00e4r en enast\u00e5ende vacker bild av kristet l\u00e4rjungaskap.<\/p>\n<p>Musikalens slut pekar som jag f\u00f6rst\u00e5r det mot det kristna hoppet. Att \u00e4ven om vi \u00e4r of\u00f6rm\u00f6gna att bygga den goda v\u00e4rlden sj\u00e4lva s\u00e5 ska Gud en dag fullborda sitt befrielseverk. Gud verkar p\u00e5 tusen s\u00e4tt genom tusen m\u00e4nniskor mitt i det f\u00f6rdolda och undanskymda. Genom miljoner Jean Valjeaner genom historien. En dag ska hans rike bli allt i alla.<\/p>\n<div><\/div>\n","protected":false},"excerpt":{"rendered":"<p>Les Miserables Jag lyssnade under en tid i livet mycket p\u00e5 musikaler. D\u00e4rf\u00f6r var det sp\u00e4nnande att se resultatet n\u00e4r &#8221;Les Miserables&#8221; nu blivit film. Les Miserables h\u00e5ller jag (och m\u00e5nga andra) f\u00f6r det b\u00e4sta av det b\u00e4sta i musikalv\u00e4g och jag tror jag kan den i stort sett utantill ord f\u00f6r ord ocks\u00e5 nu [&hellip;]<\/p>\n","protected":false},"author":392,"featured_media":0,"comment_status":"open","ping_status":"open","sticky":false,"template":"","format":"standard","meta":{"_acf_changed":false,"footnotes":""},"categories":[14253,117],"tags":[],"class_list":["post-378","post","type-post","status-publish","format-standard","hentry","category-film","category-teologi"],"acf":[],"yoast_head":"<!-- This site is optimized with the Yoast SEO plugin v27.1.1 - https:\/\/yoast.com\/product\/yoast-seo-wordpress\/ -->\n<title>Om Les Miserables och Guds rike - Vandra V\u00e4gen<\/title>\n<meta name=\"robots\" content=\"index, follow, max-snippet:-1, max-image-preview:large, max-video-preview:-1\" \/>\n<link rel=\"canonical\" href=\"https:\/\/blogg.svenskakyrkan.se\/vandravagen\/2013\/08\/30\/om-les-miserables-och-guds-rike\/\" \/>\n<meta property=\"og:locale\" content=\"sv_SE\" \/>\n<meta property=\"og:type\" content=\"article\" \/>\n<meta property=\"og:title\" content=\"Om Les Miserables och Guds rike - Vandra V\u00e4gen\" \/>\n<meta property=\"og:description\" content=\"Les Miserables Jag lyssnade under en tid i livet mycket p\u00e5 musikaler. D\u00e4rf\u00f6r var det sp\u00e4nnande att se resultatet n\u00e4r &#8221;Les Miserables&#8221; nu blivit film. Les Miserables h\u00e5ller jag (och m\u00e5nga andra) f\u00f6r det b\u00e4sta av det b\u00e4sta i musikalv\u00e4g och jag tror jag kan den i stort sett utantill ord f\u00f6r ord ocks\u00e5 nu [&hellip;]\" \/>\n<meta property=\"og:url\" content=\"https:\/\/blogg.svenskakyrkan.se\/vandravagen\/2013\/08\/30\/om-les-miserables-och-guds-rike\/\" \/>\n<meta property=\"og:site_name\" content=\"Vandra V\u00e4gen\" \/>\n<meta property=\"article:publisher\" content=\"http:\/\/facebook.com\/vandravagen\" \/>\n<meta property=\"article:published_time\" content=\"2013-08-30T05:50:00+00:00\" \/>\n<meta property=\"og:image\" content=\"http:\/\/1.bp.blogspot.com\/--0bBCM4LqVQ\/Uh7uPqlwIuI\/AAAAAAAAFCw\/TtJZMRpDQmo\/s640\/lesmiserables.jpg\" \/>\n<meta name=\"author\" content=\"Tomas Jarvid\" \/>\n<meta name=\"twitter:card\" content=\"summary_large_image\" \/>\n<meta name=\"twitter:creator\" content=\"@fadertomas\" \/>\n<meta name=\"twitter:site\" content=\"@fadertomas\" \/>\n<meta name=\"twitter:label1\" content=\"Skriven av\" \/>\n\t<meta name=\"twitter:data1\" content=\"Tomas Jarvid\" \/>\n\t<meta name=\"twitter:label2\" content=\"Ber\u00e4knad l\u00e4stid\" \/>\n\t<meta name=\"twitter:data2\" content=\"3 minuter\" \/>\n<script type=\"application\/ld+json\" class=\"yoast-schema-graph\">{\"@context\":\"https:\/\/schema.org\",\"@graph\":[{\"@type\":\"Article\",\"@id\":\"https:\/\/blogg.svenskakyrkan.se\/vandravagen\/2013\/08\/30\/om-les-miserables-och-guds-rike\/#article\",\"isPartOf\":{\"@id\":\"https:\/\/blogg.svenskakyrkan.se\/vandravagen\/2013\/08\/30\/om-les-miserables-och-guds-rike\/\"},\"author\":{\"name\":\"Tomas Jarvid\",\"@id\":\"https:\/\/blogg.svenskakyrkan.se\/vandravagen\/#\/schema\/person\/25da02d4f76b137d04291711e2c9fc16\"},\"headline\":\"Om Les Miserables och Guds rike\",\"datePublished\":\"2013-08-30T05:50:00+00:00\",\"mainEntityOfPage\":{\"@id\":\"https:\/\/blogg.svenskakyrkan.se\/vandravagen\/2013\/08\/30\/om-les-miserables-och-guds-rike\/\"},\"wordCount\":680,\"commentCount\":0,\"publisher\":{\"@id\":\"https:\/\/blogg.svenskakyrkan.se\/vandravagen\/#organization\"},\"image\":{\"@id\":\"https:\/\/blogg.svenskakyrkan.se\/vandravagen\/2013\/08\/30\/om-les-miserables-och-guds-rike\/#primaryimage\"},\"thumbnailUrl\":\"http:\/\/1.bp.blogspot.com\/--0bBCM4LqVQ\/Uh7uPqlwIuI\/AAAAAAAAFCw\/TtJZMRpDQmo\/s640\/lesmiserables.jpg\",\"articleSection\":[\"film\",\"Teologi\"],\"inLanguage\":\"sv-SE\",\"potentialAction\":[{\"@type\":\"CommentAction\",\"name\":\"Comment\",\"target\":[\"https:\/\/blogg.svenskakyrkan.se\/vandravagen\/2013\/08\/30\/om-les-miserables-och-guds-rike\/#respond\"]}]},{\"@type\":\"WebPage\",\"@id\":\"https:\/\/blogg.svenskakyrkan.se\/vandravagen\/2013\/08\/30\/om-les-miserables-och-guds-rike\/\",\"url\":\"https:\/\/blogg.svenskakyrkan.se\/vandravagen\/2013\/08\/30\/om-les-miserables-och-guds-rike\/\",\"name\":\"Om Les Miserables och Guds rike - Vandra V\u00e4gen\",\"isPartOf\":{\"@id\":\"https:\/\/blogg.svenskakyrkan.se\/vandravagen\/#website\"},\"primaryImageOfPage\":{\"@id\":\"https:\/\/blogg.svenskakyrkan.se\/vandravagen\/2013\/08\/30\/om-les-miserables-och-guds-rike\/#primaryimage\"},\"image\":{\"@id\":\"https:\/\/blogg.svenskakyrkan.se\/vandravagen\/2013\/08\/30\/om-les-miserables-och-guds-rike\/#primaryimage\"},\"thumbnailUrl\":\"http:\/\/1.bp.blogspot.com\/--0bBCM4LqVQ\/Uh7uPqlwIuI\/AAAAAAAAFCw\/TtJZMRpDQmo\/s640\/lesmiserables.jpg\",\"datePublished\":\"2013-08-30T05:50:00+00:00\",\"breadcrumb\":{\"@id\":\"https:\/\/blogg.svenskakyrkan.se\/vandravagen\/2013\/08\/30\/om-les-miserables-och-guds-rike\/#breadcrumb\"},\"inLanguage\":\"sv-SE\",\"potentialAction\":[{\"@type\":\"ReadAction\",\"target\":[\"https:\/\/blogg.svenskakyrkan.se\/vandravagen\/2013\/08\/30\/om-les-miserables-och-guds-rike\/\"]}]},{\"@type\":\"ImageObject\",\"inLanguage\":\"sv-SE\",\"@id\":\"https:\/\/blogg.svenskakyrkan.se\/vandravagen\/2013\/08\/30\/om-les-miserables-och-guds-rike\/#primaryimage\",\"url\":\"http:\/\/1.bp.blogspot.com\/--0bBCM4LqVQ\/Uh7uPqlwIuI\/AAAAAAAAFCw\/TtJZMRpDQmo\/s640\/lesmiserables.jpg\",\"contentUrl\":\"http:\/\/1.bp.blogspot.com\/--0bBCM4LqVQ\/Uh7uPqlwIuI\/AAAAAAAAFCw\/TtJZMRpDQmo\/s640\/lesmiserables.jpg\"},{\"@type\":\"BreadcrumbList\",\"@id\":\"https:\/\/blogg.svenskakyrkan.se\/vandravagen\/2013\/08\/30\/om-les-miserables-och-guds-rike\/#breadcrumb\",\"itemListElement\":[{\"@type\":\"ListItem\",\"position\":1,\"name\":\"Hem\",\"item\":\"https:\/\/blogg.svenskakyrkan.se\/vandravagen\/\"},{\"@type\":\"ListItem\",\"position\":2,\"name\":\"Om Les Miserables och Guds rike\"}]},{\"@type\":\"WebSite\",\"@id\":\"https:\/\/blogg.svenskakyrkan.se\/vandravagen\/#website\",\"url\":\"https:\/\/blogg.svenskakyrkan.se\/vandravagen\/\",\"name\":\"Vandra V\u00e4gen\",\"description\":\"-Mot en tro f\u00f6r hela livet\",\"publisher\":{\"@id\":\"https:\/\/blogg.svenskakyrkan.se\/vandravagen\/#organization\"},\"potentialAction\":[{\"@type\":\"SearchAction\",\"target\":{\"@type\":\"EntryPoint\",\"urlTemplate\":\"https:\/\/blogg.svenskakyrkan.se\/vandravagen\/?s={search_term_string}\"},\"query-input\":{\"@type\":\"PropertyValueSpecification\",\"valueRequired\":true,\"valueName\":\"search_term_string\"}}],\"inLanguage\":\"sv-SE\"},{\"@type\":\"Organization\",\"@id\":\"https:\/\/blogg.svenskakyrkan.se\/vandravagen\/#organization\",\"name\":\"ulricehamns pastorat\",\"alternateName\":\"ulricehamns pastorat\",\"url\":\"https:\/\/blogg.svenskakyrkan.se\/vandravagen\/\",\"logo\":{\"@type\":\"ImageObject\",\"inLanguage\":\"sv-SE\",\"@id\":\"https:\/\/blogg.svenskakyrkan.se\/vandravagen\/#\/schema\/logo\/image\/\",\"url\":\"https:\/\/blogg.svenskakyrkan.se\/vandravagen\/files\/2023\/05\/Ulr_logo_RGB.png\",\"contentUrl\":\"https:\/\/blogg.svenskakyrkan.se\/vandravagen\/files\/2023\/05\/Ulr_logo_RGB.png\",\"width\":205,\"height\":77,\"caption\":\"ulricehamns pastorat\"},\"image\":{\"@id\":\"https:\/\/blogg.svenskakyrkan.se\/vandravagen\/#\/schema\/logo\/image\/\"},\"sameAs\":[\"http:\/\/facebook.com\/vandravagen\",\"https:\/\/x.com\/fadertomas\",\"http:\/\/www.facebook.com\/svenskakyrkaniulricehamn\"]},{\"@type\":\"Person\",\"@id\":\"https:\/\/blogg.svenskakyrkan.se\/vandravagen\/#\/schema\/person\/25da02d4f76b137d04291711e2c9fc16\",\"name\":\"Tomas Jarvid\",\"image\":{\"@type\":\"ImageObject\",\"inLanguage\":\"sv-SE\",\"@id\":\"https:\/\/blogg.svenskakyrkan.se\/vandravagen\/#\/schema\/person\/image\/\",\"url\":\"https:\/\/secure.gravatar.com\/avatar\/7fa71899795e8f540f615a1f5ab25255dc27aa40f05ee7ddd21aac521e01bf50?s=96&d=identicon&r=g\",\"contentUrl\":\"https:\/\/secure.gravatar.com\/avatar\/7fa71899795e8f540f615a1f5ab25255dc27aa40f05ee7ddd21aac521e01bf50?s=96&d=identicon&r=g\",\"caption\":\"Tomas Jarvid\"},\"description\":\"Jag bor i Ulricehamn i V\u00e4sterg\u00f6tland och \u00e4r f\u00f6rsamlingspr\u00e4st i Svenska Kyrkan f\u00f6r Dalstorps f\u00f6rsamling i Kinds pastorat. P\u00e5 den h\u00e4r bloggen skriver jag ner tankar om vandringen som kristen.\",\"sameAs\":[\"http:\/\/www.vandravagen.se\"],\"url\":\"https:\/\/blogg.svenskakyrkan.se\/vandravagen\/author\/vandravagen\/\"}]}<\/script>\n<!-- \/ Yoast SEO plugin. -->","yoast_head_json":{"title":"Om Les Miserables och Guds rike - Vandra V\u00e4gen","robots":{"index":"index","follow":"follow","max-snippet":"max-snippet:-1","max-image-preview":"max-image-preview:large","max-video-preview":"max-video-preview:-1"},"canonical":"https:\/\/blogg.svenskakyrkan.se\/vandravagen\/2013\/08\/30\/om-les-miserables-och-guds-rike\/","og_locale":"sv_SE","og_type":"article","og_title":"Om Les Miserables och Guds rike - Vandra V\u00e4gen","og_description":"Les Miserables Jag lyssnade under en tid i livet mycket p\u00e5 musikaler. D\u00e4rf\u00f6r var det sp\u00e4nnande att se resultatet n\u00e4r &#8221;Les Miserables&#8221; nu blivit film. Les Miserables h\u00e5ller jag (och m\u00e5nga andra) f\u00f6r det b\u00e4sta av det b\u00e4sta i musikalv\u00e4g och jag tror jag kan den i stort sett utantill ord f\u00f6r ord ocks\u00e5 nu [&hellip;]","og_url":"https:\/\/blogg.svenskakyrkan.se\/vandravagen\/2013\/08\/30\/om-les-miserables-och-guds-rike\/","og_site_name":"Vandra V\u00e4gen","article_publisher":"http:\/\/facebook.com\/vandravagen","article_published_time":"2013-08-30T05:50:00+00:00","og_image":[{"url":"http:\/\/1.bp.blogspot.com\/--0bBCM4LqVQ\/Uh7uPqlwIuI\/AAAAAAAAFCw\/TtJZMRpDQmo\/s640\/lesmiserables.jpg","type":"","width":"","height":""}],"author":"Tomas Jarvid","twitter_card":"summary_large_image","twitter_creator":"@fadertomas","twitter_site":"@fadertomas","twitter_misc":{"Skriven av":"Tomas Jarvid","Ber\u00e4knad l\u00e4stid":"3 minuter"},"schema":{"@context":"https:\/\/schema.org","@graph":[{"@type":"Article","@id":"https:\/\/blogg.svenskakyrkan.se\/vandravagen\/2013\/08\/30\/om-les-miserables-och-guds-rike\/#article","isPartOf":{"@id":"https:\/\/blogg.svenskakyrkan.se\/vandravagen\/2013\/08\/30\/om-les-miserables-och-guds-rike\/"},"author":{"name":"Tomas Jarvid","@id":"https:\/\/blogg.svenskakyrkan.se\/vandravagen\/#\/schema\/person\/25da02d4f76b137d04291711e2c9fc16"},"headline":"Om Les Miserables och Guds rike","datePublished":"2013-08-30T05:50:00+00:00","mainEntityOfPage":{"@id":"https:\/\/blogg.svenskakyrkan.se\/vandravagen\/2013\/08\/30\/om-les-miserables-och-guds-rike\/"},"wordCount":680,"commentCount":0,"publisher":{"@id":"https:\/\/blogg.svenskakyrkan.se\/vandravagen\/#organization"},"image":{"@id":"https:\/\/blogg.svenskakyrkan.se\/vandravagen\/2013\/08\/30\/om-les-miserables-och-guds-rike\/#primaryimage"},"thumbnailUrl":"http:\/\/1.bp.blogspot.com\/--0bBCM4LqVQ\/Uh7uPqlwIuI\/AAAAAAAAFCw\/TtJZMRpDQmo\/s640\/lesmiserables.jpg","articleSection":["film","Teologi"],"inLanguage":"sv-SE","potentialAction":[{"@type":"CommentAction","name":"Comment","target":["https:\/\/blogg.svenskakyrkan.se\/vandravagen\/2013\/08\/30\/om-les-miserables-och-guds-rike\/#respond"]}]},{"@type":"WebPage","@id":"https:\/\/blogg.svenskakyrkan.se\/vandravagen\/2013\/08\/30\/om-les-miserables-och-guds-rike\/","url":"https:\/\/blogg.svenskakyrkan.se\/vandravagen\/2013\/08\/30\/om-les-miserables-och-guds-rike\/","name":"Om Les Miserables och Guds rike - Vandra V\u00e4gen","isPartOf":{"@id":"https:\/\/blogg.svenskakyrkan.se\/vandravagen\/#website"},"primaryImageOfPage":{"@id":"https:\/\/blogg.svenskakyrkan.se\/vandravagen\/2013\/08\/30\/om-les-miserables-och-guds-rike\/#primaryimage"},"image":{"@id":"https:\/\/blogg.svenskakyrkan.se\/vandravagen\/2013\/08\/30\/om-les-miserables-och-guds-rike\/#primaryimage"},"thumbnailUrl":"http:\/\/1.bp.blogspot.com\/--0bBCM4LqVQ\/Uh7uPqlwIuI\/AAAAAAAAFCw\/TtJZMRpDQmo\/s640\/lesmiserables.jpg","datePublished":"2013-08-30T05:50:00+00:00","breadcrumb":{"@id":"https:\/\/blogg.svenskakyrkan.se\/vandravagen\/2013\/08\/30\/om-les-miserables-och-guds-rike\/#breadcrumb"},"inLanguage":"sv-SE","potentialAction":[{"@type":"ReadAction","target":["https:\/\/blogg.svenskakyrkan.se\/vandravagen\/2013\/08\/30\/om-les-miserables-och-guds-rike\/"]}]},{"@type":"ImageObject","inLanguage":"sv-SE","@id":"https:\/\/blogg.svenskakyrkan.se\/vandravagen\/2013\/08\/30\/om-les-miserables-och-guds-rike\/#primaryimage","url":"http:\/\/1.bp.blogspot.com\/--0bBCM4LqVQ\/Uh7uPqlwIuI\/AAAAAAAAFCw\/TtJZMRpDQmo\/s640\/lesmiserables.jpg","contentUrl":"http:\/\/1.bp.blogspot.com\/--0bBCM4LqVQ\/Uh7uPqlwIuI\/AAAAAAAAFCw\/TtJZMRpDQmo\/s640\/lesmiserables.jpg"},{"@type":"BreadcrumbList","@id":"https:\/\/blogg.svenskakyrkan.se\/vandravagen\/2013\/08\/30\/om-les-miserables-och-guds-rike\/#breadcrumb","itemListElement":[{"@type":"ListItem","position":1,"name":"Hem","item":"https:\/\/blogg.svenskakyrkan.se\/vandravagen\/"},{"@type":"ListItem","position":2,"name":"Om Les Miserables och Guds rike"}]},{"@type":"WebSite","@id":"https:\/\/blogg.svenskakyrkan.se\/vandravagen\/#website","url":"https:\/\/blogg.svenskakyrkan.se\/vandravagen\/","name":"Vandra V\u00e4gen","description":"-Mot en tro f\u00f6r hela livet","publisher":{"@id":"https:\/\/blogg.svenskakyrkan.se\/vandravagen\/#organization"},"potentialAction":[{"@type":"SearchAction","target":{"@type":"EntryPoint","urlTemplate":"https:\/\/blogg.svenskakyrkan.se\/vandravagen\/?s={search_term_string}"},"query-input":{"@type":"PropertyValueSpecification","valueRequired":true,"valueName":"search_term_string"}}],"inLanguage":"sv-SE"},{"@type":"Organization","@id":"https:\/\/blogg.svenskakyrkan.se\/vandravagen\/#organization","name":"ulricehamns pastorat","alternateName":"ulricehamns pastorat","url":"https:\/\/blogg.svenskakyrkan.se\/vandravagen\/","logo":{"@type":"ImageObject","inLanguage":"sv-SE","@id":"https:\/\/blogg.svenskakyrkan.se\/vandravagen\/#\/schema\/logo\/image\/","url":"https:\/\/blogg.svenskakyrkan.se\/vandravagen\/files\/2023\/05\/Ulr_logo_RGB.png","contentUrl":"https:\/\/blogg.svenskakyrkan.se\/vandravagen\/files\/2023\/05\/Ulr_logo_RGB.png","width":205,"height":77,"caption":"ulricehamns pastorat"},"image":{"@id":"https:\/\/blogg.svenskakyrkan.se\/vandravagen\/#\/schema\/logo\/image\/"},"sameAs":["http:\/\/facebook.com\/vandravagen","https:\/\/x.com\/fadertomas","http:\/\/www.facebook.com\/svenskakyrkaniulricehamn"]},{"@type":"Person","@id":"https:\/\/blogg.svenskakyrkan.se\/vandravagen\/#\/schema\/person\/25da02d4f76b137d04291711e2c9fc16","name":"Tomas Jarvid","image":{"@type":"ImageObject","inLanguage":"sv-SE","@id":"https:\/\/blogg.svenskakyrkan.se\/vandravagen\/#\/schema\/person\/image\/","url":"https:\/\/secure.gravatar.com\/avatar\/7fa71899795e8f540f615a1f5ab25255dc27aa40f05ee7ddd21aac521e01bf50?s=96&d=identicon&r=g","contentUrl":"https:\/\/secure.gravatar.com\/avatar\/7fa71899795e8f540f615a1f5ab25255dc27aa40f05ee7ddd21aac521e01bf50?s=96&d=identicon&r=g","caption":"Tomas Jarvid"},"description":"Jag bor i Ulricehamn i V\u00e4sterg\u00f6tland och \u00e4r f\u00f6rsamlingspr\u00e4st i Svenska Kyrkan f\u00f6r Dalstorps f\u00f6rsamling i Kinds pastorat. P\u00e5 den h\u00e4r bloggen skriver jag ner tankar om vandringen som kristen.","sameAs":["http:\/\/www.vandravagen.se"],"url":"https:\/\/blogg.svenskakyrkan.se\/vandravagen\/author\/vandravagen\/"}]}},"author_meta":{"ID":"392","user_nicename":"vandravagen","user_url":"http:\/\/www.vandravagen.se","user_registered":"2014-05-19 05:44:52","display_name":"Tomas Jarvid","first_name":"Tomas","last_name":"Jarvid","avatar":"https:\/\/secure.gravatar.com\/avatar\/7fa71899795e8f540f615a1f5ab25255dc27aa40f05ee7ddd21aac521e01bf50?s=96&d=identicon&r=g"},"featured_image":false,"bloginfo":{"name":"Vandra V\u00e4gen","url":"https:\/\/blogg.svenskakyrkan.se\/vandravagen"},"_links":{"self":[{"href":"https:\/\/blogg.svenskakyrkan.se\/vandravagen\/wp-json\/wp\/v2\/posts\/378","targetHints":{"allow":["GET"]}}],"collection":[{"href":"https:\/\/blogg.svenskakyrkan.se\/vandravagen\/wp-json\/wp\/v2\/posts"}],"about":[{"href":"https:\/\/blogg.svenskakyrkan.se\/vandravagen\/wp-json\/wp\/v2\/types\/post"}],"author":[{"embeddable":true,"href":"https:\/\/blogg.svenskakyrkan.se\/vandravagen\/wp-json\/wp\/v2\/users\/392"}],"replies":[{"embeddable":true,"href":"https:\/\/blogg.svenskakyrkan.se\/vandravagen\/wp-json\/wp\/v2\/comments?post=378"}],"version-history":[{"count":0,"href":"https:\/\/blogg.svenskakyrkan.se\/vandravagen\/wp-json\/wp\/v2\/posts\/378\/revisions"}],"wp:attachment":[{"href":"https:\/\/blogg.svenskakyrkan.se\/vandravagen\/wp-json\/wp\/v2\/media?parent=378"}],"wp:term":[{"taxonomy":"category","embeddable":true,"href":"https:\/\/blogg.svenskakyrkan.se\/vandravagen\/wp-json\/wp\/v2\/categories?post=378"},{"taxonomy":"post_tag","embeddable":true,"href":"https:\/\/blogg.svenskakyrkan.se\/vandravagen\/wp-json\/wp\/v2\/tags?post=378"}],"curies":[{"name":"wp","href":"https:\/\/api.w.org\/{rel}","templated":true}]}}