{"id":3785,"date":"2016-06-18T06:12:04","date_gmt":"2016-06-18T04:12:04","guid":{"rendered":"http:\/\/blogg.svenskakyrkan.se\/vandravagen\/?p=3785"},"modified":"2016-06-18T06:12:04","modified_gmt":"2016-06-18T04:12:04","slug":"vad-ar-egentligen-en-fadder-eller-gudmor","status":"publish","type":"post","link":"https:\/\/blogg.svenskakyrkan.se\/vandravagen\/2016\/06\/18\/vad-ar-egentligen-en-fadder-eller-gudmor\/","title":{"rendered":"Vad \u00e4r egentligen en fadder? Eller gudmor?"},"content":{"rendered":"<div id=\"attachment_4826\" style=\"width: 620px\" class=\"wp-caption aligncenter\"><a href=\"http:\/\/blogg.svenskakyrkan.se\/vandravagen\/files\/2016\/06\/IMG_7857.jpg\"><img loading=\"lazy\" decoding=\"async\" aria-describedby=\"caption-attachment-4826\" class=\"size-full wp-image-4826\" src=\"http:\/\/blogg.svenskakyrkan.se\/vandravagen\/files\/2016\/06\/IMG_7857.jpg\" alt=\"Det h\u00e4r \u00e4r inga dopvittnen, utan de vise m\u00e4nnen och herdarna. De var ju vittnen till barnet som f\u00f6tts s\u00e5 de hade nog blivit bra faddrar?\" width=\"610\" height=\"406\" srcset=\"https:\/\/blogg.svenskakyrkan.se\/vandravagen\/files\/2016\/06\/IMG_7857.jpg 610w, https:\/\/blogg.svenskakyrkan.se\/vandravagen\/files\/2016\/06\/IMG_7857-300x200.jpg 300w, https:\/\/blogg.svenskakyrkan.se\/vandravagen\/files\/2016\/06\/IMG_7857-451x300.jpg 451w\" sizes=\"auto, (max-width: 610px) 100vw, 610px\" \/><\/a><p id=\"caption-attachment-4826\" class=\"wp-caption-text\">Det h\u00e4r \u00e4r inga dopvittnen, utan de vise m\u00e4nnen och herdarna. De var ju vittnen till barnet som f\u00f6tts s\u00e5 de hade nog blivit bra faddrar?<\/p><\/div>\n<p>&nbsp;<\/p>\n<p>Vad \u00e4r egentligen en fadder? Och det d\u00e4r med gudfar och gudmor? Idag vill jag f\u00f6rs\u00f6ka reda ut lite f\u00f6rvirring kring fadderskapet. Jag f\u00e5r erk\u00e4nna att jag sj\u00e4lv haft en r\u00e4tt luddig uppfattning om bakgrunden till faddersederna men s\u00e5 har jag nu tack vare det f\u00e5tt anledning att forska lite i det. S\u00e5 h\u00e4r kommer en liten historietillbakablick.<\/p>\n<p>Som de gamla orden <strong>&#8221;gudfar&#8221; och &#8221;gudmor&#8221;<\/strong> antyder har faddrarna fr\u00e5n b\u00f6rjan varit ett slags extra f\u00f6r\u00e4ldrar med juridisk plikt att ta hand om barnet i h\u00e4ndelse av f\u00f6r\u00e4ldrarnas d\u00f6d. Detta ska g\u00e5 s\u00e5 l\u00e5ngt tillbaka till 300-talet och p\u00e5 den tiden kunde det r\u00f6ra sig om att f\u00f6r\u00e4ldrarna dog i blodiga f\u00f6rf\u00f6ljelser mot kristna (som ju \u00e4r alltf\u00f6r vanligt \u00e4ven idag i v\u00e5r v\u00e4rld) s\u00e5 att det var s\u00e4krast att\u00a0barnen hade\u00a0en\u00a0extra familj.<\/p>\n<p>Den juridiska delen av fadderskapet har nog aldrig varit s\u00e5 stark i Sverige. D\u00e4remot har man sagt att faddrarna ska ta del i ansvaret f\u00f6r barnets kristna fostran. Ett annat ord som f\u00f6rekommer \u00e4r &#8221;dopvittne&#8221;, faddern har bevittnat dopet och det \u00e4r ju bra n\u00e4r man oftast d\u00f6per sp\u00e4dbarn som inte kan minnas sj\u00e4lva om dopet \u00e4gt rum.<\/p>\n<p>Det finns ett gammalt uttryck om gudmodern att hon ska vara <strong>den som &#8221;b\u00e4r barnet till dopet&#8221;.\u00a0<\/strong>Det beror <strong>p\u00e5 att modern sj\u00e4lv faktiskt s\u00e4llan kunde vara med<\/strong> p\u00e5 dopet, hur konstigt det \u00e4n kan l\u00e5ta f\u00f6r oss idag. Dopet skulle ske snabbt, inom 8 dagar (som f\u00f6r \u00f6vrigt i gamla testamentet \u00e4r tiden f\u00f6r pojkarnas omsk\u00e4relse), och modern skulle i sin tur vara hemma 40 dagar och vila innan hon gick till kyrkan d\u00e4r det bads tackb\u00f6n f\u00f6r att allt g\u00e5tt bra. Detta kallas p\u00e5 gammalt spr\u00e5k f\u00f6r &#8221;kyrktagning&#8221; och till\u00e4mpades f\u00f6r inte s\u00e5 l\u00e4nge sedan i de trakter d\u00e4r jag nu tj\u00e4nstg\u00f6r. \u00c4ven detta har en bakgrund i gamla testamentet (3 mos 12). Effekten blev allts\u00e5\u00a0att modern inte kunde vara med vid dopet.<\/p>\n<p>Men vilka kan\u00a0d\u00e5 bli faddrar?<\/p>\n<p>I det senaste handboksf\u00f6rslaget uttrycker man det ganska enkelt och klart:<\/p>\n<blockquote>\n<p>&#8221;Den som \u00e4r fadder ska vara d\u00f6pt. Fadderskapets betydelse \u00e4r att vara ett st\u00f6d f\u00f6r dopkandidaten i hennes\/hans v\u00e4xt och mognad som m\u00e4nniska och kristen&#8221;<\/p>\n<\/blockquote>\n<p>Lite kr\u00e5ngligare stod det i 1686 \u00e5rs kyrkolag som g\u00e4llt l\u00e4nge i v\u00e5rt land. D\u00e4r st\u00e5r det:<\/p>\n<p>\u00a7. V. Efter thet \u00e4r en gammal, god och Christelig seed, at wid D\u00f6pelsen brukas n\u00e5gre Personer, <strong>them man kallar Faddrar<\/strong>, som \u00e4re <strong>Witnen<\/strong> til Barnens Doop, s\u00e5 skal then och h\u00e4dan effter som h\u00e4r til beh\u00e5llen warda; Doch ther til inge andre biudas, \u00e4n the som <strong>\u00e4re af w\u00e5r Religion<\/strong>, til <strong>laga \u00e5lder komne<\/strong>, och i <strong>Catechismi l\u00e4ra\u00a0s\u00e4l\u00a0kunnige (de skulle allts\u00e5 vara konfirmerade)<\/strong>. Then som n\u00e5gon uppenbar Last och Missg\u00e4rning \u00f6fwertygat \u00e4r, skal til Fadder ingalunda biudas, eller af Pr\u00e4sten, utan f\u00f6reg\u00e5ngen b\u00e4ttring, till\u00e5ten warda.<\/p>\n<p>Hur m\u00e5nga faddrar man hade kunde variera en hel del. I svensk medeltid hade man nog oftast tre men efter reformationen \u00f6kade antalet och har varierat kraftigt p\u00e5 olika platser i olika tider. I H\u00e4rn\u00f6sand fanns det exempel p\u00e5 upp till 18 faddrar vid mitten av 1800-talet! Man kan ocks\u00e5 se att det var en statusmark\u00f6r i samh\u00e4llet att ha m\u00e5nga faddrar. Kyrkan f\u00f6rs\u00f6kte m\u00e5nga g\u00e5nger h\u00e5lla nere fadderantalet. Att bli fadder har f\u00f6rst\u00e5s alltid varit en stor heder s\u00e5 valet av faddrar kunde ofta anv\u00e4ndas strategiskt. Man kunde f\u00f6rs\u00f6ka knyta band till en familj som hade det n\u00e5got b\u00e4ttre st\u00e4llt eller som kunde ge hj\u00e4lp genom sin sociala st\u00e4llning. P\u00e5 landet var det betydligt vanligare \u00e4n i staden att man valde faddrar fr\u00e5n sl\u00e4kten, och s\u00e5 ser det f\u00f6rmodligen ut \u00e4ven idag?<\/p>\n<p>Vad har du f\u00f6r erfarenhet av dina egna faddrar eller av att vara fadder? Skriv g\u00e4rna en kommentar om det! Det verkar som att det finns ganska olika id\u00e9er i omlopp om vad man kan f\u00f6rv\u00e4nta sig av en fadder?<\/p>\n","protected":false},"excerpt":{"rendered":"<p>&nbsp; Vad \u00e4r egentligen en fadder? Och det d\u00e4r med gudfar och gudmor? Idag vill jag f\u00f6rs\u00f6ka reda ut lite f\u00f6rvirring kring fadderskapet. Jag f\u00e5r erk\u00e4nna att jag sj\u00e4lv haft en r\u00e4tt luddig uppfattning om bakgrunden till faddersederna men s\u00e5 har jag nu tack vare det f\u00e5tt anledning att forska lite i det. S\u00e5 h\u00e4r [&hellip;]<\/p>\n","protected":false},"author":392,"featured_media":0,"comment_status":"open","ping_status":"open","sticky":false,"template":"","format":"standard","meta":{"_acf_changed":false,"footnotes":""},"categories":[76189,8288,8337],"tags":[81124],"class_list":["post-3785","post","type-post","status-publish","format-standard","hentry","category-dagens-kyrka","category-dop","category-historia","tag-fadder"],"acf":[],"yoast_head":"<!-- This site is optimized with the Yoast SEO plugin v27.1.1 - https:\/\/yoast.com\/product\/yoast-seo-wordpress\/ -->\n<title>Vad \u00e4r egentligen en fadder? Eller gudmor? - Vandra V\u00e4gen<\/title>\n<meta name=\"robots\" content=\"index, follow, max-snippet:-1, max-image-preview:large, max-video-preview:-1\" \/>\n<link rel=\"canonical\" href=\"https:\/\/blogg.svenskakyrkan.se\/vandravagen\/2016\/06\/18\/vad-ar-egentligen-en-fadder-eller-gudmor\/\" \/>\n<meta property=\"og:locale\" content=\"sv_SE\" \/>\n<meta property=\"og:type\" content=\"article\" \/>\n<meta property=\"og:title\" content=\"Vad \u00e4r egentligen en fadder? Eller gudmor? - Vandra V\u00e4gen\" \/>\n<meta property=\"og:description\" content=\"&nbsp; Vad \u00e4r egentligen en fadder? Och det d\u00e4r med gudfar och gudmor? Idag vill jag f\u00f6rs\u00f6ka reda ut lite f\u00f6rvirring kring fadderskapet. Jag f\u00e5r erk\u00e4nna att jag sj\u00e4lv haft en r\u00e4tt luddig uppfattning om bakgrunden till faddersederna men s\u00e5 har jag nu tack vare det f\u00e5tt anledning att forska lite i det. S\u00e5 h\u00e4r [&hellip;]\" \/>\n<meta property=\"og:url\" content=\"https:\/\/blogg.svenskakyrkan.se\/vandravagen\/2016\/06\/18\/vad-ar-egentligen-en-fadder-eller-gudmor\/\" \/>\n<meta property=\"og:site_name\" content=\"Vandra V\u00e4gen\" \/>\n<meta property=\"article:publisher\" content=\"http:\/\/facebook.com\/vandravagen\" \/>\n<meta property=\"article:published_time\" content=\"2016-06-18T04:12:04+00:00\" \/>\n<meta property=\"og:image\" content=\"http:\/\/blogg.svenskakyrkan.se\/vandravagen\/files\/2016\/06\/IMG_7857.jpg\" \/>\n<meta name=\"author\" content=\"Tomas Jarvid\" \/>\n<meta name=\"twitter:card\" content=\"summary_large_image\" \/>\n<meta name=\"twitter:creator\" content=\"@fadertomas\" \/>\n<meta name=\"twitter:site\" content=\"@fadertomas\" \/>\n<meta name=\"twitter:label1\" content=\"Skriven av\" \/>\n\t<meta name=\"twitter:data1\" content=\"Tomas Jarvid\" \/>\n\t<meta name=\"twitter:label2\" content=\"Ber\u00e4knad l\u00e4stid\" \/>\n\t<meta name=\"twitter:data2\" content=\"4 minuter\" \/>\n<script type=\"application\/ld+json\" class=\"yoast-schema-graph\">{\"@context\":\"https:\/\/schema.org\",\"@graph\":[{\"@type\":\"Article\",\"@id\":\"https:\/\/blogg.svenskakyrkan.se\/vandravagen\/2016\/06\/18\/vad-ar-egentligen-en-fadder-eller-gudmor\/#article\",\"isPartOf\":{\"@id\":\"https:\/\/blogg.svenskakyrkan.se\/vandravagen\/2016\/06\/18\/vad-ar-egentligen-en-fadder-eller-gudmor\/\"},\"author\":{\"name\":\"Tomas Jarvid\",\"@id\":\"https:\/\/blogg.svenskakyrkan.se\/vandravagen\/#\/schema\/person\/25da02d4f76b137d04291711e2c9fc16\"},\"headline\":\"Vad \u00e4r egentligen en fadder? Eller gudmor?\",\"datePublished\":\"2016-06-18T04:12:04+00:00\",\"mainEntityOfPage\":{\"@id\":\"https:\/\/blogg.svenskakyrkan.se\/vandravagen\/2016\/06\/18\/vad-ar-egentligen-en-fadder-eller-gudmor\/\"},\"wordCount\":787,\"commentCount\":4,\"publisher\":{\"@id\":\"https:\/\/blogg.svenskakyrkan.se\/vandravagen\/#organization\"},\"image\":{\"@id\":\"https:\/\/blogg.svenskakyrkan.se\/vandravagen\/2016\/06\/18\/vad-ar-egentligen-en-fadder-eller-gudmor\/#primaryimage\"},\"thumbnailUrl\":\"http:\/\/blogg.svenskakyrkan.se\/vandravagen\/files\/2016\/06\/IMG_7857.jpg\",\"keywords\":[\"fadder\"],\"articleSection\":[\"Dagens Kyrka\",\"dop\",\"historia\"],\"inLanguage\":\"sv-SE\",\"potentialAction\":[{\"@type\":\"CommentAction\",\"name\":\"Comment\",\"target\":[\"https:\/\/blogg.svenskakyrkan.se\/vandravagen\/2016\/06\/18\/vad-ar-egentligen-en-fadder-eller-gudmor\/#respond\"]}]},{\"@type\":\"WebPage\",\"@id\":\"https:\/\/blogg.svenskakyrkan.se\/vandravagen\/2016\/06\/18\/vad-ar-egentligen-en-fadder-eller-gudmor\/\",\"url\":\"https:\/\/blogg.svenskakyrkan.se\/vandravagen\/2016\/06\/18\/vad-ar-egentligen-en-fadder-eller-gudmor\/\",\"name\":\"Vad \u00e4r egentligen en fadder? Eller gudmor? - Vandra V\u00e4gen\",\"isPartOf\":{\"@id\":\"https:\/\/blogg.svenskakyrkan.se\/vandravagen\/#website\"},\"primaryImageOfPage\":{\"@id\":\"https:\/\/blogg.svenskakyrkan.se\/vandravagen\/2016\/06\/18\/vad-ar-egentligen-en-fadder-eller-gudmor\/#primaryimage\"},\"image\":{\"@id\":\"https:\/\/blogg.svenskakyrkan.se\/vandravagen\/2016\/06\/18\/vad-ar-egentligen-en-fadder-eller-gudmor\/#primaryimage\"},\"thumbnailUrl\":\"http:\/\/blogg.svenskakyrkan.se\/vandravagen\/files\/2016\/06\/IMG_7857.jpg\",\"datePublished\":\"2016-06-18T04:12:04+00:00\",\"breadcrumb\":{\"@id\":\"https:\/\/blogg.svenskakyrkan.se\/vandravagen\/2016\/06\/18\/vad-ar-egentligen-en-fadder-eller-gudmor\/#breadcrumb\"},\"inLanguage\":\"sv-SE\",\"potentialAction\":[{\"@type\":\"ReadAction\",\"target\":[\"https:\/\/blogg.svenskakyrkan.se\/vandravagen\/2016\/06\/18\/vad-ar-egentligen-en-fadder-eller-gudmor\/\"]}]},{\"@type\":\"ImageObject\",\"inLanguage\":\"sv-SE\",\"@id\":\"https:\/\/blogg.svenskakyrkan.se\/vandravagen\/2016\/06\/18\/vad-ar-egentligen-en-fadder-eller-gudmor\/#primaryimage\",\"url\":\"http:\/\/blogg.svenskakyrkan.se\/vandravagen\/files\/2016\/06\/IMG_7857.jpg\",\"contentUrl\":\"http:\/\/blogg.svenskakyrkan.se\/vandravagen\/files\/2016\/06\/IMG_7857.jpg\"},{\"@type\":\"BreadcrumbList\",\"@id\":\"https:\/\/blogg.svenskakyrkan.se\/vandravagen\/2016\/06\/18\/vad-ar-egentligen-en-fadder-eller-gudmor\/#breadcrumb\",\"itemListElement\":[{\"@type\":\"ListItem\",\"position\":1,\"name\":\"Hem\",\"item\":\"https:\/\/blogg.svenskakyrkan.se\/vandravagen\/\"},{\"@type\":\"ListItem\",\"position\":2,\"name\":\"fadder\",\"item\":\"https:\/\/blogg.svenskakyrkan.se\/vandravagen\/tag\/fadder\/\"},{\"@type\":\"ListItem\",\"position\":3,\"name\":\"Vad \u00e4r egentligen en fadder? Eller gudmor?\"}]},{\"@type\":\"WebSite\",\"@id\":\"https:\/\/blogg.svenskakyrkan.se\/vandravagen\/#website\",\"url\":\"https:\/\/blogg.svenskakyrkan.se\/vandravagen\/\",\"name\":\"Vandra V\u00e4gen\",\"description\":\"-Mot en tro f\u00f6r hela livet\",\"publisher\":{\"@id\":\"https:\/\/blogg.svenskakyrkan.se\/vandravagen\/#organization\"},\"potentialAction\":[{\"@type\":\"SearchAction\",\"target\":{\"@type\":\"EntryPoint\",\"urlTemplate\":\"https:\/\/blogg.svenskakyrkan.se\/vandravagen\/?s={search_term_string}\"},\"query-input\":{\"@type\":\"PropertyValueSpecification\",\"valueRequired\":true,\"valueName\":\"search_term_string\"}}],\"inLanguage\":\"sv-SE\"},{\"@type\":\"Organization\",\"@id\":\"https:\/\/blogg.svenskakyrkan.se\/vandravagen\/#organization\",\"name\":\"ulricehamns pastorat\",\"alternateName\":\"ulricehamns pastorat\",\"url\":\"https:\/\/blogg.svenskakyrkan.se\/vandravagen\/\",\"logo\":{\"@type\":\"ImageObject\",\"inLanguage\":\"sv-SE\",\"@id\":\"https:\/\/blogg.svenskakyrkan.se\/vandravagen\/#\/schema\/logo\/image\/\",\"url\":\"https:\/\/blogg.svenskakyrkan.se\/vandravagen\/files\/2023\/05\/Ulr_logo_RGB.png\",\"contentUrl\":\"https:\/\/blogg.svenskakyrkan.se\/vandravagen\/files\/2023\/05\/Ulr_logo_RGB.png\",\"width\":205,\"height\":77,\"caption\":\"ulricehamns pastorat\"},\"image\":{\"@id\":\"https:\/\/blogg.svenskakyrkan.se\/vandravagen\/#\/schema\/logo\/image\/\"},\"sameAs\":[\"http:\/\/facebook.com\/vandravagen\",\"https:\/\/x.com\/fadertomas\",\"http:\/\/www.facebook.com\/svenskakyrkaniulricehamn\"]},{\"@type\":\"Person\",\"@id\":\"https:\/\/blogg.svenskakyrkan.se\/vandravagen\/#\/schema\/person\/25da02d4f76b137d04291711e2c9fc16\",\"name\":\"Tomas Jarvid\",\"image\":{\"@type\":\"ImageObject\",\"inLanguage\":\"sv-SE\",\"@id\":\"https:\/\/blogg.svenskakyrkan.se\/vandravagen\/#\/schema\/person\/image\/\",\"url\":\"https:\/\/secure.gravatar.com\/avatar\/7fa71899795e8f540f615a1f5ab25255dc27aa40f05ee7ddd21aac521e01bf50?s=96&d=identicon&r=g\",\"contentUrl\":\"https:\/\/secure.gravatar.com\/avatar\/7fa71899795e8f540f615a1f5ab25255dc27aa40f05ee7ddd21aac521e01bf50?s=96&d=identicon&r=g\",\"caption\":\"Tomas Jarvid\"},\"description\":\"Jag bor i Ulricehamn i V\u00e4sterg\u00f6tland och \u00e4r f\u00f6rsamlingspr\u00e4st i Svenska Kyrkan f\u00f6r Dalstorps f\u00f6rsamling i Kinds pastorat. P\u00e5 den h\u00e4r bloggen skriver jag ner tankar om vandringen som kristen.\",\"sameAs\":[\"http:\/\/www.vandravagen.se\"],\"url\":\"https:\/\/blogg.svenskakyrkan.se\/vandravagen\/author\/vandravagen\/\"}]}<\/script>\n<!-- \/ Yoast SEO plugin. -->","yoast_head_json":{"title":"Vad \u00e4r egentligen en fadder? Eller gudmor? - Vandra V\u00e4gen","robots":{"index":"index","follow":"follow","max-snippet":"max-snippet:-1","max-image-preview":"max-image-preview:large","max-video-preview":"max-video-preview:-1"},"canonical":"https:\/\/blogg.svenskakyrkan.se\/vandravagen\/2016\/06\/18\/vad-ar-egentligen-en-fadder-eller-gudmor\/","og_locale":"sv_SE","og_type":"article","og_title":"Vad \u00e4r egentligen en fadder? Eller gudmor? - Vandra V\u00e4gen","og_description":"&nbsp; Vad \u00e4r egentligen en fadder? Och det d\u00e4r med gudfar och gudmor? Idag vill jag f\u00f6rs\u00f6ka reda ut lite f\u00f6rvirring kring fadderskapet. Jag f\u00e5r erk\u00e4nna att jag sj\u00e4lv haft en r\u00e4tt luddig uppfattning om bakgrunden till faddersederna men s\u00e5 har jag nu tack vare det f\u00e5tt anledning att forska lite i det. S\u00e5 h\u00e4r [&hellip;]","og_url":"https:\/\/blogg.svenskakyrkan.se\/vandravagen\/2016\/06\/18\/vad-ar-egentligen-en-fadder-eller-gudmor\/","og_site_name":"Vandra V\u00e4gen","article_publisher":"http:\/\/facebook.com\/vandravagen","article_published_time":"2016-06-18T04:12:04+00:00","og_image":[{"url":"http:\/\/blogg.svenskakyrkan.se\/vandravagen\/files\/2016\/06\/IMG_7857.jpg","type":"","width":"","height":""}],"author":"Tomas Jarvid","twitter_card":"summary_large_image","twitter_creator":"@fadertomas","twitter_site":"@fadertomas","twitter_misc":{"Skriven av":"Tomas Jarvid","Ber\u00e4knad l\u00e4stid":"4 minuter"},"schema":{"@context":"https:\/\/schema.org","@graph":[{"@type":"Article","@id":"https:\/\/blogg.svenskakyrkan.se\/vandravagen\/2016\/06\/18\/vad-ar-egentligen-en-fadder-eller-gudmor\/#article","isPartOf":{"@id":"https:\/\/blogg.svenskakyrkan.se\/vandravagen\/2016\/06\/18\/vad-ar-egentligen-en-fadder-eller-gudmor\/"},"author":{"name":"Tomas Jarvid","@id":"https:\/\/blogg.svenskakyrkan.se\/vandravagen\/#\/schema\/person\/25da02d4f76b137d04291711e2c9fc16"},"headline":"Vad \u00e4r egentligen en fadder? Eller gudmor?","datePublished":"2016-06-18T04:12:04+00:00","mainEntityOfPage":{"@id":"https:\/\/blogg.svenskakyrkan.se\/vandravagen\/2016\/06\/18\/vad-ar-egentligen-en-fadder-eller-gudmor\/"},"wordCount":787,"commentCount":4,"publisher":{"@id":"https:\/\/blogg.svenskakyrkan.se\/vandravagen\/#organization"},"image":{"@id":"https:\/\/blogg.svenskakyrkan.se\/vandravagen\/2016\/06\/18\/vad-ar-egentligen-en-fadder-eller-gudmor\/#primaryimage"},"thumbnailUrl":"http:\/\/blogg.svenskakyrkan.se\/vandravagen\/files\/2016\/06\/IMG_7857.jpg","keywords":["fadder"],"articleSection":["Dagens Kyrka","dop","historia"],"inLanguage":"sv-SE","potentialAction":[{"@type":"CommentAction","name":"Comment","target":["https:\/\/blogg.svenskakyrkan.se\/vandravagen\/2016\/06\/18\/vad-ar-egentligen-en-fadder-eller-gudmor\/#respond"]}]},{"@type":"WebPage","@id":"https:\/\/blogg.svenskakyrkan.se\/vandravagen\/2016\/06\/18\/vad-ar-egentligen-en-fadder-eller-gudmor\/","url":"https:\/\/blogg.svenskakyrkan.se\/vandravagen\/2016\/06\/18\/vad-ar-egentligen-en-fadder-eller-gudmor\/","name":"Vad \u00e4r egentligen en fadder? Eller gudmor? - Vandra V\u00e4gen","isPartOf":{"@id":"https:\/\/blogg.svenskakyrkan.se\/vandravagen\/#website"},"primaryImageOfPage":{"@id":"https:\/\/blogg.svenskakyrkan.se\/vandravagen\/2016\/06\/18\/vad-ar-egentligen-en-fadder-eller-gudmor\/#primaryimage"},"image":{"@id":"https:\/\/blogg.svenskakyrkan.se\/vandravagen\/2016\/06\/18\/vad-ar-egentligen-en-fadder-eller-gudmor\/#primaryimage"},"thumbnailUrl":"http:\/\/blogg.svenskakyrkan.se\/vandravagen\/files\/2016\/06\/IMG_7857.jpg","datePublished":"2016-06-18T04:12:04+00:00","breadcrumb":{"@id":"https:\/\/blogg.svenskakyrkan.se\/vandravagen\/2016\/06\/18\/vad-ar-egentligen-en-fadder-eller-gudmor\/#breadcrumb"},"inLanguage":"sv-SE","potentialAction":[{"@type":"ReadAction","target":["https:\/\/blogg.svenskakyrkan.se\/vandravagen\/2016\/06\/18\/vad-ar-egentligen-en-fadder-eller-gudmor\/"]}]},{"@type":"ImageObject","inLanguage":"sv-SE","@id":"https:\/\/blogg.svenskakyrkan.se\/vandravagen\/2016\/06\/18\/vad-ar-egentligen-en-fadder-eller-gudmor\/#primaryimage","url":"http:\/\/blogg.svenskakyrkan.se\/vandravagen\/files\/2016\/06\/IMG_7857.jpg","contentUrl":"http:\/\/blogg.svenskakyrkan.se\/vandravagen\/files\/2016\/06\/IMG_7857.jpg"},{"@type":"BreadcrumbList","@id":"https:\/\/blogg.svenskakyrkan.se\/vandravagen\/2016\/06\/18\/vad-ar-egentligen-en-fadder-eller-gudmor\/#breadcrumb","itemListElement":[{"@type":"ListItem","position":1,"name":"Hem","item":"https:\/\/blogg.svenskakyrkan.se\/vandravagen\/"},{"@type":"ListItem","position":2,"name":"fadder","item":"https:\/\/blogg.svenskakyrkan.se\/vandravagen\/tag\/fadder\/"},{"@type":"ListItem","position":3,"name":"Vad \u00e4r egentligen en fadder? Eller gudmor?"}]},{"@type":"WebSite","@id":"https:\/\/blogg.svenskakyrkan.se\/vandravagen\/#website","url":"https:\/\/blogg.svenskakyrkan.se\/vandravagen\/","name":"Vandra V\u00e4gen","description":"-Mot en tro f\u00f6r hela livet","publisher":{"@id":"https:\/\/blogg.svenskakyrkan.se\/vandravagen\/#organization"},"potentialAction":[{"@type":"SearchAction","target":{"@type":"EntryPoint","urlTemplate":"https:\/\/blogg.svenskakyrkan.se\/vandravagen\/?s={search_term_string}"},"query-input":{"@type":"PropertyValueSpecification","valueRequired":true,"valueName":"search_term_string"}}],"inLanguage":"sv-SE"},{"@type":"Organization","@id":"https:\/\/blogg.svenskakyrkan.se\/vandravagen\/#organization","name":"ulricehamns pastorat","alternateName":"ulricehamns pastorat","url":"https:\/\/blogg.svenskakyrkan.se\/vandravagen\/","logo":{"@type":"ImageObject","inLanguage":"sv-SE","@id":"https:\/\/blogg.svenskakyrkan.se\/vandravagen\/#\/schema\/logo\/image\/","url":"https:\/\/blogg.svenskakyrkan.se\/vandravagen\/files\/2023\/05\/Ulr_logo_RGB.png","contentUrl":"https:\/\/blogg.svenskakyrkan.se\/vandravagen\/files\/2023\/05\/Ulr_logo_RGB.png","width":205,"height":77,"caption":"ulricehamns pastorat"},"image":{"@id":"https:\/\/blogg.svenskakyrkan.se\/vandravagen\/#\/schema\/logo\/image\/"},"sameAs":["http:\/\/facebook.com\/vandravagen","https:\/\/x.com\/fadertomas","http:\/\/www.facebook.com\/svenskakyrkaniulricehamn"]},{"@type":"Person","@id":"https:\/\/blogg.svenskakyrkan.se\/vandravagen\/#\/schema\/person\/25da02d4f76b137d04291711e2c9fc16","name":"Tomas Jarvid","image":{"@type":"ImageObject","inLanguage":"sv-SE","@id":"https:\/\/blogg.svenskakyrkan.se\/vandravagen\/#\/schema\/person\/image\/","url":"https:\/\/secure.gravatar.com\/avatar\/7fa71899795e8f540f615a1f5ab25255dc27aa40f05ee7ddd21aac521e01bf50?s=96&d=identicon&r=g","contentUrl":"https:\/\/secure.gravatar.com\/avatar\/7fa71899795e8f540f615a1f5ab25255dc27aa40f05ee7ddd21aac521e01bf50?s=96&d=identicon&r=g","caption":"Tomas Jarvid"},"description":"Jag bor i Ulricehamn i V\u00e4sterg\u00f6tland och \u00e4r f\u00f6rsamlingspr\u00e4st i Svenska Kyrkan f\u00f6r Dalstorps f\u00f6rsamling i Kinds pastorat. P\u00e5 den h\u00e4r bloggen skriver jag ner tankar om vandringen som kristen.","sameAs":["http:\/\/www.vandravagen.se"],"url":"https:\/\/blogg.svenskakyrkan.se\/vandravagen\/author\/vandravagen\/"}]}},"author_meta":{"ID":"392","user_nicename":"vandravagen","user_url":"http:\/\/www.vandravagen.se","user_registered":"2014-05-19 05:44:52","display_name":"Tomas Jarvid","first_name":"Tomas","last_name":"Jarvid","avatar":"https:\/\/secure.gravatar.com\/avatar\/7fa71899795e8f540f615a1f5ab25255dc27aa40f05ee7ddd21aac521e01bf50?s=96&d=identicon&r=g"},"featured_image":false,"bloginfo":{"name":"Vandra V\u00e4gen","url":"https:\/\/blogg.svenskakyrkan.se\/vandravagen"},"_links":{"self":[{"href":"https:\/\/blogg.svenskakyrkan.se\/vandravagen\/wp-json\/wp\/v2\/posts\/3785","targetHints":{"allow":["GET"]}}],"collection":[{"href":"https:\/\/blogg.svenskakyrkan.se\/vandravagen\/wp-json\/wp\/v2\/posts"}],"about":[{"href":"https:\/\/blogg.svenskakyrkan.se\/vandravagen\/wp-json\/wp\/v2\/types\/post"}],"author":[{"embeddable":true,"href":"https:\/\/blogg.svenskakyrkan.se\/vandravagen\/wp-json\/wp\/v2\/users\/392"}],"replies":[{"embeddable":true,"href":"https:\/\/blogg.svenskakyrkan.se\/vandravagen\/wp-json\/wp\/v2\/comments?post=3785"}],"version-history":[{"count":5,"href":"https:\/\/blogg.svenskakyrkan.se\/vandravagen\/wp-json\/wp\/v2\/posts\/3785\/revisions"}],"predecessor-version":[{"id":4827,"href":"https:\/\/blogg.svenskakyrkan.se\/vandravagen\/wp-json\/wp\/v2\/posts\/3785\/revisions\/4827"}],"wp:attachment":[{"href":"https:\/\/blogg.svenskakyrkan.se\/vandravagen\/wp-json\/wp\/v2\/media?parent=3785"}],"wp:term":[{"taxonomy":"category","embeddable":true,"href":"https:\/\/blogg.svenskakyrkan.se\/vandravagen\/wp-json\/wp\/v2\/categories?post=3785"},{"taxonomy":"post_tag","embeddable":true,"href":"https:\/\/blogg.svenskakyrkan.se\/vandravagen\/wp-json\/wp\/v2\/tags?post=3785"}],"curies":[{"name":"wp","href":"https:\/\/api.w.org\/{rel}","templated":true}]}}