{"id":379,"date":"2013-08-29T19:06:00","date_gmt":"2013-08-29T17:06:00","guid":{"rendered":"http:\/\/blogg.svenskakyrkan.se\/vandravagen\/2013\/08\/29\/vad-forestaller-bilden-del-xxiv\/"},"modified":"2013-08-29T19:06:00","modified_gmt":"2013-08-29T17:06:00","slug":"vad-forestaller-bilden-del-xxiv","status":"publish","type":"post","link":"https:\/\/blogg.svenskakyrkan.se\/vandravagen\/2013\/08\/29\/vad-forestaller-bilden-del-xxiv\/","title":{"rendered":"Vad f\u00f6rest\u00e4ller bilden del XXIV"},"content":{"rendered":"<div><a href=\"http:\/\/1.bp.blogspot.com\/-PY_EycJlRiE\/Uh7vRCiemPI\/AAAAAAAAFC4\/W_MOaJRLhFc\/s1600\/IMG_3550b.jpg\"><img loading=\"lazy\" decoding=\"async\" border=\"0\" height=\"640\" src=\"http:\/\/1.bp.blogspot.com\/-PY_EycJlRiE\/Uh7vRCiemPI\/AAAAAAAAFC4\/W_MOaJRLhFc\/s640\/IMG_3550b.jpg\" width=\"472\"><\/a><\/div>\n<div><\/div>\n<div>Vips s\u00e5 hade det g\u00e5tt tv\u00e5 veckor sedan senaste bildg\u00e5tan, hur gick det till? Det verkar dessutom vara s\u00e5 l\u00e4nge sedan att jag inte kan se p\u00e5 facebook vem som svarade vad, illa, illa! Ni som vet att ni svarat r\u00e4tt kan ju ber\u00e4tta det f\u00f6r n\u00e5gon i er omgivning och mottaga deras respekt. Eller n\u00e5t. Jag vet dock att Marcus H svarat r\u00e4tt p\u00e5 twitter. Det \u00e4r n\u00e4mligen profeten Elia vi ser, k\u00e4nd fr\u00e5n kungab\u00f6ckerna, f\u00f6r sin mantel och sin starka blick (enligt bilden). Den som kan l\u00e4sa grekiska bokst\u00e4ver i ikonstil kan l\u00e4sa ut det av att det faktiskt st\u00e5r p\u00e5, vilket Stefan p\u00e5pekat. En ledtr\u00e5d \u00e4r ocks\u00e5 korpen som kommer med mat till Elia under den sv\u00e5ra torkan d\u00e5 Gud hindrat regnet efter Elias b\u00f6n om det. Elia \u00e4r gamla testamentets verkliga superhj\u00e4ltegestalt, den som g\u00f6r de st\u00f6rsta och h\u00e4ftigaste underverken. Han och Mose r\u00e4knas som de fr\u00e4msta profeterna i gamla f\u00f6rbundet, d\u00e4rf\u00f6r \u00e4r det dem Jesus st\u00e5r bland p\u00e5 f\u00f6rklaringsberget.<\/div>\n<div><\/div>\n<div><\/div>\n<div><\/div>\n<div>&#8212;-<\/div>\n<div>Bra, bra. H\u00e4r kommer en annan fr\u00e5ga (tack vare Simon \u00e4n en g\u00e5ng). Vem f\u00f6rest\u00e4ller den h\u00e4r bilden?<\/div>\n<\/p>\n<div><a href=\"http:\/\/4.bp.blogspot.com\/-kMbZU6Ils84\/Uh7vRD0k6qI\/AAAAAAAAFC8\/Z3WHq5A8C-s\/s1600\/IMG_3553.jpg\"><img loading=\"lazy\" decoding=\"async\" border=\"0\" height=\"640\" src=\"http:\/\/4.bp.blogspot.com\/-kMbZU6Ils84\/Uh7vRD0k6qI\/AAAAAAAAFC8\/Z3WHq5A8C-s\/s640\/IMG_3553.jpg\" width=\"484\"><\/a><\/div>\n<div><\/div>\n<div>Svara via epost, facebook, twitter, kommentarsf\u00e4lt, flaskpost etc. S\u00e5 kommer r\u00e4tt svar ut vilken vecka som helst&#8230;<\/div><\/p>\n","protected":false},"excerpt":{"rendered":"<p>Vips s\u00e5 hade det g\u00e5tt tv\u00e5 veckor sedan senaste bildg\u00e5tan, hur gick det till? Det verkar dessutom vara s\u00e5 l\u00e4nge sedan att jag inte kan se p\u00e5 facebook vem som svarade vad, illa, illa! Ni som vet att ni svarat r\u00e4tt kan ju ber\u00e4tta det f\u00f6r n\u00e5gon i er omgivning och mottaga deras respekt. Eller [&hellip;]<\/p>\n","protected":false},"author":392,"featured_media":0,"comment_status":"open","ping_status":"open","sticky":false,"template":"","format":"standard","meta":{"_acf_changed":false,"footnotes":""},"categories":[79126],"tags":[],"class_list":["post-379","post","type-post","status-publish","format-standard","hentry","category-bildgatan"],"acf":[],"yoast_head":"<!-- This site is optimized with the Yoast SEO plugin v27.1.1 - https:\/\/yoast.com\/product\/yoast-seo-wordpress\/ -->\n<title>Vad f\u00f6rest\u00e4ller bilden del XXIV - Vandra V\u00e4gen<\/title>\n<meta name=\"robots\" content=\"index, follow, max-snippet:-1, max-image-preview:large, max-video-preview:-1\" \/>\n<link rel=\"canonical\" href=\"https:\/\/blogg.svenskakyrkan.se\/vandravagen\/2013\/08\/29\/vad-forestaller-bilden-del-xxiv\/\" \/>\n<meta property=\"og:locale\" content=\"sv_SE\" \/>\n<meta property=\"og:type\" content=\"article\" \/>\n<meta property=\"og:title\" content=\"Vad f\u00f6rest\u00e4ller bilden del XXIV - Vandra V\u00e4gen\" \/>\n<meta property=\"og:description\" content=\"Vips s\u00e5 hade det g\u00e5tt tv\u00e5 veckor sedan senaste bildg\u00e5tan, hur gick det till? Det verkar dessutom vara s\u00e5 l\u00e4nge sedan att jag inte kan se p\u00e5 facebook vem som svarade vad, illa, illa! Ni som vet att ni svarat r\u00e4tt kan ju ber\u00e4tta det f\u00f6r n\u00e5gon i er omgivning och mottaga deras respekt. Eller [&hellip;]\" \/>\n<meta property=\"og:url\" content=\"https:\/\/blogg.svenskakyrkan.se\/vandravagen\/2013\/08\/29\/vad-forestaller-bilden-del-xxiv\/\" \/>\n<meta property=\"og:site_name\" content=\"Vandra V\u00e4gen\" \/>\n<meta property=\"article:publisher\" content=\"http:\/\/facebook.com\/vandravagen\" \/>\n<meta property=\"article:published_time\" content=\"2013-08-29T17:06:00+00:00\" \/>\n<meta property=\"og:image\" content=\"http:\/\/1.bp.blogspot.com\/-PY_EycJlRiE\/Uh7vRCiemPI\/AAAAAAAAFC4\/W_MOaJRLhFc\/s640\/IMG_3550b.jpg\" \/>\n<meta name=\"author\" content=\"Tomas Jarvid\" \/>\n<meta name=\"twitter:card\" content=\"summary_large_image\" \/>\n<meta name=\"twitter:creator\" content=\"@fadertomas\" \/>\n<meta name=\"twitter:site\" content=\"@fadertomas\" \/>\n<meta name=\"twitter:label1\" content=\"Skriven av\" \/>\n\t<meta name=\"twitter:data1\" content=\"Tomas Jarvid\" \/>\n\t<meta name=\"twitter:label2\" content=\"Ber\u00e4knad l\u00e4stid\" \/>\n\t<meta name=\"twitter:data2\" content=\"1 minut\" \/>\n<script type=\"application\/ld+json\" class=\"yoast-schema-graph\">{\"@context\":\"https:\/\/schema.org\",\"@graph\":[{\"@type\":\"Article\",\"@id\":\"https:\/\/blogg.svenskakyrkan.se\/vandravagen\/2013\/08\/29\/vad-forestaller-bilden-del-xxiv\/#article\",\"isPartOf\":{\"@id\":\"https:\/\/blogg.svenskakyrkan.se\/vandravagen\/2013\/08\/29\/vad-forestaller-bilden-del-xxiv\/\"},\"author\":{\"name\":\"Tomas Jarvid\",\"@id\":\"https:\/\/blogg.svenskakyrkan.se\/vandravagen\/#\/schema\/person\/25da02d4f76b137d04291711e2c9fc16\"},\"headline\":\"Vad f\u00f6rest\u00e4ller bilden del XXIV\",\"datePublished\":\"2013-08-29T17:06:00+00:00\",\"mainEntityOfPage\":{\"@id\":\"https:\/\/blogg.svenskakyrkan.se\/vandravagen\/2013\/08\/29\/vad-forestaller-bilden-del-xxiv\/\"},\"wordCount\":248,\"commentCount\":0,\"publisher\":{\"@id\":\"https:\/\/blogg.svenskakyrkan.se\/vandravagen\/#organization\"},\"image\":{\"@id\":\"https:\/\/blogg.svenskakyrkan.se\/vandravagen\/2013\/08\/29\/vad-forestaller-bilden-del-xxiv\/#primaryimage\"},\"thumbnailUrl\":\"http:\/\/1.bp.blogspot.com\/-PY_EycJlRiE\/Uh7vRCiemPI\/AAAAAAAAFC4\/W_MOaJRLhFc\/s640\/IMG_3550b.jpg\",\"articleSection\":[\"bildg\u00e5tan\"],\"inLanguage\":\"sv-SE\",\"potentialAction\":[{\"@type\":\"CommentAction\",\"name\":\"Comment\",\"target\":[\"https:\/\/blogg.svenskakyrkan.se\/vandravagen\/2013\/08\/29\/vad-forestaller-bilden-del-xxiv\/#respond\"]}]},{\"@type\":\"WebPage\",\"@id\":\"https:\/\/blogg.svenskakyrkan.se\/vandravagen\/2013\/08\/29\/vad-forestaller-bilden-del-xxiv\/\",\"url\":\"https:\/\/blogg.svenskakyrkan.se\/vandravagen\/2013\/08\/29\/vad-forestaller-bilden-del-xxiv\/\",\"name\":\"Vad f\u00f6rest\u00e4ller bilden del XXIV - Vandra V\u00e4gen\",\"isPartOf\":{\"@id\":\"https:\/\/blogg.svenskakyrkan.se\/vandravagen\/#website\"},\"primaryImageOfPage\":{\"@id\":\"https:\/\/blogg.svenskakyrkan.se\/vandravagen\/2013\/08\/29\/vad-forestaller-bilden-del-xxiv\/#primaryimage\"},\"image\":{\"@id\":\"https:\/\/blogg.svenskakyrkan.se\/vandravagen\/2013\/08\/29\/vad-forestaller-bilden-del-xxiv\/#primaryimage\"},\"thumbnailUrl\":\"http:\/\/1.bp.blogspot.com\/-PY_EycJlRiE\/Uh7vRCiemPI\/AAAAAAAAFC4\/W_MOaJRLhFc\/s640\/IMG_3550b.jpg\",\"datePublished\":\"2013-08-29T17:06:00+00:00\",\"breadcrumb\":{\"@id\":\"https:\/\/blogg.svenskakyrkan.se\/vandravagen\/2013\/08\/29\/vad-forestaller-bilden-del-xxiv\/#breadcrumb\"},\"inLanguage\":\"sv-SE\",\"potentialAction\":[{\"@type\":\"ReadAction\",\"target\":[\"https:\/\/blogg.svenskakyrkan.se\/vandravagen\/2013\/08\/29\/vad-forestaller-bilden-del-xxiv\/\"]}]},{\"@type\":\"ImageObject\",\"inLanguage\":\"sv-SE\",\"@id\":\"https:\/\/blogg.svenskakyrkan.se\/vandravagen\/2013\/08\/29\/vad-forestaller-bilden-del-xxiv\/#primaryimage\",\"url\":\"http:\/\/1.bp.blogspot.com\/-PY_EycJlRiE\/Uh7vRCiemPI\/AAAAAAAAFC4\/W_MOaJRLhFc\/s640\/IMG_3550b.jpg\",\"contentUrl\":\"http:\/\/1.bp.blogspot.com\/-PY_EycJlRiE\/Uh7vRCiemPI\/AAAAAAAAFC4\/W_MOaJRLhFc\/s640\/IMG_3550b.jpg\"},{\"@type\":\"BreadcrumbList\",\"@id\":\"https:\/\/blogg.svenskakyrkan.se\/vandravagen\/2013\/08\/29\/vad-forestaller-bilden-del-xxiv\/#breadcrumb\",\"itemListElement\":[{\"@type\":\"ListItem\",\"position\":1,\"name\":\"Hem\",\"item\":\"https:\/\/blogg.svenskakyrkan.se\/vandravagen\/\"},{\"@type\":\"ListItem\",\"position\":2,\"name\":\"Vad f\u00f6rest\u00e4ller bilden del XXIV\"}]},{\"@type\":\"WebSite\",\"@id\":\"https:\/\/blogg.svenskakyrkan.se\/vandravagen\/#website\",\"url\":\"https:\/\/blogg.svenskakyrkan.se\/vandravagen\/\",\"name\":\"Vandra V\u00e4gen\",\"description\":\"-Mot en tro f\u00f6r hela livet\",\"publisher\":{\"@id\":\"https:\/\/blogg.svenskakyrkan.se\/vandravagen\/#organization\"},\"potentialAction\":[{\"@type\":\"SearchAction\",\"target\":{\"@type\":\"EntryPoint\",\"urlTemplate\":\"https:\/\/blogg.svenskakyrkan.se\/vandravagen\/?s={search_term_string}\"},\"query-input\":{\"@type\":\"PropertyValueSpecification\",\"valueRequired\":true,\"valueName\":\"search_term_string\"}}],\"inLanguage\":\"sv-SE\"},{\"@type\":\"Organization\",\"@id\":\"https:\/\/blogg.svenskakyrkan.se\/vandravagen\/#organization\",\"name\":\"ulricehamns pastorat\",\"alternateName\":\"ulricehamns pastorat\",\"url\":\"https:\/\/blogg.svenskakyrkan.se\/vandravagen\/\",\"logo\":{\"@type\":\"ImageObject\",\"inLanguage\":\"sv-SE\",\"@id\":\"https:\/\/blogg.svenskakyrkan.se\/vandravagen\/#\/schema\/logo\/image\/\",\"url\":\"https:\/\/blogg.svenskakyrkan.se\/vandravagen\/files\/2023\/05\/Ulr_logo_RGB.png\",\"contentUrl\":\"https:\/\/blogg.svenskakyrkan.se\/vandravagen\/files\/2023\/05\/Ulr_logo_RGB.png\",\"width\":205,\"height\":77,\"caption\":\"ulricehamns pastorat\"},\"image\":{\"@id\":\"https:\/\/blogg.svenskakyrkan.se\/vandravagen\/#\/schema\/logo\/image\/\"},\"sameAs\":[\"http:\/\/facebook.com\/vandravagen\",\"https:\/\/x.com\/fadertomas\",\"http:\/\/www.facebook.com\/svenskakyrkaniulricehamn\"]},{\"@type\":\"Person\",\"@id\":\"https:\/\/blogg.svenskakyrkan.se\/vandravagen\/#\/schema\/person\/25da02d4f76b137d04291711e2c9fc16\",\"name\":\"Tomas Jarvid\",\"image\":{\"@type\":\"ImageObject\",\"inLanguage\":\"sv-SE\",\"@id\":\"https:\/\/blogg.svenskakyrkan.se\/vandravagen\/#\/schema\/person\/image\/\",\"url\":\"https:\/\/secure.gravatar.com\/avatar\/7fa71899795e8f540f615a1f5ab25255dc27aa40f05ee7ddd21aac521e01bf50?s=96&d=identicon&r=g\",\"contentUrl\":\"https:\/\/secure.gravatar.com\/avatar\/7fa71899795e8f540f615a1f5ab25255dc27aa40f05ee7ddd21aac521e01bf50?s=96&d=identicon&r=g\",\"caption\":\"Tomas Jarvid\"},\"description\":\"Jag bor i Ulricehamn i V\u00e4sterg\u00f6tland och \u00e4r f\u00f6rsamlingspr\u00e4st i Svenska Kyrkan f\u00f6r Dalstorps f\u00f6rsamling i Kinds pastorat. P\u00e5 den h\u00e4r bloggen skriver jag ner tankar om vandringen som kristen.\",\"sameAs\":[\"http:\/\/www.vandravagen.se\"],\"url\":\"https:\/\/blogg.svenskakyrkan.se\/vandravagen\/author\/vandravagen\/\"}]}<\/script>\n<!-- \/ Yoast SEO plugin. -->","yoast_head_json":{"title":"Vad f\u00f6rest\u00e4ller bilden del XXIV - Vandra V\u00e4gen","robots":{"index":"index","follow":"follow","max-snippet":"max-snippet:-1","max-image-preview":"max-image-preview:large","max-video-preview":"max-video-preview:-1"},"canonical":"https:\/\/blogg.svenskakyrkan.se\/vandravagen\/2013\/08\/29\/vad-forestaller-bilden-del-xxiv\/","og_locale":"sv_SE","og_type":"article","og_title":"Vad f\u00f6rest\u00e4ller bilden del XXIV - Vandra V\u00e4gen","og_description":"Vips s\u00e5 hade det g\u00e5tt tv\u00e5 veckor sedan senaste bildg\u00e5tan, hur gick det till? Det verkar dessutom vara s\u00e5 l\u00e4nge sedan att jag inte kan se p\u00e5 facebook vem som svarade vad, illa, illa! Ni som vet att ni svarat r\u00e4tt kan ju ber\u00e4tta det f\u00f6r n\u00e5gon i er omgivning och mottaga deras respekt. Eller [&hellip;]","og_url":"https:\/\/blogg.svenskakyrkan.se\/vandravagen\/2013\/08\/29\/vad-forestaller-bilden-del-xxiv\/","og_site_name":"Vandra V\u00e4gen","article_publisher":"http:\/\/facebook.com\/vandravagen","article_published_time":"2013-08-29T17:06:00+00:00","og_image":[{"url":"http:\/\/1.bp.blogspot.com\/-PY_EycJlRiE\/Uh7vRCiemPI\/AAAAAAAAFC4\/W_MOaJRLhFc\/s640\/IMG_3550b.jpg","type":"","width":"","height":""}],"author":"Tomas Jarvid","twitter_card":"summary_large_image","twitter_creator":"@fadertomas","twitter_site":"@fadertomas","twitter_misc":{"Skriven av":"Tomas Jarvid","Ber\u00e4knad l\u00e4stid":"1 minut"},"schema":{"@context":"https:\/\/schema.org","@graph":[{"@type":"Article","@id":"https:\/\/blogg.svenskakyrkan.se\/vandravagen\/2013\/08\/29\/vad-forestaller-bilden-del-xxiv\/#article","isPartOf":{"@id":"https:\/\/blogg.svenskakyrkan.se\/vandravagen\/2013\/08\/29\/vad-forestaller-bilden-del-xxiv\/"},"author":{"name":"Tomas Jarvid","@id":"https:\/\/blogg.svenskakyrkan.se\/vandravagen\/#\/schema\/person\/25da02d4f76b137d04291711e2c9fc16"},"headline":"Vad f\u00f6rest\u00e4ller bilden del XXIV","datePublished":"2013-08-29T17:06:00+00:00","mainEntityOfPage":{"@id":"https:\/\/blogg.svenskakyrkan.se\/vandravagen\/2013\/08\/29\/vad-forestaller-bilden-del-xxiv\/"},"wordCount":248,"commentCount":0,"publisher":{"@id":"https:\/\/blogg.svenskakyrkan.se\/vandravagen\/#organization"},"image":{"@id":"https:\/\/blogg.svenskakyrkan.se\/vandravagen\/2013\/08\/29\/vad-forestaller-bilden-del-xxiv\/#primaryimage"},"thumbnailUrl":"http:\/\/1.bp.blogspot.com\/-PY_EycJlRiE\/Uh7vRCiemPI\/AAAAAAAAFC4\/W_MOaJRLhFc\/s640\/IMG_3550b.jpg","articleSection":["bildg\u00e5tan"],"inLanguage":"sv-SE","potentialAction":[{"@type":"CommentAction","name":"Comment","target":["https:\/\/blogg.svenskakyrkan.se\/vandravagen\/2013\/08\/29\/vad-forestaller-bilden-del-xxiv\/#respond"]}]},{"@type":"WebPage","@id":"https:\/\/blogg.svenskakyrkan.se\/vandravagen\/2013\/08\/29\/vad-forestaller-bilden-del-xxiv\/","url":"https:\/\/blogg.svenskakyrkan.se\/vandravagen\/2013\/08\/29\/vad-forestaller-bilden-del-xxiv\/","name":"Vad f\u00f6rest\u00e4ller bilden del XXIV - Vandra V\u00e4gen","isPartOf":{"@id":"https:\/\/blogg.svenskakyrkan.se\/vandravagen\/#website"},"primaryImageOfPage":{"@id":"https:\/\/blogg.svenskakyrkan.se\/vandravagen\/2013\/08\/29\/vad-forestaller-bilden-del-xxiv\/#primaryimage"},"image":{"@id":"https:\/\/blogg.svenskakyrkan.se\/vandravagen\/2013\/08\/29\/vad-forestaller-bilden-del-xxiv\/#primaryimage"},"thumbnailUrl":"http:\/\/1.bp.blogspot.com\/-PY_EycJlRiE\/Uh7vRCiemPI\/AAAAAAAAFC4\/W_MOaJRLhFc\/s640\/IMG_3550b.jpg","datePublished":"2013-08-29T17:06:00+00:00","breadcrumb":{"@id":"https:\/\/blogg.svenskakyrkan.se\/vandravagen\/2013\/08\/29\/vad-forestaller-bilden-del-xxiv\/#breadcrumb"},"inLanguage":"sv-SE","potentialAction":[{"@type":"ReadAction","target":["https:\/\/blogg.svenskakyrkan.se\/vandravagen\/2013\/08\/29\/vad-forestaller-bilden-del-xxiv\/"]}]},{"@type":"ImageObject","inLanguage":"sv-SE","@id":"https:\/\/blogg.svenskakyrkan.se\/vandravagen\/2013\/08\/29\/vad-forestaller-bilden-del-xxiv\/#primaryimage","url":"http:\/\/1.bp.blogspot.com\/-PY_EycJlRiE\/Uh7vRCiemPI\/AAAAAAAAFC4\/W_MOaJRLhFc\/s640\/IMG_3550b.jpg","contentUrl":"http:\/\/1.bp.blogspot.com\/-PY_EycJlRiE\/Uh7vRCiemPI\/AAAAAAAAFC4\/W_MOaJRLhFc\/s640\/IMG_3550b.jpg"},{"@type":"BreadcrumbList","@id":"https:\/\/blogg.svenskakyrkan.se\/vandravagen\/2013\/08\/29\/vad-forestaller-bilden-del-xxiv\/#breadcrumb","itemListElement":[{"@type":"ListItem","position":1,"name":"Hem","item":"https:\/\/blogg.svenskakyrkan.se\/vandravagen\/"},{"@type":"ListItem","position":2,"name":"Vad f\u00f6rest\u00e4ller bilden del XXIV"}]},{"@type":"WebSite","@id":"https:\/\/blogg.svenskakyrkan.se\/vandravagen\/#website","url":"https:\/\/blogg.svenskakyrkan.se\/vandravagen\/","name":"Vandra V\u00e4gen","description":"-Mot en tro f\u00f6r hela livet","publisher":{"@id":"https:\/\/blogg.svenskakyrkan.se\/vandravagen\/#organization"},"potentialAction":[{"@type":"SearchAction","target":{"@type":"EntryPoint","urlTemplate":"https:\/\/blogg.svenskakyrkan.se\/vandravagen\/?s={search_term_string}"},"query-input":{"@type":"PropertyValueSpecification","valueRequired":true,"valueName":"search_term_string"}}],"inLanguage":"sv-SE"},{"@type":"Organization","@id":"https:\/\/blogg.svenskakyrkan.se\/vandravagen\/#organization","name":"ulricehamns pastorat","alternateName":"ulricehamns pastorat","url":"https:\/\/blogg.svenskakyrkan.se\/vandravagen\/","logo":{"@type":"ImageObject","inLanguage":"sv-SE","@id":"https:\/\/blogg.svenskakyrkan.se\/vandravagen\/#\/schema\/logo\/image\/","url":"https:\/\/blogg.svenskakyrkan.se\/vandravagen\/files\/2023\/05\/Ulr_logo_RGB.png","contentUrl":"https:\/\/blogg.svenskakyrkan.se\/vandravagen\/files\/2023\/05\/Ulr_logo_RGB.png","width":205,"height":77,"caption":"ulricehamns pastorat"},"image":{"@id":"https:\/\/blogg.svenskakyrkan.se\/vandravagen\/#\/schema\/logo\/image\/"},"sameAs":["http:\/\/facebook.com\/vandravagen","https:\/\/x.com\/fadertomas","http:\/\/www.facebook.com\/svenskakyrkaniulricehamn"]},{"@type":"Person","@id":"https:\/\/blogg.svenskakyrkan.se\/vandravagen\/#\/schema\/person\/25da02d4f76b137d04291711e2c9fc16","name":"Tomas Jarvid","image":{"@type":"ImageObject","inLanguage":"sv-SE","@id":"https:\/\/blogg.svenskakyrkan.se\/vandravagen\/#\/schema\/person\/image\/","url":"https:\/\/secure.gravatar.com\/avatar\/7fa71899795e8f540f615a1f5ab25255dc27aa40f05ee7ddd21aac521e01bf50?s=96&d=identicon&r=g","contentUrl":"https:\/\/secure.gravatar.com\/avatar\/7fa71899795e8f540f615a1f5ab25255dc27aa40f05ee7ddd21aac521e01bf50?s=96&d=identicon&r=g","caption":"Tomas Jarvid"},"description":"Jag bor i Ulricehamn i V\u00e4sterg\u00f6tland och \u00e4r f\u00f6rsamlingspr\u00e4st i Svenska Kyrkan f\u00f6r Dalstorps f\u00f6rsamling i Kinds pastorat. P\u00e5 den h\u00e4r bloggen skriver jag ner tankar om vandringen som kristen.","sameAs":["http:\/\/www.vandravagen.se"],"url":"https:\/\/blogg.svenskakyrkan.se\/vandravagen\/author\/vandravagen\/"}]}},"author_meta":{"ID":"392","user_nicename":"vandravagen","user_url":"http:\/\/www.vandravagen.se","user_registered":"2014-05-19 05:44:52","display_name":"Tomas Jarvid","first_name":"Tomas","last_name":"Jarvid","avatar":"https:\/\/secure.gravatar.com\/avatar\/7fa71899795e8f540f615a1f5ab25255dc27aa40f05ee7ddd21aac521e01bf50?s=96&d=identicon&r=g"},"featured_image":false,"bloginfo":{"name":"Vandra V\u00e4gen","url":"https:\/\/blogg.svenskakyrkan.se\/vandravagen"},"_links":{"self":[{"href":"https:\/\/blogg.svenskakyrkan.se\/vandravagen\/wp-json\/wp\/v2\/posts\/379","targetHints":{"allow":["GET"]}}],"collection":[{"href":"https:\/\/blogg.svenskakyrkan.se\/vandravagen\/wp-json\/wp\/v2\/posts"}],"about":[{"href":"https:\/\/blogg.svenskakyrkan.se\/vandravagen\/wp-json\/wp\/v2\/types\/post"}],"author":[{"embeddable":true,"href":"https:\/\/blogg.svenskakyrkan.se\/vandravagen\/wp-json\/wp\/v2\/users\/392"}],"replies":[{"embeddable":true,"href":"https:\/\/blogg.svenskakyrkan.se\/vandravagen\/wp-json\/wp\/v2\/comments?post=379"}],"version-history":[{"count":0,"href":"https:\/\/blogg.svenskakyrkan.se\/vandravagen\/wp-json\/wp\/v2\/posts\/379\/revisions"}],"wp:attachment":[{"href":"https:\/\/blogg.svenskakyrkan.se\/vandravagen\/wp-json\/wp\/v2\/media?parent=379"}],"wp:term":[{"taxonomy":"category","embeddable":true,"href":"https:\/\/blogg.svenskakyrkan.se\/vandravagen\/wp-json\/wp\/v2\/categories?post=379"},{"taxonomy":"post_tag","embeddable":true,"href":"https:\/\/blogg.svenskakyrkan.se\/vandravagen\/wp-json\/wp\/v2\/tags?post=379"}],"curies":[{"name":"wp","href":"https:\/\/api.w.org\/{rel}","templated":true}]}}