{"id":3809,"date":"2015-10-25T07:00:44","date_gmt":"2015-10-25T06:00:44","guid":{"rendered":"http:\/\/blogg.svenskakyrkan.se\/vandravagen\/?p=3809"},"modified":"2015-10-24T20:19:17","modified_gmt":"2015-10-24T18:19:17","slug":"9-blandade-tankar-pa-sondagen-34","status":"publish","type":"post","link":"https:\/\/blogg.svenskakyrkan.se\/vandravagen\/2015\/10\/25\/9-blandade-tankar-pa-sondagen-34\/","title":{"rendered":"9 blandade tankar p\u00e5 s\u00f6ndagen"},"content":{"rendered":"<p>&nbsp;<\/p>\n<div id=\"attachment_3811\" style=\"width: 530px\" class=\"wp-caption aligncenter\"><a href=\"http:\/\/blogg.svenskakyrkan.se\/vandravagen\/files\/2015\/10\/IMG_6868.jpg\"><img loading=\"lazy\" decoding=\"async\" aria-describedby=\"caption-attachment-3811\" class=\"size-full wp-image-3811\" src=\"http:\/\/blogg.svenskakyrkan.se\/vandravagen\/files\/2015\/10\/IMG_6868.jpg\" alt=\"Tror inte det h\u00e4r f\u00f6rest\u00e4ller profeten Jeremia men han k\u00e4nde sig nog som en narr f\u00f6r i regel fick han inget geh\u00f6r alls f\u00f6r sina profetior.\" width=\"520\" height=\"520\" srcset=\"https:\/\/blogg.svenskakyrkan.se\/vandravagen\/files\/2015\/10\/IMG_6868.jpg 520w, https:\/\/blogg.svenskakyrkan.se\/vandravagen\/files\/2015\/10\/IMG_6868-150x150.jpg 150w, https:\/\/blogg.svenskakyrkan.se\/vandravagen\/files\/2015\/10\/IMG_6868-300x300.jpg 300w\" sizes=\"auto, (max-width: 520px) 100vw, 520px\" \/><\/a><p id=\"caption-attachment-3811\" class=\"wp-caption-text\">Tror inte det h\u00e4r f\u00f6rest\u00e4ller profeten Jeremia men han k\u00e4nde sig nog som en narr f\u00f6r i regel fick han inget geh\u00f6r alls f\u00f6r sina profetior.<\/p><\/div>\n<p>Idag \u00e4r det f\u00f6rvisso s\u00f6ndag men jag tj\u00e4nstg\u00f6r inte utan har ledig helg. Det blir nog n\u00e5gra s\u00e5dana fram\u00f6ver eftersom vi v\u00e4ntar ett barn n\u00e5gon g\u00e5ng i de kommande veckorna och s\u00e5 r\u00e4tt vad det blir av blir jag borta fr\u00e5n jobbet n\u00e5gra veckor.<\/p>\n<p>Det har h\u00e4nt mycket dramatiskt de sista dagarna. <strong>Tillt\u00e4nkta flyktingf\u00f6rl\u00e4ggningar brinner<\/strong>, <strong>en h\u00f6gerextremist har d\u00f6dat barn<\/strong> p\u00e5 en skola i Trollh\u00e4ttan och <strong>r\u00e4tteg\u00e5ngen f\u00f6r mordet p\u00e5 Lisa Holm<\/strong> (som blev m\u00f6rdad inom omr\u00e5det f\u00f6r min d\u00e5varande f\u00f6rsamling) har inletts. Jag skulle g\u00e4rna skriva n\u00e5got klokt om allt detta men vet inte riktigt vad. Det \u00e4r s\u00e5 sj\u00e4lvklart att det \u00e4r destruktiva krafter i farten s\u00e5 att det n\u00e4stan \u00e4r banalt att p\u00e5peka det. Samtidigt \u00e4r nog ondskan i regel v\u00e4ldigt banal. Jag saknar ord. Herre f\u00f6rbarma dig.<\/p>\n<p>Det \u00e4r den 21a s\u00f6ndagen efter trefaldighet och i v\u00e5ra gudstj\u00e4nster har texterna temat &#8221;samh\u00e4llsansvar&#8221;. Den gammaltestamentliga texten talade vi om p\u00e5 ett bibelstudium f\u00f6r ett tag sedan. Profeten Jeremia skriver till sitt folk som hamnat i exil i Babylon. &#8221;Lev v\u00e4l d\u00e4r och var goda grannar, deras v\u00e4lg\u00e5ng och er h\u00f6r samman&#8221; \u00e4r hans budskap. &#8221;Lita p\u00e5 att ni inte \u00e4r bortgl\u00f6mda av Gud d\u00e4r ni \u00e4r.&#8221;<\/p>\n<p>Det \u00e4r starka ord till alla som lever i exil. Jag l\u00e4ser ibland en bok om exil som teologiskt motiv d\u00e4r f\u00f6rfattaren menar att det \u00e4r n\u00e5got som g\u00e4ller m\u00e5nga i v\u00e5r tid att man tvingats bryta upp fr\u00e5n det trygga och v\u00e4lk\u00e4nda och har sv\u00e5rt att hantera det. <strong>P\u00e5 ett plan g\u00e4ller det ironiskt nog b\u00e5de flyktingen som kommit hit och h\u00f6gerextremisten<\/strong> som tycker att hans v\u00e4lf\u00e4rd \u00e4r hotad och fruktar fr\u00e4mlingarna. De kristna svaret \u00e4r att vi f\u00e5r lita till Gud n\u00e4r allt svajar, inte att f\u00f6rs\u00f6ka f\u00f6rneka situationen vi befinner oss i.<\/p>\n<p>Det d\u00e4r f\u00e5r jag skriva mer om en annan g\u00e5ng.<\/p>\n<p>Jesus blir st\u00e4lld mot v\u00e4ggen i dagens evangelietext; ska man betala skatt till kejsaren? Hur mycket ska man vara lojal med samh\u00e4llets krav p\u00e5 en? Jesu svar \u00e4r egentligen en motfr\u00e5ga, ge kejsaren det som han har r\u00e4tt till och Gud det han har r\u00e4tt till. Det betyder nog INTE att vi ska skilja helt p\u00e5 religion och politik utan snarare att vi alla m\u00e5ste leva med den fr\u00e5gan. Var g\u00e5r min gr\u00e4ns f\u00f6r n\u00e4r man &#8221;M\u00e5ste lyda Gud mer \u00e4n m\u00e4nniskor&#8221;?<\/p>\n<p>\u00d6vrigt som h\u00e4nder idag: vi ska f\u00f6rs\u00f6ka \u00f6verl\u00e5ta v\u00e5r katt (k\u00e4nd fr\u00e5n bloggen vid flera tillf\u00e4llen, <a href=\"http:\/\/blogg.svenskakyrkan.se\/vandravagen\/2013\/09\/20\/var-mer-som-en-katt-an-som-en-skalbagge\/\">till exempel som inspiration till detta inl\u00e4gg<\/a>) till sv\u00e4rmor i Dalarna. Sk\u00f6nt men ocks\u00e5 vemodigt.<\/p>\n<p>Annat som h\u00e4nt i veckan: Jag har h\u00e4ngt i Grims\u00e5s och l\u00e4rt mig mer om fotbollsklubbens och byns sammanfl\u00e4tade historia. Del av jobbet.<\/p>\n<p>Jag har ocks\u00e5 funderat en del p\u00e5 det konstiga i att folk numera blir tysta och lyssnar n\u00e4r jag b\u00f6rjar s\u00e4ga n\u00e5got i grupp. Det har f\u00f6rst\u00e5s kommit med pr\u00e4stvigningen. Jag minns annars att k\u00e4nslan tidigare i livet n\u00e4stan alltid varit att jag talat utan att &#8221;n\u00e5 fram&#8221;. Konstigt hur det fungerar.<\/p>\n<p>Vad g\u00f6r du idag? Skriv en kommentar!<\/p>\n","protected":false},"excerpt":{"rendered":"<p>&nbsp; Idag \u00e4r det f\u00f6rvisso s\u00f6ndag men jag tj\u00e4nstg\u00f6r inte utan har ledig helg. Det blir nog n\u00e5gra s\u00e5dana fram\u00f6ver eftersom vi v\u00e4ntar ett barn n\u00e5gon g\u00e5ng i de kommande veckorna och s\u00e5 r\u00e4tt vad det blir av blir jag borta fr\u00e5n jobbet n\u00e5gra veckor. Det har h\u00e4nt mycket dramatiskt de sista dagarna. Tillt\u00e4nkta flyktingf\u00f6rl\u00e4ggningar [&hellip;]<\/p>\n","protected":false},"author":392,"featured_media":0,"comment_status":"open","ping_status":"open","sticky":false,"template":"","format":"standard","meta":{"_acf_changed":false,"footnotes":""},"categories":[76766,76189],"tags":[],"class_list":["post-3809","post","type-post","status-publish","format-standard","hentry","category-blandat","category-dagens-kyrka"],"acf":[],"yoast_head":"<!-- This site is optimized with the Yoast SEO plugin v27.1.1 - https:\/\/yoast.com\/product\/yoast-seo-wordpress\/ -->\n<title>9 blandade tankar p\u00e5 s\u00f6ndagen - Vandra V\u00e4gen<\/title>\n<meta name=\"robots\" content=\"index, follow, max-snippet:-1, max-image-preview:large, max-video-preview:-1\" \/>\n<link rel=\"canonical\" href=\"https:\/\/blogg.svenskakyrkan.se\/vandravagen\/2015\/10\/25\/9-blandade-tankar-pa-sondagen-34\/\" \/>\n<meta property=\"og:locale\" content=\"sv_SE\" \/>\n<meta property=\"og:type\" content=\"article\" \/>\n<meta property=\"og:title\" content=\"9 blandade tankar p\u00e5 s\u00f6ndagen - Vandra V\u00e4gen\" \/>\n<meta property=\"og:description\" content=\"&nbsp; Idag \u00e4r det f\u00f6rvisso s\u00f6ndag men jag tj\u00e4nstg\u00f6r inte utan har ledig helg. Det blir nog n\u00e5gra s\u00e5dana fram\u00f6ver eftersom vi v\u00e4ntar ett barn n\u00e5gon g\u00e5ng i de kommande veckorna och s\u00e5 r\u00e4tt vad det blir av blir jag borta fr\u00e5n jobbet n\u00e5gra veckor. Det har h\u00e4nt mycket dramatiskt de sista dagarna. Tillt\u00e4nkta flyktingf\u00f6rl\u00e4ggningar [&hellip;]\" \/>\n<meta property=\"og:url\" content=\"https:\/\/blogg.svenskakyrkan.se\/vandravagen\/2015\/10\/25\/9-blandade-tankar-pa-sondagen-34\/\" \/>\n<meta property=\"og:site_name\" content=\"Vandra V\u00e4gen\" \/>\n<meta property=\"article:publisher\" content=\"http:\/\/facebook.com\/vandravagen\" \/>\n<meta property=\"article:published_time\" content=\"2015-10-25T06:00:44+00:00\" \/>\n<meta property=\"og:image\" content=\"http:\/\/blogg.svenskakyrkan.se\/vandravagen\/files\/2015\/10\/IMG_6868.jpg\" \/>\n<meta name=\"author\" content=\"Tomas Jarvid\" \/>\n<meta name=\"twitter:card\" content=\"summary_large_image\" \/>\n<meta name=\"twitter:creator\" content=\"@fadertomas\" \/>\n<meta name=\"twitter:site\" content=\"@fadertomas\" \/>\n<meta name=\"twitter:label1\" content=\"Skriven av\" \/>\n\t<meta name=\"twitter:data1\" content=\"Tomas Jarvid\" \/>\n\t<meta name=\"twitter:label2\" content=\"Ber\u00e4knad l\u00e4stid\" \/>\n\t<meta name=\"twitter:data2\" content=\"3 minuter\" \/>\n<script type=\"application\/ld+json\" class=\"yoast-schema-graph\">{\"@context\":\"https:\/\/schema.org\",\"@graph\":[{\"@type\":\"Article\",\"@id\":\"https:\/\/blogg.svenskakyrkan.se\/vandravagen\/2015\/10\/25\/9-blandade-tankar-pa-sondagen-34\/#article\",\"isPartOf\":{\"@id\":\"https:\/\/blogg.svenskakyrkan.se\/vandravagen\/2015\/10\/25\/9-blandade-tankar-pa-sondagen-34\/\"},\"author\":{\"name\":\"Tomas Jarvid\",\"@id\":\"https:\/\/blogg.svenskakyrkan.se\/vandravagen\/#\/schema\/person\/25da02d4f76b137d04291711e2c9fc16\"},\"headline\":\"9 blandade tankar p\u00e5 s\u00f6ndagen\",\"datePublished\":\"2015-10-25T06:00:44+00:00\",\"mainEntityOfPage\":{\"@id\":\"https:\/\/blogg.svenskakyrkan.se\/vandravagen\/2015\/10\/25\/9-blandade-tankar-pa-sondagen-34\/\"},\"wordCount\":657,\"commentCount\":2,\"publisher\":{\"@id\":\"https:\/\/blogg.svenskakyrkan.se\/vandravagen\/#organization\"},\"image\":{\"@id\":\"https:\/\/blogg.svenskakyrkan.se\/vandravagen\/2015\/10\/25\/9-blandade-tankar-pa-sondagen-34\/#primaryimage\"},\"thumbnailUrl\":\"http:\/\/blogg.svenskakyrkan.se\/vandravagen\/files\/2015\/10\/IMG_6868.jpg\",\"articleSection\":[\"blandat\",\"Dagens Kyrka\"],\"inLanguage\":\"sv-SE\",\"potentialAction\":[{\"@type\":\"CommentAction\",\"name\":\"Comment\",\"target\":[\"https:\/\/blogg.svenskakyrkan.se\/vandravagen\/2015\/10\/25\/9-blandade-tankar-pa-sondagen-34\/#respond\"]}]},{\"@type\":\"WebPage\",\"@id\":\"https:\/\/blogg.svenskakyrkan.se\/vandravagen\/2015\/10\/25\/9-blandade-tankar-pa-sondagen-34\/\",\"url\":\"https:\/\/blogg.svenskakyrkan.se\/vandravagen\/2015\/10\/25\/9-blandade-tankar-pa-sondagen-34\/\",\"name\":\"9 blandade tankar p\u00e5 s\u00f6ndagen - Vandra V\u00e4gen\",\"isPartOf\":{\"@id\":\"https:\/\/blogg.svenskakyrkan.se\/vandravagen\/#website\"},\"primaryImageOfPage\":{\"@id\":\"https:\/\/blogg.svenskakyrkan.se\/vandravagen\/2015\/10\/25\/9-blandade-tankar-pa-sondagen-34\/#primaryimage\"},\"image\":{\"@id\":\"https:\/\/blogg.svenskakyrkan.se\/vandravagen\/2015\/10\/25\/9-blandade-tankar-pa-sondagen-34\/#primaryimage\"},\"thumbnailUrl\":\"http:\/\/blogg.svenskakyrkan.se\/vandravagen\/files\/2015\/10\/IMG_6868.jpg\",\"datePublished\":\"2015-10-25T06:00:44+00:00\",\"breadcrumb\":{\"@id\":\"https:\/\/blogg.svenskakyrkan.se\/vandravagen\/2015\/10\/25\/9-blandade-tankar-pa-sondagen-34\/#breadcrumb\"},\"inLanguage\":\"sv-SE\",\"potentialAction\":[{\"@type\":\"ReadAction\",\"target\":[\"https:\/\/blogg.svenskakyrkan.se\/vandravagen\/2015\/10\/25\/9-blandade-tankar-pa-sondagen-34\/\"]}]},{\"@type\":\"ImageObject\",\"inLanguage\":\"sv-SE\",\"@id\":\"https:\/\/blogg.svenskakyrkan.se\/vandravagen\/2015\/10\/25\/9-blandade-tankar-pa-sondagen-34\/#primaryimage\",\"url\":\"http:\/\/blogg.svenskakyrkan.se\/vandravagen\/files\/2015\/10\/IMG_6868.jpg\",\"contentUrl\":\"http:\/\/blogg.svenskakyrkan.se\/vandravagen\/files\/2015\/10\/IMG_6868.jpg\"},{\"@type\":\"BreadcrumbList\",\"@id\":\"https:\/\/blogg.svenskakyrkan.se\/vandravagen\/2015\/10\/25\/9-blandade-tankar-pa-sondagen-34\/#breadcrumb\",\"itemListElement\":[{\"@type\":\"ListItem\",\"position\":1,\"name\":\"Hem\",\"item\":\"https:\/\/blogg.svenskakyrkan.se\/vandravagen\/\"},{\"@type\":\"ListItem\",\"position\":2,\"name\":\"9 blandade tankar p\u00e5 s\u00f6ndagen\"}]},{\"@type\":\"WebSite\",\"@id\":\"https:\/\/blogg.svenskakyrkan.se\/vandravagen\/#website\",\"url\":\"https:\/\/blogg.svenskakyrkan.se\/vandravagen\/\",\"name\":\"Vandra V\u00e4gen\",\"description\":\"-Mot en tro f\u00f6r hela livet\",\"publisher\":{\"@id\":\"https:\/\/blogg.svenskakyrkan.se\/vandravagen\/#organization\"},\"potentialAction\":[{\"@type\":\"SearchAction\",\"target\":{\"@type\":\"EntryPoint\",\"urlTemplate\":\"https:\/\/blogg.svenskakyrkan.se\/vandravagen\/?s={search_term_string}\"},\"query-input\":{\"@type\":\"PropertyValueSpecification\",\"valueRequired\":true,\"valueName\":\"search_term_string\"}}],\"inLanguage\":\"sv-SE\"},{\"@type\":\"Organization\",\"@id\":\"https:\/\/blogg.svenskakyrkan.se\/vandravagen\/#organization\",\"name\":\"ulricehamns pastorat\",\"alternateName\":\"ulricehamns pastorat\",\"url\":\"https:\/\/blogg.svenskakyrkan.se\/vandravagen\/\",\"logo\":{\"@type\":\"ImageObject\",\"inLanguage\":\"sv-SE\",\"@id\":\"https:\/\/blogg.svenskakyrkan.se\/vandravagen\/#\/schema\/logo\/image\/\",\"url\":\"https:\/\/blogg.svenskakyrkan.se\/vandravagen\/files\/2023\/05\/Ulr_logo_RGB.png\",\"contentUrl\":\"https:\/\/blogg.svenskakyrkan.se\/vandravagen\/files\/2023\/05\/Ulr_logo_RGB.png\",\"width\":205,\"height\":77,\"caption\":\"ulricehamns pastorat\"},\"image\":{\"@id\":\"https:\/\/blogg.svenskakyrkan.se\/vandravagen\/#\/schema\/logo\/image\/\"},\"sameAs\":[\"http:\/\/facebook.com\/vandravagen\",\"https:\/\/x.com\/fadertomas\",\"http:\/\/www.facebook.com\/svenskakyrkaniulricehamn\"]},{\"@type\":\"Person\",\"@id\":\"https:\/\/blogg.svenskakyrkan.se\/vandravagen\/#\/schema\/person\/25da02d4f76b137d04291711e2c9fc16\",\"name\":\"Tomas Jarvid\",\"image\":{\"@type\":\"ImageObject\",\"inLanguage\":\"sv-SE\",\"@id\":\"https:\/\/blogg.svenskakyrkan.se\/vandravagen\/#\/schema\/person\/image\/\",\"url\":\"https:\/\/secure.gravatar.com\/avatar\/7fa71899795e8f540f615a1f5ab25255dc27aa40f05ee7ddd21aac521e01bf50?s=96&d=identicon&r=g\",\"contentUrl\":\"https:\/\/secure.gravatar.com\/avatar\/7fa71899795e8f540f615a1f5ab25255dc27aa40f05ee7ddd21aac521e01bf50?s=96&d=identicon&r=g\",\"caption\":\"Tomas Jarvid\"},\"description\":\"Jag bor i Ulricehamn i V\u00e4sterg\u00f6tland och \u00e4r f\u00f6rsamlingspr\u00e4st i Svenska Kyrkan f\u00f6r Dalstorps f\u00f6rsamling i Kinds pastorat. P\u00e5 den h\u00e4r bloggen skriver jag ner tankar om vandringen som kristen.\",\"sameAs\":[\"http:\/\/www.vandravagen.se\"],\"url\":\"https:\/\/blogg.svenskakyrkan.se\/vandravagen\/author\/vandravagen\/\"}]}<\/script>\n<!-- \/ Yoast SEO plugin. -->","yoast_head_json":{"title":"9 blandade tankar p\u00e5 s\u00f6ndagen - Vandra V\u00e4gen","robots":{"index":"index","follow":"follow","max-snippet":"max-snippet:-1","max-image-preview":"max-image-preview:large","max-video-preview":"max-video-preview:-1"},"canonical":"https:\/\/blogg.svenskakyrkan.se\/vandravagen\/2015\/10\/25\/9-blandade-tankar-pa-sondagen-34\/","og_locale":"sv_SE","og_type":"article","og_title":"9 blandade tankar p\u00e5 s\u00f6ndagen - Vandra V\u00e4gen","og_description":"&nbsp; Idag \u00e4r det f\u00f6rvisso s\u00f6ndag men jag tj\u00e4nstg\u00f6r inte utan har ledig helg. Det blir nog n\u00e5gra s\u00e5dana fram\u00f6ver eftersom vi v\u00e4ntar ett barn n\u00e5gon g\u00e5ng i de kommande veckorna och s\u00e5 r\u00e4tt vad det blir av blir jag borta fr\u00e5n jobbet n\u00e5gra veckor. Det har h\u00e4nt mycket dramatiskt de sista dagarna. Tillt\u00e4nkta flyktingf\u00f6rl\u00e4ggningar [&hellip;]","og_url":"https:\/\/blogg.svenskakyrkan.se\/vandravagen\/2015\/10\/25\/9-blandade-tankar-pa-sondagen-34\/","og_site_name":"Vandra V\u00e4gen","article_publisher":"http:\/\/facebook.com\/vandravagen","article_published_time":"2015-10-25T06:00:44+00:00","og_image":[{"url":"http:\/\/blogg.svenskakyrkan.se\/vandravagen\/files\/2015\/10\/IMG_6868.jpg","type":"","width":"","height":""}],"author":"Tomas Jarvid","twitter_card":"summary_large_image","twitter_creator":"@fadertomas","twitter_site":"@fadertomas","twitter_misc":{"Skriven av":"Tomas Jarvid","Ber\u00e4knad l\u00e4stid":"3 minuter"},"schema":{"@context":"https:\/\/schema.org","@graph":[{"@type":"Article","@id":"https:\/\/blogg.svenskakyrkan.se\/vandravagen\/2015\/10\/25\/9-blandade-tankar-pa-sondagen-34\/#article","isPartOf":{"@id":"https:\/\/blogg.svenskakyrkan.se\/vandravagen\/2015\/10\/25\/9-blandade-tankar-pa-sondagen-34\/"},"author":{"name":"Tomas Jarvid","@id":"https:\/\/blogg.svenskakyrkan.se\/vandravagen\/#\/schema\/person\/25da02d4f76b137d04291711e2c9fc16"},"headline":"9 blandade tankar p\u00e5 s\u00f6ndagen","datePublished":"2015-10-25T06:00:44+00:00","mainEntityOfPage":{"@id":"https:\/\/blogg.svenskakyrkan.se\/vandravagen\/2015\/10\/25\/9-blandade-tankar-pa-sondagen-34\/"},"wordCount":657,"commentCount":2,"publisher":{"@id":"https:\/\/blogg.svenskakyrkan.se\/vandravagen\/#organization"},"image":{"@id":"https:\/\/blogg.svenskakyrkan.se\/vandravagen\/2015\/10\/25\/9-blandade-tankar-pa-sondagen-34\/#primaryimage"},"thumbnailUrl":"http:\/\/blogg.svenskakyrkan.se\/vandravagen\/files\/2015\/10\/IMG_6868.jpg","articleSection":["blandat","Dagens Kyrka"],"inLanguage":"sv-SE","potentialAction":[{"@type":"CommentAction","name":"Comment","target":["https:\/\/blogg.svenskakyrkan.se\/vandravagen\/2015\/10\/25\/9-blandade-tankar-pa-sondagen-34\/#respond"]}]},{"@type":"WebPage","@id":"https:\/\/blogg.svenskakyrkan.se\/vandravagen\/2015\/10\/25\/9-blandade-tankar-pa-sondagen-34\/","url":"https:\/\/blogg.svenskakyrkan.se\/vandravagen\/2015\/10\/25\/9-blandade-tankar-pa-sondagen-34\/","name":"9 blandade tankar p\u00e5 s\u00f6ndagen - Vandra V\u00e4gen","isPartOf":{"@id":"https:\/\/blogg.svenskakyrkan.se\/vandravagen\/#website"},"primaryImageOfPage":{"@id":"https:\/\/blogg.svenskakyrkan.se\/vandravagen\/2015\/10\/25\/9-blandade-tankar-pa-sondagen-34\/#primaryimage"},"image":{"@id":"https:\/\/blogg.svenskakyrkan.se\/vandravagen\/2015\/10\/25\/9-blandade-tankar-pa-sondagen-34\/#primaryimage"},"thumbnailUrl":"http:\/\/blogg.svenskakyrkan.se\/vandravagen\/files\/2015\/10\/IMG_6868.jpg","datePublished":"2015-10-25T06:00:44+00:00","breadcrumb":{"@id":"https:\/\/blogg.svenskakyrkan.se\/vandravagen\/2015\/10\/25\/9-blandade-tankar-pa-sondagen-34\/#breadcrumb"},"inLanguage":"sv-SE","potentialAction":[{"@type":"ReadAction","target":["https:\/\/blogg.svenskakyrkan.se\/vandravagen\/2015\/10\/25\/9-blandade-tankar-pa-sondagen-34\/"]}]},{"@type":"ImageObject","inLanguage":"sv-SE","@id":"https:\/\/blogg.svenskakyrkan.se\/vandravagen\/2015\/10\/25\/9-blandade-tankar-pa-sondagen-34\/#primaryimage","url":"http:\/\/blogg.svenskakyrkan.se\/vandravagen\/files\/2015\/10\/IMG_6868.jpg","contentUrl":"http:\/\/blogg.svenskakyrkan.se\/vandravagen\/files\/2015\/10\/IMG_6868.jpg"},{"@type":"BreadcrumbList","@id":"https:\/\/blogg.svenskakyrkan.se\/vandravagen\/2015\/10\/25\/9-blandade-tankar-pa-sondagen-34\/#breadcrumb","itemListElement":[{"@type":"ListItem","position":1,"name":"Hem","item":"https:\/\/blogg.svenskakyrkan.se\/vandravagen\/"},{"@type":"ListItem","position":2,"name":"9 blandade tankar p\u00e5 s\u00f6ndagen"}]},{"@type":"WebSite","@id":"https:\/\/blogg.svenskakyrkan.se\/vandravagen\/#website","url":"https:\/\/blogg.svenskakyrkan.se\/vandravagen\/","name":"Vandra V\u00e4gen","description":"-Mot en tro f\u00f6r hela livet","publisher":{"@id":"https:\/\/blogg.svenskakyrkan.se\/vandravagen\/#organization"},"potentialAction":[{"@type":"SearchAction","target":{"@type":"EntryPoint","urlTemplate":"https:\/\/blogg.svenskakyrkan.se\/vandravagen\/?s={search_term_string}"},"query-input":{"@type":"PropertyValueSpecification","valueRequired":true,"valueName":"search_term_string"}}],"inLanguage":"sv-SE"},{"@type":"Organization","@id":"https:\/\/blogg.svenskakyrkan.se\/vandravagen\/#organization","name":"ulricehamns pastorat","alternateName":"ulricehamns pastorat","url":"https:\/\/blogg.svenskakyrkan.se\/vandravagen\/","logo":{"@type":"ImageObject","inLanguage":"sv-SE","@id":"https:\/\/blogg.svenskakyrkan.se\/vandravagen\/#\/schema\/logo\/image\/","url":"https:\/\/blogg.svenskakyrkan.se\/vandravagen\/files\/2023\/05\/Ulr_logo_RGB.png","contentUrl":"https:\/\/blogg.svenskakyrkan.se\/vandravagen\/files\/2023\/05\/Ulr_logo_RGB.png","width":205,"height":77,"caption":"ulricehamns pastorat"},"image":{"@id":"https:\/\/blogg.svenskakyrkan.se\/vandravagen\/#\/schema\/logo\/image\/"},"sameAs":["http:\/\/facebook.com\/vandravagen","https:\/\/x.com\/fadertomas","http:\/\/www.facebook.com\/svenskakyrkaniulricehamn"]},{"@type":"Person","@id":"https:\/\/blogg.svenskakyrkan.se\/vandravagen\/#\/schema\/person\/25da02d4f76b137d04291711e2c9fc16","name":"Tomas Jarvid","image":{"@type":"ImageObject","inLanguage":"sv-SE","@id":"https:\/\/blogg.svenskakyrkan.se\/vandravagen\/#\/schema\/person\/image\/","url":"https:\/\/secure.gravatar.com\/avatar\/7fa71899795e8f540f615a1f5ab25255dc27aa40f05ee7ddd21aac521e01bf50?s=96&d=identicon&r=g","contentUrl":"https:\/\/secure.gravatar.com\/avatar\/7fa71899795e8f540f615a1f5ab25255dc27aa40f05ee7ddd21aac521e01bf50?s=96&d=identicon&r=g","caption":"Tomas Jarvid"},"description":"Jag bor i Ulricehamn i V\u00e4sterg\u00f6tland och \u00e4r f\u00f6rsamlingspr\u00e4st i Svenska Kyrkan f\u00f6r Dalstorps f\u00f6rsamling i Kinds pastorat. P\u00e5 den h\u00e4r bloggen skriver jag ner tankar om vandringen som kristen.","sameAs":["http:\/\/www.vandravagen.se"],"url":"https:\/\/blogg.svenskakyrkan.se\/vandravagen\/author\/vandravagen\/"}]}},"author_meta":{"ID":"392","user_nicename":"vandravagen","user_url":"http:\/\/www.vandravagen.se","user_registered":"2014-05-19 05:44:52","display_name":"Tomas Jarvid","first_name":"Tomas","last_name":"Jarvid","avatar":"https:\/\/secure.gravatar.com\/avatar\/7fa71899795e8f540f615a1f5ab25255dc27aa40f05ee7ddd21aac521e01bf50?s=96&d=identicon&r=g"},"featured_image":false,"bloginfo":{"name":"Vandra V\u00e4gen","url":"https:\/\/blogg.svenskakyrkan.se\/vandravagen"},"_links":{"self":[{"href":"https:\/\/blogg.svenskakyrkan.se\/vandravagen\/wp-json\/wp\/v2\/posts\/3809","targetHints":{"allow":["GET"]}}],"collection":[{"href":"https:\/\/blogg.svenskakyrkan.se\/vandravagen\/wp-json\/wp\/v2\/posts"}],"about":[{"href":"https:\/\/blogg.svenskakyrkan.se\/vandravagen\/wp-json\/wp\/v2\/types\/post"}],"author":[{"embeddable":true,"href":"https:\/\/blogg.svenskakyrkan.se\/vandravagen\/wp-json\/wp\/v2\/users\/392"}],"replies":[{"embeddable":true,"href":"https:\/\/blogg.svenskakyrkan.se\/vandravagen\/wp-json\/wp\/v2\/comments?post=3809"}],"version-history":[{"count":2,"href":"https:\/\/blogg.svenskakyrkan.se\/vandravagen\/wp-json\/wp\/v2\/posts\/3809\/revisions"}],"predecessor-version":[{"id":3812,"href":"https:\/\/blogg.svenskakyrkan.se\/vandravagen\/wp-json\/wp\/v2\/posts\/3809\/revisions\/3812"}],"wp:attachment":[{"href":"https:\/\/blogg.svenskakyrkan.se\/vandravagen\/wp-json\/wp\/v2\/media?parent=3809"}],"wp:term":[{"taxonomy":"category","embeddable":true,"href":"https:\/\/blogg.svenskakyrkan.se\/vandravagen\/wp-json\/wp\/v2\/categories?post=3809"},{"taxonomy":"post_tag","embeddable":true,"href":"https:\/\/blogg.svenskakyrkan.se\/vandravagen\/wp-json\/wp\/v2\/tags?post=3809"}],"curies":[{"name":"wp","href":"https:\/\/api.w.org\/{rel}","templated":true}]}}