{"id":3813,"date":"2015-10-27T07:00:25","date_gmt":"2015-10-27T06:00:25","guid":{"rendered":"http:\/\/blogg.svenskakyrkan.se\/vandravagen\/?p=3813"},"modified":"2015-10-27T07:40:47","modified_gmt":"2015-10-27T06:40:47","slug":"klagovisorna-for-nyborjare","status":"publish","type":"post","link":"https:\/\/blogg.svenskakyrkan.se\/vandravagen\/2015\/10\/27\/klagovisorna-for-nyborjare\/","title":{"rendered":"Klagovisorna f\u00f6r nyb\u00f6rjare"},"content":{"rendered":"<div id=\"attachment_3814\" style=\"width: 310px\" class=\"wp-caption aligncenter\"><a href=\"http:\/\/blogg.svenskakyrkan.se\/vandravagen\/files\/2015\/10\/14-ILLUM-JEREMIAH-LAMENTING-OVER-J.jpg\"><img loading=\"lazy\" decoding=\"async\" aria-describedby=\"caption-attachment-3814\" class=\"size-full wp-image-3814\" src=\"http:\/\/blogg.svenskakyrkan.se\/vandravagen\/files\/2015\/10\/14-ILLUM-JEREMIAH-LAMENTING-OVER-J.jpg\" alt=\"Jeremia klagar \u00f6ver Jerusalems fall\" width=\"300\" height=\"450\" srcset=\"https:\/\/blogg.svenskakyrkan.se\/vandravagen\/files\/2015\/10\/14-ILLUM-JEREMIAH-LAMENTING-OVER-J.jpg 300w, https:\/\/blogg.svenskakyrkan.se\/vandravagen\/files\/2015\/10\/14-ILLUM-JEREMIAH-LAMENTING-OVER-J-200x300.jpg 200w\" sizes=\"auto, (max-width: 300px) 100vw, 300px\" \/><\/a><p id=\"caption-attachment-3814\" class=\"wp-caption-text\">Jeremia klagar \u00f6ver Jerusalems fall<\/p><\/div>\n<blockquote>\n<div class=\"line\">&#8221;Ack, \u00f6vergiven ligger hon,<\/div>\n<div class=\"line\">den f\u00f6rr s\u00e5 folkrika staden.<\/div>\n<div class=\"line\">En \u00e4nka liknar hon,<\/div>\n<div class=\"line\">hon som var fr\u00e4mst bland folken.<\/div>\n<div class=\"line\">Drottningen bland l\u00e4nder<\/div>\n<div class=\"line\">g\u00f6r nu tr\u00e4ltj\u00e4nst.&#8221; (klag 1:1)<\/div>\n<div class=\"line\"><\/div>\n<div class=\"line\"><\/div>\n<\/blockquote>\n<div class=\"line\">Tittar man i gamla testamentet i en vanlig svensk bibel, mellan den tjocka bok som \u00e4r uppkallad efter profeten Jeremia, och den lika tjocka som heter Hesekiel s\u00e5 finns d\u00e4r en blott fem kapitel l\u00e5ng &#8221;bok&#8221;. &#8221;<strong>Klagovisorna<\/strong>&#8221;.<\/div>\n<div class=\"line\"><\/div>\n<div class=\"line\"><\/div>\n<div class=\"line\">Den st\u00e5r d\u00e4r f\u00f6r att man antagit att Jeremia \u00e4r f\u00f6rfattaren. Jeremias profetior tillkom i tiden kring Jerusalems bel\u00e4gring och er\u00f6vring av den babyloniska arm\u00e9n, och tiden n\u00e4r delar av folket f\u00f6rdes bort i exil i Babylon. Klagovisorna h\u00f6r hemma i samma milj\u00f6.<\/div>\n<div class=\"line\"><\/div>\n<div class=\"line\"><\/div>\n<div class=\"line\">Jerusalem har fallit. I dess ruiner finns omskakade m\u00e4nniskor vars liv lagts i ruiner. De saknar mat tolkar katastrofen som Guds straff f\u00f6r folkets synd. I fem psalmer (&#8221;akrostikondikter&#8221; -d\u00e4r varje ny vers b\u00f6rjar med en nya bokstav i alfabetet A-B-C osv) gjuter de ut sin klagan \u00f6ver den olycka som kommit \u00f6ver dem. L\u00e4get \u00e4r nattsvart.<\/div>\n<div class=\"line\"><\/div>\n<div class=\"line\">Enda undantaget finns i den mittersta av dikterna. Det \u00e4r s\u00e4kert ingen slum f\u00f6r i bibeln \u00e4r texter ofta ordnade s\u00e5 att det viktigaste kommer i mitten, rent bokstavligt i centrum. D\u00e4r glimmar det pl\u00f6tsligt till i n\u00e5gra f\u00e5 verser av envis f\u00f6rtr\u00f6stan p\u00e5 Gud, bland annat st\u00e5r det:<\/div>\n<div class=\"line\"><\/div>\n<div class=\"line\">\n<blockquote>\n<div class=\"line\">&#8221;Men Herrens n\u00e5d tar inte slut,<\/div>\n<div class=\"line\">hans barmh\u00e4rtighet upph\u00f6r aldrig.<\/div>\n<div class=\"line\">&#8221;Varje morgon \u00e4r den ny &#8211;<\/div>\n<div class=\"line\">stor \u00e4r din trofasthet.<\/div>\n<div class=\"line\">&#8221;Min andel \u00e4r Herren, det vet jag,<\/div>\n<div class=\"line\">d\u00e4rf\u00f6r hoppas jag p\u00e5 honom&#8221;. (Klag 3:22.24)<\/div>\n<div class=\"line\"><\/div>\n<\/blockquote>\n<\/div>\n<div class=\"line\"><\/div>\n<div class=\"line\">Det \u00e4r oerh\u00f6rt starka dikter fulla av sm\u00e4rta. Det g\u00f6r dem p\u00e5 ett s\u00e4tt tidl\u00f6sa. Man kan f\u00f6rest\u00e4lla sig en m\u00e4ngd platser p\u00e5 v\u00e5r jord idag d\u00e4r liknande klagorop f\u00f6rmodligen riktas mot Gud. F\u00f6rfattaren grubblar \u00f6ver vad som h\u00e4nt och varf\u00f6r, kan verkligen Gud ha straffat sitt folk s\u00e5h\u00e4r? Fr\u00e5gan om vad katastrofen g\u00f6r med oss och med v\u00e5r tro \u00e4r v\u00e4ldigt n\u00e4rvarande:<\/div>\n<div class=\"line\"><\/div>\n<div class=\"line\"><\/div>\n<div class=\"line\">\n<blockquote>\n<div class=\"line\">&#8221;Du tog bort allt gott ur mitt liv,<\/div>\n<div class=\"line\">jag gl\u00f6mde vad lycka var.<\/div>\n<div class=\"line\">Jag t\u00e4nkte: Nu orkar jag inte mer,<\/div>\n<div class=\"line\">jag hoppas inte l\u00e4ngre p\u00e5 Herren&#8221;. (Klag 3:17-18)<\/div>\n<div class=\"line\"><\/div>\n<\/blockquote>\n<div class=\"line\"><\/div>\n<div class=\"line\">Vi talade om Klagovisorna p\u00e5 ett bibelstudium i f\u00f6rsamlingen nyligen och det var m\u00e5nga som reagerade p\u00e5 att &#8221;klagan&#8221; s\u00e4llan ses som n\u00e5got gott i v\u00e5rt samh\u00e4lle. Klaga g\u00f6r ju ingen nytta. Som jag f\u00f6rst\u00e5r Klagovisorna s\u00e5 kanske det \u00e4nd\u00e5 \u00e4r s\u00e5 att tron har en chans att \u00f6verleva katastrofen n\u00e4r vi v\u00e4nder oss till Gud och s\u00e4ger precis det hj\u00e4rtat \u00e4r fullt av, d\u00e5 finns det \u00e4nd\u00e5 en v\u00e4g att forts\u00e4tta p\u00e5. Om vi tiger och dialogen med Gud upph\u00f6r s\u00e5 kanske det v\u00e5gen tillsammans n\u00e5tt sitt slut? S\u00e5 fungerar det ju med v\u00e5ra vanliga m\u00e4nskliga relationer i alla fall?<\/div>\n<div class=\"line\"><\/div>\n<div class=\"line\"><\/div>\n<div class=\"line\">Jag s\u00e5g en g\u00e5ng en j\u00e4mf\u00f6relse \u00f6ver bibelns psalmer (psaltaren och s\u00e5 vidare) och mer moderna psalmb\u00f6cker vad g\u00e4ller inneh\u00e5llet i psalmtexterna. I Bibeln \u00e4r en v\u00e4ldigt stor andel av psalmerna (minns inte hur stor) klagopsalmer men i v\u00e5ra psalmb\u00f6cker \u00e4r &#8221;klagan&#8221; ett v\u00e4ldigt marginellt inslag mitt bland all trosvisshet. \u00c4r det bra att det \u00e4r s\u00e5? Eller \u00e4r det f\u00f6r att vi \u00e4r r\u00e4dda f\u00f6r sv\u00e4rtan och hellre vill ha det mysigt p\u00e5 v\u00e5ra gudstj\u00e4nster?<\/div>\n<div class=\"line\"><\/div>\n<div class=\"line\"><\/div>\n<div class=\"line\">Hur ser du p\u00e5 klagan? Har du l\u00e4st Klagovisorna? G\u00f6r annars det (det g\u00e5r fort) och skriv om din erfarenhet av boken i en kommentar!<\/div>\n<\/div>\n","protected":false},"excerpt":{"rendered":"<p>&#8221;Ack, \u00f6vergiven ligger hon, den f\u00f6rr s\u00e5 folkrika staden. En \u00e4nka liknar hon, hon som var fr\u00e4mst bland folken. Drottningen bland l\u00e4nder g\u00f6r nu tr\u00e4ltj\u00e4nst.&#8221; (klag 1:1) Tittar man i gamla testamentet i en vanlig svensk bibel, mellan den tjocka bok som \u00e4r uppkallad efter profeten Jeremia, och den lika tjocka som heter Hesekiel s\u00e5 [&hellip;]<\/p>\n","protected":false},"author":392,"featured_media":0,"comment_status":"open","ping_status":"open","sticky":false,"template":"","format":"standard","meta":{"_acf_changed":false,"footnotes":""},"categories":[81118,8298,76189],"tags":[],"class_list":["post-3813","post","type-post","status-publish","format-standard","hentry","category-bibelbocker","category-bibeln","category-dagens-kyrka"],"acf":[],"yoast_head":"<!-- This site is optimized with the Yoast SEO plugin v27.1.1 - https:\/\/yoast.com\/product\/yoast-seo-wordpress\/ -->\n<title>Klagovisorna f\u00f6r nyb\u00f6rjare - Vandra V\u00e4gen<\/title>\n<meta name=\"robots\" content=\"index, follow, max-snippet:-1, max-image-preview:large, max-video-preview:-1\" \/>\n<link rel=\"canonical\" href=\"https:\/\/blogg.svenskakyrkan.se\/vandravagen\/2015\/10\/27\/klagovisorna-for-nyborjare\/\" \/>\n<meta property=\"og:locale\" content=\"sv_SE\" \/>\n<meta property=\"og:type\" content=\"article\" \/>\n<meta property=\"og:title\" content=\"Klagovisorna f\u00f6r nyb\u00f6rjare - Vandra V\u00e4gen\" \/>\n<meta property=\"og:description\" content=\"&#8221;Ack, \u00f6vergiven ligger hon, den f\u00f6rr s\u00e5 folkrika staden. En \u00e4nka liknar hon, hon som var fr\u00e4mst bland folken. Drottningen bland l\u00e4nder g\u00f6r nu tr\u00e4ltj\u00e4nst.&#8221; (klag 1:1) Tittar man i gamla testamentet i en vanlig svensk bibel, mellan den tjocka bok som \u00e4r uppkallad efter profeten Jeremia, och den lika tjocka som heter Hesekiel s\u00e5 [&hellip;]\" \/>\n<meta property=\"og:url\" content=\"https:\/\/blogg.svenskakyrkan.se\/vandravagen\/2015\/10\/27\/klagovisorna-for-nyborjare\/\" \/>\n<meta property=\"og:site_name\" content=\"Vandra V\u00e4gen\" \/>\n<meta property=\"article:publisher\" content=\"http:\/\/facebook.com\/vandravagen\" \/>\n<meta property=\"article:published_time\" content=\"2015-10-27T06:00:25+00:00\" \/>\n<meta property=\"article:modified_time\" content=\"2015-10-27T06:40:47+00:00\" \/>\n<meta property=\"og:image\" content=\"http:\/\/blogg.svenskakyrkan.se\/vandravagen\/files\/2015\/10\/14-ILLUM-JEREMIAH-LAMENTING-OVER-J.jpg\" \/>\n<meta name=\"author\" content=\"Tomas Jarvid\" \/>\n<meta name=\"twitter:card\" content=\"summary_large_image\" \/>\n<meta name=\"twitter:creator\" content=\"@fadertomas\" \/>\n<meta name=\"twitter:site\" content=\"@fadertomas\" \/>\n<meta name=\"twitter:label1\" content=\"Skriven av\" \/>\n\t<meta name=\"twitter:data1\" content=\"Tomas Jarvid\" \/>\n\t<meta name=\"twitter:label2\" content=\"Ber\u00e4knad l\u00e4stid\" \/>\n\t<meta name=\"twitter:data2\" content=\"3 minuter\" \/>\n<script type=\"application\/ld+json\" class=\"yoast-schema-graph\">{\"@context\":\"https:\/\/schema.org\",\"@graph\":[{\"@type\":\"Article\",\"@id\":\"https:\/\/blogg.svenskakyrkan.se\/vandravagen\/2015\/10\/27\/klagovisorna-for-nyborjare\/#article\",\"isPartOf\":{\"@id\":\"https:\/\/blogg.svenskakyrkan.se\/vandravagen\/2015\/10\/27\/klagovisorna-for-nyborjare\/\"},\"author\":{\"name\":\"Tomas Jarvid\",\"@id\":\"https:\/\/blogg.svenskakyrkan.se\/vandravagen\/#\/schema\/person\/25da02d4f76b137d04291711e2c9fc16\"},\"headline\":\"Klagovisorna f\u00f6r nyb\u00f6rjare\",\"datePublished\":\"2015-10-27T06:00:25+00:00\",\"dateModified\":\"2015-10-27T06:40:47+00:00\",\"mainEntityOfPage\":{\"@id\":\"https:\/\/blogg.svenskakyrkan.se\/vandravagen\/2015\/10\/27\/klagovisorna-for-nyborjare\/\"},\"wordCount\":655,\"commentCount\":10,\"publisher\":{\"@id\":\"https:\/\/blogg.svenskakyrkan.se\/vandravagen\/#organization\"},\"image\":{\"@id\":\"https:\/\/blogg.svenskakyrkan.se\/vandravagen\/2015\/10\/27\/klagovisorna-for-nyborjare\/#primaryimage\"},\"thumbnailUrl\":\"http:\/\/blogg.svenskakyrkan.se\/vandravagen\/files\/2015\/10\/14-ILLUM-JEREMIAH-LAMENTING-OVER-J.jpg\",\"articleSection\":[\"bibelb\u00f6cker\",\"Bibeln\",\"Dagens Kyrka\"],\"inLanguage\":\"sv-SE\",\"potentialAction\":[{\"@type\":\"CommentAction\",\"name\":\"Comment\",\"target\":[\"https:\/\/blogg.svenskakyrkan.se\/vandravagen\/2015\/10\/27\/klagovisorna-for-nyborjare\/#respond\"]}]},{\"@type\":\"WebPage\",\"@id\":\"https:\/\/blogg.svenskakyrkan.se\/vandravagen\/2015\/10\/27\/klagovisorna-for-nyborjare\/\",\"url\":\"https:\/\/blogg.svenskakyrkan.se\/vandravagen\/2015\/10\/27\/klagovisorna-for-nyborjare\/\",\"name\":\"Klagovisorna f\u00f6r nyb\u00f6rjare - Vandra V\u00e4gen\",\"isPartOf\":{\"@id\":\"https:\/\/blogg.svenskakyrkan.se\/vandravagen\/#website\"},\"primaryImageOfPage\":{\"@id\":\"https:\/\/blogg.svenskakyrkan.se\/vandravagen\/2015\/10\/27\/klagovisorna-for-nyborjare\/#primaryimage\"},\"image\":{\"@id\":\"https:\/\/blogg.svenskakyrkan.se\/vandravagen\/2015\/10\/27\/klagovisorna-for-nyborjare\/#primaryimage\"},\"thumbnailUrl\":\"http:\/\/blogg.svenskakyrkan.se\/vandravagen\/files\/2015\/10\/14-ILLUM-JEREMIAH-LAMENTING-OVER-J.jpg\",\"datePublished\":\"2015-10-27T06:00:25+00:00\",\"dateModified\":\"2015-10-27T06:40:47+00:00\",\"breadcrumb\":{\"@id\":\"https:\/\/blogg.svenskakyrkan.se\/vandravagen\/2015\/10\/27\/klagovisorna-for-nyborjare\/#breadcrumb\"},\"inLanguage\":\"sv-SE\",\"potentialAction\":[{\"@type\":\"ReadAction\",\"target\":[\"https:\/\/blogg.svenskakyrkan.se\/vandravagen\/2015\/10\/27\/klagovisorna-for-nyborjare\/\"]}]},{\"@type\":\"ImageObject\",\"inLanguage\":\"sv-SE\",\"@id\":\"https:\/\/blogg.svenskakyrkan.se\/vandravagen\/2015\/10\/27\/klagovisorna-for-nyborjare\/#primaryimage\",\"url\":\"http:\/\/blogg.svenskakyrkan.se\/vandravagen\/files\/2015\/10\/14-ILLUM-JEREMIAH-LAMENTING-OVER-J.jpg\",\"contentUrl\":\"http:\/\/blogg.svenskakyrkan.se\/vandravagen\/files\/2015\/10\/14-ILLUM-JEREMIAH-LAMENTING-OVER-J.jpg\"},{\"@type\":\"BreadcrumbList\",\"@id\":\"https:\/\/blogg.svenskakyrkan.se\/vandravagen\/2015\/10\/27\/klagovisorna-for-nyborjare\/#breadcrumb\",\"itemListElement\":[{\"@type\":\"ListItem\",\"position\":1,\"name\":\"Hem\",\"item\":\"https:\/\/blogg.svenskakyrkan.se\/vandravagen\/\"},{\"@type\":\"ListItem\",\"position\":2,\"name\":\"Klagovisorna f\u00f6r nyb\u00f6rjare\"}]},{\"@type\":\"WebSite\",\"@id\":\"https:\/\/blogg.svenskakyrkan.se\/vandravagen\/#website\",\"url\":\"https:\/\/blogg.svenskakyrkan.se\/vandravagen\/\",\"name\":\"Vandra V\u00e4gen\",\"description\":\"-Mot en tro f\u00f6r hela livet\",\"publisher\":{\"@id\":\"https:\/\/blogg.svenskakyrkan.se\/vandravagen\/#organization\"},\"potentialAction\":[{\"@type\":\"SearchAction\",\"target\":{\"@type\":\"EntryPoint\",\"urlTemplate\":\"https:\/\/blogg.svenskakyrkan.se\/vandravagen\/?s={search_term_string}\"},\"query-input\":{\"@type\":\"PropertyValueSpecification\",\"valueRequired\":true,\"valueName\":\"search_term_string\"}}],\"inLanguage\":\"sv-SE\"},{\"@type\":\"Organization\",\"@id\":\"https:\/\/blogg.svenskakyrkan.se\/vandravagen\/#organization\",\"name\":\"ulricehamns pastorat\",\"alternateName\":\"ulricehamns pastorat\",\"url\":\"https:\/\/blogg.svenskakyrkan.se\/vandravagen\/\",\"logo\":{\"@type\":\"ImageObject\",\"inLanguage\":\"sv-SE\",\"@id\":\"https:\/\/blogg.svenskakyrkan.se\/vandravagen\/#\/schema\/logo\/image\/\",\"url\":\"https:\/\/blogg.svenskakyrkan.se\/vandravagen\/files\/2023\/05\/Ulr_logo_RGB.png\",\"contentUrl\":\"https:\/\/blogg.svenskakyrkan.se\/vandravagen\/files\/2023\/05\/Ulr_logo_RGB.png\",\"width\":205,\"height\":77,\"caption\":\"ulricehamns pastorat\"},\"image\":{\"@id\":\"https:\/\/blogg.svenskakyrkan.se\/vandravagen\/#\/schema\/logo\/image\/\"},\"sameAs\":[\"http:\/\/facebook.com\/vandravagen\",\"https:\/\/x.com\/fadertomas\",\"http:\/\/www.facebook.com\/svenskakyrkaniulricehamn\"]},{\"@type\":\"Person\",\"@id\":\"https:\/\/blogg.svenskakyrkan.se\/vandravagen\/#\/schema\/person\/25da02d4f76b137d04291711e2c9fc16\",\"name\":\"Tomas Jarvid\",\"image\":{\"@type\":\"ImageObject\",\"inLanguage\":\"sv-SE\",\"@id\":\"https:\/\/blogg.svenskakyrkan.se\/vandravagen\/#\/schema\/person\/image\/\",\"url\":\"https:\/\/secure.gravatar.com\/avatar\/7fa71899795e8f540f615a1f5ab25255dc27aa40f05ee7ddd21aac521e01bf50?s=96&d=identicon&r=g\",\"contentUrl\":\"https:\/\/secure.gravatar.com\/avatar\/7fa71899795e8f540f615a1f5ab25255dc27aa40f05ee7ddd21aac521e01bf50?s=96&d=identicon&r=g\",\"caption\":\"Tomas Jarvid\"},\"description\":\"Jag bor i Ulricehamn i V\u00e4sterg\u00f6tland och \u00e4r f\u00f6rsamlingspr\u00e4st i Svenska Kyrkan f\u00f6r Dalstorps f\u00f6rsamling i Kinds pastorat. P\u00e5 den h\u00e4r bloggen skriver jag ner tankar om vandringen som kristen.\",\"sameAs\":[\"http:\/\/www.vandravagen.se\"],\"url\":\"https:\/\/blogg.svenskakyrkan.se\/vandravagen\/author\/vandravagen\/\"}]}<\/script>\n<!-- \/ Yoast SEO plugin. -->","yoast_head_json":{"title":"Klagovisorna f\u00f6r nyb\u00f6rjare - Vandra V\u00e4gen","robots":{"index":"index","follow":"follow","max-snippet":"max-snippet:-1","max-image-preview":"max-image-preview:large","max-video-preview":"max-video-preview:-1"},"canonical":"https:\/\/blogg.svenskakyrkan.se\/vandravagen\/2015\/10\/27\/klagovisorna-for-nyborjare\/","og_locale":"sv_SE","og_type":"article","og_title":"Klagovisorna f\u00f6r nyb\u00f6rjare - Vandra V\u00e4gen","og_description":"&#8221;Ack, \u00f6vergiven ligger hon, den f\u00f6rr s\u00e5 folkrika staden. En \u00e4nka liknar hon, hon som var fr\u00e4mst bland folken. Drottningen bland l\u00e4nder g\u00f6r nu tr\u00e4ltj\u00e4nst.&#8221; (klag 1:1) Tittar man i gamla testamentet i en vanlig svensk bibel, mellan den tjocka bok som \u00e4r uppkallad efter profeten Jeremia, och den lika tjocka som heter Hesekiel s\u00e5 [&hellip;]","og_url":"https:\/\/blogg.svenskakyrkan.se\/vandravagen\/2015\/10\/27\/klagovisorna-for-nyborjare\/","og_site_name":"Vandra V\u00e4gen","article_publisher":"http:\/\/facebook.com\/vandravagen","article_published_time":"2015-10-27T06:00:25+00:00","article_modified_time":"2015-10-27T06:40:47+00:00","og_image":[{"url":"http:\/\/blogg.svenskakyrkan.se\/vandravagen\/files\/2015\/10\/14-ILLUM-JEREMIAH-LAMENTING-OVER-J.jpg","type":"","width":"","height":""}],"author":"Tomas Jarvid","twitter_card":"summary_large_image","twitter_creator":"@fadertomas","twitter_site":"@fadertomas","twitter_misc":{"Skriven av":"Tomas Jarvid","Ber\u00e4knad l\u00e4stid":"3 minuter"},"schema":{"@context":"https:\/\/schema.org","@graph":[{"@type":"Article","@id":"https:\/\/blogg.svenskakyrkan.se\/vandravagen\/2015\/10\/27\/klagovisorna-for-nyborjare\/#article","isPartOf":{"@id":"https:\/\/blogg.svenskakyrkan.se\/vandravagen\/2015\/10\/27\/klagovisorna-for-nyborjare\/"},"author":{"name":"Tomas Jarvid","@id":"https:\/\/blogg.svenskakyrkan.se\/vandravagen\/#\/schema\/person\/25da02d4f76b137d04291711e2c9fc16"},"headline":"Klagovisorna f\u00f6r nyb\u00f6rjare","datePublished":"2015-10-27T06:00:25+00:00","dateModified":"2015-10-27T06:40:47+00:00","mainEntityOfPage":{"@id":"https:\/\/blogg.svenskakyrkan.se\/vandravagen\/2015\/10\/27\/klagovisorna-for-nyborjare\/"},"wordCount":655,"commentCount":10,"publisher":{"@id":"https:\/\/blogg.svenskakyrkan.se\/vandravagen\/#organization"},"image":{"@id":"https:\/\/blogg.svenskakyrkan.se\/vandravagen\/2015\/10\/27\/klagovisorna-for-nyborjare\/#primaryimage"},"thumbnailUrl":"http:\/\/blogg.svenskakyrkan.se\/vandravagen\/files\/2015\/10\/14-ILLUM-JEREMIAH-LAMENTING-OVER-J.jpg","articleSection":["bibelb\u00f6cker","Bibeln","Dagens Kyrka"],"inLanguage":"sv-SE","potentialAction":[{"@type":"CommentAction","name":"Comment","target":["https:\/\/blogg.svenskakyrkan.se\/vandravagen\/2015\/10\/27\/klagovisorna-for-nyborjare\/#respond"]}]},{"@type":"WebPage","@id":"https:\/\/blogg.svenskakyrkan.se\/vandravagen\/2015\/10\/27\/klagovisorna-for-nyborjare\/","url":"https:\/\/blogg.svenskakyrkan.se\/vandravagen\/2015\/10\/27\/klagovisorna-for-nyborjare\/","name":"Klagovisorna f\u00f6r nyb\u00f6rjare - Vandra V\u00e4gen","isPartOf":{"@id":"https:\/\/blogg.svenskakyrkan.se\/vandravagen\/#website"},"primaryImageOfPage":{"@id":"https:\/\/blogg.svenskakyrkan.se\/vandravagen\/2015\/10\/27\/klagovisorna-for-nyborjare\/#primaryimage"},"image":{"@id":"https:\/\/blogg.svenskakyrkan.se\/vandravagen\/2015\/10\/27\/klagovisorna-for-nyborjare\/#primaryimage"},"thumbnailUrl":"http:\/\/blogg.svenskakyrkan.se\/vandravagen\/files\/2015\/10\/14-ILLUM-JEREMIAH-LAMENTING-OVER-J.jpg","datePublished":"2015-10-27T06:00:25+00:00","dateModified":"2015-10-27T06:40:47+00:00","breadcrumb":{"@id":"https:\/\/blogg.svenskakyrkan.se\/vandravagen\/2015\/10\/27\/klagovisorna-for-nyborjare\/#breadcrumb"},"inLanguage":"sv-SE","potentialAction":[{"@type":"ReadAction","target":["https:\/\/blogg.svenskakyrkan.se\/vandravagen\/2015\/10\/27\/klagovisorna-for-nyborjare\/"]}]},{"@type":"ImageObject","inLanguage":"sv-SE","@id":"https:\/\/blogg.svenskakyrkan.se\/vandravagen\/2015\/10\/27\/klagovisorna-for-nyborjare\/#primaryimage","url":"http:\/\/blogg.svenskakyrkan.se\/vandravagen\/files\/2015\/10\/14-ILLUM-JEREMIAH-LAMENTING-OVER-J.jpg","contentUrl":"http:\/\/blogg.svenskakyrkan.se\/vandravagen\/files\/2015\/10\/14-ILLUM-JEREMIAH-LAMENTING-OVER-J.jpg"},{"@type":"BreadcrumbList","@id":"https:\/\/blogg.svenskakyrkan.se\/vandravagen\/2015\/10\/27\/klagovisorna-for-nyborjare\/#breadcrumb","itemListElement":[{"@type":"ListItem","position":1,"name":"Hem","item":"https:\/\/blogg.svenskakyrkan.se\/vandravagen\/"},{"@type":"ListItem","position":2,"name":"Klagovisorna f\u00f6r nyb\u00f6rjare"}]},{"@type":"WebSite","@id":"https:\/\/blogg.svenskakyrkan.se\/vandravagen\/#website","url":"https:\/\/blogg.svenskakyrkan.se\/vandravagen\/","name":"Vandra V\u00e4gen","description":"-Mot en tro f\u00f6r hela livet","publisher":{"@id":"https:\/\/blogg.svenskakyrkan.se\/vandravagen\/#organization"},"potentialAction":[{"@type":"SearchAction","target":{"@type":"EntryPoint","urlTemplate":"https:\/\/blogg.svenskakyrkan.se\/vandravagen\/?s={search_term_string}"},"query-input":{"@type":"PropertyValueSpecification","valueRequired":true,"valueName":"search_term_string"}}],"inLanguage":"sv-SE"},{"@type":"Organization","@id":"https:\/\/blogg.svenskakyrkan.se\/vandravagen\/#organization","name":"ulricehamns pastorat","alternateName":"ulricehamns pastorat","url":"https:\/\/blogg.svenskakyrkan.se\/vandravagen\/","logo":{"@type":"ImageObject","inLanguage":"sv-SE","@id":"https:\/\/blogg.svenskakyrkan.se\/vandravagen\/#\/schema\/logo\/image\/","url":"https:\/\/blogg.svenskakyrkan.se\/vandravagen\/files\/2023\/05\/Ulr_logo_RGB.png","contentUrl":"https:\/\/blogg.svenskakyrkan.se\/vandravagen\/files\/2023\/05\/Ulr_logo_RGB.png","width":205,"height":77,"caption":"ulricehamns pastorat"},"image":{"@id":"https:\/\/blogg.svenskakyrkan.se\/vandravagen\/#\/schema\/logo\/image\/"},"sameAs":["http:\/\/facebook.com\/vandravagen","https:\/\/x.com\/fadertomas","http:\/\/www.facebook.com\/svenskakyrkaniulricehamn"]},{"@type":"Person","@id":"https:\/\/blogg.svenskakyrkan.se\/vandravagen\/#\/schema\/person\/25da02d4f76b137d04291711e2c9fc16","name":"Tomas Jarvid","image":{"@type":"ImageObject","inLanguage":"sv-SE","@id":"https:\/\/blogg.svenskakyrkan.se\/vandravagen\/#\/schema\/person\/image\/","url":"https:\/\/secure.gravatar.com\/avatar\/7fa71899795e8f540f615a1f5ab25255dc27aa40f05ee7ddd21aac521e01bf50?s=96&d=identicon&r=g","contentUrl":"https:\/\/secure.gravatar.com\/avatar\/7fa71899795e8f540f615a1f5ab25255dc27aa40f05ee7ddd21aac521e01bf50?s=96&d=identicon&r=g","caption":"Tomas Jarvid"},"description":"Jag bor i Ulricehamn i V\u00e4sterg\u00f6tland och \u00e4r f\u00f6rsamlingspr\u00e4st i Svenska Kyrkan f\u00f6r Dalstorps f\u00f6rsamling i Kinds pastorat. P\u00e5 den h\u00e4r bloggen skriver jag ner tankar om vandringen som kristen.","sameAs":["http:\/\/www.vandravagen.se"],"url":"https:\/\/blogg.svenskakyrkan.se\/vandravagen\/author\/vandravagen\/"}]}},"author_meta":{"ID":"392","user_nicename":"vandravagen","user_url":"http:\/\/www.vandravagen.se","user_registered":"2014-05-19 05:44:52","display_name":"Tomas Jarvid","first_name":"Tomas","last_name":"Jarvid","avatar":"https:\/\/secure.gravatar.com\/avatar\/7fa71899795e8f540f615a1f5ab25255dc27aa40f05ee7ddd21aac521e01bf50?s=96&d=identicon&r=g"},"featured_image":false,"bloginfo":{"name":"Vandra V\u00e4gen","url":"https:\/\/blogg.svenskakyrkan.se\/vandravagen"},"_links":{"self":[{"href":"https:\/\/blogg.svenskakyrkan.se\/vandravagen\/wp-json\/wp\/v2\/posts\/3813","targetHints":{"allow":["GET"]}}],"collection":[{"href":"https:\/\/blogg.svenskakyrkan.se\/vandravagen\/wp-json\/wp\/v2\/posts"}],"about":[{"href":"https:\/\/blogg.svenskakyrkan.se\/vandravagen\/wp-json\/wp\/v2\/types\/post"}],"author":[{"embeddable":true,"href":"https:\/\/blogg.svenskakyrkan.se\/vandravagen\/wp-json\/wp\/v2\/users\/392"}],"replies":[{"embeddable":true,"href":"https:\/\/blogg.svenskakyrkan.se\/vandravagen\/wp-json\/wp\/v2\/comments?post=3813"}],"version-history":[{"count":5,"href":"https:\/\/blogg.svenskakyrkan.se\/vandravagen\/wp-json\/wp\/v2\/posts\/3813\/revisions"}],"predecessor-version":[{"id":3823,"href":"https:\/\/blogg.svenskakyrkan.se\/vandravagen\/wp-json\/wp\/v2\/posts\/3813\/revisions\/3823"}],"wp:attachment":[{"href":"https:\/\/blogg.svenskakyrkan.se\/vandravagen\/wp-json\/wp\/v2\/media?parent=3813"}],"wp:term":[{"taxonomy":"category","embeddable":true,"href":"https:\/\/blogg.svenskakyrkan.se\/vandravagen\/wp-json\/wp\/v2\/categories?post=3813"},{"taxonomy":"post_tag","embeddable":true,"href":"https:\/\/blogg.svenskakyrkan.se\/vandravagen\/wp-json\/wp\/v2\/tags?post=3813"}],"curies":[{"name":"wp","href":"https:\/\/api.w.org\/{rel}","templated":true}]}}