{"id":385,"date":"2013-08-26T07:23:00","date_gmt":"2013-08-26T05:23:00","guid":{"rendered":"http:\/\/blogg.svenskakyrkan.se\/vandravagen\/2013\/08\/26\/pilgrimens-mal\/"},"modified":"2013-08-26T07:23:00","modified_gmt":"2013-08-26T05:23:00","slug":"pilgrimens-mal","status":"publish","type":"post","link":"https:\/\/blogg.svenskakyrkan.se\/vandravagen\/2013\/08\/26\/pilgrimens-mal\/","title":{"rendered":"Pilgrimens m\u00e5l"},"content":{"rendered":"<table align=\"center\" cellpadding=\"0\" cellspacing=\"0\">\n<tbody>\n<tr>\n<td><a href=\"http:\/\/2.bp.blogspot.com\/-y2Dl7zW6s-M\/Uhrl81vWShI\/AAAAAAAAE9I\/CqIykE06ZeI\/s1600\/IMG_3968.JPG\"><img loading=\"lazy\" decoding=\"async\" border=\"0\" height=\"476\" src=\"http:\/\/2.bp.blogspot.com\/-y2Dl7zW6s-M\/Uhrl81vWShI\/AAAAAAAAE9I\/CqIykE06ZeI\/s640\/IMG_3968.JPG\" width=\"640\"><\/a><\/td>\n<\/tr>\n<tr>\n<td>Pilgrimer p\u00e5 v\u00e4g mot m\u00e5let.<\/td>\n<\/tr>\n<\/tbody>\n<\/table>\n<p>Efter den senaste pilgrimsvandringen till Husaby kom jag att prata med en medvandrare. Han sa att en bra sak med pilgrimsvandringen j\u00e4mf\u00f6rt med andra vandringar \u00e4r att man kommer fram till ett m\u00e5l ocks\u00e5. Annars blir det l\u00e4tt att man bara forts\u00e4tter in i bilen och \u00e5ker man hem utan att ha kommit fram p\u00e5 riktigt. Det \u00e4r viktigt att g\u00f6ra n\u00e5got av framkomsten.<\/p>\n<p>Jag tror att det geografiska m\u00e5let f\u00f6r pilgrimsvandringar idag ofta \u00e4r r\u00e4tt knepigt att f\u00f6rh\u00e5lla sig till f\u00f6r den moderna pilgrimen. I den pilgrimsvandringsskildringar jag l\u00e4st \u00e4r det ofta s\u00e5. Den k\u00e4nsla av enkel meningsfullhet man kanske k\u00e4nt under vandringen kan bytas i f\u00f6rvirring n\u00e4r processen abrupt avbryts av att man \u00e4r framme. F\u00f6r vad betyder egentligen st Olavs ben f\u00f6r mig idag? Vad \u00e4r det jag ska g\u00f6ra h\u00e4r vid m\u00e5let som \u00e4r s\u00e5 viktigt? I gamla tider fanns det f\u00e4rdiga m\u00f6nster att falla in i vid pilgrimsm\u00e5let ocks\u00e5 men i v\u00e5r tid \u00e4r det inte s\u00e5.<\/p>\n<p>Sett ur ett existentiellt perspektiv \u00e4r det s\u00e5 att n\u00e4r vi kommer fram till ett m\u00e5l inser vi att v\u00e5r v\u00e4g inte slutar d\u00e4r. H\u00e4r finns inte det vi l\u00e4ngtade efter eller s\u00f6kte efter med vandringen. Ytterst sett finns ju inte fullkomligheten f\u00f6rr\u00e4n i himlen. I b\u00e4sta fall kan det finnas en flisa av den vid de jordiska pilgrimsm\u00e5len men det verkliga m\u00e5let \u00e4r vi inte framme vid.<\/p>\n<p>Trots detta \u00e4r det allts\u00e5 \u00e4nd\u00e5 bra att ha ett m\u00e5l att komma fram till f\u00f6r att man inte ska slarva bort hela vandringsupplevelsen f\u00f6r tidigt.<\/p>\n<p>Hur ser du p\u00e5 pilgrimsf\u00e4rder och pilgrimsm\u00e5l?<\/p>\n","protected":false},"excerpt":{"rendered":"<p>Pilgrimer p\u00e5 v\u00e4g mot m\u00e5let. Efter den senaste pilgrimsvandringen till Husaby kom jag att prata med en medvandrare. Han sa att en bra sak med pilgrimsvandringen j\u00e4mf\u00f6rt med andra vandringar \u00e4r att man kommer fram till ett m\u00e5l ocks\u00e5. Annars blir det l\u00e4tt att man bara forts\u00e4tter in i bilen och \u00e5ker man hem utan [&hellip;]<\/p>\n","protected":false},"author":392,"featured_media":0,"comment_status":"open","ping_status":"open","sticky":false,"template":"","format":"standard","meta":{"_acf_changed":false,"footnotes":""},"categories":[8331],"tags":[],"class_list":["post-385","post","type-post","status-publish","format-standard","hentry","category-pilgrim"],"acf":[],"yoast_head":"<!-- This site is optimized with the Yoast SEO plugin v27.1.1 - https:\/\/yoast.com\/product\/yoast-seo-wordpress\/ -->\n<title>Pilgrimens m\u00e5l - Vandra V\u00e4gen<\/title>\n<meta name=\"robots\" content=\"index, follow, max-snippet:-1, max-image-preview:large, max-video-preview:-1\" \/>\n<link rel=\"canonical\" href=\"https:\/\/blogg.svenskakyrkan.se\/vandravagen\/2013\/08\/26\/pilgrimens-mal\/\" \/>\n<meta property=\"og:locale\" content=\"sv_SE\" \/>\n<meta property=\"og:type\" content=\"article\" \/>\n<meta property=\"og:title\" content=\"Pilgrimens m\u00e5l - Vandra V\u00e4gen\" \/>\n<meta property=\"og:description\" content=\"Pilgrimer p\u00e5 v\u00e4g mot m\u00e5let. Efter den senaste pilgrimsvandringen till Husaby kom jag att prata med en medvandrare. Han sa att en bra sak med pilgrimsvandringen j\u00e4mf\u00f6rt med andra vandringar \u00e4r att man kommer fram till ett m\u00e5l ocks\u00e5. Annars blir det l\u00e4tt att man bara forts\u00e4tter in i bilen och \u00e5ker man hem utan [&hellip;]\" \/>\n<meta property=\"og:url\" content=\"https:\/\/blogg.svenskakyrkan.se\/vandravagen\/2013\/08\/26\/pilgrimens-mal\/\" \/>\n<meta property=\"og:site_name\" content=\"Vandra V\u00e4gen\" \/>\n<meta property=\"article:publisher\" content=\"http:\/\/facebook.com\/vandravagen\" \/>\n<meta property=\"article:published_time\" content=\"2013-08-26T05:23:00+00:00\" \/>\n<meta property=\"og:image\" content=\"http:\/\/2.bp.blogspot.com\/-y2Dl7zW6s-M\/Uhrl81vWShI\/AAAAAAAAE9I\/CqIykE06ZeI\/s640\/IMG_3968.JPG\" \/>\n<meta name=\"author\" content=\"Tomas Jarvid\" \/>\n<meta name=\"twitter:card\" content=\"summary_large_image\" \/>\n<meta name=\"twitter:creator\" content=\"@fadertomas\" \/>\n<meta name=\"twitter:site\" content=\"@fadertomas\" \/>\n<meta name=\"twitter:label1\" content=\"Skriven av\" \/>\n\t<meta name=\"twitter:data1\" content=\"Tomas Jarvid\" \/>\n\t<meta name=\"twitter:label2\" content=\"Ber\u00e4knad l\u00e4stid\" \/>\n\t<meta name=\"twitter:data2\" content=\"2 minuter\" \/>\n<script type=\"application\/ld+json\" class=\"yoast-schema-graph\">{\"@context\":\"https:\/\/schema.org\",\"@graph\":[{\"@type\":\"Article\",\"@id\":\"https:\/\/blogg.svenskakyrkan.se\/vandravagen\/2013\/08\/26\/pilgrimens-mal\/#article\",\"isPartOf\":{\"@id\":\"https:\/\/blogg.svenskakyrkan.se\/vandravagen\/2013\/08\/26\/pilgrimens-mal\/\"},\"author\":{\"name\":\"Tomas Jarvid\",\"@id\":\"https:\/\/blogg.svenskakyrkan.se\/vandravagen\/#\/schema\/person\/25da02d4f76b137d04291711e2c9fc16\"},\"headline\":\"Pilgrimens m\u00e5l\",\"datePublished\":\"2013-08-26T05:23:00+00:00\",\"mainEntityOfPage\":{\"@id\":\"https:\/\/blogg.svenskakyrkan.se\/vandravagen\/2013\/08\/26\/pilgrimens-mal\/\"},\"wordCount\":318,\"commentCount\":3,\"publisher\":{\"@id\":\"https:\/\/blogg.svenskakyrkan.se\/vandravagen\/#organization\"},\"image\":{\"@id\":\"https:\/\/blogg.svenskakyrkan.se\/vandravagen\/2013\/08\/26\/pilgrimens-mal\/#primaryimage\"},\"thumbnailUrl\":\"http:\/\/2.bp.blogspot.com\/-y2Dl7zW6s-M\/Uhrl81vWShI\/AAAAAAAAE9I\/CqIykE06ZeI\/s640\/IMG_3968.JPG\",\"articleSection\":[\"pilgrim\"],\"inLanguage\":\"sv-SE\",\"potentialAction\":[{\"@type\":\"CommentAction\",\"name\":\"Comment\",\"target\":[\"https:\/\/blogg.svenskakyrkan.se\/vandravagen\/2013\/08\/26\/pilgrimens-mal\/#respond\"]}]},{\"@type\":\"WebPage\",\"@id\":\"https:\/\/blogg.svenskakyrkan.se\/vandravagen\/2013\/08\/26\/pilgrimens-mal\/\",\"url\":\"https:\/\/blogg.svenskakyrkan.se\/vandravagen\/2013\/08\/26\/pilgrimens-mal\/\",\"name\":\"Pilgrimens m\u00e5l - Vandra V\u00e4gen\",\"isPartOf\":{\"@id\":\"https:\/\/blogg.svenskakyrkan.se\/vandravagen\/#website\"},\"primaryImageOfPage\":{\"@id\":\"https:\/\/blogg.svenskakyrkan.se\/vandravagen\/2013\/08\/26\/pilgrimens-mal\/#primaryimage\"},\"image\":{\"@id\":\"https:\/\/blogg.svenskakyrkan.se\/vandravagen\/2013\/08\/26\/pilgrimens-mal\/#primaryimage\"},\"thumbnailUrl\":\"http:\/\/2.bp.blogspot.com\/-y2Dl7zW6s-M\/Uhrl81vWShI\/AAAAAAAAE9I\/CqIykE06ZeI\/s640\/IMG_3968.JPG\",\"datePublished\":\"2013-08-26T05:23:00+00:00\",\"breadcrumb\":{\"@id\":\"https:\/\/blogg.svenskakyrkan.se\/vandravagen\/2013\/08\/26\/pilgrimens-mal\/#breadcrumb\"},\"inLanguage\":\"sv-SE\",\"potentialAction\":[{\"@type\":\"ReadAction\",\"target\":[\"https:\/\/blogg.svenskakyrkan.se\/vandravagen\/2013\/08\/26\/pilgrimens-mal\/\"]}]},{\"@type\":\"ImageObject\",\"inLanguage\":\"sv-SE\",\"@id\":\"https:\/\/blogg.svenskakyrkan.se\/vandravagen\/2013\/08\/26\/pilgrimens-mal\/#primaryimage\",\"url\":\"http:\/\/2.bp.blogspot.com\/-y2Dl7zW6s-M\/Uhrl81vWShI\/AAAAAAAAE9I\/CqIykE06ZeI\/s640\/IMG_3968.JPG\",\"contentUrl\":\"http:\/\/2.bp.blogspot.com\/-y2Dl7zW6s-M\/Uhrl81vWShI\/AAAAAAAAE9I\/CqIykE06ZeI\/s640\/IMG_3968.JPG\"},{\"@type\":\"BreadcrumbList\",\"@id\":\"https:\/\/blogg.svenskakyrkan.se\/vandravagen\/2013\/08\/26\/pilgrimens-mal\/#breadcrumb\",\"itemListElement\":[{\"@type\":\"ListItem\",\"position\":1,\"name\":\"Hem\",\"item\":\"https:\/\/blogg.svenskakyrkan.se\/vandravagen\/\"},{\"@type\":\"ListItem\",\"position\":2,\"name\":\"Pilgrimens m\u00e5l\"}]},{\"@type\":\"WebSite\",\"@id\":\"https:\/\/blogg.svenskakyrkan.se\/vandravagen\/#website\",\"url\":\"https:\/\/blogg.svenskakyrkan.se\/vandravagen\/\",\"name\":\"Vandra V\u00e4gen\",\"description\":\"-Mot en tro f\u00f6r hela livet\",\"publisher\":{\"@id\":\"https:\/\/blogg.svenskakyrkan.se\/vandravagen\/#organization\"},\"potentialAction\":[{\"@type\":\"SearchAction\",\"target\":{\"@type\":\"EntryPoint\",\"urlTemplate\":\"https:\/\/blogg.svenskakyrkan.se\/vandravagen\/?s={search_term_string}\"},\"query-input\":{\"@type\":\"PropertyValueSpecification\",\"valueRequired\":true,\"valueName\":\"search_term_string\"}}],\"inLanguage\":\"sv-SE\"},{\"@type\":\"Organization\",\"@id\":\"https:\/\/blogg.svenskakyrkan.se\/vandravagen\/#organization\",\"name\":\"ulricehamns pastorat\",\"alternateName\":\"ulricehamns pastorat\",\"url\":\"https:\/\/blogg.svenskakyrkan.se\/vandravagen\/\",\"logo\":{\"@type\":\"ImageObject\",\"inLanguage\":\"sv-SE\",\"@id\":\"https:\/\/blogg.svenskakyrkan.se\/vandravagen\/#\/schema\/logo\/image\/\",\"url\":\"https:\/\/blogg.svenskakyrkan.se\/vandravagen\/files\/2023\/05\/Ulr_logo_RGB.png\",\"contentUrl\":\"https:\/\/blogg.svenskakyrkan.se\/vandravagen\/files\/2023\/05\/Ulr_logo_RGB.png\",\"width\":205,\"height\":77,\"caption\":\"ulricehamns pastorat\"},\"image\":{\"@id\":\"https:\/\/blogg.svenskakyrkan.se\/vandravagen\/#\/schema\/logo\/image\/\"},\"sameAs\":[\"http:\/\/facebook.com\/vandravagen\",\"https:\/\/x.com\/fadertomas\",\"http:\/\/www.facebook.com\/svenskakyrkaniulricehamn\"]},{\"@type\":\"Person\",\"@id\":\"https:\/\/blogg.svenskakyrkan.se\/vandravagen\/#\/schema\/person\/25da02d4f76b137d04291711e2c9fc16\",\"name\":\"Tomas Jarvid\",\"image\":{\"@type\":\"ImageObject\",\"inLanguage\":\"sv-SE\",\"@id\":\"https:\/\/blogg.svenskakyrkan.se\/vandravagen\/#\/schema\/person\/image\/\",\"url\":\"https:\/\/secure.gravatar.com\/avatar\/7fa71899795e8f540f615a1f5ab25255dc27aa40f05ee7ddd21aac521e01bf50?s=96&d=identicon&r=g\",\"contentUrl\":\"https:\/\/secure.gravatar.com\/avatar\/7fa71899795e8f540f615a1f5ab25255dc27aa40f05ee7ddd21aac521e01bf50?s=96&d=identicon&r=g\",\"caption\":\"Tomas Jarvid\"},\"description\":\"Jag bor i Ulricehamn i V\u00e4sterg\u00f6tland och \u00e4r f\u00f6rsamlingspr\u00e4st i Svenska Kyrkan f\u00f6r Dalstorps f\u00f6rsamling i Kinds pastorat. P\u00e5 den h\u00e4r bloggen skriver jag ner tankar om vandringen som kristen.\",\"sameAs\":[\"http:\/\/www.vandravagen.se\"],\"url\":\"https:\/\/blogg.svenskakyrkan.se\/vandravagen\/author\/vandravagen\/\"}]}<\/script>\n<!-- \/ Yoast SEO plugin. -->","yoast_head_json":{"title":"Pilgrimens m\u00e5l - Vandra V\u00e4gen","robots":{"index":"index","follow":"follow","max-snippet":"max-snippet:-1","max-image-preview":"max-image-preview:large","max-video-preview":"max-video-preview:-1"},"canonical":"https:\/\/blogg.svenskakyrkan.se\/vandravagen\/2013\/08\/26\/pilgrimens-mal\/","og_locale":"sv_SE","og_type":"article","og_title":"Pilgrimens m\u00e5l - Vandra V\u00e4gen","og_description":"Pilgrimer p\u00e5 v\u00e4g mot m\u00e5let. Efter den senaste pilgrimsvandringen till Husaby kom jag att prata med en medvandrare. Han sa att en bra sak med pilgrimsvandringen j\u00e4mf\u00f6rt med andra vandringar \u00e4r att man kommer fram till ett m\u00e5l ocks\u00e5. Annars blir det l\u00e4tt att man bara forts\u00e4tter in i bilen och \u00e5ker man hem utan [&hellip;]","og_url":"https:\/\/blogg.svenskakyrkan.se\/vandravagen\/2013\/08\/26\/pilgrimens-mal\/","og_site_name":"Vandra V\u00e4gen","article_publisher":"http:\/\/facebook.com\/vandravagen","article_published_time":"2013-08-26T05:23:00+00:00","og_image":[{"url":"http:\/\/2.bp.blogspot.com\/-y2Dl7zW6s-M\/Uhrl81vWShI\/AAAAAAAAE9I\/CqIykE06ZeI\/s640\/IMG_3968.JPG","type":"","width":"","height":""}],"author":"Tomas Jarvid","twitter_card":"summary_large_image","twitter_creator":"@fadertomas","twitter_site":"@fadertomas","twitter_misc":{"Skriven av":"Tomas Jarvid","Ber\u00e4knad l\u00e4stid":"2 minuter"},"schema":{"@context":"https:\/\/schema.org","@graph":[{"@type":"Article","@id":"https:\/\/blogg.svenskakyrkan.se\/vandravagen\/2013\/08\/26\/pilgrimens-mal\/#article","isPartOf":{"@id":"https:\/\/blogg.svenskakyrkan.se\/vandravagen\/2013\/08\/26\/pilgrimens-mal\/"},"author":{"name":"Tomas Jarvid","@id":"https:\/\/blogg.svenskakyrkan.se\/vandravagen\/#\/schema\/person\/25da02d4f76b137d04291711e2c9fc16"},"headline":"Pilgrimens m\u00e5l","datePublished":"2013-08-26T05:23:00+00:00","mainEntityOfPage":{"@id":"https:\/\/blogg.svenskakyrkan.se\/vandravagen\/2013\/08\/26\/pilgrimens-mal\/"},"wordCount":318,"commentCount":3,"publisher":{"@id":"https:\/\/blogg.svenskakyrkan.se\/vandravagen\/#organization"},"image":{"@id":"https:\/\/blogg.svenskakyrkan.se\/vandravagen\/2013\/08\/26\/pilgrimens-mal\/#primaryimage"},"thumbnailUrl":"http:\/\/2.bp.blogspot.com\/-y2Dl7zW6s-M\/Uhrl81vWShI\/AAAAAAAAE9I\/CqIykE06ZeI\/s640\/IMG_3968.JPG","articleSection":["pilgrim"],"inLanguage":"sv-SE","potentialAction":[{"@type":"CommentAction","name":"Comment","target":["https:\/\/blogg.svenskakyrkan.se\/vandravagen\/2013\/08\/26\/pilgrimens-mal\/#respond"]}]},{"@type":"WebPage","@id":"https:\/\/blogg.svenskakyrkan.se\/vandravagen\/2013\/08\/26\/pilgrimens-mal\/","url":"https:\/\/blogg.svenskakyrkan.se\/vandravagen\/2013\/08\/26\/pilgrimens-mal\/","name":"Pilgrimens m\u00e5l - Vandra V\u00e4gen","isPartOf":{"@id":"https:\/\/blogg.svenskakyrkan.se\/vandravagen\/#website"},"primaryImageOfPage":{"@id":"https:\/\/blogg.svenskakyrkan.se\/vandravagen\/2013\/08\/26\/pilgrimens-mal\/#primaryimage"},"image":{"@id":"https:\/\/blogg.svenskakyrkan.se\/vandravagen\/2013\/08\/26\/pilgrimens-mal\/#primaryimage"},"thumbnailUrl":"http:\/\/2.bp.blogspot.com\/-y2Dl7zW6s-M\/Uhrl81vWShI\/AAAAAAAAE9I\/CqIykE06ZeI\/s640\/IMG_3968.JPG","datePublished":"2013-08-26T05:23:00+00:00","breadcrumb":{"@id":"https:\/\/blogg.svenskakyrkan.se\/vandravagen\/2013\/08\/26\/pilgrimens-mal\/#breadcrumb"},"inLanguage":"sv-SE","potentialAction":[{"@type":"ReadAction","target":["https:\/\/blogg.svenskakyrkan.se\/vandravagen\/2013\/08\/26\/pilgrimens-mal\/"]}]},{"@type":"ImageObject","inLanguage":"sv-SE","@id":"https:\/\/blogg.svenskakyrkan.se\/vandravagen\/2013\/08\/26\/pilgrimens-mal\/#primaryimage","url":"http:\/\/2.bp.blogspot.com\/-y2Dl7zW6s-M\/Uhrl81vWShI\/AAAAAAAAE9I\/CqIykE06ZeI\/s640\/IMG_3968.JPG","contentUrl":"http:\/\/2.bp.blogspot.com\/-y2Dl7zW6s-M\/Uhrl81vWShI\/AAAAAAAAE9I\/CqIykE06ZeI\/s640\/IMG_3968.JPG"},{"@type":"BreadcrumbList","@id":"https:\/\/blogg.svenskakyrkan.se\/vandravagen\/2013\/08\/26\/pilgrimens-mal\/#breadcrumb","itemListElement":[{"@type":"ListItem","position":1,"name":"Hem","item":"https:\/\/blogg.svenskakyrkan.se\/vandravagen\/"},{"@type":"ListItem","position":2,"name":"Pilgrimens m\u00e5l"}]},{"@type":"WebSite","@id":"https:\/\/blogg.svenskakyrkan.se\/vandravagen\/#website","url":"https:\/\/blogg.svenskakyrkan.se\/vandravagen\/","name":"Vandra V\u00e4gen","description":"-Mot en tro f\u00f6r hela livet","publisher":{"@id":"https:\/\/blogg.svenskakyrkan.se\/vandravagen\/#organization"},"potentialAction":[{"@type":"SearchAction","target":{"@type":"EntryPoint","urlTemplate":"https:\/\/blogg.svenskakyrkan.se\/vandravagen\/?s={search_term_string}"},"query-input":{"@type":"PropertyValueSpecification","valueRequired":true,"valueName":"search_term_string"}}],"inLanguage":"sv-SE"},{"@type":"Organization","@id":"https:\/\/blogg.svenskakyrkan.se\/vandravagen\/#organization","name":"ulricehamns pastorat","alternateName":"ulricehamns pastorat","url":"https:\/\/blogg.svenskakyrkan.se\/vandravagen\/","logo":{"@type":"ImageObject","inLanguage":"sv-SE","@id":"https:\/\/blogg.svenskakyrkan.se\/vandravagen\/#\/schema\/logo\/image\/","url":"https:\/\/blogg.svenskakyrkan.se\/vandravagen\/files\/2023\/05\/Ulr_logo_RGB.png","contentUrl":"https:\/\/blogg.svenskakyrkan.se\/vandravagen\/files\/2023\/05\/Ulr_logo_RGB.png","width":205,"height":77,"caption":"ulricehamns pastorat"},"image":{"@id":"https:\/\/blogg.svenskakyrkan.se\/vandravagen\/#\/schema\/logo\/image\/"},"sameAs":["http:\/\/facebook.com\/vandravagen","https:\/\/x.com\/fadertomas","http:\/\/www.facebook.com\/svenskakyrkaniulricehamn"]},{"@type":"Person","@id":"https:\/\/blogg.svenskakyrkan.se\/vandravagen\/#\/schema\/person\/25da02d4f76b137d04291711e2c9fc16","name":"Tomas Jarvid","image":{"@type":"ImageObject","inLanguage":"sv-SE","@id":"https:\/\/blogg.svenskakyrkan.se\/vandravagen\/#\/schema\/person\/image\/","url":"https:\/\/secure.gravatar.com\/avatar\/7fa71899795e8f540f615a1f5ab25255dc27aa40f05ee7ddd21aac521e01bf50?s=96&d=identicon&r=g","contentUrl":"https:\/\/secure.gravatar.com\/avatar\/7fa71899795e8f540f615a1f5ab25255dc27aa40f05ee7ddd21aac521e01bf50?s=96&d=identicon&r=g","caption":"Tomas Jarvid"},"description":"Jag bor i Ulricehamn i V\u00e4sterg\u00f6tland och \u00e4r f\u00f6rsamlingspr\u00e4st i Svenska Kyrkan f\u00f6r Dalstorps f\u00f6rsamling i Kinds pastorat. P\u00e5 den h\u00e4r bloggen skriver jag ner tankar om vandringen som kristen.","sameAs":["http:\/\/www.vandravagen.se"],"url":"https:\/\/blogg.svenskakyrkan.se\/vandravagen\/author\/vandravagen\/"}]}},"author_meta":{"ID":"392","user_nicename":"vandravagen","user_url":"http:\/\/www.vandravagen.se","user_registered":"2014-05-19 05:44:52","display_name":"Tomas Jarvid","first_name":"Tomas","last_name":"Jarvid","avatar":"https:\/\/secure.gravatar.com\/avatar\/7fa71899795e8f540f615a1f5ab25255dc27aa40f05ee7ddd21aac521e01bf50?s=96&d=identicon&r=g"},"featured_image":false,"bloginfo":{"name":"Vandra V\u00e4gen","url":"https:\/\/blogg.svenskakyrkan.se\/vandravagen"},"_links":{"self":[{"href":"https:\/\/blogg.svenskakyrkan.se\/vandravagen\/wp-json\/wp\/v2\/posts\/385","targetHints":{"allow":["GET"]}}],"collection":[{"href":"https:\/\/blogg.svenskakyrkan.se\/vandravagen\/wp-json\/wp\/v2\/posts"}],"about":[{"href":"https:\/\/blogg.svenskakyrkan.se\/vandravagen\/wp-json\/wp\/v2\/types\/post"}],"author":[{"embeddable":true,"href":"https:\/\/blogg.svenskakyrkan.se\/vandravagen\/wp-json\/wp\/v2\/users\/392"}],"replies":[{"embeddable":true,"href":"https:\/\/blogg.svenskakyrkan.se\/vandravagen\/wp-json\/wp\/v2\/comments?post=385"}],"version-history":[{"count":0,"href":"https:\/\/blogg.svenskakyrkan.se\/vandravagen\/wp-json\/wp\/v2\/posts\/385\/revisions"}],"wp:attachment":[{"href":"https:\/\/blogg.svenskakyrkan.se\/vandravagen\/wp-json\/wp\/v2\/media?parent=385"}],"wp:term":[{"taxonomy":"category","embeddable":true,"href":"https:\/\/blogg.svenskakyrkan.se\/vandravagen\/wp-json\/wp\/v2\/categories?post=385"},{"taxonomy":"post_tag","embeddable":true,"href":"https:\/\/blogg.svenskakyrkan.se\/vandravagen\/wp-json\/wp\/v2\/tags?post=385"}],"curies":[{"name":"wp","href":"https:\/\/api.w.org\/{rel}","templated":true}]}}