{"id":3863,"date":"2015-11-05T07:00:53","date_gmt":"2015-11-05T06:00:53","guid":{"rendered":"http:\/\/blogg.svenskakyrkan.se\/vandravagen\/?p=3863"},"modified":"2015-11-04T22:15:49","modified_gmt":"2015-11-04T21:15:49","slug":"jesus-auktoritet-utifran-sig-sjalv","status":"publish","type":"post","link":"https:\/\/blogg.svenskakyrkan.se\/vandravagen\/2015\/11\/05\/jesus-auktoritet-utifran-sig-sjalv\/","title":{"rendered":"Jesus auktoritet utifr\u00e5n sig sj\u00e4lv"},"content":{"rendered":"<p>&nbsp;<\/p>\n<div id=\"attachment_3865\" style=\"width: 578px\" class=\"wp-caption aligncenter\"><a href=\"http:\/\/blogg.svenskakyrkan.se\/vandravagen\/files\/2015\/11\/IMG_5914.jpg\"><img loading=\"lazy\" decoding=\"async\" aria-describedby=\"caption-attachment-3865\" class=\"size-full wp-image-3865\" src=\"http:\/\/blogg.svenskakyrkan.se\/vandravagen\/files\/2015\/11\/IMG_5914.jpg\" alt=\"En auktoritet som faller. En stor staty av tsaren blir f\u00f6rst\u00f6rd.\" width=\"568\" height=\"802\" srcset=\"https:\/\/blogg.svenskakyrkan.se\/vandravagen\/files\/2015\/11\/IMG_5914.jpg 568w, https:\/\/blogg.svenskakyrkan.se\/vandravagen\/files\/2015\/11\/IMG_5914-300x424.jpg 300w, https:\/\/blogg.svenskakyrkan.se\/vandravagen\/files\/2015\/11\/IMG_5914-212x300.jpg 212w\" sizes=\"auto, (max-width: 568px) 100vw, 568px\" \/><\/a><p id=\"caption-attachment-3865\" class=\"wp-caption-text\">En auktoritet som faller. En stor staty av tsaren blir f\u00f6rst\u00f6rd.<\/p><\/div>\n<p>N\u00e4r jag ser tillbaka p\u00e5 alla minnesgudstj\u00e4nster jag firat under allahelgonahelgen t\u00e4nker jag p\u00e5 vilka stora ord jag tagit i min mun. Att ingen \u00e4r gl\u00f6md av Gud. Att himlen st\u00e5r \u00f6ppen f\u00f6r Jesu Kristi skull. Att Gud vill samla oss hos sig.<\/p>\n<p>Det \u00e4r onekligen stora l\u00f6ften att ge. Som pr\u00e4st ser jag det \u00e4nd\u00e5 som min uppgift att s\u00e4ga dem, precis som jag brukar dela ut syndernas f\u00f6rl\u00e5telse och Guds v\u00e4lsignelse s\u00e5 ofta det ges tillf\u00e4lle. Anledningen till att jag kan g\u00f6ra det \u00e4r att jag f\u00e5r luta mig mot en auktoritet st\u00f6rre \u00e4n mig sj\u00e4lv. Jesus. Jag f\u00e5r h\u00e5lla mig till s\u00e5dant jag har t\u00e4ckning f\u00f6r genom evangeliet.<\/p>\n<p>Desto mer h\u00e5rresande m\u00e5ste det varit f\u00f6r Jesu samtida \u00e5h\u00f6rare. Profeterna i gamla testamentet utger sig alla f\u00f6r att tala f\u00f6r Gud, s\u00e5 det var inget nytt. De brukade inleda sina uttalanden med orden &#8221;S\u00c5 S\u00c4GER HERREN&#8221; och gjorde anspr\u00e5k p\u00e5 att det de sa d\u00e4refter var Guds ord de f\u00e5tt att f\u00f6rkunna.<\/p>\n<p>Jesus g\u00e5r l\u00e4ngre. Han n\u00f6jer sig inte med att antingen h\u00e4nvisa till de heliga skrifterna eller till n\u00e5gon profetia han f\u00e5tt att f\u00f6rmedla. Han g\u00f6r anspr\u00e5k p\u00e5 att sj\u00e4lv veta Guds vilja! Som h\u00e4r i &#8221;bergspredikan&#8221;:<\/p>\n<blockquote>\n<p>Ni har h\u00f6rt att<strong> det blev sagt till f\u00e4derna<\/strong>: <em>Du skall inte dr\u00e4pa<\/em>; den som dr\u00e4per undg\u00e5r inte sin dom.\u00a0<span class=\"selection\"><strong>Men jag s\u00e4ger er<\/strong>: den som blir vred p\u00e5 sin broder undg\u00e5r inte sin dom, och den som okv\u00e4dar sin broder undg\u00e5r inte att st\u00e4llas inf\u00f6r r\u00e5det, och den som f\u00f6rbannar honom undg\u00e5r inte helvetets eld. (Matt 5:21-22)<\/span><\/p>\n<\/blockquote>\n<p>L\u00e4ser man mellan raderna i evangelierna finns det en massa st\u00e4llen d\u00e4r Jesus g\u00f6r enormt stora anspr\u00e5k om sig sj\u00e4lv. Ibland har man delat upp i evangelierna och menat att johannesevangeliet rymmer en &#8221;h\u00f6gre kristologi&#8221; d\u00e4r Jesus framst\u00e5r som mer gudomlig \u00e4n i de andra, men jag tycker att det finns d\u00e4r i allihop.<\/p>\n<p>Om det \u00e4r Jesu auktoritet jag lutar mig mot n\u00e4r jag ska s\u00e4ga stora saker. Vad \u00e4r det d\u00e5 Jesu auktoritet \u00e4r baserad p\u00e5? Jo, att han genom sin uppst\u00e5ndelse visat att han \u00e4r den han sagt att han \u00e4r. Allt st\u00e5r och faller med det.<\/p>\n","protected":false},"excerpt":{"rendered":"<p>&nbsp; N\u00e4r jag ser tillbaka p\u00e5 alla minnesgudstj\u00e4nster jag firat under allahelgonahelgen t\u00e4nker jag p\u00e5 vilka stora ord jag tagit i min mun. Att ingen \u00e4r gl\u00f6md av Gud. Att himlen st\u00e5r \u00f6ppen f\u00f6r Jesu Kristi skull. Att Gud vill samla oss hos sig. Det \u00e4r onekligen stora l\u00f6ften att ge. Som pr\u00e4st ser jag [&hellip;]<\/p>\n","protected":false},"author":392,"featured_media":0,"comment_status":"open","ping_status":"open","sticky":false,"template":"","format":"standard","meta":{"_acf_changed":false,"footnotes":""},"categories":[8298,76189,33574,117],"tags":[],"class_list":["post-3863","post","type-post","status-publish","format-standard","hentry","category-bibeln","category-dagens-kyrka","category-kyrkan","category-teologi"],"acf":[],"yoast_head":"<!-- This site is optimized with the Yoast SEO plugin v27.1.1 - https:\/\/yoast.com\/product\/yoast-seo-wordpress\/ -->\n<title>Jesus auktoritet utifr\u00e5n sig sj\u00e4lv - Vandra V\u00e4gen<\/title>\n<meta name=\"robots\" content=\"index, follow, max-snippet:-1, max-image-preview:large, max-video-preview:-1\" \/>\n<link rel=\"canonical\" href=\"https:\/\/blogg.svenskakyrkan.se\/vandravagen\/2015\/11\/05\/jesus-auktoritet-utifran-sig-sjalv\/\" \/>\n<meta property=\"og:locale\" content=\"sv_SE\" \/>\n<meta property=\"og:type\" content=\"article\" \/>\n<meta property=\"og:title\" content=\"Jesus auktoritet utifr\u00e5n sig sj\u00e4lv - Vandra V\u00e4gen\" \/>\n<meta property=\"og:description\" content=\"&nbsp; N\u00e4r jag ser tillbaka p\u00e5 alla minnesgudstj\u00e4nster jag firat under allahelgonahelgen t\u00e4nker jag p\u00e5 vilka stora ord jag tagit i min mun. Att ingen \u00e4r gl\u00f6md av Gud. Att himlen st\u00e5r \u00f6ppen f\u00f6r Jesu Kristi skull. Att Gud vill samla oss hos sig. Det \u00e4r onekligen stora l\u00f6ften att ge. Som pr\u00e4st ser jag [&hellip;]\" \/>\n<meta property=\"og:url\" content=\"https:\/\/blogg.svenskakyrkan.se\/vandravagen\/2015\/11\/05\/jesus-auktoritet-utifran-sig-sjalv\/\" \/>\n<meta property=\"og:site_name\" content=\"Vandra V\u00e4gen\" \/>\n<meta property=\"article:publisher\" content=\"http:\/\/facebook.com\/vandravagen\" \/>\n<meta property=\"article:published_time\" content=\"2015-11-05T06:00:53+00:00\" \/>\n<meta property=\"og:image\" content=\"http:\/\/blogg.svenskakyrkan.se\/vandravagen\/files\/2015\/11\/IMG_5914.jpg\" \/>\n<meta name=\"author\" content=\"Tomas Jarvid\" \/>\n<meta name=\"twitter:card\" content=\"summary_large_image\" \/>\n<meta name=\"twitter:creator\" content=\"@fadertomas\" \/>\n<meta name=\"twitter:site\" content=\"@fadertomas\" \/>\n<meta name=\"twitter:label1\" content=\"Skriven av\" \/>\n\t<meta name=\"twitter:data1\" content=\"Tomas Jarvid\" \/>\n\t<meta name=\"twitter:label2\" content=\"Ber\u00e4knad l\u00e4stid\" \/>\n\t<meta name=\"twitter:data2\" content=\"2 minuter\" \/>\n<script type=\"application\/ld+json\" class=\"yoast-schema-graph\">{\"@context\":\"https:\/\/schema.org\",\"@graph\":[{\"@type\":\"Article\",\"@id\":\"https:\/\/blogg.svenskakyrkan.se\/vandravagen\/2015\/11\/05\/jesus-auktoritet-utifran-sig-sjalv\/#article\",\"isPartOf\":{\"@id\":\"https:\/\/blogg.svenskakyrkan.se\/vandravagen\/2015\/11\/05\/jesus-auktoritet-utifran-sig-sjalv\/\"},\"author\":{\"name\":\"Tomas Jarvid\",\"@id\":\"https:\/\/blogg.svenskakyrkan.se\/vandravagen\/#\/schema\/person\/25da02d4f76b137d04291711e2c9fc16\"},\"headline\":\"Jesus auktoritet utifr\u00e5n sig sj\u00e4lv\",\"datePublished\":\"2015-11-05T06:00:53+00:00\",\"mainEntityOfPage\":{\"@id\":\"https:\/\/blogg.svenskakyrkan.se\/vandravagen\/2015\/11\/05\/jesus-auktoritet-utifran-sig-sjalv\/\"},\"wordCount\":458,\"commentCount\":4,\"publisher\":{\"@id\":\"https:\/\/blogg.svenskakyrkan.se\/vandravagen\/#organization\"},\"image\":{\"@id\":\"https:\/\/blogg.svenskakyrkan.se\/vandravagen\/2015\/11\/05\/jesus-auktoritet-utifran-sig-sjalv\/#primaryimage\"},\"thumbnailUrl\":\"http:\/\/blogg.svenskakyrkan.se\/vandravagen\/files\/2015\/11\/IMG_5914.jpg\",\"articleSection\":[\"Bibeln\",\"Dagens Kyrka\",\"kyrkan\",\"Teologi\"],\"inLanguage\":\"sv-SE\",\"potentialAction\":[{\"@type\":\"CommentAction\",\"name\":\"Comment\",\"target\":[\"https:\/\/blogg.svenskakyrkan.se\/vandravagen\/2015\/11\/05\/jesus-auktoritet-utifran-sig-sjalv\/#respond\"]}]},{\"@type\":\"WebPage\",\"@id\":\"https:\/\/blogg.svenskakyrkan.se\/vandravagen\/2015\/11\/05\/jesus-auktoritet-utifran-sig-sjalv\/\",\"url\":\"https:\/\/blogg.svenskakyrkan.se\/vandravagen\/2015\/11\/05\/jesus-auktoritet-utifran-sig-sjalv\/\",\"name\":\"Jesus auktoritet utifr\u00e5n sig sj\u00e4lv - Vandra V\u00e4gen\",\"isPartOf\":{\"@id\":\"https:\/\/blogg.svenskakyrkan.se\/vandravagen\/#website\"},\"primaryImageOfPage\":{\"@id\":\"https:\/\/blogg.svenskakyrkan.se\/vandravagen\/2015\/11\/05\/jesus-auktoritet-utifran-sig-sjalv\/#primaryimage\"},\"image\":{\"@id\":\"https:\/\/blogg.svenskakyrkan.se\/vandravagen\/2015\/11\/05\/jesus-auktoritet-utifran-sig-sjalv\/#primaryimage\"},\"thumbnailUrl\":\"http:\/\/blogg.svenskakyrkan.se\/vandravagen\/files\/2015\/11\/IMG_5914.jpg\",\"datePublished\":\"2015-11-05T06:00:53+00:00\",\"breadcrumb\":{\"@id\":\"https:\/\/blogg.svenskakyrkan.se\/vandravagen\/2015\/11\/05\/jesus-auktoritet-utifran-sig-sjalv\/#breadcrumb\"},\"inLanguage\":\"sv-SE\",\"potentialAction\":[{\"@type\":\"ReadAction\",\"target\":[\"https:\/\/blogg.svenskakyrkan.se\/vandravagen\/2015\/11\/05\/jesus-auktoritet-utifran-sig-sjalv\/\"]}]},{\"@type\":\"ImageObject\",\"inLanguage\":\"sv-SE\",\"@id\":\"https:\/\/blogg.svenskakyrkan.se\/vandravagen\/2015\/11\/05\/jesus-auktoritet-utifran-sig-sjalv\/#primaryimage\",\"url\":\"http:\/\/blogg.svenskakyrkan.se\/vandravagen\/files\/2015\/11\/IMG_5914.jpg\",\"contentUrl\":\"http:\/\/blogg.svenskakyrkan.se\/vandravagen\/files\/2015\/11\/IMG_5914.jpg\"},{\"@type\":\"BreadcrumbList\",\"@id\":\"https:\/\/blogg.svenskakyrkan.se\/vandravagen\/2015\/11\/05\/jesus-auktoritet-utifran-sig-sjalv\/#breadcrumb\",\"itemListElement\":[{\"@type\":\"ListItem\",\"position\":1,\"name\":\"Hem\",\"item\":\"https:\/\/blogg.svenskakyrkan.se\/vandravagen\/\"},{\"@type\":\"ListItem\",\"position\":2,\"name\":\"Jesus auktoritet utifr\u00e5n sig sj\u00e4lv\"}]},{\"@type\":\"WebSite\",\"@id\":\"https:\/\/blogg.svenskakyrkan.se\/vandravagen\/#website\",\"url\":\"https:\/\/blogg.svenskakyrkan.se\/vandravagen\/\",\"name\":\"Vandra V\u00e4gen\",\"description\":\"-Mot en tro f\u00f6r hela livet\",\"publisher\":{\"@id\":\"https:\/\/blogg.svenskakyrkan.se\/vandravagen\/#organization\"},\"potentialAction\":[{\"@type\":\"SearchAction\",\"target\":{\"@type\":\"EntryPoint\",\"urlTemplate\":\"https:\/\/blogg.svenskakyrkan.se\/vandravagen\/?s={search_term_string}\"},\"query-input\":{\"@type\":\"PropertyValueSpecification\",\"valueRequired\":true,\"valueName\":\"search_term_string\"}}],\"inLanguage\":\"sv-SE\"},{\"@type\":\"Organization\",\"@id\":\"https:\/\/blogg.svenskakyrkan.se\/vandravagen\/#organization\",\"name\":\"ulricehamns pastorat\",\"alternateName\":\"ulricehamns pastorat\",\"url\":\"https:\/\/blogg.svenskakyrkan.se\/vandravagen\/\",\"logo\":{\"@type\":\"ImageObject\",\"inLanguage\":\"sv-SE\",\"@id\":\"https:\/\/blogg.svenskakyrkan.se\/vandravagen\/#\/schema\/logo\/image\/\",\"url\":\"https:\/\/blogg.svenskakyrkan.se\/vandravagen\/files\/2023\/05\/Ulr_logo_RGB.png\",\"contentUrl\":\"https:\/\/blogg.svenskakyrkan.se\/vandravagen\/files\/2023\/05\/Ulr_logo_RGB.png\",\"width\":205,\"height\":77,\"caption\":\"ulricehamns pastorat\"},\"image\":{\"@id\":\"https:\/\/blogg.svenskakyrkan.se\/vandravagen\/#\/schema\/logo\/image\/\"},\"sameAs\":[\"http:\/\/facebook.com\/vandravagen\",\"https:\/\/x.com\/fadertomas\",\"http:\/\/www.facebook.com\/svenskakyrkaniulricehamn\"]},{\"@type\":\"Person\",\"@id\":\"https:\/\/blogg.svenskakyrkan.se\/vandravagen\/#\/schema\/person\/25da02d4f76b137d04291711e2c9fc16\",\"name\":\"Tomas Jarvid\",\"image\":{\"@type\":\"ImageObject\",\"inLanguage\":\"sv-SE\",\"@id\":\"https:\/\/blogg.svenskakyrkan.se\/vandravagen\/#\/schema\/person\/image\/\",\"url\":\"https:\/\/secure.gravatar.com\/avatar\/7fa71899795e8f540f615a1f5ab25255dc27aa40f05ee7ddd21aac521e01bf50?s=96&d=identicon&r=g\",\"contentUrl\":\"https:\/\/secure.gravatar.com\/avatar\/7fa71899795e8f540f615a1f5ab25255dc27aa40f05ee7ddd21aac521e01bf50?s=96&d=identicon&r=g\",\"caption\":\"Tomas Jarvid\"},\"description\":\"Jag bor i Ulricehamn i V\u00e4sterg\u00f6tland och \u00e4r f\u00f6rsamlingspr\u00e4st i Svenska Kyrkan f\u00f6r Dalstorps f\u00f6rsamling i Kinds pastorat. P\u00e5 den h\u00e4r bloggen skriver jag ner tankar om vandringen som kristen.\",\"sameAs\":[\"http:\/\/www.vandravagen.se\"],\"url\":\"https:\/\/blogg.svenskakyrkan.se\/vandravagen\/author\/vandravagen\/\"}]}<\/script>\n<!-- \/ Yoast SEO plugin. -->","yoast_head_json":{"title":"Jesus auktoritet utifr\u00e5n sig sj\u00e4lv - Vandra V\u00e4gen","robots":{"index":"index","follow":"follow","max-snippet":"max-snippet:-1","max-image-preview":"max-image-preview:large","max-video-preview":"max-video-preview:-1"},"canonical":"https:\/\/blogg.svenskakyrkan.se\/vandravagen\/2015\/11\/05\/jesus-auktoritet-utifran-sig-sjalv\/","og_locale":"sv_SE","og_type":"article","og_title":"Jesus auktoritet utifr\u00e5n sig sj\u00e4lv - Vandra V\u00e4gen","og_description":"&nbsp; N\u00e4r jag ser tillbaka p\u00e5 alla minnesgudstj\u00e4nster jag firat under allahelgonahelgen t\u00e4nker jag p\u00e5 vilka stora ord jag tagit i min mun. Att ingen \u00e4r gl\u00f6md av Gud. Att himlen st\u00e5r \u00f6ppen f\u00f6r Jesu Kristi skull. Att Gud vill samla oss hos sig. Det \u00e4r onekligen stora l\u00f6ften att ge. Som pr\u00e4st ser jag [&hellip;]","og_url":"https:\/\/blogg.svenskakyrkan.se\/vandravagen\/2015\/11\/05\/jesus-auktoritet-utifran-sig-sjalv\/","og_site_name":"Vandra V\u00e4gen","article_publisher":"http:\/\/facebook.com\/vandravagen","article_published_time":"2015-11-05T06:00:53+00:00","og_image":[{"url":"http:\/\/blogg.svenskakyrkan.se\/vandravagen\/files\/2015\/11\/IMG_5914.jpg","type":"","width":"","height":""}],"author":"Tomas Jarvid","twitter_card":"summary_large_image","twitter_creator":"@fadertomas","twitter_site":"@fadertomas","twitter_misc":{"Skriven av":"Tomas Jarvid","Ber\u00e4knad l\u00e4stid":"2 minuter"},"schema":{"@context":"https:\/\/schema.org","@graph":[{"@type":"Article","@id":"https:\/\/blogg.svenskakyrkan.se\/vandravagen\/2015\/11\/05\/jesus-auktoritet-utifran-sig-sjalv\/#article","isPartOf":{"@id":"https:\/\/blogg.svenskakyrkan.se\/vandravagen\/2015\/11\/05\/jesus-auktoritet-utifran-sig-sjalv\/"},"author":{"name":"Tomas Jarvid","@id":"https:\/\/blogg.svenskakyrkan.se\/vandravagen\/#\/schema\/person\/25da02d4f76b137d04291711e2c9fc16"},"headline":"Jesus auktoritet utifr\u00e5n sig sj\u00e4lv","datePublished":"2015-11-05T06:00:53+00:00","mainEntityOfPage":{"@id":"https:\/\/blogg.svenskakyrkan.se\/vandravagen\/2015\/11\/05\/jesus-auktoritet-utifran-sig-sjalv\/"},"wordCount":458,"commentCount":4,"publisher":{"@id":"https:\/\/blogg.svenskakyrkan.se\/vandravagen\/#organization"},"image":{"@id":"https:\/\/blogg.svenskakyrkan.se\/vandravagen\/2015\/11\/05\/jesus-auktoritet-utifran-sig-sjalv\/#primaryimage"},"thumbnailUrl":"http:\/\/blogg.svenskakyrkan.se\/vandravagen\/files\/2015\/11\/IMG_5914.jpg","articleSection":["Bibeln","Dagens Kyrka","kyrkan","Teologi"],"inLanguage":"sv-SE","potentialAction":[{"@type":"CommentAction","name":"Comment","target":["https:\/\/blogg.svenskakyrkan.se\/vandravagen\/2015\/11\/05\/jesus-auktoritet-utifran-sig-sjalv\/#respond"]}]},{"@type":"WebPage","@id":"https:\/\/blogg.svenskakyrkan.se\/vandravagen\/2015\/11\/05\/jesus-auktoritet-utifran-sig-sjalv\/","url":"https:\/\/blogg.svenskakyrkan.se\/vandravagen\/2015\/11\/05\/jesus-auktoritet-utifran-sig-sjalv\/","name":"Jesus auktoritet utifr\u00e5n sig sj\u00e4lv - Vandra V\u00e4gen","isPartOf":{"@id":"https:\/\/blogg.svenskakyrkan.se\/vandravagen\/#website"},"primaryImageOfPage":{"@id":"https:\/\/blogg.svenskakyrkan.se\/vandravagen\/2015\/11\/05\/jesus-auktoritet-utifran-sig-sjalv\/#primaryimage"},"image":{"@id":"https:\/\/blogg.svenskakyrkan.se\/vandravagen\/2015\/11\/05\/jesus-auktoritet-utifran-sig-sjalv\/#primaryimage"},"thumbnailUrl":"http:\/\/blogg.svenskakyrkan.se\/vandravagen\/files\/2015\/11\/IMG_5914.jpg","datePublished":"2015-11-05T06:00:53+00:00","breadcrumb":{"@id":"https:\/\/blogg.svenskakyrkan.se\/vandravagen\/2015\/11\/05\/jesus-auktoritet-utifran-sig-sjalv\/#breadcrumb"},"inLanguage":"sv-SE","potentialAction":[{"@type":"ReadAction","target":["https:\/\/blogg.svenskakyrkan.se\/vandravagen\/2015\/11\/05\/jesus-auktoritet-utifran-sig-sjalv\/"]}]},{"@type":"ImageObject","inLanguage":"sv-SE","@id":"https:\/\/blogg.svenskakyrkan.se\/vandravagen\/2015\/11\/05\/jesus-auktoritet-utifran-sig-sjalv\/#primaryimage","url":"http:\/\/blogg.svenskakyrkan.se\/vandravagen\/files\/2015\/11\/IMG_5914.jpg","contentUrl":"http:\/\/blogg.svenskakyrkan.se\/vandravagen\/files\/2015\/11\/IMG_5914.jpg"},{"@type":"BreadcrumbList","@id":"https:\/\/blogg.svenskakyrkan.se\/vandravagen\/2015\/11\/05\/jesus-auktoritet-utifran-sig-sjalv\/#breadcrumb","itemListElement":[{"@type":"ListItem","position":1,"name":"Hem","item":"https:\/\/blogg.svenskakyrkan.se\/vandravagen\/"},{"@type":"ListItem","position":2,"name":"Jesus auktoritet utifr\u00e5n sig sj\u00e4lv"}]},{"@type":"WebSite","@id":"https:\/\/blogg.svenskakyrkan.se\/vandravagen\/#website","url":"https:\/\/blogg.svenskakyrkan.se\/vandravagen\/","name":"Vandra V\u00e4gen","description":"-Mot en tro f\u00f6r hela livet","publisher":{"@id":"https:\/\/blogg.svenskakyrkan.se\/vandravagen\/#organization"},"potentialAction":[{"@type":"SearchAction","target":{"@type":"EntryPoint","urlTemplate":"https:\/\/blogg.svenskakyrkan.se\/vandravagen\/?s={search_term_string}"},"query-input":{"@type":"PropertyValueSpecification","valueRequired":true,"valueName":"search_term_string"}}],"inLanguage":"sv-SE"},{"@type":"Organization","@id":"https:\/\/blogg.svenskakyrkan.se\/vandravagen\/#organization","name":"ulricehamns pastorat","alternateName":"ulricehamns pastorat","url":"https:\/\/blogg.svenskakyrkan.se\/vandravagen\/","logo":{"@type":"ImageObject","inLanguage":"sv-SE","@id":"https:\/\/blogg.svenskakyrkan.se\/vandravagen\/#\/schema\/logo\/image\/","url":"https:\/\/blogg.svenskakyrkan.se\/vandravagen\/files\/2023\/05\/Ulr_logo_RGB.png","contentUrl":"https:\/\/blogg.svenskakyrkan.se\/vandravagen\/files\/2023\/05\/Ulr_logo_RGB.png","width":205,"height":77,"caption":"ulricehamns pastorat"},"image":{"@id":"https:\/\/blogg.svenskakyrkan.se\/vandravagen\/#\/schema\/logo\/image\/"},"sameAs":["http:\/\/facebook.com\/vandravagen","https:\/\/x.com\/fadertomas","http:\/\/www.facebook.com\/svenskakyrkaniulricehamn"]},{"@type":"Person","@id":"https:\/\/blogg.svenskakyrkan.se\/vandravagen\/#\/schema\/person\/25da02d4f76b137d04291711e2c9fc16","name":"Tomas Jarvid","image":{"@type":"ImageObject","inLanguage":"sv-SE","@id":"https:\/\/blogg.svenskakyrkan.se\/vandravagen\/#\/schema\/person\/image\/","url":"https:\/\/secure.gravatar.com\/avatar\/7fa71899795e8f540f615a1f5ab25255dc27aa40f05ee7ddd21aac521e01bf50?s=96&d=identicon&r=g","contentUrl":"https:\/\/secure.gravatar.com\/avatar\/7fa71899795e8f540f615a1f5ab25255dc27aa40f05ee7ddd21aac521e01bf50?s=96&d=identicon&r=g","caption":"Tomas Jarvid"},"description":"Jag bor i Ulricehamn i V\u00e4sterg\u00f6tland och \u00e4r f\u00f6rsamlingspr\u00e4st i Svenska Kyrkan f\u00f6r Dalstorps f\u00f6rsamling i Kinds pastorat. P\u00e5 den h\u00e4r bloggen skriver jag ner tankar om vandringen som kristen.","sameAs":["http:\/\/www.vandravagen.se"],"url":"https:\/\/blogg.svenskakyrkan.se\/vandravagen\/author\/vandravagen\/"}]}},"author_meta":{"ID":"392","user_nicename":"vandravagen","user_url":"http:\/\/www.vandravagen.se","user_registered":"2014-05-19 05:44:52","display_name":"Tomas Jarvid","first_name":"Tomas","last_name":"Jarvid","avatar":"https:\/\/secure.gravatar.com\/avatar\/7fa71899795e8f540f615a1f5ab25255dc27aa40f05ee7ddd21aac521e01bf50?s=96&d=identicon&r=g"},"featured_image":false,"bloginfo":{"name":"Vandra V\u00e4gen","url":"https:\/\/blogg.svenskakyrkan.se\/vandravagen"},"_links":{"self":[{"href":"https:\/\/blogg.svenskakyrkan.se\/vandravagen\/wp-json\/wp\/v2\/posts\/3863","targetHints":{"allow":["GET"]}}],"collection":[{"href":"https:\/\/blogg.svenskakyrkan.se\/vandravagen\/wp-json\/wp\/v2\/posts"}],"about":[{"href":"https:\/\/blogg.svenskakyrkan.se\/vandravagen\/wp-json\/wp\/v2\/types\/post"}],"author":[{"embeddable":true,"href":"https:\/\/blogg.svenskakyrkan.se\/vandravagen\/wp-json\/wp\/v2\/users\/392"}],"replies":[{"embeddable":true,"href":"https:\/\/blogg.svenskakyrkan.se\/vandravagen\/wp-json\/wp\/v2\/comments?post=3863"}],"version-history":[{"count":2,"href":"https:\/\/blogg.svenskakyrkan.se\/vandravagen\/wp-json\/wp\/v2\/posts\/3863\/revisions"}],"predecessor-version":[{"id":3866,"href":"https:\/\/blogg.svenskakyrkan.se\/vandravagen\/wp-json\/wp\/v2\/posts\/3863\/revisions\/3866"}],"wp:attachment":[{"href":"https:\/\/blogg.svenskakyrkan.se\/vandravagen\/wp-json\/wp\/v2\/media?parent=3863"}],"wp:term":[{"taxonomy":"category","embeddable":true,"href":"https:\/\/blogg.svenskakyrkan.se\/vandravagen\/wp-json\/wp\/v2\/categories?post=3863"},{"taxonomy":"post_tag","embeddable":true,"href":"https:\/\/blogg.svenskakyrkan.se\/vandravagen\/wp-json\/wp\/v2\/tags?post=3863"}],"curies":[{"name":"wp","href":"https:\/\/api.w.org\/{rel}","templated":true}]}}