{"id":39,"date":"2014-05-07T09:03:00","date_gmt":"2014-05-07T07:03:00","guid":{"rendered":"http:\/\/blogg.svenskakyrkan.se\/vandravagen\/2014\/05\/07\/som-livet-borde-vara-egentligen\/"},"modified":"2014-05-07T09:03:00","modified_gmt":"2014-05-07T07:03:00","slug":"som-livet-borde-vara-egentligen","status":"publish","type":"post","link":"https:\/\/blogg.svenskakyrkan.se\/vandravagen\/2014\/05\/07\/som-livet-borde-vara-egentligen\/","title":{"rendered":"Som livet borde vara egentligen"},"content":{"rendered":"<table align=\"center\" cellpadding=\"0\" cellspacing=\"0\">\n<tbody>\n<tr>\n<td><a href=\"http:\/\/2.bp.blogspot.com\/-gdNh2rH6j2o\/U2nY8ctwIvI\/AAAAAAAAHbE\/0N-UQ6mvvdk\/s1600\/IMG_3053.JPG\"><img loading=\"lazy\" decoding=\"async\" border=\"0\" src=\"http:\/\/2.bp.blogspot.com\/-gdNh2rH6j2o\/U2nY8ctwIvI\/AAAAAAAAHbE\/0N-UQ6mvvdk\/s1600\/IMG_3053.JPG\" height=\"640\" width=\"640\"><\/a><\/td>\n<\/tr>\n<tr>\n<td>En man anl\u00e4nder till New York med allt vad det representerar av dr\u00f6mmar.<\/td>\n<\/tr>\n<\/tbody>\n<\/table>\n<p>I mitt eget liv \u00e4r det helt klart s\u00e5 att det st\u00f6rsta hindret mot att vara n\u00f6jd med livet \u00e4r f\u00f6rv\u00e4ntningarna.<\/p>\n<p>Det finns s\u00e5 mycket ideal och f\u00f6rest\u00e4llningar kring hur livet borde vara. S\u00e5 m\u00e5ste det f\u00f6rst\u00e5s vara men problemet \u00e4r att de flesta av dem inte egentligen \u00e4r v\u00e5ra egna. M\u00e4nniskor har v\u00e4l i alla tider varit r\u00e4tt \u00e4ngsliga och det har verkligen inte blivit mindre i v\u00e5r tid. Vi sneglar oroligt p\u00e5 varandra och undrar om det inte \u00e4r s\u00e5 d\u00e4r livet borde vara egentligen. Om inte mitt hus, mitt utseende, min familj borde vara s\u00e5 ist\u00e4llet f\u00f6r att det ska vara r\u00e4tt.<\/p>\n<p>Det \u00e4r v\u00e4ldigt viktigt att f\u00f6rs\u00f6ka komma fram till vad jag sj\u00e4lv vill ist\u00e4llet. Vad \u00e4r viktigt f\u00f6r mig? Det \u00e4r ju egentligen s\u00e5 att det \u00e4r jag sj\u00e4lv som ska trivas och leva i mitt liv och ingen annan.<\/p>\n<p>De flesta idealbilder \u00e4r omedvetna. Det g\u00e4ller b\u00e5de de som vi p\u00e5 n\u00e5got s\u00e4tt tar \u00f6ver fr\u00e5n v\u00e5r omgivning och de som kommer djupt inifr\u00e5n oss sj\u00e4lva, det vi sj\u00e4lva vill. Jag gissar att det \u00e4r en process \u00f6ver flera decennier att f\u00f6rs\u00f6ka dels genomsk\u00e5da de idealbilder man liksom f\u00e5r p\u00e5prackade sig utifr\u00e5n och dels f\u00f6rs\u00f6ka f\u00f6rst\u00e5 vad som egentligen \u00e4r viktigt f\u00f6r mig. Det \u00e4r en l\u00e5ng process men d\u00e5 \u00e4r det viktigt att streta vidare dag f\u00f6r dag. Ju l\u00e4ngre vi kommer p\u00e5 den v\u00e4gen, desto mer on\u00f6dig oro kan vi slippa.<\/p>\n<p>K\u00e4nner du igen dig i det h\u00e4r eller \u00e4r det bara jag?<\/p>\n","protected":false},"excerpt":{"rendered":"<p>En man anl\u00e4nder till New York med allt vad det representerar av dr\u00f6mmar. I mitt eget liv \u00e4r det helt klart s\u00e5 att det st\u00f6rsta hindret mot att vara n\u00f6jd med livet \u00e4r f\u00f6rv\u00e4ntningarna. Det finns s\u00e5 mycket ideal och f\u00f6rest\u00e4llningar kring hur livet borde vara. S\u00e5 m\u00e5ste det f\u00f6rst\u00e5s vara men problemet \u00e4r att [&hellip;]<\/p>\n","protected":false},"author":392,"featured_media":0,"comment_status":"open","ping_status":"open","sticky":false,"template":"","format":"standard","meta":{"_acf_changed":false,"footnotes":""},"categories":[76189,78265,77554],"tags":[],"class_list":["post-39","post","type-post","status-publish","format-standard","hentry","category-dagens-kyrka","category-motkultur","category-vara-manniska"],"acf":[],"yoast_head":"<!-- This site is optimized with the Yoast SEO plugin v27.1.1 - https:\/\/yoast.com\/product\/yoast-seo-wordpress\/ -->\n<title>Som livet borde vara egentligen - Vandra V\u00e4gen<\/title>\n<meta name=\"robots\" content=\"index, follow, max-snippet:-1, max-image-preview:large, max-video-preview:-1\" \/>\n<link rel=\"canonical\" href=\"https:\/\/blogg.svenskakyrkan.se\/vandravagen\/2014\/05\/07\/som-livet-borde-vara-egentligen\/\" \/>\n<meta property=\"og:locale\" content=\"sv_SE\" \/>\n<meta property=\"og:type\" content=\"article\" \/>\n<meta property=\"og:title\" content=\"Som livet borde vara egentligen - Vandra V\u00e4gen\" \/>\n<meta property=\"og:description\" content=\"En man anl\u00e4nder till New York med allt vad det representerar av dr\u00f6mmar. I mitt eget liv \u00e4r det helt klart s\u00e5 att det st\u00f6rsta hindret mot att vara n\u00f6jd med livet \u00e4r f\u00f6rv\u00e4ntningarna. Det finns s\u00e5 mycket ideal och f\u00f6rest\u00e4llningar kring hur livet borde vara. S\u00e5 m\u00e5ste det f\u00f6rst\u00e5s vara men problemet \u00e4r att [&hellip;]\" \/>\n<meta property=\"og:url\" content=\"https:\/\/blogg.svenskakyrkan.se\/vandravagen\/2014\/05\/07\/som-livet-borde-vara-egentligen\/\" \/>\n<meta property=\"og:site_name\" content=\"Vandra V\u00e4gen\" \/>\n<meta property=\"article:publisher\" content=\"http:\/\/facebook.com\/vandravagen\" \/>\n<meta property=\"article:published_time\" content=\"2014-05-07T07:03:00+00:00\" \/>\n<meta property=\"og:image\" content=\"http:\/\/2.bp.blogspot.com\/-gdNh2rH6j2o\/U2nY8ctwIvI\/AAAAAAAAHbE\/0N-UQ6mvvdk\/s1600\/IMG_3053.JPG\" \/>\n<meta name=\"author\" content=\"Tomas Jarvid\" \/>\n<meta name=\"twitter:card\" content=\"summary_large_image\" \/>\n<meta name=\"twitter:creator\" content=\"@fadertomas\" \/>\n<meta name=\"twitter:site\" content=\"@fadertomas\" \/>\n<meta name=\"twitter:label1\" content=\"Skriven av\" \/>\n\t<meta name=\"twitter:data1\" content=\"Tomas Jarvid\" \/>\n\t<meta name=\"twitter:label2\" content=\"Ber\u00e4knad l\u00e4stid\" \/>\n\t<meta name=\"twitter:data2\" content=\"2 minuter\" \/>\n<script type=\"application\/ld+json\" class=\"yoast-schema-graph\">{\"@context\":\"https:\/\/schema.org\",\"@graph\":[{\"@type\":\"Article\",\"@id\":\"https:\/\/blogg.svenskakyrkan.se\/vandravagen\/2014\/05\/07\/som-livet-borde-vara-egentligen\/#article\",\"isPartOf\":{\"@id\":\"https:\/\/blogg.svenskakyrkan.se\/vandravagen\/2014\/05\/07\/som-livet-borde-vara-egentligen\/\"},\"author\":{\"name\":\"Tomas Jarvid\",\"@id\":\"https:\/\/blogg.svenskakyrkan.se\/vandravagen\/#\/schema\/person\/25da02d4f76b137d04291711e2c9fc16\"},\"headline\":\"Som livet borde vara egentligen\",\"datePublished\":\"2014-05-07T07:03:00+00:00\",\"mainEntityOfPage\":{\"@id\":\"https:\/\/blogg.svenskakyrkan.se\/vandravagen\/2014\/05\/07\/som-livet-borde-vara-egentligen\/\"},\"wordCount\":322,\"commentCount\":10,\"publisher\":{\"@id\":\"https:\/\/blogg.svenskakyrkan.se\/vandravagen\/#organization\"},\"image\":{\"@id\":\"https:\/\/blogg.svenskakyrkan.se\/vandravagen\/2014\/05\/07\/som-livet-borde-vara-egentligen\/#primaryimage\"},\"thumbnailUrl\":\"http:\/\/2.bp.blogspot.com\/-gdNh2rH6j2o\/U2nY8ctwIvI\/AAAAAAAAHbE\/0N-UQ6mvvdk\/s1600\/IMG_3053.JPG\",\"articleSection\":[\"Dagens Kyrka\",\"motkultur\",\"vara m\u00e4nniska\"],\"inLanguage\":\"sv-SE\",\"potentialAction\":[{\"@type\":\"CommentAction\",\"name\":\"Comment\",\"target\":[\"https:\/\/blogg.svenskakyrkan.se\/vandravagen\/2014\/05\/07\/som-livet-borde-vara-egentligen\/#respond\"]}]},{\"@type\":\"WebPage\",\"@id\":\"https:\/\/blogg.svenskakyrkan.se\/vandravagen\/2014\/05\/07\/som-livet-borde-vara-egentligen\/\",\"url\":\"https:\/\/blogg.svenskakyrkan.se\/vandravagen\/2014\/05\/07\/som-livet-borde-vara-egentligen\/\",\"name\":\"Som livet borde vara egentligen - Vandra V\u00e4gen\",\"isPartOf\":{\"@id\":\"https:\/\/blogg.svenskakyrkan.se\/vandravagen\/#website\"},\"primaryImageOfPage\":{\"@id\":\"https:\/\/blogg.svenskakyrkan.se\/vandravagen\/2014\/05\/07\/som-livet-borde-vara-egentligen\/#primaryimage\"},\"image\":{\"@id\":\"https:\/\/blogg.svenskakyrkan.se\/vandravagen\/2014\/05\/07\/som-livet-borde-vara-egentligen\/#primaryimage\"},\"thumbnailUrl\":\"http:\/\/2.bp.blogspot.com\/-gdNh2rH6j2o\/U2nY8ctwIvI\/AAAAAAAAHbE\/0N-UQ6mvvdk\/s1600\/IMG_3053.JPG\",\"datePublished\":\"2014-05-07T07:03:00+00:00\",\"breadcrumb\":{\"@id\":\"https:\/\/blogg.svenskakyrkan.se\/vandravagen\/2014\/05\/07\/som-livet-borde-vara-egentligen\/#breadcrumb\"},\"inLanguage\":\"sv-SE\",\"potentialAction\":[{\"@type\":\"ReadAction\",\"target\":[\"https:\/\/blogg.svenskakyrkan.se\/vandravagen\/2014\/05\/07\/som-livet-borde-vara-egentligen\/\"]}]},{\"@type\":\"ImageObject\",\"inLanguage\":\"sv-SE\",\"@id\":\"https:\/\/blogg.svenskakyrkan.se\/vandravagen\/2014\/05\/07\/som-livet-borde-vara-egentligen\/#primaryimage\",\"url\":\"http:\/\/2.bp.blogspot.com\/-gdNh2rH6j2o\/U2nY8ctwIvI\/AAAAAAAAHbE\/0N-UQ6mvvdk\/s1600\/IMG_3053.JPG\",\"contentUrl\":\"http:\/\/2.bp.blogspot.com\/-gdNh2rH6j2o\/U2nY8ctwIvI\/AAAAAAAAHbE\/0N-UQ6mvvdk\/s1600\/IMG_3053.JPG\"},{\"@type\":\"BreadcrumbList\",\"@id\":\"https:\/\/blogg.svenskakyrkan.se\/vandravagen\/2014\/05\/07\/som-livet-borde-vara-egentligen\/#breadcrumb\",\"itemListElement\":[{\"@type\":\"ListItem\",\"position\":1,\"name\":\"Hem\",\"item\":\"https:\/\/blogg.svenskakyrkan.se\/vandravagen\/\"},{\"@type\":\"ListItem\",\"position\":2,\"name\":\"Som livet borde vara egentligen\"}]},{\"@type\":\"WebSite\",\"@id\":\"https:\/\/blogg.svenskakyrkan.se\/vandravagen\/#website\",\"url\":\"https:\/\/blogg.svenskakyrkan.se\/vandravagen\/\",\"name\":\"Vandra V\u00e4gen\",\"description\":\"-Mot en tro f\u00f6r hela livet\",\"publisher\":{\"@id\":\"https:\/\/blogg.svenskakyrkan.se\/vandravagen\/#organization\"},\"potentialAction\":[{\"@type\":\"SearchAction\",\"target\":{\"@type\":\"EntryPoint\",\"urlTemplate\":\"https:\/\/blogg.svenskakyrkan.se\/vandravagen\/?s={search_term_string}\"},\"query-input\":{\"@type\":\"PropertyValueSpecification\",\"valueRequired\":true,\"valueName\":\"search_term_string\"}}],\"inLanguage\":\"sv-SE\"},{\"@type\":\"Organization\",\"@id\":\"https:\/\/blogg.svenskakyrkan.se\/vandravagen\/#organization\",\"name\":\"ulricehamns pastorat\",\"alternateName\":\"ulricehamns pastorat\",\"url\":\"https:\/\/blogg.svenskakyrkan.se\/vandravagen\/\",\"logo\":{\"@type\":\"ImageObject\",\"inLanguage\":\"sv-SE\",\"@id\":\"https:\/\/blogg.svenskakyrkan.se\/vandravagen\/#\/schema\/logo\/image\/\",\"url\":\"https:\/\/blogg.svenskakyrkan.se\/vandravagen\/files\/2023\/05\/Ulr_logo_RGB.png\",\"contentUrl\":\"https:\/\/blogg.svenskakyrkan.se\/vandravagen\/files\/2023\/05\/Ulr_logo_RGB.png\",\"width\":205,\"height\":77,\"caption\":\"ulricehamns pastorat\"},\"image\":{\"@id\":\"https:\/\/blogg.svenskakyrkan.se\/vandravagen\/#\/schema\/logo\/image\/\"},\"sameAs\":[\"http:\/\/facebook.com\/vandravagen\",\"https:\/\/x.com\/fadertomas\",\"http:\/\/www.facebook.com\/svenskakyrkaniulricehamn\"]},{\"@type\":\"Person\",\"@id\":\"https:\/\/blogg.svenskakyrkan.se\/vandravagen\/#\/schema\/person\/25da02d4f76b137d04291711e2c9fc16\",\"name\":\"Tomas Jarvid\",\"image\":{\"@type\":\"ImageObject\",\"inLanguage\":\"sv-SE\",\"@id\":\"https:\/\/blogg.svenskakyrkan.se\/vandravagen\/#\/schema\/person\/image\/\",\"url\":\"https:\/\/secure.gravatar.com\/avatar\/7fa71899795e8f540f615a1f5ab25255dc27aa40f05ee7ddd21aac521e01bf50?s=96&d=identicon&r=g\",\"contentUrl\":\"https:\/\/secure.gravatar.com\/avatar\/7fa71899795e8f540f615a1f5ab25255dc27aa40f05ee7ddd21aac521e01bf50?s=96&d=identicon&r=g\",\"caption\":\"Tomas Jarvid\"},\"description\":\"Jag bor i Ulricehamn i V\u00e4sterg\u00f6tland och \u00e4r f\u00f6rsamlingspr\u00e4st i Svenska Kyrkan f\u00f6r Dalstorps f\u00f6rsamling i Kinds pastorat. P\u00e5 den h\u00e4r bloggen skriver jag ner tankar om vandringen som kristen.\",\"sameAs\":[\"http:\/\/www.vandravagen.se\"],\"url\":\"https:\/\/blogg.svenskakyrkan.se\/vandravagen\/author\/vandravagen\/\"}]}<\/script>\n<!-- \/ Yoast SEO plugin. -->","yoast_head_json":{"title":"Som livet borde vara egentligen - Vandra V\u00e4gen","robots":{"index":"index","follow":"follow","max-snippet":"max-snippet:-1","max-image-preview":"max-image-preview:large","max-video-preview":"max-video-preview:-1"},"canonical":"https:\/\/blogg.svenskakyrkan.se\/vandravagen\/2014\/05\/07\/som-livet-borde-vara-egentligen\/","og_locale":"sv_SE","og_type":"article","og_title":"Som livet borde vara egentligen - Vandra V\u00e4gen","og_description":"En man anl\u00e4nder till New York med allt vad det representerar av dr\u00f6mmar. I mitt eget liv \u00e4r det helt klart s\u00e5 att det st\u00f6rsta hindret mot att vara n\u00f6jd med livet \u00e4r f\u00f6rv\u00e4ntningarna. Det finns s\u00e5 mycket ideal och f\u00f6rest\u00e4llningar kring hur livet borde vara. S\u00e5 m\u00e5ste det f\u00f6rst\u00e5s vara men problemet \u00e4r att [&hellip;]","og_url":"https:\/\/blogg.svenskakyrkan.se\/vandravagen\/2014\/05\/07\/som-livet-borde-vara-egentligen\/","og_site_name":"Vandra V\u00e4gen","article_publisher":"http:\/\/facebook.com\/vandravagen","article_published_time":"2014-05-07T07:03:00+00:00","og_image":[{"url":"http:\/\/2.bp.blogspot.com\/-gdNh2rH6j2o\/U2nY8ctwIvI\/AAAAAAAAHbE\/0N-UQ6mvvdk\/s1600\/IMG_3053.JPG","type":"","width":"","height":""}],"author":"Tomas Jarvid","twitter_card":"summary_large_image","twitter_creator":"@fadertomas","twitter_site":"@fadertomas","twitter_misc":{"Skriven av":"Tomas Jarvid","Ber\u00e4knad l\u00e4stid":"2 minuter"},"schema":{"@context":"https:\/\/schema.org","@graph":[{"@type":"Article","@id":"https:\/\/blogg.svenskakyrkan.se\/vandravagen\/2014\/05\/07\/som-livet-borde-vara-egentligen\/#article","isPartOf":{"@id":"https:\/\/blogg.svenskakyrkan.se\/vandravagen\/2014\/05\/07\/som-livet-borde-vara-egentligen\/"},"author":{"name":"Tomas Jarvid","@id":"https:\/\/blogg.svenskakyrkan.se\/vandravagen\/#\/schema\/person\/25da02d4f76b137d04291711e2c9fc16"},"headline":"Som livet borde vara egentligen","datePublished":"2014-05-07T07:03:00+00:00","mainEntityOfPage":{"@id":"https:\/\/blogg.svenskakyrkan.se\/vandravagen\/2014\/05\/07\/som-livet-borde-vara-egentligen\/"},"wordCount":322,"commentCount":10,"publisher":{"@id":"https:\/\/blogg.svenskakyrkan.se\/vandravagen\/#organization"},"image":{"@id":"https:\/\/blogg.svenskakyrkan.se\/vandravagen\/2014\/05\/07\/som-livet-borde-vara-egentligen\/#primaryimage"},"thumbnailUrl":"http:\/\/2.bp.blogspot.com\/-gdNh2rH6j2o\/U2nY8ctwIvI\/AAAAAAAAHbE\/0N-UQ6mvvdk\/s1600\/IMG_3053.JPG","articleSection":["Dagens Kyrka","motkultur","vara m\u00e4nniska"],"inLanguage":"sv-SE","potentialAction":[{"@type":"CommentAction","name":"Comment","target":["https:\/\/blogg.svenskakyrkan.se\/vandravagen\/2014\/05\/07\/som-livet-borde-vara-egentligen\/#respond"]}]},{"@type":"WebPage","@id":"https:\/\/blogg.svenskakyrkan.se\/vandravagen\/2014\/05\/07\/som-livet-borde-vara-egentligen\/","url":"https:\/\/blogg.svenskakyrkan.se\/vandravagen\/2014\/05\/07\/som-livet-borde-vara-egentligen\/","name":"Som livet borde vara egentligen - Vandra V\u00e4gen","isPartOf":{"@id":"https:\/\/blogg.svenskakyrkan.se\/vandravagen\/#website"},"primaryImageOfPage":{"@id":"https:\/\/blogg.svenskakyrkan.se\/vandravagen\/2014\/05\/07\/som-livet-borde-vara-egentligen\/#primaryimage"},"image":{"@id":"https:\/\/blogg.svenskakyrkan.se\/vandravagen\/2014\/05\/07\/som-livet-borde-vara-egentligen\/#primaryimage"},"thumbnailUrl":"http:\/\/2.bp.blogspot.com\/-gdNh2rH6j2o\/U2nY8ctwIvI\/AAAAAAAAHbE\/0N-UQ6mvvdk\/s1600\/IMG_3053.JPG","datePublished":"2014-05-07T07:03:00+00:00","breadcrumb":{"@id":"https:\/\/blogg.svenskakyrkan.se\/vandravagen\/2014\/05\/07\/som-livet-borde-vara-egentligen\/#breadcrumb"},"inLanguage":"sv-SE","potentialAction":[{"@type":"ReadAction","target":["https:\/\/blogg.svenskakyrkan.se\/vandravagen\/2014\/05\/07\/som-livet-borde-vara-egentligen\/"]}]},{"@type":"ImageObject","inLanguage":"sv-SE","@id":"https:\/\/blogg.svenskakyrkan.se\/vandravagen\/2014\/05\/07\/som-livet-borde-vara-egentligen\/#primaryimage","url":"http:\/\/2.bp.blogspot.com\/-gdNh2rH6j2o\/U2nY8ctwIvI\/AAAAAAAAHbE\/0N-UQ6mvvdk\/s1600\/IMG_3053.JPG","contentUrl":"http:\/\/2.bp.blogspot.com\/-gdNh2rH6j2o\/U2nY8ctwIvI\/AAAAAAAAHbE\/0N-UQ6mvvdk\/s1600\/IMG_3053.JPG"},{"@type":"BreadcrumbList","@id":"https:\/\/blogg.svenskakyrkan.se\/vandravagen\/2014\/05\/07\/som-livet-borde-vara-egentligen\/#breadcrumb","itemListElement":[{"@type":"ListItem","position":1,"name":"Hem","item":"https:\/\/blogg.svenskakyrkan.se\/vandravagen\/"},{"@type":"ListItem","position":2,"name":"Som livet borde vara egentligen"}]},{"@type":"WebSite","@id":"https:\/\/blogg.svenskakyrkan.se\/vandravagen\/#website","url":"https:\/\/blogg.svenskakyrkan.se\/vandravagen\/","name":"Vandra V\u00e4gen","description":"-Mot en tro f\u00f6r hela livet","publisher":{"@id":"https:\/\/blogg.svenskakyrkan.se\/vandravagen\/#organization"},"potentialAction":[{"@type":"SearchAction","target":{"@type":"EntryPoint","urlTemplate":"https:\/\/blogg.svenskakyrkan.se\/vandravagen\/?s={search_term_string}"},"query-input":{"@type":"PropertyValueSpecification","valueRequired":true,"valueName":"search_term_string"}}],"inLanguage":"sv-SE"},{"@type":"Organization","@id":"https:\/\/blogg.svenskakyrkan.se\/vandravagen\/#organization","name":"ulricehamns pastorat","alternateName":"ulricehamns pastorat","url":"https:\/\/blogg.svenskakyrkan.se\/vandravagen\/","logo":{"@type":"ImageObject","inLanguage":"sv-SE","@id":"https:\/\/blogg.svenskakyrkan.se\/vandravagen\/#\/schema\/logo\/image\/","url":"https:\/\/blogg.svenskakyrkan.se\/vandravagen\/files\/2023\/05\/Ulr_logo_RGB.png","contentUrl":"https:\/\/blogg.svenskakyrkan.se\/vandravagen\/files\/2023\/05\/Ulr_logo_RGB.png","width":205,"height":77,"caption":"ulricehamns pastorat"},"image":{"@id":"https:\/\/blogg.svenskakyrkan.se\/vandravagen\/#\/schema\/logo\/image\/"},"sameAs":["http:\/\/facebook.com\/vandravagen","https:\/\/x.com\/fadertomas","http:\/\/www.facebook.com\/svenskakyrkaniulricehamn"]},{"@type":"Person","@id":"https:\/\/blogg.svenskakyrkan.se\/vandravagen\/#\/schema\/person\/25da02d4f76b137d04291711e2c9fc16","name":"Tomas Jarvid","image":{"@type":"ImageObject","inLanguage":"sv-SE","@id":"https:\/\/blogg.svenskakyrkan.se\/vandravagen\/#\/schema\/person\/image\/","url":"https:\/\/secure.gravatar.com\/avatar\/7fa71899795e8f540f615a1f5ab25255dc27aa40f05ee7ddd21aac521e01bf50?s=96&d=identicon&r=g","contentUrl":"https:\/\/secure.gravatar.com\/avatar\/7fa71899795e8f540f615a1f5ab25255dc27aa40f05ee7ddd21aac521e01bf50?s=96&d=identicon&r=g","caption":"Tomas Jarvid"},"description":"Jag bor i Ulricehamn i V\u00e4sterg\u00f6tland och \u00e4r f\u00f6rsamlingspr\u00e4st i Svenska Kyrkan f\u00f6r Dalstorps f\u00f6rsamling i Kinds pastorat. P\u00e5 den h\u00e4r bloggen skriver jag ner tankar om vandringen som kristen.","sameAs":["http:\/\/www.vandravagen.se"],"url":"https:\/\/blogg.svenskakyrkan.se\/vandravagen\/author\/vandravagen\/"}]}},"author_meta":{"ID":"392","user_nicename":"vandravagen","user_url":"http:\/\/www.vandravagen.se","user_registered":"2014-05-19 05:44:52","display_name":"Tomas Jarvid","first_name":"Tomas","last_name":"Jarvid","avatar":"https:\/\/secure.gravatar.com\/avatar\/7fa71899795e8f540f615a1f5ab25255dc27aa40f05ee7ddd21aac521e01bf50?s=96&d=identicon&r=g"},"featured_image":false,"bloginfo":{"name":"Vandra V\u00e4gen","url":"https:\/\/blogg.svenskakyrkan.se\/vandravagen"},"_links":{"self":[{"href":"https:\/\/blogg.svenskakyrkan.se\/vandravagen\/wp-json\/wp\/v2\/posts\/39","targetHints":{"allow":["GET"]}}],"collection":[{"href":"https:\/\/blogg.svenskakyrkan.se\/vandravagen\/wp-json\/wp\/v2\/posts"}],"about":[{"href":"https:\/\/blogg.svenskakyrkan.se\/vandravagen\/wp-json\/wp\/v2\/types\/post"}],"author":[{"embeddable":true,"href":"https:\/\/blogg.svenskakyrkan.se\/vandravagen\/wp-json\/wp\/v2\/users\/392"}],"replies":[{"embeddable":true,"href":"https:\/\/blogg.svenskakyrkan.se\/vandravagen\/wp-json\/wp\/v2\/comments?post=39"}],"version-history":[{"count":0,"href":"https:\/\/blogg.svenskakyrkan.se\/vandravagen\/wp-json\/wp\/v2\/posts\/39\/revisions"}],"wp:attachment":[{"href":"https:\/\/blogg.svenskakyrkan.se\/vandravagen\/wp-json\/wp\/v2\/media?parent=39"}],"wp:term":[{"taxonomy":"category","embeddable":true,"href":"https:\/\/blogg.svenskakyrkan.se\/vandravagen\/wp-json\/wp\/v2\/categories?post=39"},{"taxonomy":"post_tag","embeddable":true,"href":"https:\/\/blogg.svenskakyrkan.se\/vandravagen\/wp-json\/wp\/v2\/tags?post=39"}],"curies":[{"name":"wp","href":"https:\/\/api.w.org\/{rel}","templated":true}]}}