{"id":3902,"date":"2015-11-13T10:53:19","date_gmt":"2015-11-13T09:53:19","guid":{"rendered":"http:\/\/blogg.svenskakyrkan.se\/vandravagen\/?p=3902"},"modified":"2015-11-13T10:53:19","modified_gmt":"2015-11-13T09:53:19","slug":"om-att-be-for-en-sjuk","status":"publish","type":"post","link":"https:\/\/blogg.svenskakyrkan.se\/vandravagen\/2015\/11\/13\/om-att-be-for-en-sjuk\/","title":{"rendered":"Om att be f\u00f6r en sjuk"},"content":{"rendered":"<div id=\"attachment_3903\" style=\"width: 373px\" class=\"wp-caption aligncenter\"><a href=\"http:\/\/blogg.svenskakyrkan.se\/vandravagen\/files\/2015\/11\/IMG_7131.jpg\"><img loading=\"lazy\" decoding=\"async\" aria-describedby=\"caption-attachment-3903\" class=\"size-full wp-image-3903\" src=\"http:\/\/blogg.svenskakyrkan.se\/vandravagen\/files\/2015\/11\/IMG_7131.jpg\" alt=\"Kolla k\u00f6ren. K\u00e4nns inte som att personen p\u00e5 b\u00e5ren blir s\u00e5 omsorgsfullt behandlad h\u00e4r?\" width=\"363\" height=\"336\" srcset=\"https:\/\/blogg.svenskakyrkan.se\/vandravagen\/files\/2015\/11\/IMG_7131.jpg 363w, https:\/\/blogg.svenskakyrkan.se\/vandravagen\/files\/2015\/11\/IMG_7131-300x278.jpg 300w, https:\/\/blogg.svenskakyrkan.se\/vandravagen\/files\/2015\/11\/IMG_7131-324x300.jpg 324w\" sizes=\"auto, (max-width: 363px) 100vw, 363px\" \/><\/a><p id=\"caption-attachment-3903\" class=\"wp-caption-text\">Kolla k\u00f6ren. K\u00e4nns inte som att personen p\u00e5 b\u00e5ren blir s\u00e5 omsorgsfullt behandlad h\u00e4r?<\/p><\/div>\n<p>Att be f\u00f6r sjuka \u00e4r p\u00e5 m\u00e5nga s\u00e4tt en sj\u00e4lvklar del i b\u00f6nelivet. Jag tycker gott man kan be ganska modigt om tillfrisknande och s\u00e5 men det \u00e4r klokt att g\u00f6ra det p\u00e5 ett s\u00e4tt s\u00e5 att inte den sjuke sj\u00e4lv k\u00e4nner press \u00f6ver om han eller hon blir frisk eller inte. Det \u00e4r viktigt att den sjuke inte f\u00f6rvandlas till ett b\u00f6neprojekt utan att b\u00f6nen \u00e4r ett s\u00e4tt f\u00f6r oss att visa omsorg om varandra. Ett gott m\u00e5tt p\u00e5 b\u00f6n f\u00f6r sjuka (som uttalas h\u00f6gt) \u00e4r om b\u00f6nen g\u00f6r att den sjuke f\u00e5r k\u00e4nna omsorg och st\u00e4rkas i sin tro p\u00e5 att Gud \u00e4r med ocks\u00e5 i sjukdomen. Man kan till exempel be s\u00e5 h\u00e4r, som i psalmbokens b\u00f6nbok. K\u00e4nner du n\u00e5gon sjuk s\u00e5 be med mig.<\/p>\n<blockquote>\n<p>Herre Kristus du som ber f\u00f6r alla, bed nu f\u00f6r v\u00e5r v\u00e4n som \u00e4r sjuk och har det sv\u00e5rt.<\/p>\n<p>Du som tog p\u00e5 dig alla v\u00e5ra sjukdomar, stanna hos v\u00e5r v\u00e4n, var med henne (honom), kring henne, i henne.<\/p>\n<p>Var henne n\u00e4rmare \u00e4n pl\u00e5gan sj\u00e4lv. Var d\u00e4r \u00e4ven n\u00e4r vi inte t\u00e4nker p\u00e5 henne.<\/p>\n<p>Du i vars kropp vi alla \u00e4r ett, l\u00e5t ocks\u00e5 denna sjukdom bli till liv och inte till d\u00f6d. Amen<\/p>\n<\/blockquote>\n","protected":false},"excerpt":{"rendered":"<p>Att be f\u00f6r sjuka \u00e4r p\u00e5 m\u00e5nga s\u00e4tt en sj\u00e4lvklar del i b\u00f6nelivet. Jag tycker gott man kan be ganska modigt om tillfrisknande och s\u00e5 men det \u00e4r klokt att g\u00f6ra det p\u00e5 ett s\u00e4tt s\u00e5 att inte den sjuke sj\u00e4lv k\u00e4nner press \u00f6ver om han eller hon blir frisk eller inte. Det \u00e4r viktigt [&hellip;]<\/p>\n","protected":false},"author":392,"featured_media":0,"comment_status":"open","ping_status":"open","sticky":false,"template":"","format":"standard","meta":{"_acf_changed":false,"footnotes":""},"categories":[35,76189,77554],"tags":[],"class_list":["post-3902","post","type-post","status-publish","format-standard","hentry","category-bon","category-dagens-kyrka","category-vara-manniska"],"acf":[],"yoast_head":"<!-- This site is optimized with the Yoast SEO plugin v27.1.1 - https:\/\/yoast.com\/product\/yoast-seo-wordpress\/ -->\n<title>Om att be f\u00f6r en sjuk - Vandra V\u00e4gen<\/title>\n<meta name=\"robots\" content=\"index, follow, max-snippet:-1, max-image-preview:large, max-video-preview:-1\" \/>\n<link rel=\"canonical\" href=\"https:\/\/blogg.svenskakyrkan.se\/vandravagen\/2015\/11\/13\/om-att-be-for-en-sjuk\/\" \/>\n<meta property=\"og:locale\" content=\"sv_SE\" \/>\n<meta property=\"og:type\" content=\"article\" \/>\n<meta property=\"og:title\" content=\"Om att be f\u00f6r en sjuk - Vandra V\u00e4gen\" \/>\n<meta property=\"og:description\" content=\"Att be f\u00f6r sjuka \u00e4r p\u00e5 m\u00e5nga s\u00e4tt en sj\u00e4lvklar del i b\u00f6nelivet. Jag tycker gott man kan be ganska modigt om tillfrisknande och s\u00e5 men det \u00e4r klokt att g\u00f6ra det p\u00e5 ett s\u00e4tt s\u00e5 att inte den sjuke sj\u00e4lv k\u00e4nner press \u00f6ver om han eller hon blir frisk eller inte. Det \u00e4r viktigt [&hellip;]\" \/>\n<meta property=\"og:url\" content=\"https:\/\/blogg.svenskakyrkan.se\/vandravagen\/2015\/11\/13\/om-att-be-for-en-sjuk\/\" \/>\n<meta property=\"og:site_name\" content=\"Vandra V\u00e4gen\" \/>\n<meta property=\"article:publisher\" content=\"http:\/\/facebook.com\/vandravagen\" \/>\n<meta property=\"article:published_time\" content=\"2015-11-13T09:53:19+00:00\" \/>\n<meta property=\"og:image\" content=\"http:\/\/blogg.svenskakyrkan.se\/vandravagen\/files\/2015\/11\/IMG_7131.jpg\" \/>\n<meta name=\"author\" content=\"Tomas Jarvid\" \/>\n<meta name=\"twitter:card\" content=\"summary_large_image\" \/>\n<meta name=\"twitter:creator\" content=\"@fadertomas\" \/>\n<meta name=\"twitter:site\" content=\"@fadertomas\" \/>\n<meta name=\"twitter:label1\" content=\"Skriven av\" \/>\n\t<meta name=\"twitter:data1\" content=\"Tomas Jarvid\" \/>\n\t<meta name=\"twitter:label2\" content=\"Ber\u00e4knad l\u00e4stid\" \/>\n\t<meta name=\"twitter:data2\" content=\"1 minut\" \/>\n<script type=\"application\/ld+json\" class=\"yoast-schema-graph\">{\"@context\":\"https:\/\/schema.org\",\"@graph\":[{\"@type\":\"Article\",\"@id\":\"https:\/\/blogg.svenskakyrkan.se\/vandravagen\/2015\/11\/13\/om-att-be-for-en-sjuk\/#article\",\"isPartOf\":{\"@id\":\"https:\/\/blogg.svenskakyrkan.se\/vandravagen\/2015\/11\/13\/om-att-be-for-en-sjuk\/\"},\"author\":{\"name\":\"Tomas Jarvid\",\"@id\":\"https:\/\/blogg.svenskakyrkan.se\/vandravagen\/#\/schema\/person\/25da02d4f76b137d04291711e2c9fc16\"},\"headline\":\"Om att be f\u00f6r en sjuk\",\"datePublished\":\"2015-11-13T09:53:19+00:00\",\"mainEntityOfPage\":{\"@id\":\"https:\/\/blogg.svenskakyrkan.se\/vandravagen\/2015\/11\/13\/om-att-be-for-en-sjuk\/\"},\"wordCount\":277,\"commentCount\":6,\"publisher\":{\"@id\":\"https:\/\/blogg.svenskakyrkan.se\/vandravagen\/#organization\"},\"image\":{\"@id\":\"https:\/\/blogg.svenskakyrkan.se\/vandravagen\/2015\/11\/13\/om-att-be-for-en-sjuk\/#primaryimage\"},\"thumbnailUrl\":\"http:\/\/blogg.svenskakyrkan.se\/vandravagen\/files\/2015\/11\/IMG_7131.jpg\",\"articleSection\":[\"b\u00f6n\",\"Dagens Kyrka\",\"vara m\u00e4nniska\"],\"inLanguage\":\"sv-SE\",\"potentialAction\":[{\"@type\":\"CommentAction\",\"name\":\"Comment\",\"target\":[\"https:\/\/blogg.svenskakyrkan.se\/vandravagen\/2015\/11\/13\/om-att-be-for-en-sjuk\/#respond\"]}]},{\"@type\":\"WebPage\",\"@id\":\"https:\/\/blogg.svenskakyrkan.se\/vandravagen\/2015\/11\/13\/om-att-be-for-en-sjuk\/\",\"url\":\"https:\/\/blogg.svenskakyrkan.se\/vandravagen\/2015\/11\/13\/om-att-be-for-en-sjuk\/\",\"name\":\"Om att be f\u00f6r en sjuk - Vandra V\u00e4gen\",\"isPartOf\":{\"@id\":\"https:\/\/blogg.svenskakyrkan.se\/vandravagen\/#website\"},\"primaryImageOfPage\":{\"@id\":\"https:\/\/blogg.svenskakyrkan.se\/vandravagen\/2015\/11\/13\/om-att-be-for-en-sjuk\/#primaryimage\"},\"image\":{\"@id\":\"https:\/\/blogg.svenskakyrkan.se\/vandravagen\/2015\/11\/13\/om-att-be-for-en-sjuk\/#primaryimage\"},\"thumbnailUrl\":\"http:\/\/blogg.svenskakyrkan.se\/vandravagen\/files\/2015\/11\/IMG_7131.jpg\",\"datePublished\":\"2015-11-13T09:53:19+00:00\",\"breadcrumb\":{\"@id\":\"https:\/\/blogg.svenskakyrkan.se\/vandravagen\/2015\/11\/13\/om-att-be-for-en-sjuk\/#breadcrumb\"},\"inLanguage\":\"sv-SE\",\"potentialAction\":[{\"@type\":\"ReadAction\",\"target\":[\"https:\/\/blogg.svenskakyrkan.se\/vandravagen\/2015\/11\/13\/om-att-be-for-en-sjuk\/\"]}]},{\"@type\":\"ImageObject\",\"inLanguage\":\"sv-SE\",\"@id\":\"https:\/\/blogg.svenskakyrkan.se\/vandravagen\/2015\/11\/13\/om-att-be-for-en-sjuk\/#primaryimage\",\"url\":\"http:\/\/blogg.svenskakyrkan.se\/vandravagen\/files\/2015\/11\/IMG_7131.jpg\",\"contentUrl\":\"http:\/\/blogg.svenskakyrkan.se\/vandravagen\/files\/2015\/11\/IMG_7131.jpg\"},{\"@type\":\"BreadcrumbList\",\"@id\":\"https:\/\/blogg.svenskakyrkan.se\/vandravagen\/2015\/11\/13\/om-att-be-for-en-sjuk\/#breadcrumb\",\"itemListElement\":[{\"@type\":\"ListItem\",\"position\":1,\"name\":\"Hem\",\"item\":\"https:\/\/blogg.svenskakyrkan.se\/vandravagen\/\"},{\"@type\":\"ListItem\",\"position\":2,\"name\":\"Om att be f\u00f6r en sjuk\"}]},{\"@type\":\"WebSite\",\"@id\":\"https:\/\/blogg.svenskakyrkan.se\/vandravagen\/#website\",\"url\":\"https:\/\/blogg.svenskakyrkan.se\/vandravagen\/\",\"name\":\"Vandra V\u00e4gen\",\"description\":\"-Mot en tro f\u00f6r hela livet\",\"publisher\":{\"@id\":\"https:\/\/blogg.svenskakyrkan.se\/vandravagen\/#organization\"},\"potentialAction\":[{\"@type\":\"SearchAction\",\"target\":{\"@type\":\"EntryPoint\",\"urlTemplate\":\"https:\/\/blogg.svenskakyrkan.se\/vandravagen\/?s={search_term_string}\"},\"query-input\":{\"@type\":\"PropertyValueSpecification\",\"valueRequired\":true,\"valueName\":\"search_term_string\"}}],\"inLanguage\":\"sv-SE\"},{\"@type\":\"Organization\",\"@id\":\"https:\/\/blogg.svenskakyrkan.se\/vandravagen\/#organization\",\"name\":\"ulricehamns pastorat\",\"alternateName\":\"ulricehamns pastorat\",\"url\":\"https:\/\/blogg.svenskakyrkan.se\/vandravagen\/\",\"logo\":{\"@type\":\"ImageObject\",\"inLanguage\":\"sv-SE\",\"@id\":\"https:\/\/blogg.svenskakyrkan.se\/vandravagen\/#\/schema\/logo\/image\/\",\"url\":\"https:\/\/blogg.svenskakyrkan.se\/vandravagen\/files\/2023\/05\/Ulr_logo_RGB.png\",\"contentUrl\":\"https:\/\/blogg.svenskakyrkan.se\/vandravagen\/files\/2023\/05\/Ulr_logo_RGB.png\",\"width\":205,\"height\":77,\"caption\":\"ulricehamns pastorat\"},\"image\":{\"@id\":\"https:\/\/blogg.svenskakyrkan.se\/vandravagen\/#\/schema\/logo\/image\/\"},\"sameAs\":[\"http:\/\/facebook.com\/vandravagen\",\"https:\/\/x.com\/fadertomas\",\"http:\/\/www.facebook.com\/svenskakyrkaniulricehamn\"]},{\"@type\":\"Person\",\"@id\":\"https:\/\/blogg.svenskakyrkan.se\/vandravagen\/#\/schema\/person\/25da02d4f76b137d04291711e2c9fc16\",\"name\":\"Tomas Jarvid\",\"image\":{\"@type\":\"ImageObject\",\"inLanguage\":\"sv-SE\",\"@id\":\"https:\/\/blogg.svenskakyrkan.se\/vandravagen\/#\/schema\/person\/image\/\",\"url\":\"https:\/\/secure.gravatar.com\/avatar\/7fa71899795e8f540f615a1f5ab25255dc27aa40f05ee7ddd21aac521e01bf50?s=96&d=identicon&r=g\",\"contentUrl\":\"https:\/\/secure.gravatar.com\/avatar\/7fa71899795e8f540f615a1f5ab25255dc27aa40f05ee7ddd21aac521e01bf50?s=96&d=identicon&r=g\",\"caption\":\"Tomas Jarvid\"},\"description\":\"Jag bor i Ulricehamn i V\u00e4sterg\u00f6tland och \u00e4r f\u00f6rsamlingspr\u00e4st i Svenska Kyrkan f\u00f6r Dalstorps f\u00f6rsamling i Kinds pastorat. P\u00e5 den h\u00e4r bloggen skriver jag ner tankar om vandringen som kristen.\",\"sameAs\":[\"http:\/\/www.vandravagen.se\"],\"url\":\"https:\/\/blogg.svenskakyrkan.se\/vandravagen\/author\/vandravagen\/\"}]}<\/script>\n<!-- \/ Yoast SEO plugin. -->","yoast_head_json":{"title":"Om att be f\u00f6r en sjuk - Vandra V\u00e4gen","robots":{"index":"index","follow":"follow","max-snippet":"max-snippet:-1","max-image-preview":"max-image-preview:large","max-video-preview":"max-video-preview:-1"},"canonical":"https:\/\/blogg.svenskakyrkan.se\/vandravagen\/2015\/11\/13\/om-att-be-for-en-sjuk\/","og_locale":"sv_SE","og_type":"article","og_title":"Om att be f\u00f6r en sjuk - Vandra V\u00e4gen","og_description":"Att be f\u00f6r sjuka \u00e4r p\u00e5 m\u00e5nga s\u00e4tt en sj\u00e4lvklar del i b\u00f6nelivet. Jag tycker gott man kan be ganska modigt om tillfrisknande och s\u00e5 men det \u00e4r klokt att g\u00f6ra det p\u00e5 ett s\u00e4tt s\u00e5 att inte den sjuke sj\u00e4lv k\u00e4nner press \u00f6ver om han eller hon blir frisk eller inte. Det \u00e4r viktigt [&hellip;]","og_url":"https:\/\/blogg.svenskakyrkan.se\/vandravagen\/2015\/11\/13\/om-att-be-for-en-sjuk\/","og_site_name":"Vandra V\u00e4gen","article_publisher":"http:\/\/facebook.com\/vandravagen","article_published_time":"2015-11-13T09:53:19+00:00","og_image":[{"url":"http:\/\/blogg.svenskakyrkan.se\/vandravagen\/files\/2015\/11\/IMG_7131.jpg","type":"","width":"","height":""}],"author":"Tomas Jarvid","twitter_card":"summary_large_image","twitter_creator":"@fadertomas","twitter_site":"@fadertomas","twitter_misc":{"Skriven av":"Tomas Jarvid","Ber\u00e4knad l\u00e4stid":"1 minut"},"schema":{"@context":"https:\/\/schema.org","@graph":[{"@type":"Article","@id":"https:\/\/blogg.svenskakyrkan.se\/vandravagen\/2015\/11\/13\/om-att-be-for-en-sjuk\/#article","isPartOf":{"@id":"https:\/\/blogg.svenskakyrkan.se\/vandravagen\/2015\/11\/13\/om-att-be-for-en-sjuk\/"},"author":{"name":"Tomas Jarvid","@id":"https:\/\/blogg.svenskakyrkan.se\/vandravagen\/#\/schema\/person\/25da02d4f76b137d04291711e2c9fc16"},"headline":"Om att be f\u00f6r en sjuk","datePublished":"2015-11-13T09:53:19+00:00","mainEntityOfPage":{"@id":"https:\/\/blogg.svenskakyrkan.se\/vandravagen\/2015\/11\/13\/om-att-be-for-en-sjuk\/"},"wordCount":277,"commentCount":6,"publisher":{"@id":"https:\/\/blogg.svenskakyrkan.se\/vandravagen\/#organization"},"image":{"@id":"https:\/\/blogg.svenskakyrkan.se\/vandravagen\/2015\/11\/13\/om-att-be-for-en-sjuk\/#primaryimage"},"thumbnailUrl":"http:\/\/blogg.svenskakyrkan.se\/vandravagen\/files\/2015\/11\/IMG_7131.jpg","articleSection":["b\u00f6n","Dagens Kyrka","vara m\u00e4nniska"],"inLanguage":"sv-SE","potentialAction":[{"@type":"CommentAction","name":"Comment","target":["https:\/\/blogg.svenskakyrkan.se\/vandravagen\/2015\/11\/13\/om-att-be-for-en-sjuk\/#respond"]}]},{"@type":"WebPage","@id":"https:\/\/blogg.svenskakyrkan.se\/vandravagen\/2015\/11\/13\/om-att-be-for-en-sjuk\/","url":"https:\/\/blogg.svenskakyrkan.se\/vandravagen\/2015\/11\/13\/om-att-be-for-en-sjuk\/","name":"Om att be f\u00f6r en sjuk - Vandra V\u00e4gen","isPartOf":{"@id":"https:\/\/blogg.svenskakyrkan.se\/vandravagen\/#website"},"primaryImageOfPage":{"@id":"https:\/\/blogg.svenskakyrkan.se\/vandravagen\/2015\/11\/13\/om-att-be-for-en-sjuk\/#primaryimage"},"image":{"@id":"https:\/\/blogg.svenskakyrkan.se\/vandravagen\/2015\/11\/13\/om-att-be-for-en-sjuk\/#primaryimage"},"thumbnailUrl":"http:\/\/blogg.svenskakyrkan.se\/vandravagen\/files\/2015\/11\/IMG_7131.jpg","datePublished":"2015-11-13T09:53:19+00:00","breadcrumb":{"@id":"https:\/\/blogg.svenskakyrkan.se\/vandravagen\/2015\/11\/13\/om-att-be-for-en-sjuk\/#breadcrumb"},"inLanguage":"sv-SE","potentialAction":[{"@type":"ReadAction","target":["https:\/\/blogg.svenskakyrkan.se\/vandravagen\/2015\/11\/13\/om-att-be-for-en-sjuk\/"]}]},{"@type":"ImageObject","inLanguage":"sv-SE","@id":"https:\/\/blogg.svenskakyrkan.se\/vandravagen\/2015\/11\/13\/om-att-be-for-en-sjuk\/#primaryimage","url":"http:\/\/blogg.svenskakyrkan.se\/vandravagen\/files\/2015\/11\/IMG_7131.jpg","contentUrl":"http:\/\/blogg.svenskakyrkan.se\/vandravagen\/files\/2015\/11\/IMG_7131.jpg"},{"@type":"BreadcrumbList","@id":"https:\/\/blogg.svenskakyrkan.se\/vandravagen\/2015\/11\/13\/om-att-be-for-en-sjuk\/#breadcrumb","itemListElement":[{"@type":"ListItem","position":1,"name":"Hem","item":"https:\/\/blogg.svenskakyrkan.se\/vandravagen\/"},{"@type":"ListItem","position":2,"name":"Om att be f\u00f6r en sjuk"}]},{"@type":"WebSite","@id":"https:\/\/blogg.svenskakyrkan.se\/vandravagen\/#website","url":"https:\/\/blogg.svenskakyrkan.se\/vandravagen\/","name":"Vandra V\u00e4gen","description":"-Mot en tro f\u00f6r hela livet","publisher":{"@id":"https:\/\/blogg.svenskakyrkan.se\/vandravagen\/#organization"},"potentialAction":[{"@type":"SearchAction","target":{"@type":"EntryPoint","urlTemplate":"https:\/\/blogg.svenskakyrkan.se\/vandravagen\/?s={search_term_string}"},"query-input":{"@type":"PropertyValueSpecification","valueRequired":true,"valueName":"search_term_string"}}],"inLanguage":"sv-SE"},{"@type":"Organization","@id":"https:\/\/blogg.svenskakyrkan.se\/vandravagen\/#organization","name":"ulricehamns pastorat","alternateName":"ulricehamns pastorat","url":"https:\/\/blogg.svenskakyrkan.se\/vandravagen\/","logo":{"@type":"ImageObject","inLanguage":"sv-SE","@id":"https:\/\/blogg.svenskakyrkan.se\/vandravagen\/#\/schema\/logo\/image\/","url":"https:\/\/blogg.svenskakyrkan.se\/vandravagen\/files\/2023\/05\/Ulr_logo_RGB.png","contentUrl":"https:\/\/blogg.svenskakyrkan.se\/vandravagen\/files\/2023\/05\/Ulr_logo_RGB.png","width":205,"height":77,"caption":"ulricehamns pastorat"},"image":{"@id":"https:\/\/blogg.svenskakyrkan.se\/vandravagen\/#\/schema\/logo\/image\/"},"sameAs":["http:\/\/facebook.com\/vandravagen","https:\/\/x.com\/fadertomas","http:\/\/www.facebook.com\/svenskakyrkaniulricehamn"]},{"@type":"Person","@id":"https:\/\/blogg.svenskakyrkan.se\/vandravagen\/#\/schema\/person\/25da02d4f76b137d04291711e2c9fc16","name":"Tomas Jarvid","image":{"@type":"ImageObject","inLanguage":"sv-SE","@id":"https:\/\/blogg.svenskakyrkan.se\/vandravagen\/#\/schema\/person\/image\/","url":"https:\/\/secure.gravatar.com\/avatar\/7fa71899795e8f540f615a1f5ab25255dc27aa40f05ee7ddd21aac521e01bf50?s=96&d=identicon&r=g","contentUrl":"https:\/\/secure.gravatar.com\/avatar\/7fa71899795e8f540f615a1f5ab25255dc27aa40f05ee7ddd21aac521e01bf50?s=96&d=identicon&r=g","caption":"Tomas Jarvid"},"description":"Jag bor i Ulricehamn i V\u00e4sterg\u00f6tland och \u00e4r f\u00f6rsamlingspr\u00e4st i Svenska Kyrkan f\u00f6r Dalstorps f\u00f6rsamling i Kinds pastorat. P\u00e5 den h\u00e4r bloggen skriver jag ner tankar om vandringen som kristen.","sameAs":["http:\/\/www.vandravagen.se"],"url":"https:\/\/blogg.svenskakyrkan.se\/vandravagen\/author\/vandravagen\/"}]}},"author_meta":{"ID":"392","user_nicename":"vandravagen","user_url":"http:\/\/www.vandravagen.se","user_registered":"2014-05-19 05:44:52","display_name":"Tomas Jarvid","first_name":"Tomas","last_name":"Jarvid","avatar":"https:\/\/secure.gravatar.com\/avatar\/7fa71899795e8f540f615a1f5ab25255dc27aa40f05ee7ddd21aac521e01bf50?s=96&d=identicon&r=g"},"featured_image":false,"bloginfo":{"name":"Vandra V\u00e4gen","url":"https:\/\/blogg.svenskakyrkan.se\/vandravagen"},"_links":{"self":[{"href":"https:\/\/blogg.svenskakyrkan.se\/vandravagen\/wp-json\/wp\/v2\/posts\/3902","targetHints":{"allow":["GET"]}}],"collection":[{"href":"https:\/\/blogg.svenskakyrkan.se\/vandravagen\/wp-json\/wp\/v2\/posts"}],"about":[{"href":"https:\/\/blogg.svenskakyrkan.se\/vandravagen\/wp-json\/wp\/v2\/types\/post"}],"author":[{"embeddable":true,"href":"https:\/\/blogg.svenskakyrkan.se\/vandravagen\/wp-json\/wp\/v2\/users\/392"}],"replies":[{"embeddable":true,"href":"https:\/\/blogg.svenskakyrkan.se\/vandravagen\/wp-json\/wp\/v2\/comments?post=3902"}],"version-history":[{"count":1,"href":"https:\/\/blogg.svenskakyrkan.se\/vandravagen\/wp-json\/wp\/v2\/posts\/3902\/revisions"}],"predecessor-version":[{"id":3904,"href":"https:\/\/blogg.svenskakyrkan.se\/vandravagen\/wp-json\/wp\/v2\/posts\/3902\/revisions\/3904"}],"wp:attachment":[{"href":"https:\/\/blogg.svenskakyrkan.se\/vandravagen\/wp-json\/wp\/v2\/media?parent=3902"}],"wp:term":[{"taxonomy":"category","embeddable":true,"href":"https:\/\/blogg.svenskakyrkan.se\/vandravagen\/wp-json\/wp\/v2\/categories?post=3902"},{"taxonomy":"post_tag","embeddable":true,"href":"https:\/\/blogg.svenskakyrkan.se\/vandravagen\/wp-json\/wp\/v2\/tags?post=3902"}],"curies":[{"name":"wp","href":"https:\/\/api.w.org\/{rel}","templated":true}]}}