{"id":3905,"date":"2015-11-14T07:00:19","date_gmt":"2015-11-14T06:00:19","guid":{"rendered":"http:\/\/blogg.svenskakyrkan.se\/vandravagen\/?p=3905"},"modified":"2015-11-13T22:23:56","modified_gmt":"2015-11-13T21:23:56","slug":"nar-josef-inte-stallde-till-blodbad","status":"publish","type":"post","link":"https:\/\/blogg.svenskakyrkan.se\/vandravagen\/2015\/11\/14\/nar-josef-inte-stallde-till-blodbad\/","title":{"rendered":"N\u00e4r Josef inte st\u00e4llde till blodbad"},"content":{"rendered":"<div id=\"attachment_3907\" style=\"width: 710px\" class=\"wp-caption aligncenter\"><a href=\"http:\/\/blogg.svenskakyrkan.se\/vandravagen\/files\/2015\/11\/17-COMELIUS-JOSEPH-RECOGNISED-BY-HIS-BROTHERS.jpg\"><img loading=\"lazy\" decoding=\"async\" aria-describedby=\"caption-attachment-3907\" class=\"size-full wp-image-3907\" src=\"http:\/\/blogg.svenskakyrkan.se\/vandravagen\/files\/2015\/11\/17-COMELIUS-JOSEPH-RECOGNISED-BY-HIS-BROTHERS.jpg\" alt=\"Josef f\u00f6rsonas med sina br\u00f6der.\" width=\"700\" height=\"549\" srcset=\"https:\/\/blogg.svenskakyrkan.se\/vandravagen\/files\/2015\/11\/17-COMELIUS-JOSEPH-RECOGNISED-BY-HIS-BROTHERS.jpg 700w, https:\/\/blogg.svenskakyrkan.se\/vandravagen\/files\/2015\/11\/17-COMELIUS-JOSEPH-RECOGNISED-BY-HIS-BROTHERS-300x235.jpg 300w, https:\/\/blogg.svenskakyrkan.se\/vandravagen\/files\/2015\/11\/17-COMELIUS-JOSEPH-RECOGNISED-BY-HIS-BROTHERS-383x300.jpg 383w\" sizes=\"auto, (max-width: 700px) 100vw, 700px\" \/><\/a><p id=\"caption-attachment-3907\" class=\"wp-caption-text\">Josef f\u00f6rsonas med sina br\u00f6der.<\/p><\/div>\n<p>I texterna som l\u00e4stes i kyrkan f\u00f6rra s\u00f6ndagen st\u00e5r det bland annat om Josef, han som hamnade i Egypten och tydde dr\u00f6mmar. Det st\u00e5r s\u00e5 h\u00e4r om den gripande scenen d\u00e4r han f\u00f6rsonas med sina br\u00f6der:<\/p>\n<blockquote>\n<p><span class=\"selection\">\u2019<strong>Vi ber dig f\u00f6rl\u00e5ta oss<\/strong>, dina br\u00f6der, v\u00e5r synd och skuld. Vi har gjort dig mycket ont.\u2019 S\u00e5 f\u00f6rl\u00e5t oss, din fars Guds tj\u00e4nare, den synd vi har beg\u00e5tt!\u201d Vid dessa ord brast Josef i gr\u00e5t.\u00a0\u00a0<\/span><span class=\"selection\">Sedan kom ocks\u00e5 br\u00f6derna sj\u00e4lva och f\u00f6ll ner inf\u00f6r honom och sade: \u201dVi \u00e4r dina slavar.\u201d\u00a0\u00a0<\/span><strong><span class=\"selection\">Men Josef sade till dem: \u201dVar inte r\u00e4dda. Jag \u00e4r ju inte Gud!\u00a0\u00a0<\/span><\/strong><span class=\"selection\"><strong>Ni ville mig ont, men Gud har v\u00e4nt det till n\u00e5got gott.<\/strong> Han ville g\u00f6ra det som nu har skett och d\u00e4rigenom bevara m\u00e5nga m\u00e4nniskor vid liv.\u00a0\u00a0<\/span><span class=\"selection\">Var inte r\u00e4dda, jag skall s\u00f6rja f\u00f6r er och era barn.\u201d\u00a0<\/span>1 mos 50:16-21<\/p>\n<\/blockquote>\n<p>Om man h\u00f6rt om Josef sen s\u00f6ndagsskolan s\u00e5 \u00e4r man ju van vid att ber\u00e4ttelsen slutar s\u00e5 h\u00e4r fint. S\u00e5 \u00e4r det ofta med bibelns ber\u00e4ttelser, i alla fall f\u00f6r mig. T\u00e4nker man lite till s\u00e5 \u00e4r det egentligen v\u00e4ldigt m\u00e4rkligt det som sker.<\/p>\n<p>Josef har verkligen v\u00e4ldigt mycket att vara arg p\u00e5 sina br\u00f6der f\u00f6r. De har ju faktiskt s\u00e5lt honom levande som slav och krossat hans pappas hj\u00e4rta genom att s\u00e4ga till honom att Josef \u00e4r d\u00f6d. Josef har suttit i f\u00e4ngelse och allt m\u00f6jligt jobbigt under sin tid i Egypten, allt f\u00f6r att hans br\u00f6der inte t\u00e5lde honom (vilket man egentligen kan klandra pappa Israel f\u00f6r, man ska inte ha favoriter bland sina barn).<\/p>\n<p>Men s\u00e5 har det ju i och f\u00f6r sig g\u00e5tt bra f\u00f6r Josef i Egypten. Gud har varit med honom och han har flutit upp som en kork varje g\u00e5ng n\u00e5gon s\u00e4nkt honom under ytan. Andra som det g\u00e5tt s\u00e4mre f\u00f6r hade nog haft sv\u00e5rare att f\u00f6rl\u00e5ta, n\u00e4r de inte kunnat se att &#8221;Gud v\u00e4nt det till n\u00e5got gott&#8221;.<\/p>\n<p>Det jag t\u00e4nkt p\u00e5 de senaste dagarna \u00e4r att det kanske <em>i sig<\/em> \u00e4r ov\u00e4ntat att Josef f\u00f6rl\u00e5ter, att det \u00e4r n\u00e5got gott att han g\u00f6r det. Jag hade l\u00e4tt kunnat f\u00f6rest\u00e4lla mig motsvarande ber\u00e4ttelse i n\u00e5gon annan kultur kring medelhavet d\u00e4r <strong>historien slutat med ett blodbad och po\u00e4ngen var att Gud varit med Josef genom att se till att han fick h\u00e4mnd<\/strong> p\u00e5 sina br\u00f6der. Vad tror du? Hur m\u00e4rklig \u00e4r ber\u00e4ttelsen om Josef egentligen, i sin ursprungliga omgivning?\u00a0\u00c4r det ett nytt ideal som trummas in i dessa bibeltexter?<\/p>\n","protected":false},"excerpt":{"rendered":"<p>I texterna som l\u00e4stes i kyrkan f\u00f6rra s\u00f6ndagen st\u00e5r det bland annat om Josef, han som hamnade i Egypten och tydde dr\u00f6mmar. Det st\u00e5r s\u00e5 h\u00e4r om den gripande scenen d\u00e4r han f\u00f6rsonas med sina br\u00f6der: \u2019Vi ber dig f\u00f6rl\u00e5ta oss, dina br\u00f6der, v\u00e5r synd och skuld. Vi har gjort dig mycket ont.\u2019 S\u00e5 f\u00f6rl\u00e5t [&hellip;]<\/p>\n","protected":false},"author":392,"featured_media":0,"comment_status":"open","ping_status":"open","sticky":false,"template":"","format":"standard","meta":{"_acf_changed":false,"footnotes":""},"categories":[8298,76189,8252],"tags":[],"class_list":["post-3905","post","type-post","status-publish","format-standard","hentry","category-bibeln","category-dagens-kyrka","category-kyrkoaret"],"acf":[],"yoast_head":"<!-- This site is optimized with the Yoast SEO plugin v27.1.1 - https:\/\/yoast.com\/product\/yoast-seo-wordpress\/ -->\n<title>N\u00e4r Josef inte st\u00e4llde till blodbad - Vandra V\u00e4gen<\/title>\n<meta name=\"robots\" content=\"index, follow, max-snippet:-1, max-image-preview:large, max-video-preview:-1\" \/>\n<link rel=\"canonical\" href=\"https:\/\/blogg.svenskakyrkan.se\/vandravagen\/2015\/11\/14\/nar-josef-inte-stallde-till-blodbad\/\" \/>\n<meta property=\"og:locale\" content=\"sv_SE\" \/>\n<meta property=\"og:type\" content=\"article\" \/>\n<meta property=\"og:title\" content=\"N\u00e4r Josef inte st\u00e4llde till blodbad - Vandra V\u00e4gen\" \/>\n<meta property=\"og:description\" content=\"I texterna som l\u00e4stes i kyrkan f\u00f6rra s\u00f6ndagen st\u00e5r det bland annat om Josef, han som hamnade i Egypten och tydde dr\u00f6mmar. Det st\u00e5r s\u00e5 h\u00e4r om den gripande scenen d\u00e4r han f\u00f6rsonas med sina br\u00f6der: \u2019Vi ber dig f\u00f6rl\u00e5ta oss, dina br\u00f6der, v\u00e5r synd och skuld. Vi har gjort dig mycket ont.\u2019 S\u00e5 f\u00f6rl\u00e5t [&hellip;]\" \/>\n<meta property=\"og:url\" content=\"https:\/\/blogg.svenskakyrkan.se\/vandravagen\/2015\/11\/14\/nar-josef-inte-stallde-till-blodbad\/\" \/>\n<meta property=\"og:site_name\" content=\"Vandra V\u00e4gen\" \/>\n<meta property=\"article:publisher\" content=\"http:\/\/facebook.com\/vandravagen\" \/>\n<meta property=\"article:published_time\" content=\"2015-11-14T06:00:19+00:00\" \/>\n<meta property=\"og:image\" content=\"http:\/\/blogg.svenskakyrkan.se\/vandravagen\/files\/2015\/11\/17-COMELIUS-JOSEPH-RECOGNISED-BY-HIS-BROTHERS.jpg\" \/>\n<meta name=\"author\" content=\"Tomas Jarvid\" \/>\n<meta name=\"twitter:card\" content=\"summary_large_image\" \/>\n<meta name=\"twitter:creator\" content=\"@fadertomas\" \/>\n<meta name=\"twitter:site\" content=\"@fadertomas\" \/>\n<meta name=\"twitter:label1\" content=\"Skriven av\" \/>\n\t<meta name=\"twitter:data1\" content=\"Tomas Jarvid\" \/>\n\t<meta name=\"twitter:label2\" content=\"Ber\u00e4knad l\u00e4stid\" \/>\n\t<meta name=\"twitter:data2\" content=\"3 minuter\" \/>\n<script type=\"application\/ld+json\" class=\"yoast-schema-graph\">{\"@context\":\"https:\/\/schema.org\",\"@graph\":[{\"@type\":\"Article\",\"@id\":\"https:\/\/blogg.svenskakyrkan.se\/vandravagen\/2015\/11\/14\/nar-josef-inte-stallde-till-blodbad\/#article\",\"isPartOf\":{\"@id\":\"https:\/\/blogg.svenskakyrkan.se\/vandravagen\/2015\/11\/14\/nar-josef-inte-stallde-till-blodbad\/\"},\"author\":{\"name\":\"Tomas Jarvid\",\"@id\":\"https:\/\/blogg.svenskakyrkan.se\/vandravagen\/#\/schema\/person\/25da02d4f76b137d04291711e2c9fc16\"},\"headline\":\"N\u00e4r Josef inte st\u00e4llde till blodbad\",\"datePublished\":\"2015-11-14T06:00:19+00:00\",\"mainEntityOfPage\":{\"@id\":\"https:\/\/blogg.svenskakyrkan.se\/vandravagen\/2015\/11\/14\/nar-josef-inte-stallde-till-blodbad\/\"},\"wordCount\":517,\"commentCount\":4,\"publisher\":{\"@id\":\"https:\/\/blogg.svenskakyrkan.se\/vandravagen\/#organization\"},\"image\":{\"@id\":\"https:\/\/blogg.svenskakyrkan.se\/vandravagen\/2015\/11\/14\/nar-josef-inte-stallde-till-blodbad\/#primaryimage\"},\"thumbnailUrl\":\"http:\/\/blogg.svenskakyrkan.se\/vandravagen\/files\/2015\/11\/17-COMELIUS-JOSEPH-RECOGNISED-BY-HIS-BROTHERS.jpg\",\"articleSection\":[\"Bibeln\",\"Dagens Kyrka\",\"kyrko\u00e5ret\"],\"inLanguage\":\"sv-SE\",\"potentialAction\":[{\"@type\":\"CommentAction\",\"name\":\"Comment\",\"target\":[\"https:\/\/blogg.svenskakyrkan.se\/vandravagen\/2015\/11\/14\/nar-josef-inte-stallde-till-blodbad\/#respond\"]}]},{\"@type\":\"WebPage\",\"@id\":\"https:\/\/blogg.svenskakyrkan.se\/vandravagen\/2015\/11\/14\/nar-josef-inte-stallde-till-blodbad\/\",\"url\":\"https:\/\/blogg.svenskakyrkan.se\/vandravagen\/2015\/11\/14\/nar-josef-inte-stallde-till-blodbad\/\",\"name\":\"N\u00e4r Josef inte st\u00e4llde till blodbad - Vandra V\u00e4gen\",\"isPartOf\":{\"@id\":\"https:\/\/blogg.svenskakyrkan.se\/vandravagen\/#website\"},\"primaryImageOfPage\":{\"@id\":\"https:\/\/blogg.svenskakyrkan.se\/vandravagen\/2015\/11\/14\/nar-josef-inte-stallde-till-blodbad\/#primaryimage\"},\"image\":{\"@id\":\"https:\/\/blogg.svenskakyrkan.se\/vandravagen\/2015\/11\/14\/nar-josef-inte-stallde-till-blodbad\/#primaryimage\"},\"thumbnailUrl\":\"http:\/\/blogg.svenskakyrkan.se\/vandravagen\/files\/2015\/11\/17-COMELIUS-JOSEPH-RECOGNISED-BY-HIS-BROTHERS.jpg\",\"datePublished\":\"2015-11-14T06:00:19+00:00\",\"breadcrumb\":{\"@id\":\"https:\/\/blogg.svenskakyrkan.se\/vandravagen\/2015\/11\/14\/nar-josef-inte-stallde-till-blodbad\/#breadcrumb\"},\"inLanguage\":\"sv-SE\",\"potentialAction\":[{\"@type\":\"ReadAction\",\"target\":[\"https:\/\/blogg.svenskakyrkan.se\/vandravagen\/2015\/11\/14\/nar-josef-inte-stallde-till-blodbad\/\"]}]},{\"@type\":\"ImageObject\",\"inLanguage\":\"sv-SE\",\"@id\":\"https:\/\/blogg.svenskakyrkan.se\/vandravagen\/2015\/11\/14\/nar-josef-inte-stallde-till-blodbad\/#primaryimage\",\"url\":\"http:\/\/blogg.svenskakyrkan.se\/vandravagen\/files\/2015\/11\/17-COMELIUS-JOSEPH-RECOGNISED-BY-HIS-BROTHERS.jpg\",\"contentUrl\":\"http:\/\/blogg.svenskakyrkan.se\/vandravagen\/files\/2015\/11\/17-COMELIUS-JOSEPH-RECOGNISED-BY-HIS-BROTHERS.jpg\"},{\"@type\":\"BreadcrumbList\",\"@id\":\"https:\/\/blogg.svenskakyrkan.se\/vandravagen\/2015\/11\/14\/nar-josef-inte-stallde-till-blodbad\/#breadcrumb\",\"itemListElement\":[{\"@type\":\"ListItem\",\"position\":1,\"name\":\"Hem\",\"item\":\"https:\/\/blogg.svenskakyrkan.se\/vandravagen\/\"},{\"@type\":\"ListItem\",\"position\":2,\"name\":\"N\u00e4r Josef inte st\u00e4llde till blodbad\"}]},{\"@type\":\"WebSite\",\"@id\":\"https:\/\/blogg.svenskakyrkan.se\/vandravagen\/#website\",\"url\":\"https:\/\/blogg.svenskakyrkan.se\/vandravagen\/\",\"name\":\"Vandra V\u00e4gen\",\"description\":\"-Mot en tro f\u00f6r hela livet\",\"publisher\":{\"@id\":\"https:\/\/blogg.svenskakyrkan.se\/vandravagen\/#organization\"},\"potentialAction\":[{\"@type\":\"SearchAction\",\"target\":{\"@type\":\"EntryPoint\",\"urlTemplate\":\"https:\/\/blogg.svenskakyrkan.se\/vandravagen\/?s={search_term_string}\"},\"query-input\":{\"@type\":\"PropertyValueSpecification\",\"valueRequired\":true,\"valueName\":\"search_term_string\"}}],\"inLanguage\":\"sv-SE\"},{\"@type\":\"Organization\",\"@id\":\"https:\/\/blogg.svenskakyrkan.se\/vandravagen\/#organization\",\"name\":\"ulricehamns pastorat\",\"alternateName\":\"ulricehamns pastorat\",\"url\":\"https:\/\/blogg.svenskakyrkan.se\/vandravagen\/\",\"logo\":{\"@type\":\"ImageObject\",\"inLanguage\":\"sv-SE\",\"@id\":\"https:\/\/blogg.svenskakyrkan.se\/vandravagen\/#\/schema\/logo\/image\/\",\"url\":\"https:\/\/blogg.svenskakyrkan.se\/vandravagen\/files\/2023\/05\/Ulr_logo_RGB.png\",\"contentUrl\":\"https:\/\/blogg.svenskakyrkan.se\/vandravagen\/files\/2023\/05\/Ulr_logo_RGB.png\",\"width\":205,\"height\":77,\"caption\":\"ulricehamns pastorat\"},\"image\":{\"@id\":\"https:\/\/blogg.svenskakyrkan.se\/vandravagen\/#\/schema\/logo\/image\/\"},\"sameAs\":[\"http:\/\/facebook.com\/vandravagen\",\"https:\/\/x.com\/fadertomas\",\"http:\/\/www.facebook.com\/svenskakyrkaniulricehamn\"]},{\"@type\":\"Person\",\"@id\":\"https:\/\/blogg.svenskakyrkan.se\/vandravagen\/#\/schema\/person\/25da02d4f76b137d04291711e2c9fc16\",\"name\":\"Tomas Jarvid\",\"image\":{\"@type\":\"ImageObject\",\"inLanguage\":\"sv-SE\",\"@id\":\"https:\/\/blogg.svenskakyrkan.se\/vandravagen\/#\/schema\/person\/image\/\",\"url\":\"https:\/\/secure.gravatar.com\/avatar\/7fa71899795e8f540f615a1f5ab25255dc27aa40f05ee7ddd21aac521e01bf50?s=96&d=identicon&r=g\",\"contentUrl\":\"https:\/\/secure.gravatar.com\/avatar\/7fa71899795e8f540f615a1f5ab25255dc27aa40f05ee7ddd21aac521e01bf50?s=96&d=identicon&r=g\",\"caption\":\"Tomas Jarvid\"},\"description\":\"Jag bor i Ulricehamn i V\u00e4sterg\u00f6tland och \u00e4r f\u00f6rsamlingspr\u00e4st i Svenska Kyrkan f\u00f6r Dalstorps f\u00f6rsamling i Kinds pastorat. P\u00e5 den h\u00e4r bloggen skriver jag ner tankar om vandringen som kristen.\",\"sameAs\":[\"http:\/\/www.vandravagen.se\"],\"url\":\"https:\/\/blogg.svenskakyrkan.se\/vandravagen\/author\/vandravagen\/\"}]}<\/script>\n<!-- \/ Yoast SEO plugin. -->","yoast_head_json":{"title":"N\u00e4r Josef inte st\u00e4llde till blodbad - Vandra V\u00e4gen","robots":{"index":"index","follow":"follow","max-snippet":"max-snippet:-1","max-image-preview":"max-image-preview:large","max-video-preview":"max-video-preview:-1"},"canonical":"https:\/\/blogg.svenskakyrkan.se\/vandravagen\/2015\/11\/14\/nar-josef-inte-stallde-till-blodbad\/","og_locale":"sv_SE","og_type":"article","og_title":"N\u00e4r Josef inte st\u00e4llde till blodbad - Vandra V\u00e4gen","og_description":"I texterna som l\u00e4stes i kyrkan f\u00f6rra s\u00f6ndagen st\u00e5r det bland annat om Josef, han som hamnade i Egypten och tydde dr\u00f6mmar. Det st\u00e5r s\u00e5 h\u00e4r om den gripande scenen d\u00e4r han f\u00f6rsonas med sina br\u00f6der: \u2019Vi ber dig f\u00f6rl\u00e5ta oss, dina br\u00f6der, v\u00e5r synd och skuld. Vi har gjort dig mycket ont.\u2019 S\u00e5 f\u00f6rl\u00e5t [&hellip;]","og_url":"https:\/\/blogg.svenskakyrkan.se\/vandravagen\/2015\/11\/14\/nar-josef-inte-stallde-till-blodbad\/","og_site_name":"Vandra V\u00e4gen","article_publisher":"http:\/\/facebook.com\/vandravagen","article_published_time":"2015-11-14T06:00:19+00:00","og_image":[{"url":"http:\/\/blogg.svenskakyrkan.se\/vandravagen\/files\/2015\/11\/17-COMELIUS-JOSEPH-RECOGNISED-BY-HIS-BROTHERS.jpg","type":"","width":"","height":""}],"author":"Tomas Jarvid","twitter_card":"summary_large_image","twitter_creator":"@fadertomas","twitter_site":"@fadertomas","twitter_misc":{"Skriven av":"Tomas Jarvid","Ber\u00e4knad l\u00e4stid":"3 minuter"},"schema":{"@context":"https:\/\/schema.org","@graph":[{"@type":"Article","@id":"https:\/\/blogg.svenskakyrkan.se\/vandravagen\/2015\/11\/14\/nar-josef-inte-stallde-till-blodbad\/#article","isPartOf":{"@id":"https:\/\/blogg.svenskakyrkan.se\/vandravagen\/2015\/11\/14\/nar-josef-inte-stallde-till-blodbad\/"},"author":{"name":"Tomas Jarvid","@id":"https:\/\/blogg.svenskakyrkan.se\/vandravagen\/#\/schema\/person\/25da02d4f76b137d04291711e2c9fc16"},"headline":"N\u00e4r Josef inte st\u00e4llde till blodbad","datePublished":"2015-11-14T06:00:19+00:00","mainEntityOfPage":{"@id":"https:\/\/blogg.svenskakyrkan.se\/vandravagen\/2015\/11\/14\/nar-josef-inte-stallde-till-blodbad\/"},"wordCount":517,"commentCount":4,"publisher":{"@id":"https:\/\/blogg.svenskakyrkan.se\/vandravagen\/#organization"},"image":{"@id":"https:\/\/blogg.svenskakyrkan.se\/vandravagen\/2015\/11\/14\/nar-josef-inte-stallde-till-blodbad\/#primaryimage"},"thumbnailUrl":"http:\/\/blogg.svenskakyrkan.se\/vandravagen\/files\/2015\/11\/17-COMELIUS-JOSEPH-RECOGNISED-BY-HIS-BROTHERS.jpg","articleSection":["Bibeln","Dagens Kyrka","kyrko\u00e5ret"],"inLanguage":"sv-SE","potentialAction":[{"@type":"CommentAction","name":"Comment","target":["https:\/\/blogg.svenskakyrkan.se\/vandravagen\/2015\/11\/14\/nar-josef-inte-stallde-till-blodbad\/#respond"]}]},{"@type":"WebPage","@id":"https:\/\/blogg.svenskakyrkan.se\/vandravagen\/2015\/11\/14\/nar-josef-inte-stallde-till-blodbad\/","url":"https:\/\/blogg.svenskakyrkan.se\/vandravagen\/2015\/11\/14\/nar-josef-inte-stallde-till-blodbad\/","name":"N\u00e4r Josef inte st\u00e4llde till blodbad - Vandra V\u00e4gen","isPartOf":{"@id":"https:\/\/blogg.svenskakyrkan.se\/vandravagen\/#website"},"primaryImageOfPage":{"@id":"https:\/\/blogg.svenskakyrkan.se\/vandravagen\/2015\/11\/14\/nar-josef-inte-stallde-till-blodbad\/#primaryimage"},"image":{"@id":"https:\/\/blogg.svenskakyrkan.se\/vandravagen\/2015\/11\/14\/nar-josef-inte-stallde-till-blodbad\/#primaryimage"},"thumbnailUrl":"http:\/\/blogg.svenskakyrkan.se\/vandravagen\/files\/2015\/11\/17-COMELIUS-JOSEPH-RECOGNISED-BY-HIS-BROTHERS.jpg","datePublished":"2015-11-14T06:00:19+00:00","breadcrumb":{"@id":"https:\/\/blogg.svenskakyrkan.se\/vandravagen\/2015\/11\/14\/nar-josef-inte-stallde-till-blodbad\/#breadcrumb"},"inLanguage":"sv-SE","potentialAction":[{"@type":"ReadAction","target":["https:\/\/blogg.svenskakyrkan.se\/vandravagen\/2015\/11\/14\/nar-josef-inte-stallde-till-blodbad\/"]}]},{"@type":"ImageObject","inLanguage":"sv-SE","@id":"https:\/\/blogg.svenskakyrkan.se\/vandravagen\/2015\/11\/14\/nar-josef-inte-stallde-till-blodbad\/#primaryimage","url":"http:\/\/blogg.svenskakyrkan.se\/vandravagen\/files\/2015\/11\/17-COMELIUS-JOSEPH-RECOGNISED-BY-HIS-BROTHERS.jpg","contentUrl":"http:\/\/blogg.svenskakyrkan.se\/vandravagen\/files\/2015\/11\/17-COMELIUS-JOSEPH-RECOGNISED-BY-HIS-BROTHERS.jpg"},{"@type":"BreadcrumbList","@id":"https:\/\/blogg.svenskakyrkan.se\/vandravagen\/2015\/11\/14\/nar-josef-inte-stallde-till-blodbad\/#breadcrumb","itemListElement":[{"@type":"ListItem","position":1,"name":"Hem","item":"https:\/\/blogg.svenskakyrkan.se\/vandravagen\/"},{"@type":"ListItem","position":2,"name":"N\u00e4r Josef inte st\u00e4llde till blodbad"}]},{"@type":"WebSite","@id":"https:\/\/blogg.svenskakyrkan.se\/vandravagen\/#website","url":"https:\/\/blogg.svenskakyrkan.se\/vandravagen\/","name":"Vandra V\u00e4gen","description":"-Mot en tro f\u00f6r hela livet","publisher":{"@id":"https:\/\/blogg.svenskakyrkan.se\/vandravagen\/#organization"},"potentialAction":[{"@type":"SearchAction","target":{"@type":"EntryPoint","urlTemplate":"https:\/\/blogg.svenskakyrkan.se\/vandravagen\/?s={search_term_string}"},"query-input":{"@type":"PropertyValueSpecification","valueRequired":true,"valueName":"search_term_string"}}],"inLanguage":"sv-SE"},{"@type":"Organization","@id":"https:\/\/blogg.svenskakyrkan.se\/vandravagen\/#organization","name":"ulricehamns pastorat","alternateName":"ulricehamns pastorat","url":"https:\/\/blogg.svenskakyrkan.se\/vandravagen\/","logo":{"@type":"ImageObject","inLanguage":"sv-SE","@id":"https:\/\/blogg.svenskakyrkan.se\/vandravagen\/#\/schema\/logo\/image\/","url":"https:\/\/blogg.svenskakyrkan.se\/vandravagen\/files\/2023\/05\/Ulr_logo_RGB.png","contentUrl":"https:\/\/blogg.svenskakyrkan.se\/vandravagen\/files\/2023\/05\/Ulr_logo_RGB.png","width":205,"height":77,"caption":"ulricehamns pastorat"},"image":{"@id":"https:\/\/blogg.svenskakyrkan.se\/vandravagen\/#\/schema\/logo\/image\/"},"sameAs":["http:\/\/facebook.com\/vandravagen","https:\/\/x.com\/fadertomas","http:\/\/www.facebook.com\/svenskakyrkaniulricehamn"]},{"@type":"Person","@id":"https:\/\/blogg.svenskakyrkan.se\/vandravagen\/#\/schema\/person\/25da02d4f76b137d04291711e2c9fc16","name":"Tomas Jarvid","image":{"@type":"ImageObject","inLanguage":"sv-SE","@id":"https:\/\/blogg.svenskakyrkan.se\/vandravagen\/#\/schema\/person\/image\/","url":"https:\/\/secure.gravatar.com\/avatar\/7fa71899795e8f540f615a1f5ab25255dc27aa40f05ee7ddd21aac521e01bf50?s=96&d=identicon&r=g","contentUrl":"https:\/\/secure.gravatar.com\/avatar\/7fa71899795e8f540f615a1f5ab25255dc27aa40f05ee7ddd21aac521e01bf50?s=96&d=identicon&r=g","caption":"Tomas Jarvid"},"description":"Jag bor i Ulricehamn i V\u00e4sterg\u00f6tland och \u00e4r f\u00f6rsamlingspr\u00e4st i Svenska Kyrkan f\u00f6r Dalstorps f\u00f6rsamling i Kinds pastorat. P\u00e5 den h\u00e4r bloggen skriver jag ner tankar om vandringen som kristen.","sameAs":["http:\/\/www.vandravagen.se"],"url":"https:\/\/blogg.svenskakyrkan.se\/vandravagen\/author\/vandravagen\/"}]}},"author_meta":{"ID":"392","user_nicename":"vandravagen","user_url":"http:\/\/www.vandravagen.se","user_registered":"2014-05-19 05:44:52","display_name":"Tomas Jarvid","first_name":"Tomas","last_name":"Jarvid","avatar":"https:\/\/secure.gravatar.com\/avatar\/7fa71899795e8f540f615a1f5ab25255dc27aa40f05ee7ddd21aac521e01bf50?s=96&d=identicon&r=g"},"featured_image":false,"bloginfo":{"name":"Vandra V\u00e4gen","url":"https:\/\/blogg.svenskakyrkan.se\/vandravagen"},"_links":{"self":[{"href":"https:\/\/blogg.svenskakyrkan.se\/vandravagen\/wp-json\/wp\/v2\/posts\/3905","targetHints":{"allow":["GET"]}}],"collection":[{"href":"https:\/\/blogg.svenskakyrkan.se\/vandravagen\/wp-json\/wp\/v2\/posts"}],"about":[{"href":"https:\/\/blogg.svenskakyrkan.se\/vandravagen\/wp-json\/wp\/v2\/types\/post"}],"author":[{"embeddable":true,"href":"https:\/\/blogg.svenskakyrkan.se\/vandravagen\/wp-json\/wp\/v2\/users\/392"}],"replies":[{"embeddable":true,"href":"https:\/\/blogg.svenskakyrkan.se\/vandravagen\/wp-json\/wp\/v2\/comments?post=3905"}],"version-history":[{"count":1,"href":"https:\/\/blogg.svenskakyrkan.se\/vandravagen\/wp-json\/wp\/v2\/posts\/3905\/revisions"}],"predecessor-version":[{"id":3908,"href":"https:\/\/blogg.svenskakyrkan.se\/vandravagen\/wp-json\/wp\/v2\/posts\/3905\/revisions\/3908"}],"wp:attachment":[{"href":"https:\/\/blogg.svenskakyrkan.se\/vandravagen\/wp-json\/wp\/v2\/media?parent=3905"}],"wp:term":[{"taxonomy":"category","embeddable":true,"href":"https:\/\/blogg.svenskakyrkan.se\/vandravagen\/wp-json\/wp\/v2\/categories?post=3905"},{"taxonomy":"post_tag","embeddable":true,"href":"https:\/\/blogg.svenskakyrkan.se\/vandravagen\/wp-json\/wp\/v2\/tags?post=3905"}],"curies":[{"name":"wp","href":"https:\/\/api.w.org\/{rel}","templated":true}]}}