{"id":391,"date":"2013-08-23T07:51:00","date_gmt":"2013-08-23T05:51:00","guid":{"rendered":"http:\/\/blogg.svenskakyrkan.se\/vandravagen\/2013\/08\/23\/evangeliet-enligt-bjornen-sover\/"},"modified":"2013-08-23T07:51:00","modified_gmt":"2013-08-23T05:51:00","slug":"evangeliet-enligt-bjornen-sover","status":"publish","type":"post","link":"https:\/\/blogg.svenskakyrkan.se\/vandravagen\/2013\/08\/23\/evangeliet-enligt-bjornen-sover\/","title":{"rendered":"Evangeliet enligt &quot;bj\u00f6rnen sover&quot;"},"content":{"rendered":"<table align=\"center\" cellpadding=\"0\" cellspacing=\"0\">\n<tbody>\n<tr>\n<td><a href=\"http:\/\/upload.wikimedia.org\/wikipedia\/commons\/3\/39\/Bor%C3%A5s_Djurpark_Bj%C3%B6rn.JPG\"><img loading=\"lazy\" decoding=\"async\" border=\"0\" height=\"265\" src=\"http:\/\/upload.wikimedia.org\/wikipedia\/commons\/3\/39\/Bor%C3%A5s_Djurpark_Bj%C3%B6rn.JPG\" width=\"400\"><\/a><\/td>\n<\/tr>\n<tr>\n<td>Vaken bj\u00f6rn fr\u00e5n wikipedia commons<\/td>\n<\/tr>\n<\/tbody>\n<\/table>\n<div><\/div>\n<div>Ok, &#8221;evangeliet enligt bj\u00f6rnen sover&#8221; \u00e4r v\u00e4l att ta, i i alla fall! S\u00e5 h\u00e4r \u00e4r texten till den gamla barns\u00e5ngen:<\/div>\n<blockquote>\n<p>&#8221;Bj\u00f6rnen sover, bj\u00f6rnen sover<br \/>i sitt lugna bo. Han \u00e4r inte farlig,<br \/>bara man \u00e4r varlig, men man kan dock,<br \/>men man kan dock honom aldrig tro.&#8221;<\/p>\n<\/blockquote>\n<p>L\u00e4gg d\u00e5 m\u00e4rke till sista raden:<\/p>\n<div>\n<blockquote>\n<p>&#8221;&#8230;men man kan dock <i>honom aldrig tro.<\/i>&#8221;<\/p>\n<\/blockquote>\n<p>Vad \u00e4r det f\u00f6r intressant med det? Jo, att det \u00e4r det mest klockrena exempel jag vet p\u00e5 att ordet &#8221;tro&#8221; anv\u00e4nds p\u00e5 det s\u00e4ttet vi i regel anv\u00e4nder det i kyrkan. Det handlar h\u00e4r inte bara om huruvida bj\u00f6rnen existerar (det f\u00e5r vi utg\u00e5 ifr\u00e5n) utan den avg\u00f6rande fr\u00e5gan \u00e4r om man kan lita p\u00e5 bj\u00f6rnen. Tro=tillit.\u00a0<\/p>\n<\/div>\n<div><\/div>\n<div>Till skillnad fr\u00e5n den luriga och of\u00f6ruts\u00e4gbara bj\u00f6rnen s\u00e5 s\u00e4ger den kristna tron att Gud \u00e4r god och enbart vill oss v\u00e4l och d\u00e4rf\u00f6r kan vi lita p\u00e5 honom med v\u00e5ra liv.<\/div>\n<div>Bra va?\u00a0<\/div>\n","protected":false},"excerpt":{"rendered":"<p>Vaken bj\u00f6rn fr\u00e5n wikipedia commons Ok, &#8221;evangeliet enligt bj\u00f6rnen sover&#8221; \u00e4r v\u00e4l att ta, i i alla fall! S\u00e5 h\u00e4r \u00e4r texten till den gamla barns\u00e5ngen: &#8221;Bj\u00f6rnen sover, bj\u00f6rnen soveri sitt lugna bo. Han \u00e4r inte farlig,bara man \u00e4r varlig, men man kan dock,men man kan dock honom aldrig tro.&#8221; L\u00e4gg d\u00e5 m\u00e4rke till sista [&hellip;]<\/p>\n","protected":false},"author":392,"featured_media":0,"comment_status":"open","ping_status":"open","sticky":false,"template":"","format":"standard","meta":{"_acf_changed":false,"footnotes":""},"categories":[117],"tags":[],"class_list":["post-391","post","type-post","status-publish","format-standard","hentry","category-teologi"],"acf":[],"yoast_head":"<!-- This site is optimized with the Yoast SEO plugin v27.1.1 - https:\/\/yoast.com\/product\/yoast-seo-wordpress\/ -->\n<title>Evangeliet enligt &quot;bj\u00f6rnen sover&quot; - Vandra V\u00e4gen<\/title>\n<meta name=\"robots\" content=\"index, follow, max-snippet:-1, max-image-preview:large, max-video-preview:-1\" \/>\n<link rel=\"canonical\" href=\"https:\/\/blogg.svenskakyrkan.se\/vandravagen\/2013\/08\/23\/evangeliet-enligt-bjornen-sover\/\" \/>\n<meta property=\"og:locale\" content=\"sv_SE\" \/>\n<meta property=\"og:type\" content=\"article\" \/>\n<meta property=\"og:title\" content=\"Evangeliet enligt &quot;bj\u00f6rnen sover&quot; - Vandra V\u00e4gen\" \/>\n<meta property=\"og:description\" content=\"Vaken bj\u00f6rn fr\u00e5n wikipedia commons Ok, &#8221;evangeliet enligt bj\u00f6rnen sover&#8221; \u00e4r v\u00e4l att ta, i i alla fall! S\u00e5 h\u00e4r \u00e4r texten till den gamla barns\u00e5ngen: &#8221;Bj\u00f6rnen sover, bj\u00f6rnen soveri sitt lugna bo. Han \u00e4r inte farlig,bara man \u00e4r varlig, men man kan dock,men man kan dock honom aldrig tro.&#8221; L\u00e4gg d\u00e5 m\u00e4rke till sista [&hellip;]\" \/>\n<meta property=\"og:url\" content=\"https:\/\/blogg.svenskakyrkan.se\/vandravagen\/2013\/08\/23\/evangeliet-enligt-bjornen-sover\/\" \/>\n<meta property=\"og:site_name\" content=\"Vandra V\u00e4gen\" \/>\n<meta property=\"article:publisher\" content=\"http:\/\/facebook.com\/vandravagen\" \/>\n<meta property=\"article:published_time\" content=\"2013-08-23T05:51:00+00:00\" \/>\n<meta property=\"og:image\" content=\"http:\/\/upload.wikimedia.org\/wikipedia\/commons\/3\/39\/Bor%C3%A5s_Djurpark_Bj%C3%B6rn.JPG\" \/>\n<meta name=\"author\" content=\"Tomas Jarvid\" \/>\n<meta name=\"twitter:card\" content=\"summary_large_image\" \/>\n<meta name=\"twitter:creator\" content=\"@fadertomas\" \/>\n<meta name=\"twitter:site\" content=\"@fadertomas\" \/>\n<meta name=\"twitter:label1\" content=\"Skriven av\" \/>\n\t<meta name=\"twitter:data1\" content=\"Tomas Jarvid\" \/>\n\t<meta name=\"twitter:label2\" content=\"Ber\u00e4knad l\u00e4stid\" \/>\n\t<meta name=\"twitter:data2\" content=\"1 minut\" \/>\n<script type=\"application\/ld+json\" class=\"yoast-schema-graph\">{\"@context\":\"https:\/\/schema.org\",\"@graph\":[{\"@type\":\"Article\",\"@id\":\"https:\/\/blogg.svenskakyrkan.se\/vandravagen\/2013\/08\/23\/evangeliet-enligt-bjornen-sover\/#article\",\"isPartOf\":{\"@id\":\"https:\/\/blogg.svenskakyrkan.se\/vandravagen\/2013\/08\/23\/evangeliet-enligt-bjornen-sover\/\"},\"author\":{\"name\":\"Tomas Jarvid\",\"@id\":\"https:\/\/blogg.svenskakyrkan.se\/vandravagen\/#\/schema\/person\/25da02d4f76b137d04291711e2c9fc16\"},\"headline\":\"Evangeliet enligt &quot;bj\u00f6rnen sover&quot;\",\"datePublished\":\"2013-08-23T05:51:00+00:00\",\"mainEntityOfPage\":{\"@id\":\"https:\/\/blogg.svenskakyrkan.se\/vandravagen\/2013\/08\/23\/evangeliet-enligt-bjornen-sover\/\"},\"wordCount\":195,\"commentCount\":2,\"publisher\":{\"@id\":\"https:\/\/blogg.svenskakyrkan.se\/vandravagen\/#organization\"},\"image\":{\"@id\":\"https:\/\/blogg.svenskakyrkan.se\/vandravagen\/2013\/08\/23\/evangeliet-enligt-bjornen-sover\/#primaryimage\"},\"thumbnailUrl\":\"http:\/\/upload.wikimedia.org\/wikipedia\/commons\/3\/39\/Bor%C3%A5s_Djurpark_Bj%C3%B6rn.JPG\",\"articleSection\":[\"Teologi\"],\"inLanguage\":\"sv-SE\",\"potentialAction\":[{\"@type\":\"CommentAction\",\"name\":\"Comment\",\"target\":[\"https:\/\/blogg.svenskakyrkan.se\/vandravagen\/2013\/08\/23\/evangeliet-enligt-bjornen-sover\/#respond\"]}]},{\"@type\":\"WebPage\",\"@id\":\"https:\/\/blogg.svenskakyrkan.se\/vandravagen\/2013\/08\/23\/evangeliet-enligt-bjornen-sover\/\",\"url\":\"https:\/\/blogg.svenskakyrkan.se\/vandravagen\/2013\/08\/23\/evangeliet-enligt-bjornen-sover\/\",\"name\":\"Evangeliet enligt &quot;bj\u00f6rnen sover&quot; - Vandra V\u00e4gen\",\"isPartOf\":{\"@id\":\"https:\/\/blogg.svenskakyrkan.se\/vandravagen\/#website\"},\"primaryImageOfPage\":{\"@id\":\"https:\/\/blogg.svenskakyrkan.se\/vandravagen\/2013\/08\/23\/evangeliet-enligt-bjornen-sover\/#primaryimage\"},\"image\":{\"@id\":\"https:\/\/blogg.svenskakyrkan.se\/vandravagen\/2013\/08\/23\/evangeliet-enligt-bjornen-sover\/#primaryimage\"},\"thumbnailUrl\":\"http:\/\/upload.wikimedia.org\/wikipedia\/commons\/3\/39\/Bor%C3%A5s_Djurpark_Bj%C3%B6rn.JPG\",\"datePublished\":\"2013-08-23T05:51:00+00:00\",\"breadcrumb\":{\"@id\":\"https:\/\/blogg.svenskakyrkan.se\/vandravagen\/2013\/08\/23\/evangeliet-enligt-bjornen-sover\/#breadcrumb\"},\"inLanguage\":\"sv-SE\",\"potentialAction\":[{\"@type\":\"ReadAction\",\"target\":[\"https:\/\/blogg.svenskakyrkan.se\/vandravagen\/2013\/08\/23\/evangeliet-enligt-bjornen-sover\/\"]}]},{\"@type\":\"ImageObject\",\"inLanguage\":\"sv-SE\",\"@id\":\"https:\/\/blogg.svenskakyrkan.se\/vandravagen\/2013\/08\/23\/evangeliet-enligt-bjornen-sover\/#primaryimage\",\"url\":\"http:\/\/upload.wikimedia.org\/wikipedia\/commons\/3\/39\/Bor%C3%A5s_Djurpark_Bj%C3%B6rn.JPG\",\"contentUrl\":\"http:\/\/upload.wikimedia.org\/wikipedia\/commons\/3\/39\/Bor%C3%A5s_Djurpark_Bj%C3%B6rn.JPG\"},{\"@type\":\"BreadcrumbList\",\"@id\":\"https:\/\/blogg.svenskakyrkan.se\/vandravagen\/2013\/08\/23\/evangeliet-enligt-bjornen-sover\/#breadcrumb\",\"itemListElement\":[{\"@type\":\"ListItem\",\"position\":1,\"name\":\"Hem\",\"item\":\"https:\/\/blogg.svenskakyrkan.se\/vandravagen\/\"},{\"@type\":\"ListItem\",\"position\":2,\"name\":\"Evangeliet enligt &quot;bj\u00f6rnen sover&quot;\"}]},{\"@type\":\"WebSite\",\"@id\":\"https:\/\/blogg.svenskakyrkan.se\/vandravagen\/#website\",\"url\":\"https:\/\/blogg.svenskakyrkan.se\/vandravagen\/\",\"name\":\"Vandra V\u00e4gen\",\"description\":\"-Mot en tro f\u00f6r hela livet\",\"publisher\":{\"@id\":\"https:\/\/blogg.svenskakyrkan.se\/vandravagen\/#organization\"},\"potentialAction\":[{\"@type\":\"SearchAction\",\"target\":{\"@type\":\"EntryPoint\",\"urlTemplate\":\"https:\/\/blogg.svenskakyrkan.se\/vandravagen\/?s={search_term_string}\"},\"query-input\":{\"@type\":\"PropertyValueSpecification\",\"valueRequired\":true,\"valueName\":\"search_term_string\"}}],\"inLanguage\":\"sv-SE\"},{\"@type\":\"Organization\",\"@id\":\"https:\/\/blogg.svenskakyrkan.se\/vandravagen\/#organization\",\"name\":\"ulricehamns pastorat\",\"alternateName\":\"ulricehamns pastorat\",\"url\":\"https:\/\/blogg.svenskakyrkan.se\/vandravagen\/\",\"logo\":{\"@type\":\"ImageObject\",\"inLanguage\":\"sv-SE\",\"@id\":\"https:\/\/blogg.svenskakyrkan.se\/vandravagen\/#\/schema\/logo\/image\/\",\"url\":\"https:\/\/blogg.svenskakyrkan.se\/vandravagen\/files\/2023\/05\/Ulr_logo_RGB.png\",\"contentUrl\":\"https:\/\/blogg.svenskakyrkan.se\/vandravagen\/files\/2023\/05\/Ulr_logo_RGB.png\",\"width\":205,\"height\":77,\"caption\":\"ulricehamns pastorat\"},\"image\":{\"@id\":\"https:\/\/blogg.svenskakyrkan.se\/vandravagen\/#\/schema\/logo\/image\/\"},\"sameAs\":[\"http:\/\/facebook.com\/vandravagen\",\"https:\/\/x.com\/fadertomas\",\"http:\/\/www.facebook.com\/svenskakyrkaniulricehamn\"]},{\"@type\":\"Person\",\"@id\":\"https:\/\/blogg.svenskakyrkan.se\/vandravagen\/#\/schema\/person\/25da02d4f76b137d04291711e2c9fc16\",\"name\":\"Tomas Jarvid\",\"image\":{\"@type\":\"ImageObject\",\"inLanguage\":\"sv-SE\",\"@id\":\"https:\/\/blogg.svenskakyrkan.se\/vandravagen\/#\/schema\/person\/image\/\",\"url\":\"https:\/\/secure.gravatar.com\/avatar\/7fa71899795e8f540f615a1f5ab25255dc27aa40f05ee7ddd21aac521e01bf50?s=96&d=identicon&r=g\",\"contentUrl\":\"https:\/\/secure.gravatar.com\/avatar\/7fa71899795e8f540f615a1f5ab25255dc27aa40f05ee7ddd21aac521e01bf50?s=96&d=identicon&r=g\",\"caption\":\"Tomas Jarvid\"},\"description\":\"Jag bor i Ulricehamn i V\u00e4sterg\u00f6tland och \u00e4r f\u00f6rsamlingspr\u00e4st i Svenska Kyrkan f\u00f6r Dalstorps f\u00f6rsamling i Kinds pastorat. P\u00e5 den h\u00e4r bloggen skriver jag ner tankar om vandringen som kristen.\",\"sameAs\":[\"http:\/\/www.vandravagen.se\"],\"url\":\"https:\/\/blogg.svenskakyrkan.se\/vandravagen\/author\/vandravagen\/\"}]}<\/script>\n<!-- \/ Yoast SEO plugin. -->","yoast_head_json":{"title":"Evangeliet enligt &quot;bj\u00f6rnen sover&quot; - Vandra V\u00e4gen","robots":{"index":"index","follow":"follow","max-snippet":"max-snippet:-1","max-image-preview":"max-image-preview:large","max-video-preview":"max-video-preview:-1"},"canonical":"https:\/\/blogg.svenskakyrkan.se\/vandravagen\/2013\/08\/23\/evangeliet-enligt-bjornen-sover\/","og_locale":"sv_SE","og_type":"article","og_title":"Evangeliet enligt &quot;bj\u00f6rnen sover&quot; - Vandra V\u00e4gen","og_description":"Vaken bj\u00f6rn fr\u00e5n wikipedia commons Ok, &#8221;evangeliet enligt bj\u00f6rnen sover&#8221; \u00e4r v\u00e4l att ta, i i alla fall! S\u00e5 h\u00e4r \u00e4r texten till den gamla barns\u00e5ngen: &#8221;Bj\u00f6rnen sover, bj\u00f6rnen soveri sitt lugna bo. Han \u00e4r inte farlig,bara man \u00e4r varlig, men man kan dock,men man kan dock honom aldrig tro.&#8221; L\u00e4gg d\u00e5 m\u00e4rke till sista [&hellip;]","og_url":"https:\/\/blogg.svenskakyrkan.se\/vandravagen\/2013\/08\/23\/evangeliet-enligt-bjornen-sover\/","og_site_name":"Vandra V\u00e4gen","article_publisher":"http:\/\/facebook.com\/vandravagen","article_published_time":"2013-08-23T05:51:00+00:00","og_image":[{"url":"http:\/\/upload.wikimedia.org\/wikipedia\/commons\/3\/39\/Bor%C3%A5s_Djurpark_Bj%C3%B6rn.JPG","type":"","width":"","height":""}],"author":"Tomas Jarvid","twitter_card":"summary_large_image","twitter_creator":"@fadertomas","twitter_site":"@fadertomas","twitter_misc":{"Skriven av":"Tomas Jarvid","Ber\u00e4knad l\u00e4stid":"1 minut"},"schema":{"@context":"https:\/\/schema.org","@graph":[{"@type":"Article","@id":"https:\/\/blogg.svenskakyrkan.se\/vandravagen\/2013\/08\/23\/evangeliet-enligt-bjornen-sover\/#article","isPartOf":{"@id":"https:\/\/blogg.svenskakyrkan.se\/vandravagen\/2013\/08\/23\/evangeliet-enligt-bjornen-sover\/"},"author":{"name":"Tomas Jarvid","@id":"https:\/\/blogg.svenskakyrkan.se\/vandravagen\/#\/schema\/person\/25da02d4f76b137d04291711e2c9fc16"},"headline":"Evangeliet enligt &quot;bj\u00f6rnen sover&quot;","datePublished":"2013-08-23T05:51:00+00:00","mainEntityOfPage":{"@id":"https:\/\/blogg.svenskakyrkan.se\/vandravagen\/2013\/08\/23\/evangeliet-enligt-bjornen-sover\/"},"wordCount":195,"commentCount":2,"publisher":{"@id":"https:\/\/blogg.svenskakyrkan.se\/vandravagen\/#organization"},"image":{"@id":"https:\/\/blogg.svenskakyrkan.se\/vandravagen\/2013\/08\/23\/evangeliet-enligt-bjornen-sover\/#primaryimage"},"thumbnailUrl":"http:\/\/upload.wikimedia.org\/wikipedia\/commons\/3\/39\/Bor%C3%A5s_Djurpark_Bj%C3%B6rn.JPG","articleSection":["Teologi"],"inLanguage":"sv-SE","potentialAction":[{"@type":"CommentAction","name":"Comment","target":["https:\/\/blogg.svenskakyrkan.se\/vandravagen\/2013\/08\/23\/evangeliet-enligt-bjornen-sover\/#respond"]}]},{"@type":"WebPage","@id":"https:\/\/blogg.svenskakyrkan.se\/vandravagen\/2013\/08\/23\/evangeliet-enligt-bjornen-sover\/","url":"https:\/\/blogg.svenskakyrkan.se\/vandravagen\/2013\/08\/23\/evangeliet-enligt-bjornen-sover\/","name":"Evangeliet enligt &quot;bj\u00f6rnen sover&quot; - Vandra V\u00e4gen","isPartOf":{"@id":"https:\/\/blogg.svenskakyrkan.se\/vandravagen\/#website"},"primaryImageOfPage":{"@id":"https:\/\/blogg.svenskakyrkan.se\/vandravagen\/2013\/08\/23\/evangeliet-enligt-bjornen-sover\/#primaryimage"},"image":{"@id":"https:\/\/blogg.svenskakyrkan.se\/vandravagen\/2013\/08\/23\/evangeliet-enligt-bjornen-sover\/#primaryimage"},"thumbnailUrl":"http:\/\/upload.wikimedia.org\/wikipedia\/commons\/3\/39\/Bor%C3%A5s_Djurpark_Bj%C3%B6rn.JPG","datePublished":"2013-08-23T05:51:00+00:00","breadcrumb":{"@id":"https:\/\/blogg.svenskakyrkan.se\/vandravagen\/2013\/08\/23\/evangeliet-enligt-bjornen-sover\/#breadcrumb"},"inLanguage":"sv-SE","potentialAction":[{"@type":"ReadAction","target":["https:\/\/blogg.svenskakyrkan.se\/vandravagen\/2013\/08\/23\/evangeliet-enligt-bjornen-sover\/"]}]},{"@type":"ImageObject","inLanguage":"sv-SE","@id":"https:\/\/blogg.svenskakyrkan.se\/vandravagen\/2013\/08\/23\/evangeliet-enligt-bjornen-sover\/#primaryimage","url":"http:\/\/upload.wikimedia.org\/wikipedia\/commons\/3\/39\/Bor%C3%A5s_Djurpark_Bj%C3%B6rn.JPG","contentUrl":"http:\/\/upload.wikimedia.org\/wikipedia\/commons\/3\/39\/Bor%C3%A5s_Djurpark_Bj%C3%B6rn.JPG"},{"@type":"BreadcrumbList","@id":"https:\/\/blogg.svenskakyrkan.se\/vandravagen\/2013\/08\/23\/evangeliet-enligt-bjornen-sover\/#breadcrumb","itemListElement":[{"@type":"ListItem","position":1,"name":"Hem","item":"https:\/\/blogg.svenskakyrkan.se\/vandravagen\/"},{"@type":"ListItem","position":2,"name":"Evangeliet enligt &quot;bj\u00f6rnen sover&quot;"}]},{"@type":"WebSite","@id":"https:\/\/blogg.svenskakyrkan.se\/vandravagen\/#website","url":"https:\/\/blogg.svenskakyrkan.se\/vandravagen\/","name":"Vandra V\u00e4gen","description":"-Mot en tro f\u00f6r hela livet","publisher":{"@id":"https:\/\/blogg.svenskakyrkan.se\/vandravagen\/#organization"},"potentialAction":[{"@type":"SearchAction","target":{"@type":"EntryPoint","urlTemplate":"https:\/\/blogg.svenskakyrkan.se\/vandravagen\/?s={search_term_string}"},"query-input":{"@type":"PropertyValueSpecification","valueRequired":true,"valueName":"search_term_string"}}],"inLanguage":"sv-SE"},{"@type":"Organization","@id":"https:\/\/blogg.svenskakyrkan.se\/vandravagen\/#organization","name":"ulricehamns pastorat","alternateName":"ulricehamns pastorat","url":"https:\/\/blogg.svenskakyrkan.se\/vandravagen\/","logo":{"@type":"ImageObject","inLanguage":"sv-SE","@id":"https:\/\/blogg.svenskakyrkan.se\/vandravagen\/#\/schema\/logo\/image\/","url":"https:\/\/blogg.svenskakyrkan.se\/vandravagen\/files\/2023\/05\/Ulr_logo_RGB.png","contentUrl":"https:\/\/blogg.svenskakyrkan.se\/vandravagen\/files\/2023\/05\/Ulr_logo_RGB.png","width":205,"height":77,"caption":"ulricehamns pastorat"},"image":{"@id":"https:\/\/blogg.svenskakyrkan.se\/vandravagen\/#\/schema\/logo\/image\/"},"sameAs":["http:\/\/facebook.com\/vandravagen","https:\/\/x.com\/fadertomas","http:\/\/www.facebook.com\/svenskakyrkaniulricehamn"]},{"@type":"Person","@id":"https:\/\/blogg.svenskakyrkan.se\/vandravagen\/#\/schema\/person\/25da02d4f76b137d04291711e2c9fc16","name":"Tomas Jarvid","image":{"@type":"ImageObject","inLanguage":"sv-SE","@id":"https:\/\/blogg.svenskakyrkan.se\/vandravagen\/#\/schema\/person\/image\/","url":"https:\/\/secure.gravatar.com\/avatar\/7fa71899795e8f540f615a1f5ab25255dc27aa40f05ee7ddd21aac521e01bf50?s=96&d=identicon&r=g","contentUrl":"https:\/\/secure.gravatar.com\/avatar\/7fa71899795e8f540f615a1f5ab25255dc27aa40f05ee7ddd21aac521e01bf50?s=96&d=identicon&r=g","caption":"Tomas Jarvid"},"description":"Jag bor i Ulricehamn i V\u00e4sterg\u00f6tland och \u00e4r f\u00f6rsamlingspr\u00e4st i Svenska Kyrkan f\u00f6r Dalstorps f\u00f6rsamling i Kinds pastorat. P\u00e5 den h\u00e4r bloggen skriver jag ner tankar om vandringen som kristen.","sameAs":["http:\/\/www.vandravagen.se"],"url":"https:\/\/blogg.svenskakyrkan.se\/vandravagen\/author\/vandravagen\/"}]}},"author_meta":{"ID":"392","user_nicename":"vandravagen","user_url":"http:\/\/www.vandravagen.se","user_registered":"2014-05-19 05:44:52","display_name":"Tomas Jarvid","first_name":"Tomas","last_name":"Jarvid","avatar":"https:\/\/secure.gravatar.com\/avatar\/7fa71899795e8f540f615a1f5ab25255dc27aa40f05ee7ddd21aac521e01bf50?s=96&d=identicon&r=g"},"featured_image":false,"bloginfo":{"name":"Vandra V\u00e4gen","url":"https:\/\/blogg.svenskakyrkan.se\/vandravagen"},"_links":{"self":[{"href":"https:\/\/blogg.svenskakyrkan.se\/vandravagen\/wp-json\/wp\/v2\/posts\/391","targetHints":{"allow":["GET"]}}],"collection":[{"href":"https:\/\/blogg.svenskakyrkan.se\/vandravagen\/wp-json\/wp\/v2\/posts"}],"about":[{"href":"https:\/\/blogg.svenskakyrkan.se\/vandravagen\/wp-json\/wp\/v2\/types\/post"}],"author":[{"embeddable":true,"href":"https:\/\/blogg.svenskakyrkan.se\/vandravagen\/wp-json\/wp\/v2\/users\/392"}],"replies":[{"embeddable":true,"href":"https:\/\/blogg.svenskakyrkan.se\/vandravagen\/wp-json\/wp\/v2\/comments?post=391"}],"version-history":[{"count":0,"href":"https:\/\/blogg.svenskakyrkan.se\/vandravagen\/wp-json\/wp\/v2\/posts\/391\/revisions"}],"wp:attachment":[{"href":"https:\/\/blogg.svenskakyrkan.se\/vandravagen\/wp-json\/wp\/v2\/media?parent=391"}],"wp:term":[{"taxonomy":"category","embeddable":true,"href":"https:\/\/blogg.svenskakyrkan.se\/vandravagen\/wp-json\/wp\/v2\/categories?post=391"},{"taxonomy":"post_tag","embeddable":true,"href":"https:\/\/blogg.svenskakyrkan.se\/vandravagen\/wp-json\/wp\/v2\/tags?post=391"}],"curies":[{"name":"wp","href":"https:\/\/api.w.org\/{rel}","templated":true}]}}