{"id":3917,"date":"2015-11-16T07:00:37","date_gmt":"2015-11-16T06:00:37","guid":{"rendered":"http:\/\/blogg.svenskakyrkan.se\/vandravagen\/?p=3917"},"modified":"2015-11-15T21:01:44","modified_gmt":"2015-11-15T20:01:44","slug":"tank-om-det-faktiskt-ar-sant","status":"publish","type":"post","link":"https:\/\/blogg.svenskakyrkan.se\/vandravagen\/2015\/11\/16\/tank-om-det-faktiskt-ar-sant\/","title":{"rendered":"T\u00e4nk om det faktiskt \u00e4r sant?"},"content":{"rendered":"<div id=\"attachment_3918\" style=\"width: 550px\" class=\"wp-caption aligncenter\"><a href=\"http:\/\/blogg.svenskakyrkan.se\/vandravagen\/files\/2015\/11\/IMG_6935.jpg\"><img loading=\"lazy\" decoding=\"async\" aria-describedby=\"caption-attachment-3918\" class=\"size-full wp-image-3918\" src=\"http:\/\/blogg.svenskakyrkan.se\/vandravagen\/files\/2015\/11\/IMG_6935.jpg\" alt=\"Berlin \u00e4r er\u00f6vrat, det \u00e4r en annan som best\u00e4mmer h\u00e4r nu. Lite som vid Herrens stora dag.\" width=\"540\" height=\"431\" srcset=\"https:\/\/blogg.svenskakyrkan.se\/vandravagen\/files\/2015\/11\/IMG_6935.jpg 540w, https:\/\/blogg.svenskakyrkan.se\/vandravagen\/files\/2015\/11\/IMG_6935-300x239.jpg 300w, https:\/\/blogg.svenskakyrkan.se\/vandravagen\/files\/2015\/11\/IMG_6935-376x300.jpg 376w\" sizes=\"auto, (max-width: 540px) 100vw, 540px\" \/><\/a><p id=\"caption-attachment-3918\" class=\"wp-caption-text\">Berlin \u00e4r er\u00f6vrat, det \u00e4r en annan som best\u00e4mmer h\u00e4r nu. Lite som vid Herrens stora dag.<\/p><\/div>\n<p>S\u00e5 h\u00e4r i kyrko\u00e5rets slut (och d\u00e4rf\u00f6r med tankarna en del p\u00e5 <em>tidens slut<\/em>) s\u00e5 t\u00e4nker jag p\u00e5 min vigningsbiskop Erik Aurelius. Jag har inte sammanhanget helt klart f\u00f6r mig men det l\u00e4r ha varit s\u00e5 h\u00e4r att han fick svara p\u00e5 fr\u00e5gor om det kristna hoppet om Jesu seger \u00f6ver d\u00f6den, till slut uttryckte utfr\u00e5garen att det h\u00e4r var fantastiskt fina saker att t\u00e4nka p\u00e5.<\/p>\n<p>&#8221;<strong>Ja<\/strong>&#8221;, sa biskop Erik, &#8221;<strong>och t\u00e4nk om det faktiskt \u00e4r sant!<\/strong>&#8221;<\/p>\n<p>Det d\u00e4r ska man inte ta som bevis p\u00e5 att alla pr\u00e4ster \u00e4r tvivlare och velpottor utan mer som en \u00e4rlig f\u00f6rundran. <strong>Om det den kristna tron talar om \u00e4r sant, d\u00e5 \u00e4ndrar det faktiskt p\u00e5 allt.<\/strong> D\u00e5 \u00e4r ingenting annat l\u00e4ngre lika skr\u00e4mmande och farligt. Vi \u00e4r i goda h\u00e4nder. Vi lever uppe i v\u00e5r vardag som att det \u00e4r helt andra saker som \u00e4r de mest verkliga h\u00e4r i livet men t\u00e4nk om det faktiskt inte \u00e4r s\u00e5?<\/p>\n<p>Vad t\u00e4nker du om det h\u00e4r? Skriv en kommentar!<\/p>\n<p>&nbsp;<\/p>\n","protected":false},"excerpt":{"rendered":"<p>S\u00e5 h\u00e4r i kyrko\u00e5rets slut (och d\u00e4rf\u00f6r med tankarna en del p\u00e5 tidens slut) s\u00e5 t\u00e4nker jag p\u00e5 min vigningsbiskop Erik Aurelius. Jag har inte sammanhanget helt klart f\u00f6r mig men det l\u00e4r ha varit s\u00e5 h\u00e4r att han fick svara p\u00e5 fr\u00e5gor om det kristna hoppet om Jesu seger \u00f6ver d\u00f6den, till slut uttryckte [&hellip;]<\/p>\n","protected":false},"author":392,"featured_media":0,"comment_status":"open","ping_status":"open","sticky":false,"template":"","format":"standard","meta":{"_acf_changed":false,"footnotes":""},"categories":[76189,8252],"tags":[],"class_list":["post-3917","post","type-post","status-publish","format-standard","hentry","category-dagens-kyrka","category-kyrkoaret"],"acf":[],"yoast_head":"<!-- This site is optimized with the Yoast SEO plugin v27.1.1 - https:\/\/yoast.com\/product\/yoast-seo-wordpress\/ -->\n<title>T\u00e4nk om det faktiskt \u00e4r sant? - Vandra V\u00e4gen<\/title>\n<meta name=\"robots\" content=\"index, follow, max-snippet:-1, max-image-preview:large, max-video-preview:-1\" \/>\n<link rel=\"canonical\" href=\"https:\/\/blogg.svenskakyrkan.se\/vandravagen\/2015\/11\/16\/tank-om-det-faktiskt-ar-sant\/\" \/>\n<meta property=\"og:locale\" content=\"sv_SE\" \/>\n<meta property=\"og:type\" content=\"article\" \/>\n<meta property=\"og:title\" content=\"T\u00e4nk om det faktiskt \u00e4r sant? - Vandra V\u00e4gen\" \/>\n<meta property=\"og:description\" content=\"S\u00e5 h\u00e4r i kyrko\u00e5rets slut (och d\u00e4rf\u00f6r med tankarna en del p\u00e5 tidens slut) s\u00e5 t\u00e4nker jag p\u00e5 min vigningsbiskop Erik Aurelius. Jag har inte sammanhanget helt klart f\u00f6r mig men det l\u00e4r ha varit s\u00e5 h\u00e4r att han fick svara p\u00e5 fr\u00e5gor om det kristna hoppet om Jesu seger \u00f6ver d\u00f6den, till slut uttryckte [&hellip;]\" \/>\n<meta property=\"og:url\" content=\"https:\/\/blogg.svenskakyrkan.se\/vandravagen\/2015\/11\/16\/tank-om-det-faktiskt-ar-sant\/\" \/>\n<meta property=\"og:site_name\" content=\"Vandra V\u00e4gen\" \/>\n<meta property=\"article:publisher\" content=\"http:\/\/facebook.com\/vandravagen\" \/>\n<meta property=\"article:published_time\" content=\"2015-11-16T06:00:37+00:00\" \/>\n<meta property=\"og:image\" content=\"http:\/\/blogg.svenskakyrkan.se\/vandravagen\/files\/2015\/11\/IMG_6935.jpg\" \/>\n<meta name=\"author\" content=\"Tomas Jarvid\" \/>\n<meta name=\"twitter:card\" content=\"summary_large_image\" \/>\n<meta name=\"twitter:creator\" content=\"@fadertomas\" \/>\n<meta name=\"twitter:site\" content=\"@fadertomas\" \/>\n<meta name=\"twitter:label1\" content=\"Skriven av\" \/>\n\t<meta name=\"twitter:data1\" content=\"Tomas Jarvid\" \/>\n\t<meta name=\"twitter:label2\" content=\"Ber\u00e4knad l\u00e4stid\" \/>\n\t<meta name=\"twitter:data2\" content=\"1 minut\" \/>\n<script type=\"application\/ld+json\" class=\"yoast-schema-graph\">{\"@context\":\"https:\/\/schema.org\",\"@graph\":[{\"@type\":\"Article\",\"@id\":\"https:\/\/blogg.svenskakyrkan.se\/vandravagen\/2015\/11\/16\/tank-om-det-faktiskt-ar-sant\/#article\",\"isPartOf\":{\"@id\":\"https:\/\/blogg.svenskakyrkan.se\/vandravagen\/2015\/11\/16\/tank-om-det-faktiskt-ar-sant\/\"},\"author\":{\"name\":\"Tomas Jarvid\",\"@id\":\"https:\/\/blogg.svenskakyrkan.se\/vandravagen\/#\/schema\/person\/25da02d4f76b137d04291711e2c9fc16\"},\"headline\":\"T\u00e4nk om det faktiskt \u00e4r sant?\",\"datePublished\":\"2015-11-16T06:00:37+00:00\",\"mainEntityOfPage\":{\"@id\":\"https:\/\/blogg.svenskakyrkan.se\/vandravagen\/2015\/11\/16\/tank-om-det-faktiskt-ar-sant\/\"},\"wordCount\":226,\"commentCount\":14,\"publisher\":{\"@id\":\"https:\/\/blogg.svenskakyrkan.se\/vandravagen\/#organization\"},\"image\":{\"@id\":\"https:\/\/blogg.svenskakyrkan.se\/vandravagen\/2015\/11\/16\/tank-om-det-faktiskt-ar-sant\/#primaryimage\"},\"thumbnailUrl\":\"http:\/\/blogg.svenskakyrkan.se\/vandravagen\/files\/2015\/11\/IMG_6935.jpg\",\"articleSection\":[\"Dagens Kyrka\",\"kyrko\u00e5ret\"],\"inLanguage\":\"sv-SE\",\"potentialAction\":[{\"@type\":\"CommentAction\",\"name\":\"Comment\",\"target\":[\"https:\/\/blogg.svenskakyrkan.se\/vandravagen\/2015\/11\/16\/tank-om-det-faktiskt-ar-sant\/#respond\"]}]},{\"@type\":\"WebPage\",\"@id\":\"https:\/\/blogg.svenskakyrkan.se\/vandravagen\/2015\/11\/16\/tank-om-det-faktiskt-ar-sant\/\",\"url\":\"https:\/\/blogg.svenskakyrkan.se\/vandravagen\/2015\/11\/16\/tank-om-det-faktiskt-ar-sant\/\",\"name\":\"T\u00e4nk om det faktiskt \u00e4r sant? - Vandra V\u00e4gen\",\"isPartOf\":{\"@id\":\"https:\/\/blogg.svenskakyrkan.se\/vandravagen\/#website\"},\"primaryImageOfPage\":{\"@id\":\"https:\/\/blogg.svenskakyrkan.se\/vandravagen\/2015\/11\/16\/tank-om-det-faktiskt-ar-sant\/#primaryimage\"},\"image\":{\"@id\":\"https:\/\/blogg.svenskakyrkan.se\/vandravagen\/2015\/11\/16\/tank-om-det-faktiskt-ar-sant\/#primaryimage\"},\"thumbnailUrl\":\"http:\/\/blogg.svenskakyrkan.se\/vandravagen\/files\/2015\/11\/IMG_6935.jpg\",\"datePublished\":\"2015-11-16T06:00:37+00:00\",\"breadcrumb\":{\"@id\":\"https:\/\/blogg.svenskakyrkan.se\/vandravagen\/2015\/11\/16\/tank-om-det-faktiskt-ar-sant\/#breadcrumb\"},\"inLanguage\":\"sv-SE\",\"potentialAction\":[{\"@type\":\"ReadAction\",\"target\":[\"https:\/\/blogg.svenskakyrkan.se\/vandravagen\/2015\/11\/16\/tank-om-det-faktiskt-ar-sant\/\"]}]},{\"@type\":\"ImageObject\",\"inLanguage\":\"sv-SE\",\"@id\":\"https:\/\/blogg.svenskakyrkan.se\/vandravagen\/2015\/11\/16\/tank-om-det-faktiskt-ar-sant\/#primaryimage\",\"url\":\"http:\/\/blogg.svenskakyrkan.se\/vandravagen\/files\/2015\/11\/IMG_6935.jpg\",\"contentUrl\":\"http:\/\/blogg.svenskakyrkan.se\/vandravagen\/files\/2015\/11\/IMG_6935.jpg\"},{\"@type\":\"BreadcrumbList\",\"@id\":\"https:\/\/blogg.svenskakyrkan.se\/vandravagen\/2015\/11\/16\/tank-om-det-faktiskt-ar-sant\/#breadcrumb\",\"itemListElement\":[{\"@type\":\"ListItem\",\"position\":1,\"name\":\"Hem\",\"item\":\"https:\/\/blogg.svenskakyrkan.se\/vandravagen\/\"},{\"@type\":\"ListItem\",\"position\":2,\"name\":\"T\u00e4nk om det faktiskt \u00e4r sant?\"}]},{\"@type\":\"WebSite\",\"@id\":\"https:\/\/blogg.svenskakyrkan.se\/vandravagen\/#website\",\"url\":\"https:\/\/blogg.svenskakyrkan.se\/vandravagen\/\",\"name\":\"Vandra V\u00e4gen\",\"description\":\"-Mot en tro f\u00f6r hela livet\",\"publisher\":{\"@id\":\"https:\/\/blogg.svenskakyrkan.se\/vandravagen\/#organization\"},\"potentialAction\":[{\"@type\":\"SearchAction\",\"target\":{\"@type\":\"EntryPoint\",\"urlTemplate\":\"https:\/\/blogg.svenskakyrkan.se\/vandravagen\/?s={search_term_string}\"},\"query-input\":{\"@type\":\"PropertyValueSpecification\",\"valueRequired\":true,\"valueName\":\"search_term_string\"}}],\"inLanguage\":\"sv-SE\"},{\"@type\":\"Organization\",\"@id\":\"https:\/\/blogg.svenskakyrkan.se\/vandravagen\/#organization\",\"name\":\"ulricehamns pastorat\",\"alternateName\":\"ulricehamns pastorat\",\"url\":\"https:\/\/blogg.svenskakyrkan.se\/vandravagen\/\",\"logo\":{\"@type\":\"ImageObject\",\"inLanguage\":\"sv-SE\",\"@id\":\"https:\/\/blogg.svenskakyrkan.se\/vandravagen\/#\/schema\/logo\/image\/\",\"url\":\"https:\/\/blogg.svenskakyrkan.se\/vandravagen\/files\/2023\/05\/Ulr_logo_RGB.png\",\"contentUrl\":\"https:\/\/blogg.svenskakyrkan.se\/vandravagen\/files\/2023\/05\/Ulr_logo_RGB.png\",\"width\":205,\"height\":77,\"caption\":\"ulricehamns pastorat\"},\"image\":{\"@id\":\"https:\/\/blogg.svenskakyrkan.se\/vandravagen\/#\/schema\/logo\/image\/\"},\"sameAs\":[\"http:\/\/facebook.com\/vandravagen\",\"https:\/\/x.com\/fadertomas\",\"http:\/\/www.facebook.com\/svenskakyrkaniulricehamn\"]},{\"@type\":\"Person\",\"@id\":\"https:\/\/blogg.svenskakyrkan.se\/vandravagen\/#\/schema\/person\/25da02d4f76b137d04291711e2c9fc16\",\"name\":\"Tomas Jarvid\",\"image\":{\"@type\":\"ImageObject\",\"inLanguage\":\"sv-SE\",\"@id\":\"https:\/\/blogg.svenskakyrkan.se\/vandravagen\/#\/schema\/person\/image\/\",\"url\":\"https:\/\/secure.gravatar.com\/avatar\/7fa71899795e8f540f615a1f5ab25255dc27aa40f05ee7ddd21aac521e01bf50?s=96&d=identicon&r=g\",\"contentUrl\":\"https:\/\/secure.gravatar.com\/avatar\/7fa71899795e8f540f615a1f5ab25255dc27aa40f05ee7ddd21aac521e01bf50?s=96&d=identicon&r=g\",\"caption\":\"Tomas Jarvid\"},\"description\":\"Jag bor i Ulricehamn i V\u00e4sterg\u00f6tland och \u00e4r f\u00f6rsamlingspr\u00e4st i Svenska Kyrkan f\u00f6r Dalstorps f\u00f6rsamling i Kinds pastorat. P\u00e5 den h\u00e4r bloggen skriver jag ner tankar om vandringen som kristen.\",\"sameAs\":[\"http:\/\/www.vandravagen.se\"],\"url\":\"https:\/\/blogg.svenskakyrkan.se\/vandravagen\/author\/vandravagen\/\"}]}<\/script>\n<!-- \/ Yoast SEO plugin. -->","yoast_head_json":{"title":"T\u00e4nk om det faktiskt \u00e4r sant? - Vandra V\u00e4gen","robots":{"index":"index","follow":"follow","max-snippet":"max-snippet:-1","max-image-preview":"max-image-preview:large","max-video-preview":"max-video-preview:-1"},"canonical":"https:\/\/blogg.svenskakyrkan.se\/vandravagen\/2015\/11\/16\/tank-om-det-faktiskt-ar-sant\/","og_locale":"sv_SE","og_type":"article","og_title":"T\u00e4nk om det faktiskt \u00e4r sant? - Vandra V\u00e4gen","og_description":"S\u00e5 h\u00e4r i kyrko\u00e5rets slut (och d\u00e4rf\u00f6r med tankarna en del p\u00e5 tidens slut) s\u00e5 t\u00e4nker jag p\u00e5 min vigningsbiskop Erik Aurelius. Jag har inte sammanhanget helt klart f\u00f6r mig men det l\u00e4r ha varit s\u00e5 h\u00e4r att han fick svara p\u00e5 fr\u00e5gor om det kristna hoppet om Jesu seger \u00f6ver d\u00f6den, till slut uttryckte [&hellip;]","og_url":"https:\/\/blogg.svenskakyrkan.se\/vandravagen\/2015\/11\/16\/tank-om-det-faktiskt-ar-sant\/","og_site_name":"Vandra V\u00e4gen","article_publisher":"http:\/\/facebook.com\/vandravagen","article_published_time":"2015-11-16T06:00:37+00:00","og_image":[{"url":"http:\/\/blogg.svenskakyrkan.se\/vandravagen\/files\/2015\/11\/IMG_6935.jpg","type":"","width":"","height":""}],"author":"Tomas Jarvid","twitter_card":"summary_large_image","twitter_creator":"@fadertomas","twitter_site":"@fadertomas","twitter_misc":{"Skriven av":"Tomas Jarvid","Ber\u00e4knad l\u00e4stid":"1 minut"},"schema":{"@context":"https:\/\/schema.org","@graph":[{"@type":"Article","@id":"https:\/\/blogg.svenskakyrkan.se\/vandravagen\/2015\/11\/16\/tank-om-det-faktiskt-ar-sant\/#article","isPartOf":{"@id":"https:\/\/blogg.svenskakyrkan.se\/vandravagen\/2015\/11\/16\/tank-om-det-faktiskt-ar-sant\/"},"author":{"name":"Tomas Jarvid","@id":"https:\/\/blogg.svenskakyrkan.se\/vandravagen\/#\/schema\/person\/25da02d4f76b137d04291711e2c9fc16"},"headline":"T\u00e4nk om det faktiskt \u00e4r sant?","datePublished":"2015-11-16T06:00:37+00:00","mainEntityOfPage":{"@id":"https:\/\/blogg.svenskakyrkan.se\/vandravagen\/2015\/11\/16\/tank-om-det-faktiskt-ar-sant\/"},"wordCount":226,"commentCount":14,"publisher":{"@id":"https:\/\/blogg.svenskakyrkan.se\/vandravagen\/#organization"},"image":{"@id":"https:\/\/blogg.svenskakyrkan.se\/vandravagen\/2015\/11\/16\/tank-om-det-faktiskt-ar-sant\/#primaryimage"},"thumbnailUrl":"http:\/\/blogg.svenskakyrkan.se\/vandravagen\/files\/2015\/11\/IMG_6935.jpg","articleSection":["Dagens Kyrka","kyrko\u00e5ret"],"inLanguage":"sv-SE","potentialAction":[{"@type":"CommentAction","name":"Comment","target":["https:\/\/blogg.svenskakyrkan.se\/vandravagen\/2015\/11\/16\/tank-om-det-faktiskt-ar-sant\/#respond"]}]},{"@type":"WebPage","@id":"https:\/\/blogg.svenskakyrkan.se\/vandravagen\/2015\/11\/16\/tank-om-det-faktiskt-ar-sant\/","url":"https:\/\/blogg.svenskakyrkan.se\/vandravagen\/2015\/11\/16\/tank-om-det-faktiskt-ar-sant\/","name":"T\u00e4nk om det faktiskt \u00e4r sant? - Vandra V\u00e4gen","isPartOf":{"@id":"https:\/\/blogg.svenskakyrkan.se\/vandravagen\/#website"},"primaryImageOfPage":{"@id":"https:\/\/blogg.svenskakyrkan.se\/vandravagen\/2015\/11\/16\/tank-om-det-faktiskt-ar-sant\/#primaryimage"},"image":{"@id":"https:\/\/blogg.svenskakyrkan.se\/vandravagen\/2015\/11\/16\/tank-om-det-faktiskt-ar-sant\/#primaryimage"},"thumbnailUrl":"http:\/\/blogg.svenskakyrkan.se\/vandravagen\/files\/2015\/11\/IMG_6935.jpg","datePublished":"2015-11-16T06:00:37+00:00","breadcrumb":{"@id":"https:\/\/blogg.svenskakyrkan.se\/vandravagen\/2015\/11\/16\/tank-om-det-faktiskt-ar-sant\/#breadcrumb"},"inLanguage":"sv-SE","potentialAction":[{"@type":"ReadAction","target":["https:\/\/blogg.svenskakyrkan.se\/vandravagen\/2015\/11\/16\/tank-om-det-faktiskt-ar-sant\/"]}]},{"@type":"ImageObject","inLanguage":"sv-SE","@id":"https:\/\/blogg.svenskakyrkan.se\/vandravagen\/2015\/11\/16\/tank-om-det-faktiskt-ar-sant\/#primaryimage","url":"http:\/\/blogg.svenskakyrkan.se\/vandravagen\/files\/2015\/11\/IMG_6935.jpg","contentUrl":"http:\/\/blogg.svenskakyrkan.se\/vandravagen\/files\/2015\/11\/IMG_6935.jpg"},{"@type":"BreadcrumbList","@id":"https:\/\/blogg.svenskakyrkan.se\/vandravagen\/2015\/11\/16\/tank-om-det-faktiskt-ar-sant\/#breadcrumb","itemListElement":[{"@type":"ListItem","position":1,"name":"Hem","item":"https:\/\/blogg.svenskakyrkan.se\/vandravagen\/"},{"@type":"ListItem","position":2,"name":"T\u00e4nk om det faktiskt \u00e4r sant?"}]},{"@type":"WebSite","@id":"https:\/\/blogg.svenskakyrkan.se\/vandravagen\/#website","url":"https:\/\/blogg.svenskakyrkan.se\/vandravagen\/","name":"Vandra V\u00e4gen","description":"-Mot en tro f\u00f6r hela livet","publisher":{"@id":"https:\/\/blogg.svenskakyrkan.se\/vandravagen\/#organization"},"potentialAction":[{"@type":"SearchAction","target":{"@type":"EntryPoint","urlTemplate":"https:\/\/blogg.svenskakyrkan.se\/vandravagen\/?s={search_term_string}"},"query-input":{"@type":"PropertyValueSpecification","valueRequired":true,"valueName":"search_term_string"}}],"inLanguage":"sv-SE"},{"@type":"Organization","@id":"https:\/\/blogg.svenskakyrkan.se\/vandravagen\/#organization","name":"ulricehamns pastorat","alternateName":"ulricehamns pastorat","url":"https:\/\/blogg.svenskakyrkan.se\/vandravagen\/","logo":{"@type":"ImageObject","inLanguage":"sv-SE","@id":"https:\/\/blogg.svenskakyrkan.se\/vandravagen\/#\/schema\/logo\/image\/","url":"https:\/\/blogg.svenskakyrkan.se\/vandravagen\/files\/2023\/05\/Ulr_logo_RGB.png","contentUrl":"https:\/\/blogg.svenskakyrkan.se\/vandravagen\/files\/2023\/05\/Ulr_logo_RGB.png","width":205,"height":77,"caption":"ulricehamns pastorat"},"image":{"@id":"https:\/\/blogg.svenskakyrkan.se\/vandravagen\/#\/schema\/logo\/image\/"},"sameAs":["http:\/\/facebook.com\/vandravagen","https:\/\/x.com\/fadertomas","http:\/\/www.facebook.com\/svenskakyrkaniulricehamn"]},{"@type":"Person","@id":"https:\/\/blogg.svenskakyrkan.se\/vandravagen\/#\/schema\/person\/25da02d4f76b137d04291711e2c9fc16","name":"Tomas Jarvid","image":{"@type":"ImageObject","inLanguage":"sv-SE","@id":"https:\/\/blogg.svenskakyrkan.se\/vandravagen\/#\/schema\/person\/image\/","url":"https:\/\/secure.gravatar.com\/avatar\/7fa71899795e8f540f615a1f5ab25255dc27aa40f05ee7ddd21aac521e01bf50?s=96&d=identicon&r=g","contentUrl":"https:\/\/secure.gravatar.com\/avatar\/7fa71899795e8f540f615a1f5ab25255dc27aa40f05ee7ddd21aac521e01bf50?s=96&d=identicon&r=g","caption":"Tomas Jarvid"},"description":"Jag bor i Ulricehamn i V\u00e4sterg\u00f6tland och \u00e4r f\u00f6rsamlingspr\u00e4st i Svenska Kyrkan f\u00f6r Dalstorps f\u00f6rsamling i Kinds pastorat. P\u00e5 den h\u00e4r bloggen skriver jag ner tankar om vandringen som kristen.","sameAs":["http:\/\/www.vandravagen.se"],"url":"https:\/\/blogg.svenskakyrkan.se\/vandravagen\/author\/vandravagen\/"}]}},"author_meta":{"ID":"392","user_nicename":"vandravagen","user_url":"http:\/\/www.vandravagen.se","user_registered":"2014-05-19 05:44:52","display_name":"Tomas Jarvid","first_name":"Tomas","last_name":"Jarvid","avatar":"https:\/\/secure.gravatar.com\/avatar\/7fa71899795e8f540f615a1f5ab25255dc27aa40f05ee7ddd21aac521e01bf50?s=96&d=identicon&r=g"},"featured_image":false,"bloginfo":{"name":"Vandra V\u00e4gen","url":"https:\/\/blogg.svenskakyrkan.se\/vandravagen"},"_links":{"self":[{"href":"https:\/\/blogg.svenskakyrkan.se\/vandravagen\/wp-json\/wp\/v2\/posts\/3917","targetHints":{"allow":["GET"]}}],"collection":[{"href":"https:\/\/blogg.svenskakyrkan.se\/vandravagen\/wp-json\/wp\/v2\/posts"}],"about":[{"href":"https:\/\/blogg.svenskakyrkan.se\/vandravagen\/wp-json\/wp\/v2\/types\/post"}],"author":[{"embeddable":true,"href":"https:\/\/blogg.svenskakyrkan.se\/vandravagen\/wp-json\/wp\/v2\/users\/392"}],"replies":[{"embeddable":true,"href":"https:\/\/blogg.svenskakyrkan.se\/vandravagen\/wp-json\/wp\/v2\/comments?post=3917"}],"version-history":[{"count":1,"href":"https:\/\/blogg.svenskakyrkan.se\/vandravagen\/wp-json\/wp\/v2\/posts\/3917\/revisions"}],"predecessor-version":[{"id":3919,"href":"https:\/\/blogg.svenskakyrkan.se\/vandravagen\/wp-json\/wp\/v2\/posts\/3917\/revisions\/3919"}],"wp:attachment":[{"href":"https:\/\/blogg.svenskakyrkan.se\/vandravagen\/wp-json\/wp\/v2\/media?parent=3917"}],"wp:term":[{"taxonomy":"category","embeddable":true,"href":"https:\/\/blogg.svenskakyrkan.se\/vandravagen\/wp-json\/wp\/v2\/categories?post=3917"},{"taxonomy":"post_tag","embeddable":true,"href":"https:\/\/blogg.svenskakyrkan.se\/vandravagen\/wp-json\/wp\/v2\/tags?post=3917"}],"curies":[{"name":"wp","href":"https:\/\/api.w.org\/{rel}","templated":true}]}}