{"id":3920,"date":"2015-11-17T07:00:01","date_gmt":"2015-11-17T06:00:01","guid":{"rendered":"http:\/\/blogg.svenskakyrkan.se\/vandravagen\/?p=3920"},"modified":"2015-11-16T21:48:10","modified_gmt":"2015-11-16T20:48:10","slug":"om-att-fa-fragor-som-paverkar-pa-djupet","status":"publish","type":"post","link":"https:\/\/blogg.svenskakyrkan.se\/vandravagen\/2015\/11\/17\/om-att-fa-fragor-som-paverkar-pa-djupet\/","title":{"rendered":"Om att f\u00e5 fr\u00e5gor som p\u00e5verkar p\u00e5 djupet"},"content":{"rendered":"<p>&nbsp;<\/p>\n<div id=\"attachment_3922\" style=\"width: 1033px\" class=\"wp-caption aligncenter\"><a href=\"http:\/\/blogg.svenskakyrkan.se\/vandravagen\/files\/2015\/11\/IMG_6919.jpg\"><img loading=\"lazy\" decoding=\"async\" aria-describedby=\"caption-attachment-3922\" class=\"size-full wp-image-3922\" src=\"http:\/\/blogg.svenskakyrkan.se\/vandravagen\/files\/2015\/11\/IMG_6919.jpg\" alt=\"Hajar du?\" width=\"1023\" height=\"1029\" srcset=\"https:\/\/blogg.svenskakyrkan.se\/vandravagen\/files\/2015\/11\/IMG_6919.jpg 1023w, https:\/\/blogg.svenskakyrkan.se\/vandravagen\/files\/2015\/11\/IMG_6919-150x150.jpg 150w, https:\/\/blogg.svenskakyrkan.se\/vandravagen\/files\/2015\/11\/IMG_6919-300x302.jpg 300w, https:\/\/blogg.svenskakyrkan.se\/vandravagen\/files\/2015\/11\/IMG_6919-298x300.jpg 298w\" sizes=\"auto, (max-width: 1023px) 100vw, 1023px\" \/><\/a><p id=\"caption-attachment-3922\" class=\"wp-caption-text\">Hajar du?<\/p><\/div>\n<p>Jag st\u00f6tte p\u00e5 den h\u00e4r textrutan p\u00e5 internet. Det \u00e4r fr\u00e5n medlemmar i den katolska jesuitordern och budskapet \u00e4r:<\/p>\n<blockquote>\n<p>Innan han kontaktar oss (om att g\u00e5 med) beh\u00f6ver den typiske unge mannen h\u00f6ra denna fr\u00e5ga tre g\u00e5nger: Har du n\u00e5gonsin funderat p\u00e5 att bli en jesuit? Var en av de tre, st\u00e4ll fr\u00e5gan!<\/p>\n<\/blockquote>\n<p>&nbsp;<\/p>\n<p><img loading=\"lazy\" decoding=\"async\" class=\"aligncenter size-full wp-image-3921\" src=\"http:\/\/blogg.svenskakyrkan.se\/vandravagen\/files\/2015\/11\/IMG_7115.jpg\" alt=\"IMG_7115\" width=\"640\" height=\"640\" srcset=\"https:\/\/blogg.svenskakyrkan.se\/vandravagen\/files\/2015\/11\/IMG_7115.jpg 640w, https:\/\/blogg.svenskakyrkan.se\/vandravagen\/files\/2015\/11\/IMG_7115-150x150.jpg 150w, https:\/\/blogg.svenskakyrkan.se\/vandravagen\/files\/2015\/11\/IMG_7115-300x300.jpg 300w\" sizes=\"auto, (max-width: 640px) 100vw, 640px\" \/><\/p>\n<p>Det \u00e4r v\u00e4ldigt konkret egentligen. Vare sig det g\u00e4ller att bli jesuit eller annat vi kan best\u00e4mma oss om i v\u00e5ra liv <strong>s\u00e5 m\u00e5ste alternativet \u00f6ver huvud taget finnas p\u00e5 v\u00e5r mentala karta<\/strong> om vi ska kunna ta ett s\u00e5dant steg. Vi beh\u00f6ver f\u00e5 fr\u00e5gan n\u00e5gra g\u00e5nger om det h\u00e4r \u00e4r n\u00e5got f\u00f6r oss.<\/p>\n<p>Jag funderar en del p\u00e5 den h\u00e4r bilden och funderar p\u00e5 om det finns liknande fr\u00e5gor som jag borde bli b\u00e4ttre p\u00e5 att st\u00e4lla. Det \u00e4r ocks\u00e5 en konst att fr\u00e5ga folk om s\u00e5dana saker s\u00e5 att det l\u00e5ter naturligt och som att man \u00e4r genuint intresserad av svaret helt oavsett. Man m\u00e5ste nog st\u00e4lla en fr\u00e5ga m\u00e5nga g\u00e5nger innan den ligger bra i munnen?<\/p>\n<p>Kanske &#8221;Vill du bli konfirmandledare?&#8221; &#8221;Vill du vara med i v\u00e5r grupp om att l\u00e4ra sig mer om den kristna tron?&#8221;, &#8221;Vill du bli d\u00f6pt?&#8221; och s\u00e5 vidare. Jag tror jag m\u00e5ste \u00f6va mig mycket i att fr\u00e5ga och se vad som h\u00e4nder. G\u00e4ller det dig ocks\u00e5?<\/p>\n<p>Har du exempel\u00a0p\u00e5 s\u00e5dant du hade \u00f6nskat att n\u00e5gon fr\u00e5gat dig om, eller s\u00e5nt du tror du borde fr\u00e5ga andra om mer? <strong>Skriv f\u00f6r allt i v\u00e4rlden en kommentar<\/strong> s\u00e5 \u00e4r jag idel \u00f6ra!<\/p>\n","protected":false},"excerpt":{"rendered":"<p>&nbsp; Jag st\u00f6tte p\u00e5 den h\u00e4r textrutan p\u00e5 internet. Det \u00e4r fr\u00e5n medlemmar i den katolska jesuitordern och budskapet \u00e4r: Innan han kontaktar oss (om att g\u00e5 med) beh\u00f6ver den typiske unge mannen h\u00f6ra denna fr\u00e5ga tre g\u00e5nger: Har du n\u00e5gonsin funderat p\u00e5 att bli en jesuit? Var en av de tre, st\u00e4ll fr\u00e5gan! &nbsp; [&hellip;]<\/p>\n","protected":false},"author":392,"featured_media":0,"comment_status":"open","ping_status":"open","sticky":false,"template":"","format":"standard","meta":{"_acf_changed":false,"footnotes":""},"categories":[76766,76189,77554],"tags":[],"class_list":["post-3920","post","type-post","status-publish","format-standard","hentry","category-blandat","category-dagens-kyrka","category-vara-manniska"],"acf":[],"yoast_head":"<!-- This site is optimized with the Yoast SEO plugin v27.1.1 - https:\/\/yoast.com\/product\/yoast-seo-wordpress\/ -->\n<title>Om att f\u00e5 fr\u00e5gor som p\u00e5verkar p\u00e5 djupet - Vandra V\u00e4gen<\/title>\n<meta name=\"robots\" content=\"index, follow, max-snippet:-1, max-image-preview:large, max-video-preview:-1\" \/>\n<link rel=\"canonical\" href=\"https:\/\/blogg.svenskakyrkan.se\/vandravagen\/2015\/11\/17\/om-att-fa-fragor-som-paverkar-pa-djupet\/\" \/>\n<meta property=\"og:locale\" content=\"sv_SE\" \/>\n<meta property=\"og:type\" content=\"article\" \/>\n<meta property=\"og:title\" content=\"Om att f\u00e5 fr\u00e5gor som p\u00e5verkar p\u00e5 djupet - Vandra V\u00e4gen\" \/>\n<meta property=\"og:description\" content=\"&nbsp; Jag st\u00f6tte p\u00e5 den h\u00e4r textrutan p\u00e5 internet. Det \u00e4r fr\u00e5n medlemmar i den katolska jesuitordern och budskapet \u00e4r: Innan han kontaktar oss (om att g\u00e5 med) beh\u00f6ver den typiske unge mannen h\u00f6ra denna fr\u00e5ga tre g\u00e5nger: Har du n\u00e5gonsin funderat p\u00e5 att bli en jesuit? Var en av de tre, st\u00e4ll fr\u00e5gan! &nbsp; [&hellip;]\" \/>\n<meta property=\"og:url\" content=\"https:\/\/blogg.svenskakyrkan.se\/vandravagen\/2015\/11\/17\/om-att-fa-fragor-som-paverkar-pa-djupet\/\" \/>\n<meta property=\"og:site_name\" content=\"Vandra V\u00e4gen\" \/>\n<meta property=\"article:publisher\" content=\"http:\/\/facebook.com\/vandravagen\" \/>\n<meta property=\"article:published_time\" content=\"2015-11-17T06:00:01+00:00\" \/>\n<meta property=\"og:image\" content=\"http:\/\/blogg.svenskakyrkan.se\/vandravagen\/files\/2015\/11\/IMG_6919.jpg\" \/>\n<meta name=\"author\" content=\"Tomas Jarvid\" \/>\n<meta name=\"twitter:card\" content=\"summary_large_image\" \/>\n<meta name=\"twitter:creator\" content=\"@fadertomas\" \/>\n<meta name=\"twitter:site\" content=\"@fadertomas\" \/>\n<meta name=\"twitter:label1\" content=\"Skriven av\" \/>\n\t<meta name=\"twitter:data1\" content=\"Tomas Jarvid\" \/>\n\t<meta name=\"twitter:label2\" content=\"Ber\u00e4knad l\u00e4stid\" \/>\n\t<meta name=\"twitter:data2\" content=\"2 minuter\" \/>\n<script type=\"application\/ld+json\" class=\"yoast-schema-graph\">{\"@context\":\"https:\/\/schema.org\",\"@graph\":[{\"@type\":\"Article\",\"@id\":\"https:\/\/blogg.svenskakyrkan.se\/vandravagen\/2015\/11\/17\/om-att-fa-fragor-som-paverkar-pa-djupet\/#article\",\"isPartOf\":{\"@id\":\"https:\/\/blogg.svenskakyrkan.se\/vandravagen\/2015\/11\/17\/om-att-fa-fragor-som-paverkar-pa-djupet\/\"},\"author\":{\"name\":\"Tomas Jarvid\",\"@id\":\"https:\/\/blogg.svenskakyrkan.se\/vandravagen\/#\/schema\/person\/25da02d4f76b137d04291711e2c9fc16\"},\"headline\":\"Om att f\u00e5 fr\u00e5gor som p\u00e5verkar p\u00e5 djupet\",\"datePublished\":\"2015-11-17T06:00:01+00:00\",\"mainEntityOfPage\":{\"@id\":\"https:\/\/blogg.svenskakyrkan.se\/vandravagen\/2015\/11\/17\/om-att-fa-fragor-som-paverkar-pa-djupet\/\"},\"wordCount\":325,\"commentCount\":0,\"publisher\":{\"@id\":\"https:\/\/blogg.svenskakyrkan.se\/vandravagen\/#organization\"},\"image\":{\"@id\":\"https:\/\/blogg.svenskakyrkan.se\/vandravagen\/2015\/11\/17\/om-att-fa-fragor-som-paverkar-pa-djupet\/#primaryimage\"},\"thumbnailUrl\":\"http:\/\/blogg.svenskakyrkan.se\/vandravagen\/files\/2015\/11\/IMG_6919.jpg\",\"articleSection\":[\"blandat\",\"Dagens Kyrka\",\"vara m\u00e4nniska\"],\"inLanguage\":\"sv-SE\",\"potentialAction\":[{\"@type\":\"CommentAction\",\"name\":\"Comment\",\"target\":[\"https:\/\/blogg.svenskakyrkan.se\/vandravagen\/2015\/11\/17\/om-att-fa-fragor-som-paverkar-pa-djupet\/#respond\"]}]},{\"@type\":\"WebPage\",\"@id\":\"https:\/\/blogg.svenskakyrkan.se\/vandravagen\/2015\/11\/17\/om-att-fa-fragor-som-paverkar-pa-djupet\/\",\"url\":\"https:\/\/blogg.svenskakyrkan.se\/vandravagen\/2015\/11\/17\/om-att-fa-fragor-som-paverkar-pa-djupet\/\",\"name\":\"Om att f\u00e5 fr\u00e5gor som p\u00e5verkar p\u00e5 djupet - Vandra V\u00e4gen\",\"isPartOf\":{\"@id\":\"https:\/\/blogg.svenskakyrkan.se\/vandravagen\/#website\"},\"primaryImageOfPage\":{\"@id\":\"https:\/\/blogg.svenskakyrkan.se\/vandravagen\/2015\/11\/17\/om-att-fa-fragor-som-paverkar-pa-djupet\/#primaryimage\"},\"image\":{\"@id\":\"https:\/\/blogg.svenskakyrkan.se\/vandravagen\/2015\/11\/17\/om-att-fa-fragor-som-paverkar-pa-djupet\/#primaryimage\"},\"thumbnailUrl\":\"http:\/\/blogg.svenskakyrkan.se\/vandravagen\/files\/2015\/11\/IMG_6919.jpg\",\"datePublished\":\"2015-11-17T06:00:01+00:00\",\"breadcrumb\":{\"@id\":\"https:\/\/blogg.svenskakyrkan.se\/vandravagen\/2015\/11\/17\/om-att-fa-fragor-som-paverkar-pa-djupet\/#breadcrumb\"},\"inLanguage\":\"sv-SE\",\"potentialAction\":[{\"@type\":\"ReadAction\",\"target\":[\"https:\/\/blogg.svenskakyrkan.se\/vandravagen\/2015\/11\/17\/om-att-fa-fragor-som-paverkar-pa-djupet\/\"]}]},{\"@type\":\"ImageObject\",\"inLanguage\":\"sv-SE\",\"@id\":\"https:\/\/blogg.svenskakyrkan.se\/vandravagen\/2015\/11\/17\/om-att-fa-fragor-som-paverkar-pa-djupet\/#primaryimage\",\"url\":\"http:\/\/blogg.svenskakyrkan.se\/vandravagen\/files\/2015\/11\/IMG_6919.jpg\",\"contentUrl\":\"http:\/\/blogg.svenskakyrkan.se\/vandravagen\/files\/2015\/11\/IMG_6919.jpg\"},{\"@type\":\"BreadcrumbList\",\"@id\":\"https:\/\/blogg.svenskakyrkan.se\/vandravagen\/2015\/11\/17\/om-att-fa-fragor-som-paverkar-pa-djupet\/#breadcrumb\",\"itemListElement\":[{\"@type\":\"ListItem\",\"position\":1,\"name\":\"Hem\",\"item\":\"https:\/\/blogg.svenskakyrkan.se\/vandravagen\/\"},{\"@type\":\"ListItem\",\"position\":2,\"name\":\"Om att f\u00e5 fr\u00e5gor som p\u00e5verkar p\u00e5 djupet\"}]},{\"@type\":\"WebSite\",\"@id\":\"https:\/\/blogg.svenskakyrkan.se\/vandravagen\/#website\",\"url\":\"https:\/\/blogg.svenskakyrkan.se\/vandravagen\/\",\"name\":\"Vandra V\u00e4gen\",\"description\":\"-Mot en tro f\u00f6r hela livet\",\"publisher\":{\"@id\":\"https:\/\/blogg.svenskakyrkan.se\/vandravagen\/#organization\"},\"potentialAction\":[{\"@type\":\"SearchAction\",\"target\":{\"@type\":\"EntryPoint\",\"urlTemplate\":\"https:\/\/blogg.svenskakyrkan.se\/vandravagen\/?s={search_term_string}\"},\"query-input\":{\"@type\":\"PropertyValueSpecification\",\"valueRequired\":true,\"valueName\":\"search_term_string\"}}],\"inLanguage\":\"sv-SE\"},{\"@type\":\"Organization\",\"@id\":\"https:\/\/blogg.svenskakyrkan.se\/vandravagen\/#organization\",\"name\":\"ulricehamns pastorat\",\"alternateName\":\"ulricehamns pastorat\",\"url\":\"https:\/\/blogg.svenskakyrkan.se\/vandravagen\/\",\"logo\":{\"@type\":\"ImageObject\",\"inLanguage\":\"sv-SE\",\"@id\":\"https:\/\/blogg.svenskakyrkan.se\/vandravagen\/#\/schema\/logo\/image\/\",\"url\":\"https:\/\/blogg.svenskakyrkan.se\/vandravagen\/files\/2023\/05\/Ulr_logo_RGB.png\",\"contentUrl\":\"https:\/\/blogg.svenskakyrkan.se\/vandravagen\/files\/2023\/05\/Ulr_logo_RGB.png\",\"width\":205,\"height\":77,\"caption\":\"ulricehamns pastorat\"},\"image\":{\"@id\":\"https:\/\/blogg.svenskakyrkan.se\/vandravagen\/#\/schema\/logo\/image\/\"},\"sameAs\":[\"http:\/\/facebook.com\/vandravagen\",\"https:\/\/x.com\/fadertomas\",\"http:\/\/www.facebook.com\/svenskakyrkaniulricehamn\"]},{\"@type\":\"Person\",\"@id\":\"https:\/\/blogg.svenskakyrkan.se\/vandravagen\/#\/schema\/person\/25da02d4f76b137d04291711e2c9fc16\",\"name\":\"Tomas Jarvid\",\"image\":{\"@type\":\"ImageObject\",\"inLanguage\":\"sv-SE\",\"@id\":\"https:\/\/blogg.svenskakyrkan.se\/vandravagen\/#\/schema\/person\/image\/\",\"url\":\"https:\/\/secure.gravatar.com\/avatar\/7fa71899795e8f540f615a1f5ab25255dc27aa40f05ee7ddd21aac521e01bf50?s=96&d=identicon&r=g\",\"contentUrl\":\"https:\/\/secure.gravatar.com\/avatar\/7fa71899795e8f540f615a1f5ab25255dc27aa40f05ee7ddd21aac521e01bf50?s=96&d=identicon&r=g\",\"caption\":\"Tomas Jarvid\"},\"description\":\"Jag bor i Ulricehamn i V\u00e4sterg\u00f6tland och \u00e4r f\u00f6rsamlingspr\u00e4st i Svenska Kyrkan f\u00f6r Dalstorps f\u00f6rsamling i Kinds pastorat. P\u00e5 den h\u00e4r bloggen skriver jag ner tankar om vandringen som kristen.\",\"sameAs\":[\"http:\/\/www.vandravagen.se\"],\"url\":\"https:\/\/blogg.svenskakyrkan.se\/vandravagen\/author\/vandravagen\/\"}]}<\/script>\n<!-- \/ Yoast SEO plugin. -->","yoast_head_json":{"title":"Om att f\u00e5 fr\u00e5gor som p\u00e5verkar p\u00e5 djupet - Vandra V\u00e4gen","robots":{"index":"index","follow":"follow","max-snippet":"max-snippet:-1","max-image-preview":"max-image-preview:large","max-video-preview":"max-video-preview:-1"},"canonical":"https:\/\/blogg.svenskakyrkan.se\/vandravagen\/2015\/11\/17\/om-att-fa-fragor-som-paverkar-pa-djupet\/","og_locale":"sv_SE","og_type":"article","og_title":"Om att f\u00e5 fr\u00e5gor som p\u00e5verkar p\u00e5 djupet - Vandra V\u00e4gen","og_description":"&nbsp; Jag st\u00f6tte p\u00e5 den h\u00e4r textrutan p\u00e5 internet. Det \u00e4r fr\u00e5n medlemmar i den katolska jesuitordern och budskapet \u00e4r: Innan han kontaktar oss (om att g\u00e5 med) beh\u00f6ver den typiske unge mannen h\u00f6ra denna fr\u00e5ga tre g\u00e5nger: Har du n\u00e5gonsin funderat p\u00e5 att bli en jesuit? Var en av de tre, st\u00e4ll fr\u00e5gan! &nbsp; [&hellip;]","og_url":"https:\/\/blogg.svenskakyrkan.se\/vandravagen\/2015\/11\/17\/om-att-fa-fragor-som-paverkar-pa-djupet\/","og_site_name":"Vandra V\u00e4gen","article_publisher":"http:\/\/facebook.com\/vandravagen","article_published_time":"2015-11-17T06:00:01+00:00","og_image":[{"url":"http:\/\/blogg.svenskakyrkan.se\/vandravagen\/files\/2015\/11\/IMG_6919.jpg","type":"","width":"","height":""}],"author":"Tomas Jarvid","twitter_card":"summary_large_image","twitter_creator":"@fadertomas","twitter_site":"@fadertomas","twitter_misc":{"Skriven av":"Tomas Jarvid","Ber\u00e4knad l\u00e4stid":"2 minuter"},"schema":{"@context":"https:\/\/schema.org","@graph":[{"@type":"Article","@id":"https:\/\/blogg.svenskakyrkan.se\/vandravagen\/2015\/11\/17\/om-att-fa-fragor-som-paverkar-pa-djupet\/#article","isPartOf":{"@id":"https:\/\/blogg.svenskakyrkan.se\/vandravagen\/2015\/11\/17\/om-att-fa-fragor-som-paverkar-pa-djupet\/"},"author":{"name":"Tomas Jarvid","@id":"https:\/\/blogg.svenskakyrkan.se\/vandravagen\/#\/schema\/person\/25da02d4f76b137d04291711e2c9fc16"},"headline":"Om att f\u00e5 fr\u00e5gor som p\u00e5verkar p\u00e5 djupet","datePublished":"2015-11-17T06:00:01+00:00","mainEntityOfPage":{"@id":"https:\/\/blogg.svenskakyrkan.se\/vandravagen\/2015\/11\/17\/om-att-fa-fragor-som-paverkar-pa-djupet\/"},"wordCount":325,"commentCount":0,"publisher":{"@id":"https:\/\/blogg.svenskakyrkan.se\/vandravagen\/#organization"},"image":{"@id":"https:\/\/blogg.svenskakyrkan.se\/vandravagen\/2015\/11\/17\/om-att-fa-fragor-som-paverkar-pa-djupet\/#primaryimage"},"thumbnailUrl":"http:\/\/blogg.svenskakyrkan.se\/vandravagen\/files\/2015\/11\/IMG_6919.jpg","articleSection":["blandat","Dagens Kyrka","vara m\u00e4nniska"],"inLanguage":"sv-SE","potentialAction":[{"@type":"CommentAction","name":"Comment","target":["https:\/\/blogg.svenskakyrkan.se\/vandravagen\/2015\/11\/17\/om-att-fa-fragor-som-paverkar-pa-djupet\/#respond"]}]},{"@type":"WebPage","@id":"https:\/\/blogg.svenskakyrkan.se\/vandravagen\/2015\/11\/17\/om-att-fa-fragor-som-paverkar-pa-djupet\/","url":"https:\/\/blogg.svenskakyrkan.se\/vandravagen\/2015\/11\/17\/om-att-fa-fragor-som-paverkar-pa-djupet\/","name":"Om att f\u00e5 fr\u00e5gor som p\u00e5verkar p\u00e5 djupet - Vandra V\u00e4gen","isPartOf":{"@id":"https:\/\/blogg.svenskakyrkan.se\/vandravagen\/#website"},"primaryImageOfPage":{"@id":"https:\/\/blogg.svenskakyrkan.se\/vandravagen\/2015\/11\/17\/om-att-fa-fragor-som-paverkar-pa-djupet\/#primaryimage"},"image":{"@id":"https:\/\/blogg.svenskakyrkan.se\/vandravagen\/2015\/11\/17\/om-att-fa-fragor-som-paverkar-pa-djupet\/#primaryimage"},"thumbnailUrl":"http:\/\/blogg.svenskakyrkan.se\/vandravagen\/files\/2015\/11\/IMG_6919.jpg","datePublished":"2015-11-17T06:00:01+00:00","breadcrumb":{"@id":"https:\/\/blogg.svenskakyrkan.se\/vandravagen\/2015\/11\/17\/om-att-fa-fragor-som-paverkar-pa-djupet\/#breadcrumb"},"inLanguage":"sv-SE","potentialAction":[{"@type":"ReadAction","target":["https:\/\/blogg.svenskakyrkan.se\/vandravagen\/2015\/11\/17\/om-att-fa-fragor-som-paverkar-pa-djupet\/"]}]},{"@type":"ImageObject","inLanguage":"sv-SE","@id":"https:\/\/blogg.svenskakyrkan.se\/vandravagen\/2015\/11\/17\/om-att-fa-fragor-som-paverkar-pa-djupet\/#primaryimage","url":"http:\/\/blogg.svenskakyrkan.se\/vandravagen\/files\/2015\/11\/IMG_6919.jpg","contentUrl":"http:\/\/blogg.svenskakyrkan.se\/vandravagen\/files\/2015\/11\/IMG_6919.jpg"},{"@type":"BreadcrumbList","@id":"https:\/\/blogg.svenskakyrkan.se\/vandravagen\/2015\/11\/17\/om-att-fa-fragor-som-paverkar-pa-djupet\/#breadcrumb","itemListElement":[{"@type":"ListItem","position":1,"name":"Hem","item":"https:\/\/blogg.svenskakyrkan.se\/vandravagen\/"},{"@type":"ListItem","position":2,"name":"Om att f\u00e5 fr\u00e5gor som p\u00e5verkar p\u00e5 djupet"}]},{"@type":"WebSite","@id":"https:\/\/blogg.svenskakyrkan.se\/vandravagen\/#website","url":"https:\/\/blogg.svenskakyrkan.se\/vandravagen\/","name":"Vandra V\u00e4gen","description":"-Mot en tro f\u00f6r hela livet","publisher":{"@id":"https:\/\/blogg.svenskakyrkan.se\/vandravagen\/#organization"},"potentialAction":[{"@type":"SearchAction","target":{"@type":"EntryPoint","urlTemplate":"https:\/\/blogg.svenskakyrkan.se\/vandravagen\/?s={search_term_string}"},"query-input":{"@type":"PropertyValueSpecification","valueRequired":true,"valueName":"search_term_string"}}],"inLanguage":"sv-SE"},{"@type":"Organization","@id":"https:\/\/blogg.svenskakyrkan.se\/vandravagen\/#organization","name":"ulricehamns pastorat","alternateName":"ulricehamns pastorat","url":"https:\/\/blogg.svenskakyrkan.se\/vandravagen\/","logo":{"@type":"ImageObject","inLanguage":"sv-SE","@id":"https:\/\/blogg.svenskakyrkan.se\/vandravagen\/#\/schema\/logo\/image\/","url":"https:\/\/blogg.svenskakyrkan.se\/vandravagen\/files\/2023\/05\/Ulr_logo_RGB.png","contentUrl":"https:\/\/blogg.svenskakyrkan.se\/vandravagen\/files\/2023\/05\/Ulr_logo_RGB.png","width":205,"height":77,"caption":"ulricehamns pastorat"},"image":{"@id":"https:\/\/blogg.svenskakyrkan.se\/vandravagen\/#\/schema\/logo\/image\/"},"sameAs":["http:\/\/facebook.com\/vandravagen","https:\/\/x.com\/fadertomas","http:\/\/www.facebook.com\/svenskakyrkaniulricehamn"]},{"@type":"Person","@id":"https:\/\/blogg.svenskakyrkan.se\/vandravagen\/#\/schema\/person\/25da02d4f76b137d04291711e2c9fc16","name":"Tomas Jarvid","image":{"@type":"ImageObject","inLanguage":"sv-SE","@id":"https:\/\/blogg.svenskakyrkan.se\/vandravagen\/#\/schema\/person\/image\/","url":"https:\/\/secure.gravatar.com\/avatar\/7fa71899795e8f540f615a1f5ab25255dc27aa40f05ee7ddd21aac521e01bf50?s=96&d=identicon&r=g","contentUrl":"https:\/\/secure.gravatar.com\/avatar\/7fa71899795e8f540f615a1f5ab25255dc27aa40f05ee7ddd21aac521e01bf50?s=96&d=identicon&r=g","caption":"Tomas Jarvid"},"description":"Jag bor i Ulricehamn i V\u00e4sterg\u00f6tland och \u00e4r f\u00f6rsamlingspr\u00e4st i Svenska Kyrkan f\u00f6r Dalstorps f\u00f6rsamling i Kinds pastorat. P\u00e5 den h\u00e4r bloggen skriver jag ner tankar om vandringen som kristen.","sameAs":["http:\/\/www.vandravagen.se"],"url":"https:\/\/blogg.svenskakyrkan.se\/vandravagen\/author\/vandravagen\/"}]}},"author_meta":{"ID":"392","user_nicename":"vandravagen","user_url":"http:\/\/www.vandravagen.se","user_registered":"2014-05-19 05:44:52","display_name":"Tomas Jarvid","first_name":"Tomas","last_name":"Jarvid","avatar":"https:\/\/secure.gravatar.com\/avatar\/7fa71899795e8f540f615a1f5ab25255dc27aa40f05ee7ddd21aac521e01bf50?s=96&d=identicon&r=g"},"featured_image":false,"bloginfo":{"name":"Vandra V\u00e4gen","url":"https:\/\/blogg.svenskakyrkan.se\/vandravagen"},"_links":{"self":[{"href":"https:\/\/blogg.svenskakyrkan.se\/vandravagen\/wp-json\/wp\/v2\/posts\/3920","targetHints":{"allow":["GET"]}}],"collection":[{"href":"https:\/\/blogg.svenskakyrkan.se\/vandravagen\/wp-json\/wp\/v2\/posts"}],"about":[{"href":"https:\/\/blogg.svenskakyrkan.se\/vandravagen\/wp-json\/wp\/v2\/types\/post"}],"author":[{"embeddable":true,"href":"https:\/\/blogg.svenskakyrkan.se\/vandravagen\/wp-json\/wp\/v2\/users\/392"}],"replies":[{"embeddable":true,"href":"https:\/\/blogg.svenskakyrkan.se\/vandravagen\/wp-json\/wp\/v2\/comments?post=3920"}],"version-history":[{"count":2,"href":"https:\/\/blogg.svenskakyrkan.se\/vandravagen\/wp-json\/wp\/v2\/posts\/3920\/revisions"}],"predecessor-version":[{"id":3924,"href":"https:\/\/blogg.svenskakyrkan.se\/vandravagen\/wp-json\/wp\/v2\/posts\/3920\/revisions\/3924"}],"wp:attachment":[{"href":"https:\/\/blogg.svenskakyrkan.se\/vandravagen\/wp-json\/wp\/v2\/media?parent=3920"}],"wp:term":[{"taxonomy":"category","embeddable":true,"href":"https:\/\/blogg.svenskakyrkan.se\/vandravagen\/wp-json\/wp\/v2\/categories?post=3920"},{"taxonomy":"post_tag","embeddable":true,"href":"https:\/\/blogg.svenskakyrkan.se\/vandravagen\/wp-json\/wp\/v2\/tags?post=3920"}],"curies":[{"name":"wp","href":"https:\/\/api.w.org\/{rel}","templated":true}]}}