{"id":396,"date":"2013-08-19T07:12:00","date_gmt":"2013-08-19T05:12:00","guid":{"rendered":"http:\/\/blogg.svenskakyrkan.se\/vandravagen\/2013\/08\/19\/fullsmockad-gudstjanst-i-ulricehamn\/"},"modified":"2013-08-19T07:12:00","modified_gmt":"2013-08-19T05:12:00","slug":"fullsmockad-gudstjanst-i-ulricehamn","status":"publish","type":"post","link":"https:\/\/blogg.svenskakyrkan.se\/vandravagen\/2013\/08\/19\/fullsmockad-gudstjanst-i-ulricehamn\/","title":{"rendered":"Fullsmockad gudstj\u00e4nst i Ulricehamn"},"content":{"rendered":"<div><\/div>\n<div><\/div>\n<table align=\"center\" cellpadding=\"0\" cellspacing=\"0\">\n<tbody>\n<tr>\n<td><a href=\"http:\/\/4.bp.blogspot.com\/-0z0msWQ_CCE\/UhEq9Or0tEI\/AAAAAAAAE2Y\/-Ftrf-UVV7A\/s1600\/IMG_3917.JPG\"><img loading=\"lazy\" decoding=\"async\" border=\"0\" height=\"298\" src=\"http:\/\/4.bp.blogspot.com\/-0z0msWQ_CCE\/UhEq9Or0tEI\/AAAAAAAAE2Y\/-Ftrf-UVV7A\/s400\/IMG_3917.JPG\" width=\"400\"><\/a><\/td>\n<\/tr>\n<tr>\n<td>Fullsatt kyrka!<\/td>\n<\/tr>\n<\/tbody>\n<\/table>\n<div><\/div>\n<div>I dagens bloggpost vill jag ge en motvikt till r\u00e5dande uppfattning att gudstj\u00e4nsten \u00e4r i kris \u00f6verallt. Det finns ocks\u00e5 kyrkor som fler och fler s\u00f6ker sig till.<\/div>\n<div><\/div>\n<div>Ig\u00e5r firade vi gudstj\u00e4nst i Ulricehamns kyrka tillsammans med hundratals andra. I Gudstj\u00e4nsten avskedspredikade Carl Sj\u00f6gren som varit Ulricehamns kyrkoherde ett tjugotal \u00e5r men nu ska bli domprost i Skara. Kyrkan var fullsatt n\u00e4r vi kom dit en kvart f\u00f6re 10. Vi fick plats l\u00e4ngst uppe p\u00e5 l\u00e4ktaren och luften b\u00f6rjade snart ta slut. En stund fick vi sitta och h\u00e4mta andan i partyt\u00e4ltet med storbildssk\u00e4rm (!) utanf\u00f6r ist\u00e4llet.<\/div>\n<div><\/div>\n<p>En stor k\u00f6r och skickliga musiker och solister bidrog med helt fantastiskt musik. I Gudstj\u00e4nsten fanns olika musikstilar, olika \u00e5ldrar och m\u00e4nniskor med olika uppgifter sida vid sida. V\u00e4ldigt fint att se! Nu var ju detta en specialgudstj\u00e4nst men \u00e4ven vanliga s\u00f6ndagar \u00e4r gudstj\u00e4nsterna i Ulricehamn livaktiga. Gudstj\u00e4nstgrupper engagerar m\u00e5nga i olika gudstj\u00e4nstuppgifter.<\/p>\n<div><\/div>\n<\/p>\n<div><\/div>\n<\/p>\n<div><a href=\"http:\/\/2.bp.blogspot.com\/-M0z1rRadsYM\/UhErF0rbpTI\/AAAAAAAAE2g\/gw4yynZc4aU\/s1600\/IMG_3919.JPG\"><img loading=\"lazy\" decoding=\"async\" border=\"0\" height=\"478\" src=\"http:\/\/2.bp.blogspot.com\/-M0z1rRadsYM\/UhErF0rbpTI\/AAAAAAAAE2g\/gw4yynZc4aU\/s640\/IMG_3919.JPG\" width=\"640\"><\/a><\/div>\n<\/p>\n<div>Gudstj\u00e4nst p\u00e5 storbild i t\u00e4ltet intill!<\/div>\n<\/p>\n<div><\/div>\n<\/p>\n<div><a href=\"http:\/\/3.bp.blogspot.com\/-0lNuoCXjtA0\/UhErZLyPE9I\/AAAAAAAAE24\/Y_NmVTb0NUs\/s1600\/IMG_3922.JPG\"><img loading=\"lazy\" decoding=\"async\" border=\"0\" height=\"478\" src=\"http:\/\/3.bp.blogspot.com\/-0lNuoCXjtA0\/UhErZLyPE9I\/AAAAAAAAE24\/Y_NmVTb0NUs\/s640\/IMG_3922.JPG\" width=\"640\"><\/a><\/div>\n<div><\/div>\n<div>Glada m\u00e4nniskor utanf\u00f6r. Efter\u00e5t bj\u00f6ds p\u00e5 kyrklunch och t\u00e5rta i f\u00f6rsamlingshemmet.<\/div>\n<div><\/div>\n<div>Jag tycker alltid det \u00e4r en stor gl\u00e4dje att fira gudstj\u00e4nst ihop med s\u00e5 m\u00e5nga andra. Och det kan vara en tr\u00f6stande tanke att \u00e4ven om det kanske \u00e4r glest i b\u00e4nkarna hemmavid s\u00e5 \u00e4r det m\u00e5nga som b\u00f6jer kn\u00e4 vid samma altarrund p\u00e5 andra platser i v\u00e5rt land. Och \u00e4ven om allt f\u00e4rre firar gudstj\u00e4nst i Sverige s\u00e5 v\u00e4xer kristi v\u00e4rldsvida kyrka globalt sett. Vi \u00e4r inte f\u00e5 utan m\u00e5nga!<\/div>\n","protected":false},"excerpt":{"rendered":"<p>Fullsatt kyrka! I dagens bloggpost vill jag ge en motvikt till r\u00e5dande uppfattning att gudstj\u00e4nsten \u00e4r i kris \u00f6verallt. Det finns ocks\u00e5 kyrkor som fler och fler s\u00f6ker sig till. Ig\u00e5r firade vi gudstj\u00e4nst i Ulricehamns kyrka tillsammans med hundratals andra. I Gudstj\u00e4nsten avskedspredikade Carl Sj\u00f6gren som varit Ulricehamns kyrkoherde ett tjugotal \u00e5r men nu [&hellip;]<\/p>\n","protected":false},"author":392,"featured_media":0,"comment_status":"open","ping_status":"open","sticky":false,"template":"","format":"standard","meta":{"_acf_changed":false,"footnotes":""},"categories":[8265,33574],"tags":[],"class_list":["post-396","post","type-post","status-publish","format-standard","hentry","category-gudstjanst","category-kyrkan"],"acf":[],"yoast_head":"<!-- This site is optimized with the Yoast SEO plugin v27.1.1 - https:\/\/yoast.com\/product\/yoast-seo-wordpress\/ -->\n<title>Fullsmockad gudstj\u00e4nst i Ulricehamn - Vandra V\u00e4gen<\/title>\n<meta name=\"robots\" content=\"index, follow, max-snippet:-1, max-image-preview:large, max-video-preview:-1\" \/>\n<link rel=\"canonical\" href=\"https:\/\/blogg.svenskakyrkan.se\/vandravagen\/2013\/08\/19\/fullsmockad-gudstjanst-i-ulricehamn\/\" \/>\n<meta property=\"og:locale\" content=\"sv_SE\" \/>\n<meta property=\"og:type\" content=\"article\" \/>\n<meta property=\"og:title\" content=\"Fullsmockad gudstj\u00e4nst i Ulricehamn - Vandra V\u00e4gen\" \/>\n<meta property=\"og:description\" content=\"Fullsatt kyrka! I dagens bloggpost vill jag ge en motvikt till r\u00e5dande uppfattning att gudstj\u00e4nsten \u00e4r i kris \u00f6verallt. Det finns ocks\u00e5 kyrkor som fler och fler s\u00f6ker sig till. Ig\u00e5r firade vi gudstj\u00e4nst i Ulricehamns kyrka tillsammans med hundratals andra. I Gudstj\u00e4nsten avskedspredikade Carl Sj\u00f6gren som varit Ulricehamns kyrkoherde ett tjugotal \u00e5r men nu [&hellip;]\" \/>\n<meta property=\"og:url\" content=\"https:\/\/blogg.svenskakyrkan.se\/vandravagen\/2013\/08\/19\/fullsmockad-gudstjanst-i-ulricehamn\/\" \/>\n<meta property=\"og:site_name\" content=\"Vandra V\u00e4gen\" \/>\n<meta property=\"article:publisher\" content=\"http:\/\/facebook.com\/vandravagen\" \/>\n<meta property=\"article:published_time\" content=\"2013-08-19T05:12:00+00:00\" \/>\n<meta property=\"og:image\" content=\"http:\/\/4.bp.blogspot.com\/-0z0msWQ_CCE\/UhEq9Or0tEI\/AAAAAAAAE2Y\/-Ftrf-UVV7A\/s400\/IMG_3917.JPG\" \/>\n<meta name=\"author\" content=\"Tomas Jarvid\" \/>\n<meta name=\"twitter:card\" content=\"summary_large_image\" \/>\n<meta name=\"twitter:creator\" content=\"@fadertomas\" \/>\n<meta name=\"twitter:site\" content=\"@fadertomas\" \/>\n<meta name=\"twitter:label1\" content=\"Skriven av\" \/>\n\t<meta name=\"twitter:data1\" content=\"Tomas Jarvid\" \/>\n\t<meta name=\"twitter:label2\" content=\"Ber\u00e4knad l\u00e4stid\" \/>\n\t<meta name=\"twitter:data2\" content=\"1 minut\" \/>\n<script type=\"application\/ld+json\" class=\"yoast-schema-graph\">{\"@context\":\"https:\/\/schema.org\",\"@graph\":[{\"@type\":\"Article\",\"@id\":\"https:\/\/blogg.svenskakyrkan.se\/vandravagen\/2013\/08\/19\/fullsmockad-gudstjanst-i-ulricehamn\/#article\",\"isPartOf\":{\"@id\":\"https:\/\/blogg.svenskakyrkan.se\/vandravagen\/2013\/08\/19\/fullsmockad-gudstjanst-i-ulricehamn\/\"},\"author\":{\"name\":\"Tomas Jarvid\",\"@id\":\"https:\/\/blogg.svenskakyrkan.se\/vandravagen\/#\/schema\/person\/25da02d4f76b137d04291711e2c9fc16\"},\"headline\":\"Fullsmockad gudstj\u00e4nst i Ulricehamn\",\"datePublished\":\"2013-08-19T05:12:00+00:00\",\"mainEntityOfPage\":{\"@id\":\"https:\/\/blogg.svenskakyrkan.se\/vandravagen\/2013\/08\/19\/fullsmockad-gudstjanst-i-ulricehamn\/\"},\"wordCount\":291,\"commentCount\":4,\"publisher\":{\"@id\":\"https:\/\/blogg.svenskakyrkan.se\/vandravagen\/#organization\"},\"image\":{\"@id\":\"https:\/\/blogg.svenskakyrkan.se\/vandravagen\/2013\/08\/19\/fullsmockad-gudstjanst-i-ulricehamn\/#primaryimage\"},\"thumbnailUrl\":\"http:\/\/4.bp.blogspot.com\/-0z0msWQ_CCE\/UhEq9Or0tEI\/AAAAAAAAE2Y\/-Ftrf-UVV7A\/s400\/IMG_3917.JPG\",\"articleSection\":[\"Gudstj\u00e4nst\",\"kyrkan\"],\"inLanguage\":\"sv-SE\",\"potentialAction\":[{\"@type\":\"CommentAction\",\"name\":\"Comment\",\"target\":[\"https:\/\/blogg.svenskakyrkan.se\/vandravagen\/2013\/08\/19\/fullsmockad-gudstjanst-i-ulricehamn\/#respond\"]}]},{\"@type\":\"WebPage\",\"@id\":\"https:\/\/blogg.svenskakyrkan.se\/vandravagen\/2013\/08\/19\/fullsmockad-gudstjanst-i-ulricehamn\/\",\"url\":\"https:\/\/blogg.svenskakyrkan.se\/vandravagen\/2013\/08\/19\/fullsmockad-gudstjanst-i-ulricehamn\/\",\"name\":\"Fullsmockad gudstj\u00e4nst i Ulricehamn - Vandra V\u00e4gen\",\"isPartOf\":{\"@id\":\"https:\/\/blogg.svenskakyrkan.se\/vandravagen\/#website\"},\"primaryImageOfPage\":{\"@id\":\"https:\/\/blogg.svenskakyrkan.se\/vandravagen\/2013\/08\/19\/fullsmockad-gudstjanst-i-ulricehamn\/#primaryimage\"},\"image\":{\"@id\":\"https:\/\/blogg.svenskakyrkan.se\/vandravagen\/2013\/08\/19\/fullsmockad-gudstjanst-i-ulricehamn\/#primaryimage\"},\"thumbnailUrl\":\"http:\/\/4.bp.blogspot.com\/-0z0msWQ_CCE\/UhEq9Or0tEI\/AAAAAAAAE2Y\/-Ftrf-UVV7A\/s400\/IMG_3917.JPG\",\"datePublished\":\"2013-08-19T05:12:00+00:00\",\"breadcrumb\":{\"@id\":\"https:\/\/blogg.svenskakyrkan.se\/vandravagen\/2013\/08\/19\/fullsmockad-gudstjanst-i-ulricehamn\/#breadcrumb\"},\"inLanguage\":\"sv-SE\",\"potentialAction\":[{\"@type\":\"ReadAction\",\"target\":[\"https:\/\/blogg.svenskakyrkan.se\/vandravagen\/2013\/08\/19\/fullsmockad-gudstjanst-i-ulricehamn\/\"]}]},{\"@type\":\"ImageObject\",\"inLanguage\":\"sv-SE\",\"@id\":\"https:\/\/blogg.svenskakyrkan.se\/vandravagen\/2013\/08\/19\/fullsmockad-gudstjanst-i-ulricehamn\/#primaryimage\",\"url\":\"http:\/\/4.bp.blogspot.com\/-0z0msWQ_CCE\/UhEq9Or0tEI\/AAAAAAAAE2Y\/-Ftrf-UVV7A\/s400\/IMG_3917.JPG\",\"contentUrl\":\"http:\/\/4.bp.blogspot.com\/-0z0msWQ_CCE\/UhEq9Or0tEI\/AAAAAAAAE2Y\/-Ftrf-UVV7A\/s400\/IMG_3917.JPG\"},{\"@type\":\"BreadcrumbList\",\"@id\":\"https:\/\/blogg.svenskakyrkan.se\/vandravagen\/2013\/08\/19\/fullsmockad-gudstjanst-i-ulricehamn\/#breadcrumb\",\"itemListElement\":[{\"@type\":\"ListItem\",\"position\":1,\"name\":\"Hem\",\"item\":\"https:\/\/blogg.svenskakyrkan.se\/vandravagen\/\"},{\"@type\":\"ListItem\",\"position\":2,\"name\":\"Fullsmockad gudstj\u00e4nst i Ulricehamn\"}]},{\"@type\":\"WebSite\",\"@id\":\"https:\/\/blogg.svenskakyrkan.se\/vandravagen\/#website\",\"url\":\"https:\/\/blogg.svenskakyrkan.se\/vandravagen\/\",\"name\":\"Vandra V\u00e4gen\",\"description\":\"-Mot en tro f\u00f6r hela livet\",\"publisher\":{\"@id\":\"https:\/\/blogg.svenskakyrkan.se\/vandravagen\/#organization\"},\"potentialAction\":[{\"@type\":\"SearchAction\",\"target\":{\"@type\":\"EntryPoint\",\"urlTemplate\":\"https:\/\/blogg.svenskakyrkan.se\/vandravagen\/?s={search_term_string}\"},\"query-input\":{\"@type\":\"PropertyValueSpecification\",\"valueRequired\":true,\"valueName\":\"search_term_string\"}}],\"inLanguage\":\"sv-SE\"},{\"@type\":\"Organization\",\"@id\":\"https:\/\/blogg.svenskakyrkan.se\/vandravagen\/#organization\",\"name\":\"ulricehamns pastorat\",\"alternateName\":\"ulricehamns pastorat\",\"url\":\"https:\/\/blogg.svenskakyrkan.se\/vandravagen\/\",\"logo\":{\"@type\":\"ImageObject\",\"inLanguage\":\"sv-SE\",\"@id\":\"https:\/\/blogg.svenskakyrkan.se\/vandravagen\/#\/schema\/logo\/image\/\",\"url\":\"https:\/\/blogg.svenskakyrkan.se\/vandravagen\/files\/2023\/05\/Ulr_logo_RGB.png\",\"contentUrl\":\"https:\/\/blogg.svenskakyrkan.se\/vandravagen\/files\/2023\/05\/Ulr_logo_RGB.png\",\"width\":205,\"height\":77,\"caption\":\"ulricehamns pastorat\"},\"image\":{\"@id\":\"https:\/\/blogg.svenskakyrkan.se\/vandravagen\/#\/schema\/logo\/image\/\"},\"sameAs\":[\"http:\/\/facebook.com\/vandravagen\",\"https:\/\/x.com\/fadertomas\",\"http:\/\/www.facebook.com\/svenskakyrkaniulricehamn\"]},{\"@type\":\"Person\",\"@id\":\"https:\/\/blogg.svenskakyrkan.se\/vandravagen\/#\/schema\/person\/25da02d4f76b137d04291711e2c9fc16\",\"name\":\"Tomas Jarvid\",\"image\":{\"@type\":\"ImageObject\",\"inLanguage\":\"sv-SE\",\"@id\":\"https:\/\/blogg.svenskakyrkan.se\/vandravagen\/#\/schema\/person\/image\/\",\"url\":\"https:\/\/secure.gravatar.com\/avatar\/7fa71899795e8f540f615a1f5ab25255dc27aa40f05ee7ddd21aac521e01bf50?s=96&d=identicon&r=g\",\"contentUrl\":\"https:\/\/secure.gravatar.com\/avatar\/7fa71899795e8f540f615a1f5ab25255dc27aa40f05ee7ddd21aac521e01bf50?s=96&d=identicon&r=g\",\"caption\":\"Tomas Jarvid\"},\"description\":\"Jag bor i Ulricehamn i V\u00e4sterg\u00f6tland och \u00e4r f\u00f6rsamlingspr\u00e4st i Svenska Kyrkan f\u00f6r Dalstorps f\u00f6rsamling i Kinds pastorat. P\u00e5 den h\u00e4r bloggen skriver jag ner tankar om vandringen som kristen.\",\"sameAs\":[\"http:\/\/www.vandravagen.se\"],\"url\":\"https:\/\/blogg.svenskakyrkan.se\/vandravagen\/author\/vandravagen\/\"}]}<\/script>\n<!-- \/ Yoast SEO plugin. -->","yoast_head_json":{"title":"Fullsmockad gudstj\u00e4nst i Ulricehamn - Vandra V\u00e4gen","robots":{"index":"index","follow":"follow","max-snippet":"max-snippet:-1","max-image-preview":"max-image-preview:large","max-video-preview":"max-video-preview:-1"},"canonical":"https:\/\/blogg.svenskakyrkan.se\/vandravagen\/2013\/08\/19\/fullsmockad-gudstjanst-i-ulricehamn\/","og_locale":"sv_SE","og_type":"article","og_title":"Fullsmockad gudstj\u00e4nst i Ulricehamn - Vandra V\u00e4gen","og_description":"Fullsatt kyrka! I dagens bloggpost vill jag ge en motvikt till r\u00e5dande uppfattning att gudstj\u00e4nsten \u00e4r i kris \u00f6verallt. Det finns ocks\u00e5 kyrkor som fler och fler s\u00f6ker sig till. Ig\u00e5r firade vi gudstj\u00e4nst i Ulricehamns kyrka tillsammans med hundratals andra. I Gudstj\u00e4nsten avskedspredikade Carl Sj\u00f6gren som varit Ulricehamns kyrkoherde ett tjugotal \u00e5r men nu [&hellip;]","og_url":"https:\/\/blogg.svenskakyrkan.se\/vandravagen\/2013\/08\/19\/fullsmockad-gudstjanst-i-ulricehamn\/","og_site_name":"Vandra V\u00e4gen","article_publisher":"http:\/\/facebook.com\/vandravagen","article_published_time":"2013-08-19T05:12:00+00:00","og_image":[{"url":"http:\/\/4.bp.blogspot.com\/-0z0msWQ_CCE\/UhEq9Or0tEI\/AAAAAAAAE2Y\/-Ftrf-UVV7A\/s400\/IMG_3917.JPG","type":"","width":"","height":""}],"author":"Tomas Jarvid","twitter_card":"summary_large_image","twitter_creator":"@fadertomas","twitter_site":"@fadertomas","twitter_misc":{"Skriven av":"Tomas Jarvid","Ber\u00e4knad l\u00e4stid":"1 minut"},"schema":{"@context":"https:\/\/schema.org","@graph":[{"@type":"Article","@id":"https:\/\/blogg.svenskakyrkan.se\/vandravagen\/2013\/08\/19\/fullsmockad-gudstjanst-i-ulricehamn\/#article","isPartOf":{"@id":"https:\/\/blogg.svenskakyrkan.se\/vandravagen\/2013\/08\/19\/fullsmockad-gudstjanst-i-ulricehamn\/"},"author":{"name":"Tomas Jarvid","@id":"https:\/\/blogg.svenskakyrkan.se\/vandravagen\/#\/schema\/person\/25da02d4f76b137d04291711e2c9fc16"},"headline":"Fullsmockad gudstj\u00e4nst i Ulricehamn","datePublished":"2013-08-19T05:12:00+00:00","mainEntityOfPage":{"@id":"https:\/\/blogg.svenskakyrkan.se\/vandravagen\/2013\/08\/19\/fullsmockad-gudstjanst-i-ulricehamn\/"},"wordCount":291,"commentCount":4,"publisher":{"@id":"https:\/\/blogg.svenskakyrkan.se\/vandravagen\/#organization"},"image":{"@id":"https:\/\/blogg.svenskakyrkan.se\/vandravagen\/2013\/08\/19\/fullsmockad-gudstjanst-i-ulricehamn\/#primaryimage"},"thumbnailUrl":"http:\/\/4.bp.blogspot.com\/-0z0msWQ_CCE\/UhEq9Or0tEI\/AAAAAAAAE2Y\/-Ftrf-UVV7A\/s400\/IMG_3917.JPG","articleSection":["Gudstj\u00e4nst","kyrkan"],"inLanguage":"sv-SE","potentialAction":[{"@type":"CommentAction","name":"Comment","target":["https:\/\/blogg.svenskakyrkan.se\/vandravagen\/2013\/08\/19\/fullsmockad-gudstjanst-i-ulricehamn\/#respond"]}]},{"@type":"WebPage","@id":"https:\/\/blogg.svenskakyrkan.se\/vandravagen\/2013\/08\/19\/fullsmockad-gudstjanst-i-ulricehamn\/","url":"https:\/\/blogg.svenskakyrkan.se\/vandravagen\/2013\/08\/19\/fullsmockad-gudstjanst-i-ulricehamn\/","name":"Fullsmockad gudstj\u00e4nst i Ulricehamn - Vandra V\u00e4gen","isPartOf":{"@id":"https:\/\/blogg.svenskakyrkan.se\/vandravagen\/#website"},"primaryImageOfPage":{"@id":"https:\/\/blogg.svenskakyrkan.se\/vandravagen\/2013\/08\/19\/fullsmockad-gudstjanst-i-ulricehamn\/#primaryimage"},"image":{"@id":"https:\/\/blogg.svenskakyrkan.se\/vandravagen\/2013\/08\/19\/fullsmockad-gudstjanst-i-ulricehamn\/#primaryimage"},"thumbnailUrl":"http:\/\/4.bp.blogspot.com\/-0z0msWQ_CCE\/UhEq9Or0tEI\/AAAAAAAAE2Y\/-Ftrf-UVV7A\/s400\/IMG_3917.JPG","datePublished":"2013-08-19T05:12:00+00:00","breadcrumb":{"@id":"https:\/\/blogg.svenskakyrkan.se\/vandravagen\/2013\/08\/19\/fullsmockad-gudstjanst-i-ulricehamn\/#breadcrumb"},"inLanguage":"sv-SE","potentialAction":[{"@type":"ReadAction","target":["https:\/\/blogg.svenskakyrkan.se\/vandravagen\/2013\/08\/19\/fullsmockad-gudstjanst-i-ulricehamn\/"]}]},{"@type":"ImageObject","inLanguage":"sv-SE","@id":"https:\/\/blogg.svenskakyrkan.se\/vandravagen\/2013\/08\/19\/fullsmockad-gudstjanst-i-ulricehamn\/#primaryimage","url":"http:\/\/4.bp.blogspot.com\/-0z0msWQ_CCE\/UhEq9Or0tEI\/AAAAAAAAE2Y\/-Ftrf-UVV7A\/s400\/IMG_3917.JPG","contentUrl":"http:\/\/4.bp.blogspot.com\/-0z0msWQ_CCE\/UhEq9Or0tEI\/AAAAAAAAE2Y\/-Ftrf-UVV7A\/s400\/IMG_3917.JPG"},{"@type":"BreadcrumbList","@id":"https:\/\/blogg.svenskakyrkan.se\/vandravagen\/2013\/08\/19\/fullsmockad-gudstjanst-i-ulricehamn\/#breadcrumb","itemListElement":[{"@type":"ListItem","position":1,"name":"Hem","item":"https:\/\/blogg.svenskakyrkan.se\/vandravagen\/"},{"@type":"ListItem","position":2,"name":"Fullsmockad gudstj\u00e4nst i Ulricehamn"}]},{"@type":"WebSite","@id":"https:\/\/blogg.svenskakyrkan.se\/vandravagen\/#website","url":"https:\/\/blogg.svenskakyrkan.se\/vandravagen\/","name":"Vandra V\u00e4gen","description":"-Mot en tro f\u00f6r hela livet","publisher":{"@id":"https:\/\/blogg.svenskakyrkan.se\/vandravagen\/#organization"},"potentialAction":[{"@type":"SearchAction","target":{"@type":"EntryPoint","urlTemplate":"https:\/\/blogg.svenskakyrkan.se\/vandravagen\/?s={search_term_string}"},"query-input":{"@type":"PropertyValueSpecification","valueRequired":true,"valueName":"search_term_string"}}],"inLanguage":"sv-SE"},{"@type":"Organization","@id":"https:\/\/blogg.svenskakyrkan.se\/vandravagen\/#organization","name":"ulricehamns pastorat","alternateName":"ulricehamns pastorat","url":"https:\/\/blogg.svenskakyrkan.se\/vandravagen\/","logo":{"@type":"ImageObject","inLanguage":"sv-SE","@id":"https:\/\/blogg.svenskakyrkan.se\/vandravagen\/#\/schema\/logo\/image\/","url":"https:\/\/blogg.svenskakyrkan.se\/vandravagen\/files\/2023\/05\/Ulr_logo_RGB.png","contentUrl":"https:\/\/blogg.svenskakyrkan.se\/vandravagen\/files\/2023\/05\/Ulr_logo_RGB.png","width":205,"height":77,"caption":"ulricehamns pastorat"},"image":{"@id":"https:\/\/blogg.svenskakyrkan.se\/vandravagen\/#\/schema\/logo\/image\/"},"sameAs":["http:\/\/facebook.com\/vandravagen","https:\/\/x.com\/fadertomas","http:\/\/www.facebook.com\/svenskakyrkaniulricehamn"]},{"@type":"Person","@id":"https:\/\/blogg.svenskakyrkan.se\/vandravagen\/#\/schema\/person\/25da02d4f76b137d04291711e2c9fc16","name":"Tomas Jarvid","image":{"@type":"ImageObject","inLanguage":"sv-SE","@id":"https:\/\/blogg.svenskakyrkan.se\/vandravagen\/#\/schema\/person\/image\/","url":"https:\/\/secure.gravatar.com\/avatar\/7fa71899795e8f540f615a1f5ab25255dc27aa40f05ee7ddd21aac521e01bf50?s=96&d=identicon&r=g","contentUrl":"https:\/\/secure.gravatar.com\/avatar\/7fa71899795e8f540f615a1f5ab25255dc27aa40f05ee7ddd21aac521e01bf50?s=96&d=identicon&r=g","caption":"Tomas Jarvid"},"description":"Jag bor i Ulricehamn i V\u00e4sterg\u00f6tland och \u00e4r f\u00f6rsamlingspr\u00e4st i Svenska Kyrkan f\u00f6r Dalstorps f\u00f6rsamling i Kinds pastorat. P\u00e5 den h\u00e4r bloggen skriver jag ner tankar om vandringen som kristen.","sameAs":["http:\/\/www.vandravagen.se"],"url":"https:\/\/blogg.svenskakyrkan.se\/vandravagen\/author\/vandravagen\/"}]}},"author_meta":{"ID":"392","user_nicename":"vandravagen","user_url":"http:\/\/www.vandravagen.se","user_registered":"2014-05-19 05:44:52","display_name":"Tomas Jarvid","first_name":"Tomas","last_name":"Jarvid","avatar":"https:\/\/secure.gravatar.com\/avatar\/7fa71899795e8f540f615a1f5ab25255dc27aa40f05ee7ddd21aac521e01bf50?s=96&d=identicon&r=g"},"featured_image":false,"bloginfo":{"name":"Vandra V\u00e4gen","url":"https:\/\/blogg.svenskakyrkan.se\/vandravagen"},"_links":{"self":[{"href":"https:\/\/blogg.svenskakyrkan.se\/vandravagen\/wp-json\/wp\/v2\/posts\/396","targetHints":{"allow":["GET"]}}],"collection":[{"href":"https:\/\/blogg.svenskakyrkan.se\/vandravagen\/wp-json\/wp\/v2\/posts"}],"about":[{"href":"https:\/\/blogg.svenskakyrkan.se\/vandravagen\/wp-json\/wp\/v2\/types\/post"}],"author":[{"embeddable":true,"href":"https:\/\/blogg.svenskakyrkan.se\/vandravagen\/wp-json\/wp\/v2\/users\/392"}],"replies":[{"embeddable":true,"href":"https:\/\/blogg.svenskakyrkan.se\/vandravagen\/wp-json\/wp\/v2\/comments?post=396"}],"version-history":[{"count":0,"href":"https:\/\/blogg.svenskakyrkan.se\/vandravagen\/wp-json\/wp\/v2\/posts\/396\/revisions"}],"wp:attachment":[{"href":"https:\/\/blogg.svenskakyrkan.se\/vandravagen\/wp-json\/wp\/v2\/media?parent=396"}],"wp:term":[{"taxonomy":"category","embeddable":true,"href":"https:\/\/blogg.svenskakyrkan.se\/vandravagen\/wp-json\/wp\/v2\/categories?post=396"},{"taxonomy":"post_tag","embeddable":true,"href":"https:\/\/blogg.svenskakyrkan.se\/vandravagen\/wp-json\/wp\/v2\/tags?post=396"}],"curies":[{"name":"wp","href":"https:\/\/api.w.org\/{rel}","templated":true}]}}