{"id":398,"date":"2013-08-18T08:00:00","date_gmt":"2013-08-18T06:00:00","guid":{"rendered":"http:\/\/blogg.svenskakyrkan.se\/vandravagen\/2013\/08\/18\/vem-ar-en-riktig-kristen\/"},"modified":"2013-08-18T08:00:00","modified_gmt":"2013-08-18T06:00:00","slug":"vem-ar-en-riktig-kristen","status":"publish","type":"post","link":"https:\/\/blogg.svenskakyrkan.se\/vandravagen\/2013\/08\/18\/vem-ar-en-riktig-kristen\/","title":{"rendered":"Vem \u00e4r en riktig kristen?"},"content":{"rendered":"<table align=\"center\" cellpadding=\"0\" cellspacing=\"0\">\n<tbody>\n<tr>\n<td><a href=\"http:\/\/2.bp.blogspot.com\/-5WRJlsRVLuA\/Ug_I7oTaWFI\/AAAAAAAAE1w\/W0P-x5e9Ty4\/s1600\/IMG_3037.JPG\"><img loading=\"lazy\" decoding=\"async\" border=\"0\" height=\"400\" src=\"http:\/\/2.bp.blogspot.com\/-5WRJlsRVLuA\/Ug_I7oTaWFI\/AAAAAAAAE1w\/W0P-x5e9Ty4\/s400\/IMG_3037.JPG\" width=\"400\"><\/a><\/td>\n<\/tr>\n<tr>\n<td>Vit dopkl\u00e4nning, f\u00f6r att ikl\u00e4da sig gemenskapen med Jesus<\/td>\n<\/tr>\n<\/tbody>\n<\/table>\n<p>Efter att nu ha skrivit om att de flesta av oss kristna kanske i sj\u00e4lva verket \u00e4r praktiserande ateister och om hur man d\u00e5 kan g\u00f6ra praktik som kristen kanske det \u00e4r l\u00e4ge att skriva n\u00e5gra rader till alla som undrar &#8221;\u00e4r jag en riktig kristen&#8221;, vem \u00e4r det?<\/p>\n<p>Skolbokssvaret \u00e4r att det \u00e4r dopet och tron som utm\u00e4rker den kristne (oavsett i vilken ordning de kommer). M\u00e5nga tror felaktigt att &#8221;kristen \u00e4r den som har blivit en felfri m\u00e4nniska&#8221; eller n\u00e5got s\u00e5dant men s\u00e5 \u00e4r det allts\u00e5 INTE. Kristen \u00e4r man inte genom egna prestationer utan f\u00f6r att Gud gjort en till det.<\/p>\n<p>Dopet \u00e4r oftast l\u00e4tt att veta om man har eller inte. Tron kan vara knepigare. Hur vet man om man har en tro som gills?<\/p>\n<p>F\u00f6rst vill jag s\u00e4ga att tro och dop h\u00f6r ihop. Att tro \u00e4r att lita p\u00e5 att de l\u00f6ften Gud gett i dopet (jag \u00e4r med dig alla dagar till tidens slut) g\u00e4ller ocks\u00e5 mig och ocks\u00e5 just nu, oavsett hur det k\u00e4nns. Dopet \u00e4r liksom det objektiva tecknet som f\u00f6renar v\u00e5ra liv med Jesu d\u00f6d och uppst\u00e5ndelse.<\/p>\n<p>\u00c4r du os\u00e4ker p\u00e5 om din tro \u00e4r tillr\u00e4cklig och om den mest \u00e4r tvivel s\u00e5 vill jag ge n\u00e5gra uppmuntrande ord. Tro \u00e4r inte n\u00e5got vi presterar, det \u00e4r ytterst sett n\u00e5got Gud sj\u00e4lv skapar i oss med sin helige Ande och l\u00e4r oss att f\u00f6rlita oss p\u00e5 honom. Det betyder att \u00e4ven den lilla svaga tro vi har \u00e4r Guds verk. Guds Ande \u00e4r verksam redan om vi s\u00e5 bara \u00f6nskar att vi hade en tro. &#8221;Bet\u00e4nk, Herre, att v\u00e5r t\u00f6rst efter dig \u00e4r ditt eget verk&#8221;, skriver Augustinus.<\/p>\n<p>Det man ocks\u00e5 kan g\u00f6ra om man har sv\u00e5rt att tro \u00e4r att be. Har du sv\u00e5rt att hitta ord s\u00e5 be<\/p>\n<p><b>&#8221;Jesus, jag har sv\u00e5rt att tro, hj\u00e4lp mig!&#8221;<\/b><\/p>\n<p>Nu har du bett. Gud har lovat att h\u00f6ra den b\u00f6nen. Och ber man till Gud i Kristus \u00e4r man kristen. Kanske \u00e4r man en d\u00e5lig kristen med svag tro men \u00e4nd\u00e5! Det som spelar roll \u00e4r att du v\u00e4nt dig ut fr\u00e5n att bara lita p\u00e5 dig sj\u00e4lv till att be Gud om hj\u00e4lp, den handlingen \u00e4r en handling av tro. Du ska inte v\u00e4ga och m\u00e4ta din tro och lita p\u00e5 den. Du f\u00e5r lita p\u00e5 att du \u00e4r i Guds hand och att Gud h\u00e5ller sina l\u00f6ften fr\u00e5n dopet.<\/p>\n","protected":false},"excerpt":{"rendered":"<p>Vit dopkl\u00e4nning, f\u00f6r att ikl\u00e4da sig gemenskapen med Jesus Efter att nu ha skrivit om att de flesta av oss kristna kanske i sj\u00e4lva verket \u00e4r praktiserande ateister och om hur man d\u00e5 kan g\u00f6ra praktik som kristen kanske det \u00e4r l\u00e4ge att skriva n\u00e5gra rader till alla som undrar &#8221;\u00e4r jag en riktig kristen&#8221;, [&hellip;]<\/p>\n","protected":false},"author":392,"featured_media":0,"comment_status":"open","ping_status":"open","sticky":false,"template":"","format":"standard","meta":{"_acf_changed":false,"footnotes":""},"categories":[75887,117],"tags":[],"class_list":["post-398","post","type-post","status-publish","format-standard","hentry","category-andlighet","category-teologi"],"acf":[],"yoast_head":"<!-- This site is optimized with the Yoast SEO plugin v27.1.1 - https:\/\/yoast.com\/product\/yoast-seo-wordpress\/ -->\n<title>Vem \u00e4r en riktig kristen? - Vandra V\u00e4gen<\/title>\n<meta name=\"robots\" content=\"index, follow, max-snippet:-1, max-image-preview:large, max-video-preview:-1\" \/>\n<link rel=\"canonical\" href=\"https:\/\/blogg.svenskakyrkan.se\/vandravagen\/2013\/08\/18\/vem-ar-en-riktig-kristen\/\" \/>\n<meta property=\"og:locale\" content=\"sv_SE\" \/>\n<meta property=\"og:type\" content=\"article\" \/>\n<meta property=\"og:title\" content=\"Vem \u00e4r en riktig kristen? - Vandra V\u00e4gen\" \/>\n<meta property=\"og:description\" content=\"Vit dopkl\u00e4nning, f\u00f6r att ikl\u00e4da sig gemenskapen med Jesus Efter att nu ha skrivit om att de flesta av oss kristna kanske i sj\u00e4lva verket \u00e4r praktiserande ateister och om hur man d\u00e5 kan g\u00f6ra praktik som kristen kanske det \u00e4r l\u00e4ge att skriva n\u00e5gra rader till alla som undrar &#8221;\u00e4r jag en riktig kristen&#8221;, [&hellip;]\" \/>\n<meta property=\"og:url\" content=\"https:\/\/blogg.svenskakyrkan.se\/vandravagen\/2013\/08\/18\/vem-ar-en-riktig-kristen\/\" \/>\n<meta property=\"og:site_name\" content=\"Vandra V\u00e4gen\" \/>\n<meta property=\"article:publisher\" content=\"http:\/\/facebook.com\/vandravagen\" \/>\n<meta property=\"article:published_time\" content=\"2013-08-18T06:00:00+00:00\" \/>\n<meta property=\"og:image\" content=\"http:\/\/2.bp.blogspot.com\/-5WRJlsRVLuA\/Ug_I7oTaWFI\/AAAAAAAAE1w\/W0P-x5e9Ty4\/s400\/IMG_3037.JPG\" \/>\n<meta name=\"author\" content=\"Tomas Jarvid\" \/>\n<meta name=\"twitter:card\" content=\"summary_large_image\" \/>\n<meta name=\"twitter:creator\" content=\"@fadertomas\" \/>\n<meta name=\"twitter:site\" content=\"@fadertomas\" \/>\n<meta name=\"twitter:label1\" content=\"Skriven av\" \/>\n\t<meta name=\"twitter:data1\" content=\"Tomas Jarvid\" \/>\n\t<meta name=\"twitter:label2\" content=\"Ber\u00e4knad l\u00e4stid\" \/>\n\t<meta name=\"twitter:data2\" content=\"2 minuter\" \/>\n<script type=\"application\/ld+json\" class=\"yoast-schema-graph\">{\"@context\":\"https:\/\/schema.org\",\"@graph\":[{\"@type\":\"Article\",\"@id\":\"https:\/\/blogg.svenskakyrkan.se\/vandravagen\/2013\/08\/18\/vem-ar-en-riktig-kristen\/#article\",\"isPartOf\":{\"@id\":\"https:\/\/blogg.svenskakyrkan.se\/vandravagen\/2013\/08\/18\/vem-ar-en-riktig-kristen\/\"},\"author\":{\"name\":\"Tomas Jarvid\",\"@id\":\"https:\/\/blogg.svenskakyrkan.se\/vandravagen\/#\/schema\/person\/25da02d4f76b137d04291711e2c9fc16\"},\"headline\":\"Vem \u00e4r en riktig kristen?\",\"datePublished\":\"2013-08-18T06:00:00+00:00\",\"mainEntityOfPage\":{\"@id\":\"https:\/\/blogg.svenskakyrkan.se\/vandravagen\/2013\/08\/18\/vem-ar-en-riktig-kristen\/\"},\"wordCount\":467,\"commentCount\":2,\"publisher\":{\"@id\":\"https:\/\/blogg.svenskakyrkan.se\/vandravagen\/#organization\"},\"image\":{\"@id\":\"https:\/\/blogg.svenskakyrkan.se\/vandravagen\/2013\/08\/18\/vem-ar-en-riktig-kristen\/#primaryimage\"},\"thumbnailUrl\":\"http:\/\/2.bp.blogspot.com\/-5WRJlsRVLuA\/Ug_I7oTaWFI\/AAAAAAAAE1w\/W0P-x5e9Ty4\/s400\/IMG_3037.JPG\",\"articleSection\":[\"andlighet\",\"Teologi\"],\"inLanguage\":\"sv-SE\",\"potentialAction\":[{\"@type\":\"CommentAction\",\"name\":\"Comment\",\"target\":[\"https:\/\/blogg.svenskakyrkan.se\/vandravagen\/2013\/08\/18\/vem-ar-en-riktig-kristen\/#respond\"]}]},{\"@type\":\"WebPage\",\"@id\":\"https:\/\/blogg.svenskakyrkan.se\/vandravagen\/2013\/08\/18\/vem-ar-en-riktig-kristen\/\",\"url\":\"https:\/\/blogg.svenskakyrkan.se\/vandravagen\/2013\/08\/18\/vem-ar-en-riktig-kristen\/\",\"name\":\"Vem \u00e4r en riktig kristen? - Vandra V\u00e4gen\",\"isPartOf\":{\"@id\":\"https:\/\/blogg.svenskakyrkan.se\/vandravagen\/#website\"},\"primaryImageOfPage\":{\"@id\":\"https:\/\/blogg.svenskakyrkan.se\/vandravagen\/2013\/08\/18\/vem-ar-en-riktig-kristen\/#primaryimage\"},\"image\":{\"@id\":\"https:\/\/blogg.svenskakyrkan.se\/vandravagen\/2013\/08\/18\/vem-ar-en-riktig-kristen\/#primaryimage\"},\"thumbnailUrl\":\"http:\/\/2.bp.blogspot.com\/-5WRJlsRVLuA\/Ug_I7oTaWFI\/AAAAAAAAE1w\/W0P-x5e9Ty4\/s400\/IMG_3037.JPG\",\"datePublished\":\"2013-08-18T06:00:00+00:00\",\"breadcrumb\":{\"@id\":\"https:\/\/blogg.svenskakyrkan.se\/vandravagen\/2013\/08\/18\/vem-ar-en-riktig-kristen\/#breadcrumb\"},\"inLanguage\":\"sv-SE\",\"potentialAction\":[{\"@type\":\"ReadAction\",\"target\":[\"https:\/\/blogg.svenskakyrkan.se\/vandravagen\/2013\/08\/18\/vem-ar-en-riktig-kristen\/\"]}]},{\"@type\":\"ImageObject\",\"inLanguage\":\"sv-SE\",\"@id\":\"https:\/\/blogg.svenskakyrkan.se\/vandravagen\/2013\/08\/18\/vem-ar-en-riktig-kristen\/#primaryimage\",\"url\":\"http:\/\/2.bp.blogspot.com\/-5WRJlsRVLuA\/Ug_I7oTaWFI\/AAAAAAAAE1w\/W0P-x5e9Ty4\/s400\/IMG_3037.JPG\",\"contentUrl\":\"http:\/\/2.bp.blogspot.com\/-5WRJlsRVLuA\/Ug_I7oTaWFI\/AAAAAAAAE1w\/W0P-x5e9Ty4\/s400\/IMG_3037.JPG\"},{\"@type\":\"BreadcrumbList\",\"@id\":\"https:\/\/blogg.svenskakyrkan.se\/vandravagen\/2013\/08\/18\/vem-ar-en-riktig-kristen\/#breadcrumb\",\"itemListElement\":[{\"@type\":\"ListItem\",\"position\":1,\"name\":\"Hem\",\"item\":\"https:\/\/blogg.svenskakyrkan.se\/vandravagen\/\"},{\"@type\":\"ListItem\",\"position\":2,\"name\":\"Vem \u00e4r en riktig kristen?\"}]},{\"@type\":\"WebSite\",\"@id\":\"https:\/\/blogg.svenskakyrkan.se\/vandravagen\/#website\",\"url\":\"https:\/\/blogg.svenskakyrkan.se\/vandravagen\/\",\"name\":\"Vandra V\u00e4gen\",\"description\":\"-Mot en tro f\u00f6r hela livet\",\"publisher\":{\"@id\":\"https:\/\/blogg.svenskakyrkan.se\/vandravagen\/#organization\"},\"potentialAction\":[{\"@type\":\"SearchAction\",\"target\":{\"@type\":\"EntryPoint\",\"urlTemplate\":\"https:\/\/blogg.svenskakyrkan.se\/vandravagen\/?s={search_term_string}\"},\"query-input\":{\"@type\":\"PropertyValueSpecification\",\"valueRequired\":true,\"valueName\":\"search_term_string\"}}],\"inLanguage\":\"sv-SE\"},{\"@type\":\"Organization\",\"@id\":\"https:\/\/blogg.svenskakyrkan.se\/vandravagen\/#organization\",\"name\":\"ulricehamns pastorat\",\"alternateName\":\"ulricehamns pastorat\",\"url\":\"https:\/\/blogg.svenskakyrkan.se\/vandravagen\/\",\"logo\":{\"@type\":\"ImageObject\",\"inLanguage\":\"sv-SE\",\"@id\":\"https:\/\/blogg.svenskakyrkan.se\/vandravagen\/#\/schema\/logo\/image\/\",\"url\":\"https:\/\/blogg.svenskakyrkan.se\/vandravagen\/files\/2023\/05\/Ulr_logo_RGB.png\",\"contentUrl\":\"https:\/\/blogg.svenskakyrkan.se\/vandravagen\/files\/2023\/05\/Ulr_logo_RGB.png\",\"width\":205,\"height\":77,\"caption\":\"ulricehamns pastorat\"},\"image\":{\"@id\":\"https:\/\/blogg.svenskakyrkan.se\/vandravagen\/#\/schema\/logo\/image\/\"},\"sameAs\":[\"http:\/\/facebook.com\/vandravagen\",\"https:\/\/x.com\/fadertomas\",\"http:\/\/www.facebook.com\/svenskakyrkaniulricehamn\"]},{\"@type\":\"Person\",\"@id\":\"https:\/\/blogg.svenskakyrkan.se\/vandravagen\/#\/schema\/person\/25da02d4f76b137d04291711e2c9fc16\",\"name\":\"Tomas Jarvid\",\"image\":{\"@type\":\"ImageObject\",\"inLanguage\":\"sv-SE\",\"@id\":\"https:\/\/blogg.svenskakyrkan.se\/vandravagen\/#\/schema\/person\/image\/\",\"url\":\"https:\/\/secure.gravatar.com\/avatar\/7fa71899795e8f540f615a1f5ab25255dc27aa40f05ee7ddd21aac521e01bf50?s=96&d=identicon&r=g\",\"contentUrl\":\"https:\/\/secure.gravatar.com\/avatar\/7fa71899795e8f540f615a1f5ab25255dc27aa40f05ee7ddd21aac521e01bf50?s=96&d=identicon&r=g\",\"caption\":\"Tomas Jarvid\"},\"description\":\"Jag bor i Ulricehamn i V\u00e4sterg\u00f6tland och \u00e4r f\u00f6rsamlingspr\u00e4st i Svenska Kyrkan f\u00f6r Dalstorps f\u00f6rsamling i Kinds pastorat. P\u00e5 den h\u00e4r bloggen skriver jag ner tankar om vandringen som kristen.\",\"sameAs\":[\"http:\/\/www.vandravagen.se\"],\"url\":\"https:\/\/blogg.svenskakyrkan.se\/vandravagen\/author\/vandravagen\/\"}]}<\/script>\n<!-- \/ Yoast SEO plugin. -->","yoast_head_json":{"title":"Vem \u00e4r en riktig kristen? - Vandra V\u00e4gen","robots":{"index":"index","follow":"follow","max-snippet":"max-snippet:-1","max-image-preview":"max-image-preview:large","max-video-preview":"max-video-preview:-1"},"canonical":"https:\/\/blogg.svenskakyrkan.se\/vandravagen\/2013\/08\/18\/vem-ar-en-riktig-kristen\/","og_locale":"sv_SE","og_type":"article","og_title":"Vem \u00e4r en riktig kristen? - Vandra V\u00e4gen","og_description":"Vit dopkl\u00e4nning, f\u00f6r att ikl\u00e4da sig gemenskapen med Jesus Efter att nu ha skrivit om att de flesta av oss kristna kanske i sj\u00e4lva verket \u00e4r praktiserande ateister och om hur man d\u00e5 kan g\u00f6ra praktik som kristen kanske det \u00e4r l\u00e4ge att skriva n\u00e5gra rader till alla som undrar &#8221;\u00e4r jag en riktig kristen&#8221;, [&hellip;]","og_url":"https:\/\/blogg.svenskakyrkan.se\/vandravagen\/2013\/08\/18\/vem-ar-en-riktig-kristen\/","og_site_name":"Vandra V\u00e4gen","article_publisher":"http:\/\/facebook.com\/vandravagen","article_published_time":"2013-08-18T06:00:00+00:00","og_image":[{"url":"http:\/\/2.bp.blogspot.com\/-5WRJlsRVLuA\/Ug_I7oTaWFI\/AAAAAAAAE1w\/W0P-x5e9Ty4\/s400\/IMG_3037.JPG","type":"","width":"","height":""}],"author":"Tomas Jarvid","twitter_card":"summary_large_image","twitter_creator":"@fadertomas","twitter_site":"@fadertomas","twitter_misc":{"Skriven av":"Tomas Jarvid","Ber\u00e4knad l\u00e4stid":"2 minuter"},"schema":{"@context":"https:\/\/schema.org","@graph":[{"@type":"Article","@id":"https:\/\/blogg.svenskakyrkan.se\/vandravagen\/2013\/08\/18\/vem-ar-en-riktig-kristen\/#article","isPartOf":{"@id":"https:\/\/blogg.svenskakyrkan.se\/vandravagen\/2013\/08\/18\/vem-ar-en-riktig-kristen\/"},"author":{"name":"Tomas Jarvid","@id":"https:\/\/blogg.svenskakyrkan.se\/vandravagen\/#\/schema\/person\/25da02d4f76b137d04291711e2c9fc16"},"headline":"Vem \u00e4r en riktig kristen?","datePublished":"2013-08-18T06:00:00+00:00","mainEntityOfPage":{"@id":"https:\/\/blogg.svenskakyrkan.se\/vandravagen\/2013\/08\/18\/vem-ar-en-riktig-kristen\/"},"wordCount":467,"commentCount":2,"publisher":{"@id":"https:\/\/blogg.svenskakyrkan.se\/vandravagen\/#organization"},"image":{"@id":"https:\/\/blogg.svenskakyrkan.se\/vandravagen\/2013\/08\/18\/vem-ar-en-riktig-kristen\/#primaryimage"},"thumbnailUrl":"http:\/\/2.bp.blogspot.com\/-5WRJlsRVLuA\/Ug_I7oTaWFI\/AAAAAAAAE1w\/W0P-x5e9Ty4\/s400\/IMG_3037.JPG","articleSection":["andlighet","Teologi"],"inLanguage":"sv-SE","potentialAction":[{"@type":"CommentAction","name":"Comment","target":["https:\/\/blogg.svenskakyrkan.se\/vandravagen\/2013\/08\/18\/vem-ar-en-riktig-kristen\/#respond"]}]},{"@type":"WebPage","@id":"https:\/\/blogg.svenskakyrkan.se\/vandravagen\/2013\/08\/18\/vem-ar-en-riktig-kristen\/","url":"https:\/\/blogg.svenskakyrkan.se\/vandravagen\/2013\/08\/18\/vem-ar-en-riktig-kristen\/","name":"Vem \u00e4r en riktig kristen? - Vandra V\u00e4gen","isPartOf":{"@id":"https:\/\/blogg.svenskakyrkan.se\/vandravagen\/#website"},"primaryImageOfPage":{"@id":"https:\/\/blogg.svenskakyrkan.se\/vandravagen\/2013\/08\/18\/vem-ar-en-riktig-kristen\/#primaryimage"},"image":{"@id":"https:\/\/blogg.svenskakyrkan.se\/vandravagen\/2013\/08\/18\/vem-ar-en-riktig-kristen\/#primaryimage"},"thumbnailUrl":"http:\/\/2.bp.blogspot.com\/-5WRJlsRVLuA\/Ug_I7oTaWFI\/AAAAAAAAE1w\/W0P-x5e9Ty4\/s400\/IMG_3037.JPG","datePublished":"2013-08-18T06:00:00+00:00","breadcrumb":{"@id":"https:\/\/blogg.svenskakyrkan.se\/vandravagen\/2013\/08\/18\/vem-ar-en-riktig-kristen\/#breadcrumb"},"inLanguage":"sv-SE","potentialAction":[{"@type":"ReadAction","target":["https:\/\/blogg.svenskakyrkan.se\/vandravagen\/2013\/08\/18\/vem-ar-en-riktig-kristen\/"]}]},{"@type":"ImageObject","inLanguage":"sv-SE","@id":"https:\/\/blogg.svenskakyrkan.se\/vandravagen\/2013\/08\/18\/vem-ar-en-riktig-kristen\/#primaryimage","url":"http:\/\/2.bp.blogspot.com\/-5WRJlsRVLuA\/Ug_I7oTaWFI\/AAAAAAAAE1w\/W0P-x5e9Ty4\/s400\/IMG_3037.JPG","contentUrl":"http:\/\/2.bp.blogspot.com\/-5WRJlsRVLuA\/Ug_I7oTaWFI\/AAAAAAAAE1w\/W0P-x5e9Ty4\/s400\/IMG_3037.JPG"},{"@type":"BreadcrumbList","@id":"https:\/\/blogg.svenskakyrkan.se\/vandravagen\/2013\/08\/18\/vem-ar-en-riktig-kristen\/#breadcrumb","itemListElement":[{"@type":"ListItem","position":1,"name":"Hem","item":"https:\/\/blogg.svenskakyrkan.se\/vandravagen\/"},{"@type":"ListItem","position":2,"name":"Vem \u00e4r en riktig kristen?"}]},{"@type":"WebSite","@id":"https:\/\/blogg.svenskakyrkan.se\/vandravagen\/#website","url":"https:\/\/blogg.svenskakyrkan.se\/vandravagen\/","name":"Vandra V\u00e4gen","description":"-Mot en tro f\u00f6r hela livet","publisher":{"@id":"https:\/\/blogg.svenskakyrkan.se\/vandravagen\/#organization"},"potentialAction":[{"@type":"SearchAction","target":{"@type":"EntryPoint","urlTemplate":"https:\/\/blogg.svenskakyrkan.se\/vandravagen\/?s={search_term_string}"},"query-input":{"@type":"PropertyValueSpecification","valueRequired":true,"valueName":"search_term_string"}}],"inLanguage":"sv-SE"},{"@type":"Organization","@id":"https:\/\/blogg.svenskakyrkan.se\/vandravagen\/#organization","name":"ulricehamns pastorat","alternateName":"ulricehamns pastorat","url":"https:\/\/blogg.svenskakyrkan.se\/vandravagen\/","logo":{"@type":"ImageObject","inLanguage":"sv-SE","@id":"https:\/\/blogg.svenskakyrkan.se\/vandravagen\/#\/schema\/logo\/image\/","url":"https:\/\/blogg.svenskakyrkan.se\/vandravagen\/files\/2023\/05\/Ulr_logo_RGB.png","contentUrl":"https:\/\/blogg.svenskakyrkan.se\/vandravagen\/files\/2023\/05\/Ulr_logo_RGB.png","width":205,"height":77,"caption":"ulricehamns pastorat"},"image":{"@id":"https:\/\/blogg.svenskakyrkan.se\/vandravagen\/#\/schema\/logo\/image\/"},"sameAs":["http:\/\/facebook.com\/vandravagen","https:\/\/x.com\/fadertomas","http:\/\/www.facebook.com\/svenskakyrkaniulricehamn"]},{"@type":"Person","@id":"https:\/\/blogg.svenskakyrkan.se\/vandravagen\/#\/schema\/person\/25da02d4f76b137d04291711e2c9fc16","name":"Tomas Jarvid","image":{"@type":"ImageObject","inLanguage":"sv-SE","@id":"https:\/\/blogg.svenskakyrkan.se\/vandravagen\/#\/schema\/person\/image\/","url":"https:\/\/secure.gravatar.com\/avatar\/7fa71899795e8f540f615a1f5ab25255dc27aa40f05ee7ddd21aac521e01bf50?s=96&d=identicon&r=g","contentUrl":"https:\/\/secure.gravatar.com\/avatar\/7fa71899795e8f540f615a1f5ab25255dc27aa40f05ee7ddd21aac521e01bf50?s=96&d=identicon&r=g","caption":"Tomas Jarvid"},"description":"Jag bor i Ulricehamn i V\u00e4sterg\u00f6tland och \u00e4r f\u00f6rsamlingspr\u00e4st i Svenska Kyrkan f\u00f6r Dalstorps f\u00f6rsamling i Kinds pastorat. P\u00e5 den h\u00e4r bloggen skriver jag ner tankar om vandringen som kristen.","sameAs":["http:\/\/www.vandravagen.se"],"url":"https:\/\/blogg.svenskakyrkan.se\/vandravagen\/author\/vandravagen\/"}]}},"author_meta":{"ID":"392","user_nicename":"vandravagen","user_url":"http:\/\/www.vandravagen.se","user_registered":"2014-05-19 05:44:52","display_name":"Tomas Jarvid","first_name":"Tomas","last_name":"Jarvid","avatar":"https:\/\/secure.gravatar.com\/avatar\/7fa71899795e8f540f615a1f5ab25255dc27aa40f05ee7ddd21aac521e01bf50?s=96&d=identicon&r=g"},"featured_image":false,"bloginfo":{"name":"Vandra V\u00e4gen","url":"https:\/\/blogg.svenskakyrkan.se\/vandravagen"},"_links":{"self":[{"href":"https:\/\/blogg.svenskakyrkan.se\/vandravagen\/wp-json\/wp\/v2\/posts\/398","targetHints":{"allow":["GET"]}}],"collection":[{"href":"https:\/\/blogg.svenskakyrkan.se\/vandravagen\/wp-json\/wp\/v2\/posts"}],"about":[{"href":"https:\/\/blogg.svenskakyrkan.se\/vandravagen\/wp-json\/wp\/v2\/types\/post"}],"author":[{"embeddable":true,"href":"https:\/\/blogg.svenskakyrkan.se\/vandravagen\/wp-json\/wp\/v2\/users\/392"}],"replies":[{"embeddable":true,"href":"https:\/\/blogg.svenskakyrkan.se\/vandravagen\/wp-json\/wp\/v2\/comments?post=398"}],"version-history":[{"count":0,"href":"https:\/\/blogg.svenskakyrkan.se\/vandravagen\/wp-json\/wp\/v2\/posts\/398\/revisions"}],"wp:attachment":[{"href":"https:\/\/blogg.svenskakyrkan.se\/vandravagen\/wp-json\/wp\/v2\/media?parent=398"}],"wp:term":[{"taxonomy":"category","embeddable":true,"href":"https:\/\/blogg.svenskakyrkan.se\/vandravagen\/wp-json\/wp\/v2\/categories?post=398"},{"taxonomy":"post_tag","embeddable":true,"href":"https:\/\/blogg.svenskakyrkan.se\/vandravagen\/wp-json\/wp\/v2\/tags?post=398"}],"curies":[{"name":"wp","href":"https:\/\/api.w.org\/{rel}","templated":true}]}}