{"id":3982,"date":"2015-12-02T07:00:42","date_gmt":"2015-12-02T06:00:42","guid":{"rendered":"http:\/\/blogg.svenskakyrkan.se\/vandravagen\/?p=3982"},"modified":"2015-12-01T22:11:08","modified_gmt":"2015-12-01T21:11:08","slug":"odmjukhet-i-franciskus-anda","status":"publish","type":"post","link":"https:\/\/blogg.svenskakyrkan.se\/vandravagen\/2015\/12\/02\/odmjukhet-i-franciskus-anda\/","title":{"rendered":"\u00d6dmjukhet &#8211; i Franciskus anda"},"content":{"rendered":"<div id=\"attachment_3983\" style=\"width: 595px\" class=\"wp-caption aligncenter\"><a href=\"http:\/\/blogg.svenskakyrkan.se\/vandravagen\/files\/2015\/12\/62803xl.png\"><img loading=\"lazy\" decoding=\"async\" aria-describedby=\"caption-attachment-3983\" class=\"size-full wp-image-3983\" src=\"http:\/\/blogg.svenskakyrkan.se\/vandravagen\/files\/2015\/12\/62803xl.png\" alt=\"Franciskus. En av tidernas mest \u00f6dmjuka m\u00e4nniskor?\" width=\"585\" height=\"800\" srcset=\"https:\/\/blogg.svenskakyrkan.se\/vandravagen\/files\/2015\/12\/62803xl.png 585w, https:\/\/blogg.svenskakyrkan.se\/vandravagen\/files\/2015\/12\/62803xl-300x410.png 300w, https:\/\/blogg.svenskakyrkan.se\/vandravagen\/files\/2015\/12\/62803xl-219x300.png 219w\" sizes=\"auto, (max-width: 585px) 100vw, 585px\" \/><\/a><p id=\"caption-attachment-3983\" class=\"wp-caption-text\">Franciskus. En av tidernas mest \u00f6dmjuka m\u00e4nniskor?<\/p><\/div>\n<p>Till min stora gl\u00e4dje har jag f\u00f6r f\u00f6rsta g\u00e5ngen p\u00e5 l\u00e4nge en g\u00e4stbloggare h\u00e4r p\u00e5 Vandra V\u00e4gen. Det \u00e4r Johan Engvall, v\u00e5r lokala expert p\u00e5 den helige Franciskus, som skriver om vad det skulle inneb\u00e4ra om vi alla hade mer av den kristna dygden \u00f6dmjukhet. Ordet \u00f6ver till Johan:<\/p>\n<p><strong>Uppmaning: \u00d6dmjukhet \u2013 i Franciskus anda!<\/strong><\/p>\n<p>N\u00e4r Franciskus verkade p\u00e5 jorden som \u201dGuds lille fattige\u201d s\u00e5 gjorde han det genom <strong>de sju dygderna<\/strong>: \u00f6dmjukhet, generositet, kyskhet, medm\u00e4nsklighet, m\u00e5ttfullhet, t\u00e5lamod och flit. Jag vill belysa hur vi kan inspireras av den f\u00f6rstn\u00e4mnda, \u00f6dmjukheten.<\/p>\n<p>Det \u00e4r oundvikligt att inte p\u00e5verkas av de konflikter som p\u00e5g\u00e5r runt om i v\u00e4rlden och den massinvandringen till Europa som uppst\u00e5r tack vare detta. Det kanske k\u00e4nns \u00f6verm\u00e4ktigt att ta emot alla de migranter som vill komma till Sverige men innan man sj\u00e4lv g\u00f6r uttalande s\u00e5 vill jag uppmana till \u00f6dmjukhet. Vi i Sverige b\u00f6r vara \u00f6dmjuka till v\u00e5r historia f\u00f6r man beh\u00f6ver inte g\u00e5 m\u00e5nga generationer bak\u00e5t i tiden d\u00e5 m\u00e5nga svenskar tog sig till Amerika. Men vi b\u00f6r ocks\u00e5 vara \u00f6dmjuka f\u00f6r framtiden d\u00e5 vi inte vet vad den har att erbjuda. M\u00e5nga \u00e4r \u00f6vertygade att klimatet kommer att p\u00e5verka alla l\u00e4nder men hur och var det kommer att sl\u00e5 till som v\u00e4rst vet vi inte. Vem vet vi kanske sj\u00e4lva kommer att vara klimatflyktingar inom en snar framtid? Med detta som underlag b\u00f6r vi d\u00e4rf\u00f6r vara \u00f6dmjuka f\u00f6r samtiden d\u00e5 m\u00e4nniskor flyr en otrygg omgivning f\u00f6r att deras barn ska f\u00e5 en b\u00e4ttre framtid. Vi kan inte skylla p\u00e5 att Sverige inte har r\u00e5d d\u00e5 julhandeln r\u00e4knar med ett nytt rekord\u00e5r, resurserna beh\u00f6ver kanske bara styras om? Vi b\u00f6r vara \u00f6dmjuka f\u00f6r historieskrivningen d\u00e5 den kommer att dokumentera och i efterhand d\u00f6ma v\u00e5ra prioriteringar, s\u00e5som den ofta g\u00f6r. Hur vill vi att historieb\u00f6ckerna ska beskriva oss om 100 \u00e5r? \u00d6dmjuka eller giriga?<\/p>\n<p>Varje dag m\u00f6ter vi m\u00e4nniskor i b\u00e5de den virtuella och den verkliga v\u00e4rlden. F\u00f6rhoppningsvis sker de flesta m\u00f6ten med en \u00f6msesidig respekt och k\u00e4rlek men jag ser f\u00f6r m\u00e5nga m\u00f6ten som utmynnar i dess motsats. Vi agerar utifr\u00e5n de omst\u00e4ndigheter och den erfarenhet vi besitter men om vi \u00e4r \u00f6dmjuka f\u00f6r v\u00e5r egen och den andres \u201dryggs\u00e4ck\u201d skulle hatet minska drastiskt. Vi besitter allts\u00e5 p\u00e5 b\u00e5de en kunskap och en okunskap varav vi b\u00f6r vara \u00f6dmjuka inf\u00f6r b\u00e5da. Personen vi m\u00f6ter besitter ocks\u00e5 b\u00e5de kunskap och okunskap och d\u00e4rf\u00f6r b\u00f6r vi vara \u00f6dmjuka mot densamma. L\u00e5t oss respektera varandra och acceptera varandras olikheter och l\u00e4ra oss av dem ist\u00e4llet f\u00f6r att hata dem!<\/p>\n<p>Snart st\u00e5r julen f\u00f6r d\u00f6rren och det \u00e4r en tid f\u00f6r mycket k\u00e4rlek och omtanke. L\u00e5t m\u00f6tet med fr\u00e4mlingen ske och framf\u00f6r allt, var \u00f6dmjuk!<\/p>\n","protected":false},"excerpt":{"rendered":"<p>Till min stora gl\u00e4dje har jag f\u00f6r f\u00f6rsta g\u00e5ngen p\u00e5 l\u00e4nge en g\u00e4stbloggare h\u00e4r p\u00e5 Vandra V\u00e4gen. Det \u00e4r Johan Engvall, v\u00e5r lokala expert p\u00e5 den helige Franciskus, som skriver om vad det skulle inneb\u00e4ra om vi alla hade mer av den kristna dygden \u00f6dmjukhet. Ordet \u00f6ver till Johan: Uppmaning: \u00d6dmjukhet \u2013 i Franciskus anda! [&hellip;]<\/p>\n","protected":false},"author":392,"featured_media":0,"comment_status":"open","ping_status":"open","sticky":false,"template":"","format":"standard","meta":{"_acf_changed":false,"footnotes":""},"categories":[75887,76189,17359,19356,77554],"tags":[],"class_list":["post-3982","post","type-post","status-publish","format-standard","hentry","category-andlighet","category-dagens-kyrka","category-gastbloggare","category-helgon","category-vara-manniska"],"acf":[],"yoast_head":"<!-- This site is optimized with the Yoast SEO plugin v27.1.1 - https:\/\/yoast.com\/product\/yoast-seo-wordpress\/ -->\n<title>\u00d6dmjukhet - i Franciskus anda - Vandra V\u00e4gen<\/title>\n<meta name=\"robots\" content=\"index, follow, max-snippet:-1, max-image-preview:large, max-video-preview:-1\" \/>\n<link rel=\"canonical\" href=\"https:\/\/blogg.svenskakyrkan.se\/vandravagen\/2015\/12\/02\/odmjukhet-i-franciskus-anda\/\" \/>\n<meta property=\"og:locale\" content=\"sv_SE\" \/>\n<meta property=\"og:type\" content=\"article\" \/>\n<meta property=\"og:title\" content=\"\u00d6dmjukhet - i Franciskus anda - Vandra V\u00e4gen\" \/>\n<meta property=\"og:description\" content=\"Till min stora gl\u00e4dje har jag f\u00f6r f\u00f6rsta g\u00e5ngen p\u00e5 l\u00e4nge en g\u00e4stbloggare h\u00e4r p\u00e5 Vandra V\u00e4gen. Det \u00e4r Johan Engvall, v\u00e5r lokala expert p\u00e5 den helige Franciskus, som skriver om vad det skulle inneb\u00e4ra om vi alla hade mer av den kristna dygden \u00f6dmjukhet. Ordet \u00f6ver till Johan: Uppmaning: \u00d6dmjukhet \u2013 i Franciskus anda! [&hellip;]\" \/>\n<meta property=\"og:url\" content=\"https:\/\/blogg.svenskakyrkan.se\/vandravagen\/2015\/12\/02\/odmjukhet-i-franciskus-anda\/\" \/>\n<meta property=\"og:site_name\" content=\"Vandra V\u00e4gen\" \/>\n<meta property=\"article:publisher\" content=\"http:\/\/facebook.com\/vandravagen\" \/>\n<meta property=\"article:published_time\" content=\"2015-12-02T06:00:42+00:00\" \/>\n<meta property=\"og:image\" content=\"http:\/\/blogg.svenskakyrkan.se\/vandravagen\/files\/2015\/12\/62803xl.png\" \/>\n<meta name=\"author\" content=\"Tomas Jarvid\" \/>\n<meta name=\"twitter:card\" content=\"summary_large_image\" \/>\n<meta name=\"twitter:creator\" content=\"@fadertomas\" \/>\n<meta name=\"twitter:site\" content=\"@fadertomas\" \/>\n<meta name=\"twitter:label1\" content=\"Skriven av\" \/>\n\t<meta name=\"twitter:data1\" content=\"Tomas Jarvid\" \/>\n\t<meta name=\"twitter:label2\" content=\"Ber\u00e4knad l\u00e4stid\" \/>\n\t<meta name=\"twitter:data2\" content=\"3 minuter\" \/>\n<script type=\"application\/ld+json\" class=\"yoast-schema-graph\">{\"@context\":\"https:\/\/schema.org\",\"@graph\":[{\"@type\":\"Article\",\"@id\":\"https:\/\/blogg.svenskakyrkan.se\/vandravagen\/2015\/12\/02\/odmjukhet-i-franciskus-anda\/#article\",\"isPartOf\":{\"@id\":\"https:\/\/blogg.svenskakyrkan.se\/vandravagen\/2015\/12\/02\/odmjukhet-i-franciskus-anda\/\"},\"author\":{\"name\":\"Tomas Jarvid\",\"@id\":\"https:\/\/blogg.svenskakyrkan.se\/vandravagen\/#\/schema\/person\/25da02d4f76b137d04291711e2c9fc16\"},\"headline\":\"\u00d6dmjukhet &#8211; i Franciskus anda\",\"datePublished\":\"2015-12-02T06:00:42+00:00\",\"mainEntityOfPage\":{\"@id\":\"https:\/\/blogg.svenskakyrkan.se\/vandravagen\/2015\/12\/02\/odmjukhet-i-franciskus-anda\/\"},\"wordCount\":557,\"commentCount\":0,\"publisher\":{\"@id\":\"https:\/\/blogg.svenskakyrkan.se\/vandravagen\/#organization\"},\"image\":{\"@id\":\"https:\/\/blogg.svenskakyrkan.se\/vandravagen\/2015\/12\/02\/odmjukhet-i-franciskus-anda\/#primaryimage\"},\"thumbnailUrl\":\"http:\/\/blogg.svenskakyrkan.se\/vandravagen\/files\/2015\/12\/62803xl.png\",\"articleSection\":[\"andlighet\",\"Dagens Kyrka\",\"g\u00e4stbloggare\",\"helgon\",\"vara m\u00e4nniska\"],\"inLanguage\":\"sv-SE\",\"potentialAction\":[{\"@type\":\"CommentAction\",\"name\":\"Comment\",\"target\":[\"https:\/\/blogg.svenskakyrkan.se\/vandravagen\/2015\/12\/02\/odmjukhet-i-franciskus-anda\/#respond\"]}]},{\"@type\":\"WebPage\",\"@id\":\"https:\/\/blogg.svenskakyrkan.se\/vandravagen\/2015\/12\/02\/odmjukhet-i-franciskus-anda\/\",\"url\":\"https:\/\/blogg.svenskakyrkan.se\/vandravagen\/2015\/12\/02\/odmjukhet-i-franciskus-anda\/\",\"name\":\"\u00d6dmjukhet - i Franciskus anda - Vandra V\u00e4gen\",\"isPartOf\":{\"@id\":\"https:\/\/blogg.svenskakyrkan.se\/vandravagen\/#website\"},\"primaryImageOfPage\":{\"@id\":\"https:\/\/blogg.svenskakyrkan.se\/vandravagen\/2015\/12\/02\/odmjukhet-i-franciskus-anda\/#primaryimage\"},\"image\":{\"@id\":\"https:\/\/blogg.svenskakyrkan.se\/vandravagen\/2015\/12\/02\/odmjukhet-i-franciskus-anda\/#primaryimage\"},\"thumbnailUrl\":\"http:\/\/blogg.svenskakyrkan.se\/vandravagen\/files\/2015\/12\/62803xl.png\",\"datePublished\":\"2015-12-02T06:00:42+00:00\",\"breadcrumb\":{\"@id\":\"https:\/\/blogg.svenskakyrkan.se\/vandravagen\/2015\/12\/02\/odmjukhet-i-franciskus-anda\/#breadcrumb\"},\"inLanguage\":\"sv-SE\",\"potentialAction\":[{\"@type\":\"ReadAction\",\"target\":[\"https:\/\/blogg.svenskakyrkan.se\/vandravagen\/2015\/12\/02\/odmjukhet-i-franciskus-anda\/\"]}]},{\"@type\":\"ImageObject\",\"inLanguage\":\"sv-SE\",\"@id\":\"https:\/\/blogg.svenskakyrkan.se\/vandravagen\/2015\/12\/02\/odmjukhet-i-franciskus-anda\/#primaryimage\",\"url\":\"http:\/\/blogg.svenskakyrkan.se\/vandravagen\/files\/2015\/12\/62803xl.png\",\"contentUrl\":\"http:\/\/blogg.svenskakyrkan.se\/vandravagen\/files\/2015\/12\/62803xl.png\"},{\"@type\":\"BreadcrumbList\",\"@id\":\"https:\/\/blogg.svenskakyrkan.se\/vandravagen\/2015\/12\/02\/odmjukhet-i-franciskus-anda\/#breadcrumb\",\"itemListElement\":[{\"@type\":\"ListItem\",\"position\":1,\"name\":\"Hem\",\"item\":\"https:\/\/blogg.svenskakyrkan.se\/vandravagen\/\"},{\"@type\":\"ListItem\",\"position\":2,\"name\":\"\u00d6dmjukhet &#8211; i Franciskus anda\"}]},{\"@type\":\"WebSite\",\"@id\":\"https:\/\/blogg.svenskakyrkan.se\/vandravagen\/#website\",\"url\":\"https:\/\/blogg.svenskakyrkan.se\/vandravagen\/\",\"name\":\"Vandra V\u00e4gen\",\"description\":\"-Mot en tro f\u00f6r hela livet\",\"publisher\":{\"@id\":\"https:\/\/blogg.svenskakyrkan.se\/vandravagen\/#organization\"},\"potentialAction\":[{\"@type\":\"SearchAction\",\"target\":{\"@type\":\"EntryPoint\",\"urlTemplate\":\"https:\/\/blogg.svenskakyrkan.se\/vandravagen\/?s={search_term_string}\"},\"query-input\":{\"@type\":\"PropertyValueSpecification\",\"valueRequired\":true,\"valueName\":\"search_term_string\"}}],\"inLanguage\":\"sv-SE\"},{\"@type\":\"Organization\",\"@id\":\"https:\/\/blogg.svenskakyrkan.se\/vandravagen\/#organization\",\"name\":\"ulricehamns pastorat\",\"alternateName\":\"ulricehamns pastorat\",\"url\":\"https:\/\/blogg.svenskakyrkan.se\/vandravagen\/\",\"logo\":{\"@type\":\"ImageObject\",\"inLanguage\":\"sv-SE\",\"@id\":\"https:\/\/blogg.svenskakyrkan.se\/vandravagen\/#\/schema\/logo\/image\/\",\"url\":\"https:\/\/blogg.svenskakyrkan.se\/vandravagen\/files\/2023\/05\/Ulr_logo_RGB.png\",\"contentUrl\":\"https:\/\/blogg.svenskakyrkan.se\/vandravagen\/files\/2023\/05\/Ulr_logo_RGB.png\",\"width\":205,\"height\":77,\"caption\":\"ulricehamns pastorat\"},\"image\":{\"@id\":\"https:\/\/blogg.svenskakyrkan.se\/vandravagen\/#\/schema\/logo\/image\/\"},\"sameAs\":[\"http:\/\/facebook.com\/vandravagen\",\"https:\/\/x.com\/fadertomas\",\"http:\/\/www.facebook.com\/svenskakyrkaniulricehamn\"]},{\"@type\":\"Person\",\"@id\":\"https:\/\/blogg.svenskakyrkan.se\/vandravagen\/#\/schema\/person\/25da02d4f76b137d04291711e2c9fc16\",\"name\":\"Tomas Jarvid\",\"image\":{\"@type\":\"ImageObject\",\"inLanguage\":\"sv-SE\",\"@id\":\"https:\/\/blogg.svenskakyrkan.se\/vandravagen\/#\/schema\/person\/image\/\",\"url\":\"https:\/\/secure.gravatar.com\/avatar\/7fa71899795e8f540f615a1f5ab25255dc27aa40f05ee7ddd21aac521e01bf50?s=96&d=identicon&r=g\",\"contentUrl\":\"https:\/\/secure.gravatar.com\/avatar\/7fa71899795e8f540f615a1f5ab25255dc27aa40f05ee7ddd21aac521e01bf50?s=96&d=identicon&r=g\",\"caption\":\"Tomas Jarvid\"},\"description\":\"Jag bor i Ulricehamn i V\u00e4sterg\u00f6tland och \u00e4r f\u00f6rsamlingspr\u00e4st i Svenska Kyrkan f\u00f6r Dalstorps f\u00f6rsamling i Kinds pastorat. P\u00e5 den h\u00e4r bloggen skriver jag ner tankar om vandringen som kristen.\",\"sameAs\":[\"http:\/\/www.vandravagen.se\"],\"url\":\"https:\/\/blogg.svenskakyrkan.se\/vandravagen\/author\/vandravagen\/\"}]}<\/script>\n<!-- \/ Yoast SEO plugin. -->","yoast_head_json":{"title":"\u00d6dmjukhet - i Franciskus anda - Vandra V\u00e4gen","robots":{"index":"index","follow":"follow","max-snippet":"max-snippet:-1","max-image-preview":"max-image-preview:large","max-video-preview":"max-video-preview:-1"},"canonical":"https:\/\/blogg.svenskakyrkan.se\/vandravagen\/2015\/12\/02\/odmjukhet-i-franciskus-anda\/","og_locale":"sv_SE","og_type":"article","og_title":"\u00d6dmjukhet - i Franciskus anda - Vandra V\u00e4gen","og_description":"Till min stora gl\u00e4dje har jag f\u00f6r f\u00f6rsta g\u00e5ngen p\u00e5 l\u00e4nge en g\u00e4stbloggare h\u00e4r p\u00e5 Vandra V\u00e4gen. Det \u00e4r Johan Engvall, v\u00e5r lokala expert p\u00e5 den helige Franciskus, som skriver om vad det skulle inneb\u00e4ra om vi alla hade mer av den kristna dygden \u00f6dmjukhet. Ordet \u00f6ver till Johan: Uppmaning: \u00d6dmjukhet \u2013 i Franciskus anda! [&hellip;]","og_url":"https:\/\/blogg.svenskakyrkan.se\/vandravagen\/2015\/12\/02\/odmjukhet-i-franciskus-anda\/","og_site_name":"Vandra V\u00e4gen","article_publisher":"http:\/\/facebook.com\/vandravagen","article_published_time":"2015-12-02T06:00:42+00:00","og_image":[{"url":"http:\/\/blogg.svenskakyrkan.se\/vandravagen\/files\/2015\/12\/62803xl.png","type":"","width":"","height":""}],"author":"Tomas Jarvid","twitter_card":"summary_large_image","twitter_creator":"@fadertomas","twitter_site":"@fadertomas","twitter_misc":{"Skriven av":"Tomas Jarvid","Ber\u00e4knad l\u00e4stid":"3 minuter"},"schema":{"@context":"https:\/\/schema.org","@graph":[{"@type":"Article","@id":"https:\/\/blogg.svenskakyrkan.se\/vandravagen\/2015\/12\/02\/odmjukhet-i-franciskus-anda\/#article","isPartOf":{"@id":"https:\/\/blogg.svenskakyrkan.se\/vandravagen\/2015\/12\/02\/odmjukhet-i-franciskus-anda\/"},"author":{"name":"Tomas Jarvid","@id":"https:\/\/blogg.svenskakyrkan.se\/vandravagen\/#\/schema\/person\/25da02d4f76b137d04291711e2c9fc16"},"headline":"\u00d6dmjukhet &#8211; i Franciskus anda","datePublished":"2015-12-02T06:00:42+00:00","mainEntityOfPage":{"@id":"https:\/\/blogg.svenskakyrkan.se\/vandravagen\/2015\/12\/02\/odmjukhet-i-franciskus-anda\/"},"wordCount":557,"commentCount":0,"publisher":{"@id":"https:\/\/blogg.svenskakyrkan.se\/vandravagen\/#organization"},"image":{"@id":"https:\/\/blogg.svenskakyrkan.se\/vandravagen\/2015\/12\/02\/odmjukhet-i-franciskus-anda\/#primaryimage"},"thumbnailUrl":"http:\/\/blogg.svenskakyrkan.se\/vandravagen\/files\/2015\/12\/62803xl.png","articleSection":["andlighet","Dagens Kyrka","g\u00e4stbloggare","helgon","vara m\u00e4nniska"],"inLanguage":"sv-SE","potentialAction":[{"@type":"CommentAction","name":"Comment","target":["https:\/\/blogg.svenskakyrkan.se\/vandravagen\/2015\/12\/02\/odmjukhet-i-franciskus-anda\/#respond"]}]},{"@type":"WebPage","@id":"https:\/\/blogg.svenskakyrkan.se\/vandravagen\/2015\/12\/02\/odmjukhet-i-franciskus-anda\/","url":"https:\/\/blogg.svenskakyrkan.se\/vandravagen\/2015\/12\/02\/odmjukhet-i-franciskus-anda\/","name":"\u00d6dmjukhet - i Franciskus anda - Vandra V\u00e4gen","isPartOf":{"@id":"https:\/\/blogg.svenskakyrkan.se\/vandravagen\/#website"},"primaryImageOfPage":{"@id":"https:\/\/blogg.svenskakyrkan.se\/vandravagen\/2015\/12\/02\/odmjukhet-i-franciskus-anda\/#primaryimage"},"image":{"@id":"https:\/\/blogg.svenskakyrkan.se\/vandravagen\/2015\/12\/02\/odmjukhet-i-franciskus-anda\/#primaryimage"},"thumbnailUrl":"http:\/\/blogg.svenskakyrkan.se\/vandravagen\/files\/2015\/12\/62803xl.png","datePublished":"2015-12-02T06:00:42+00:00","breadcrumb":{"@id":"https:\/\/blogg.svenskakyrkan.se\/vandravagen\/2015\/12\/02\/odmjukhet-i-franciskus-anda\/#breadcrumb"},"inLanguage":"sv-SE","potentialAction":[{"@type":"ReadAction","target":["https:\/\/blogg.svenskakyrkan.se\/vandravagen\/2015\/12\/02\/odmjukhet-i-franciskus-anda\/"]}]},{"@type":"ImageObject","inLanguage":"sv-SE","@id":"https:\/\/blogg.svenskakyrkan.se\/vandravagen\/2015\/12\/02\/odmjukhet-i-franciskus-anda\/#primaryimage","url":"http:\/\/blogg.svenskakyrkan.se\/vandravagen\/files\/2015\/12\/62803xl.png","contentUrl":"http:\/\/blogg.svenskakyrkan.se\/vandravagen\/files\/2015\/12\/62803xl.png"},{"@type":"BreadcrumbList","@id":"https:\/\/blogg.svenskakyrkan.se\/vandravagen\/2015\/12\/02\/odmjukhet-i-franciskus-anda\/#breadcrumb","itemListElement":[{"@type":"ListItem","position":1,"name":"Hem","item":"https:\/\/blogg.svenskakyrkan.se\/vandravagen\/"},{"@type":"ListItem","position":2,"name":"\u00d6dmjukhet &#8211; i Franciskus anda"}]},{"@type":"WebSite","@id":"https:\/\/blogg.svenskakyrkan.se\/vandravagen\/#website","url":"https:\/\/blogg.svenskakyrkan.se\/vandravagen\/","name":"Vandra V\u00e4gen","description":"-Mot en tro f\u00f6r hela livet","publisher":{"@id":"https:\/\/blogg.svenskakyrkan.se\/vandravagen\/#organization"},"potentialAction":[{"@type":"SearchAction","target":{"@type":"EntryPoint","urlTemplate":"https:\/\/blogg.svenskakyrkan.se\/vandravagen\/?s={search_term_string}"},"query-input":{"@type":"PropertyValueSpecification","valueRequired":true,"valueName":"search_term_string"}}],"inLanguage":"sv-SE"},{"@type":"Organization","@id":"https:\/\/blogg.svenskakyrkan.se\/vandravagen\/#organization","name":"ulricehamns pastorat","alternateName":"ulricehamns pastorat","url":"https:\/\/blogg.svenskakyrkan.se\/vandravagen\/","logo":{"@type":"ImageObject","inLanguage":"sv-SE","@id":"https:\/\/blogg.svenskakyrkan.se\/vandravagen\/#\/schema\/logo\/image\/","url":"https:\/\/blogg.svenskakyrkan.se\/vandravagen\/files\/2023\/05\/Ulr_logo_RGB.png","contentUrl":"https:\/\/blogg.svenskakyrkan.se\/vandravagen\/files\/2023\/05\/Ulr_logo_RGB.png","width":205,"height":77,"caption":"ulricehamns pastorat"},"image":{"@id":"https:\/\/blogg.svenskakyrkan.se\/vandravagen\/#\/schema\/logo\/image\/"},"sameAs":["http:\/\/facebook.com\/vandravagen","https:\/\/x.com\/fadertomas","http:\/\/www.facebook.com\/svenskakyrkaniulricehamn"]},{"@type":"Person","@id":"https:\/\/blogg.svenskakyrkan.se\/vandravagen\/#\/schema\/person\/25da02d4f76b137d04291711e2c9fc16","name":"Tomas Jarvid","image":{"@type":"ImageObject","inLanguage":"sv-SE","@id":"https:\/\/blogg.svenskakyrkan.se\/vandravagen\/#\/schema\/person\/image\/","url":"https:\/\/secure.gravatar.com\/avatar\/7fa71899795e8f540f615a1f5ab25255dc27aa40f05ee7ddd21aac521e01bf50?s=96&d=identicon&r=g","contentUrl":"https:\/\/secure.gravatar.com\/avatar\/7fa71899795e8f540f615a1f5ab25255dc27aa40f05ee7ddd21aac521e01bf50?s=96&d=identicon&r=g","caption":"Tomas Jarvid"},"description":"Jag bor i Ulricehamn i V\u00e4sterg\u00f6tland och \u00e4r f\u00f6rsamlingspr\u00e4st i Svenska Kyrkan f\u00f6r Dalstorps f\u00f6rsamling i Kinds pastorat. P\u00e5 den h\u00e4r bloggen skriver jag ner tankar om vandringen som kristen.","sameAs":["http:\/\/www.vandravagen.se"],"url":"https:\/\/blogg.svenskakyrkan.se\/vandravagen\/author\/vandravagen\/"}]}},"author_meta":{"ID":"392","user_nicename":"vandravagen","user_url":"http:\/\/www.vandravagen.se","user_registered":"2014-05-19 05:44:52","display_name":"Tomas Jarvid","first_name":"Tomas","last_name":"Jarvid","avatar":"https:\/\/secure.gravatar.com\/avatar\/7fa71899795e8f540f615a1f5ab25255dc27aa40f05ee7ddd21aac521e01bf50?s=96&d=identicon&r=g"},"featured_image":false,"bloginfo":{"name":"Vandra V\u00e4gen","url":"https:\/\/blogg.svenskakyrkan.se\/vandravagen"},"_links":{"self":[{"href":"https:\/\/blogg.svenskakyrkan.se\/vandravagen\/wp-json\/wp\/v2\/posts\/3982","targetHints":{"allow":["GET"]}}],"collection":[{"href":"https:\/\/blogg.svenskakyrkan.se\/vandravagen\/wp-json\/wp\/v2\/posts"}],"about":[{"href":"https:\/\/blogg.svenskakyrkan.se\/vandravagen\/wp-json\/wp\/v2\/types\/post"}],"author":[{"embeddable":true,"href":"https:\/\/blogg.svenskakyrkan.se\/vandravagen\/wp-json\/wp\/v2\/users\/392"}],"replies":[{"embeddable":true,"href":"https:\/\/blogg.svenskakyrkan.se\/vandravagen\/wp-json\/wp\/v2\/comments?post=3982"}],"version-history":[{"count":1,"href":"https:\/\/blogg.svenskakyrkan.se\/vandravagen\/wp-json\/wp\/v2\/posts\/3982\/revisions"}],"predecessor-version":[{"id":3984,"href":"https:\/\/blogg.svenskakyrkan.se\/vandravagen\/wp-json\/wp\/v2\/posts\/3982\/revisions\/3984"}],"wp:attachment":[{"href":"https:\/\/blogg.svenskakyrkan.se\/vandravagen\/wp-json\/wp\/v2\/media?parent=3982"}],"wp:term":[{"taxonomy":"category","embeddable":true,"href":"https:\/\/blogg.svenskakyrkan.se\/vandravagen\/wp-json\/wp\/v2\/categories?post=3982"},{"taxonomy":"post_tag","embeddable":true,"href":"https:\/\/blogg.svenskakyrkan.se\/vandravagen\/wp-json\/wp\/v2\/tags?post=3982"}],"curies":[{"name":"wp","href":"https:\/\/api.w.org\/{rel}","templated":true}]}}