{"id":400,"date":"2013-08-16T08:15:00","date_gmt":"2013-08-16T06:15:00","guid":{"rendered":"http:\/\/blogg.svenskakyrkan.se\/vandravagen\/2013\/08\/16\/att-gora-praktik-som-kristen\/"},"modified":"2013-08-16T08:15:00","modified_gmt":"2013-08-16T06:15:00","slug":"att-gora-praktik-som-kristen","status":"publish","type":"post","link":"https:\/\/blogg.svenskakyrkan.se\/vandravagen\/2013\/08\/16\/att-gora-praktik-som-kristen\/","title":{"rendered":"Att g\u00f6ra praktik som kristen"},"content":{"rendered":"<table align=\"center\" cellpadding=\"0\" cellspacing=\"0\">\n<tbody>\n<tr>\n<td><a href=\"http:\/\/1.bp.blogspot.com\/-ayP0eDyo3KQ\/Ug3DYHxvNJI\/AAAAAAAAE1g\/tY64q2zCcwk\/s1600\/IMG_3878.JPG\"><img loading=\"lazy\" decoding=\"async\" border=\"0\" height=\"640\" src=\"http:\/\/1.bp.blogspot.com\/-ayP0eDyo3KQ\/Ug3DYHxvNJI\/AAAAAAAAE1g\/tY64q2zCcwk\/s640\/IMG_3878.JPG\" width=\"457\"><\/a><\/td>\n<\/tr>\n<tr>\n<td>Brobygge, lite som att hitta s\u00e4tt att f\u00e5 tron att m\u00f6ta vardagslivet?<\/td>\n<\/tr>\n<\/tbody>\n<\/table>\n<p>Ig\u00e5r skrev jag om att <a href=\"http:\/\/www.vandravagen.se\/2013\/08\/ar-jag-ateist-nar-det-kommer-till.html\">\u00e4ven den som ser sig som troende ofta \u00e4r ateist i praktiken<\/a>, n\u00e4r det kommer till hur vi lever v\u00e5ra liv. Jag vill forts\u00e4tta lite p\u00e5 det sp\u00e5ret och idag skriva om <i>att g\u00f6ra praktik som kristen. <\/i>Dels f\u00f6r att det \u00e4r en fyndig formulering men fr\u00e4mst f\u00f6r att det \u00e4r viktigt.<\/p>\n<p>I v\u00e5r kultur omger vi oss mycket med abstraktioner. Det \u00e4r tankar, id\u00e9er och annat. I allt h\u00f6gre grad \u00e4r de f\u00f6rem\u00e5let f\u00f6r v\u00e5ra liv i form av studier, mer abstrakta arbetsuppgifter och s\u00e5 vidare. Det \u00e4r dessutom mycket s\u00e5 med den kristna tron i v\u00e5r tid (och i tidigare tider) att den g\u00e4rna hamnar i det abstrakta. Tron blir en del i kultur- och id\u00e9debatten i samh\u00e4llet och n\u00e5got som har med finst\u00e4mda k\u00e4nslor som l\u00e4ngtan och stillhet att g\u00f6ra. Inget ont med det i sig men det r\u00e4cker inte f\u00f6r att tron ska kunna spela en viktig roll i livet.<\/p>\n<p>Evangeliet \u00e4r budskapet om Ordet som blev k\u00f6tt. Gud sj\u00e4lv blev genom Jesus s\u00e5 konkret n\u00e4rvarande i v\u00e4rlden att vi kan finna det st\u00f6tande.<\/p>\n<p>Det \u00e4r allt viktigare att vi ocks\u00e5 g\u00f6r praktik av den kristna tron. Det viktigaste jag f\u00f6rs\u00f6ker s\u00e4ga med den h\u00e4r bloggen \u00e4r ju att den kristna tron \u00e4r en <i>v\u00e4g<\/i>. Det \u00e4r ett liv vi ska leva, inte bara l\u00e4rosatser vi ska f\u00f6rst\u00e5 (\u00e4ven om det \u00e4r bra).<\/p>\n<p>Hur g\u00f6r man d\u00e5 praktik av den kristna tron? Jo, genom vanor d\u00e4r tron f\u00e5r m\u00f6ta livet i vardag och i helg. Vi f\u00e5r en bra sammanfattning av olika aspekter i apostlag\u00e4rningarna. Det \u00e4r som en kostcirkel d\u00e4r man s\u00e4kert tycker om olika saker men d\u00e4r det \u00e4r bra om allt finns med i \u00e5tminstone n\u00e5gon utstr\u00e4ckning.<\/p>\n<blockquote>\n<p>De deltog troget i apostlarnas undervisning och den inb\u00f6rdes hj\u00e4lpen, i br\u00f6dbrytandet och b\u00f6nerna.<br \/>Apg 2:42 bibeln 2000<\/p>\n<\/blockquote>\n<div><b><br \/><\/b><b>Att g\u00f6ra praktik som kristen \u00e4r att f\u00f6rdjupa sig<\/b> i den kristna tron. F\u00f6r de f\u00f6rsta kristna innebar det att lyssna p\u00e5 apostlarna rent konkret. Vi f\u00e5r lyssna p\u00e5 andra som kommit en bit p\u00e5 v\u00e4gen, och vi f\u00e5r f\u00f6rdjupa oss i bibeln. Kristen tro \u00e4r ingen solosport utan n\u00e5got vi beh\u00f6ver st\u00f6d av andra i!<\/p>\n<p><b>Att g\u00f6ra praktik som kristen \u00e4r att hj\u00e4lpa andra<\/b>. Vi m\u00e5ste p\u00e5 olika s\u00e4tt ge vidare av det vi f\u00e5r i livet, annars blir vi som en grumlig damm utan utfl\u00f6de.<\/p>\n<p><b>Att g\u00f6ra praktik som kristen \u00e4r att vara med och bryta br\u00f6det<\/b>. Det vill s\u00e4ga fira nattvard och p\u00e5minnas om att v\u00e5ra liv \u00e4r f\u00f6renade med Jesus som blev bruten f\u00f6r att vi ska f\u00e5 helande. Det \u00e4r den av punkterna som g\u00f6r det tydligast att det kristna livet inte h\u00e4nger p\u00e5 v\u00e5ra prestationer utan p\u00e5 Guds g\u00e5vor.<\/p>\n<p><b>Att g\u00f6ra praktik som kristen \u00e4r att be<\/b>. B\u00f6n \u00e4r tro i aktion. Tro \u00e4r ju till sitt v\u00e4sen att f\u00f6rlita sig p\u00e5 Gud, f\u00f6r att \u00f6va oss i det m\u00e5ste vi hela tiden v\u00e4nda oss ut fr\u00e5n oss sj\u00e4lva mot Gud och be kring vad det \u00e4n \u00e4r vi har p\u00e5 hj\u00e4rtat.<\/p>\n<p>Tv\u00e5 saker \u00e4r v\u00e4rda att s\u00e4gas om detta. <b>F\u00f6r det f\u00f6rsta<\/b> kanske det k\u00e4nns nu som att det h\u00e4r \u00e4r en l\u00e5ng och jobbig kravlista? Fundera d\u00e5 p\u00e5 om det inte \u00e4r s\u00e5 att du redan g\u00f6r mycket av det h\u00e4r, det g\u00e4ller bara att bli medveten om det. Jag tror ocks\u00e5 att m\u00e5nga av oss l\u00e4ngtar efter att tron ska f\u00e5 en tydligare plats i v\u00e5ra liv och d\u00e5 \u00e4r det ju inga yttre krav som st\u00e4lls p\u00e5 oss utan n\u00e5got vi sj\u00e4lva vill, det \u00e4r f\u00f6rmodligen mycket b\u00e4ttre som drivkraft.<\/p>\n<p>F\u00f6r det andra finns hela kostcirkeln samlad i miniatyr i gudstj\u00e4nsten (fr\u00e5n mitt perspektiv betyder det h\u00f6gm\u00e4ssan i svenska kyrkan). D\u00e4r ber vi, m\u00f6ter varandra, hj\u00e4lper andra genom kollekten, bryter br\u00f6det och lyssnar till bibeln och utl\u00e4ggning av den i predikan. G\u00e5r man i gudstj\u00e4nsten kan man d\u00e4rf\u00f6r alltid vara s\u00e4ker p\u00e5 att \u00e5tminstone ha n\u00e5got av detta i sitt liv om man (som de flesta) har sv\u00e5rt att uppr\u00e4tth\u00e5lla s\u00e5dana rutiner helt sj\u00e4lv.<\/p>\n<p>Har du som l\u00e4ser n\u00e5got att till\u00e4gga om det konkret praktiska livet som h\u00e5ller tron aktuell f\u00f6r dig? Skriv hemskt g\u00e4rna en kommentar!<\/p>\n<\/div>\n","protected":false},"excerpt":{"rendered":"<p>Brobygge, lite som att hitta s\u00e4tt att f\u00e5 tron att m\u00f6ta vardagslivet? Ig\u00e5r skrev jag om att \u00e4ven den som ser sig som troende ofta \u00e4r ateist i praktiken, n\u00e4r det kommer till hur vi lever v\u00e5ra liv. Jag vill forts\u00e4tta lite p\u00e5 det sp\u00e5ret och idag skriva om att g\u00f6ra praktik som kristen. Dels [&hellip;]<\/p>\n","protected":false},"author":392,"featured_media":0,"comment_status":"open","ping_status":"open","sticky":false,"template":"","format":"standard","meta":{"_acf_changed":false,"footnotes":""},"categories":[75887,8298,117],"tags":[],"class_list":["post-400","post","type-post","status-publish","format-standard","hentry","category-andlighet","category-bibeln","category-teologi"],"acf":[],"yoast_head":"<!-- This site is optimized with the Yoast SEO plugin v27.1.1 - https:\/\/yoast.com\/product\/yoast-seo-wordpress\/ -->\n<title>Att g\u00f6ra praktik som kristen - Vandra V\u00e4gen<\/title>\n<meta name=\"robots\" content=\"index, follow, max-snippet:-1, max-image-preview:large, max-video-preview:-1\" \/>\n<link rel=\"canonical\" href=\"https:\/\/blogg.svenskakyrkan.se\/vandravagen\/2013\/08\/16\/att-gora-praktik-som-kristen\/\" \/>\n<meta property=\"og:locale\" content=\"sv_SE\" \/>\n<meta property=\"og:type\" content=\"article\" \/>\n<meta property=\"og:title\" content=\"Att g\u00f6ra praktik som kristen - Vandra V\u00e4gen\" \/>\n<meta property=\"og:description\" content=\"Brobygge, lite som att hitta s\u00e4tt att f\u00e5 tron att m\u00f6ta vardagslivet? Ig\u00e5r skrev jag om att \u00e4ven den som ser sig som troende ofta \u00e4r ateist i praktiken, n\u00e4r det kommer till hur vi lever v\u00e5ra liv. Jag vill forts\u00e4tta lite p\u00e5 det sp\u00e5ret och idag skriva om att g\u00f6ra praktik som kristen. Dels [&hellip;]\" \/>\n<meta property=\"og:url\" content=\"https:\/\/blogg.svenskakyrkan.se\/vandravagen\/2013\/08\/16\/att-gora-praktik-som-kristen\/\" \/>\n<meta property=\"og:site_name\" content=\"Vandra V\u00e4gen\" \/>\n<meta property=\"article:publisher\" content=\"http:\/\/facebook.com\/vandravagen\" \/>\n<meta property=\"article:published_time\" content=\"2013-08-16T06:15:00+00:00\" \/>\n<meta property=\"og:image\" content=\"http:\/\/1.bp.blogspot.com\/-ayP0eDyo3KQ\/Ug3DYHxvNJI\/AAAAAAAAE1g\/tY64q2zCcwk\/s640\/IMG_3878.JPG\" \/>\n<meta name=\"author\" content=\"Tomas Jarvid\" \/>\n<meta name=\"twitter:card\" content=\"summary_large_image\" \/>\n<meta name=\"twitter:creator\" content=\"@fadertomas\" \/>\n<meta name=\"twitter:site\" content=\"@fadertomas\" \/>\n<meta name=\"twitter:label1\" content=\"Skriven av\" \/>\n\t<meta name=\"twitter:data1\" content=\"Tomas Jarvid\" \/>\n\t<meta name=\"twitter:label2\" content=\"Ber\u00e4knad l\u00e4stid\" \/>\n\t<meta name=\"twitter:data2\" content=\"4 minuter\" \/>\n<script type=\"application\/ld+json\" class=\"yoast-schema-graph\">{\"@context\":\"https:\/\/schema.org\",\"@graph\":[{\"@type\":\"Article\",\"@id\":\"https:\/\/blogg.svenskakyrkan.se\/vandravagen\/2013\/08\/16\/att-gora-praktik-som-kristen\/#article\",\"isPartOf\":{\"@id\":\"https:\/\/blogg.svenskakyrkan.se\/vandravagen\/2013\/08\/16\/att-gora-praktik-som-kristen\/\"},\"author\":{\"name\":\"Tomas Jarvid\",\"@id\":\"https:\/\/blogg.svenskakyrkan.se\/vandravagen\/#\/schema\/person\/25da02d4f76b137d04291711e2c9fc16\"},\"headline\":\"Att g\u00f6ra praktik som kristen\",\"datePublished\":\"2013-08-16T06:15:00+00:00\",\"mainEntityOfPage\":{\"@id\":\"https:\/\/blogg.svenskakyrkan.se\/vandravagen\/2013\/08\/16\/att-gora-praktik-som-kristen\/\"},\"wordCount\":850,\"commentCount\":3,\"publisher\":{\"@id\":\"https:\/\/blogg.svenskakyrkan.se\/vandravagen\/#organization\"},\"image\":{\"@id\":\"https:\/\/blogg.svenskakyrkan.se\/vandravagen\/2013\/08\/16\/att-gora-praktik-som-kristen\/#primaryimage\"},\"thumbnailUrl\":\"http:\/\/1.bp.blogspot.com\/-ayP0eDyo3KQ\/Ug3DYHxvNJI\/AAAAAAAAE1g\/tY64q2zCcwk\/s640\/IMG_3878.JPG\",\"articleSection\":[\"andlighet\",\"Bibeln\",\"Teologi\"],\"inLanguage\":\"sv-SE\",\"potentialAction\":[{\"@type\":\"CommentAction\",\"name\":\"Comment\",\"target\":[\"https:\/\/blogg.svenskakyrkan.se\/vandravagen\/2013\/08\/16\/att-gora-praktik-som-kristen\/#respond\"]}]},{\"@type\":\"WebPage\",\"@id\":\"https:\/\/blogg.svenskakyrkan.se\/vandravagen\/2013\/08\/16\/att-gora-praktik-som-kristen\/\",\"url\":\"https:\/\/blogg.svenskakyrkan.se\/vandravagen\/2013\/08\/16\/att-gora-praktik-som-kristen\/\",\"name\":\"Att g\u00f6ra praktik som kristen - Vandra V\u00e4gen\",\"isPartOf\":{\"@id\":\"https:\/\/blogg.svenskakyrkan.se\/vandravagen\/#website\"},\"primaryImageOfPage\":{\"@id\":\"https:\/\/blogg.svenskakyrkan.se\/vandravagen\/2013\/08\/16\/att-gora-praktik-som-kristen\/#primaryimage\"},\"image\":{\"@id\":\"https:\/\/blogg.svenskakyrkan.se\/vandravagen\/2013\/08\/16\/att-gora-praktik-som-kristen\/#primaryimage\"},\"thumbnailUrl\":\"http:\/\/1.bp.blogspot.com\/-ayP0eDyo3KQ\/Ug3DYHxvNJI\/AAAAAAAAE1g\/tY64q2zCcwk\/s640\/IMG_3878.JPG\",\"datePublished\":\"2013-08-16T06:15:00+00:00\",\"breadcrumb\":{\"@id\":\"https:\/\/blogg.svenskakyrkan.se\/vandravagen\/2013\/08\/16\/att-gora-praktik-som-kristen\/#breadcrumb\"},\"inLanguage\":\"sv-SE\",\"potentialAction\":[{\"@type\":\"ReadAction\",\"target\":[\"https:\/\/blogg.svenskakyrkan.se\/vandravagen\/2013\/08\/16\/att-gora-praktik-som-kristen\/\"]}]},{\"@type\":\"ImageObject\",\"inLanguage\":\"sv-SE\",\"@id\":\"https:\/\/blogg.svenskakyrkan.se\/vandravagen\/2013\/08\/16\/att-gora-praktik-som-kristen\/#primaryimage\",\"url\":\"http:\/\/1.bp.blogspot.com\/-ayP0eDyo3KQ\/Ug3DYHxvNJI\/AAAAAAAAE1g\/tY64q2zCcwk\/s640\/IMG_3878.JPG\",\"contentUrl\":\"http:\/\/1.bp.blogspot.com\/-ayP0eDyo3KQ\/Ug3DYHxvNJI\/AAAAAAAAE1g\/tY64q2zCcwk\/s640\/IMG_3878.JPG\"},{\"@type\":\"BreadcrumbList\",\"@id\":\"https:\/\/blogg.svenskakyrkan.se\/vandravagen\/2013\/08\/16\/att-gora-praktik-som-kristen\/#breadcrumb\",\"itemListElement\":[{\"@type\":\"ListItem\",\"position\":1,\"name\":\"Hem\",\"item\":\"https:\/\/blogg.svenskakyrkan.se\/vandravagen\/\"},{\"@type\":\"ListItem\",\"position\":2,\"name\":\"Att g\u00f6ra praktik som kristen\"}]},{\"@type\":\"WebSite\",\"@id\":\"https:\/\/blogg.svenskakyrkan.se\/vandravagen\/#website\",\"url\":\"https:\/\/blogg.svenskakyrkan.se\/vandravagen\/\",\"name\":\"Vandra V\u00e4gen\",\"description\":\"-Mot en tro f\u00f6r hela livet\",\"publisher\":{\"@id\":\"https:\/\/blogg.svenskakyrkan.se\/vandravagen\/#organization\"},\"potentialAction\":[{\"@type\":\"SearchAction\",\"target\":{\"@type\":\"EntryPoint\",\"urlTemplate\":\"https:\/\/blogg.svenskakyrkan.se\/vandravagen\/?s={search_term_string}\"},\"query-input\":{\"@type\":\"PropertyValueSpecification\",\"valueRequired\":true,\"valueName\":\"search_term_string\"}}],\"inLanguage\":\"sv-SE\"},{\"@type\":\"Organization\",\"@id\":\"https:\/\/blogg.svenskakyrkan.se\/vandravagen\/#organization\",\"name\":\"ulricehamns pastorat\",\"alternateName\":\"ulricehamns pastorat\",\"url\":\"https:\/\/blogg.svenskakyrkan.se\/vandravagen\/\",\"logo\":{\"@type\":\"ImageObject\",\"inLanguage\":\"sv-SE\",\"@id\":\"https:\/\/blogg.svenskakyrkan.se\/vandravagen\/#\/schema\/logo\/image\/\",\"url\":\"https:\/\/blogg.svenskakyrkan.se\/vandravagen\/files\/2023\/05\/Ulr_logo_RGB.png\",\"contentUrl\":\"https:\/\/blogg.svenskakyrkan.se\/vandravagen\/files\/2023\/05\/Ulr_logo_RGB.png\",\"width\":205,\"height\":77,\"caption\":\"ulricehamns pastorat\"},\"image\":{\"@id\":\"https:\/\/blogg.svenskakyrkan.se\/vandravagen\/#\/schema\/logo\/image\/\"},\"sameAs\":[\"http:\/\/facebook.com\/vandravagen\",\"https:\/\/x.com\/fadertomas\",\"http:\/\/www.facebook.com\/svenskakyrkaniulricehamn\"]},{\"@type\":\"Person\",\"@id\":\"https:\/\/blogg.svenskakyrkan.se\/vandravagen\/#\/schema\/person\/25da02d4f76b137d04291711e2c9fc16\",\"name\":\"Tomas Jarvid\",\"image\":{\"@type\":\"ImageObject\",\"inLanguage\":\"sv-SE\",\"@id\":\"https:\/\/blogg.svenskakyrkan.se\/vandravagen\/#\/schema\/person\/image\/\",\"url\":\"https:\/\/secure.gravatar.com\/avatar\/7fa71899795e8f540f615a1f5ab25255dc27aa40f05ee7ddd21aac521e01bf50?s=96&d=identicon&r=g\",\"contentUrl\":\"https:\/\/secure.gravatar.com\/avatar\/7fa71899795e8f540f615a1f5ab25255dc27aa40f05ee7ddd21aac521e01bf50?s=96&d=identicon&r=g\",\"caption\":\"Tomas Jarvid\"},\"description\":\"Jag bor i Ulricehamn i V\u00e4sterg\u00f6tland och \u00e4r f\u00f6rsamlingspr\u00e4st i Svenska Kyrkan f\u00f6r Dalstorps f\u00f6rsamling i Kinds pastorat. P\u00e5 den h\u00e4r bloggen skriver jag ner tankar om vandringen som kristen.\",\"sameAs\":[\"http:\/\/www.vandravagen.se\"],\"url\":\"https:\/\/blogg.svenskakyrkan.se\/vandravagen\/author\/vandravagen\/\"}]}<\/script>\n<!-- \/ Yoast SEO plugin. -->","yoast_head_json":{"title":"Att g\u00f6ra praktik som kristen - Vandra V\u00e4gen","robots":{"index":"index","follow":"follow","max-snippet":"max-snippet:-1","max-image-preview":"max-image-preview:large","max-video-preview":"max-video-preview:-1"},"canonical":"https:\/\/blogg.svenskakyrkan.se\/vandravagen\/2013\/08\/16\/att-gora-praktik-som-kristen\/","og_locale":"sv_SE","og_type":"article","og_title":"Att g\u00f6ra praktik som kristen - Vandra V\u00e4gen","og_description":"Brobygge, lite som att hitta s\u00e4tt att f\u00e5 tron att m\u00f6ta vardagslivet? Ig\u00e5r skrev jag om att \u00e4ven den som ser sig som troende ofta \u00e4r ateist i praktiken, n\u00e4r det kommer till hur vi lever v\u00e5ra liv. Jag vill forts\u00e4tta lite p\u00e5 det sp\u00e5ret och idag skriva om att g\u00f6ra praktik som kristen. Dels [&hellip;]","og_url":"https:\/\/blogg.svenskakyrkan.se\/vandravagen\/2013\/08\/16\/att-gora-praktik-som-kristen\/","og_site_name":"Vandra V\u00e4gen","article_publisher":"http:\/\/facebook.com\/vandravagen","article_published_time":"2013-08-16T06:15:00+00:00","og_image":[{"url":"http:\/\/1.bp.blogspot.com\/-ayP0eDyo3KQ\/Ug3DYHxvNJI\/AAAAAAAAE1g\/tY64q2zCcwk\/s640\/IMG_3878.JPG","type":"","width":"","height":""}],"author":"Tomas Jarvid","twitter_card":"summary_large_image","twitter_creator":"@fadertomas","twitter_site":"@fadertomas","twitter_misc":{"Skriven av":"Tomas Jarvid","Ber\u00e4knad l\u00e4stid":"4 minuter"},"schema":{"@context":"https:\/\/schema.org","@graph":[{"@type":"Article","@id":"https:\/\/blogg.svenskakyrkan.se\/vandravagen\/2013\/08\/16\/att-gora-praktik-som-kristen\/#article","isPartOf":{"@id":"https:\/\/blogg.svenskakyrkan.se\/vandravagen\/2013\/08\/16\/att-gora-praktik-som-kristen\/"},"author":{"name":"Tomas Jarvid","@id":"https:\/\/blogg.svenskakyrkan.se\/vandravagen\/#\/schema\/person\/25da02d4f76b137d04291711e2c9fc16"},"headline":"Att g\u00f6ra praktik som kristen","datePublished":"2013-08-16T06:15:00+00:00","mainEntityOfPage":{"@id":"https:\/\/blogg.svenskakyrkan.se\/vandravagen\/2013\/08\/16\/att-gora-praktik-som-kristen\/"},"wordCount":850,"commentCount":3,"publisher":{"@id":"https:\/\/blogg.svenskakyrkan.se\/vandravagen\/#organization"},"image":{"@id":"https:\/\/blogg.svenskakyrkan.se\/vandravagen\/2013\/08\/16\/att-gora-praktik-som-kristen\/#primaryimage"},"thumbnailUrl":"http:\/\/1.bp.blogspot.com\/-ayP0eDyo3KQ\/Ug3DYHxvNJI\/AAAAAAAAE1g\/tY64q2zCcwk\/s640\/IMG_3878.JPG","articleSection":["andlighet","Bibeln","Teologi"],"inLanguage":"sv-SE","potentialAction":[{"@type":"CommentAction","name":"Comment","target":["https:\/\/blogg.svenskakyrkan.se\/vandravagen\/2013\/08\/16\/att-gora-praktik-som-kristen\/#respond"]}]},{"@type":"WebPage","@id":"https:\/\/blogg.svenskakyrkan.se\/vandravagen\/2013\/08\/16\/att-gora-praktik-som-kristen\/","url":"https:\/\/blogg.svenskakyrkan.se\/vandravagen\/2013\/08\/16\/att-gora-praktik-som-kristen\/","name":"Att g\u00f6ra praktik som kristen - Vandra V\u00e4gen","isPartOf":{"@id":"https:\/\/blogg.svenskakyrkan.se\/vandravagen\/#website"},"primaryImageOfPage":{"@id":"https:\/\/blogg.svenskakyrkan.se\/vandravagen\/2013\/08\/16\/att-gora-praktik-som-kristen\/#primaryimage"},"image":{"@id":"https:\/\/blogg.svenskakyrkan.se\/vandravagen\/2013\/08\/16\/att-gora-praktik-som-kristen\/#primaryimage"},"thumbnailUrl":"http:\/\/1.bp.blogspot.com\/-ayP0eDyo3KQ\/Ug3DYHxvNJI\/AAAAAAAAE1g\/tY64q2zCcwk\/s640\/IMG_3878.JPG","datePublished":"2013-08-16T06:15:00+00:00","breadcrumb":{"@id":"https:\/\/blogg.svenskakyrkan.se\/vandravagen\/2013\/08\/16\/att-gora-praktik-som-kristen\/#breadcrumb"},"inLanguage":"sv-SE","potentialAction":[{"@type":"ReadAction","target":["https:\/\/blogg.svenskakyrkan.se\/vandravagen\/2013\/08\/16\/att-gora-praktik-som-kristen\/"]}]},{"@type":"ImageObject","inLanguage":"sv-SE","@id":"https:\/\/blogg.svenskakyrkan.se\/vandravagen\/2013\/08\/16\/att-gora-praktik-som-kristen\/#primaryimage","url":"http:\/\/1.bp.blogspot.com\/-ayP0eDyo3KQ\/Ug3DYHxvNJI\/AAAAAAAAE1g\/tY64q2zCcwk\/s640\/IMG_3878.JPG","contentUrl":"http:\/\/1.bp.blogspot.com\/-ayP0eDyo3KQ\/Ug3DYHxvNJI\/AAAAAAAAE1g\/tY64q2zCcwk\/s640\/IMG_3878.JPG"},{"@type":"BreadcrumbList","@id":"https:\/\/blogg.svenskakyrkan.se\/vandravagen\/2013\/08\/16\/att-gora-praktik-som-kristen\/#breadcrumb","itemListElement":[{"@type":"ListItem","position":1,"name":"Hem","item":"https:\/\/blogg.svenskakyrkan.se\/vandravagen\/"},{"@type":"ListItem","position":2,"name":"Att g\u00f6ra praktik som kristen"}]},{"@type":"WebSite","@id":"https:\/\/blogg.svenskakyrkan.se\/vandravagen\/#website","url":"https:\/\/blogg.svenskakyrkan.se\/vandravagen\/","name":"Vandra V\u00e4gen","description":"-Mot en tro f\u00f6r hela livet","publisher":{"@id":"https:\/\/blogg.svenskakyrkan.se\/vandravagen\/#organization"},"potentialAction":[{"@type":"SearchAction","target":{"@type":"EntryPoint","urlTemplate":"https:\/\/blogg.svenskakyrkan.se\/vandravagen\/?s={search_term_string}"},"query-input":{"@type":"PropertyValueSpecification","valueRequired":true,"valueName":"search_term_string"}}],"inLanguage":"sv-SE"},{"@type":"Organization","@id":"https:\/\/blogg.svenskakyrkan.se\/vandravagen\/#organization","name":"ulricehamns pastorat","alternateName":"ulricehamns pastorat","url":"https:\/\/blogg.svenskakyrkan.se\/vandravagen\/","logo":{"@type":"ImageObject","inLanguage":"sv-SE","@id":"https:\/\/blogg.svenskakyrkan.se\/vandravagen\/#\/schema\/logo\/image\/","url":"https:\/\/blogg.svenskakyrkan.se\/vandravagen\/files\/2023\/05\/Ulr_logo_RGB.png","contentUrl":"https:\/\/blogg.svenskakyrkan.se\/vandravagen\/files\/2023\/05\/Ulr_logo_RGB.png","width":205,"height":77,"caption":"ulricehamns pastorat"},"image":{"@id":"https:\/\/blogg.svenskakyrkan.se\/vandravagen\/#\/schema\/logo\/image\/"},"sameAs":["http:\/\/facebook.com\/vandravagen","https:\/\/x.com\/fadertomas","http:\/\/www.facebook.com\/svenskakyrkaniulricehamn"]},{"@type":"Person","@id":"https:\/\/blogg.svenskakyrkan.se\/vandravagen\/#\/schema\/person\/25da02d4f76b137d04291711e2c9fc16","name":"Tomas Jarvid","image":{"@type":"ImageObject","inLanguage":"sv-SE","@id":"https:\/\/blogg.svenskakyrkan.se\/vandravagen\/#\/schema\/person\/image\/","url":"https:\/\/secure.gravatar.com\/avatar\/7fa71899795e8f540f615a1f5ab25255dc27aa40f05ee7ddd21aac521e01bf50?s=96&d=identicon&r=g","contentUrl":"https:\/\/secure.gravatar.com\/avatar\/7fa71899795e8f540f615a1f5ab25255dc27aa40f05ee7ddd21aac521e01bf50?s=96&d=identicon&r=g","caption":"Tomas Jarvid"},"description":"Jag bor i Ulricehamn i V\u00e4sterg\u00f6tland och \u00e4r f\u00f6rsamlingspr\u00e4st i Svenska Kyrkan f\u00f6r Dalstorps f\u00f6rsamling i Kinds pastorat. P\u00e5 den h\u00e4r bloggen skriver jag ner tankar om vandringen som kristen.","sameAs":["http:\/\/www.vandravagen.se"],"url":"https:\/\/blogg.svenskakyrkan.se\/vandravagen\/author\/vandravagen\/"}]}},"author_meta":{"ID":"392","user_nicename":"vandravagen","user_url":"http:\/\/www.vandravagen.se","user_registered":"2014-05-19 05:44:52","display_name":"Tomas Jarvid","first_name":"Tomas","last_name":"Jarvid","avatar":"https:\/\/secure.gravatar.com\/avatar\/7fa71899795e8f540f615a1f5ab25255dc27aa40f05ee7ddd21aac521e01bf50?s=96&d=identicon&r=g"},"featured_image":false,"bloginfo":{"name":"Vandra V\u00e4gen","url":"https:\/\/blogg.svenskakyrkan.se\/vandravagen"},"_links":{"self":[{"href":"https:\/\/blogg.svenskakyrkan.se\/vandravagen\/wp-json\/wp\/v2\/posts\/400","targetHints":{"allow":["GET"]}}],"collection":[{"href":"https:\/\/blogg.svenskakyrkan.se\/vandravagen\/wp-json\/wp\/v2\/posts"}],"about":[{"href":"https:\/\/blogg.svenskakyrkan.se\/vandravagen\/wp-json\/wp\/v2\/types\/post"}],"author":[{"embeddable":true,"href":"https:\/\/blogg.svenskakyrkan.se\/vandravagen\/wp-json\/wp\/v2\/users\/392"}],"replies":[{"embeddable":true,"href":"https:\/\/blogg.svenskakyrkan.se\/vandravagen\/wp-json\/wp\/v2\/comments?post=400"}],"version-history":[{"count":0,"href":"https:\/\/blogg.svenskakyrkan.se\/vandravagen\/wp-json\/wp\/v2\/posts\/400\/revisions"}],"wp:attachment":[{"href":"https:\/\/blogg.svenskakyrkan.se\/vandravagen\/wp-json\/wp\/v2\/media?parent=400"}],"wp:term":[{"taxonomy":"category","embeddable":true,"href":"https:\/\/blogg.svenskakyrkan.se\/vandravagen\/wp-json\/wp\/v2\/categories?post=400"},{"taxonomy":"post_tag","embeddable":true,"href":"https:\/\/blogg.svenskakyrkan.se\/vandravagen\/wp-json\/wp\/v2\/tags?post=400"}],"curies":[{"name":"wp","href":"https:\/\/api.w.org\/{rel}","templated":true}]}}