{"id":401,"date":"2013-08-15T18:00:00","date_gmt":"2013-08-15T16:00:00","guid":{"rendered":"http:\/\/blogg.svenskakyrkan.se\/vandravagen\/2013\/08\/15\/vad-forestaller-bilden-del-xxiii\/"},"modified":"2013-08-15T18:00:00","modified_gmt":"2013-08-15T16:00:00","slug":"vad-forestaller-bilden-del-xxiii","status":"publish","type":"post","link":"https:\/\/blogg.svenskakyrkan.se\/vandravagen\/2013\/08\/15\/vad-forestaller-bilden-del-xxiii\/","title":{"rendered":"Vad f\u00f6rest\u00e4ller bilden del XXIII"},"content":{"rendered":"<div><a href=\"http:\/\/1.bp.blogspot.com\/-248cyaVXCjI\/Ugx_4u8zcMI\/AAAAAAAAE08\/WQ-5wt3EH_0\/s1600\/IMG_3548.jpg\"><img loading=\"lazy\" decoding=\"async\" border=\"0\" height=\"393\" src=\"http:\/\/1.bp.blogspot.com\/-248cyaVXCjI\/Ugx_4u8zcMI\/AAAAAAAAE08\/WQ-5wt3EH_0\/s400\/IMG_3548.jpg\" width=\"400\"><\/a><\/div>\n<div><\/div>\n<div>F\u00f6rra bildg\u00e5tan s\u00e5g ut s\u00e5h\u00e4r. Jag hade den l\u00e4nge p\u00e5 v\u00e4ggen som student och det kanske var ett rimligt val eftersom den handlar om att f\u00e5 ett uppdrag av Gud. En \u00e4ngel s\u00f6ker upp den unga Maria och h\u00e4lsar henne som h\u00f6gt ben\u00e5dad. &#8221;Var inte r\u00e4dd&#8221; s\u00e4ger den, du har funnit n\u00e5d hos Gud och ska f\u00f6da en son som ska kallas Guds son.\u00a0<\/div>\n<div><\/div>\n<div>Och Maria s\u00e4ger ja. Precis som alla bibelber\u00e4ttelser handlar den inte bara om s\u00e5dant som h\u00e4nt f\u00f6r l\u00e4nge sedan utan ocks\u00e5 om s\u00e5dant som h\u00e4nder i v\u00e5ra liv. Gud har ett uppdrag \u00e5t var och en. De ser olika ut efter v\u00e5ra f\u00f6rm\u00e5gor men i grund och botten handlar det alltid om att \u00e4lska sin n\u00e4sta och g\u00f6ra det i handling. Uppdraget har sin grund i v\u00e5r relation till Gud, i Guds n\u00e5d mot oss, inte i v\u00e5ra f\u00f6rtj\u00e4nster. N\u00e5got att fundera p\u00e5!<\/div>\n<div><\/div>\n<div>R\u00e4tt svar har Rosa, Marcus och Viktoria kommit med, bra gjort!\u00a0<\/div>\n<div>&#8212;&#8212;&#8211;<\/div>\n<div><\/div>\n<div><\/div>\n<div>Nu till n\u00e4sta utmaning! Vad f\u00f6rest\u00e4ller den h\u00e4r bilden?<\/div>\n<div><\/div>\n<div><\/div>\n<\/p>\n<div><a href=\"http:\/\/2.bp.blogspot.com\/-tsb1mA_WnfU\/Ugx_4gINj0I\/AAAAAAAAE04\/eD-p4qiyknA\/s1600\/IMG_3550b.jpg\"><img loading=\"lazy\" decoding=\"async\" border=\"0\" height=\"640\" src=\"http:\/\/2.bp.blogspot.com\/-tsb1mA_WnfU\/Ugx_4gINj0I\/AAAAAAAAE04\/eD-p4qiyknA\/s640\/IMG_3550b.jpg\" width=\"472\"><\/a><\/div><\/p>\n","protected":false},"excerpt":{"rendered":"<p>F\u00f6rra bildg\u00e5tan s\u00e5g ut s\u00e5h\u00e4r. Jag hade den l\u00e4nge p\u00e5 v\u00e4ggen som student och det kanske var ett rimligt val eftersom den handlar om att f\u00e5 ett uppdrag av Gud. En \u00e4ngel s\u00f6ker upp den unga Maria och h\u00e4lsar henne som h\u00f6gt ben\u00e5dad. &#8221;Var inte r\u00e4dd&#8221; s\u00e4ger den, du har funnit n\u00e5d hos Gud och [&hellip;]<\/p>\n","protected":false},"author":392,"featured_media":0,"comment_status":"open","ping_status":"open","sticky":false,"template":"","format":"standard","meta":{"_acf_changed":false,"footnotes":""},"categories":[79126],"tags":[],"class_list":["post-401","post","type-post","status-publish","format-standard","hentry","category-bildgatan"],"acf":[],"yoast_head":"<!-- This site is optimized with the Yoast SEO plugin v27.1.1 - https:\/\/yoast.com\/product\/yoast-seo-wordpress\/ -->\n<title>Vad f\u00f6rest\u00e4ller bilden del XXIII - Vandra V\u00e4gen<\/title>\n<meta name=\"robots\" content=\"index, follow, max-snippet:-1, max-image-preview:large, max-video-preview:-1\" \/>\n<link rel=\"canonical\" href=\"https:\/\/blogg.svenskakyrkan.se\/vandravagen\/2013\/08\/15\/vad-forestaller-bilden-del-xxiii\/\" \/>\n<meta property=\"og:locale\" content=\"sv_SE\" \/>\n<meta property=\"og:type\" content=\"article\" \/>\n<meta property=\"og:title\" content=\"Vad f\u00f6rest\u00e4ller bilden del XXIII - Vandra V\u00e4gen\" \/>\n<meta property=\"og:description\" content=\"F\u00f6rra bildg\u00e5tan s\u00e5g ut s\u00e5h\u00e4r. Jag hade den l\u00e4nge p\u00e5 v\u00e4ggen som student och det kanske var ett rimligt val eftersom den handlar om att f\u00e5 ett uppdrag av Gud. En \u00e4ngel s\u00f6ker upp den unga Maria och h\u00e4lsar henne som h\u00f6gt ben\u00e5dad. &#8221;Var inte r\u00e4dd&#8221; s\u00e4ger den, du har funnit n\u00e5d hos Gud och [&hellip;]\" \/>\n<meta property=\"og:url\" content=\"https:\/\/blogg.svenskakyrkan.se\/vandravagen\/2013\/08\/15\/vad-forestaller-bilden-del-xxiii\/\" \/>\n<meta property=\"og:site_name\" content=\"Vandra V\u00e4gen\" \/>\n<meta property=\"article:publisher\" content=\"http:\/\/facebook.com\/vandravagen\" \/>\n<meta property=\"article:published_time\" content=\"2013-08-15T16:00:00+00:00\" \/>\n<meta property=\"og:image\" content=\"http:\/\/1.bp.blogspot.com\/-248cyaVXCjI\/Ugx_4u8zcMI\/AAAAAAAAE08\/WQ-5wt3EH_0\/s400\/IMG_3548.jpg\" \/>\n<meta name=\"author\" content=\"Tomas Jarvid\" \/>\n<meta name=\"twitter:card\" content=\"summary_large_image\" \/>\n<meta name=\"twitter:creator\" content=\"@fadertomas\" \/>\n<meta name=\"twitter:site\" content=\"@fadertomas\" \/>\n<meta name=\"twitter:label1\" content=\"Skriven av\" \/>\n\t<meta name=\"twitter:data1\" content=\"Tomas Jarvid\" \/>\n\t<meta name=\"twitter:label2\" content=\"Ber\u00e4knad l\u00e4stid\" \/>\n\t<meta name=\"twitter:data2\" content=\"1 minut\" \/>\n<script type=\"application\/ld+json\" class=\"yoast-schema-graph\">{\"@context\":\"https:\/\/schema.org\",\"@graph\":[{\"@type\":\"Article\",\"@id\":\"https:\/\/blogg.svenskakyrkan.se\/vandravagen\/2013\/08\/15\/vad-forestaller-bilden-del-xxiii\/#article\",\"isPartOf\":{\"@id\":\"https:\/\/blogg.svenskakyrkan.se\/vandravagen\/2013\/08\/15\/vad-forestaller-bilden-del-xxiii\/\"},\"author\":{\"name\":\"Tomas Jarvid\",\"@id\":\"https:\/\/blogg.svenskakyrkan.se\/vandravagen\/#\/schema\/person\/25da02d4f76b137d04291711e2c9fc16\"},\"headline\":\"Vad f\u00f6rest\u00e4ller bilden del XXIII\",\"datePublished\":\"2013-08-15T16:00:00+00:00\",\"mainEntityOfPage\":{\"@id\":\"https:\/\/blogg.svenskakyrkan.se\/vandravagen\/2013\/08\/15\/vad-forestaller-bilden-del-xxiii\/\"},\"wordCount\":215,\"commentCount\":3,\"publisher\":{\"@id\":\"https:\/\/blogg.svenskakyrkan.se\/vandravagen\/#organization\"},\"image\":{\"@id\":\"https:\/\/blogg.svenskakyrkan.se\/vandravagen\/2013\/08\/15\/vad-forestaller-bilden-del-xxiii\/#primaryimage\"},\"thumbnailUrl\":\"http:\/\/1.bp.blogspot.com\/-248cyaVXCjI\/Ugx_4u8zcMI\/AAAAAAAAE08\/WQ-5wt3EH_0\/s400\/IMG_3548.jpg\",\"articleSection\":[\"bildg\u00e5tan\"],\"inLanguage\":\"sv-SE\",\"potentialAction\":[{\"@type\":\"CommentAction\",\"name\":\"Comment\",\"target\":[\"https:\/\/blogg.svenskakyrkan.se\/vandravagen\/2013\/08\/15\/vad-forestaller-bilden-del-xxiii\/#respond\"]}]},{\"@type\":\"WebPage\",\"@id\":\"https:\/\/blogg.svenskakyrkan.se\/vandravagen\/2013\/08\/15\/vad-forestaller-bilden-del-xxiii\/\",\"url\":\"https:\/\/blogg.svenskakyrkan.se\/vandravagen\/2013\/08\/15\/vad-forestaller-bilden-del-xxiii\/\",\"name\":\"Vad f\u00f6rest\u00e4ller bilden del XXIII - Vandra V\u00e4gen\",\"isPartOf\":{\"@id\":\"https:\/\/blogg.svenskakyrkan.se\/vandravagen\/#website\"},\"primaryImageOfPage\":{\"@id\":\"https:\/\/blogg.svenskakyrkan.se\/vandravagen\/2013\/08\/15\/vad-forestaller-bilden-del-xxiii\/#primaryimage\"},\"image\":{\"@id\":\"https:\/\/blogg.svenskakyrkan.se\/vandravagen\/2013\/08\/15\/vad-forestaller-bilden-del-xxiii\/#primaryimage\"},\"thumbnailUrl\":\"http:\/\/1.bp.blogspot.com\/-248cyaVXCjI\/Ugx_4u8zcMI\/AAAAAAAAE08\/WQ-5wt3EH_0\/s400\/IMG_3548.jpg\",\"datePublished\":\"2013-08-15T16:00:00+00:00\",\"breadcrumb\":{\"@id\":\"https:\/\/blogg.svenskakyrkan.se\/vandravagen\/2013\/08\/15\/vad-forestaller-bilden-del-xxiii\/#breadcrumb\"},\"inLanguage\":\"sv-SE\",\"potentialAction\":[{\"@type\":\"ReadAction\",\"target\":[\"https:\/\/blogg.svenskakyrkan.se\/vandravagen\/2013\/08\/15\/vad-forestaller-bilden-del-xxiii\/\"]}]},{\"@type\":\"ImageObject\",\"inLanguage\":\"sv-SE\",\"@id\":\"https:\/\/blogg.svenskakyrkan.se\/vandravagen\/2013\/08\/15\/vad-forestaller-bilden-del-xxiii\/#primaryimage\",\"url\":\"http:\/\/1.bp.blogspot.com\/-248cyaVXCjI\/Ugx_4u8zcMI\/AAAAAAAAE08\/WQ-5wt3EH_0\/s400\/IMG_3548.jpg\",\"contentUrl\":\"http:\/\/1.bp.blogspot.com\/-248cyaVXCjI\/Ugx_4u8zcMI\/AAAAAAAAE08\/WQ-5wt3EH_0\/s400\/IMG_3548.jpg\"},{\"@type\":\"BreadcrumbList\",\"@id\":\"https:\/\/blogg.svenskakyrkan.se\/vandravagen\/2013\/08\/15\/vad-forestaller-bilden-del-xxiii\/#breadcrumb\",\"itemListElement\":[{\"@type\":\"ListItem\",\"position\":1,\"name\":\"Hem\",\"item\":\"https:\/\/blogg.svenskakyrkan.se\/vandravagen\/\"},{\"@type\":\"ListItem\",\"position\":2,\"name\":\"Vad f\u00f6rest\u00e4ller bilden del XXIII\"}]},{\"@type\":\"WebSite\",\"@id\":\"https:\/\/blogg.svenskakyrkan.se\/vandravagen\/#website\",\"url\":\"https:\/\/blogg.svenskakyrkan.se\/vandravagen\/\",\"name\":\"Vandra V\u00e4gen\",\"description\":\"-Mot en tro f\u00f6r hela livet\",\"publisher\":{\"@id\":\"https:\/\/blogg.svenskakyrkan.se\/vandravagen\/#organization\"},\"potentialAction\":[{\"@type\":\"SearchAction\",\"target\":{\"@type\":\"EntryPoint\",\"urlTemplate\":\"https:\/\/blogg.svenskakyrkan.se\/vandravagen\/?s={search_term_string}\"},\"query-input\":{\"@type\":\"PropertyValueSpecification\",\"valueRequired\":true,\"valueName\":\"search_term_string\"}}],\"inLanguage\":\"sv-SE\"},{\"@type\":\"Organization\",\"@id\":\"https:\/\/blogg.svenskakyrkan.se\/vandravagen\/#organization\",\"name\":\"ulricehamns pastorat\",\"alternateName\":\"ulricehamns pastorat\",\"url\":\"https:\/\/blogg.svenskakyrkan.se\/vandravagen\/\",\"logo\":{\"@type\":\"ImageObject\",\"inLanguage\":\"sv-SE\",\"@id\":\"https:\/\/blogg.svenskakyrkan.se\/vandravagen\/#\/schema\/logo\/image\/\",\"url\":\"https:\/\/blogg.svenskakyrkan.se\/vandravagen\/files\/2023\/05\/Ulr_logo_RGB.png\",\"contentUrl\":\"https:\/\/blogg.svenskakyrkan.se\/vandravagen\/files\/2023\/05\/Ulr_logo_RGB.png\",\"width\":205,\"height\":77,\"caption\":\"ulricehamns pastorat\"},\"image\":{\"@id\":\"https:\/\/blogg.svenskakyrkan.se\/vandravagen\/#\/schema\/logo\/image\/\"},\"sameAs\":[\"http:\/\/facebook.com\/vandravagen\",\"https:\/\/x.com\/fadertomas\",\"http:\/\/www.facebook.com\/svenskakyrkaniulricehamn\"]},{\"@type\":\"Person\",\"@id\":\"https:\/\/blogg.svenskakyrkan.se\/vandravagen\/#\/schema\/person\/25da02d4f76b137d04291711e2c9fc16\",\"name\":\"Tomas Jarvid\",\"image\":{\"@type\":\"ImageObject\",\"inLanguage\":\"sv-SE\",\"@id\":\"https:\/\/blogg.svenskakyrkan.se\/vandravagen\/#\/schema\/person\/image\/\",\"url\":\"https:\/\/secure.gravatar.com\/avatar\/7fa71899795e8f540f615a1f5ab25255dc27aa40f05ee7ddd21aac521e01bf50?s=96&d=identicon&r=g\",\"contentUrl\":\"https:\/\/secure.gravatar.com\/avatar\/7fa71899795e8f540f615a1f5ab25255dc27aa40f05ee7ddd21aac521e01bf50?s=96&d=identicon&r=g\",\"caption\":\"Tomas Jarvid\"},\"description\":\"Jag bor i Ulricehamn i V\u00e4sterg\u00f6tland och \u00e4r f\u00f6rsamlingspr\u00e4st i Svenska Kyrkan f\u00f6r Dalstorps f\u00f6rsamling i Kinds pastorat. P\u00e5 den h\u00e4r bloggen skriver jag ner tankar om vandringen som kristen.\",\"sameAs\":[\"http:\/\/www.vandravagen.se\"],\"url\":\"https:\/\/blogg.svenskakyrkan.se\/vandravagen\/author\/vandravagen\/\"}]}<\/script>\n<!-- \/ Yoast SEO plugin. -->","yoast_head_json":{"title":"Vad f\u00f6rest\u00e4ller bilden del XXIII - Vandra V\u00e4gen","robots":{"index":"index","follow":"follow","max-snippet":"max-snippet:-1","max-image-preview":"max-image-preview:large","max-video-preview":"max-video-preview:-1"},"canonical":"https:\/\/blogg.svenskakyrkan.se\/vandravagen\/2013\/08\/15\/vad-forestaller-bilden-del-xxiii\/","og_locale":"sv_SE","og_type":"article","og_title":"Vad f\u00f6rest\u00e4ller bilden del XXIII - Vandra V\u00e4gen","og_description":"F\u00f6rra bildg\u00e5tan s\u00e5g ut s\u00e5h\u00e4r. Jag hade den l\u00e4nge p\u00e5 v\u00e4ggen som student och det kanske var ett rimligt val eftersom den handlar om att f\u00e5 ett uppdrag av Gud. En \u00e4ngel s\u00f6ker upp den unga Maria och h\u00e4lsar henne som h\u00f6gt ben\u00e5dad. &#8221;Var inte r\u00e4dd&#8221; s\u00e4ger den, du har funnit n\u00e5d hos Gud och [&hellip;]","og_url":"https:\/\/blogg.svenskakyrkan.se\/vandravagen\/2013\/08\/15\/vad-forestaller-bilden-del-xxiii\/","og_site_name":"Vandra V\u00e4gen","article_publisher":"http:\/\/facebook.com\/vandravagen","article_published_time":"2013-08-15T16:00:00+00:00","og_image":[{"url":"http:\/\/1.bp.blogspot.com\/-248cyaVXCjI\/Ugx_4u8zcMI\/AAAAAAAAE08\/WQ-5wt3EH_0\/s400\/IMG_3548.jpg","type":"","width":"","height":""}],"author":"Tomas Jarvid","twitter_card":"summary_large_image","twitter_creator":"@fadertomas","twitter_site":"@fadertomas","twitter_misc":{"Skriven av":"Tomas Jarvid","Ber\u00e4knad l\u00e4stid":"1 minut"},"schema":{"@context":"https:\/\/schema.org","@graph":[{"@type":"Article","@id":"https:\/\/blogg.svenskakyrkan.se\/vandravagen\/2013\/08\/15\/vad-forestaller-bilden-del-xxiii\/#article","isPartOf":{"@id":"https:\/\/blogg.svenskakyrkan.se\/vandravagen\/2013\/08\/15\/vad-forestaller-bilden-del-xxiii\/"},"author":{"name":"Tomas Jarvid","@id":"https:\/\/blogg.svenskakyrkan.se\/vandravagen\/#\/schema\/person\/25da02d4f76b137d04291711e2c9fc16"},"headline":"Vad f\u00f6rest\u00e4ller bilden del XXIII","datePublished":"2013-08-15T16:00:00+00:00","mainEntityOfPage":{"@id":"https:\/\/blogg.svenskakyrkan.se\/vandravagen\/2013\/08\/15\/vad-forestaller-bilden-del-xxiii\/"},"wordCount":215,"commentCount":3,"publisher":{"@id":"https:\/\/blogg.svenskakyrkan.se\/vandravagen\/#organization"},"image":{"@id":"https:\/\/blogg.svenskakyrkan.se\/vandravagen\/2013\/08\/15\/vad-forestaller-bilden-del-xxiii\/#primaryimage"},"thumbnailUrl":"http:\/\/1.bp.blogspot.com\/-248cyaVXCjI\/Ugx_4u8zcMI\/AAAAAAAAE08\/WQ-5wt3EH_0\/s400\/IMG_3548.jpg","articleSection":["bildg\u00e5tan"],"inLanguage":"sv-SE","potentialAction":[{"@type":"CommentAction","name":"Comment","target":["https:\/\/blogg.svenskakyrkan.se\/vandravagen\/2013\/08\/15\/vad-forestaller-bilden-del-xxiii\/#respond"]}]},{"@type":"WebPage","@id":"https:\/\/blogg.svenskakyrkan.se\/vandravagen\/2013\/08\/15\/vad-forestaller-bilden-del-xxiii\/","url":"https:\/\/blogg.svenskakyrkan.se\/vandravagen\/2013\/08\/15\/vad-forestaller-bilden-del-xxiii\/","name":"Vad f\u00f6rest\u00e4ller bilden del XXIII - Vandra V\u00e4gen","isPartOf":{"@id":"https:\/\/blogg.svenskakyrkan.se\/vandravagen\/#website"},"primaryImageOfPage":{"@id":"https:\/\/blogg.svenskakyrkan.se\/vandravagen\/2013\/08\/15\/vad-forestaller-bilden-del-xxiii\/#primaryimage"},"image":{"@id":"https:\/\/blogg.svenskakyrkan.se\/vandravagen\/2013\/08\/15\/vad-forestaller-bilden-del-xxiii\/#primaryimage"},"thumbnailUrl":"http:\/\/1.bp.blogspot.com\/-248cyaVXCjI\/Ugx_4u8zcMI\/AAAAAAAAE08\/WQ-5wt3EH_0\/s400\/IMG_3548.jpg","datePublished":"2013-08-15T16:00:00+00:00","breadcrumb":{"@id":"https:\/\/blogg.svenskakyrkan.se\/vandravagen\/2013\/08\/15\/vad-forestaller-bilden-del-xxiii\/#breadcrumb"},"inLanguage":"sv-SE","potentialAction":[{"@type":"ReadAction","target":["https:\/\/blogg.svenskakyrkan.se\/vandravagen\/2013\/08\/15\/vad-forestaller-bilden-del-xxiii\/"]}]},{"@type":"ImageObject","inLanguage":"sv-SE","@id":"https:\/\/blogg.svenskakyrkan.se\/vandravagen\/2013\/08\/15\/vad-forestaller-bilden-del-xxiii\/#primaryimage","url":"http:\/\/1.bp.blogspot.com\/-248cyaVXCjI\/Ugx_4u8zcMI\/AAAAAAAAE08\/WQ-5wt3EH_0\/s400\/IMG_3548.jpg","contentUrl":"http:\/\/1.bp.blogspot.com\/-248cyaVXCjI\/Ugx_4u8zcMI\/AAAAAAAAE08\/WQ-5wt3EH_0\/s400\/IMG_3548.jpg"},{"@type":"BreadcrumbList","@id":"https:\/\/blogg.svenskakyrkan.se\/vandravagen\/2013\/08\/15\/vad-forestaller-bilden-del-xxiii\/#breadcrumb","itemListElement":[{"@type":"ListItem","position":1,"name":"Hem","item":"https:\/\/blogg.svenskakyrkan.se\/vandravagen\/"},{"@type":"ListItem","position":2,"name":"Vad f\u00f6rest\u00e4ller bilden del XXIII"}]},{"@type":"WebSite","@id":"https:\/\/blogg.svenskakyrkan.se\/vandravagen\/#website","url":"https:\/\/blogg.svenskakyrkan.se\/vandravagen\/","name":"Vandra V\u00e4gen","description":"-Mot en tro f\u00f6r hela livet","publisher":{"@id":"https:\/\/blogg.svenskakyrkan.se\/vandravagen\/#organization"},"potentialAction":[{"@type":"SearchAction","target":{"@type":"EntryPoint","urlTemplate":"https:\/\/blogg.svenskakyrkan.se\/vandravagen\/?s={search_term_string}"},"query-input":{"@type":"PropertyValueSpecification","valueRequired":true,"valueName":"search_term_string"}}],"inLanguage":"sv-SE"},{"@type":"Organization","@id":"https:\/\/blogg.svenskakyrkan.se\/vandravagen\/#organization","name":"ulricehamns pastorat","alternateName":"ulricehamns pastorat","url":"https:\/\/blogg.svenskakyrkan.se\/vandravagen\/","logo":{"@type":"ImageObject","inLanguage":"sv-SE","@id":"https:\/\/blogg.svenskakyrkan.se\/vandravagen\/#\/schema\/logo\/image\/","url":"https:\/\/blogg.svenskakyrkan.se\/vandravagen\/files\/2023\/05\/Ulr_logo_RGB.png","contentUrl":"https:\/\/blogg.svenskakyrkan.se\/vandravagen\/files\/2023\/05\/Ulr_logo_RGB.png","width":205,"height":77,"caption":"ulricehamns pastorat"},"image":{"@id":"https:\/\/blogg.svenskakyrkan.se\/vandravagen\/#\/schema\/logo\/image\/"},"sameAs":["http:\/\/facebook.com\/vandravagen","https:\/\/x.com\/fadertomas","http:\/\/www.facebook.com\/svenskakyrkaniulricehamn"]},{"@type":"Person","@id":"https:\/\/blogg.svenskakyrkan.se\/vandravagen\/#\/schema\/person\/25da02d4f76b137d04291711e2c9fc16","name":"Tomas Jarvid","image":{"@type":"ImageObject","inLanguage":"sv-SE","@id":"https:\/\/blogg.svenskakyrkan.se\/vandravagen\/#\/schema\/person\/image\/","url":"https:\/\/secure.gravatar.com\/avatar\/7fa71899795e8f540f615a1f5ab25255dc27aa40f05ee7ddd21aac521e01bf50?s=96&d=identicon&r=g","contentUrl":"https:\/\/secure.gravatar.com\/avatar\/7fa71899795e8f540f615a1f5ab25255dc27aa40f05ee7ddd21aac521e01bf50?s=96&d=identicon&r=g","caption":"Tomas Jarvid"},"description":"Jag bor i Ulricehamn i V\u00e4sterg\u00f6tland och \u00e4r f\u00f6rsamlingspr\u00e4st i Svenska Kyrkan f\u00f6r Dalstorps f\u00f6rsamling i Kinds pastorat. P\u00e5 den h\u00e4r bloggen skriver jag ner tankar om vandringen som kristen.","sameAs":["http:\/\/www.vandravagen.se"],"url":"https:\/\/blogg.svenskakyrkan.se\/vandravagen\/author\/vandravagen\/"}]}},"author_meta":{"ID":"392","user_nicename":"vandravagen","user_url":"http:\/\/www.vandravagen.se","user_registered":"2014-05-19 05:44:52","display_name":"Tomas Jarvid","first_name":"Tomas","last_name":"Jarvid","avatar":"https:\/\/secure.gravatar.com\/avatar\/7fa71899795e8f540f615a1f5ab25255dc27aa40f05ee7ddd21aac521e01bf50?s=96&d=identicon&r=g"},"featured_image":false,"bloginfo":{"name":"Vandra V\u00e4gen","url":"https:\/\/blogg.svenskakyrkan.se\/vandravagen"},"_links":{"self":[{"href":"https:\/\/blogg.svenskakyrkan.se\/vandravagen\/wp-json\/wp\/v2\/posts\/401","targetHints":{"allow":["GET"]}}],"collection":[{"href":"https:\/\/blogg.svenskakyrkan.se\/vandravagen\/wp-json\/wp\/v2\/posts"}],"about":[{"href":"https:\/\/blogg.svenskakyrkan.se\/vandravagen\/wp-json\/wp\/v2\/types\/post"}],"author":[{"embeddable":true,"href":"https:\/\/blogg.svenskakyrkan.se\/vandravagen\/wp-json\/wp\/v2\/users\/392"}],"replies":[{"embeddable":true,"href":"https:\/\/blogg.svenskakyrkan.se\/vandravagen\/wp-json\/wp\/v2\/comments?post=401"}],"version-history":[{"count":0,"href":"https:\/\/blogg.svenskakyrkan.se\/vandravagen\/wp-json\/wp\/v2\/posts\/401\/revisions"}],"wp:attachment":[{"href":"https:\/\/blogg.svenskakyrkan.se\/vandravagen\/wp-json\/wp\/v2\/media?parent=401"}],"wp:term":[{"taxonomy":"category","embeddable":true,"href":"https:\/\/blogg.svenskakyrkan.se\/vandravagen\/wp-json\/wp\/v2\/categories?post=401"},{"taxonomy":"post_tag","embeddable":true,"href":"https:\/\/blogg.svenskakyrkan.se\/vandravagen\/wp-json\/wp\/v2\/tags?post=401"}],"curies":[{"name":"wp","href":"https:\/\/api.w.org\/{rel}","templated":true}]}}