{"id":404,"date":"2013-08-15T09:08:00","date_gmt":"2013-08-15T07:08:00","guid":{"rendered":"http:\/\/blogg.svenskakyrkan.se\/vandravagen\/2013\/08\/15\/ar-jag-ateist-nar-det-kommer-till-kritan-om-tro-och-liv\/"},"modified":"2013-08-15T09:08:00","modified_gmt":"2013-08-15T07:08:00","slug":"ar-jag-ateist-nar-det-kommer-till-kritan-om-tro-och-liv","status":"publish","type":"post","link":"https:\/\/blogg.svenskakyrkan.se\/vandravagen\/2013\/08\/15\/ar-jag-ateist-nar-det-kommer-till-kritan-om-tro-och-liv\/","title":{"rendered":"\u00c4r jag ateist n\u00e4r det kommer till kritan? Om tro och liv"},"content":{"rendered":"<p>Ig\u00e5r gl\u00f6mde jag lappen med min betraktelse till veckom\u00e4ssan, det fick bli improviserat och resultatet blev verkligen n\u00e5got helt annat \u00e4n jag t\u00e4nkt fr\u00e5n b\u00f6rjan. N\u00e5v\u00e4l, d\u00e5 f\u00e5r originalet komma upp h\u00e4r ist\u00e4llet, l\u00e4tt bearbetat:<\/p>\n<table align=\"center\" cellpadding=\"0\" cellspacing=\"0\">\n<tbody>\n<tr>\n<td><a href=\"http:\/\/4.bp.blogspot.com\/-B5OMmLqwtfo\/Ugx-PHBpyWI\/AAAAAAAAE0o\/2WXCICFtx1A\/s1600\/IMG_3790.JPG\"><img loading=\"lazy\" decoding=\"async\" border=\"0\" height=\"390\" src=\"http:\/\/4.bp.blogspot.com\/-B5OMmLqwtfo\/Ugx-PHBpyWI\/AAAAAAAAE0o\/2WXCICFtx1A\/s400\/IMG_3790.JPG\" width=\"400\"><\/a><\/td>\n<\/tr>\n<tr>\n<td>M\u00e4nniskan \u00e4r i uppror mot Gud<\/td>\n<\/tr>\n<\/tbody>\n<\/table>\n<p>Vi m\u00e5 vara kristna men vi lever ofta som praktiserande ateister. \u00c4ven om vi i v\u00e5rt inre bejakar det goda budskapet och Guds vilja s\u00e5 lever vi inte som om det var sant p\u00e5 riktigt. Delvis \u00e4r det s\u00e5 f\u00f6r att vi har sv\u00e5rt att tro. Vi har sv\u00e5rt att lita p\u00e5 att Gud finns och \u00e4r god. Vi har sv\u00e5rt att tro och d\u00e4rf\u00f6r \u00e4r det inte s\u00e5 konstigt om det liv vi lever inte f\u00e5r s\u00e5 mycket kraft av den tron. D\u00e4rf\u00f6r f\u00e5r vi s\u00f6ka oss till Gud om och om igen och stava p\u00e5 de grundl\u00e4ggande sakerna i tron; Jesus har d\u00f6tt och uppst\u00e5tt och besegrat allt som skr\u00e4mmer och pl\u00e5gar. Vi beh\u00f6ver inte k\u00e4mpa sj\u00e4lva i livet, f\u00f6r vi \u00e4r inte starka nog, vi f\u00e5r v\u00e4nda oss till Gud och ropa p\u00e5 hj\u00e4lp ist\u00e4llet s\u00e5 f\u00e5r han hj\u00e4lpa oss.<\/p>\n<p>Ja, dels \u00e4r det sv\u00e5rt att f\u00e5 ihop tro och liv f\u00f6r att vi har sv\u00e5rt att tro. Dels \u00e4r det f\u00f6r att vi inte vill. Paulus skriver att det finns delar av oss, djupt inne i oss som strider mot tanken p\u00e5 att ha en Gud. Adam och Eva f\u00f6ll f\u00f6r tanken p\u00e5 att klara sig utan att ha en Gud, och vara sin egen Gud ist\u00e4llet och vi \u00e4r fortfarande p\u00e5 det sp\u00e5ret. Det finns n\u00e5got i oss som st\u00e4ndigt g\u00f6r uppror \u00e4ven om vi med mun och hj\u00e4rta s\u00e4ger att Gud \u00e4r god och leder oss r\u00e4tt. Den delen av oss vill f\u00f6r allt i v\u00e4rlden h\u00e5lla tro och liv is\u00e4r. I Amos bok i gt f\u00f6r den h\u00e4r veckan st\u00e5r det om det. Det g\u00e5r alldeles utm\u00e4rkt att vara religi\u00f6s och samtidigt undvika att l\u00e5ta Gud f\u00e5 n\u00e5got avg\u00f6rande inflytande i v\u00e5ra liv. Det tror jag vi vet allihop?  <\/p>\n<p>Vad g\u00f6r vi d\u00e5? Vi kommer aldrig bli av med den h\u00e4r inre klyvnaden innan Herren kommer, hur kan vi leva med detta? Paulus \u00e4r sj\u00e4lv pl\u00e5gad, han skriver: vem kan r\u00e4dda mig fr\u00e5n denna d\u00f6dens kropp? Han skriver ocks\u00e5 att vi p\u00e5 s\u00e4tt och vis inte \u00e4r oss sj\u00e4lva; det goda vi vill g\u00f6ra g\u00f6r vi inte men det onda vi inte vill g\u00f6r vi. Men det betyder ocks\u00e5 att vi egentligen har en annan identitet. N\u00e5gonstans inom oss finns den vi \u00e4r skapade till att vara men som vi inte lyckas vara av egen kraft.<\/p>\n<p>N\u00e4r man kommit s\u00e5 l\u00e5ngt s\u00e5 blir n\u00e4sta tanke l\u00e4tt att nu g\u00e4ller det att antingen k\u00e4mpa eller ge upp. Kristen tro f\u00f6rvandlas l\u00e4tt till kamp f\u00f6r att f\u00f6rs\u00f6ka bli en god m\u00e4nniska. Det \u00e4r ju inte alls konstigt n\u00e4r Paulus skrivit att vi \u00e4r skapta f\u00f6r att vara b\u00e4ttre \u00e4n vi \u00e4r nu. Samtidigt \u00e4r det ett hoppl\u00f6st f\u00f6retag. Paulus skriver ju just om att hur g\u00e4rna och hur gott han \u00e4n vill s\u00e5 g\u00f6r han en massa dumheter ist\u00e4llet f\u00f6r f\u00f6rsl\u00f6sar sitt arv. <\/p>\n<p>Ge upp d\u00e5? Nej, vad skulle det kunna vara f\u00f6r bra med det? Och Paulus verkar inte ha gett upp. Han lider av att det \u00e4r s\u00e5 halvdant som det \u00e4r men han har inte gett upp. <\/p>\n<p>Vi r\u00e5r inte p\u00e5 oss sj\u00e4lva. Men det finns en utv\u00e4g. Och att vi ofta inte t\u00e4nker p\u00e5 den beror v\u00e4l p\u00e5 att vi \u00e4r s\u00e5 inkr\u00f6kta i oss sj\u00e4lva? N\u00e4r man inte \u00e4r stark nog kan man be om hj\u00e4lp. Men som sagt \u00e4r vi ofta ateister i praktiken och r\u00e4knar med att vi f\u00e5r klara oss sj\u00e4lva. I alla fall \u00e4r det s\u00e5 med mig. <\/p>\n<p>De gamle \u00f6kenasketerna s\u00e4ger att n\u00e4r man m\u00f6ter pr\u00f6vningar och frestelser ska man inte f\u00f6rs\u00f6ka k\u00e4mpa ner dem. Man ska be om hj\u00e4lp. Hittar man inte ord kan man i alla fall s\u00e4ga ett enda, namnet p\u00e5 den som kan hj\u00e4lpa. Jesus. <\/p>\n<p>Om vi verkligen trodde p\u00e5 v\u00e5r tro med hj\u00e4rtat s\u00e5 tror jag att livet skulle f\u00f6lja med mer. Vi f\u00e5r forts\u00e4tta att ge tron en chans. \u00c4ven idag f\u00e5r vi v\u00e4nda om. \u00c4ven idag f\u00e5r vi be Jesus att han ger av sin ande och hj\u00e4lper oss tro. Vi f\u00e5r ta emot nattvarden vid hans bord, kanske kan Guds rike inom oss d\u00e5 v\u00e4xa lite, lite d\u00e5. Om s\u00e5 bara med en liten oblatbredd&#8230;<\/p>\n<p>Paulus kommer fram till att Guds n\u00e5d \u00e4nd\u00e5 forts\u00e4tter att g\u00e4lla \u00e4ven om tro och liv inte g\u00e5r ihop f\u00f6r oss. Det m\u00e5ste vi alltid komma ih\u00e5g. Ytterst sett handlar det inte om hur v\u00e5r tro ser ut utan om vem Gud \u00e4r.<\/p>\n","protected":false},"excerpt":{"rendered":"<p>Ig\u00e5r gl\u00f6mde jag lappen med min betraktelse till veckom\u00e4ssan, det fick bli improviserat och resultatet blev verkligen n\u00e5got helt annat \u00e4n jag t\u00e4nkt fr\u00e5n b\u00f6rjan. N\u00e5v\u00e4l, d\u00e5 f\u00e5r originalet komma upp h\u00e4r ist\u00e4llet, l\u00e4tt bearbetat: M\u00e4nniskan \u00e4r i uppror mot Gud Vi m\u00e5 vara kristna men vi lever ofta som praktiserande ateister. \u00c4ven om vi [&hellip;]<\/p>\n","protected":false},"author":392,"featured_media":0,"comment_status":"open","ping_status":"open","sticky":false,"template":"","format":"standard","meta":{"_acf_changed":false,"footnotes":""},"categories":[75887,114,80016],"tags":[],"class_list":["post-404","post","type-post","status-publish","format-standard","hentry","category-andlighet","category-predikan","category-tal"],"acf":[],"yoast_head":"<!-- This site is optimized with the Yoast SEO plugin v27.1.1 - https:\/\/yoast.com\/product\/yoast-seo-wordpress\/ -->\n<title>\u00c4r jag ateist n\u00e4r det kommer till kritan? Om tro och liv - Vandra V\u00e4gen<\/title>\n<meta name=\"robots\" content=\"index, follow, max-snippet:-1, max-image-preview:large, max-video-preview:-1\" \/>\n<link rel=\"canonical\" href=\"https:\/\/blogg.svenskakyrkan.se\/vandravagen\/2013\/08\/15\/ar-jag-ateist-nar-det-kommer-till-kritan-om-tro-och-liv\/\" \/>\n<meta property=\"og:locale\" content=\"sv_SE\" \/>\n<meta property=\"og:type\" content=\"article\" \/>\n<meta property=\"og:title\" content=\"\u00c4r jag ateist n\u00e4r det kommer till kritan? Om tro och liv - Vandra V\u00e4gen\" \/>\n<meta property=\"og:description\" content=\"Ig\u00e5r gl\u00f6mde jag lappen med min betraktelse till veckom\u00e4ssan, det fick bli improviserat och resultatet blev verkligen n\u00e5got helt annat \u00e4n jag t\u00e4nkt fr\u00e5n b\u00f6rjan. N\u00e5v\u00e4l, d\u00e5 f\u00e5r originalet komma upp h\u00e4r ist\u00e4llet, l\u00e4tt bearbetat: M\u00e4nniskan \u00e4r i uppror mot Gud Vi m\u00e5 vara kristna men vi lever ofta som praktiserande ateister. \u00c4ven om vi [&hellip;]\" \/>\n<meta property=\"og:url\" content=\"https:\/\/blogg.svenskakyrkan.se\/vandravagen\/2013\/08\/15\/ar-jag-ateist-nar-det-kommer-till-kritan-om-tro-och-liv\/\" \/>\n<meta property=\"og:site_name\" content=\"Vandra V\u00e4gen\" \/>\n<meta property=\"article:publisher\" content=\"http:\/\/facebook.com\/vandravagen\" \/>\n<meta property=\"article:published_time\" content=\"2013-08-15T07:08:00+00:00\" \/>\n<meta property=\"og:image\" content=\"http:\/\/4.bp.blogspot.com\/-B5OMmLqwtfo\/Ugx-PHBpyWI\/AAAAAAAAE0o\/2WXCICFtx1A\/s400\/IMG_3790.JPG\" \/>\n<meta name=\"author\" content=\"Tomas Jarvid\" \/>\n<meta name=\"twitter:card\" content=\"summary_large_image\" \/>\n<meta name=\"twitter:creator\" content=\"@fadertomas\" \/>\n<meta name=\"twitter:site\" content=\"@fadertomas\" \/>\n<meta name=\"twitter:label1\" content=\"Skriven av\" \/>\n\t<meta name=\"twitter:data1\" content=\"Tomas Jarvid\" \/>\n\t<meta name=\"twitter:label2\" content=\"Ber\u00e4knad l\u00e4stid\" \/>\n\t<meta name=\"twitter:data2\" content=\"5 minuter\" \/>\n<script type=\"application\/ld+json\" class=\"yoast-schema-graph\">{\"@context\":\"https:\/\/schema.org\",\"@graph\":[{\"@type\":\"Article\",\"@id\":\"https:\/\/blogg.svenskakyrkan.se\/vandravagen\/2013\/08\/15\/ar-jag-ateist-nar-det-kommer-till-kritan-om-tro-och-liv\/#article\",\"isPartOf\":{\"@id\":\"https:\/\/blogg.svenskakyrkan.se\/vandravagen\/2013\/08\/15\/ar-jag-ateist-nar-det-kommer-till-kritan-om-tro-och-liv\/\"},\"author\":{\"name\":\"Tomas Jarvid\",\"@id\":\"https:\/\/blogg.svenskakyrkan.se\/vandravagen\/#\/schema\/person\/25da02d4f76b137d04291711e2c9fc16\"},\"headline\":\"\u00c4r jag ateist n\u00e4r det kommer till kritan? Om tro och liv\",\"datePublished\":\"2013-08-15T07:08:00+00:00\",\"mainEntityOfPage\":{\"@id\":\"https:\/\/blogg.svenskakyrkan.se\/vandravagen\/2013\/08\/15\/ar-jag-ateist-nar-det-kommer-till-kritan-om-tro-och-liv\/\"},\"wordCount\":942,\"commentCount\":7,\"publisher\":{\"@id\":\"https:\/\/blogg.svenskakyrkan.se\/vandravagen\/#organization\"},\"image\":{\"@id\":\"https:\/\/blogg.svenskakyrkan.se\/vandravagen\/2013\/08\/15\/ar-jag-ateist-nar-det-kommer-till-kritan-om-tro-och-liv\/#primaryimage\"},\"thumbnailUrl\":\"http:\/\/4.bp.blogspot.com\/-B5OMmLqwtfo\/Ugx-PHBpyWI\/AAAAAAAAE0o\/2WXCICFtx1A\/s400\/IMG_3790.JPG\",\"articleSection\":[\"andlighet\",\"predikan\",\"tal\"],\"inLanguage\":\"sv-SE\",\"potentialAction\":[{\"@type\":\"CommentAction\",\"name\":\"Comment\",\"target\":[\"https:\/\/blogg.svenskakyrkan.se\/vandravagen\/2013\/08\/15\/ar-jag-ateist-nar-det-kommer-till-kritan-om-tro-och-liv\/#respond\"]}]},{\"@type\":\"WebPage\",\"@id\":\"https:\/\/blogg.svenskakyrkan.se\/vandravagen\/2013\/08\/15\/ar-jag-ateist-nar-det-kommer-till-kritan-om-tro-och-liv\/\",\"url\":\"https:\/\/blogg.svenskakyrkan.se\/vandravagen\/2013\/08\/15\/ar-jag-ateist-nar-det-kommer-till-kritan-om-tro-och-liv\/\",\"name\":\"\u00c4r jag ateist n\u00e4r det kommer till kritan? Om tro och liv - Vandra V\u00e4gen\",\"isPartOf\":{\"@id\":\"https:\/\/blogg.svenskakyrkan.se\/vandravagen\/#website\"},\"primaryImageOfPage\":{\"@id\":\"https:\/\/blogg.svenskakyrkan.se\/vandravagen\/2013\/08\/15\/ar-jag-ateist-nar-det-kommer-till-kritan-om-tro-och-liv\/#primaryimage\"},\"image\":{\"@id\":\"https:\/\/blogg.svenskakyrkan.se\/vandravagen\/2013\/08\/15\/ar-jag-ateist-nar-det-kommer-till-kritan-om-tro-och-liv\/#primaryimage\"},\"thumbnailUrl\":\"http:\/\/4.bp.blogspot.com\/-B5OMmLqwtfo\/Ugx-PHBpyWI\/AAAAAAAAE0o\/2WXCICFtx1A\/s400\/IMG_3790.JPG\",\"datePublished\":\"2013-08-15T07:08:00+00:00\",\"breadcrumb\":{\"@id\":\"https:\/\/blogg.svenskakyrkan.se\/vandravagen\/2013\/08\/15\/ar-jag-ateist-nar-det-kommer-till-kritan-om-tro-och-liv\/#breadcrumb\"},\"inLanguage\":\"sv-SE\",\"potentialAction\":[{\"@type\":\"ReadAction\",\"target\":[\"https:\/\/blogg.svenskakyrkan.se\/vandravagen\/2013\/08\/15\/ar-jag-ateist-nar-det-kommer-till-kritan-om-tro-och-liv\/\"]}]},{\"@type\":\"ImageObject\",\"inLanguage\":\"sv-SE\",\"@id\":\"https:\/\/blogg.svenskakyrkan.se\/vandravagen\/2013\/08\/15\/ar-jag-ateist-nar-det-kommer-till-kritan-om-tro-och-liv\/#primaryimage\",\"url\":\"http:\/\/4.bp.blogspot.com\/-B5OMmLqwtfo\/Ugx-PHBpyWI\/AAAAAAAAE0o\/2WXCICFtx1A\/s400\/IMG_3790.JPG\",\"contentUrl\":\"http:\/\/4.bp.blogspot.com\/-B5OMmLqwtfo\/Ugx-PHBpyWI\/AAAAAAAAE0o\/2WXCICFtx1A\/s400\/IMG_3790.JPG\"},{\"@type\":\"BreadcrumbList\",\"@id\":\"https:\/\/blogg.svenskakyrkan.se\/vandravagen\/2013\/08\/15\/ar-jag-ateist-nar-det-kommer-till-kritan-om-tro-och-liv\/#breadcrumb\",\"itemListElement\":[{\"@type\":\"ListItem\",\"position\":1,\"name\":\"Hem\",\"item\":\"https:\/\/blogg.svenskakyrkan.se\/vandravagen\/\"},{\"@type\":\"ListItem\",\"position\":2,\"name\":\"\u00c4r jag ateist n\u00e4r det kommer till kritan? Om tro och liv\"}]},{\"@type\":\"WebSite\",\"@id\":\"https:\/\/blogg.svenskakyrkan.se\/vandravagen\/#website\",\"url\":\"https:\/\/blogg.svenskakyrkan.se\/vandravagen\/\",\"name\":\"Vandra V\u00e4gen\",\"description\":\"-Mot en tro f\u00f6r hela livet\",\"publisher\":{\"@id\":\"https:\/\/blogg.svenskakyrkan.se\/vandravagen\/#organization\"},\"potentialAction\":[{\"@type\":\"SearchAction\",\"target\":{\"@type\":\"EntryPoint\",\"urlTemplate\":\"https:\/\/blogg.svenskakyrkan.se\/vandravagen\/?s={search_term_string}\"},\"query-input\":{\"@type\":\"PropertyValueSpecification\",\"valueRequired\":true,\"valueName\":\"search_term_string\"}}],\"inLanguage\":\"sv-SE\"},{\"@type\":\"Organization\",\"@id\":\"https:\/\/blogg.svenskakyrkan.se\/vandravagen\/#organization\",\"name\":\"ulricehamns pastorat\",\"alternateName\":\"ulricehamns pastorat\",\"url\":\"https:\/\/blogg.svenskakyrkan.se\/vandravagen\/\",\"logo\":{\"@type\":\"ImageObject\",\"inLanguage\":\"sv-SE\",\"@id\":\"https:\/\/blogg.svenskakyrkan.se\/vandravagen\/#\/schema\/logo\/image\/\",\"url\":\"https:\/\/blogg.svenskakyrkan.se\/vandravagen\/files\/2023\/05\/Ulr_logo_RGB.png\",\"contentUrl\":\"https:\/\/blogg.svenskakyrkan.se\/vandravagen\/files\/2023\/05\/Ulr_logo_RGB.png\",\"width\":205,\"height\":77,\"caption\":\"ulricehamns pastorat\"},\"image\":{\"@id\":\"https:\/\/blogg.svenskakyrkan.se\/vandravagen\/#\/schema\/logo\/image\/\"},\"sameAs\":[\"http:\/\/facebook.com\/vandravagen\",\"https:\/\/x.com\/fadertomas\",\"http:\/\/www.facebook.com\/svenskakyrkaniulricehamn\"]},{\"@type\":\"Person\",\"@id\":\"https:\/\/blogg.svenskakyrkan.se\/vandravagen\/#\/schema\/person\/25da02d4f76b137d04291711e2c9fc16\",\"name\":\"Tomas Jarvid\",\"image\":{\"@type\":\"ImageObject\",\"inLanguage\":\"sv-SE\",\"@id\":\"https:\/\/blogg.svenskakyrkan.se\/vandravagen\/#\/schema\/person\/image\/\",\"url\":\"https:\/\/secure.gravatar.com\/avatar\/7fa71899795e8f540f615a1f5ab25255dc27aa40f05ee7ddd21aac521e01bf50?s=96&d=identicon&r=g\",\"contentUrl\":\"https:\/\/secure.gravatar.com\/avatar\/7fa71899795e8f540f615a1f5ab25255dc27aa40f05ee7ddd21aac521e01bf50?s=96&d=identicon&r=g\",\"caption\":\"Tomas Jarvid\"},\"description\":\"Jag bor i Ulricehamn i V\u00e4sterg\u00f6tland och \u00e4r f\u00f6rsamlingspr\u00e4st i Svenska Kyrkan f\u00f6r Dalstorps f\u00f6rsamling i Kinds pastorat. P\u00e5 den h\u00e4r bloggen skriver jag ner tankar om vandringen som kristen.\",\"sameAs\":[\"http:\/\/www.vandravagen.se\"],\"url\":\"https:\/\/blogg.svenskakyrkan.se\/vandravagen\/author\/vandravagen\/\"}]}<\/script>\n<!-- \/ Yoast SEO plugin. -->","yoast_head_json":{"title":"\u00c4r jag ateist n\u00e4r det kommer till kritan? Om tro och liv - Vandra V\u00e4gen","robots":{"index":"index","follow":"follow","max-snippet":"max-snippet:-1","max-image-preview":"max-image-preview:large","max-video-preview":"max-video-preview:-1"},"canonical":"https:\/\/blogg.svenskakyrkan.se\/vandravagen\/2013\/08\/15\/ar-jag-ateist-nar-det-kommer-till-kritan-om-tro-och-liv\/","og_locale":"sv_SE","og_type":"article","og_title":"\u00c4r jag ateist n\u00e4r det kommer till kritan? Om tro och liv - Vandra V\u00e4gen","og_description":"Ig\u00e5r gl\u00f6mde jag lappen med min betraktelse till veckom\u00e4ssan, det fick bli improviserat och resultatet blev verkligen n\u00e5got helt annat \u00e4n jag t\u00e4nkt fr\u00e5n b\u00f6rjan. N\u00e5v\u00e4l, d\u00e5 f\u00e5r originalet komma upp h\u00e4r ist\u00e4llet, l\u00e4tt bearbetat: M\u00e4nniskan \u00e4r i uppror mot Gud Vi m\u00e5 vara kristna men vi lever ofta som praktiserande ateister. \u00c4ven om vi [&hellip;]","og_url":"https:\/\/blogg.svenskakyrkan.se\/vandravagen\/2013\/08\/15\/ar-jag-ateist-nar-det-kommer-till-kritan-om-tro-och-liv\/","og_site_name":"Vandra V\u00e4gen","article_publisher":"http:\/\/facebook.com\/vandravagen","article_published_time":"2013-08-15T07:08:00+00:00","og_image":[{"url":"http:\/\/4.bp.blogspot.com\/-B5OMmLqwtfo\/Ugx-PHBpyWI\/AAAAAAAAE0o\/2WXCICFtx1A\/s400\/IMG_3790.JPG","type":"","width":"","height":""}],"author":"Tomas Jarvid","twitter_card":"summary_large_image","twitter_creator":"@fadertomas","twitter_site":"@fadertomas","twitter_misc":{"Skriven av":"Tomas Jarvid","Ber\u00e4knad l\u00e4stid":"5 minuter"},"schema":{"@context":"https:\/\/schema.org","@graph":[{"@type":"Article","@id":"https:\/\/blogg.svenskakyrkan.se\/vandravagen\/2013\/08\/15\/ar-jag-ateist-nar-det-kommer-till-kritan-om-tro-och-liv\/#article","isPartOf":{"@id":"https:\/\/blogg.svenskakyrkan.se\/vandravagen\/2013\/08\/15\/ar-jag-ateist-nar-det-kommer-till-kritan-om-tro-och-liv\/"},"author":{"name":"Tomas Jarvid","@id":"https:\/\/blogg.svenskakyrkan.se\/vandravagen\/#\/schema\/person\/25da02d4f76b137d04291711e2c9fc16"},"headline":"\u00c4r jag ateist n\u00e4r det kommer till kritan? Om tro och liv","datePublished":"2013-08-15T07:08:00+00:00","mainEntityOfPage":{"@id":"https:\/\/blogg.svenskakyrkan.se\/vandravagen\/2013\/08\/15\/ar-jag-ateist-nar-det-kommer-till-kritan-om-tro-och-liv\/"},"wordCount":942,"commentCount":7,"publisher":{"@id":"https:\/\/blogg.svenskakyrkan.se\/vandravagen\/#organization"},"image":{"@id":"https:\/\/blogg.svenskakyrkan.se\/vandravagen\/2013\/08\/15\/ar-jag-ateist-nar-det-kommer-till-kritan-om-tro-och-liv\/#primaryimage"},"thumbnailUrl":"http:\/\/4.bp.blogspot.com\/-B5OMmLqwtfo\/Ugx-PHBpyWI\/AAAAAAAAE0o\/2WXCICFtx1A\/s400\/IMG_3790.JPG","articleSection":["andlighet","predikan","tal"],"inLanguage":"sv-SE","potentialAction":[{"@type":"CommentAction","name":"Comment","target":["https:\/\/blogg.svenskakyrkan.se\/vandravagen\/2013\/08\/15\/ar-jag-ateist-nar-det-kommer-till-kritan-om-tro-och-liv\/#respond"]}]},{"@type":"WebPage","@id":"https:\/\/blogg.svenskakyrkan.se\/vandravagen\/2013\/08\/15\/ar-jag-ateist-nar-det-kommer-till-kritan-om-tro-och-liv\/","url":"https:\/\/blogg.svenskakyrkan.se\/vandravagen\/2013\/08\/15\/ar-jag-ateist-nar-det-kommer-till-kritan-om-tro-och-liv\/","name":"\u00c4r jag ateist n\u00e4r det kommer till kritan? Om tro och liv - Vandra V\u00e4gen","isPartOf":{"@id":"https:\/\/blogg.svenskakyrkan.se\/vandravagen\/#website"},"primaryImageOfPage":{"@id":"https:\/\/blogg.svenskakyrkan.se\/vandravagen\/2013\/08\/15\/ar-jag-ateist-nar-det-kommer-till-kritan-om-tro-och-liv\/#primaryimage"},"image":{"@id":"https:\/\/blogg.svenskakyrkan.se\/vandravagen\/2013\/08\/15\/ar-jag-ateist-nar-det-kommer-till-kritan-om-tro-och-liv\/#primaryimage"},"thumbnailUrl":"http:\/\/4.bp.blogspot.com\/-B5OMmLqwtfo\/Ugx-PHBpyWI\/AAAAAAAAE0o\/2WXCICFtx1A\/s400\/IMG_3790.JPG","datePublished":"2013-08-15T07:08:00+00:00","breadcrumb":{"@id":"https:\/\/blogg.svenskakyrkan.se\/vandravagen\/2013\/08\/15\/ar-jag-ateist-nar-det-kommer-till-kritan-om-tro-och-liv\/#breadcrumb"},"inLanguage":"sv-SE","potentialAction":[{"@type":"ReadAction","target":["https:\/\/blogg.svenskakyrkan.se\/vandravagen\/2013\/08\/15\/ar-jag-ateist-nar-det-kommer-till-kritan-om-tro-och-liv\/"]}]},{"@type":"ImageObject","inLanguage":"sv-SE","@id":"https:\/\/blogg.svenskakyrkan.se\/vandravagen\/2013\/08\/15\/ar-jag-ateist-nar-det-kommer-till-kritan-om-tro-och-liv\/#primaryimage","url":"http:\/\/4.bp.blogspot.com\/-B5OMmLqwtfo\/Ugx-PHBpyWI\/AAAAAAAAE0o\/2WXCICFtx1A\/s400\/IMG_3790.JPG","contentUrl":"http:\/\/4.bp.blogspot.com\/-B5OMmLqwtfo\/Ugx-PHBpyWI\/AAAAAAAAE0o\/2WXCICFtx1A\/s400\/IMG_3790.JPG"},{"@type":"BreadcrumbList","@id":"https:\/\/blogg.svenskakyrkan.se\/vandravagen\/2013\/08\/15\/ar-jag-ateist-nar-det-kommer-till-kritan-om-tro-och-liv\/#breadcrumb","itemListElement":[{"@type":"ListItem","position":1,"name":"Hem","item":"https:\/\/blogg.svenskakyrkan.se\/vandravagen\/"},{"@type":"ListItem","position":2,"name":"\u00c4r jag ateist n\u00e4r det kommer till kritan? Om tro och liv"}]},{"@type":"WebSite","@id":"https:\/\/blogg.svenskakyrkan.se\/vandravagen\/#website","url":"https:\/\/blogg.svenskakyrkan.se\/vandravagen\/","name":"Vandra V\u00e4gen","description":"-Mot en tro f\u00f6r hela livet","publisher":{"@id":"https:\/\/blogg.svenskakyrkan.se\/vandravagen\/#organization"},"potentialAction":[{"@type":"SearchAction","target":{"@type":"EntryPoint","urlTemplate":"https:\/\/blogg.svenskakyrkan.se\/vandravagen\/?s={search_term_string}"},"query-input":{"@type":"PropertyValueSpecification","valueRequired":true,"valueName":"search_term_string"}}],"inLanguage":"sv-SE"},{"@type":"Organization","@id":"https:\/\/blogg.svenskakyrkan.se\/vandravagen\/#organization","name":"ulricehamns pastorat","alternateName":"ulricehamns pastorat","url":"https:\/\/blogg.svenskakyrkan.se\/vandravagen\/","logo":{"@type":"ImageObject","inLanguage":"sv-SE","@id":"https:\/\/blogg.svenskakyrkan.se\/vandravagen\/#\/schema\/logo\/image\/","url":"https:\/\/blogg.svenskakyrkan.se\/vandravagen\/files\/2023\/05\/Ulr_logo_RGB.png","contentUrl":"https:\/\/blogg.svenskakyrkan.se\/vandravagen\/files\/2023\/05\/Ulr_logo_RGB.png","width":205,"height":77,"caption":"ulricehamns pastorat"},"image":{"@id":"https:\/\/blogg.svenskakyrkan.se\/vandravagen\/#\/schema\/logo\/image\/"},"sameAs":["http:\/\/facebook.com\/vandravagen","https:\/\/x.com\/fadertomas","http:\/\/www.facebook.com\/svenskakyrkaniulricehamn"]},{"@type":"Person","@id":"https:\/\/blogg.svenskakyrkan.se\/vandravagen\/#\/schema\/person\/25da02d4f76b137d04291711e2c9fc16","name":"Tomas Jarvid","image":{"@type":"ImageObject","inLanguage":"sv-SE","@id":"https:\/\/blogg.svenskakyrkan.se\/vandravagen\/#\/schema\/person\/image\/","url":"https:\/\/secure.gravatar.com\/avatar\/7fa71899795e8f540f615a1f5ab25255dc27aa40f05ee7ddd21aac521e01bf50?s=96&d=identicon&r=g","contentUrl":"https:\/\/secure.gravatar.com\/avatar\/7fa71899795e8f540f615a1f5ab25255dc27aa40f05ee7ddd21aac521e01bf50?s=96&d=identicon&r=g","caption":"Tomas Jarvid"},"description":"Jag bor i Ulricehamn i V\u00e4sterg\u00f6tland och \u00e4r f\u00f6rsamlingspr\u00e4st i Svenska Kyrkan f\u00f6r Dalstorps f\u00f6rsamling i Kinds pastorat. P\u00e5 den h\u00e4r bloggen skriver jag ner tankar om vandringen som kristen.","sameAs":["http:\/\/www.vandravagen.se"],"url":"https:\/\/blogg.svenskakyrkan.se\/vandravagen\/author\/vandravagen\/"}]}},"author_meta":{"ID":"392","user_nicename":"vandravagen","user_url":"http:\/\/www.vandravagen.se","user_registered":"2014-05-19 05:44:52","display_name":"Tomas Jarvid","first_name":"Tomas","last_name":"Jarvid","avatar":"https:\/\/secure.gravatar.com\/avatar\/7fa71899795e8f540f615a1f5ab25255dc27aa40f05ee7ddd21aac521e01bf50?s=96&d=identicon&r=g"},"featured_image":false,"bloginfo":{"name":"Vandra V\u00e4gen","url":"https:\/\/blogg.svenskakyrkan.se\/vandravagen"},"_links":{"self":[{"href":"https:\/\/blogg.svenskakyrkan.se\/vandravagen\/wp-json\/wp\/v2\/posts\/404","targetHints":{"allow":["GET"]}}],"collection":[{"href":"https:\/\/blogg.svenskakyrkan.se\/vandravagen\/wp-json\/wp\/v2\/posts"}],"about":[{"href":"https:\/\/blogg.svenskakyrkan.se\/vandravagen\/wp-json\/wp\/v2\/types\/post"}],"author":[{"embeddable":true,"href":"https:\/\/blogg.svenskakyrkan.se\/vandravagen\/wp-json\/wp\/v2\/users\/392"}],"replies":[{"embeddable":true,"href":"https:\/\/blogg.svenskakyrkan.se\/vandravagen\/wp-json\/wp\/v2\/comments?post=404"}],"version-history":[{"count":0,"href":"https:\/\/blogg.svenskakyrkan.se\/vandravagen\/wp-json\/wp\/v2\/posts\/404\/revisions"}],"wp:attachment":[{"href":"https:\/\/blogg.svenskakyrkan.se\/vandravagen\/wp-json\/wp\/v2\/media?parent=404"}],"wp:term":[{"taxonomy":"category","embeddable":true,"href":"https:\/\/blogg.svenskakyrkan.se\/vandravagen\/wp-json\/wp\/v2\/categories?post=404"},{"taxonomy":"post_tag","embeddable":true,"href":"https:\/\/blogg.svenskakyrkan.se\/vandravagen\/wp-json\/wp\/v2\/tags?post=404"}],"curies":[{"name":"wp","href":"https:\/\/api.w.org\/{rel}","templated":true}]}}