{"id":408,"date":"2013-08-13T06:47:00","date_gmt":"2013-08-13T04:47:00","guid":{"rendered":"http:\/\/blogg.svenskakyrkan.se\/vandravagen\/2013\/08\/13\/veckans-samlade-favoriter-fran-twitter-15\/"},"modified":"2013-08-13T06:47:00","modified_gmt":"2013-08-13T04:47:00","slug":"veckans-samlade-favoriter-fran-twitter-15","status":"publish","type":"post","link":"https:\/\/blogg.svenskakyrkan.se\/vandravagen\/2013\/08\/13\/veckans-samlade-favoriter-fran-twitter-15\/","title":{"rendered":"Veckans samlade favoriter fr\u00e5n twitter"},"content":{"rendered":"<div>F\u00f6r umptifemte g\u00e5ngen \u00e4r det dags f\u00f6r en sammanst\u00e4llning av det b\u00e4sta twitter har att erbjuda. Eh, som vanligt blir det m\u00e5nga citat av folk fr\u00e5n f\u00f6rr i tiden men ocks\u00e5 en del dagsf\u00e4rskt!<\/div>\n<div><\/div>\n<div><\/div>\n<div><b>Kristna (?) tweets<\/b><\/div>\n<div><b><br \/><\/b><\/div>\n<div><a href=\"http:\/\/1.bp.blogspot.com\/-Ln_vdoqyfdg\/Ugm2wgObLoI\/AAAAAAAAEwg\/d3mjthT_kiY\/s1600\/Ska%CC%88rmavbild+2013-08-13+kl.+06.15.48.png\"><img loading=\"lazy\" decoding=\"async\" border=\"0\" height=\"86\" src=\"http:\/\/1.bp.blogspot.com\/-Ln_vdoqyfdg\/Ugm2wgObLoI\/AAAAAAAAEwg\/d3mjthT_kiY\/s400\/Ska%CC%88rmavbild+2013-08-13+kl.+06.15.48.png\" width=\"400\"><\/a><\/div>\n<div><\/div>\n<div><\/div>\n<div><a href=\"http:\/\/2.bp.blogspot.com\/-vqponxrzln4\/Ugm2v9yW5KI\/AAAAAAAAEwQ\/kr6CN7qZaLU\/s1600\/Ska%CC%88rmavbild+2013-08-13+kl.+06.15.14.png\"><img loading=\"lazy\" decoding=\"async\" border=\"0\" height=\"87\" src=\"http:\/\/2.bp.blogspot.com\/-vqponxrzln4\/Ugm2v9yW5KI\/AAAAAAAAEwQ\/kr6CN7qZaLU\/s400\/Ska%CC%88rmavbild+2013-08-13+kl.+06.15.14.png\" width=\"400\"><\/a><\/div>\n<div><\/div>\n<div><\/div>\n<div>Allts\u00e5 Nietzsche, han m\u00e5 ha hatat kristen tro men jag tycker han s\u00e4ger mycket bra. Vore det inte f\u00f6r att magen kurrar med j\u00e4mna mellanrum skulle vi kunna bli h\u00f6gmodiga p\u00e5 allvar?<\/div>\n<div><a href=\"http:\/\/1.bp.blogspot.com\/-uTuuqLUFEck\/Ugm2wzAcHnI\/AAAAAAAAEwc\/rjCtZYMmUqw\/s1600\/Ska%CC%88rmavbild+2013-08-13+kl.+06.16.00.png\"><img loading=\"lazy\" decoding=\"async\" border=\"0\" height=\"72\" src=\"http:\/\/1.bp.blogspot.com\/-uTuuqLUFEck\/Ugm2wzAcHnI\/AAAAAAAAEwc\/rjCtZYMmUqw\/s400\/Ska%CC%88rmavbild+2013-08-13+kl.+06.16.00.png\" width=\"400\"><\/a><\/div>\n<div><\/div>\n<div><\/div>\n<div><a href=\"http:\/\/1.bp.blogspot.com\/-mRn1Y2bItZk\/Ugm2yY8rmlI\/AAAAAAAAEw8\/dt-vmcMT_WE\/s1600\/Ska%CC%88rmavbild+2013-08-13+kl.+06.17.26.png\"><img loading=\"lazy\" decoding=\"async\" border=\"0\" height=\"101\" src=\"http:\/\/1.bp.blogspot.com\/-mRn1Y2bItZk\/Ugm2yY8rmlI\/AAAAAAAAEw8\/dt-vmcMT_WE\/s400\/Ska%CC%88rmavbild+2013-08-13+kl.+06.17.26.png\" width=\"400\"><\/a><\/div>\n<div><\/div>\n<div><\/div>\n<div>Maimonides var en av tidernas st\u00f6rsta rabbiner\/filosofer inom judendomen, klok man!<\/div>\n<div><a href=\"http:\/\/3.bp.blogspot.com\/-VFgnqt8S8lg\/Ugm2z6Qkj9I\/AAAAAAAAExg\/dAu7WpCUbA0\/s1600\/Ska%CC%88rmavbild+2013-08-13+kl.+06.18.54.png\"><img loading=\"lazy\" decoding=\"async\" border=\"0\" height=\"60\" src=\"http:\/\/3.bp.blogspot.com\/-VFgnqt8S8lg\/Ugm2z6Qkj9I\/AAAAAAAAExg\/dAu7WpCUbA0\/s400\/Ska%CC%88rmavbild+2013-08-13+kl.+06.18.54.png\" width=\"400\"><\/a><\/div>\n<div><\/div>\n<div><\/div>\n<div><a href=\"http:\/\/3.bp.blogspot.com\/-lVydKvmS_pM\/Ugm2xS7zsLI\/AAAAAAAAEww\/rv2XOKfkXko\/s1600\/Ska%CC%88rmavbild+2013-08-13+kl.+06.16.27.png\"><img loading=\"lazy\" decoding=\"async\" border=\"0\" height=\"88\" src=\"http:\/\/3.bp.blogspot.com\/-lVydKvmS_pM\/Ugm2xS7zsLI\/AAAAAAAAEww\/rv2XOKfkXko\/s400\/Ska%CC%88rmavbild+2013-08-13+kl.+06.16.27.png\" width=\"400\"><\/a><\/div>\n<div><\/div>\n<div><\/div>\n<div>Jag ville ta med den h\u00e4r f\u00f6r att det var s\u00e5 roliga nyheter, henne k\u00e4nner jag!<\/div>\n<div><a href=\"http:\/\/1.bp.blogspot.com\/-c80cflNwuNY\/Ugm2zMed2bI\/AAAAAAAAEyk\/Po5WKR6UYGw\/s1600\/Ska%CC%88rmavbild+2013-08-13+kl.+06.18.29.png\"><img loading=\"lazy\" decoding=\"async\" border=\"0\" height=\"60\" src=\"http:\/\/1.bp.blogspot.com\/-c80cflNwuNY\/Ugm2zMed2bI\/AAAAAAAAEyk\/Po5WKR6UYGw\/s400\/Ska%CC%88rmavbild+2013-08-13+kl.+06.18.29.png\" width=\"400\"><\/a><\/div>\n<div><\/div>\n<div><\/div>\n<div><a href=\"http:\/\/4.bp.blogspot.com\/-Lj7BUbRz9s0\/Ugm21KLXLaI\/AAAAAAAAEx0\/c3pPxL_Rm64\/s1600\/Ska%CC%88rmavbild+2013-08-13+kl.+06.21.39.png\"><img loading=\"lazy\" decoding=\"async\" border=\"0\" height=\"72\" src=\"http:\/\/4.bp.blogspot.com\/-Lj7BUbRz9s0\/Ugm21KLXLaI\/AAAAAAAAEx0\/c3pPxL_Rm64\/s400\/Ska%CC%88rmavbild+2013-08-13+kl.+06.21.39.png\" width=\"400\"><\/a><\/div>\n<div><\/div>\n<div><\/div>\n<div><a href=\"http:\/\/2.bp.blogspot.com\/-wA8XfzSLLU4\/Ugm22wobMqI\/AAAAAAAAEyY\/QEkEp8MCi8Y\/s1600\/Ska%CC%88rmavbild+2013-08-13+kl.+06.26.25.png\"><img loading=\"lazy\" decoding=\"async\" border=\"0\" height=\"85\" src=\"http:\/\/2.bp.blogspot.com\/-wA8XfzSLLU4\/Ugm22wobMqI\/AAAAAAAAEyY\/QEkEp8MCi8Y\/s400\/Ska%CC%88rmavbild+2013-08-13+kl.+06.26.25.png\" width=\"400\"><\/a><\/div>\n<div><\/div>\n<div><\/div>\n<div>Dagens verkliga visdomsord! G\u00e4ller vare sig man talar i mer &#8221;andliga&#8221; termer eller psykologiska eller annat:<\/div>\n<div><a href=\"http:\/\/3.bp.blogspot.com\/-TbC_5AkdFxo\/Ugm200ju7WI\/AAAAAAAAExo\/20YuQ86FJNI\/s1600\/Ska%CC%88rmavbild+2013-08-13+kl.+06.21.20.png\"><img loading=\"lazy\" decoding=\"async\" border=\"0\" height=\"98\" src=\"http:\/\/3.bp.blogspot.com\/-TbC_5AkdFxo\/Ugm200ju7WI\/AAAAAAAAExo\/20YuQ86FJNI\/s400\/Ska%CC%88rmavbild+2013-08-13+kl.+06.21.20.png\" width=\"400\"><\/a><\/div>\n<div><\/div>\n<div><\/div>\n<div><\/div>\n<div><b>Kloka tweets<\/b><\/div>\n<div><\/div>\n<div><a href=\"http:\/\/3.bp.blogspot.com\/-JnPgatvsL3c\/Ugm23OY2mbI\/AAAAAAAAEyU\/jq3eSPiA0Cg\/s1600\/Ska%CC%88rmavbild+2013-08-13+kl.+06.27.24.png\"><img loading=\"lazy\" decoding=\"async\" border=\"0\" height=\"72\" src=\"http:\/\/3.bp.blogspot.com\/-JnPgatvsL3c\/Ugm23OY2mbI\/AAAAAAAAEyU\/jq3eSPiA0Cg\/s400\/Ska%CC%88rmavbild+2013-08-13+kl.+06.27.24.png\" width=\"400\"><\/a><\/div>\n<div><\/div>\n<div><\/div>\n<div><a href=\"http:\/\/2.bp.blogspot.com\/--I3Eyr0d0QU\/Ugm2vs95d5I\/AAAAAAAAEwM\/K6Bh4O75W7c\/s1600\/Ska%CC%88rmavbild+2013-08-13+kl.+06.15.00.png\"><img loading=\"lazy\" decoding=\"async\" border=\"0\" height=\"87\" src=\"http:\/\/2.bp.blogspot.com\/--I3Eyr0d0QU\/Ugm2vs95d5I\/AAAAAAAAEwM\/K6Bh4O75W7c\/s400\/Ska%CC%88rmavbild+2013-08-13+kl.+06.15.00.png\" width=\"400\"><\/a><\/div>\n<div><\/div>\n<div><\/div>\n<div><a href=\"http:\/\/3.bp.blogspot.com\/-hLTT6GJR_Xc\/Ugm2yoM06lI\/AAAAAAAAExA\/kvkPp2eW4BQ\/s1600\/Ska%CC%88rmavbild+2013-08-13+kl.+06.17.57.png\"><img loading=\"lazy\" decoding=\"async\" border=\"0\" height=\"72\" src=\"http:\/\/3.bp.blogspot.com\/-hLTT6GJR_Xc\/Ugm2yoM06lI\/AAAAAAAAExA\/kvkPp2eW4BQ\/s400\/Ska%CC%88rmavbild+2013-08-13+kl.+06.17.57.png\" width=\"400\"><\/a><\/div>\n<div><\/div>\n<div><\/div>\n<div><a href=\"http:\/\/1.bp.blogspot.com\/-erLbqODE1CA\/Ugm22Ab2DzI\/AAAAAAAAEyI\/Dy5oQHBF2aU\/s1600\/Ska%CC%88rmavbild+2013-08-13+kl.+06.24.42.png\"><img loading=\"lazy\" decoding=\"async\" border=\"0\" height=\"86\" src=\"http:\/\/1.bp.blogspot.com\/-erLbqODE1CA\/Ugm22Ab2DzI\/AAAAAAAAEyI\/Dy5oQHBF2aU\/s400\/Ska%CC%88rmavbild+2013-08-13+kl.+06.24.42.png\" width=\"400\"><\/a><\/div>\n<div><\/div>\n<div><\/div>\n<div><a href=\"http:\/\/3.bp.blogspot.com\/-HEwraIO3-vg\/Ugm22eXB8XI\/AAAAAAAAEyE\/QqGBnc1NPls\/s1600\/Ska%CC%88rmavbild+2013-08-13+kl.+06.25.39.png\"><img loading=\"lazy\" decoding=\"async\" border=\"0\" height=\"72\" src=\"http:\/\/3.bp.blogspot.com\/-HEwraIO3-vg\/Ugm22eXB8XI\/AAAAAAAAEyE\/QqGBnc1NPls\/s400\/Ska%CC%88rmavbild+2013-08-13+kl.+06.25.39.png\" width=\"400\"><\/a><\/div>\n<div><\/div>\n<div><\/div>\n<div><\/div>\n<div><b>Roliga\/fyndiga\/\u00f6vriga tweets<\/b><\/div>\n<div><\/div>\n<div><\/div>\n<div><\/div>\n<div><a href=\"http:\/\/4.bp.blogspot.com\/-eoYiq9jbX2k\/Ugm2vdLGfxI\/AAAAAAAAEv8\/87OP5OTKmFY\/s1600\/Ska%CC%88rmavbild+2013-08-13+kl.+06.14.31.png\"><img loading=\"lazy\" decoding=\"async\" border=\"0\" height=\"75\" src=\"http:\/\/4.bp.blogspot.com\/-eoYiq9jbX2k\/Ugm2vdLGfxI\/AAAAAAAAEv8\/87OP5OTKmFY\/s400\/Ska%CC%88rmavbild+2013-08-13+kl.+06.14.31.png\" width=\"400\"><\/a><\/div>\n<div><\/div>\n<\/p>\n<div><a href=\"http:\/\/4.bp.blogspot.com\/-L1ds7fcMtUY\/Ugm2vUhsAYI\/AAAAAAAAExQ\/WWoDIvC95gw\/s1600\/Ska%CC%88rmavbild+2013-08-13+kl.+06.14.39.png\"><img loading=\"lazy\" decoding=\"async\" border=\"0\" height=\"112\" src=\"http:\/\/4.bp.blogspot.com\/-L1ds7fcMtUY\/Ugm2vUhsAYI\/AAAAAAAAExQ\/WWoDIvC95gw\/s400\/Ska%CC%88rmavbild+2013-08-13+kl.+06.14.39.png\" width=\"400\"><\/a><\/div>\n<div><\/div>\n<\/p>\n<div><a href=\"http:\/\/4.bp.blogspot.com\/-O-FUX_vmBtI\/Ugm2vZt4Q8I\/AAAAAAAAEwA\/JDV4k9bCRyw\/s1600\/Ska%CC%88rmavbild+2013-08-13+kl.+06.14.49.png\"><img loading=\"lazy\" decoding=\"async\" border=\"0\" height=\"73\" src=\"http:\/\/4.bp.blogspot.com\/-O-FUX_vmBtI\/Ugm2vZt4Q8I\/AAAAAAAAEwA\/JDV4k9bCRyw\/s400\/Ska%CC%88rmavbild+2013-08-13+kl.+06.14.49.png\" width=\"400\"><\/a><\/div>\n<div><\/div>\n<div><\/div>\n<div><a href=\"http:\/\/1.bp.blogspot.com\/-AVWYGXjutNU\/Ugm21mhxo8I\/AAAAAAAAEx4\/MuonT1NBBXw\/s1600\/Ska%CC%88rmavbild+2013-08-13+kl.+06.23.42.png\"><img loading=\"lazy\" decoding=\"async\" border=\"0\" height=\"86\" src=\"http:\/\/1.bp.blogspot.com\/-AVWYGXjutNU\/Ugm21mhxo8I\/AAAAAAAAEx4\/MuonT1NBBXw\/s400\/Ska%CC%88rmavbild+2013-08-13+kl.+06.23.42.png\" width=\"400\"><\/a><\/div>\n<div>Bra sk\u00e4mt kan mest ocks\u00e5 bygga p\u00e5 att man k\u00e4nner sig smart om man f\u00f6rst\u00e5r dem (det h\u00e4r var ett bra sk\u00e4mt).<\/div>\n<div><a href=\"http:\/\/3.bp.blogspot.com\/-mmf5X-yj_wo\/Ugm2xoRCOLI\/AAAAAAAAEws\/OMAvZA_d_Hw\/s1600\/Ska%CC%88rmavbild+2013-08-13+kl.+06.16.34.png\"><img loading=\"lazy\" decoding=\"async\" border=\"0\" height=\"58\" src=\"http:\/\/3.bp.blogspot.com\/-mmf5X-yj_wo\/Ugm2xoRCOLI\/AAAAAAAAEws\/OMAvZA_d_Hw\/s400\/Ska%CC%88rmavbild+2013-08-13+kl.+06.16.34.png\" width=\"400\"><\/a><\/div>\n<div><\/div>\n<\/p>\n<div><a href=\"http:\/\/1.bp.blogspot.com\/-iMWJ6o8Owhc\/Ugm2zR3AksI\/AAAAAAAAExM\/IuLw_LqL_gE\/s1600\/Ska%CC%88rmavbild+2013-08-13+kl.+06.18.46.png\"><img loading=\"lazy\" decoding=\"async\" border=\"0\" height=\"72\" src=\"http:\/\/1.bp.blogspot.com\/-iMWJ6o8Owhc\/Ugm2zR3AksI\/AAAAAAAAExM\/IuLw_LqL_gE\/s400\/Ska%CC%88rmavbild+2013-08-13+kl.+06.18.46.png\" width=\"400\"><\/a><\/div>\n<\/p>\n<div><b>Och veckans b\u00e4sta tweet<\/b><\/div>\n<div>st\u00e5r serietecknaren @johanwanloo f\u00f6r:<\/div>\n<\/p>\n<div><a href=\"http:\/\/1.bp.blogspot.com\/-Mu-jgYNyzfk\/Ugm20NZ-JMI\/AAAAAAAAExc\/EqY1vkHqlCQ\/s1600\/Ska%CC%88rmavbild+2013-08-13+kl.+06.19.08.png\"><img loading=\"lazy\" decoding=\"async\" border=\"0\" height=\"75\" src=\"http:\/\/1.bp.blogspot.com\/-Mu-jgYNyzfk\/Ugm20NZ-JMI\/AAAAAAAAExc\/EqY1vkHqlCQ\/s400\/Ska%CC%88rmavbild+2013-08-13+kl.+06.19.08.png\" width=\"400\"><\/a><\/div>\n<div><\/div>\n<div><\/div>\n<div>Tack alla!<\/div><\/p>\n","protected":false},"excerpt":{"rendered":"<p>F\u00f6r umptifemte g\u00e5ngen \u00e4r det dags f\u00f6r en sammanst\u00e4llning av det b\u00e4sta twitter har att erbjuda. Eh, som vanligt blir det m\u00e5nga citat av folk fr\u00e5n f\u00f6rr i tiden men ocks\u00e5 en del dagsf\u00e4rskt! Kristna (?) tweets Allts\u00e5 Nietzsche, han m\u00e5 ha hatat kristen tro men jag tycker han s\u00e4ger mycket bra. Vore det inte [&hellip;]<\/p>\n","protected":false},"author":392,"featured_media":0,"comment_status":"open","ping_status":"open","sticky":false,"template":"","format":"standard","meta":{"_acf_changed":false,"footnotes":""},"categories":[78772],"tags":[],"class_list":["post-408","post","type-post","status-publish","format-standard","hentry","category-favorittweets"],"acf":[],"yoast_head":"<!-- This site is optimized with the Yoast SEO plugin v27.1.1 - https:\/\/yoast.com\/product\/yoast-seo-wordpress\/ -->\n<title>Veckans samlade favoriter fr\u00e5n twitter - Vandra V\u00e4gen<\/title>\n<meta name=\"robots\" content=\"index, follow, max-snippet:-1, max-image-preview:large, max-video-preview:-1\" \/>\n<link rel=\"canonical\" href=\"https:\/\/blogg.svenskakyrkan.se\/vandravagen\/2013\/08\/13\/veckans-samlade-favoriter-fran-twitter-15\/\" \/>\n<meta property=\"og:locale\" content=\"sv_SE\" \/>\n<meta property=\"og:type\" content=\"article\" \/>\n<meta property=\"og:title\" content=\"Veckans samlade favoriter fr\u00e5n twitter - Vandra V\u00e4gen\" \/>\n<meta property=\"og:description\" content=\"F\u00f6r umptifemte g\u00e5ngen \u00e4r det dags f\u00f6r en sammanst\u00e4llning av det b\u00e4sta twitter har att erbjuda. Eh, som vanligt blir det m\u00e5nga citat av folk fr\u00e5n f\u00f6rr i tiden men ocks\u00e5 en del dagsf\u00e4rskt! Kristna (?) tweets Allts\u00e5 Nietzsche, han m\u00e5 ha hatat kristen tro men jag tycker han s\u00e4ger mycket bra. Vore det inte [&hellip;]\" \/>\n<meta property=\"og:url\" content=\"https:\/\/blogg.svenskakyrkan.se\/vandravagen\/2013\/08\/13\/veckans-samlade-favoriter-fran-twitter-15\/\" \/>\n<meta property=\"og:site_name\" content=\"Vandra V\u00e4gen\" \/>\n<meta property=\"article:publisher\" content=\"http:\/\/facebook.com\/vandravagen\" \/>\n<meta property=\"article:published_time\" content=\"2013-08-13T04:47:00+00:00\" \/>\n<meta property=\"og:image\" content=\"http:\/\/1.bp.blogspot.com\/-Ln_vdoqyfdg\/Ugm2wgObLoI\/AAAAAAAAEwg\/d3mjthT_kiY\/s400\/Ska%CC%88rmavbild+2013-08-13+kl.+06.15.48.png\" \/>\n<meta name=\"author\" content=\"Tomas Jarvid\" \/>\n<meta name=\"twitter:card\" content=\"summary_large_image\" \/>\n<meta name=\"twitter:creator\" content=\"@fadertomas\" \/>\n<meta name=\"twitter:site\" content=\"@fadertomas\" \/>\n<meta name=\"twitter:label1\" content=\"Skriven av\" \/>\n\t<meta name=\"twitter:data1\" content=\"Tomas Jarvid\" \/>\n\t<meta name=\"twitter:label2\" content=\"Ber\u00e4knad l\u00e4stid\" \/>\n\t<meta name=\"twitter:data2\" content=\"1 minut\" \/>\n<script type=\"application\/ld+json\" class=\"yoast-schema-graph\">{\"@context\":\"https:\/\/schema.org\",\"@graph\":[{\"@type\":\"Article\",\"@id\":\"https:\/\/blogg.svenskakyrkan.se\/vandravagen\/2013\/08\/13\/veckans-samlade-favoriter-fran-twitter-15\/#article\",\"isPartOf\":{\"@id\":\"https:\/\/blogg.svenskakyrkan.se\/vandravagen\/2013\/08\/13\/veckans-samlade-favoriter-fran-twitter-15\/\"},\"author\":{\"name\":\"Tomas Jarvid\",\"@id\":\"https:\/\/blogg.svenskakyrkan.se\/vandravagen\/#\/schema\/person\/25da02d4f76b137d04291711e2c9fc16\"},\"headline\":\"Veckans samlade favoriter fr\u00e5n twitter\",\"datePublished\":\"2013-08-13T04:47:00+00:00\",\"mainEntityOfPage\":{\"@id\":\"https:\/\/blogg.svenskakyrkan.se\/vandravagen\/2013\/08\/13\/veckans-samlade-favoriter-fran-twitter-15\/\"},\"wordCount\":183,\"commentCount\":0,\"publisher\":{\"@id\":\"https:\/\/blogg.svenskakyrkan.se\/vandravagen\/#organization\"},\"image\":{\"@id\":\"https:\/\/blogg.svenskakyrkan.se\/vandravagen\/2013\/08\/13\/veckans-samlade-favoriter-fran-twitter-15\/#primaryimage\"},\"thumbnailUrl\":\"http:\/\/1.bp.blogspot.com\/-Ln_vdoqyfdg\/Ugm2wgObLoI\/AAAAAAAAEwg\/d3mjthT_kiY\/s400\/Ska%CC%88rmavbild+2013-08-13+kl.+06.15.48.png\",\"articleSection\":[\"favorittweets\"],\"inLanguage\":\"sv-SE\",\"potentialAction\":[{\"@type\":\"CommentAction\",\"name\":\"Comment\",\"target\":[\"https:\/\/blogg.svenskakyrkan.se\/vandravagen\/2013\/08\/13\/veckans-samlade-favoriter-fran-twitter-15\/#respond\"]}]},{\"@type\":\"WebPage\",\"@id\":\"https:\/\/blogg.svenskakyrkan.se\/vandravagen\/2013\/08\/13\/veckans-samlade-favoriter-fran-twitter-15\/\",\"url\":\"https:\/\/blogg.svenskakyrkan.se\/vandravagen\/2013\/08\/13\/veckans-samlade-favoriter-fran-twitter-15\/\",\"name\":\"Veckans samlade favoriter fr\u00e5n twitter - Vandra V\u00e4gen\",\"isPartOf\":{\"@id\":\"https:\/\/blogg.svenskakyrkan.se\/vandravagen\/#website\"},\"primaryImageOfPage\":{\"@id\":\"https:\/\/blogg.svenskakyrkan.se\/vandravagen\/2013\/08\/13\/veckans-samlade-favoriter-fran-twitter-15\/#primaryimage\"},\"image\":{\"@id\":\"https:\/\/blogg.svenskakyrkan.se\/vandravagen\/2013\/08\/13\/veckans-samlade-favoriter-fran-twitter-15\/#primaryimage\"},\"thumbnailUrl\":\"http:\/\/1.bp.blogspot.com\/-Ln_vdoqyfdg\/Ugm2wgObLoI\/AAAAAAAAEwg\/d3mjthT_kiY\/s400\/Ska%CC%88rmavbild+2013-08-13+kl.+06.15.48.png\",\"datePublished\":\"2013-08-13T04:47:00+00:00\",\"breadcrumb\":{\"@id\":\"https:\/\/blogg.svenskakyrkan.se\/vandravagen\/2013\/08\/13\/veckans-samlade-favoriter-fran-twitter-15\/#breadcrumb\"},\"inLanguage\":\"sv-SE\",\"potentialAction\":[{\"@type\":\"ReadAction\",\"target\":[\"https:\/\/blogg.svenskakyrkan.se\/vandravagen\/2013\/08\/13\/veckans-samlade-favoriter-fran-twitter-15\/\"]}]},{\"@type\":\"ImageObject\",\"inLanguage\":\"sv-SE\",\"@id\":\"https:\/\/blogg.svenskakyrkan.se\/vandravagen\/2013\/08\/13\/veckans-samlade-favoriter-fran-twitter-15\/#primaryimage\",\"url\":\"http:\/\/1.bp.blogspot.com\/-Ln_vdoqyfdg\/Ugm2wgObLoI\/AAAAAAAAEwg\/d3mjthT_kiY\/s400\/Ska%CC%88rmavbild+2013-08-13+kl.+06.15.48.png\",\"contentUrl\":\"http:\/\/1.bp.blogspot.com\/-Ln_vdoqyfdg\/Ugm2wgObLoI\/AAAAAAAAEwg\/d3mjthT_kiY\/s400\/Ska%CC%88rmavbild+2013-08-13+kl.+06.15.48.png\"},{\"@type\":\"BreadcrumbList\",\"@id\":\"https:\/\/blogg.svenskakyrkan.se\/vandravagen\/2013\/08\/13\/veckans-samlade-favoriter-fran-twitter-15\/#breadcrumb\",\"itemListElement\":[{\"@type\":\"ListItem\",\"position\":1,\"name\":\"Hem\",\"item\":\"https:\/\/blogg.svenskakyrkan.se\/vandravagen\/\"},{\"@type\":\"ListItem\",\"position\":2,\"name\":\"Veckans samlade favoriter fr\u00e5n twitter\"}]},{\"@type\":\"WebSite\",\"@id\":\"https:\/\/blogg.svenskakyrkan.se\/vandravagen\/#website\",\"url\":\"https:\/\/blogg.svenskakyrkan.se\/vandravagen\/\",\"name\":\"Vandra V\u00e4gen\",\"description\":\"-Mot en tro f\u00f6r hela livet\",\"publisher\":{\"@id\":\"https:\/\/blogg.svenskakyrkan.se\/vandravagen\/#organization\"},\"potentialAction\":[{\"@type\":\"SearchAction\",\"target\":{\"@type\":\"EntryPoint\",\"urlTemplate\":\"https:\/\/blogg.svenskakyrkan.se\/vandravagen\/?s={search_term_string}\"},\"query-input\":{\"@type\":\"PropertyValueSpecification\",\"valueRequired\":true,\"valueName\":\"search_term_string\"}}],\"inLanguage\":\"sv-SE\"},{\"@type\":\"Organization\",\"@id\":\"https:\/\/blogg.svenskakyrkan.se\/vandravagen\/#organization\",\"name\":\"ulricehamns pastorat\",\"alternateName\":\"ulricehamns pastorat\",\"url\":\"https:\/\/blogg.svenskakyrkan.se\/vandravagen\/\",\"logo\":{\"@type\":\"ImageObject\",\"inLanguage\":\"sv-SE\",\"@id\":\"https:\/\/blogg.svenskakyrkan.se\/vandravagen\/#\/schema\/logo\/image\/\",\"url\":\"https:\/\/blogg.svenskakyrkan.se\/vandravagen\/files\/2023\/05\/Ulr_logo_RGB.png\",\"contentUrl\":\"https:\/\/blogg.svenskakyrkan.se\/vandravagen\/files\/2023\/05\/Ulr_logo_RGB.png\",\"width\":205,\"height\":77,\"caption\":\"ulricehamns pastorat\"},\"image\":{\"@id\":\"https:\/\/blogg.svenskakyrkan.se\/vandravagen\/#\/schema\/logo\/image\/\"},\"sameAs\":[\"http:\/\/facebook.com\/vandravagen\",\"https:\/\/x.com\/fadertomas\",\"http:\/\/www.facebook.com\/svenskakyrkaniulricehamn\"]},{\"@type\":\"Person\",\"@id\":\"https:\/\/blogg.svenskakyrkan.se\/vandravagen\/#\/schema\/person\/25da02d4f76b137d04291711e2c9fc16\",\"name\":\"Tomas Jarvid\",\"image\":{\"@type\":\"ImageObject\",\"inLanguage\":\"sv-SE\",\"@id\":\"https:\/\/blogg.svenskakyrkan.se\/vandravagen\/#\/schema\/person\/image\/\",\"url\":\"https:\/\/secure.gravatar.com\/avatar\/7fa71899795e8f540f615a1f5ab25255dc27aa40f05ee7ddd21aac521e01bf50?s=96&d=identicon&r=g\",\"contentUrl\":\"https:\/\/secure.gravatar.com\/avatar\/7fa71899795e8f540f615a1f5ab25255dc27aa40f05ee7ddd21aac521e01bf50?s=96&d=identicon&r=g\",\"caption\":\"Tomas Jarvid\"},\"description\":\"Jag bor i Ulricehamn i V\u00e4sterg\u00f6tland och \u00e4r f\u00f6rsamlingspr\u00e4st i Svenska Kyrkan f\u00f6r Dalstorps f\u00f6rsamling i Kinds pastorat. P\u00e5 den h\u00e4r bloggen skriver jag ner tankar om vandringen som kristen.\",\"sameAs\":[\"http:\/\/www.vandravagen.se\"],\"url\":\"https:\/\/blogg.svenskakyrkan.se\/vandravagen\/author\/vandravagen\/\"}]}<\/script>\n<!-- \/ Yoast SEO plugin. -->","yoast_head_json":{"title":"Veckans samlade favoriter fr\u00e5n twitter - Vandra V\u00e4gen","robots":{"index":"index","follow":"follow","max-snippet":"max-snippet:-1","max-image-preview":"max-image-preview:large","max-video-preview":"max-video-preview:-1"},"canonical":"https:\/\/blogg.svenskakyrkan.se\/vandravagen\/2013\/08\/13\/veckans-samlade-favoriter-fran-twitter-15\/","og_locale":"sv_SE","og_type":"article","og_title":"Veckans samlade favoriter fr\u00e5n twitter - Vandra V\u00e4gen","og_description":"F\u00f6r umptifemte g\u00e5ngen \u00e4r det dags f\u00f6r en sammanst\u00e4llning av det b\u00e4sta twitter har att erbjuda. Eh, som vanligt blir det m\u00e5nga citat av folk fr\u00e5n f\u00f6rr i tiden men ocks\u00e5 en del dagsf\u00e4rskt! Kristna (?) tweets Allts\u00e5 Nietzsche, han m\u00e5 ha hatat kristen tro men jag tycker han s\u00e4ger mycket bra. Vore det inte [&hellip;]","og_url":"https:\/\/blogg.svenskakyrkan.se\/vandravagen\/2013\/08\/13\/veckans-samlade-favoriter-fran-twitter-15\/","og_site_name":"Vandra V\u00e4gen","article_publisher":"http:\/\/facebook.com\/vandravagen","article_published_time":"2013-08-13T04:47:00+00:00","og_image":[{"url":"http:\/\/1.bp.blogspot.com\/-Ln_vdoqyfdg\/Ugm2wgObLoI\/AAAAAAAAEwg\/d3mjthT_kiY\/s400\/Ska%CC%88rmavbild+2013-08-13+kl.+06.15.48.png","type":"","width":"","height":""}],"author":"Tomas Jarvid","twitter_card":"summary_large_image","twitter_creator":"@fadertomas","twitter_site":"@fadertomas","twitter_misc":{"Skriven av":"Tomas Jarvid","Ber\u00e4knad l\u00e4stid":"1 minut"},"schema":{"@context":"https:\/\/schema.org","@graph":[{"@type":"Article","@id":"https:\/\/blogg.svenskakyrkan.se\/vandravagen\/2013\/08\/13\/veckans-samlade-favoriter-fran-twitter-15\/#article","isPartOf":{"@id":"https:\/\/blogg.svenskakyrkan.se\/vandravagen\/2013\/08\/13\/veckans-samlade-favoriter-fran-twitter-15\/"},"author":{"name":"Tomas Jarvid","@id":"https:\/\/blogg.svenskakyrkan.se\/vandravagen\/#\/schema\/person\/25da02d4f76b137d04291711e2c9fc16"},"headline":"Veckans samlade favoriter fr\u00e5n twitter","datePublished":"2013-08-13T04:47:00+00:00","mainEntityOfPage":{"@id":"https:\/\/blogg.svenskakyrkan.se\/vandravagen\/2013\/08\/13\/veckans-samlade-favoriter-fran-twitter-15\/"},"wordCount":183,"commentCount":0,"publisher":{"@id":"https:\/\/blogg.svenskakyrkan.se\/vandravagen\/#organization"},"image":{"@id":"https:\/\/blogg.svenskakyrkan.se\/vandravagen\/2013\/08\/13\/veckans-samlade-favoriter-fran-twitter-15\/#primaryimage"},"thumbnailUrl":"http:\/\/1.bp.blogspot.com\/-Ln_vdoqyfdg\/Ugm2wgObLoI\/AAAAAAAAEwg\/d3mjthT_kiY\/s400\/Ska%CC%88rmavbild+2013-08-13+kl.+06.15.48.png","articleSection":["favorittweets"],"inLanguage":"sv-SE","potentialAction":[{"@type":"CommentAction","name":"Comment","target":["https:\/\/blogg.svenskakyrkan.se\/vandravagen\/2013\/08\/13\/veckans-samlade-favoriter-fran-twitter-15\/#respond"]}]},{"@type":"WebPage","@id":"https:\/\/blogg.svenskakyrkan.se\/vandravagen\/2013\/08\/13\/veckans-samlade-favoriter-fran-twitter-15\/","url":"https:\/\/blogg.svenskakyrkan.se\/vandravagen\/2013\/08\/13\/veckans-samlade-favoriter-fran-twitter-15\/","name":"Veckans samlade favoriter fr\u00e5n twitter - Vandra V\u00e4gen","isPartOf":{"@id":"https:\/\/blogg.svenskakyrkan.se\/vandravagen\/#website"},"primaryImageOfPage":{"@id":"https:\/\/blogg.svenskakyrkan.se\/vandravagen\/2013\/08\/13\/veckans-samlade-favoriter-fran-twitter-15\/#primaryimage"},"image":{"@id":"https:\/\/blogg.svenskakyrkan.se\/vandravagen\/2013\/08\/13\/veckans-samlade-favoriter-fran-twitter-15\/#primaryimage"},"thumbnailUrl":"http:\/\/1.bp.blogspot.com\/-Ln_vdoqyfdg\/Ugm2wgObLoI\/AAAAAAAAEwg\/d3mjthT_kiY\/s400\/Ska%CC%88rmavbild+2013-08-13+kl.+06.15.48.png","datePublished":"2013-08-13T04:47:00+00:00","breadcrumb":{"@id":"https:\/\/blogg.svenskakyrkan.se\/vandravagen\/2013\/08\/13\/veckans-samlade-favoriter-fran-twitter-15\/#breadcrumb"},"inLanguage":"sv-SE","potentialAction":[{"@type":"ReadAction","target":["https:\/\/blogg.svenskakyrkan.se\/vandravagen\/2013\/08\/13\/veckans-samlade-favoriter-fran-twitter-15\/"]}]},{"@type":"ImageObject","inLanguage":"sv-SE","@id":"https:\/\/blogg.svenskakyrkan.se\/vandravagen\/2013\/08\/13\/veckans-samlade-favoriter-fran-twitter-15\/#primaryimage","url":"http:\/\/1.bp.blogspot.com\/-Ln_vdoqyfdg\/Ugm2wgObLoI\/AAAAAAAAEwg\/d3mjthT_kiY\/s400\/Ska%CC%88rmavbild+2013-08-13+kl.+06.15.48.png","contentUrl":"http:\/\/1.bp.blogspot.com\/-Ln_vdoqyfdg\/Ugm2wgObLoI\/AAAAAAAAEwg\/d3mjthT_kiY\/s400\/Ska%CC%88rmavbild+2013-08-13+kl.+06.15.48.png"},{"@type":"BreadcrumbList","@id":"https:\/\/blogg.svenskakyrkan.se\/vandravagen\/2013\/08\/13\/veckans-samlade-favoriter-fran-twitter-15\/#breadcrumb","itemListElement":[{"@type":"ListItem","position":1,"name":"Hem","item":"https:\/\/blogg.svenskakyrkan.se\/vandravagen\/"},{"@type":"ListItem","position":2,"name":"Veckans samlade favoriter fr\u00e5n twitter"}]},{"@type":"WebSite","@id":"https:\/\/blogg.svenskakyrkan.se\/vandravagen\/#website","url":"https:\/\/blogg.svenskakyrkan.se\/vandravagen\/","name":"Vandra V\u00e4gen","description":"-Mot en tro f\u00f6r hela livet","publisher":{"@id":"https:\/\/blogg.svenskakyrkan.se\/vandravagen\/#organization"},"potentialAction":[{"@type":"SearchAction","target":{"@type":"EntryPoint","urlTemplate":"https:\/\/blogg.svenskakyrkan.se\/vandravagen\/?s={search_term_string}"},"query-input":{"@type":"PropertyValueSpecification","valueRequired":true,"valueName":"search_term_string"}}],"inLanguage":"sv-SE"},{"@type":"Organization","@id":"https:\/\/blogg.svenskakyrkan.se\/vandravagen\/#organization","name":"ulricehamns pastorat","alternateName":"ulricehamns pastorat","url":"https:\/\/blogg.svenskakyrkan.se\/vandravagen\/","logo":{"@type":"ImageObject","inLanguage":"sv-SE","@id":"https:\/\/blogg.svenskakyrkan.se\/vandravagen\/#\/schema\/logo\/image\/","url":"https:\/\/blogg.svenskakyrkan.se\/vandravagen\/files\/2023\/05\/Ulr_logo_RGB.png","contentUrl":"https:\/\/blogg.svenskakyrkan.se\/vandravagen\/files\/2023\/05\/Ulr_logo_RGB.png","width":205,"height":77,"caption":"ulricehamns pastorat"},"image":{"@id":"https:\/\/blogg.svenskakyrkan.se\/vandravagen\/#\/schema\/logo\/image\/"},"sameAs":["http:\/\/facebook.com\/vandravagen","https:\/\/x.com\/fadertomas","http:\/\/www.facebook.com\/svenskakyrkaniulricehamn"]},{"@type":"Person","@id":"https:\/\/blogg.svenskakyrkan.se\/vandravagen\/#\/schema\/person\/25da02d4f76b137d04291711e2c9fc16","name":"Tomas Jarvid","image":{"@type":"ImageObject","inLanguage":"sv-SE","@id":"https:\/\/blogg.svenskakyrkan.se\/vandravagen\/#\/schema\/person\/image\/","url":"https:\/\/secure.gravatar.com\/avatar\/7fa71899795e8f540f615a1f5ab25255dc27aa40f05ee7ddd21aac521e01bf50?s=96&d=identicon&r=g","contentUrl":"https:\/\/secure.gravatar.com\/avatar\/7fa71899795e8f540f615a1f5ab25255dc27aa40f05ee7ddd21aac521e01bf50?s=96&d=identicon&r=g","caption":"Tomas Jarvid"},"description":"Jag bor i Ulricehamn i V\u00e4sterg\u00f6tland och \u00e4r f\u00f6rsamlingspr\u00e4st i Svenska Kyrkan f\u00f6r Dalstorps f\u00f6rsamling i Kinds pastorat. P\u00e5 den h\u00e4r bloggen skriver jag ner tankar om vandringen som kristen.","sameAs":["http:\/\/www.vandravagen.se"],"url":"https:\/\/blogg.svenskakyrkan.se\/vandravagen\/author\/vandravagen\/"}]}},"author_meta":{"ID":"392","user_nicename":"vandravagen","user_url":"http:\/\/www.vandravagen.se","user_registered":"2014-05-19 05:44:52","display_name":"Tomas Jarvid","first_name":"Tomas","last_name":"Jarvid","avatar":"https:\/\/secure.gravatar.com\/avatar\/7fa71899795e8f540f615a1f5ab25255dc27aa40f05ee7ddd21aac521e01bf50?s=96&d=identicon&r=g"},"featured_image":false,"bloginfo":{"name":"Vandra V\u00e4gen","url":"https:\/\/blogg.svenskakyrkan.se\/vandravagen"},"_links":{"self":[{"href":"https:\/\/blogg.svenskakyrkan.se\/vandravagen\/wp-json\/wp\/v2\/posts\/408","targetHints":{"allow":["GET"]}}],"collection":[{"href":"https:\/\/blogg.svenskakyrkan.se\/vandravagen\/wp-json\/wp\/v2\/posts"}],"about":[{"href":"https:\/\/blogg.svenskakyrkan.se\/vandravagen\/wp-json\/wp\/v2\/types\/post"}],"author":[{"embeddable":true,"href":"https:\/\/blogg.svenskakyrkan.se\/vandravagen\/wp-json\/wp\/v2\/users\/392"}],"replies":[{"embeddable":true,"href":"https:\/\/blogg.svenskakyrkan.se\/vandravagen\/wp-json\/wp\/v2\/comments?post=408"}],"version-history":[{"count":0,"href":"https:\/\/blogg.svenskakyrkan.se\/vandravagen\/wp-json\/wp\/v2\/posts\/408\/revisions"}],"wp:attachment":[{"href":"https:\/\/blogg.svenskakyrkan.se\/vandravagen\/wp-json\/wp\/v2\/media?parent=408"}],"wp:term":[{"taxonomy":"category","embeddable":true,"href":"https:\/\/blogg.svenskakyrkan.se\/vandravagen\/wp-json\/wp\/v2\/categories?post=408"},{"taxonomy":"post_tag","embeddable":true,"href":"https:\/\/blogg.svenskakyrkan.se\/vandravagen\/wp-json\/wp\/v2\/tags?post=408"}],"curies":[{"name":"wp","href":"https:\/\/api.w.org\/{rel}","templated":true}]}}