{"id":409,"date":"2013-08-12T09:11:00","date_gmt":"2013-08-12T07:11:00","guid":{"rendered":"http:\/\/blogg.svenskakyrkan.se\/vandravagen\/2013\/08\/12\/sta-helenas-pilgrimsfard-enligt-biskop-brynolf\/"},"modified":"2013-08-12T09:11:00","modified_gmt":"2013-08-12T07:11:00","slug":"sta-helenas-pilgrimsfard-enligt-biskop-brynolf","status":"publish","type":"post","link":"https:\/\/blogg.svenskakyrkan.se\/vandravagen\/2013\/08\/12\/sta-helenas-pilgrimsfard-enligt-biskop-brynolf\/","title":{"rendered":"Sta Helenas pilgrimsf\u00e4rd enligt biskop Brynolf"},"content":{"rendered":"<div><a href=\"http:\/\/1.bp.blogspot.com\/-xjwYbqTMXXM\/UgNTcLoOzkI\/AAAAAAAAEuk\/V2dTsR_YBcU\/s1600\/helena.jpg\"><img loading=\"lazy\" decoding=\"async\" border=\"0\" height=\"512\" src=\"http:\/\/1.bp.blogspot.com\/-xjwYbqTMXXM\/UgNTcLoOzkI\/AAAAAAAAEuk\/V2dTsR_YBcU\/s640\/helena.jpg\" width=\"640\"><\/a><\/div>\n<p>Kv\u00e4llens musikgudstj\u00e4nst p\u00e5 Helenadagen p\u00e5minde mig om hur fantastiskt vackert skrivet det gamla officiet av biskop Brynolf \u00e4r. S\u00e5 h\u00e4r st\u00e5r det om sta Helenas pilgrimsf\u00e4rd till Jerusalem och martyrium.<\/p>\n<p>&#8221;Men eftersom det \u00e4r tryggare att m\u00f6ta en bj\u00f6rninna i skogen n\u00e4r man har tagit ifr\u00e5n henne hennes<\/p>\n<p>ungar \u00e4n att r\u00e5ka ut f\u00f6r en d\u00e5re som litar p\u00e5 sin d\u00e5rskap, ingav Gud, f\u00f6r att ge rum \u00e5t vreden, henne<\/p>\n<p>tanken, som tilltalade henne, att bes\u00f6ka de heliga platserna. Hon skydde inte m\u00f6dan utan f\u00f6renade<\/p>\n<p>manligt mod med kvinnlig tanke och begav sig iv\u00e4g till Jerusalem, som en g\u00e5ng den \u00e4rorika Helena,<\/p>\n<p>Konstantins mor. D\u00e4r ville hon l\u00e4gga fram sin sak inf\u00f6r Guds pr\u00f6vning. Efter att ha genomkorsat detta<\/p>\n<p>omr\u00e5de och flera andra platser, d\u00e4r man v\u00f6rdar helgonens reliker, \u00e5terv\u00e4nde hon hem, eftersom hon<\/p>\n<p>litade p\u00e5 Herren och inte fruktade f\u00f6r n\u00e5gons angrepp. Fienderna framh\u00e4rdade i sin ondska, gaddade sig<\/p>\n<p>h\u00e5rdnackat samman mot den r\u00e4ttf\u00e4rdiga kvinnans liv och lade sig i bakh\u00e5ll f\u00f6r oskyldigt blod. Men hon,<\/p>\n<p>denna godhetens och fridens dotter och oskuldens l\u00e4rjunge, visste att uth\u00e5lligheten leder till fullkomliga<\/p>\n<p>g\u00e4rningar. Hon gjorde v\u00e4l mot dem som hatade henne och bad f\u00f6r dem som f\u00f6rf\u00f6ljde och f\u00f6rtalade<\/p>\n<p>henne. Hon var viss om att hennes f\u00f6rf\u00f6ljare beredde henne en segerkrona i himlen. Eftersom hon<\/p>\n<p>k\u00e4mpat efter reglerna, besl\u00f6t Herren att befria sin k\u00e4mpe ur k\u00f6ttets f\u00e4ngelse, och f\u00f6r att kunna kr\u00f6na<\/p>\n<p>henne \u00e4nnu h\u00e4rligare, till\u00e4t han att hon som martyr f\u00f6ll offer f\u00f6r de or\u00e4ttf\u00e4rdigas sv\u00e4rd, n\u00e5got som dittills<\/p>\n<p>varit s\u00e4llsynt hos oss. En dag n\u00e4r hon var p\u00e5 v\u00e4g till G\u00f6tene f\u00f6r att vinna avlat i samband med<\/p>\n<p>invigningen av kyrkan i G\u00f6tene, \u00f6verraskades hon av n\u00e5gra av sina illvilliga motst\u00e5ndare. De tillfogade<\/p>\n<p>henne flera allvarliga s\u00e5r. N\u00e4r sv\u00e4rdet f\u00e5tt sitt lystm\u00e4te av den oskyldigas blod, l\u00e4mnade de henne<\/p>\n<p>liggande d\u00e4r m\u00f6rdad, lik ett oskyldigt lamm, medan anden str\u00e4vade upp\u00e5t. Hon dog den f\u00f6rsta augusti<\/p>\n<p>och l\u00e4mnade kriget f\u00f6r den fred som \u00f6verg\u00e5r allt vi kan t\u00e4nka. <\/p>\n<p>Responsorium <\/p>\n<p>Hon, den fullkomliga, uts\u00e4tter sig f\u00f6r resandets faror, hon ger sig av utomlands till Herrens grav * och<\/p>\n<p>\u00f6verl\u00e5ter \u00e5t honom att granska det som hon anklagas f\u00f6r. V. Utan m\u00e4nniskofruktan \u00e5terv\u00e4nder hon<\/p>\n<p>sedan hem. *Och \u00f6verl\u00e5ter.&#8221;<\/p>\n<p>&#8212;&#8211;<br \/>&#8221;Utan m\u00e4nniskofruktan \u00e5terv\u00e4nder hon sedan hem.&#8221; \u00a0-t\u00e4nk om det var n\u00e5got som kunde s\u00e4gas om en sj\u00e4lv!<\/p>\n","protected":false},"excerpt":{"rendered":"<p>Kv\u00e4llens musikgudstj\u00e4nst p\u00e5 Helenadagen p\u00e5minde mig om hur fantastiskt vackert skrivet det gamla officiet av biskop Brynolf \u00e4r. S\u00e5 h\u00e4r st\u00e5r det om sta Helenas pilgrimsf\u00e4rd till Jerusalem och martyrium. &#8221;Men eftersom det \u00e4r tryggare att m\u00f6ta en bj\u00f6rninna i skogen n\u00e4r man har tagit ifr\u00e5n henne hennes ungar \u00e4n att r\u00e5ka ut f\u00f6r en [&hellip;]<\/p>\n","protected":false},"author":392,"featured_media":0,"comment_status":"open","ping_status":"open","sticky":false,"template":"","format":"standard","meta":{"_acf_changed":false,"footnotes":""},"categories":[19356,8337,8331,35481],"tags":[],"class_list":["post-409","post","type-post","status-publish","format-standard","hentry","category-helgon","category-historia","category-pilgrim","category-sta-helena"],"acf":[],"yoast_head":"<!-- This site is optimized with the Yoast SEO plugin v27.1.1 - https:\/\/yoast.com\/product\/yoast-seo-wordpress\/ -->\n<title>Sta Helenas pilgrimsf\u00e4rd enligt biskop Brynolf - Vandra V\u00e4gen<\/title>\n<meta name=\"robots\" content=\"index, follow, max-snippet:-1, max-image-preview:large, max-video-preview:-1\" \/>\n<link rel=\"canonical\" href=\"https:\/\/blogg.svenskakyrkan.se\/vandravagen\/2013\/08\/12\/sta-helenas-pilgrimsfard-enligt-biskop-brynolf\/\" \/>\n<meta property=\"og:locale\" content=\"sv_SE\" \/>\n<meta property=\"og:type\" content=\"article\" \/>\n<meta property=\"og:title\" content=\"Sta Helenas pilgrimsf\u00e4rd enligt biskop Brynolf - Vandra V\u00e4gen\" \/>\n<meta property=\"og:description\" content=\"Kv\u00e4llens musikgudstj\u00e4nst p\u00e5 Helenadagen p\u00e5minde mig om hur fantastiskt vackert skrivet det gamla officiet av biskop Brynolf \u00e4r. S\u00e5 h\u00e4r st\u00e5r det om sta Helenas pilgrimsf\u00e4rd till Jerusalem och martyrium. &#8221;Men eftersom det \u00e4r tryggare att m\u00f6ta en bj\u00f6rninna i skogen n\u00e4r man har tagit ifr\u00e5n henne hennes ungar \u00e4n att r\u00e5ka ut f\u00f6r en [&hellip;]\" \/>\n<meta property=\"og:url\" content=\"https:\/\/blogg.svenskakyrkan.se\/vandravagen\/2013\/08\/12\/sta-helenas-pilgrimsfard-enligt-biskop-brynolf\/\" \/>\n<meta property=\"og:site_name\" content=\"Vandra V\u00e4gen\" \/>\n<meta property=\"article:publisher\" content=\"http:\/\/facebook.com\/vandravagen\" \/>\n<meta property=\"article:published_time\" content=\"2013-08-12T07:11:00+00:00\" \/>\n<meta property=\"og:image\" content=\"http:\/\/1.bp.blogspot.com\/-xjwYbqTMXXM\/UgNTcLoOzkI\/AAAAAAAAEuk\/V2dTsR_YBcU\/s640\/helena.jpg\" \/>\n<meta name=\"author\" content=\"Tomas Jarvid\" \/>\n<meta name=\"twitter:card\" content=\"summary_large_image\" \/>\n<meta name=\"twitter:creator\" content=\"@fadertomas\" \/>\n<meta name=\"twitter:site\" content=\"@fadertomas\" \/>\n<meta name=\"twitter:label1\" content=\"Skriven av\" \/>\n\t<meta name=\"twitter:data1\" content=\"Tomas Jarvid\" \/>\n\t<meta name=\"twitter:label2\" content=\"Ber\u00e4knad l\u00e4stid\" \/>\n\t<meta name=\"twitter:data2\" content=\"2 minuter\" \/>\n<script type=\"application\/ld+json\" class=\"yoast-schema-graph\">{\"@context\":\"https:\/\/schema.org\",\"@graph\":[{\"@type\":\"Article\",\"@id\":\"https:\/\/blogg.svenskakyrkan.se\/vandravagen\/2013\/08\/12\/sta-helenas-pilgrimsfard-enligt-biskop-brynolf\/#article\",\"isPartOf\":{\"@id\":\"https:\/\/blogg.svenskakyrkan.se\/vandravagen\/2013\/08\/12\/sta-helenas-pilgrimsfard-enligt-biskop-brynolf\/\"},\"author\":{\"name\":\"Tomas Jarvid\",\"@id\":\"https:\/\/blogg.svenskakyrkan.se\/vandravagen\/#\/schema\/person\/25da02d4f76b137d04291711e2c9fc16\"},\"headline\":\"Sta Helenas pilgrimsf\u00e4rd enligt biskop Brynolf\",\"datePublished\":\"2013-08-12T07:11:00+00:00\",\"mainEntityOfPage\":{\"@id\":\"https:\/\/blogg.svenskakyrkan.se\/vandravagen\/2013\/08\/12\/sta-helenas-pilgrimsfard-enligt-biskop-brynolf\/\"},\"wordCount\":487,\"commentCount\":2,\"publisher\":{\"@id\":\"https:\/\/blogg.svenskakyrkan.se\/vandravagen\/#organization\"},\"image\":{\"@id\":\"https:\/\/blogg.svenskakyrkan.se\/vandravagen\/2013\/08\/12\/sta-helenas-pilgrimsfard-enligt-biskop-brynolf\/#primaryimage\"},\"thumbnailUrl\":\"http:\/\/1.bp.blogspot.com\/-xjwYbqTMXXM\/UgNTcLoOzkI\/AAAAAAAAEuk\/V2dTsR_YBcU\/s640\/helena.jpg\",\"articleSection\":[\"helgon\",\"historia\",\"pilgrim\",\"sta Helena\"],\"inLanguage\":\"sv-SE\",\"potentialAction\":[{\"@type\":\"CommentAction\",\"name\":\"Comment\",\"target\":[\"https:\/\/blogg.svenskakyrkan.se\/vandravagen\/2013\/08\/12\/sta-helenas-pilgrimsfard-enligt-biskop-brynolf\/#respond\"]}]},{\"@type\":\"WebPage\",\"@id\":\"https:\/\/blogg.svenskakyrkan.se\/vandravagen\/2013\/08\/12\/sta-helenas-pilgrimsfard-enligt-biskop-brynolf\/\",\"url\":\"https:\/\/blogg.svenskakyrkan.se\/vandravagen\/2013\/08\/12\/sta-helenas-pilgrimsfard-enligt-biskop-brynolf\/\",\"name\":\"Sta Helenas pilgrimsf\u00e4rd enligt biskop Brynolf - Vandra V\u00e4gen\",\"isPartOf\":{\"@id\":\"https:\/\/blogg.svenskakyrkan.se\/vandravagen\/#website\"},\"primaryImageOfPage\":{\"@id\":\"https:\/\/blogg.svenskakyrkan.se\/vandravagen\/2013\/08\/12\/sta-helenas-pilgrimsfard-enligt-biskop-brynolf\/#primaryimage\"},\"image\":{\"@id\":\"https:\/\/blogg.svenskakyrkan.se\/vandravagen\/2013\/08\/12\/sta-helenas-pilgrimsfard-enligt-biskop-brynolf\/#primaryimage\"},\"thumbnailUrl\":\"http:\/\/1.bp.blogspot.com\/-xjwYbqTMXXM\/UgNTcLoOzkI\/AAAAAAAAEuk\/V2dTsR_YBcU\/s640\/helena.jpg\",\"datePublished\":\"2013-08-12T07:11:00+00:00\",\"breadcrumb\":{\"@id\":\"https:\/\/blogg.svenskakyrkan.se\/vandravagen\/2013\/08\/12\/sta-helenas-pilgrimsfard-enligt-biskop-brynolf\/#breadcrumb\"},\"inLanguage\":\"sv-SE\",\"potentialAction\":[{\"@type\":\"ReadAction\",\"target\":[\"https:\/\/blogg.svenskakyrkan.se\/vandravagen\/2013\/08\/12\/sta-helenas-pilgrimsfard-enligt-biskop-brynolf\/\"]}]},{\"@type\":\"ImageObject\",\"inLanguage\":\"sv-SE\",\"@id\":\"https:\/\/blogg.svenskakyrkan.se\/vandravagen\/2013\/08\/12\/sta-helenas-pilgrimsfard-enligt-biskop-brynolf\/#primaryimage\",\"url\":\"http:\/\/1.bp.blogspot.com\/-xjwYbqTMXXM\/UgNTcLoOzkI\/AAAAAAAAEuk\/V2dTsR_YBcU\/s640\/helena.jpg\",\"contentUrl\":\"http:\/\/1.bp.blogspot.com\/-xjwYbqTMXXM\/UgNTcLoOzkI\/AAAAAAAAEuk\/V2dTsR_YBcU\/s640\/helena.jpg\"},{\"@type\":\"BreadcrumbList\",\"@id\":\"https:\/\/blogg.svenskakyrkan.se\/vandravagen\/2013\/08\/12\/sta-helenas-pilgrimsfard-enligt-biskop-brynolf\/#breadcrumb\",\"itemListElement\":[{\"@type\":\"ListItem\",\"position\":1,\"name\":\"Hem\",\"item\":\"https:\/\/blogg.svenskakyrkan.se\/vandravagen\/\"},{\"@type\":\"ListItem\",\"position\":2,\"name\":\"Sta Helenas pilgrimsf\u00e4rd enligt biskop Brynolf\"}]},{\"@type\":\"WebSite\",\"@id\":\"https:\/\/blogg.svenskakyrkan.se\/vandravagen\/#website\",\"url\":\"https:\/\/blogg.svenskakyrkan.se\/vandravagen\/\",\"name\":\"Vandra V\u00e4gen\",\"description\":\"-Mot en tro f\u00f6r hela livet\",\"publisher\":{\"@id\":\"https:\/\/blogg.svenskakyrkan.se\/vandravagen\/#organization\"},\"potentialAction\":[{\"@type\":\"SearchAction\",\"target\":{\"@type\":\"EntryPoint\",\"urlTemplate\":\"https:\/\/blogg.svenskakyrkan.se\/vandravagen\/?s={search_term_string}\"},\"query-input\":{\"@type\":\"PropertyValueSpecification\",\"valueRequired\":true,\"valueName\":\"search_term_string\"}}],\"inLanguage\":\"sv-SE\"},{\"@type\":\"Organization\",\"@id\":\"https:\/\/blogg.svenskakyrkan.se\/vandravagen\/#organization\",\"name\":\"ulricehamns pastorat\",\"alternateName\":\"ulricehamns pastorat\",\"url\":\"https:\/\/blogg.svenskakyrkan.se\/vandravagen\/\",\"logo\":{\"@type\":\"ImageObject\",\"inLanguage\":\"sv-SE\",\"@id\":\"https:\/\/blogg.svenskakyrkan.se\/vandravagen\/#\/schema\/logo\/image\/\",\"url\":\"https:\/\/blogg.svenskakyrkan.se\/vandravagen\/files\/2023\/05\/Ulr_logo_RGB.png\",\"contentUrl\":\"https:\/\/blogg.svenskakyrkan.se\/vandravagen\/files\/2023\/05\/Ulr_logo_RGB.png\",\"width\":205,\"height\":77,\"caption\":\"ulricehamns pastorat\"},\"image\":{\"@id\":\"https:\/\/blogg.svenskakyrkan.se\/vandravagen\/#\/schema\/logo\/image\/\"},\"sameAs\":[\"http:\/\/facebook.com\/vandravagen\",\"https:\/\/x.com\/fadertomas\",\"http:\/\/www.facebook.com\/svenskakyrkaniulricehamn\"]},{\"@type\":\"Person\",\"@id\":\"https:\/\/blogg.svenskakyrkan.se\/vandravagen\/#\/schema\/person\/25da02d4f76b137d04291711e2c9fc16\",\"name\":\"Tomas Jarvid\",\"image\":{\"@type\":\"ImageObject\",\"inLanguage\":\"sv-SE\",\"@id\":\"https:\/\/blogg.svenskakyrkan.se\/vandravagen\/#\/schema\/person\/image\/\",\"url\":\"https:\/\/secure.gravatar.com\/avatar\/7fa71899795e8f540f615a1f5ab25255dc27aa40f05ee7ddd21aac521e01bf50?s=96&d=identicon&r=g\",\"contentUrl\":\"https:\/\/secure.gravatar.com\/avatar\/7fa71899795e8f540f615a1f5ab25255dc27aa40f05ee7ddd21aac521e01bf50?s=96&d=identicon&r=g\",\"caption\":\"Tomas Jarvid\"},\"description\":\"Jag bor i Ulricehamn i V\u00e4sterg\u00f6tland och \u00e4r f\u00f6rsamlingspr\u00e4st i Svenska Kyrkan f\u00f6r Dalstorps f\u00f6rsamling i Kinds pastorat. P\u00e5 den h\u00e4r bloggen skriver jag ner tankar om vandringen som kristen.\",\"sameAs\":[\"http:\/\/www.vandravagen.se\"],\"url\":\"https:\/\/blogg.svenskakyrkan.se\/vandravagen\/author\/vandravagen\/\"}]}<\/script>\n<!-- \/ Yoast SEO plugin. -->","yoast_head_json":{"title":"Sta Helenas pilgrimsf\u00e4rd enligt biskop Brynolf - Vandra V\u00e4gen","robots":{"index":"index","follow":"follow","max-snippet":"max-snippet:-1","max-image-preview":"max-image-preview:large","max-video-preview":"max-video-preview:-1"},"canonical":"https:\/\/blogg.svenskakyrkan.se\/vandravagen\/2013\/08\/12\/sta-helenas-pilgrimsfard-enligt-biskop-brynolf\/","og_locale":"sv_SE","og_type":"article","og_title":"Sta Helenas pilgrimsf\u00e4rd enligt biskop Brynolf - Vandra V\u00e4gen","og_description":"Kv\u00e4llens musikgudstj\u00e4nst p\u00e5 Helenadagen p\u00e5minde mig om hur fantastiskt vackert skrivet det gamla officiet av biskop Brynolf \u00e4r. S\u00e5 h\u00e4r st\u00e5r det om sta Helenas pilgrimsf\u00e4rd till Jerusalem och martyrium. &#8221;Men eftersom det \u00e4r tryggare att m\u00f6ta en bj\u00f6rninna i skogen n\u00e4r man har tagit ifr\u00e5n henne hennes ungar \u00e4n att r\u00e5ka ut f\u00f6r en [&hellip;]","og_url":"https:\/\/blogg.svenskakyrkan.se\/vandravagen\/2013\/08\/12\/sta-helenas-pilgrimsfard-enligt-biskop-brynolf\/","og_site_name":"Vandra V\u00e4gen","article_publisher":"http:\/\/facebook.com\/vandravagen","article_published_time":"2013-08-12T07:11:00+00:00","og_image":[{"url":"http:\/\/1.bp.blogspot.com\/-xjwYbqTMXXM\/UgNTcLoOzkI\/AAAAAAAAEuk\/V2dTsR_YBcU\/s640\/helena.jpg","type":"","width":"","height":""}],"author":"Tomas Jarvid","twitter_card":"summary_large_image","twitter_creator":"@fadertomas","twitter_site":"@fadertomas","twitter_misc":{"Skriven av":"Tomas Jarvid","Ber\u00e4knad l\u00e4stid":"2 minuter"},"schema":{"@context":"https:\/\/schema.org","@graph":[{"@type":"Article","@id":"https:\/\/blogg.svenskakyrkan.se\/vandravagen\/2013\/08\/12\/sta-helenas-pilgrimsfard-enligt-biskop-brynolf\/#article","isPartOf":{"@id":"https:\/\/blogg.svenskakyrkan.se\/vandravagen\/2013\/08\/12\/sta-helenas-pilgrimsfard-enligt-biskop-brynolf\/"},"author":{"name":"Tomas Jarvid","@id":"https:\/\/blogg.svenskakyrkan.se\/vandravagen\/#\/schema\/person\/25da02d4f76b137d04291711e2c9fc16"},"headline":"Sta Helenas pilgrimsf\u00e4rd enligt biskop Brynolf","datePublished":"2013-08-12T07:11:00+00:00","mainEntityOfPage":{"@id":"https:\/\/blogg.svenskakyrkan.se\/vandravagen\/2013\/08\/12\/sta-helenas-pilgrimsfard-enligt-biskop-brynolf\/"},"wordCount":487,"commentCount":2,"publisher":{"@id":"https:\/\/blogg.svenskakyrkan.se\/vandravagen\/#organization"},"image":{"@id":"https:\/\/blogg.svenskakyrkan.se\/vandravagen\/2013\/08\/12\/sta-helenas-pilgrimsfard-enligt-biskop-brynolf\/#primaryimage"},"thumbnailUrl":"http:\/\/1.bp.blogspot.com\/-xjwYbqTMXXM\/UgNTcLoOzkI\/AAAAAAAAEuk\/V2dTsR_YBcU\/s640\/helena.jpg","articleSection":["helgon","historia","pilgrim","sta Helena"],"inLanguage":"sv-SE","potentialAction":[{"@type":"CommentAction","name":"Comment","target":["https:\/\/blogg.svenskakyrkan.se\/vandravagen\/2013\/08\/12\/sta-helenas-pilgrimsfard-enligt-biskop-brynolf\/#respond"]}]},{"@type":"WebPage","@id":"https:\/\/blogg.svenskakyrkan.se\/vandravagen\/2013\/08\/12\/sta-helenas-pilgrimsfard-enligt-biskop-brynolf\/","url":"https:\/\/blogg.svenskakyrkan.se\/vandravagen\/2013\/08\/12\/sta-helenas-pilgrimsfard-enligt-biskop-brynolf\/","name":"Sta Helenas pilgrimsf\u00e4rd enligt biskop Brynolf - Vandra V\u00e4gen","isPartOf":{"@id":"https:\/\/blogg.svenskakyrkan.se\/vandravagen\/#website"},"primaryImageOfPage":{"@id":"https:\/\/blogg.svenskakyrkan.se\/vandravagen\/2013\/08\/12\/sta-helenas-pilgrimsfard-enligt-biskop-brynolf\/#primaryimage"},"image":{"@id":"https:\/\/blogg.svenskakyrkan.se\/vandravagen\/2013\/08\/12\/sta-helenas-pilgrimsfard-enligt-biskop-brynolf\/#primaryimage"},"thumbnailUrl":"http:\/\/1.bp.blogspot.com\/-xjwYbqTMXXM\/UgNTcLoOzkI\/AAAAAAAAEuk\/V2dTsR_YBcU\/s640\/helena.jpg","datePublished":"2013-08-12T07:11:00+00:00","breadcrumb":{"@id":"https:\/\/blogg.svenskakyrkan.se\/vandravagen\/2013\/08\/12\/sta-helenas-pilgrimsfard-enligt-biskop-brynolf\/#breadcrumb"},"inLanguage":"sv-SE","potentialAction":[{"@type":"ReadAction","target":["https:\/\/blogg.svenskakyrkan.se\/vandravagen\/2013\/08\/12\/sta-helenas-pilgrimsfard-enligt-biskop-brynolf\/"]}]},{"@type":"ImageObject","inLanguage":"sv-SE","@id":"https:\/\/blogg.svenskakyrkan.se\/vandravagen\/2013\/08\/12\/sta-helenas-pilgrimsfard-enligt-biskop-brynolf\/#primaryimage","url":"http:\/\/1.bp.blogspot.com\/-xjwYbqTMXXM\/UgNTcLoOzkI\/AAAAAAAAEuk\/V2dTsR_YBcU\/s640\/helena.jpg","contentUrl":"http:\/\/1.bp.blogspot.com\/-xjwYbqTMXXM\/UgNTcLoOzkI\/AAAAAAAAEuk\/V2dTsR_YBcU\/s640\/helena.jpg"},{"@type":"BreadcrumbList","@id":"https:\/\/blogg.svenskakyrkan.se\/vandravagen\/2013\/08\/12\/sta-helenas-pilgrimsfard-enligt-biskop-brynolf\/#breadcrumb","itemListElement":[{"@type":"ListItem","position":1,"name":"Hem","item":"https:\/\/blogg.svenskakyrkan.se\/vandravagen\/"},{"@type":"ListItem","position":2,"name":"Sta Helenas pilgrimsf\u00e4rd enligt biskop Brynolf"}]},{"@type":"WebSite","@id":"https:\/\/blogg.svenskakyrkan.se\/vandravagen\/#website","url":"https:\/\/blogg.svenskakyrkan.se\/vandravagen\/","name":"Vandra V\u00e4gen","description":"-Mot en tro f\u00f6r hela livet","publisher":{"@id":"https:\/\/blogg.svenskakyrkan.se\/vandravagen\/#organization"},"potentialAction":[{"@type":"SearchAction","target":{"@type":"EntryPoint","urlTemplate":"https:\/\/blogg.svenskakyrkan.se\/vandravagen\/?s={search_term_string}"},"query-input":{"@type":"PropertyValueSpecification","valueRequired":true,"valueName":"search_term_string"}}],"inLanguage":"sv-SE"},{"@type":"Organization","@id":"https:\/\/blogg.svenskakyrkan.se\/vandravagen\/#organization","name":"ulricehamns pastorat","alternateName":"ulricehamns pastorat","url":"https:\/\/blogg.svenskakyrkan.se\/vandravagen\/","logo":{"@type":"ImageObject","inLanguage":"sv-SE","@id":"https:\/\/blogg.svenskakyrkan.se\/vandravagen\/#\/schema\/logo\/image\/","url":"https:\/\/blogg.svenskakyrkan.se\/vandravagen\/files\/2023\/05\/Ulr_logo_RGB.png","contentUrl":"https:\/\/blogg.svenskakyrkan.se\/vandravagen\/files\/2023\/05\/Ulr_logo_RGB.png","width":205,"height":77,"caption":"ulricehamns pastorat"},"image":{"@id":"https:\/\/blogg.svenskakyrkan.se\/vandravagen\/#\/schema\/logo\/image\/"},"sameAs":["http:\/\/facebook.com\/vandravagen","https:\/\/x.com\/fadertomas","http:\/\/www.facebook.com\/svenskakyrkaniulricehamn"]},{"@type":"Person","@id":"https:\/\/blogg.svenskakyrkan.se\/vandravagen\/#\/schema\/person\/25da02d4f76b137d04291711e2c9fc16","name":"Tomas Jarvid","image":{"@type":"ImageObject","inLanguage":"sv-SE","@id":"https:\/\/blogg.svenskakyrkan.se\/vandravagen\/#\/schema\/person\/image\/","url":"https:\/\/secure.gravatar.com\/avatar\/7fa71899795e8f540f615a1f5ab25255dc27aa40f05ee7ddd21aac521e01bf50?s=96&d=identicon&r=g","contentUrl":"https:\/\/secure.gravatar.com\/avatar\/7fa71899795e8f540f615a1f5ab25255dc27aa40f05ee7ddd21aac521e01bf50?s=96&d=identicon&r=g","caption":"Tomas Jarvid"},"description":"Jag bor i Ulricehamn i V\u00e4sterg\u00f6tland och \u00e4r f\u00f6rsamlingspr\u00e4st i Svenska Kyrkan f\u00f6r Dalstorps f\u00f6rsamling i Kinds pastorat. P\u00e5 den h\u00e4r bloggen skriver jag ner tankar om vandringen som kristen.","sameAs":["http:\/\/www.vandravagen.se"],"url":"https:\/\/blogg.svenskakyrkan.se\/vandravagen\/author\/vandravagen\/"}]}},"author_meta":{"ID":"392","user_nicename":"vandravagen","user_url":"http:\/\/www.vandravagen.se","user_registered":"2014-05-19 05:44:52","display_name":"Tomas Jarvid","first_name":"Tomas","last_name":"Jarvid","avatar":"https:\/\/secure.gravatar.com\/avatar\/7fa71899795e8f540f615a1f5ab25255dc27aa40f05ee7ddd21aac521e01bf50?s=96&d=identicon&r=g"},"featured_image":false,"bloginfo":{"name":"Vandra V\u00e4gen","url":"https:\/\/blogg.svenskakyrkan.se\/vandravagen"},"_links":{"self":[{"href":"https:\/\/blogg.svenskakyrkan.se\/vandravagen\/wp-json\/wp\/v2\/posts\/409","targetHints":{"allow":["GET"]}}],"collection":[{"href":"https:\/\/blogg.svenskakyrkan.se\/vandravagen\/wp-json\/wp\/v2\/posts"}],"about":[{"href":"https:\/\/blogg.svenskakyrkan.se\/vandravagen\/wp-json\/wp\/v2\/types\/post"}],"author":[{"embeddable":true,"href":"https:\/\/blogg.svenskakyrkan.se\/vandravagen\/wp-json\/wp\/v2\/users\/392"}],"replies":[{"embeddable":true,"href":"https:\/\/blogg.svenskakyrkan.se\/vandravagen\/wp-json\/wp\/v2\/comments?post=409"}],"version-history":[{"count":0,"href":"https:\/\/blogg.svenskakyrkan.se\/vandravagen\/wp-json\/wp\/v2\/posts\/409\/revisions"}],"wp:attachment":[{"href":"https:\/\/blogg.svenskakyrkan.se\/vandravagen\/wp-json\/wp\/v2\/media?parent=409"}],"wp:term":[{"taxonomy":"category","embeddable":true,"href":"https:\/\/blogg.svenskakyrkan.se\/vandravagen\/wp-json\/wp\/v2\/categories?post=409"},{"taxonomy":"post_tag","embeddable":true,"href":"https:\/\/blogg.svenskakyrkan.se\/vandravagen\/wp-json\/wp\/v2\/tags?post=409"}],"curies":[{"name":"wp","href":"https:\/\/api.w.org\/{rel}","templated":true}]}}