{"id":4094,"date":"2015-12-29T07:00:17","date_gmt":"2015-12-29T06:00:17","guid":{"rendered":"http:\/\/blogg.svenskakyrkan.se\/vandravagen\/?p=4094"},"modified":"2015-12-28T20:27:54","modified_gmt":"2015-12-28T19:27:54","slug":"vandra-vagens-arskronika-2015","status":"publish","type":"post","link":"https:\/\/blogg.svenskakyrkan.se\/vandravagen\/2015\/12\/29\/vandra-vagens-arskronika-2015\/","title":{"rendered":"Vandra V\u00e4gens \u00e5rskr\u00f6nika 2015"},"content":{"rendered":"<p>&nbsp;<\/p>\n<div id=\"attachment_4096\" style=\"width: 510px\" class=\"wp-caption aligncenter\"><a href=\"http:\/\/blogg.svenskakyrkan.se\/vandravagen\/files\/2015\/12\/IMG_7184.jpg\"><img loading=\"lazy\" decoding=\"async\" aria-describedby=\"caption-attachment-4096\" class=\"size-full wp-image-4096\" src=\"http:\/\/blogg.svenskakyrkan.se\/vandravagen\/files\/2015\/12\/IMG_7184.jpg\" alt=\"Gubbe med m\u00e5nga \u00e5r bakom sig.\" width=\"500\" height=\"630\" srcset=\"https:\/\/blogg.svenskakyrkan.se\/vandravagen\/files\/2015\/12\/IMG_7184.jpg 500w, https:\/\/blogg.svenskakyrkan.se\/vandravagen\/files\/2015\/12\/IMG_7184-300x378.jpg 300w, https:\/\/blogg.svenskakyrkan.se\/vandravagen\/files\/2015\/12\/IMG_7184-238x300.jpg 238w\" sizes=\"auto, (max-width: 500px) 100vw, 500px\" \/><\/a><p id=\"caption-attachment-4096\" class=\"wp-caption-text\">Gubbe med m\u00e5nga \u00e5r bakom sig.<\/p><\/div>\n<p>S\u00e5 h\u00e4r \u00e5rs \u00e4r det mycket \u00e5rskr\u00f6nikor och jag h\u00e4nger p\u00e5. Det har varit roligt att \u00e4gna en stund \u00e5t att titta igenom \u00e5rets bloggposter och se hur tankarna g\u00e5tt och p\u00e5minnas om ett och annat som h\u00e4nt i mitt liv under detta \u00e5r. F\u00f6r mig har 2015 varit v\u00e4ldigt h\u00e4ndelserikt med flytt och ny tj\u00e4nst och d\u00e4rtill ett barn till i familjen.<\/p>\n<p>H\u00e4r \u00e4r n\u00e5gra milstolpar p\u00e5 bloggen under \u00e5ret.<\/p>\n<p><strong>Januari<\/strong><\/p>\n<p>Under slutet av f\u00f6rra \u00e5ret skrev jag en hel del om skapelseteologi och lite efterp\u00e5 kom denna bloggpost med titeln &#8221;<a href=\"http:\/\/blogg.svenskakyrkan.se\/vandravagen\/2015\/01\/17\/ar-vi-faddrar-till-skapelsen\/\">\u00c4r vi faddrar till skapelsen?<\/a>&#8221;<\/p>\n<p>&nbsp;<\/p>\n<p><strong>Februari<\/strong><\/p>\n<p>Jag \u00e4r fortfarande lite mallig \u00f6ver denna bloggpost d\u00e4r jag lyckades hitta en koppling mellan <a href=\"http:\/\/blogg.svenskakyrkan.se\/vandravagen\/2015\/02\/11\/om-downton-abbey-och-den-bibliska-gudsbilden\/\">serien &#8221;Downton Abbey&#8221; och en nytestamentlig gudsbild.<\/a><\/p>\n<p>&nbsp;<\/p>\n<p><strong>Mars<\/strong><\/p>\n<p>Jag tror att m\u00e4ngden poesi p\u00e5 Vandra V\u00e4gen har \u00f6kar dramatiskt under 2015. H\u00e4r \u00e4r en dikt jag skrev och sj\u00e4lv tycker mycket om: &#8221;<a href=\"http:\/\/blogg.svenskakyrkan.se\/vandravagen\/2015\/03\/17\/kunskap-pa-gott-och-ont\/\">Kunskap p\u00e5 gott och ont<\/a>&#8221;<\/p>\n<p>&nbsp;<\/p>\n<p><strong>April<\/strong><\/p>\n<p>En sak som g\u00f6r denna blogg unik \u00e4r mina taktiskt valda popul\u00e4rkulturella referenser. H\u00e4r tycker jag verkligen jag fick till det om &#8221;<a href=\"http:\/\/blogg.svenskakyrkan.se\/vandravagen\/2015\/04\/13\/svardsprinsessan-amaltea-och-guds-logos\/\">Sv\u00e4rdsprinsessan Amaltea och Guds logos<\/a>&#8221; men \u00e5 andra sidan \u00e4r det nog ganska f\u00e5 av er som l\u00e4ser mangaserier va?<\/p>\n<p>&nbsp;<\/p>\n<p><strong>Maj<\/strong><\/p>\n<p>Jag har tv\u00e5 bloggposter fr\u00e5n maj h\u00e4r. Bara titeln g\u00f6r ju &#8221;<a href=\"http:\/\/blogg.svenskakyrkan.se\/vandravagen\/2015\/05\/06\/gud-talar-i-min-hjarna\/\">Gud talar i min hj\u00e4rna<\/a>&#8221; till en h\u00f6jdare. Fast jag tycker det \u00e4r en t\u00e4nkv\u00e4rd id\u00e9 om att det finns utrymme f\u00f6r gudomligt handlande i v\u00e4rlden.<\/p>\n<p>Ett viktigt tema h\u00e4r under 2015 \u00e4r att jag skrivit mycket om relationen mellan judar och kristna. Till exempel den h\u00e4r bekl\u00e4mmande bloggposten om &#8221;<a href=\"http:\/\/blogg.svenskakyrkan.se\/vandravagen\/2015\/05\/28\/nar-de-kristna-svek-judarna-forsta-gangen\/\">n\u00e4r de kristna svek judarna f\u00f6r f\u00f6rsta g\u00e5ngen<\/a>.&#8221;<\/p>\n<p>&nbsp;<\/p>\n<p><strong>Juni<\/strong><\/p>\n<p>Juni verkar ha varit en svag m\u00e5nad p\u00e5 bloggen men jag fick i alla fall till en fr\u00e4ck anspelning tillsammans med bra teologi n\u00e4r jag skrev om &#8221;<a href=\"http:\/\/blogg.svenskakyrkan.se\/vandravagen\/2015\/06\/11\/den-lilla-doden-och-uppstandelsen\/\">den lilla d\u00f6den och uppst\u00e5ndelsen<\/a>&#8221;.<\/p>\n<p>&nbsp;<\/p>\n<p><strong>Juli<\/strong><\/p>\n<p>Juli var inte heller s\u00e4rskilt het. \u00c5tminstone inte h\u00e4r. Men s\u00e5 \u00e4r ju ocks\u00e5 sommaren l\u00e5gs\u00e4song f\u00f6r bloggl\u00e4sande \u00f6ver lag. H\u00e4r st\u00e5r i alla fall om &#8221;<a href=\"http:\/\/blogg.svenskakyrkan.se\/vandravagen\/2015\/07\/21\/ej-evangelisation-tack\/\">Ej evangelisation tack<\/a>&#8221;.<\/p>\n<p>&nbsp;<\/p>\n<p><strong>Augusti<\/strong><\/p>\n<p>I Augusti b\u00f6rjade jag min nya tj\u00e4nst i Dalstorp men bloggen lever vidare som f\u00f6rut. Ryktet s\u00e4ger att kyrkoherden och informat\u00f6ren tycker det \u00e4r bra grejer jag skriver vilket ju \u00e4r roligt. H\u00e4r skrev jag om &#8221;<a href=\"http:\/\/blogg.svenskakyrkan.se\/vandravagen\/2015\/08\/14\/jesus-med-kejsarens-titlar\/\">Jesus med kejsarens titlar<\/a>&#8221;.<\/p>\n<p>&nbsp;<\/p>\n<p><strong>September<\/strong><\/p>\n<p>Jag har hackat en del p\u00e5 den romantiska k\u00e4rleken tidigare men under \u00e5ret l\u00e4ste jag en v\u00e4ldigt t\u00e4nkv\u00e4rd bok av en sekul\u00e4r filosof kring k\u00e4rleken och fick m\u00e5nga nya tankar (som jag ocks\u00e5 skrev ner h\u00e4r \u00f6ver r\u00e4tt l\u00e5ng tid). H\u00e4r \u00e4r i alla fall &#8221;<a href=\"http:\/\/blogg.svenskakyrkan.se\/vandravagen\/2015\/09\/16\/till-den-romantiska-karlekens-forsvar\/\">Till den romantiska k\u00e4rlekens f\u00f6rsvar&#8221;.<\/a><\/p>\n<p>&nbsp;<\/p>\n<p><strong>Oktober<\/strong><\/p>\n<p>\u00c5terigen har jag tv\u00e5 bloggposter som ligger mig varmt om hj\u00e4rtat. Dels &#8221;<a href=\"http:\/\/blogg.svenskakyrkan.se\/vandravagen\/2015\/10\/28\/det-ar-bra-att-alta\/\">Det \u00e4r bra att \u00e4lta<\/a>&#8221; som handlar om just det. Och dels det att jag sammanfattade mina l\u00e4rdomar fr\u00e5n bloggen och annat i bloggposten &#8221;<a href=\"http:\/\/blogg.svenskakyrkan.se\/vandravagen\/2015\/10\/12\/10-lardomar-efter-4-ar-som-bloggande-prast\/\">10 l\u00e4rdomar efter 4 \u00e5r som bloggande pr\u00e4st<\/a>&#8221;. 4-\u00e5rsdagen kommer f\u00f6r \u00f6vrigt i januari.<\/p>\n<p>&nbsp;<\/p>\n<p><strong>November<\/strong><\/p>\n<p>Jag \u00e4r sj\u00e4lv barnsligt f\u00f6rtjust i de bilder jag lyckats ta och gestalta Martin Luthers liv i playmobile. H\u00e4r \u00e4r den om &#8221;<a href=\"http:\/\/blogg.svenskakyrkan.se\/vandravagen\/2015\/11\/09\/luther-den-glada-gamangen\/\">Luther, den glada gam\u00e4ngen<\/a>&#8221;.<\/p>\n<p>&nbsp;<\/p>\n<p><strong>December<\/strong><\/p>\n<p>I b\u00f6rjan av \u00e5ret hade jag n\u00e5gra g\u00e4stbloggposter av Christian Hjert\u00e9n. Sedan var det d\u00e5ligt med den varan i sort sett hela \u00e5ret men s\u00e5 helt nyligen skrev Johan Engvall om &#8221;\u00d6dmjukhet i Franciskus anda&#8221; och gjorde det s\u00e5 bra att det f\u00e5r bli december m\u00e5nads favorit.<\/p>\n<p>&nbsp;<\/p>\n<p><strong>Sammanfattning<\/strong><\/p>\n<p>Jag vet inte om du iddes titta igenom alla mina l\u00e4nkar men om du har det gl\u00e4der det mig. Nu \u00e5terst\u00e5r fr\u00e5gan om vad n\u00e4sta \u00e5r kommer k\u00e4nnetecknas av. F\u00f6rmodligen samma saker typ. Nya l\u00e4sare \u00e4r alltid v\u00e4lkomna och s\u00e4rskilt om ni h\u00f6r av er p\u00e5 n\u00e5got s\u00e4tt med feedback.<\/p>\n<p>Vd tycker du var b\u00e4st p\u00e5 bloggen 2015? Skriv en kommentar!<\/p>\n","protected":false},"excerpt":{"rendered":"<p>&nbsp; S\u00e5 h\u00e4r \u00e5rs \u00e4r det mycket \u00e5rskr\u00f6nikor och jag h\u00e4nger p\u00e5. Det har varit roligt att \u00e4gna en stund \u00e5t att titta igenom \u00e5rets bloggposter och se hur tankarna g\u00e5tt och p\u00e5minnas om ett och annat som h\u00e4nt i mitt liv under detta \u00e5r. F\u00f6r mig har 2015 varit v\u00e4ldigt h\u00e4ndelserikt med flytt och [&hellip;]<\/p>\n","protected":false},"author":392,"featured_media":0,"comment_status":"open","ping_status":"open","sticky":false,"template":"","format":"standard","meta":{"_acf_changed":false,"footnotes":""},"categories":[76608,76189],"tags":[],"class_list":["post-4094","post","type-post","status-publish","format-standard","hentry","category-bloggen","category-dagens-kyrka"],"acf":[],"yoast_head":"<!-- This site is optimized with the Yoast SEO plugin v27.1.1 - https:\/\/yoast.com\/product\/yoast-seo-wordpress\/ -->\n<title>Vandra V\u00e4gens \u00e5rskr\u00f6nika 2015 - Vandra V\u00e4gen<\/title>\n<meta name=\"robots\" content=\"index, follow, max-snippet:-1, max-image-preview:large, max-video-preview:-1\" \/>\n<link rel=\"canonical\" href=\"https:\/\/blogg.svenskakyrkan.se\/vandravagen\/2015\/12\/29\/vandra-vagens-arskronika-2015\/\" \/>\n<meta property=\"og:locale\" content=\"sv_SE\" \/>\n<meta property=\"og:type\" content=\"article\" \/>\n<meta property=\"og:title\" content=\"Vandra V\u00e4gens \u00e5rskr\u00f6nika 2015 - Vandra V\u00e4gen\" \/>\n<meta property=\"og:description\" content=\"&nbsp; S\u00e5 h\u00e4r \u00e5rs \u00e4r det mycket \u00e5rskr\u00f6nikor och jag h\u00e4nger p\u00e5. Det har varit roligt att \u00e4gna en stund \u00e5t att titta igenom \u00e5rets bloggposter och se hur tankarna g\u00e5tt och p\u00e5minnas om ett och annat som h\u00e4nt i mitt liv under detta \u00e5r. F\u00f6r mig har 2015 varit v\u00e4ldigt h\u00e4ndelserikt med flytt och [&hellip;]\" \/>\n<meta property=\"og:url\" content=\"https:\/\/blogg.svenskakyrkan.se\/vandravagen\/2015\/12\/29\/vandra-vagens-arskronika-2015\/\" \/>\n<meta property=\"og:site_name\" content=\"Vandra V\u00e4gen\" \/>\n<meta property=\"article:publisher\" content=\"http:\/\/facebook.com\/vandravagen\" \/>\n<meta property=\"article:published_time\" content=\"2015-12-29T06:00:17+00:00\" \/>\n<meta property=\"og:image\" content=\"http:\/\/blogg.svenskakyrkan.se\/vandravagen\/files\/2015\/12\/IMG_7184.jpg\" \/>\n<meta name=\"author\" content=\"Tomas Jarvid\" \/>\n<meta name=\"twitter:card\" content=\"summary_large_image\" \/>\n<meta name=\"twitter:creator\" content=\"@fadertomas\" \/>\n<meta name=\"twitter:site\" content=\"@fadertomas\" \/>\n<meta name=\"twitter:label1\" content=\"Skriven av\" \/>\n\t<meta name=\"twitter:data1\" content=\"Tomas Jarvid\" \/>\n\t<meta name=\"twitter:label2\" content=\"Ber\u00e4knad l\u00e4stid\" \/>\n\t<meta name=\"twitter:data2\" content=\"4 minuter\" \/>\n<script type=\"application\/ld+json\" class=\"yoast-schema-graph\">{\"@context\":\"https:\/\/schema.org\",\"@graph\":[{\"@type\":\"Article\",\"@id\":\"https:\/\/blogg.svenskakyrkan.se\/vandravagen\/2015\/12\/29\/vandra-vagens-arskronika-2015\/#article\",\"isPartOf\":{\"@id\":\"https:\/\/blogg.svenskakyrkan.se\/vandravagen\/2015\/12\/29\/vandra-vagens-arskronika-2015\/\"},\"author\":{\"name\":\"Tomas Jarvid\",\"@id\":\"https:\/\/blogg.svenskakyrkan.se\/vandravagen\/#\/schema\/person\/25da02d4f76b137d04291711e2c9fc16\"},\"headline\":\"Vandra V\u00e4gens \u00e5rskr\u00f6nika 2015\",\"datePublished\":\"2015-12-29T06:00:17+00:00\",\"mainEntityOfPage\":{\"@id\":\"https:\/\/blogg.svenskakyrkan.se\/vandravagen\/2015\/12\/29\/vandra-vagens-arskronika-2015\/\"},\"wordCount\":736,\"commentCount\":9,\"publisher\":{\"@id\":\"https:\/\/blogg.svenskakyrkan.se\/vandravagen\/#organization\"},\"image\":{\"@id\":\"https:\/\/blogg.svenskakyrkan.se\/vandravagen\/2015\/12\/29\/vandra-vagens-arskronika-2015\/#primaryimage\"},\"thumbnailUrl\":\"http:\/\/blogg.svenskakyrkan.se\/vandravagen\/files\/2015\/12\/IMG_7184.jpg\",\"articleSection\":[\"bloggen\",\"Dagens Kyrka\"],\"inLanguage\":\"sv-SE\",\"potentialAction\":[{\"@type\":\"CommentAction\",\"name\":\"Comment\",\"target\":[\"https:\/\/blogg.svenskakyrkan.se\/vandravagen\/2015\/12\/29\/vandra-vagens-arskronika-2015\/#respond\"]}]},{\"@type\":\"WebPage\",\"@id\":\"https:\/\/blogg.svenskakyrkan.se\/vandravagen\/2015\/12\/29\/vandra-vagens-arskronika-2015\/\",\"url\":\"https:\/\/blogg.svenskakyrkan.se\/vandravagen\/2015\/12\/29\/vandra-vagens-arskronika-2015\/\",\"name\":\"Vandra V\u00e4gens \u00e5rskr\u00f6nika 2015 - Vandra V\u00e4gen\",\"isPartOf\":{\"@id\":\"https:\/\/blogg.svenskakyrkan.se\/vandravagen\/#website\"},\"primaryImageOfPage\":{\"@id\":\"https:\/\/blogg.svenskakyrkan.se\/vandravagen\/2015\/12\/29\/vandra-vagens-arskronika-2015\/#primaryimage\"},\"image\":{\"@id\":\"https:\/\/blogg.svenskakyrkan.se\/vandravagen\/2015\/12\/29\/vandra-vagens-arskronika-2015\/#primaryimage\"},\"thumbnailUrl\":\"http:\/\/blogg.svenskakyrkan.se\/vandravagen\/files\/2015\/12\/IMG_7184.jpg\",\"datePublished\":\"2015-12-29T06:00:17+00:00\",\"breadcrumb\":{\"@id\":\"https:\/\/blogg.svenskakyrkan.se\/vandravagen\/2015\/12\/29\/vandra-vagens-arskronika-2015\/#breadcrumb\"},\"inLanguage\":\"sv-SE\",\"potentialAction\":[{\"@type\":\"ReadAction\",\"target\":[\"https:\/\/blogg.svenskakyrkan.se\/vandravagen\/2015\/12\/29\/vandra-vagens-arskronika-2015\/\"]}]},{\"@type\":\"ImageObject\",\"inLanguage\":\"sv-SE\",\"@id\":\"https:\/\/blogg.svenskakyrkan.se\/vandravagen\/2015\/12\/29\/vandra-vagens-arskronika-2015\/#primaryimage\",\"url\":\"http:\/\/blogg.svenskakyrkan.se\/vandravagen\/files\/2015\/12\/IMG_7184.jpg\",\"contentUrl\":\"http:\/\/blogg.svenskakyrkan.se\/vandravagen\/files\/2015\/12\/IMG_7184.jpg\"},{\"@type\":\"BreadcrumbList\",\"@id\":\"https:\/\/blogg.svenskakyrkan.se\/vandravagen\/2015\/12\/29\/vandra-vagens-arskronika-2015\/#breadcrumb\",\"itemListElement\":[{\"@type\":\"ListItem\",\"position\":1,\"name\":\"Hem\",\"item\":\"https:\/\/blogg.svenskakyrkan.se\/vandravagen\/\"},{\"@type\":\"ListItem\",\"position\":2,\"name\":\"Vandra V\u00e4gens \u00e5rskr\u00f6nika 2015\"}]},{\"@type\":\"WebSite\",\"@id\":\"https:\/\/blogg.svenskakyrkan.se\/vandravagen\/#website\",\"url\":\"https:\/\/blogg.svenskakyrkan.se\/vandravagen\/\",\"name\":\"Vandra V\u00e4gen\",\"description\":\"-Mot en tro f\u00f6r hela livet\",\"publisher\":{\"@id\":\"https:\/\/blogg.svenskakyrkan.se\/vandravagen\/#organization\"},\"potentialAction\":[{\"@type\":\"SearchAction\",\"target\":{\"@type\":\"EntryPoint\",\"urlTemplate\":\"https:\/\/blogg.svenskakyrkan.se\/vandravagen\/?s={search_term_string}\"},\"query-input\":{\"@type\":\"PropertyValueSpecification\",\"valueRequired\":true,\"valueName\":\"search_term_string\"}}],\"inLanguage\":\"sv-SE\"},{\"@type\":\"Organization\",\"@id\":\"https:\/\/blogg.svenskakyrkan.se\/vandravagen\/#organization\",\"name\":\"ulricehamns pastorat\",\"alternateName\":\"ulricehamns pastorat\",\"url\":\"https:\/\/blogg.svenskakyrkan.se\/vandravagen\/\",\"logo\":{\"@type\":\"ImageObject\",\"inLanguage\":\"sv-SE\",\"@id\":\"https:\/\/blogg.svenskakyrkan.se\/vandravagen\/#\/schema\/logo\/image\/\",\"url\":\"https:\/\/blogg.svenskakyrkan.se\/vandravagen\/files\/2023\/05\/Ulr_logo_RGB.png\",\"contentUrl\":\"https:\/\/blogg.svenskakyrkan.se\/vandravagen\/files\/2023\/05\/Ulr_logo_RGB.png\",\"width\":205,\"height\":77,\"caption\":\"ulricehamns pastorat\"},\"image\":{\"@id\":\"https:\/\/blogg.svenskakyrkan.se\/vandravagen\/#\/schema\/logo\/image\/\"},\"sameAs\":[\"http:\/\/facebook.com\/vandravagen\",\"https:\/\/x.com\/fadertomas\",\"http:\/\/www.facebook.com\/svenskakyrkaniulricehamn\"]},{\"@type\":\"Person\",\"@id\":\"https:\/\/blogg.svenskakyrkan.se\/vandravagen\/#\/schema\/person\/25da02d4f76b137d04291711e2c9fc16\",\"name\":\"Tomas Jarvid\",\"image\":{\"@type\":\"ImageObject\",\"inLanguage\":\"sv-SE\",\"@id\":\"https:\/\/blogg.svenskakyrkan.se\/vandravagen\/#\/schema\/person\/image\/\",\"url\":\"https:\/\/secure.gravatar.com\/avatar\/7fa71899795e8f540f615a1f5ab25255dc27aa40f05ee7ddd21aac521e01bf50?s=96&d=identicon&r=g\",\"contentUrl\":\"https:\/\/secure.gravatar.com\/avatar\/7fa71899795e8f540f615a1f5ab25255dc27aa40f05ee7ddd21aac521e01bf50?s=96&d=identicon&r=g\",\"caption\":\"Tomas Jarvid\"},\"description\":\"Jag bor i Ulricehamn i V\u00e4sterg\u00f6tland och \u00e4r f\u00f6rsamlingspr\u00e4st i Svenska Kyrkan f\u00f6r Dalstorps f\u00f6rsamling i Kinds pastorat. P\u00e5 den h\u00e4r bloggen skriver jag ner tankar om vandringen som kristen.\",\"sameAs\":[\"http:\/\/www.vandravagen.se\"],\"url\":\"https:\/\/blogg.svenskakyrkan.se\/vandravagen\/author\/vandravagen\/\"}]}<\/script>\n<!-- \/ Yoast SEO plugin. -->","yoast_head_json":{"title":"Vandra V\u00e4gens \u00e5rskr\u00f6nika 2015 - Vandra V\u00e4gen","robots":{"index":"index","follow":"follow","max-snippet":"max-snippet:-1","max-image-preview":"max-image-preview:large","max-video-preview":"max-video-preview:-1"},"canonical":"https:\/\/blogg.svenskakyrkan.se\/vandravagen\/2015\/12\/29\/vandra-vagens-arskronika-2015\/","og_locale":"sv_SE","og_type":"article","og_title":"Vandra V\u00e4gens \u00e5rskr\u00f6nika 2015 - Vandra V\u00e4gen","og_description":"&nbsp; S\u00e5 h\u00e4r \u00e5rs \u00e4r det mycket \u00e5rskr\u00f6nikor och jag h\u00e4nger p\u00e5. Det har varit roligt att \u00e4gna en stund \u00e5t att titta igenom \u00e5rets bloggposter och se hur tankarna g\u00e5tt och p\u00e5minnas om ett och annat som h\u00e4nt i mitt liv under detta \u00e5r. F\u00f6r mig har 2015 varit v\u00e4ldigt h\u00e4ndelserikt med flytt och [&hellip;]","og_url":"https:\/\/blogg.svenskakyrkan.se\/vandravagen\/2015\/12\/29\/vandra-vagens-arskronika-2015\/","og_site_name":"Vandra V\u00e4gen","article_publisher":"http:\/\/facebook.com\/vandravagen","article_published_time":"2015-12-29T06:00:17+00:00","og_image":[{"url":"http:\/\/blogg.svenskakyrkan.se\/vandravagen\/files\/2015\/12\/IMG_7184.jpg","type":"","width":"","height":""}],"author":"Tomas Jarvid","twitter_card":"summary_large_image","twitter_creator":"@fadertomas","twitter_site":"@fadertomas","twitter_misc":{"Skriven av":"Tomas Jarvid","Ber\u00e4knad l\u00e4stid":"4 minuter"},"schema":{"@context":"https:\/\/schema.org","@graph":[{"@type":"Article","@id":"https:\/\/blogg.svenskakyrkan.se\/vandravagen\/2015\/12\/29\/vandra-vagens-arskronika-2015\/#article","isPartOf":{"@id":"https:\/\/blogg.svenskakyrkan.se\/vandravagen\/2015\/12\/29\/vandra-vagens-arskronika-2015\/"},"author":{"name":"Tomas Jarvid","@id":"https:\/\/blogg.svenskakyrkan.se\/vandravagen\/#\/schema\/person\/25da02d4f76b137d04291711e2c9fc16"},"headline":"Vandra V\u00e4gens \u00e5rskr\u00f6nika 2015","datePublished":"2015-12-29T06:00:17+00:00","mainEntityOfPage":{"@id":"https:\/\/blogg.svenskakyrkan.se\/vandravagen\/2015\/12\/29\/vandra-vagens-arskronika-2015\/"},"wordCount":736,"commentCount":9,"publisher":{"@id":"https:\/\/blogg.svenskakyrkan.se\/vandravagen\/#organization"},"image":{"@id":"https:\/\/blogg.svenskakyrkan.se\/vandravagen\/2015\/12\/29\/vandra-vagens-arskronika-2015\/#primaryimage"},"thumbnailUrl":"http:\/\/blogg.svenskakyrkan.se\/vandravagen\/files\/2015\/12\/IMG_7184.jpg","articleSection":["bloggen","Dagens Kyrka"],"inLanguage":"sv-SE","potentialAction":[{"@type":"CommentAction","name":"Comment","target":["https:\/\/blogg.svenskakyrkan.se\/vandravagen\/2015\/12\/29\/vandra-vagens-arskronika-2015\/#respond"]}]},{"@type":"WebPage","@id":"https:\/\/blogg.svenskakyrkan.se\/vandravagen\/2015\/12\/29\/vandra-vagens-arskronika-2015\/","url":"https:\/\/blogg.svenskakyrkan.se\/vandravagen\/2015\/12\/29\/vandra-vagens-arskronika-2015\/","name":"Vandra V\u00e4gens \u00e5rskr\u00f6nika 2015 - Vandra V\u00e4gen","isPartOf":{"@id":"https:\/\/blogg.svenskakyrkan.se\/vandravagen\/#website"},"primaryImageOfPage":{"@id":"https:\/\/blogg.svenskakyrkan.se\/vandravagen\/2015\/12\/29\/vandra-vagens-arskronika-2015\/#primaryimage"},"image":{"@id":"https:\/\/blogg.svenskakyrkan.se\/vandravagen\/2015\/12\/29\/vandra-vagens-arskronika-2015\/#primaryimage"},"thumbnailUrl":"http:\/\/blogg.svenskakyrkan.se\/vandravagen\/files\/2015\/12\/IMG_7184.jpg","datePublished":"2015-12-29T06:00:17+00:00","breadcrumb":{"@id":"https:\/\/blogg.svenskakyrkan.se\/vandravagen\/2015\/12\/29\/vandra-vagens-arskronika-2015\/#breadcrumb"},"inLanguage":"sv-SE","potentialAction":[{"@type":"ReadAction","target":["https:\/\/blogg.svenskakyrkan.se\/vandravagen\/2015\/12\/29\/vandra-vagens-arskronika-2015\/"]}]},{"@type":"ImageObject","inLanguage":"sv-SE","@id":"https:\/\/blogg.svenskakyrkan.se\/vandravagen\/2015\/12\/29\/vandra-vagens-arskronika-2015\/#primaryimage","url":"http:\/\/blogg.svenskakyrkan.se\/vandravagen\/files\/2015\/12\/IMG_7184.jpg","contentUrl":"http:\/\/blogg.svenskakyrkan.se\/vandravagen\/files\/2015\/12\/IMG_7184.jpg"},{"@type":"BreadcrumbList","@id":"https:\/\/blogg.svenskakyrkan.se\/vandravagen\/2015\/12\/29\/vandra-vagens-arskronika-2015\/#breadcrumb","itemListElement":[{"@type":"ListItem","position":1,"name":"Hem","item":"https:\/\/blogg.svenskakyrkan.se\/vandravagen\/"},{"@type":"ListItem","position":2,"name":"Vandra V\u00e4gens \u00e5rskr\u00f6nika 2015"}]},{"@type":"WebSite","@id":"https:\/\/blogg.svenskakyrkan.se\/vandravagen\/#website","url":"https:\/\/blogg.svenskakyrkan.se\/vandravagen\/","name":"Vandra V\u00e4gen","description":"-Mot en tro f\u00f6r hela livet","publisher":{"@id":"https:\/\/blogg.svenskakyrkan.se\/vandravagen\/#organization"},"potentialAction":[{"@type":"SearchAction","target":{"@type":"EntryPoint","urlTemplate":"https:\/\/blogg.svenskakyrkan.se\/vandravagen\/?s={search_term_string}"},"query-input":{"@type":"PropertyValueSpecification","valueRequired":true,"valueName":"search_term_string"}}],"inLanguage":"sv-SE"},{"@type":"Organization","@id":"https:\/\/blogg.svenskakyrkan.se\/vandravagen\/#organization","name":"ulricehamns pastorat","alternateName":"ulricehamns pastorat","url":"https:\/\/blogg.svenskakyrkan.se\/vandravagen\/","logo":{"@type":"ImageObject","inLanguage":"sv-SE","@id":"https:\/\/blogg.svenskakyrkan.se\/vandravagen\/#\/schema\/logo\/image\/","url":"https:\/\/blogg.svenskakyrkan.se\/vandravagen\/files\/2023\/05\/Ulr_logo_RGB.png","contentUrl":"https:\/\/blogg.svenskakyrkan.se\/vandravagen\/files\/2023\/05\/Ulr_logo_RGB.png","width":205,"height":77,"caption":"ulricehamns pastorat"},"image":{"@id":"https:\/\/blogg.svenskakyrkan.se\/vandravagen\/#\/schema\/logo\/image\/"},"sameAs":["http:\/\/facebook.com\/vandravagen","https:\/\/x.com\/fadertomas","http:\/\/www.facebook.com\/svenskakyrkaniulricehamn"]},{"@type":"Person","@id":"https:\/\/blogg.svenskakyrkan.se\/vandravagen\/#\/schema\/person\/25da02d4f76b137d04291711e2c9fc16","name":"Tomas Jarvid","image":{"@type":"ImageObject","inLanguage":"sv-SE","@id":"https:\/\/blogg.svenskakyrkan.se\/vandravagen\/#\/schema\/person\/image\/","url":"https:\/\/secure.gravatar.com\/avatar\/7fa71899795e8f540f615a1f5ab25255dc27aa40f05ee7ddd21aac521e01bf50?s=96&d=identicon&r=g","contentUrl":"https:\/\/secure.gravatar.com\/avatar\/7fa71899795e8f540f615a1f5ab25255dc27aa40f05ee7ddd21aac521e01bf50?s=96&d=identicon&r=g","caption":"Tomas Jarvid"},"description":"Jag bor i Ulricehamn i V\u00e4sterg\u00f6tland och \u00e4r f\u00f6rsamlingspr\u00e4st i Svenska Kyrkan f\u00f6r Dalstorps f\u00f6rsamling i Kinds pastorat. P\u00e5 den h\u00e4r bloggen skriver jag ner tankar om vandringen som kristen.","sameAs":["http:\/\/www.vandravagen.se"],"url":"https:\/\/blogg.svenskakyrkan.se\/vandravagen\/author\/vandravagen\/"}]}},"author_meta":{"ID":"392","user_nicename":"vandravagen","user_url":"http:\/\/www.vandravagen.se","user_registered":"2014-05-19 05:44:52","display_name":"Tomas Jarvid","first_name":"Tomas","last_name":"Jarvid","avatar":"https:\/\/secure.gravatar.com\/avatar\/7fa71899795e8f540f615a1f5ab25255dc27aa40f05ee7ddd21aac521e01bf50?s=96&d=identicon&r=g"},"featured_image":false,"bloginfo":{"name":"Vandra V\u00e4gen","url":"https:\/\/blogg.svenskakyrkan.se\/vandravagen"},"_links":{"self":[{"href":"https:\/\/blogg.svenskakyrkan.se\/vandravagen\/wp-json\/wp\/v2\/posts\/4094","targetHints":{"allow":["GET"]}}],"collection":[{"href":"https:\/\/blogg.svenskakyrkan.se\/vandravagen\/wp-json\/wp\/v2\/posts"}],"about":[{"href":"https:\/\/blogg.svenskakyrkan.se\/vandravagen\/wp-json\/wp\/v2\/types\/post"}],"author":[{"embeddable":true,"href":"https:\/\/blogg.svenskakyrkan.se\/vandravagen\/wp-json\/wp\/v2\/users\/392"}],"replies":[{"embeddable":true,"href":"https:\/\/blogg.svenskakyrkan.se\/vandravagen\/wp-json\/wp\/v2\/comments?post=4094"}],"version-history":[{"count":2,"href":"https:\/\/blogg.svenskakyrkan.se\/vandravagen\/wp-json\/wp\/v2\/posts\/4094\/revisions"}],"predecessor-version":[{"id":4097,"href":"https:\/\/blogg.svenskakyrkan.se\/vandravagen\/wp-json\/wp\/v2\/posts\/4094\/revisions\/4097"}],"wp:attachment":[{"href":"https:\/\/blogg.svenskakyrkan.se\/vandravagen\/wp-json\/wp\/v2\/media?parent=4094"}],"wp:term":[{"taxonomy":"category","embeddable":true,"href":"https:\/\/blogg.svenskakyrkan.se\/vandravagen\/wp-json\/wp\/v2\/categories?post=4094"},{"taxonomy":"post_tag","embeddable":true,"href":"https:\/\/blogg.svenskakyrkan.se\/vandravagen\/wp-json\/wp\/v2\/tags?post=4094"}],"curies":[{"name":"wp","href":"https:\/\/api.w.org\/{rel}","templated":true}]}}