{"id":41,"date":"2014-05-06T07:05:00","date_gmt":"2014-05-06T05:05:00","guid":{"rendered":"http:\/\/blogg.svenskakyrkan.se\/vandravagen\/2014\/05\/06\/d-dagen-och-fralsningen\/"},"modified":"2014-05-06T07:05:00","modified_gmt":"2014-05-06T05:05:00","slug":"d-dagen-och-fralsningen","status":"publish","type":"post","link":"https:\/\/blogg.svenskakyrkan.se\/vandravagen\/2014\/05\/06\/d-dagen-och-fralsningen\/","title":{"rendered":"D-dagen och fr\u00e4lsningen"},"content":{"rendered":"<table align=\"center\" cellpadding=\"0\" cellspacing=\"0\">\n<tbody>\n<tr>\n<td><a href=\"http:\/\/1.bp.blogspot.com\/-KAQdqtui7MY\/U2hk8e3hhfI\/AAAAAAAAHa0\/JE6wy0tEoTc\/s1600\/IMG_3530.JPG\"><img loading=\"lazy\" decoding=\"async\" border=\"0\" src=\"http:\/\/1.bp.blogspot.com\/-KAQdqtui7MY\/U2hk8e3hhfI\/AAAAAAAAHa0\/JE6wy0tEoTc\/s1600\/IMG_3530.JPG\" height=\"476\" width=\"640\"><\/a><\/td>\n<\/tr>\n<tr>\n<td>Massiv lands\u00e4ttning efter dagen D i Normandie<\/td>\n<\/tr>\n<\/tbody>\n<\/table>\n<p>Den 6 juni 1944 landsteg de allierade trupperna i Normandie i en gigantisk operation. Sedan var loppet i praktiken k\u00f6rt f\u00f6r nazityskland. De kunde om\u00f6jligt h\u00e5lla tv\u00e5 fronter samtidigt i l\u00e4ngden och sviktade alltmer. Kriget var avgjort men kriget fortsatte.<\/p>\n<p>Nazisterna v\u00e4grade ge sig, hur hoppl\u00f6st l\u00e4get \u00e4n var s\u00e5 fortsatte kriget, lidandet fortsatte och ytterligare miljoner m\u00e4nniskor dog. Inte f\u00f6rr\u00e4n 8 maj 1945 kapitulerade Tyskland.<\/p>\n<p>Jag tycker att det h\u00e4r p\u00e5 ett s\u00e4tt \u00e4r en bra bild f\u00f6r att f\u00f6rst\u00e5 tiden efter p\u00e5sk. Det kanske inte \u00e4r helt lysande att t\u00e4nka i krigsbanor n\u00e4r det g\u00e4ller fr\u00e4lsningen, Jesu v\u00e4g var inte v\u00e5ldets v\u00e4g. D\u00e4remot tycker jag att det h\u00e4r med att kriget \u00e4r avgjort men inte slut kan vara en talande bild.<\/p>\n<p>Jesus har besegrat ondskan, synden och d\u00f6den och \u00f6ppnat v\u00e4gen till Gud och det eviga livet. Samtidigt \u00e4r de alla tre s\u00e5 p\u00e5tagliga i v\u00e5ra liv \u00e4nnu tv\u00e5 tusen \u00e5r efter\u00e5t. Bara f\u00f6r att de \u00e4r besegrade s\u00e5 har de liksom inte lagt av. Men en dag och p\u00e5 ett s\u00e4tt som vi inte kan f\u00f6rest\u00e4lla oss ska kriget ta slut p\u00e5 riktigt. D\u00e5 ska Guds goda vilja ske och Gud ska torka alla krigets t\u00e5rar fr\u00e5n v\u00e5ra kinder.<\/p>\n","protected":false},"excerpt":{"rendered":"<p>Massiv lands\u00e4ttning efter dagen D i Normandie Den 6 juni 1944 landsteg de allierade trupperna i Normandie i en gigantisk operation. Sedan var loppet i praktiken k\u00f6rt f\u00f6r nazityskland. De kunde om\u00f6jligt h\u00e5lla tv\u00e5 fronter samtidigt i l\u00e4ngden och sviktade alltmer. Kriget var avgjort men kriget fortsatte. Nazisterna v\u00e4grade ge sig, hur hoppl\u00f6st l\u00e4get \u00e4n [&hellip;]<\/p>\n","protected":false},"author":392,"featured_media":0,"comment_status":"open","ping_status":"open","sticky":false,"template":"","format":"standard","meta":{"_acf_changed":false,"footnotes":""},"categories":[76189,117],"tags":[],"class_list":["post-41","post","type-post","status-publish","format-standard","hentry","category-dagens-kyrka","category-teologi"],"acf":[],"yoast_head":"<!-- This site is optimized with the Yoast SEO plugin v27.1.1 - https:\/\/yoast.com\/product\/yoast-seo-wordpress\/ -->\n<title>D-dagen och fr\u00e4lsningen - Vandra V\u00e4gen<\/title>\n<meta name=\"robots\" content=\"index, follow, max-snippet:-1, max-image-preview:large, max-video-preview:-1\" \/>\n<link rel=\"canonical\" href=\"https:\/\/blogg.svenskakyrkan.se\/vandravagen\/2014\/05\/06\/d-dagen-och-fralsningen\/\" \/>\n<meta property=\"og:locale\" content=\"sv_SE\" \/>\n<meta property=\"og:type\" content=\"article\" \/>\n<meta property=\"og:title\" content=\"D-dagen och fr\u00e4lsningen - Vandra V\u00e4gen\" \/>\n<meta property=\"og:description\" content=\"Massiv lands\u00e4ttning efter dagen D i Normandie Den 6 juni 1944 landsteg de allierade trupperna i Normandie i en gigantisk operation. Sedan var loppet i praktiken k\u00f6rt f\u00f6r nazityskland. De kunde om\u00f6jligt h\u00e5lla tv\u00e5 fronter samtidigt i l\u00e4ngden och sviktade alltmer. Kriget var avgjort men kriget fortsatte. Nazisterna v\u00e4grade ge sig, hur hoppl\u00f6st l\u00e4get \u00e4n [&hellip;]\" \/>\n<meta property=\"og:url\" content=\"https:\/\/blogg.svenskakyrkan.se\/vandravagen\/2014\/05\/06\/d-dagen-och-fralsningen\/\" \/>\n<meta property=\"og:site_name\" content=\"Vandra V\u00e4gen\" \/>\n<meta property=\"article:publisher\" content=\"http:\/\/facebook.com\/vandravagen\" \/>\n<meta property=\"article:published_time\" content=\"2014-05-06T05:05:00+00:00\" \/>\n<meta property=\"og:image\" content=\"http:\/\/1.bp.blogspot.com\/-KAQdqtui7MY\/U2hk8e3hhfI\/AAAAAAAAHa0\/JE6wy0tEoTc\/s1600\/IMG_3530.JPG\" \/>\n<meta name=\"author\" content=\"Tomas Jarvid\" \/>\n<meta name=\"twitter:card\" content=\"summary_large_image\" \/>\n<meta name=\"twitter:creator\" content=\"@fadertomas\" \/>\n<meta name=\"twitter:site\" content=\"@fadertomas\" \/>\n<meta name=\"twitter:label1\" content=\"Skriven av\" \/>\n\t<meta name=\"twitter:data1\" content=\"Tomas Jarvid\" \/>\n\t<meta name=\"twitter:label2\" content=\"Ber\u00e4knad l\u00e4stid\" \/>\n\t<meta name=\"twitter:data2\" content=\"1 minut\" \/>\n<script type=\"application\/ld+json\" class=\"yoast-schema-graph\">{\"@context\":\"https:\/\/schema.org\",\"@graph\":[{\"@type\":\"Article\",\"@id\":\"https:\/\/blogg.svenskakyrkan.se\/vandravagen\/2014\/05\/06\/d-dagen-och-fralsningen\/#article\",\"isPartOf\":{\"@id\":\"https:\/\/blogg.svenskakyrkan.se\/vandravagen\/2014\/05\/06\/d-dagen-och-fralsningen\/\"},\"author\":{\"name\":\"Tomas Jarvid\",\"@id\":\"https:\/\/blogg.svenskakyrkan.se\/vandravagen\/#\/schema\/person\/25da02d4f76b137d04291711e2c9fc16\"},\"headline\":\"D-dagen och fr\u00e4lsningen\",\"datePublished\":\"2014-05-06T05:05:00+00:00\",\"mainEntityOfPage\":{\"@id\":\"https:\/\/blogg.svenskakyrkan.se\/vandravagen\/2014\/05\/06\/d-dagen-och-fralsningen\/\"},\"wordCount\":247,\"commentCount\":5,\"publisher\":{\"@id\":\"https:\/\/blogg.svenskakyrkan.se\/vandravagen\/#organization\"},\"image\":{\"@id\":\"https:\/\/blogg.svenskakyrkan.se\/vandravagen\/2014\/05\/06\/d-dagen-och-fralsningen\/#primaryimage\"},\"thumbnailUrl\":\"http:\/\/1.bp.blogspot.com\/-KAQdqtui7MY\/U2hk8e3hhfI\/AAAAAAAAHa0\/JE6wy0tEoTc\/s1600\/IMG_3530.JPG\",\"articleSection\":[\"Dagens Kyrka\",\"Teologi\"],\"inLanguage\":\"sv-SE\",\"potentialAction\":[{\"@type\":\"CommentAction\",\"name\":\"Comment\",\"target\":[\"https:\/\/blogg.svenskakyrkan.se\/vandravagen\/2014\/05\/06\/d-dagen-och-fralsningen\/#respond\"]}]},{\"@type\":\"WebPage\",\"@id\":\"https:\/\/blogg.svenskakyrkan.se\/vandravagen\/2014\/05\/06\/d-dagen-och-fralsningen\/\",\"url\":\"https:\/\/blogg.svenskakyrkan.se\/vandravagen\/2014\/05\/06\/d-dagen-och-fralsningen\/\",\"name\":\"D-dagen och fr\u00e4lsningen - Vandra V\u00e4gen\",\"isPartOf\":{\"@id\":\"https:\/\/blogg.svenskakyrkan.se\/vandravagen\/#website\"},\"primaryImageOfPage\":{\"@id\":\"https:\/\/blogg.svenskakyrkan.se\/vandravagen\/2014\/05\/06\/d-dagen-och-fralsningen\/#primaryimage\"},\"image\":{\"@id\":\"https:\/\/blogg.svenskakyrkan.se\/vandravagen\/2014\/05\/06\/d-dagen-och-fralsningen\/#primaryimage\"},\"thumbnailUrl\":\"http:\/\/1.bp.blogspot.com\/-KAQdqtui7MY\/U2hk8e3hhfI\/AAAAAAAAHa0\/JE6wy0tEoTc\/s1600\/IMG_3530.JPG\",\"datePublished\":\"2014-05-06T05:05:00+00:00\",\"breadcrumb\":{\"@id\":\"https:\/\/blogg.svenskakyrkan.se\/vandravagen\/2014\/05\/06\/d-dagen-och-fralsningen\/#breadcrumb\"},\"inLanguage\":\"sv-SE\",\"potentialAction\":[{\"@type\":\"ReadAction\",\"target\":[\"https:\/\/blogg.svenskakyrkan.se\/vandravagen\/2014\/05\/06\/d-dagen-och-fralsningen\/\"]}]},{\"@type\":\"ImageObject\",\"inLanguage\":\"sv-SE\",\"@id\":\"https:\/\/blogg.svenskakyrkan.se\/vandravagen\/2014\/05\/06\/d-dagen-och-fralsningen\/#primaryimage\",\"url\":\"http:\/\/1.bp.blogspot.com\/-KAQdqtui7MY\/U2hk8e3hhfI\/AAAAAAAAHa0\/JE6wy0tEoTc\/s1600\/IMG_3530.JPG\",\"contentUrl\":\"http:\/\/1.bp.blogspot.com\/-KAQdqtui7MY\/U2hk8e3hhfI\/AAAAAAAAHa0\/JE6wy0tEoTc\/s1600\/IMG_3530.JPG\"},{\"@type\":\"BreadcrumbList\",\"@id\":\"https:\/\/blogg.svenskakyrkan.se\/vandravagen\/2014\/05\/06\/d-dagen-och-fralsningen\/#breadcrumb\",\"itemListElement\":[{\"@type\":\"ListItem\",\"position\":1,\"name\":\"Hem\",\"item\":\"https:\/\/blogg.svenskakyrkan.se\/vandravagen\/\"},{\"@type\":\"ListItem\",\"position\":2,\"name\":\"D-dagen och fr\u00e4lsningen\"}]},{\"@type\":\"WebSite\",\"@id\":\"https:\/\/blogg.svenskakyrkan.se\/vandravagen\/#website\",\"url\":\"https:\/\/blogg.svenskakyrkan.se\/vandravagen\/\",\"name\":\"Vandra V\u00e4gen\",\"description\":\"-Mot en tro f\u00f6r hela livet\",\"publisher\":{\"@id\":\"https:\/\/blogg.svenskakyrkan.se\/vandravagen\/#organization\"},\"potentialAction\":[{\"@type\":\"SearchAction\",\"target\":{\"@type\":\"EntryPoint\",\"urlTemplate\":\"https:\/\/blogg.svenskakyrkan.se\/vandravagen\/?s={search_term_string}\"},\"query-input\":{\"@type\":\"PropertyValueSpecification\",\"valueRequired\":true,\"valueName\":\"search_term_string\"}}],\"inLanguage\":\"sv-SE\"},{\"@type\":\"Organization\",\"@id\":\"https:\/\/blogg.svenskakyrkan.se\/vandravagen\/#organization\",\"name\":\"ulricehamns pastorat\",\"alternateName\":\"ulricehamns pastorat\",\"url\":\"https:\/\/blogg.svenskakyrkan.se\/vandravagen\/\",\"logo\":{\"@type\":\"ImageObject\",\"inLanguage\":\"sv-SE\",\"@id\":\"https:\/\/blogg.svenskakyrkan.se\/vandravagen\/#\/schema\/logo\/image\/\",\"url\":\"https:\/\/blogg.svenskakyrkan.se\/vandravagen\/files\/2023\/05\/Ulr_logo_RGB.png\",\"contentUrl\":\"https:\/\/blogg.svenskakyrkan.se\/vandravagen\/files\/2023\/05\/Ulr_logo_RGB.png\",\"width\":205,\"height\":77,\"caption\":\"ulricehamns pastorat\"},\"image\":{\"@id\":\"https:\/\/blogg.svenskakyrkan.se\/vandravagen\/#\/schema\/logo\/image\/\"},\"sameAs\":[\"http:\/\/facebook.com\/vandravagen\",\"https:\/\/x.com\/fadertomas\",\"http:\/\/www.facebook.com\/svenskakyrkaniulricehamn\"]},{\"@type\":\"Person\",\"@id\":\"https:\/\/blogg.svenskakyrkan.se\/vandravagen\/#\/schema\/person\/25da02d4f76b137d04291711e2c9fc16\",\"name\":\"Tomas Jarvid\",\"image\":{\"@type\":\"ImageObject\",\"inLanguage\":\"sv-SE\",\"@id\":\"https:\/\/blogg.svenskakyrkan.se\/vandravagen\/#\/schema\/person\/image\/\",\"url\":\"https:\/\/secure.gravatar.com\/avatar\/7fa71899795e8f540f615a1f5ab25255dc27aa40f05ee7ddd21aac521e01bf50?s=96&d=identicon&r=g\",\"contentUrl\":\"https:\/\/secure.gravatar.com\/avatar\/7fa71899795e8f540f615a1f5ab25255dc27aa40f05ee7ddd21aac521e01bf50?s=96&d=identicon&r=g\",\"caption\":\"Tomas Jarvid\"},\"description\":\"Jag bor i Ulricehamn i V\u00e4sterg\u00f6tland och \u00e4r f\u00f6rsamlingspr\u00e4st i Svenska Kyrkan f\u00f6r Dalstorps f\u00f6rsamling i Kinds pastorat. P\u00e5 den h\u00e4r bloggen skriver jag ner tankar om vandringen som kristen.\",\"sameAs\":[\"http:\/\/www.vandravagen.se\"],\"url\":\"https:\/\/blogg.svenskakyrkan.se\/vandravagen\/author\/vandravagen\/\"}]}<\/script>\n<!-- \/ Yoast SEO plugin. -->","yoast_head_json":{"title":"D-dagen och fr\u00e4lsningen - Vandra V\u00e4gen","robots":{"index":"index","follow":"follow","max-snippet":"max-snippet:-1","max-image-preview":"max-image-preview:large","max-video-preview":"max-video-preview:-1"},"canonical":"https:\/\/blogg.svenskakyrkan.se\/vandravagen\/2014\/05\/06\/d-dagen-och-fralsningen\/","og_locale":"sv_SE","og_type":"article","og_title":"D-dagen och fr\u00e4lsningen - Vandra V\u00e4gen","og_description":"Massiv lands\u00e4ttning efter dagen D i Normandie Den 6 juni 1944 landsteg de allierade trupperna i Normandie i en gigantisk operation. Sedan var loppet i praktiken k\u00f6rt f\u00f6r nazityskland. De kunde om\u00f6jligt h\u00e5lla tv\u00e5 fronter samtidigt i l\u00e4ngden och sviktade alltmer. Kriget var avgjort men kriget fortsatte. Nazisterna v\u00e4grade ge sig, hur hoppl\u00f6st l\u00e4get \u00e4n [&hellip;]","og_url":"https:\/\/blogg.svenskakyrkan.se\/vandravagen\/2014\/05\/06\/d-dagen-och-fralsningen\/","og_site_name":"Vandra V\u00e4gen","article_publisher":"http:\/\/facebook.com\/vandravagen","article_published_time":"2014-05-06T05:05:00+00:00","og_image":[{"url":"http:\/\/1.bp.blogspot.com\/-KAQdqtui7MY\/U2hk8e3hhfI\/AAAAAAAAHa0\/JE6wy0tEoTc\/s1600\/IMG_3530.JPG","type":"","width":"","height":""}],"author":"Tomas Jarvid","twitter_card":"summary_large_image","twitter_creator":"@fadertomas","twitter_site":"@fadertomas","twitter_misc":{"Skriven av":"Tomas Jarvid","Ber\u00e4knad l\u00e4stid":"1 minut"},"schema":{"@context":"https:\/\/schema.org","@graph":[{"@type":"Article","@id":"https:\/\/blogg.svenskakyrkan.se\/vandravagen\/2014\/05\/06\/d-dagen-och-fralsningen\/#article","isPartOf":{"@id":"https:\/\/blogg.svenskakyrkan.se\/vandravagen\/2014\/05\/06\/d-dagen-och-fralsningen\/"},"author":{"name":"Tomas Jarvid","@id":"https:\/\/blogg.svenskakyrkan.se\/vandravagen\/#\/schema\/person\/25da02d4f76b137d04291711e2c9fc16"},"headline":"D-dagen och fr\u00e4lsningen","datePublished":"2014-05-06T05:05:00+00:00","mainEntityOfPage":{"@id":"https:\/\/blogg.svenskakyrkan.se\/vandravagen\/2014\/05\/06\/d-dagen-och-fralsningen\/"},"wordCount":247,"commentCount":5,"publisher":{"@id":"https:\/\/blogg.svenskakyrkan.se\/vandravagen\/#organization"},"image":{"@id":"https:\/\/blogg.svenskakyrkan.se\/vandravagen\/2014\/05\/06\/d-dagen-och-fralsningen\/#primaryimage"},"thumbnailUrl":"http:\/\/1.bp.blogspot.com\/-KAQdqtui7MY\/U2hk8e3hhfI\/AAAAAAAAHa0\/JE6wy0tEoTc\/s1600\/IMG_3530.JPG","articleSection":["Dagens Kyrka","Teologi"],"inLanguage":"sv-SE","potentialAction":[{"@type":"CommentAction","name":"Comment","target":["https:\/\/blogg.svenskakyrkan.se\/vandravagen\/2014\/05\/06\/d-dagen-och-fralsningen\/#respond"]}]},{"@type":"WebPage","@id":"https:\/\/blogg.svenskakyrkan.se\/vandravagen\/2014\/05\/06\/d-dagen-och-fralsningen\/","url":"https:\/\/blogg.svenskakyrkan.se\/vandravagen\/2014\/05\/06\/d-dagen-och-fralsningen\/","name":"D-dagen och fr\u00e4lsningen - Vandra V\u00e4gen","isPartOf":{"@id":"https:\/\/blogg.svenskakyrkan.se\/vandravagen\/#website"},"primaryImageOfPage":{"@id":"https:\/\/blogg.svenskakyrkan.se\/vandravagen\/2014\/05\/06\/d-dagen-och-fralsningen\/#primaryimage"},"image":{"@id":"https:\/\/blogg.svenskakyrkan.se\/vandravagen\/2014\/05\/06\/d-dagen-och-fralsningen\/#primaryimage"},"thumbnailUrl":"http:\/\/1.bp.blogspot.com\/-KAQdqtui7MY\/U2hk8e3hhfI\/AAAAAAAAHa0\/JE6wy0tEoTc\/s1600\/IMG_3530.JPG","datePublished":"2014-05-06T05:05:00+00:00","breadcrumb":{"@id":"https:\/\/blogg.svenskakyrkan.se\/vandravagen\/2014\/05\/06\/d-dagen-och-fralsningen\/#breadcrumb"},"inLanguage":"sv-SE","potentialAction":[{"@type":"ReadAction","target":["https:\/\/blogg.svenskakyrkan.se\/vandravagen\/2014\/05\/06\/d-dagen-och-fralsningen\/"]}]},{"@type":"ImageObject","inLanguage":"sv-SE","@id":"https:\/\/blogg.svenskakyrkan.se\/vandravagen\/2014\/05\/06\/d-dagen-och-fralsningen\/#primaryimage","url":"http:\/\/1.bp.blogspot.com\/-KAQdqtui7MY\/U2hk8e3hhfI\/AAAAAAAAHa0\/JE6wy0tEoTc\/s1600\/IMG_3530.JPG","contentUrl":"http:\/\/1.bp.blogspot.com\/-KAQdqtui7MY\/U2hk8e3hhfI\/AAAAAAAAHa0\/JE6wy0tEoTc\/s1600\/IMG_3530.JPG"},{"@type":"BreadcrumbList","@id":"https:\/\/blogg.svenskakyrkan.se\/vandravagen\/2014\/05\/06\/d-dagen-och-fralsningen\/#breadcrumb","itemListElement":[{"@type":"ListItem","position":1,"name":"Hem","item":"https:\/\/blogg.svenskakyrkan.se\/vandravagen\/"},{"@type":"ListItem","position":2,"name":"D-dagen och fr\u00e4lsningen"}]},{"@type":"WebSite","@id":"https:\/\/blogg.svenskakyrkan.se\/vandravagen\/#website","url":"https:\/\/blogg.svenskakyrkan.se\/vandravagen\/","name":"Vandra V\u00e4gen","description":"-Mot en tro f\u00f6r hela livet","publisher":{"@id":"https:\/\/blogg.svenskakyrkan.se\/vandravagen\/#organization"},"potentialAction":[{"@type":"SearchAction","target":{"@type":"EntryPoint","urlTemplate":"https:\/\/blogg.svenskakyrkan.se\/vandravagen\/?s={search_term_string}"},"query-input":{"@type":"PropertyValueSpecification","valueRequired":true,"valueName":"search_term_string"}}],"inLanguage":"sv-SE"},{"@type":"Organization","@id":"https:\/\/blogg.svenskakyrkan.se\/vandravagen\/#organization","name":"ulricehamns pastorat","alternateName":"ulricehamns pastorat","url":"https:\/\/blogg.svenskakyrkan.se\/vandravagen\/","logo":{"@type":"ImageObject","inLanguage":"sv-SE","@id":"https:\/\/blogg.svenskakyrkan.se\/vandravagen\/#\/schema\/logo\/image\/","url":"https:\/\/blogg.svenskakyrkan.se\/vandravagen\/files\/2023\/05\/Ulr_logo_RGB.png","contentUrl":"https:\/\/blogg.svenskakyrkan.se\/vandravagen\/files\/2023\/05\/Ulr_logo_RGB.png","width":205,"height":77,"caption":"ulricehamns pastorat"},"image":{"@id":"https:\/\/blogg.svenskakyrkan.se\/vandravagen\/#\/schema\/logo\/image\/"},"sameAs":["http:\/\/facebook.com\/vandravagen","https:\/\/x.com\/fadertomas","http:\/\/www.facebook.com\/svenskakyrkaniulricehamn"]},{"@type":"Person","@id":"https:\/\/blogg.svenskakyrkan.se\/vandravagen\/#\/schema\/person\/25da02d4f76b137d04291711e2c9fc16","name":"Tomas Jarvid","image":{"@type":"ImageObject","inLanguage":"sv-SE","@id":"https:\/\/blogg.svenskakyrkan.se\/vandravagen\/#\/schema\/person\/image\/","url":"https:\/\/secure.gravatar.com\/avatar\/7fa71899795e8f540f615a1f5ab25255dc27aa40f05ee7ddd21aac521e01bf50?s=96&d=identicon&r=g","contentUrl":"https:\/\/secure.gravatar.com\/avatar\/7fa71899795e8f540f615a1f5ab25255dc27aa40f05ee7ddd21aac521e01bf50?s=96&d=identicon&r=g","caption":"Tomas Jarvid"},"description":"Jag bor i Ulricehamn i V\u00e4sterg\u00f6tland och \u00e4r f\u00f6rsamlingspr\u00e4st i Svenska Kyrkan f\u00f6r Dalstorps f\u00f6rsamling i Kinds pastorat. P\u00e5 den h\u00e4r bloggen skriver jag ner tankar om vandringen som kristen.","sameAs":["http:\/\/www.vandravagen.se"],"url":"https:\/\/blogg.svenskakyrkan.se\/vandravagen\/author\/vandravagen\/"}]}},"author_meta":{"ID":"392","user_nicename":"vandravagen","user_url":"http:\/\/www.vandravagen.se","user_registered":"2014-05-19 05:44:52","display_name":"Tomas Jarvid","first_name":"Tomas","last_name":"Jarvid","avatar":"https:\/\/secure.gravatar.com\/avatar\/7fa71899795e8f540f615a1f5ab25255dc27aa40f05ee7ddd21aac521e01bf50?s=96&d=identicon&r=g"},"featured_image":false,"bloginfo":{"name":"Vandra V\u00e4gen","url":"https:\/\/blogg.svenskakyrkan.se\/vandravagen"},"_links":{"self":[{"href":"https:\/\/blogg.svenskakyrkan.se\/vandravagen\/wp-json\/wp\/v2\/posts\/41","targetHints":{"allow":["GET"]}}],"collection":[{"href":"https:\/\/blogg.svenskakyrkan.se\/vandravagen\/wp-json\/wp\/v2\/posts"}],"about":[{"href":"https:\/\/blogg.svenskakyrkan.se\/vandravagen\/wp-json\/wp\/v2\/types\/post"}],"author":[{"embeddable":true,"href":"https:\/\/blogg.svenskakyrkan.se\/vandravagen\/wp-json\/wp\/v2\/users\/392"}],"replies":[{"embeddable":true,"href":"https:\/\/blogg.svenskakyrkan.se\/vandravagen\/wp-json\/wp\/v2\/comments?post=41"}],"version-history":[{"count":0,"href":"https:\/\/blogg.svenskakyrkan.se\/vandravagen\/wp-json\/wp\/v2\/posts\/41\/revisions"}],"wp:attachment":[{"href":"https:\/\/blogg.svenskakyrkan.se\/vandravagen\/wp-json\/wp\/v2\/media?parent=41"}],"wp:term":[{"taxonomy":"category","embeddable":true,"href":"https:\/\/blogg.svenskakyrkan.se\/vandravagen\/wp-json\/wp\/v2\/categories?post=41"},{"taxonomy":"post_tag","embeddable":true,"href":"https:\/\/blogg.svenskakyrkan.se\/vandravagen\/wp-json\/wp\/v2\/tags?post=41"}],"curies":[{"name":"wp","href":"https:\/\/api.w.org\/{rel}","templated":true}]}}