{"id":4101,"date":"2015-12-31T07:00:24","date_gmt":"2015-12-31T06:00:24","guid":{"rendered":"http:\/\/blogg.svenskakyrkan.se\/vandravagen\/?p=4101"},"modified":"2015-12-30T22:43:28","modified_gmt":"2015-12-30T21:43:28","slug":"5-lankar-och-en-film-till-trons-forsvar","status":"publish","type":"post","link":"https:\/\/blogg.svenskakyrkan.se\/vandravagen\/2015\/12\/31\/5-lankar-och-en-film-till-trons-forsvar\/","title":{"rendered":"5 l\u00e4nkar och en film till trons f\u00f6rsvar"},"content":{"rendered":"<div id=\"attachment_4102\" style=\"width: 818px\" class=\"wp-caption aligncenter\"><a href=\"http:\/\/blogg.svenskakyrkan.se\/vandravagen\/files\/2015\/12\/IMG_7237.jpg\"><img loading=\"lazy\" decoding=\"async\" aria-describedby=\"caption-attachment-4102\" class=\"size-full wp-image-4102\" src=\"http:\/\/blogg.svenskakyrkan.se\/vandravagen\/files\/2015\/12\/IMG_7237.jpg\" alt=\"Att f\u00f6rsvara sig mot krabbor kan man g\u00f6ra s\u00e5h\u00e4r. Ska man f\u00f6rsvara tron \u00e4r argument b\u00e4ttre. Och dikter.\" width=\"808\" height=\"1024\" srcset=\"https:\/\/blogg.svenskakyrkan.se\/vandravagen\/files\/2015\/12\/IMG_7237.jpg 808w, https:\/\/blogg.svenskakyrkan.se\/vandravagen\/files\/2015\/12\/IMG_7237-300x380.jpg 300w, https:\/\/blogg.svenskakyrkan.se\/vandravagen\/files\/2015\/12\/IMG_7237-237x300.jpg 237w\" sizes=\"auto, (max-width: 808px) 100vw, 808px\" \/><\/a><p id=\"caption-attachment-4102\" class=\"wp-caption-text\">Att f\u00f6rsvara sig mot krabbor kan man g\u00f6ra s\u00e5h\u00e4r. Ska man f\u00f6rsvara tron \u00e4r argument b\u00e4ttre. Och dikter.<\/p><\/div>\n<p>Jag latbloggar lite igen s\u00e5h\u00e4r p\u00e5 ny\u00e5rsafton men h\u00e4r \u00e4r faktiskt riktigt bra grejer. H\u00e4r \u00e4r 5 l\u00e4nkar och en film som dykt upp i mina fl\u00f6den s\u00e5h\u00e4r kring jul.<\/p>\n<p>1. <a href=\"http:\/\/ng.se\/blogg\/hej-sonja\/5-spannande-saker-som-jag-hade-missat-med-kristendomen\">5 sp\u00e4nnande saker jag hade missat med kristendomen<\/a>. Bloggaren Sonja har nyligen hittat en kristen tro och ber\u00e4ttar om sina insikter om att hon fattat mycket fel om vad\u00a0den kristna tron handlar om.<\/p>\n<p>2. <a href=\"http:\/\/www.premierchristianity.com\/Blog\/5-reasons-why-the-story-of-Christmas-is-true\">5 reasons why the story of Christmas is true<\/a>. Det blir en hel del argument hit och dit idag p\u00e5 bloggen. H\u00e4r \u00e4r en artikel om sj\u00e4lva julber\u00e4ttelsen.<\/p>\n<p>3. &#8221;<a href=\"https:\/\/malcolmguite.wordpress.com\/2013\/12\/25\/descent-a-christmas-poem-2\/\">Descent &#8211; a christmas poem<\/a>&#8221;. Jag har ju som du vet en svaghet f\u00f6r poesi och h\u00e4r en en vacker engelsk juldikt jag \u00f6nskar att jag sj\u00e4lv hade skrivit. Ska man f\u00f6rsvara tron s\u00e5 f\u00e5r man aldrig gl\u00f6mma poesin \ud83d\ude09<\/p>\n<p>4. <a href=\"http:\/\/www.expressen.se\/kultur\/vi-lever-i-efterdyningar-av-jesus-revolution\/\">Vi lever i efterdyningarna av Jesus revolution<\/a>, Joel Halldorf \u00e4r n\u00e5got s\u00e5 unikt som en teolog som h\u00e5ller sig framme i samh\u00e4llsdebatten. H\u00e4r argumenterar han f\u00f6r att kristendomens stora (och nu hotade) g\u00e5va till v\u00e4rlden \u00e4r -m\u00e4nniskov\u00e4rdet.<\/p>\n<p>5. <a href=\"http:\/\/www.dn.se\/kultur-noje\/sa-erovrade-star-wars-universum\/\">S\u00e5 er\u00f6vrade star wars universum<\/a>, kanske lite off topic att skriva om star wars men det h\u00e4r ber\u00f6r ocks\u00e5 det s\u00e4tt som star wars blivit religion p\u00e5 f\u00f6r m\u00e5nga.<\/p>\n<p>Och s\u00e5 var det dags f\u00f6r videon:<\/p>\n<p><iframe loading=\"lazy\" title=\"Stefan Gustavsson responds to Richard Dawkins&#039; &quot;five best reasons why there is no god&quot;\" width=\"500\" height=\"281\" src=\"https:\/\/www.youtube.com\/embed\/9iPEIbMVWzM?feature=oembed\" frameborder=\"0\" allow=\"accelerometer; autoplay; clipboard-write; encrypted-media; gyroscope; picture-in-picture; web-share\" referrerpolicy=\"strict-origin-when-cross-origin\" allowfullscreen><\/iframe><\/p>\n<p>I samband med Richard Dawkins sverigebes\u00f6k passar Stefan Gustavsson p\u00e5 credoakademin p\u00e5 att bem\u00f6ta dennes argument mot att tro p\u00e5 Gud. R\u00e4tt roligt och bra tycker jag.<\/p>\n<p>Idag ska jag leda en ny\u00e5rsb\u00f6n i Dalstorps kyrka \u00a0och s\u00e5 h\u00f6rs vi h\u00e4r n\u00e4sta \u00e5r d\u00e5. K\u00e4nde mig tvungen att skriva s\u00e5. T\u00f6nt som jag \u00e4r. Gott nytt \u00e5r p\u00e5 dig s\u00e5 sm\u00e5ningom i alla fall!<\/p>\n","protected":false},"excerpt":{"rendered":"<p>Jag latbloggar lite igen s\u00e5h\u00e4r p\u00e5 ny\u00e5rsafton men h\u00e4r \u00e4r faktiskt riktigt bra grejer. H\u00e4r \u00e4r 5 l\u00e4nkar och en film som dykt upp i mina fl\u00f6den s\u00e5h\u00e4r kring jul. 1. 5 sp\u00e4nnande saker jag hade missat med kristendomen. Bloggaren Sonja har nyligen hittat en kristen tro och ber\u00e4ttar om sina insikter om att hon [&hellip;]<\/p>\n","protected":false},"author":392,"featured_media":0,"comment_status":"open","ping_status":"open","sticky":false,"template":"","format":"standard","meta":{"_acf_changed":false,"footnotes":""},"categories":[76189,8313,46705],"tags":[],"class_list":["post-4101","post","type-post","status-publish","format-standard","hentry","category-dagens-kyrka","category-lankar","category-video"],"acf":[],"yoast_head":"<!-- This site is optimized with the Yoast SEO plugin v27.1.1 - https:\/\/yoast.com\/product\/yoast-seo-wordpress\/ -->\n<title>5 l\u00e4nkar och en film till trons f\u00f6rsvar - Vandra V\u00e4gen<\/title>\n<meta name=\"robots\" content=\"index, follow, max-snippet:-1, max-image-preview:large, max-video-preview:-1\" \/>\n<link rel=\"canonical\" href=\"https:\/\/blogg.svenskakyrkan.se\/vandravagen\/2015\/12\/31\/5-lankar-och-en-film-till-trons-forsvar\/\" \/>\n<meta property=\"og:locale\" content=\"sv_SE\" \/>\n<meta property=\"og:type\" content=\"article\" \/>\n<meta property=\"og:title\" content=\"5 l\u00e4nkar och en film till trons f\u00f6rsvar - Vandra V\u00e4gen\" \/>\n<meta property=\"og:description\" content=\"Jag latbloggar lite igen s\u00e5h\u00e4r p\u00e5 ny\u00e5rsafton men h\u00e4r \u00e4r faktiskt riktigt bra grejer. H\u00e4r \u00e4r 5 l\u00e4nkar och en film som dykt upp i mina fl\u00f6den s\u00e5h\u00e4r kring jul. 1. 5 sp\u00e4nnande saker jag hade missat med kristendomen. Bloggaren Sonja har nyligen hittat en kristen tro och ber\u00e4ttar om sina insikter om att hon [&hellip;]\" \/>\n<meta property=\"og:url\" content=\"https:\/\/blogg.svenskakyrkan.se\/vandravagen\/2015\/12\/31\/5-lankar-och-en-film-till-trons-forsvar\/\" \/>\n<meta property=\"og:site_name\" content=\"Vandra V\u00e4gen\" \/>\n<meta property=\"article:publisher\" content=\"http:\/\/facebook.com\/vandravagen\" \/>\n<meta property=\"article:published_time\" content=\"2015-12-31T06:00:24+00:00\" \/>\n<meta property=\"og:image\" content=\"http:\/\/blogg.svenskakyrkan.se\/vandravagen\/files\/2015\/12\/IMG_7237.jpg\" \/>\n<meta name=\"author\" content=\"Tomas Jarvid\" \/>\n<meta name=\"twitter:card\" content=\"summary_large_image\" \/>\n<meta name=\"twitter:creator\" content=\"@fadertomas\" \/>\n<meta name=\"twitter:site\" content=\"@fadertomas\" \/>\n<meta name=\"twitter:label1\" content=\"Skriven av\" \/>\n\t<meta name=\"twitter:data1\" content=\"Tomas Jarvid\" \/>\n\t<meta name=\"twitter:label2\" content=\"Ber\u00e4knad l\u00e4stid\" \/>\n\t<meta name=\"twitter:data2\" content=\"2 minuter\" \/>\n<script type=\"application\/ld+json\" class=\"yoast-schema-graph\">{\"@context\":\"https:\/\/schema.org\",\"@graph\":[{\"@type\":\"Article\",\"@id\":\"https:\/\/blogg.svenskakyrkan.se\/vandravagen\/2015\/12\/31\/5-lankar-och-en-film-till-trons-forsvar\/#article\",\"isPartOf\":{\"@id\":\"https:\/\/blogg.svenskakyrkan.se\/vandravagen\/2015\/12\/31\/5-lankar-och-en-film-till-trons-forsvar\/\"},\"author\":{\"name\":\"Tomas Jarvid\",\"@id\":\"https:\/\/blogg.svenskakyrkan.se\/vandravagen\/#\/schema\/person\/25da02d4f76b137d04291711e2c9fc16\"},\"headline\":\"5 l\u00e4nkar och en film till trons f\u00f6rsvar\",\"datePublished\":\"2015-12-31T06:00:24+00:00\",\"mainEntityOfPage\":{\"@id\":\"https:\/\/blogg.svenskakyrkan.se\/vandravagen\/2015\/12\/31\/5-lankar-och-en-film-till-trons-forsvar\/\"},\"wordCount\":359,\"commentCount\":4,\"publisher\":{\"@id\":\"https:\/\/blogg.svenskakyrkan.se\/vandravagen\/#organization\"},\"image\":{\"@id\":\"https:\/\/blogg.svenskakyrkan.se\/vandravagen\/2015\/12\/31\/5-lankar-och-en-film-till-trons-forsvar\/#primaryimage\"},\"thumbnailUrl\":\"http:\/\/blogg.svenskakyrkan.se\/vandravagen\/files\/2015\/12\/IMG_7237.jpg\",\"articleSection\":[\"Dagens Kyrka\",\"l\u00e4nkar\",\"video\"],\"inLanguage\":\"sv-SE\",\"potentialAction\":[{\"@type\":\"CommentAction\",\"name\":\"Comment\",\"target\":[\"https:\/\/blogg.svenskakyrkan.se\/vandravagen\/2015\/12\/31\/5-lankar-och-en-film-till-trons-forsvar\/#respond\"]}]},{\"@type\":\"WebPage\",\"@id\":\"https:\/\/blogg.svenskakyrkan.se\/vandravagen\/2015\/12\/31\/5-lankar-och-en-film-till-trons-forsvar\/\",\"url\":\"https:\/\/blogg.svenskakyrkan.se\/vandravagen\/2015\/12\/31\/5-lankar-och-en-film-till-trons-forsvar\/\",\"name\":\"5 l\u00e4nkar och en film till trons f\u00f6rsvar - Vandra V\u00e4gen\",\"isPartOf\":{\"@id\":\"https:\/\/blogg.svenskakyrkan.se\/vandravagen\/#website\"},\"primaryImageOfPage\":{\"@id\":\"https:\/\/blogg.svenskakyrkan.se\/vandravagen\/2015\/12\/31\/5-lankar-och-en-film-till-trons-forsvar\/#primaryimage\"},\"image\":{\"@id\":\"https:\/\/blogg.svenskakyrkan.se\/vandravagen\/2015\/12\/31\/5-lankar-och-en-film-till-trons-forsvar\/#primaryimage\"},\"thumbnailUrl\":\"http:\/\/blogg.svenskakyrkan.se\/vandravagen\/files\/2015\/12\/IMG_7237.jpg\",\"datePublished\":\"2015-12-31T06:00:24+00:00\",\"breadcrumb\":{\"@id\":\"https:\/\/blogg.svenskakyrkan.se\/vandravagen\/2015\/12\/31\/5-lankar-och-en-film-till-trons-forsvar\/#breadcrumb\"},\"inLanguage\":\"sv-SE\",\"potentialAction\":[{\"@type\":\"ReadAction\",\"target\":[\"https:\/\/blogg.svenskakyrkan.se\/vandravagen\/2015\/12\/31\/5-lankar-och-en-film-till-trons-forsvar\/\"]}]},{\"@type\":\"ImageObject\",\"inLanguage\":\"sv-SE\",\"@id\":\"https:\/\/blogg.svenskakyrkan.se\/vandravagen\/2015\/12\/31\/5-lankar-och-en-film-till-trons-forsvar\/#primaryimage\",\"url\":\"http:\/\/blogg.svenskakyrkan.se\/vandravagen\/files\/2015\/12\/IMG_7237.jpg\",\"contentUrl\":\"http:\/\/blogg.svenskakyrkan.se\/vandravagen\/files\/2015\/12\/IMG_7237.jpg\"},{\"@type\":\"BreadcrumbList\",\"@id\":\"https:\/\/blogg.svenskakyrkan.se\/vandravagen\/2015\/12\/31\/5-lankar-och-en-film-till-trons-forsvar\/#breadcrumb\",\"itemListElement\":[{\"@type\":\"ListItem\",\"position\":1,\"name\":\"Hem\",\"item\":\"https:\/\/blogg.svenskakyrkan.se\/vandravagen\/\"},{\"@type\":\"ListItem\",\"position\":2,\"name\":\"5 l\u00e4nkar och en film till trons f\u00f6rsvar\"}]},{\"@type\":\"WebSite\",\"@id\":\"https:\/\/blogg.svenskakyrkan.se\/vandravagen\/#website\",\"url\":\"https:\/\/blogg.svenskakyrkan.se\/vandravagen\/\",\"name\":\"Vandra V\u00e4gen\",\"description\":\"-Mot en tro f\u00f6r hela livet\",\"publisher\":{\"@id\":\"https:\/\/blogg.svenskakyrkan.se\/vandravagen\/#organization\"},\"potentialAction\":[{\"@type\":\"SearchAction\",\"target\":{\"@type\":\"EntryPoint\",\"urlTemplate\":\"https:\/\/blogg.svenskakyrkan.se\/vandravagen\/?s={search_term_string}\"},\"query-input\":{\"@type\":\"PropertyValueSpecification\",\"valueRequired\":true,\"valueName\":\"search_term_string\"}}],\"inLanguage\":\"sv-SE\"},{\"@type\":\"Organization\",\"@id\":\"https:\/\/blogg.svenskakyrkan.se\/vandravagen\/#organization\",\"name\":\"ulricehamns pastorat\",\"alternateName\":\"ulricehamns pastorat\",\"url\":\"https:\/\/blogg.svenskakyrkan.se\/vandravagen\/\",\"logo\":{\"@type\":\"ImageObject\",\"inLanguage\":\"sv-SE\",\"@id\":\"https:\/\/blogg.svenskakyrkan.se\/vandravagen\/#\/schema\/logo\/image\/\",\"url\":\"https:\/\/blogg.svenskakyrkan.se\/vandravagen\/files\/2023\/05\/Ulr_logo_RGB.png\",\"contentUrl\":\"https:\/\/blogg.svenskakyrkan.se\/vandravagen\/files\/2023\/05\/Ulr_logo_RGB.png\",\"width\":205,\"height\":77,\"caption\":\"ulricehamns pastorat\"},\"image\":{\"@id\":\"https:\/\/blogg.svenskakyrkan.se\/vandravagen\/#\/schema\/logo\/image\/\"},\"sameAs\":[\"http:\/\/facebook.com\/vandravagen\",\"https:\/\/x.com\/fadertomas\",\"http:\/\/www.facebook.com\/svenskakyrkaniulricehamn\"]},{\"@type\":\"Person\",\"@id\":\"https:\/\/blogg.svenskakyrkan.se\/vandravagen\/#\/schema\/person\/25da02d4f76b137d04291711e2c9fc16\",\"name\":\"Tomas Jarvid\",\"image\":{\"@type\":\"ImageObject\",\"inLanguage\":\"sv-SE\",\"@id\":\"https:\/\/blogg.svenskakyrkan.se\/vandravagen\/#\/schema\/person\/image\/\",\"url\":\"https:\/\/secure.gravatar.com\/avatar\/7fa71899795e8f540f615a1f5ab25255dc27aa40f05ee7ddd21aac521e01bf50?s=96&d=identicon&r=g\",\"contentUrl\":\"https:\/\/secure.gravatar.com\/avatar\/7fa71899795e8f540f615a1f5ab25255dc27aa40f05ee7ddd21aac521e01bf50?s=96&d=identicon&r=g\",\"caption\":\"Tomas Jarvid\"},\"description\":\"Jag bor i Ulricehamn i V\u00e4sterg\u00f6tland och \u00e4r f\u00f6rsamlingspr\u00e4st i Svenska Kyrkan f\u00f6r Dalstorps f\u00f6rsamling i Kinds pastorat. P\u00e5 den h\u00e4r bloggen skriver jag ner tankar om vandringen som kristen.\",\"sameAs\":[\"http:\/\/www.vandravagen.se\"],\"url\":\"https:\/\/blogg.svenskakyrkan.se\/vandravagen\/author\/vandravagen\/\"}]}<\/script>\n<!-- \/ Yoast SEO plugin. -->","yoast_head_json":{"title":"5 l\u00e4nkar och en film till trons f\u00f6rsvar - Vandra V\u00e4gen","robots":{"index":"index","follow":"follow","max-snippet":"max-snippet:-1","max-image-preview":"max-image-preview:large","max-video-preview":"max-video-preview:-1"},"canonical":"https:\/\/blogg.svenskakyrkan.se\/vandravagen\/2015\/12\/31\/5-lankar-och-en-film-till-trons-forsvar\/","og_locale":"sv_SE","og_type":"article","og_title":"5 l\u00e4nkar och en film till trons f\u00f6rsvar - Vandra V\u00e4gen","og_description":"Jag latbloggar lite igen s\u00e5h\u00e4r p\u00e5 ny\u00e5rsafton men h\u00e4r \u00e4r faktiskt riktigt bra grejer. H\u00e4r \u00e4r 5 l\u00e4nkar och en film som dykt upp i mina fl\u00f6den s\u00e5h\u00e4r kring jul. 1. 5 sp\u00e4nnande saker jag hade missat med kristendomen. Bloggaren Sonja har nyligen hittat en kristen tro och ber\u00e4ttar om sina insikter om att hon [&hellip;]","og_url":"https:\/\/blogg.svenskakyrkan.se\/vandravagen\/2015\/12\/31\/5-lankar-och-en-film-till-trons-forsvar\/","og_site_name":"Vandra V\u00e4gen","article_publisher":"http:\/\/facebook.com\/vandravagen","article_published_time":"2015-12-31T06:00:24+00:00","og_image":[{"url":"http:\/\/blogg.svenskakyrkan.se\/vandravagen\/files\/2015\/12\/IMG_7237.jpg","type":"","width":"","height":""}],"author":"Tomas Jarvid","twitter_card":"summary_large_image","twitter_creator":"@fadertomas","twitter_site":"@fadertomas","twitter_misc":{"Skriven av":"Tomas Jarvid","Ber\u00e4knad l\u00e4stid":"2 minuter"},"schema":{"@context":"https:\/\/schema.org","@graph":[{"@type":"Article","@id":"https:\/\/blogg.svenskakyrkan.se\/vandravagen\/2015\/12\/31\/5-lankar-och-en-film-till-trons-forsvar\/#article","isPartOf":{"@id":"https:\/\/blogg.svenskakyrkan.se\/vandravagen\/2015\/12\/31\/5-lankar-och-en-film-till-trons-forsvar\/"},"author":{"name":"Tomas Jarvid","@id":"https:\/\/blogg.svenskakyrkan.se\/vandravagen\/#\/schema\/person\/25da02d4f76b137d04291711e2c9fc16"},"headline":"5 l\u00e4nkar och en film till trons f\u00f6rsvar","datePublished":"2015-12-31T06:00:24+00:00","mainEntityOfPage":{"@id":"https:\/\/blogg.svenskakyrkan.se\/vandravagen\/2015\/12\/31\/5-lankar-och-en-film-till-trons-forsvar\/"},"wordCount":359,"commentCount":4,"publisher":{"@id":"https:\/\/blogg.svenskakyrkan.se\/vandravagen\/#organization"},"image":{"@id":"https:\/\/blogg.svenskakyrkan.se\/vandravagen\/2015\/12\/31\/5-lankar-och-en-film-till-trons-forsvar\/#primaryimage"},"thumbnailUrl":"http:\/\/blogg.svenskakyrkan.se\/vandravagen\/files\/2015\/12\/IMG_7237.jpg","articleSection":["Dagens Kyrka","l\u00e4nkar","video"],"inLanguage":"sv-SE","potentialAction":[{"@type":"CommentAction","name":"Comment","target":["https:\/\/blogg.svenskakyrkan.se\/vandravagen\/2015\/12\/31\/5-lankar-och-en-film-till-trons-forsvar\/#respond"]}]},{"@type":"WebPage","@id":"https:\/\/blogg.svenskakyrkan.se\/vandravagen\/2015\/12\/31\/5-lankar-och-en-film-till-trons-forsvar\/","url":"https:\/\/blogg.svenskakyrkan.se\/vandravagen\/2015\/12\/31\/5-lankar-och-en-film-till-trons-forsvar\/","name":"5 l\u00e4nkar och en film till trons f\u00f6rsvar - Vandra V\u00e4gen","isPartOf":{"@id":"https:\/\/blogg.svenskakyrkan.se\/vandravagen\/#website"},"primaryImageOfPage":{"@id":"https:\/\/blogg.svenskakyrkan.se\/vandravagen\/2015\/12\/31\/5-lankar-och-en-film-till-trons-forsvar\/#primaryimage"},"image":{"@id":"https:\/\/blogg.svenskakyrkan.se\/vandravagen\/2015\/12\/31\/5-lankar-och-en-film-till-trons-forsvar\/#primaryimage"},"thumbnailUrl":"http:\/\/blogg.svenskakyrkan.se\/vandravagen\/files\/2015\/12\/IMG_7237.jpg","datePublished":"2015-12-31T06:00:24+00:00","breadcrumb":{"@id":"https:\/\/blogg.svenskakyrkan.se\/vandravagen\/2015\/12\/31\/5-lankar-och-en-film-till-trons-forsvar\/#breadcrumb"},"inLanguage":"sv-SE","potentialAction":[{"@type":"ReadAction","target":["https:\/\/blogg.svenskakyrkan.se\/vandravagen\/2015\/12\/31\/5-lankar-och-en-film-till-trons-forsvar\/"]}]},{"@type":"ImageObject","inLanguage":"sv-SE","@id":"https:\/\/blogg.svenskakyrkan.se\/vandravagen\/2015\/12\/31\/5-lankar-och-en-film-till-trons-forsvar\/#primaryimage","url":"http:\/\/blogg.svenskakyrkan.se\/vandravagen\/files\/2015\/12\/IMG_7237.jpg","contentUrl":"http:\/\/blogg.svenskakyrkan.se\/vandravagen\/files\/2015\/12\/IMG_7237.jpg"},{"@type":"BreadcrumbList","@id":"https:\/\/blogg.svenskakyrkan.se\/vandravagen\/2015\/12\/31\/5-lankar-och-en-film-till-trons-forsvar\/#breadcrumb","itemListElement":[{"@type":"ListItem","position":1,"name":"Hem","item":"https:\/\/blogg.svenskakyrkan.se\/vandravagen\/"},{"@type":"ListItem","position":2,"name":"5 l\u00e4nkar och en film till trons f\u00f6rsvar"}]},{"@type":"WebSite","@id":"https:\/\/blogg.svenskakyrkan.se\/vandravagen\/#website","url":"https:\/\/blogg.svenskakyrkan.se\/vandravagen\/","name":"Vandra V\u00e4gen","description":"-Mot en tro f\u00f6r hela livet","publisher":{"@id":"https:\/\/blogg.svenskakyrkan.se\/vandravagen\/#organization"},"potentialAction":[{"@type":"SearchAction","target":{"@type":"EntryPoint","urlTemplate":"https:\/\/blogg.svenskakyrkan.se\/vandravagen\/?s={search_term_string}"},"query-input":{"@type":"PropertyValueSpecification","valueRequired":true,"valueName":"search_term_string"}}],"inLanguage":"sv-SE"},{"@type":"Organization","@id":"https:\/\/blogg.svenskakyrkan.se\/vandravagen\/#organization","name":"ulricehamns pastorat","alternateName":"ulricehamns pastorat","url":"https:\/\/blogg.svenskakyrkan.se\/vandravagen\/","logo":{"@type":"ImageObject","inLanguage":"sv-SE","@id":"https:\/\/blogg.svenskakyrkan.se\/vandravagen\/#\/schema\/logo\/image\/","url":"https:\/\/blogg.svenskakyrkan.se\/vandravagen\/files\/2023\/05\/Ulr_logo_RGB.png","contentUrl":"https:\/\/blogg.svenskakyrkan.se\/vandravagen\/files\/2023\/05\/Ulr_logo_RGB.png","width":205,"height":77,"caption":"ulricehamns pastorat"},"image":{"@id":"https:\/\/blogg.svenskakyrkan.se\/vandravagen\/#\/schema\/logo\/image\/"},"sameAs":["http:\/\/facebook.com\/vandravagen","https:\/\/x.com\/fadertomas","http:\/\/www.facebook.com\/svenskakyrkaniulricehamn"]},{"@type":"Person","@id":"https:\/\/blogg.svenskakyrkan.se\/vandravagen\/#\/schema\/person\/25da02d4f76b137d04291711e2c9fc16","name":"Tomas Jarvid","image":{"@type":"ImageObject","inLanguage":"sv-SE","@id":"https:\/\/blogg.svenskakyrkan.se\/vandravagen\/#\/schema\/person\/image\/","url":"https:\/\/secure.gravatar.com\/avatar\/7fa71899795e8f540f615a1f5ab25255dc27aa40f05ee7ddd21aac521e01bf50?s=96&d=identicon&r=g","contentUrl":"https:\/\/secure.gravatar.com\/avatar\/7fa71899795e8f540f615a1f5ab25255dc27aa40f05ee7ddd21aac521e01bf50?s=96&d=identicon&r=g","caption":"Tomas Jarvid"},"description":"Jag bor i Ulricehamn i V\u00e4sterg\u00f6tland och \u00e4r f\u00f6rsamlingspr\u00e4st i Svenska Kyrkan f\u00f6r Dalstorps f\u00f6rsamling i Kinds pastorat. P\u00e5 den h\u00e4r bloggen skriver jag ner tankar om vandringen som kristen.","sameAs":["http:\/\/www.vandravagen.se"],"url":"https:\/\/blogg.svenskakyrkan.se\/vandravagen\/author\/vandravagen\/"}]}},"author_meta":{"ID":"392","user_nicename":"vandravagen","user_url":"http:\/\/www.vandravagen.se","user_registered":"2014-05-19 05:44:52","display_name":"Tomas Jarvid","first_name":"Tomas","last_name":"Jarvid","avatar":"https:\/\/secure.gravatar.com\/avatar\/7fa71899795e8f540f615a1f5ab25255dc27aa40f05ee7ddd21aac521e01bf50?s=96&d=identicon&r=g"},"featured_image":false,"bloginfo":{"name":"Vandra V\u00e4gen","url":"https:\/\/blogg.svenskakyrkan.se\/vandravagen"},"_links":{"self":[{"href":"https:\/\/blogg.svenskakyrkan.se\/vandravagen\/wp-json\/wp\/v2\/posts\/4101","targetHints":{"allow":["GET"]}}],"collection":[{"href":"https:\/\/blogg.svenskakyrkan.se\/vandravagen\/wp-json\/wp\/v2\/posts"}],"about":[{"href":"https:\/\/blogg.svenskakyrkan.se\/vandravagen\/wp-json\/wp\/v2\/types\/post"}],"author":[{"embeddable":true,"href":"https:\/\/blogg.svenskakyrkan.se\/vandravagen\/wp-json\/wp\/v2\/users\/392"}],"replies":[{"embeddable":true,"href":"https:\/\/blogg.svenskakyrkan.se\/vandravagen\/wp-json\/wp\/v2\/comments?post=4101"}],"version-history":[{"count":1,"href":"https:\/\/blogg.svenskakyrkan.se\/vandravagen\/wp-json\/wp\/v2\/posts\/4101\/revisions"}],"predecessor-version":[{"id":4103,"href":"https:\/\/blogg.svenskakyrkan.se\/vandravagen\/wp-json\/wp\/v2\/posts\/4101\/revisions\/4103"}],"wp:attachment":[{"href":"https:\/\/blogg.svenskakyrkan.se\/vandravagen\/wp-json\/wp\/v2\/media?parent=4101"}],"wp:term":[{"taxonomy":"category","embeddable":true,"href":"https:\/\/blogg.svenskakyrkan.se\/vandravagen\/wp-json\/wp\/v2\/categories?post=4101"},{"taxonomy":"post_tag","embeddable":true,"href":"https:\/\/blogg.svenskakyrkan.se\/vandravagen\/wp-json\/wp\/v2\/tags?post=4101"}],"curies":[{"name":"wp","href":"https:\/\/api.w.org\/{rel}","templated":true}]}}