{"id":411,"date":"2013-08-11T08:34:00","date_gmt":"2013-08-11T06:34:00","guid":{"rendered":"http:\/\/blogg.svenskakyrkan.se\/vandravagen\/2013\/08\/11\/6-pridda-tankar-pa-sondagsmorgonen\/"},"modified":"2013-08-11T08:34:00","modified_gmt":"2013-08-11T06:34:00","slug":"6-pridda-tankar-pa-sondagsmorgonen","status":"publish","type":"post","link":"https:\/\/blogg.svenskakyrkan.se\/vandravagen\/2013\/08\/11\/6-pridda-tankar-pa-sondagsmorgonen\/","title":{"rendered":"6 pridda tankar p\u00e5 s\u00f6ndagsmorgonen"},"content":{"rendered":"<table align=\"center\" cellpadding=\"0\" cellspacing=\"0\">\n<tbody>\n<tr>\n<td><a href=\"http:\/\/2.bp.blogspot.com\/-Q4w0M6WM-lY\/UgcwNC9E9CI\/AAAAAAAAEvc\/UTRJ8ODThBc\/s1600\/IMG_3841.JPG\"><img loading=\"lazy\" decoding=\"async\" border=\"0\" height=\"237\" src=\"http:\/\/2.bp.blogspot.com\/-Q4w0M6WM-lY\/UgcwNC9E9CI\/AAAAAAAAEvc\/UTRJ8ODThBc\/s400\/IMG_3841.JPG\" width=\"400\"><\/a><\/td>\n<\/tr>\n<tr>\n<td>Flygande bil, mer random blir det inte. K\u00e4lla @classicpics f\u00f6rst\u00e5s&#8230;<\/td>\n<\/tr>\n<\/tbody>\n<\/table>\n<p>-Undrar om jag inte sover lite mer nuf\u00f6rtiden \u00e4nd\u00e5?<\/p>\n<p>-Ett \u00f6verlevnadstips om man sover f\u00f6r lite \u00e4r att dricka mycket vatten s\u00e5 klarar man sig hyfsat.<\/p>\n<p>-De varnade i pr\u00e4stskolan att man skulle beh\u00f6va marginaler p\u00e5 pr\u00e4stkl\u00e4derna om man skulle g\u00e5 upp mycket i vikt. Jag har nog aldrig varit s\u00e5 h\u00e4r smal.<\/p>\n<p>-Johannes d\u00f6paren sade ju om Jesus att han sj\u00e4lv skulle bli mindre och Jesus bli st\u00f6rre. D\u00e5 \u00e4r jag p\u00e5 r\u00e4tt sp\u00e5r med min negativa tillv\u00e4xt?<\/p>\n<p>-Jag tror minsann att ni har slutat ha semester och \u00e5terg\u00e5tt till bloggl\u00e4sandet?<\/p>\n<p>-Det \u00e4r ett stort projekt att g\u00e5 p\u00e5 gudstj\u00e4nst om man har sm\u00e5barn. Idag inneh\u00e5ller det att Jenny bakar scones s\u00e5 att stora lillan ska ha n\u00e5got att tugga p\u00e5 eftersom det ocks\u00e5 \u00e4r hennes mellanm\u00e5lstid.<\/p>\n<p>Vad g\u00f6r du idag?<\/p>\n","protected":false},"excerpt":{"rendered":"<p>Flygande bil, mer random blir det inte. K\u00e4lla @classicpics f\u00f6rst\u00e5s&#8230; -Undrar om jag inte sover lite mer nuf\u00f6rtiden \u00e4nd\u00e5? -Ett \u00f6verlevnadstips om man sover f\u00f6r lite \u00e4r att dricka mycket vatten s\u00e5 klarar man sig hyfsat. -De varnade i pr\u00e4stskolan att man skulle beh\u00f6va marginaler p\u00e5 pr\u00e4stkl\u00e4derna om man skulle g\u00e5 upp mycket i vikt. [&hellip;]<\/p>\n","protected":false},"author":392,"featured_media":0,"comment_status":"open","ping_status":"open","sticky":false,"template":"","format":"standard","meta":{"_acf_changed":false,"footnotes":""},"categories":[76766],"tags":[],"class_list":["post-411","post","type-post","status-publish","format-standard","hentry","category-blandat"],"acf":[],"yoast_head":"<!-- This site is optimized with the Yoast SEO plugin v27.1.1 - https:\/\/yoast.com\/product\/yoast-seo-wordpress\/ -->\n<title>6 pridda tankar p\u00e5 s\u00f6ndagsmorgonen - Vandra V\u00e4gen<\/title>\n<meta name=\"robots\" content=\"index, follow, max-snippet:-1, max-image-preview:large, max-video-preview:-1\" \/>\n<link rel=\"canonical\" href=\"https:\/\/blogg.svenskakyrkan.se\/vandravagen\/2013\/08\/11\/6-pridda-tankar-pa-sondagsmorgonen\/\" \/>\n<meta property=\"og:locale\" content=\"sv_SE\" \/>\n<meta property=\"og:type\" content=\"article\" \/>\n<meta property=\"og:title\" content=\"6 pridda tankar p\u00e5 s\u00f6ndagsmorgonen - Vandra V\u00e4gen\" \/>\n<meta property=\"og:description\" content=\"Flygande bil, mer random blir det inte. K\u00e4lla @classicpics f\u00f6rst\u00e5s&#8230; -Undrar om jag inte sover lite mer nuf\u00f6rtiden \u00e4nd\u00e5? -Ett \u00f6verlevnadstips om man sover f\u00f6r lite \u00e4r att dricka mycket vatten s\u00e5 klarar man sig hyfsat. -De varnade i pr\u00e4stskolan att man skulle beh\u00f6va marginaler p\u00e5 pr\u00e4stkl\u00e4derna om man skulle g\u00e5 upp mycket i vikt. [&hellip;]\" \/>\n<meta property=\"og:url\" content=\"https:\/\/blogg.svenskakyrkan.se\/vandravagen\/2013\/08\/11\/6-pridda-tankar-pa-sondagsmorgonen\/\" \/>\n<meta property=\"og:site_name\" content=\"Vandra V\u00e4gen\" \/>\n<meta property=\"article:publisher\" content=\"http:\/\/facebook.com\/vandravagen\" \/>\n<meta property=\"article:published_time\" content=\"2013-08-11T06:34:00+00:00\" \/>\n<meta property=\"og:image\" content=\"http:\/\/2.bp.blogspot.com\/-Q4w0M6WM-lY\/UgcwNC9E9CI\/AAAAAAAAEvc\/UTRJ8ODThBc\/s400\/IMG_3841.JPG\" \/>\n<meta name=\"author\" content=\"Tomas Jarvid\" \/>\n<meta name=\"twitter:card\" content=\"summary_large_image\" \/>\n<meta name=\"twitter:creator\" content=\"@fadertomas\" \/>\n<meta name=\"twitter:site\" content=\"@fadertomas\" \/>\n<meta name=\"twitter:label1\" content=\"Skriven av\" \/>\n\t<meta name=\"twitter:data1\" content=\"Tomas Jarvid\" \/>\n\t<meta name=\"twitter:label2\" content=\"Ber\u00e4knad l\u00e4stid\" \/>\n\t<meta name=\"twitter:data2\" content=\"1 minut\" \/>\n<script type=\"application\/ld+json\" class=\"yoast-schema-graph\">{\"@context\":\"https:\/\/schema.org\",\"@graph\":[{\"@type\":\"Article\",\"@id\":\"https:\/\/blogg.svenskakyrkan.se\/vandravagen\/2013\/08\/11\/6-pridda-tankar-pa-sondagsmorgonen\/#article\",\"isPartOf\":{\"@id\":\"https:\/\/blogg.svenskakyrkan.se\/vandravagen\/2013\/08\/11\/6-pridda-tankar-pa-sondagsmorgonen\/\"},\"author\":{\"name\":\"Tomas Jarvid\",\"@id\":\"https:\/\/blogg.svenskakyrkan.se\/vandravagen\/#\/schema\/person\/25da02d4f76b137d04291711e2c9fc16\"},\"headline\":\"6 pridda tankar p\u00e5 s\u00f6ndagsmorgonen\",\"datePublished\":\"2013-08-11T06:34:00+00:00\",\"mainEntityOfPage\":{\"@id\":\"https:\/\/blogg.svenskakyrkan.se\/vandravagen\/2013\/08\/11\/6-pridda-tankar-pa-sondagsmorgonen\/\"},\"wordCount\":171,\"commentCount\":7,\"publisher\":{\"@id\":\"https:\/\/blogg.svenskakyrkan.se\/vandravagen\/#organization\"},\"image\":{\"@id\":\"https:\/\/blogg.svenskakyrkan.se\/vandravagen\/2013\/08\/11\/6-pridda-tankar-pa-sondagsmorgonen\/#primaryimage\"},\"thumbnailUrl\":\"http:\/\/2.bp.blogspot.com\/-Q4w0M6WM-lY\/UgcwNC9E9CI\/AAAAAAAAEvc\/UTRJ8ODThBc\/s400\/IMG_3841.JPG\",\"articleSection\":[\"blandat\"],\"inLanguage\":\"sv-SE\",\"potentialAction\":[{\"@type\":\"CommentAction\",\"name\":\"Comment\",\"target\":[\"https:\/\/blogg.svenskakyrkan.se\/vandravagen\/2013\/08\/11\/6-pridda-tankar-pa-sondagsmorgonen\/#respond\"]}]},{\"@type\":\"WebPage\",\"@id\":\"https:\/\/blogg.svenskakyrkan.se\/vandravagen\/2013\/08\/11\/6-pridda-tankar-pa-sondagsmorgonen\/\",\"url\":\"https:\/\/blogg.svenskakyrkan.se\/vandravagen\/2013\/08\/11\/6-pridda-tankar-pa-sondagsmorgonen\/\",\"name\":\"6 pridda tankar p\u00e5 s\u00f6ndagsmorgonen - Vandra V\u00e4gen\",\"isPartOf\":{\"@id\":\"https:\/\/blogg.svenskakyrkan.se\/vandravagen\/#website\"},\"primaryImageOfPage\":{\"@id\":\"https:\/\/blogg.svenskakyrkan.se\/vandravagen\/2013\/08\/11\/6-pridda-tankar-pa-sondagsmorgonen\/#primaryimage\"},\"image\":{\"@id\":\"https:\/\/blogg.svenskakyrkan.se\/vandravagen\/2013\/08\/11\/6-pridda-tankar-pa-sondagsmorgonen\/#primaryimage\"},\"thumbnailUrl\":\"http:\/\/2.bp.blogspot.com\/-Q4w0M6WM-lY\/UgcwNC9E9CI\/AAAAAAAAEvc\/UTRJ8ODThBc\/s400\/IMG_3841.JPG\",\"datePublished\":\"2013-08-11T06:34:00+00:00\",\"breadcrumb\":{\"@id\":\"https:\/\/blogg.svenskakyrkan.se\/vandravagen\/2013\/08\/11\/6-pridda-tankar-pa-sondagsmorgonen\/#breadcrumb\"},\"inLanguage\":\"sv-SE\",\"potentialAction\":[{\"@type\":\"ReadAction\",\"target\":[\"https:\/\/blogg.svenskakyrkan.se\/vandravagen\/2013\/08\/11\/6-pridda-tankar-pa-sondagsmorgonen\/\"]}]},{\"@type\":\"ImageObject\",\"inLanguage\":\"sv-SE\",\"@id\":\"https:\/\/blogg.svenskakyrkan.se\/vandravagen\/2013\/08\/11\/6-pridda-tankar-pa-sondagsmorgonen\/#primaryimage\",\"url\":\"http:\/\/2.bp.blogspot.com\/-Q4w0M6WM-lY\/UgcwNC9E9CI\/AAAAAAAAEvc\/UTRJ8ODThBc\/s400\/IMG_3841.JPG\",\"contentUrl\":\"http:\/\/2.bp.blogspot.com\/-Q4w0M6WM-lY\/UgcwNC9E9CI\/AAAAAAAAEvc\/UTRJ8ODThBc\/s400\/IMG_3841.JPG\"},{\"@type\":\"BreadcrumbList\",\"@id\":\"https:\/\/blogg.svenskakyrkan.se\/vandravagen\/2013\/08\/11\/6-pridda-tankar-pa-sondagsmorgonen\/#breadcrumb\",\"itemListElement\":[{\"@type\":\"ListItem\",\"position\":1,\"name\":\"Hem\",\"item\":\"https:\/\/blogg.svenskakyrkan.se\/vandravagen\/\"},{\"@type\":\"ListItem\",\"position\":2,\"name\":\"6 pridda tankar p\u00e5 s\u00f6ndagsmorgonen\"}]},{\"@type\":\"WebSite\",\"@id\":\"https:\/\/blogg.svenskakyrkan.se\/vandravagen\/#website\",\"url\":\"https:\/\/blogg.svenskakyrkan.se\/vandravagen\/\",\"name\":\"Vandra V\u00e4gen\",\"description\":\"-Mot en tro f\u00f6r hela livet\",\"publisher\":{\"@id\":\"https:\/\/blogg.svenskakyrkan.se\/vandravagen\/#organization\"},\"potentialAction\":[{\"@type\":\"SearchAction\",\"target\":{\"@type\":\"EntryPoint\",\"urlTemplate\":\"https:\/\/blogg.svenskakyrkan.se\/vandravagen\/?s={search_term_string}\"},\"query-input\":{\"@type\":\"PropertyValueSpecification\",\"valueRequired\":true,\"valueName\":\"search_term_string\"}}],\"inLanguage\":\"sv-SE\"},{\"@type\":\"Organization\",\"@id\":\"https:\/\/blogg.svenskakyrkan.se\/vandravagen\/#organization\",\"name\":\"ulricehamns pastorat\",\"alternateName\":\"ulricehamns pastorat\",\"url\":\"https:\/\/blogg.svenskakyrkan.se\/vandravagen\/\",\"logo\":{\"@type\":\"ImageObject\",\"inLanguage\":\"sv-SE\",\"@id\":\"https:\/\/blogg.svenskakyrkan.se\/vandravagen\/#\/schema\/logo\/image\/\",\"url\":\"https:\/\/blogg.svenskakyrkan.se\/vandravagen\/files\/2023\/05\/Ulr_logo_RGB.png\",\"contentUrl\":\"https:\/\/blogg.svenskakyrkan.se\/vandravagen\/files\/2023\/05\/Ulr_logo_RGB.png\",\"width\":205,\"height\":77,\"caption\":\"ulricehamns pastorat\"},\"image\":{\"@id\":\"https:\/\/blogg.svenskakyrkan.se\/vandravagen\/#\/schema\/logo\/image\/\"},\"sameAs\":[\"http:\/\/facebook.com\/vandravagen\",\"https:\/\/x.com\/fadertomas\",\"http:\/\/www.facebook.com\/svenskakyrkaniulricehamn\"]},{\"@type\":\"Person\",\"@id\":\"https:\/\/blogg.svenskakyrkan.se\/vandravagen\/#\/schema\/person\/25da02d4f76b137d04291711e2c9fc16\",\"name\":\"Tomas Jarvid\",\"image\":{\"@type\":\"ImageObject\",\"inLanguage\":\"sv-SE\",\"@id\":\"https:\/\/blogg.svenskakyrkan.se\/vandravagen\/#\/schema\/person\/image\/\",\"url\":\"https:\/\/secure.gravatar.com\/avatar\/7fa71899795e8f540f615a1f5ab25255dc27aa40f05ee7ddd21aac521e01bf50?s=96&d=identicon&r=g\",\"contentUrl\":\"https:\/\/secure.gravatar.com\/avatar\/7fa71899795e8f540f615a1f5ab25255dc27aa40f05ee7ddd21aac521e01bf50?s=96&d=identicon&r=g\",\"caption\":\"Tomas Jarvid\"},\"description\":\"Jag bor i Ulricehamn i V\u00e4sterg\u00f6tland och \u00e4r f\u00f6rsamlingspr\u00e4st i Svenska Kyrkan f\u00f6r Dalstorps f\u00f6rsamling i Kinds pastorat. P\u00e5 den h\u00e4r bloggen skriver jag ner tankar om vandringen som kristen.\",\"sameAs\":[\"http:\/\/www.vandravagen.se\"],\"url\":\"https:\/\/blogg.svenskakyrkan.se\/vandravagen\/author\/vandravagen\/\"}]}<\/script>\n<!-- \/ Yoast SEO plugin. -->","yoast_head_json":{"title":"6 pridda tankar p\u00e5 s\u00f6ndagsmorgonen - Vandra V\u00e4gen","robots":{"index":"index","follow":"follow","max-snippet":"max-snippet:-1","max-image-preview":"max-image-preview:large","max-video-preview":"max-video-preview:-1"},"canonical":"https:\/\/blogg.svenskakyrkan.se\/vandravagen\/2013\/08\/11\/6-pridda-tankar-pa-sondagsmorgonen\/","og_locale":"sv_SE","og_type":"article","og_title":"6 pridda tankar p\u00e5 s\u00f6ndagsmorgonen - Vandra V\u00e4gen","og_description":"Flygande bil, mer random blir det inte. K\u00e4lla @classicpics f\u00f6rst\u00e5s&#8230; -Undrar om jag inte sover lite mer nuf\u00f6rtiden \u00e4nd\u00e5? -Ett \u00f6verlevnadstips om man sover f\u00f6r lite \u00e4r att dricka mycket vatten s\u00e5 klarar man sig hyfsat. -De varnade i pr\u00e4stskolan att man skulle beh\u00f6va marginaler p\u00e5 pr\u00e4stkl\u00e4derna om man skulle g\u00e5 upp mycket i vikt. [&hellip;]","og_url":"https:\/\/blogg.svenskakyrkan.se\/vandravagen\/2013\/08\/11\/6-pridda-tankar-pa-sondagsmorgonen\/","og_site_name":"Vandra V\u00e4gen","article_publisher":"http:\/\/facebook.com\/vandravagen","article_published_time":"2013-08-11T06:34:00+00:00","og_image":[{"url":"http:\/\/2.bp.blogspot.com\/-Q4w0M6WM-lY\/UgcwNC9E9CI\/AAAAAAAAEvc\/UTRJ8ODThBc\/s400\/IMG_3841.JPG","type":"","width":"","height":""}],"author":"Tomas Jarvid","twitter_card":"summary_large_image","twitter_creator":"@fadertomas","twitter_site":"@fadertomas","twitter_misc":{"Skriven av":"Tomas Jarvid","Ber\u00e4knad l\u00e4stid":"1 minut"},"schema":{"@context":"https:\/\/schema.org","@graph":[{"@type":"Article","@id":"https:\/\/blogg.svenskakyrkan.se\/vandravagen\/2013\/08\/11\/6-pridda-tankar-pa-sondagsmorgonen\/#article","isPartOf":{"@id":"https:\/\/blogg.svenskakyrkan.se\/vandravagen\/2013\/08\/11\/6-pridda-tankar-pa-sondagsmorgonen\/"},"author":{"name":"Tomas Jarvid","@id":"https:\/\/blogg.svenskakyrkan.se\/vandravagen\/#\/schema\/person\/25da02d4f76b137d04291711e2c9fc16"},"headline":"6 pridda tankar p\u00e5 s\u00f6ndagsmorgonen","datePublished":"2013-08-11T06:34:00+00:00","mainEntityOfPage":{"@id":"https:\/\/blogg.svenskakyrkan.se\/vandravagen\/2013\/08\/11\/6-pridda-tankar-pa-sondagsmorgonen\/"},"wordCount":171,"commentCount":7,"publisher":{"@id":"https:\/\/blogg.svenskakyrkan.se\/vandravagen\/#organization"},"image":{"@id":"https:\/\/blogg.svenskakyrkan.se\/vandravagen\/2013\/08\/11\/6-pridda-tankar-pa-sondagsmorgonen\/#primaryimage"},"thumbnailUrl":"http:\/\/2.bp.blogspot.com\/-Q4w0M6WM-lY\/UgcwNC9E9CI\/AAAAAAAAEvc\/UTRJ8ODThBc\/s400\/IMG_3841.JPG","articleSection":["blandat"],"inLanguage":"sv-SE","potentialAction":[{"@type":"CommentAction","name":"Comment","target":["https:\/\/blogg.svenskakyrkan.se\/vandravagen\/2013\/08\/11\/6-pridda-tankar-pa-sondagsmorgonen\/#respond"]}]},{"@type":"WebPage","@id":"https:\/\/blogg.svenskakyrkan.se\/vandravagen\/2013\/08\/11\/6-pridda-tankar-pa-sondagsmorgonen\/","url":"https:\/\/blogg.svenskakyrkan.se\/vandravagen\/2013\/08\/11\/6-pridda-tankar-pa-sondagsmorgonen\/","name":"6 pridda tankar p\u00e5 s\u00f6ndagsmorgonen - Vandra V\u00e4gen","isPartOf":{"@id":"https:\/\/blogg.svenskakyrkan.se\/vandravagen\/#website"},"primaryImageOfPage":{"@id":"https:\/\/blogg.svenskakyrkan.se\/vandravagen\/2013\/08\/11\/6-pridda-tankar-pa-sondagsmorgonen\/#primaryimage"},"image":{"@id":"https:\/\/blogg.svenskakyrkan.se\/vandravagen\/2013\/08\/11\/6-pridda-tankar-pa-sondagsmorgonen\/#primaryimage"},"thumbnailUrl":"http:\/\/2.bp.blogspot.com\/-Q4w0M6WM-lY\/UgcwNC9E9CI\/AAAAAAAAEvc\/UTRJ8ODThBc\/s400\/IMG_3841.JPG","datePublished":"2013-08-11T06:34:00+00:00","breadcrumb":{"@id":"https:\/\/blogg.svenskakyrkan.se\/vandravagen\/2013\/08\/11\/6-pridda-tankar-pa-sondagsmorgonen\/#breadcrumb"},"inLanguage":"sv-SE","potentialAction":[{"@type":"ReadAction","target":["https:\/\/blogg.svenskakyrkan.se\/vandravagen\/2013\/08\/11\/6-pridda-tankar-pa-sondagsmorgonen\/"]}]},{"@type":"ImageObject","inLanguage":"sv-SE","@id":"https:\/\/blogg.svenskakyrkan.se\/vandravagen\/2013\/08\/11\/6-pridda-tankar-pa-sondagsmorgonen\/#primaryimage","url":"http:\/\/2.bp.blogspot.com\/-Q4w0M6WM-lY\/UgcwNC9E9CI\/AAAAAAAAEvc\/UTRJ8ODThBc\/s400\/IMG_3841.JPG","contentUrl":"http:\/\/2.bp.blogspot.com\/-Q4w0M6WM-lY\/UgcwNC9E9CI\/AAAAAAAAEvc\/UTRJ8ODThBc\/s400\/IMG_3841.JPG"},{"@type":"BreadcrumbList","@id":"https:\/\/blogg.svenskakyrkan.se\/vandravagen\/2013\/08\/11\/6-pridda-tankar-pa-sondagsmorgonen\/#breadcrumb","itemListElement":[{"@type":"ListItem","position":1,"name":"Hem","item":"https:\/\/blogg.svenskakyrkan.se\/vandravagen\/"},{"@type":"ListItem","position":2,"name":"6 pridda tankar p\u00e5 s\u00f6ndagsmorgonen"}]},{"@type":"WebSite","@id":"https:\/\/blogg.svenskakyrkan.se\/vandravagen\/#website","url":"https:\/\/blogg.svenskakyrkan.se\/vandravagen\/","name":"Vandra V\u00e4gen","description":"-Mot en tro f\u00f6r hela livet","publisher":{"@id":"https:\/\/blogg.svenskakyrkan.se\/vandravagen\/#organization"},"potentialAction":[{"@type":"SearchAction","target":{"@type":"EntryPoint","urlTemplate":"https:\/\/blogg.svenskakyrkan.se\/vandravagen\/?s={search_term_string}"},"query-input":{"@type":"PropertyValueSpecification","valueRequired":true,"valueName":"search_term_string"}}],"inLanguage":"sv-SE"},{"@type":"Organization","@id":"https:\/\/blogg.svenskakyrkan.se\/vandravagen\/#organization","name":"ulricehamns pastorat","alternateName":"ulricehamns pastorat","url":"https:\/\/blogg.svenskakyrkan.se\/vandravagen\/","logo":{"@type":"ImageObject","inLanguage":"sv-SE","@id":"https:\/\/blogg.svenskakyrkan.se\/vandravagen\/#\/schema\/logo\/image\/","url":"https:\/\/blogg.svenskakyrkan.se\/vandravagen\/files\/2023\/05\/Ulr_logo_RGB.png","contentUrl":"https:\/\/blogg.svenskakyrkan.se\/vandravagen\/files\/2023\/05\/Ulr_logo_RGB.png","width":205,"height":77,"caption":"ulricehamns pastorat"},"image":{"@id":"https:\/\/blogg.svenskakyrkan.se\/vandravagen\/#\/schema\/logo\/image\/"},"sameAs":["http:\/\/facebook.com\/vandravagen","https:\/\/x.com\/fadertomas","http:\/\/www.facebook.com\/svenskakyrkaniulricehamn"]},{"@type":"Person","@id":"https:\/\/blogg.svenskakyrkan.se\/vandravagen\/#\/schema\/person\/25da02d4f76b137d04291711e2c9fc16","name":"Tomas Jarvid","image":{"@type":"ImageObject","inLanguage":"sv-SE","@id":"https:\/\/blogg.svenskakyrkan.se\/vandravagen\/#\/schema\/person\/image\/","url":"https:\/\/secure.gravatar.com\/avatar\/7fa71899795e8f540f615a1f5ab25255dc27aa40f05ee7ddd21aac521e01bf50?s=96&d=identicon&r=g","contentUrl":"https:\/\/secure.gravatar.com\/avatar\/7fa71899795e8f540f615a1f5ab25255dc27aa40f05ee7ddd21aac521e01bf50?s=96&d=identicon&r=g","caption":"Tomas Jarvid"},"description":"Jag bor i Ulricehamn i V\u00e4sterg\u00f6tland och \u00e4r f\u00f6rsamlingspr\u00e4st i Svenska Kyrkan f\u00f6r Dalstorps f\u00f6rsamling i Kinds pastorat. P\u00e5 den h\u00e4r bloggen skriver jag ner tankar om vandringen som kristen.","sameAs":["http:\/\/www.vandravagen.se"],"url":"https:\/\/blogg.svenskakyrkan.se\/vandravagen\/author\/vandravagen\/"}]}},"author_meta":{"ID":"392","user_nicename":"vandravagen","user_url":"http:\/\/www.vandravagen.se","user_registered":"2014-05-19 05:44:52","display_name":"Tomas Jarvid","first_name":"Tomas","last_name":"Jarvid","avatar":"https:\/\/secure.gravatar.com\/avatar\/7fa71899795e8f540f615a1f5ab25255dc27aa40f05ee7ddd21aac521e01bf50?s=96&d=identicon&r=g"},"featured_image":false,"bloginfo":{"name":"Vandra V\u00e4gen","url":"https:\/\/blogg.svenskakyrkan.se\/vandravagen"},"_links":{"self":[{"href":"https:\/\/blogg.svenskakyrkan.se\/vandravagen\/wp-json\/wp\/v2\/posts\/411","targetHints":{"allow":["GET"]}}],"collection":[{"href":"https:\/\/blogg.svenskakyrkan.se\/vandravagen\/wp-json\/wp\/v2\/posts"}],"about":[{"href":"https:\/\/blogg.svenskakyrkan.se\/vandravagen\/wp-json\/wp\/v2\/types\/post"}],"author":[{"embeddable":true,"href":"https:\/\/blogg.svenskakyrkan.se\/vandravagen\/wp-json\/wp\/v2\/users\/392"}],"replies":[{"embeddable":true,"href":"https:\/\/blogg.svenskakyrkan.se\/vandravagen\/wp-json\/wp\/v2\/comments?post=411"}],"version-history":[{"count":0,"href":"https:\/\/blogg.svenskakyrkan.se\/vandravagen\/wp-json\/wp\/v2\/posts\/411\/revisions"}],"wp:attachment":[{"href":"https:\/\/blogg.svenskakyrkan.se\/vandravagen\/wp-json\/wp\/v2\/media?parent=411"}],"wp:term":[{"taxonomy":"category","embeddable":true,"href":"https:\/\/blogg.svenskakyrkan.se\/vandravagen\/wp-json\/wp\/v2\/categories?post=411"},{"taxonomy":"post_tag","embeddable":true,"href":"https:\/\/blogg.svenskakyrkan.se\/vandravagen\/wp-json\/wp\/v2\/tags?post=411"}],"curies":[{"name":"wp","href":"https:\/\/api.w.org\/{rel}","templated":true}]}}