{"id":412,"date":"2013-08-10T18:00:00","date_gmt":"2013-08-10T16:00:00","guid":{"rendered":"http:\/\/blogg.svenskakyrkan.se\/vandravagen\/2013\/08\/10\/vad-forestaller-bilden-del-xxii\/"},"modified":"2013-08-10T18:00:00","modified_gmt":"2013-08-10T16:00:00","slug":"vad-forestaller-bilden-del-xxii","status":"publish","type":"post","link":"https:\/\/blogg.svenskakyrkan.se\/vandravagen\/2013\/08\/10\/vad-forestaller-bilden-del-xxii\/","title":{"rendered":"Vad f\u00f6rest\u00e4ller bilden del XXII"},"content":{"rendered":"<div><a href=\"http:\/\/3.bp.blogspot.com\/-QZn8nwRvwZ8\/UgXjS3LsEbI\/AAAAAAAAEvE\/Mi12KJlq7c0\/s1600\/IMG_3549.jpg\"><img loading=\"lazy\" decoding=\"async\" border=\"0\" height=\"400\" src=\"http:\/\/3.bp.blogspot.com\/-QZn8nwRvwZ8\/UgXjS3LsEbI\/AAAAAAAAEvE\/Mi12KJlq7c0\/s400\/IMG_3549.jpg\" width=\"300\"><\/a><\/div>\n<div><\/div>\n<div>M\u00e5nga har svarat r\u00e4tt p\u00e5 f\u00f6rra bildg\u00e5tan. Det \u00e4r ett av de mer v\u00e4lg\u00f6mda f\u00f6nstren i Taiz\u00e9s kyrka och finns nere i kryptan. Thomas, M\u00e5ns och Rosa vet jag har svarat r\u00e4tt. Bra det. Bilden f\u00f6rest\u00e4ller Abraham och Isak.\u00a0<\/div>\n<div><\/div>\n<div>Abraham hade efter otroligt l\u00e5ng v\u00e4ntan f\u00e5tt en son tillsammans med sin Sara. D\u00e5 fick han bud fr\u00e5n Herren att han skulle offra sin son vilket Abraham var beredd att g\u00f6ra. Gud stoppade honom dock i sista stund efter att ha sett att han t\u00e4nkte lyda. Ist\u00e4llet offrade Abraham en bagge.<\/div>\n<div><\/div>\n<div>Bibeltexten kvalar in p\u00e5 topplistan \u00f6ver de sv\u00e5raste bibeltexterna att f\u00f6rh\u00e5lla sig till. Vad ger det f\u00f6r intryck av Gud egentligen? M\u00f6jligen kan man se det ihop med det faktum att Gud l\u00e5ngt senare visar sig vara den som offrar sin son (=sig sj\u00e4lv) f\u00f6r att sona m\u00e4nsklighetens synder och \u00e5terst\u00e4lla den goda skapelsen?<\/div>\n<div><\/div>\n<div><\/div>\n<div><\/div>\n<div>&#8212;&#8212;-<\/div>\n<div>Dags f\u00f6r den sista av mina (Simons) Taiz\u00e9bilder. Den h\u00e4r hade jag l\u00e4nge p\u00e5 v\u00e4ggen hemma. Vad f\u00f6rest\u00e4ller den?<\/div>\n<div><\/div>\n<div><\/div>\n<div><a href=\"http:\/\/4.bp.blogspot.com\/-L1z24ydLthY\/UgXjSwy1EhI\/AAAAAAAAEvI\/F70dYwhKK7U\/s1600\/IMG_3548.jpg\"><img loading=\"lazy\" decoding=\"async\" border=\"0\" height=\"630\" src=\"http:\/\/4.bp.blogspot.com\/-L1z24ydLthY\/UgXjSwy1EhI\/AAAAAAAAEvI\/F70dYwhKK7U\/s640\/IMG_3548.jpg\" width=\"640\"><\/a><\/div>\n<div><\/div>\n<div><\/div>\n<\/p>\n<div><\/div><\/p>\n","protected":false},"excerpt":{"rendered":"<p>M\u00e5nga har svarat r\u00e4tt p\u00e5 f\u00f6rra bildg\u00e5tan. Det \u00e4r ett av de mer v\u00e4lg\u00f6mda f\u00f6nstren i Taiz\u00e9s kyrka och finns nere i kryptan. Thomas, M\u00e5ns och Rosa vet jag har svarat r\u00e4tt. Bra det. Bilden f\u00f6rest\u00e4ller Abraham och Isak.\u00a0 Abraham hade efter otroligt l\u00e5ng v\u00e4ntan f\u00e5tt en son tillsammans med sin Sara. D\u00e5 fick han [&hellip;]<\/p>\n","protected":false},"author":392,"featured_media":0,"comment_status":"open","ping_status":"open","sticky":false,"template":"","format":"standard","meta":{"_acf_changed":false,"footnotes":""},"categories":[79126],"tags":[],"class_list":["post-412","post","type-post","status-publish","format-standard","hentry","category-bildgatan"],"acf":[],"yoast_head":"<!-- This site is optimized with the Yoast SEO plugin v27.1.1 - https:\/\/yoast.com\/product\/yoast-seo-wordpress\/ -->\n<title>Vad f\u00f6rest\u00e4ller bilden del XXII - Vandra V\u00e4gen<\/title>\n<meta name=\"robots\" content=\"index, follow, max-snippet:-1, max-image-preview:large, max-video-preview:-1\" \/>\n<link rel=\"canonical\" href=\"https:\/\/blogg.svenskakyrkan.se\/vandravagen\/2013\/08\/10\/vad-forestaller-bilden-del-xxii\/\" \/>\n<meta property=\"og:locale\" content=\"sv_SE\" \/>\n<meta property=\"og:type\" content=\"article\" \/>\n<meta property=\"og:title\" content=\"Vad f\u00f6rest\u00e4ller bilden del XXII - Vandra V\u00e4gen\" \/>\n<meta property=\"og:description\" content=\"M\u00e5nga har svarat r\u00e4tt p\u00e5 f\u00f6rra bildg\u00e5tan. Det \u00e4r ett av de mer v\u00e4lg\u00f6mda f\u00f6nstren i Taiz\u00e9s kyrka och finns nere i kryptan. Thomas, M\u00e5ns och Rosa vet jag har svarat r\u00e4tt. Bra det. Bilden f\u00f6rest\u00e4ller Abraham och Isak.\u00a0 Abraham hade efter otroligt l\u00e5ng v\u00e4ntan f\u00e5tt en son tillsammans med sin Sara. D\u00e5 fick han [&hellip;]\" \/>\n<meta property=\"og:url\" content=\"https:\/\/blogg.svenskakyrkan.se\/vandravagen\/2013\/08\/10\/vad-forestaller-bilden-del-xxii\/\" \/>\n<meta property=\"og:site_name\" content=\"Vandra V\u00e4gen\" \/>\n<meta property=\"article:publisher\" content=\"http:\/\/facebook.com\/vandravagen\" \/>\n<meta property=\"article:published_time\" content=\"2013-08-10T16:00:00+00:00\" \/>\n<meta property=\"og:image\" content=\"http:\/\/3.bp.blogspot.com\/-QZn8nwRvwZ8\/UgXjS3LsEbI\/AAAAAAAAEvE\/Mi12KJlq7c0\/s400\/IMG_3549.jpg\" \/>\n<meta name=\"author\" content=\"Tomas Jarvid\" \/>\n<meta name=\"twitter:card\" content=\"summary_large_image\" \/>\n<meta name=\"twitter:creator\" content=\"@fadertomas\" \/>\n<meta name=\"twitter:site\" content=\"@fadertomas\" \/>\n<meta name=\"twitter:label1\" content=\"Skriven av\" \/>\n\t<meta name=\"twitter:data1\" content=\"Tomas Jarvid\" \/>\n\t<meta name=\"twitter:label2\" content=\"Ber\u00e4knad l\u00e4stid\" \/>\n\t<meta name=\"twitter:data2\" content=\"1 minut\" \/>\n<script type=\"application\/ld+json\" class=\"yoast-schema-graph\">{\"@context\":\"https:\/\/schema.org\",\"@graph\":[{\"@type\":\"Article\",\"@id\":\"https:\/\/blogg.svenskakyrkan.se\/vandravagen\/2013\/08\/10\/vad-forestaller-bilden-del-xxii\/#article\",\"isPartOf\":{\"@id\":\"https:\/\/blogg.svenskakyrkan.se\/vandravagen\/2013\/08\/10\/vad-forestaller-bilden-del-xxii\/\"},\"author\":{\"name\":\"Tomas Jarvid\",\"@id\":\"https:\/\/blogg.svenskakyrkan.se\/vandravagen\/#\/schema\/person\/25da02d4f76b137d04291711e2c9fc16\"},\"headline\":\"Vad f\u00f6rest\u00e4ller bilden del XXII\",\"datePublished\":\"2013-08-10T16:00:00+00:00\",\"mainEntityOfPage\":{\"@id\":\"https:\/\/blogg.svenskakyrkan.se\/vandravagen\/2013\/08\/10\/vad-forestaller-bilden-del-xxii\/\"},\"wordCount\":207,\"commentCount\":2,\"publisher\":{\"@id\":\"https:\/\/blogg.svenskakyrkan.se\/vandravagen\/#organization\"},\"image\":{\"@id\":\"https:\/\/blogg.svenskakyrkan.se\/vandravagen\/2013\/08\/10\/vad-forestaller-bilden-del-xxii\/#primaryimage\"},\"thumbnailUrl\":\"http:\/\/3.bp.blogspot.com\/-QZn8nwRvwZ8\/UgXjS3LsEbI\/AAAAAAAAEvE\/Mi12KJlq7c0\/s400\/IMG_3549.jpg\",\"articleSection\":[\"bildg\u00e5tan\"],\"inLanguage\":\"sv-SE\",\"potentialAction\":[{\"@type\":\"CommentAction\",\"name\":\"Comment\",\"target\":[\"https:\/\/blogg.svenskakyrkan.se\/vandravagen\/2013\/08\/10\/vad-forestaller-bilden-del-xxii\/#respond\"]}]},{\"@type\":\"WebPage\",\"@id\":\"https:\/\/blogg.svenskakyrkan.se\/vandravagen\/2013\/08\/10\/vad-forestaller-bilden-del-xxii\/\",\"url\":\"https:\/\/blogg.svenskakyrkan.se\/vandravagen\/2013\/08\/10\/vad-forestaller-bilden-del-xxii\/\",\"name\":\"Vad f\u00f6rest\u00e4ller bilden del XXII - Vandra V\u00e4gen\",\"isPartOf\":{\"@id\":\"https:\/\/blogg.svenskakyrkan.se\/vandravagen\/#website\"},\"primaryImageOfPage\":{\"@id\":\"https:\/\/blogg.svenskakyrkan.se\/vandravagen\/2013\/08\/10\/vad-forestaller-bilden-del-xxii\/#primaryimage\"},\"image\":{\"@id\":\"https:\/\/blogg.svenskakyrkan.se\/vandravagen\/2013\/08\/10\/vad-forestaller-bilden-del-xxii\/#primaryimage\"},\"thumbnailUrl\":\"http:\/\/3.bp.blogspot.com\/-QZn8nwRvwZ8\/UgXjS3LsEbI\/AAAAAAAAEvE\/Mi12KJlq7c0\/s400\/IMG_3549.jpg\",\"datePublished\":\"2013-08-10T16:00:00+00:00\",\"breadcrumb\":{\"@id\":\"https:\/\/blogg.svenskakyrkan.se\/vandravagen\/2013\/08\/10\/vad-forestaller-bilden-del-xxii\/#breadcrumb\"},\"inLanguage\":\"sv-SE\",\"potentialAction\":[{\"@type\":\"ReadAction\",\"target\":[\"https:\/\/blogg.svenskakyrkan.se\/vandravagen\/2013\/08\/10\/vad-forestaller-bilden-del-xxii\/\"]}]},{\"@type\":\"ImageObject\",\"inLanguage\":\"sv-SE\",\"@id\":\"https:\/\/blogg.svenskakyrkan.se\/vandravagen\/2013\/08\/10\/vad-forestaller-bilden-del-xxii\/#primaryimage\",\"url\":\"http:\/\/3.bp.blogspot.com\/-QZn8nwRvwZ8\/UgXjS3LsEbI\/AAAAAAAAEvE\/Mi12KJlq7c0\/s400\/IMG_3549.jpg\",\"contentUrl\":\"http:\/\/3.bp.blogspot.com\/-QZn8nwRvwZ8\/UgXjS3LsEbI\/AAAAAAAAEvE\/Mi12KJlq7c0\/s400\/IMG_3549.jpg\"},{\"@type\":\"BreadcrumbList\",\"@id\":\"https:\/\/blogg.svenskakyrkan.se\/vandravagen\/2013\/08\/10\/vad-forestaller-bilden-del-xxii\/#breadcrumb\",\"itemListElement\":[{\"@type\":\"ListItem\",\"position\":1,\"name\":\"Hem\",\"item\":\"https:\/\/blogg.svenskakyrkan.se\/vandravagen\/\"},{\"@type\":\"ListItem\",\"position\":2,\"name\":\"Vad f\u00f6rest\u00e4ller bilden del XXII\"}]},{\"@type\":\"WebSite\",\"@id\":\"https:\/\/blogg.svenskakyrkan.se\/vandravagen\/#website\",\"url\":\"https:\/\/blogg.svenskakyrkan.se\/vandravagen\/\",\"name\":\"Vandra V\u00e4gen\",\"description\":\"-Mot en tro f\u00f6r hela livet\",\"publisher\":{\"@id\":\"https:\/\/blogg.svenskakyrkan.se\/vandravagen\/#organization\"},\"potentialAction\":[{\"@type\":\"SearchAction\",\"target\":{\"@type\":\"EntryPoint\",\"urlTemplate\":\"https:\/\/blogg.svenskakyrkan.se\/vandravagen\/?s={search_term_string}\"},\"query-input\":{\"@type\":\"PropertyValueSpecification\",\"valueRequired\":true,\"valueName\":\"search_term_string\"}}],\"inLanguage\":\"sv-SE\"},{\"@type\":\"Organization\",\"@id\":\"https:\/\/blogg.svenskakyrkan.se\/vandravagen\/#organization\",\"name\":\"ulricehamns pastorat\",\"alternateName\":\"ulricehamns pastorat\",\"url\":\"https:\/\/blogg.svenskakyrkan.se\/vandravagen\/\",\"logo\":{\"@type\":\"ImageObject\",\"inLanguage\":\"sv-SE\",\"@id\":\"https:\/\/blogg.svenskakyrkan.se\/vandravagen\/#\/schema\/logo\/image\/\",\"url\":\"https:\/\/blogg.svenskakyrkan.se\/vandravagen\/files\/2023\/05\/Ulr_logo_RGB.png\",\"contentUrl\":\"https:\/\/blogg.svenskakyrkan.se\/vandravagen\/files\/2023\/05\/Ulr_logo_RGB.png\",\"width\":205,\"height\":77,\"caption\":\"ulricehamns pastorat\"},\"image\":{\"@id\":\"https:\/\/blogg.svenskakyrkan.se\/vandravagen\/#\/schema\/logo\/image\/\"},\"sameAs\":[\"http:\/\/facebook.com\/vandravagen\",\"https:\/\/x.com\/fadertomas\",\"http:\/\/www.facebook.com\/svenskakyrkaniulricehamn\"]},{\"@type\":\"Person\",\"@id\":\"https:\/\/blogg.svenskakyrkan.se\/vandravagen\/#\/schema\/person\/25da02d4f76b137d04291711e2c9fc16\",\"name\":\"Tomas Jarvid\",\"image\":{\"@type\":\"ImageObject\",\"inLanguage\":\"sv-SE\",\"@id\":\"https:\/\/blogg.svenskakyrkan.se\/vandravagen\/#\/schema\/person\/image\/\",\"url\":\"https:\/\/secure.gravatar.com\/avatar\/7fa71899795e8f540f615a1f5ab25255dc27aa40f05ee7ddd21aac521e01bf50?s=96&d=identicon&r=g\",\"contentUrl\":\"https:\/\/secure.gravatar.com\/avatar\/7fa71899795e8f540f615a1f5ab25255dc27aa40f05ee7ddd21aac521e01bf50?s=96&d=identicon&r=g\",\"caption\":\"Tomas Jarvid\"},\"description\":\"Jag bor i Ulricehamn i V\u00e4sterg\u00f6tland och \u00e4r f\u00f6rsamlingspr\u00e4st i Svenska Kyrkan f\u00f6r Dalstorps f\u00f6rsamling i Kinds pastorat. P\u00e5 den h\u00e4r bloggen skriver jag ner tankar om vandringen som kristen.\",\"sameAs\":[\"http:\/\/www.vandravagen.se\"],\"url\":\"https:\/\/blogg.svenskakyrkan.se\/vandravagen\/author\/vandravagen\/\"}]}<\/script>\n<!-- \/ Yoast SEO plugin. -->","yoast_head_json":{"title":"Vad f\u00f6rest\u00e4ller bilden del XXII - Vandra V\u00e4gen","robots":{"index":"index","follow":"follow","max-snippet":"max-snippet:-1","max-image-preview":"max-image-preview:large","max-video-preview":"max-video-preview:-1"},"canonical":"https:\/\/blogg.svenskakyrkan.se\/vandravagen\/2013\/08\/10\/vad-forestaller-bilden-del-xxii\/","og_locale":"sv_SE","og_type":"article","og_title":"Vad f\u00f6rest\u00e4ller bilden del XXII - Vandra V\u00e4gen","og_description":"M\u00e5nga har svarat r\u00e4tt p\u00e5 f\u00f6rra bildg\u00e5tan. Det \u00e4r ett av de mer v\u00e4lg\u00f6mda f\u00f6nstren i Taiz\u00e9s kyrka och finns nere i kryptan. Thomas, M\u00e5ns och Rosa vet jag har svarat r\u00e4tt. Bra det. Bilden f\u00f6rest\u00e4ller Abraham och Isak.\u00a0 Abraham hade efter otroligt l\u00e5ng v\u00e4ntan f\u00e5tt en son tillsammans med sin Sara. D\u00e5 fick han [&hellip;]","og_url":"https:\/\/blogg.svenskakyrkan.se\/vandravagen\/2013\/08\/10\/vad-forestaller-bilden-del-xxii\/","og_site_name":"Vandra V\u00e4gen","article_publisher":"http:\/\/facebook.com\/vandravagen","article_published_time":"2013-08-10T16:00:00+00:00","og_image":[{"url":"http:\/\/3.bp.blogspot.com\/-QZn8nwRvwZ8\/UgXjS3LsEbI\/AAAAAAAAEvE\/Mi12KJlq7c0\/s400\/IMG_3549.jpg","type":"","width":"","height":""}],"author":"Tomas Jarvid","twitter_card":"summary_large_image","twitter_creator":"@fadertomas","twitter_site":"@fadertomas","twitter_misc":{"Skriven av":"Tomas Jarvid","Ber\u00e4knad l\u00e4stid":"1 minut"},"schema":{"@context":"https:\/\/schema.org","@graph":[{"@type":"Article","@id":"https:\/\/blogg.svenskakyrkan.se\/vandravagen\/2013\/08\/10\/vad-forestaller-bilden-del-xxii\/#article","isPartOf":{"@id":"https:\/\/blogg.svenskakyrkan.se\/vandravagen\/2013\/08\/10\/vad-forestaller-bilden-del-xxii\/"},"author":{"name":"Tomas Jarvid","@id":"https:\/\/blogg.svenskakyrkan.se\/vandravagen\/#\/schema\/person\/25da02d4f76b137d04291711e2c9fc16"},"headline":"Vad f\u00f6rest\u00e4ller bilden del XXII","datePublished":"2013-08-10T16:00:00+00:00","mainEntityOfPage":{"@id":"https:\/\/blogg.svenskakyrkan.se\/vandravagen\/2013\/08\/10\/vad-forestaller-bilden-del-xxii\/"},"wordCount":207,"commentCount":2,"publisher":{"@id":"https:\/\/blogg.svenskakyrkan.se\/vandravagen\/#organization"},"image":{"@id":"https:\/\/blogg.svenskakyrkan.se\/vandravagen\/2013\/08\/10\/vad-forestaller-bilden-del-xxii\/#primaryimage"},"thumbnailUrl":"http:\/\/3.bp.blogspot.com\/-QZn8nwRvwZ8\/UgXjS3LsEbI\/AAAAAAAAEvE\/Mi12KJlq7c0\/s400\/IMG_3549.jpg","articleSection":["bildg\u00e5tan"],"inLanguage":"sv-SE","potentialAction":[{"@type":"CommentAction","name":"Comment","target":["https:\/\/blogg.svenskakyrkan.se\/vandravagen\/2013\/08\/10\/vad-forestaller-bilden-del-xxii\/#respond"]}]},{"@type":"WebPage","@id":"https:\/\/blogg.svenskakyrkan.se\/vandravagen\/2013\/08\/10\/vad-forestaller-bilden-del-xxii\/","url":"https:\/\/blogg.svenskakyrkan.se\/vandravagen\/2013\/08\/10\/vad-forestaller-bilden-del-xxii\/","name":"Vad f\u00f6rest\u00e4ller bilden del XXII - Vandra V\u00e4gen","isPartOf":{"@id":"https:\/\/blogg.svenskakyrkan.se\/vandravagen\/#website"},"primaryImageOfPage":{"@id":"https:\/\/blogg.svenskakyrkan.se\/vandravagen\/2013\/08\/10\/vad-forestaller-bilden-del-xxii\/#primaryimage"},"image":{"@id":"https:\/\/blogg.svenskakyrkan.se\/vandravagen\/2013\/08\/10\/vad-forestaller-bilden-del-xxii\/#primaryimage"},"thumbnailUrl":"http:\/\/3.bp.blogspot.com\/-QZn8nwRvwZ8\/UgXjS3LsEbI\/AAAAAAAAEvE\/Mi12KJlq7c0\/s400\/IMG_3549.jpg","datePublished":"2013-08-10T16:00:00+00:00","breadcrumb":{"@id":"https:\/\/blogg.svenskakyrkan.se\/vandravagen\/2013\/08\/10\/vad-forestaller-bilden-del-xxii\/#breadcrumb"},"inLanguage":"sv-SE","potentialAction":[{"@type":"ReadAction","target":["https:\/\/blogg.svenskakyrkan.se\/vandravagen\/2013\/08\/10\/vad-forestaller-bilden-del-xxii\/"]}]},{"@type":"ImageObject","inLanguage":"sv-SE","@id":"https:\/\/blogg.svenskakyrkan.se\/vandravagen\/2013\/08\/10\/vad-forestaller-bilden-del-xxii\/#primaryimage","url":"http:\/\/3.bp.blogspot.com\/-QZn8nwRvwZ8\/UgXjS3LsEbI\/AAAAAAAAEvE\/Mi12KJlq7c0\/s400\/IMG_3549.jpg","contentUrl":"http:\/\/3.bp.blogspot.com\/-QZn8nwRvwZ8\/UgXjS3LsEbI\/AAAAAAAAEvE\/Mi12KJlq7c0\/s400\/IMG_3549.jpg"},{"@type":"BreadcrumbList","@id":"https:\/\/blogg.svenskakyrkan.se\/vandravagen\/2013\/08\/10\/vad-forestaller-bilden-del-xxii\/#breadcrumb","itemListElement":[{"@type":"ListItem","position":1,"name":"Hem","item":"https:\/\/blogg.svenskakyrkan.se\/vandravagen\/"},{"@type":"ListItem","position":2,"name":"Vad f\u00f6rest\u00e4ller bilden del XXII"}]},{"@type":"WebSite","@id":"https:\/\/blogg.svenskakyrkan.se\/vandravagen\/#website","url":"https:\/\/blogg.svenskakyrkan.se\/vandravagen\/","name":"Vandra V\u00e4gen","description":"-Mot en tro f\u00f6r hela livet","publisher":{"@id":"https:\/\/blogg.svenskakyrkan.se\/vandravagen\/#organization"},"potentialAction":[{"@type":"SearchAction","target":{"@type":"EntryPoint","urlTemplate":"https:\/\/blogg.svenskakyrkan.se\/vandravagen\/?s={search_term_string}"},"query-input":{"@type":"PropertyValueSpecification","valueRequired":true,"valueName":"search_term_string"}}],"inLanguage":"sv-SE"},{"@type":"Organization","@id":"https:\/\/blogg.svenskakyrkan.se\/vandravagen\/#organization","name":"ulricehamns pastorat","alternateName":"ulricehamns pastorat","url":"https:\/\/blogg.svenskakyrkan.se\/vandravagen\/","logo":{"@type":"ImageObject","inLanguage":"sv-SE","@id":"https:\/\/blogg.svenskakyrkan.se\/vandravagen\/#\/schema\/logo\/image\/","url":"https:\/\/blogg.svenskakyrkan.se\/vandravagen\/files\/2023\/05\/Ulr_logo_RGB.png","contentUrl":"https:\/\/blogg.svenskakyrkan.se\/vandravagen\/files\/2023\/05\/Ulr_logo_RGB.png","width":205,"height":77,"caption":"ulricehamns pastorat"},"image":{"@id":"https:\/\/blogg.svenskakyrkan.se\/vandravagen\/#\/schema\/logo\/image\/"},"sameAs":["http:\/\/facebook.com\/vandravagen","https:\/\/x.com\/fadertomas","http:\/\/www.facebook.com\/svenskakyrkaniulricehamn"]},{"@type":"Person","@id":"https:\/\/blogg.svenskakyrkan.se\/vandravagen\/#\/schema\/person\/25da02d4f76b137d04291711e2c9fc16","name":"Tomas Jarvid","image":{"@type":"ImageObject","inLanguage":"sv-SE","@id":"https:\/\/blogg.svenskakyrkan.se\/vandravagen\/#\/schema\/person\/image\/","url":"https:\/\/secure.gravatar.com\/avatar\/7fa71899795e8f540f615a1f5ab25255dc27aa40f05ee7ddd21aac521e01bf50?s=96&d=identicon&r=g","contentUrl":"https:\/\/secure.gravatar.com\/avatar\/7fa71899795e8f540f615a1f5ab25255dc27aa40f05ee7ddd21aac521e01bf50?s=96&d=identicon&r=g","caption":"Tomas Jarvid"},"description":"Jag bor i Ulricehamn i V\u00e4sterg\u00f6tland och \u00e4r f\u00f6rsamlingspr\u00e4st i Svenska Kyrkan f\u00f6r Dalstorps f\u00f6rsamling i Kinds pastorat. P\u00e5 den h\u00e4r bloggen skriver jag ner tankar om vandringen som kristen.","sameAs":["http:\/\/www.vandravagen.se"],"url":"https:\/\/blogg.svenskakyrkan.se\/vandravagen\/author\/vandravagen\/"}]}},"author_meta":{"ID":"392","user_nicename":"vandravagen","user_url":"http:\/\/www.vandravagen.se","user_registered":"2014-05-19 05:44:52","display_name":"Tomas Jarvid","first_name":"Tomas","last_name":"Jarvid","avatar":"https:\/\/secure.gravatar.com\/avatar\/7fa71899795e8f540f615a1f5ab25255dc27aa40f05ee7ddd21aac521e01bf50?s=96&d=identicon&r=g"},"featured_image":false,"bloginfo":{"name":"Vandra V\u00e4gen","url":"https:\/\/blogg.svenskakyrkan.se\/vandravagen"},"_links":{"self":[{"href":"https:\/\/blogg.svenskakyrkan.se\/vandravagen\/wp-json\/wp\/v2\/posts\/412","targetHints":{"allow":["GET"]}}],"collection":[{"href":"https:\/\/blogg.svenskakyrkan.se\/vandravagen\/wp-json\/wp\/v2\/posts"}],"about":[{"href":"https:\/\/blogg.svenskakyrkan.se\/vandravagen\/wp-json\/wp\/v2\/types\/post"}],"author":[{"embeddable":true,"href":"https:\/\/blogg.svenskakyrkan.se\/vandravagen\/wp-json\/wp\/v2\/users\/392"}],"replies":[{"embeddable":true,"href":"https:\/\/blogg.svenskakyrkan.se\/vandravagen\/wp-json\/wp\/v2\/comments?post=412"}],"version-history":[{"count":0,"href":"https:\/\/blogg.svenskakyrkan.se\/vandravagen\/wp-json\/wp\/v2\/posts\/412\/revisions"}],"wp:attachment":[{"href":"https:\/\/blogg.svenskakyrkan.se\/vandravagen\/wp-json\/wp\/v2\/media?parent=412"}],"wp:term":[{"taxonomy":"category","embeddable":true,"href":"https:\/\/blogg.svenskakyrkan.se\/vandravagen\/wp-json\/wp\/v2\/categories?post=412"},{"taxonomy":"post_tag","embeddable":true,"href":"https:\/\/blogg.svenskakyrkan.se\/vandravagen\/wp-json\/wp\/v2\/tags?post=412"}],"curies":[{"name":"wp","href":"https:\/\/api.w.org\/{rel}","templated":true}]}}