{"id":414,"date":"2013-08-09T08:47:00","date_gmt":"2013-08-09T06:47:00","guid":{"rendered":"http:\/\/blogg.svenskakyrkan.se\/vandravagen\/2013\/08\/09\/antijantebibelordet-rom-123\/"},"modified":"2013-08-09T08:47:00","modified_gmt":"2013-08-09T06:47:00","slug":"antijantebibelordet-rom-123","status":"publish","type":"post","link":"https:\/\/blogg.svenskakyrkan.se\/vandravagen\/2013\/08\/09\/antijantebibelordet-rom-123\/","title":{"rendered":"Antijantebibelordet Rom 12:3"},"content":{"rendered":"<table align=\"center\" cellpadding=\"0\" cellspacing=\"0\">\n<tbody>\n<tr>\n<td><a href=\"http:\/\/2.bp.blogspot.com\/-nLayXGZlZko\/UgSQNAcX1kI\/AAAAAAAAEu0\/fEX5vn0QaXk\/s1600\/IMG_3831.JPG\"><img loading=\"lazy\" decoding=\"async\" border=\"0\" height=\"460\" src=\"http:\/\/2.bp.blogspot.com\/-nLayXGZlZko\/UgSQNAcX1kI\/AAAAAAAAEu0\/fEX5vn0QaXk\/s640\/IMG_3831.JPG\" width=\"640\"><\/a><\/td>\n<\/tr>\n<tr>\n<td>B\u00e5tar tagna ur bruk f\u00f6r att de \u00e4r omoderna. Men vi f\u00e5r anv\u00e4nda vad vi kan oavsett om det &#8221;duger&#8221;. Som Paulus<\/td>\n<\/tr>\n<\/tbody>\n<\/table>\n<p>Alltj\u00e4mt i s\u00f6ndagens episteltext kan vi l\u00e4sa hos Paulus:<\/p>\n<p>&#8221;I kraft av den n\u00e5d jag f\u00e5tt s\u00e4ger jag er&#8230;&#8221; (Rom 12:3, bibel 2000)<\/p>\n<p>Sedan f\u00f6ljer en f\u00f6rmaning om att var och en ska ha sj\u00e4lvbesinning och anv\u00e4nda de g\u00e5vor han eller hon f\u00e5tt p\u00e5 kloka s\u00e4tt. Jag har dock fastnat f\u00f6r den f\u00f6rsta formuleringen &#8221;I kraft av den n\u00e5d jag f\u00e5tt&#8221;.<\/p>\n<p>Kunde \u00e4ven Paulus t\u00e4nka att han var ov\u00e4rdig att komma och f\u00f6rmana folk? Anade han inv\u00e4ndningar, vem \u00e4r du att komma h\u00e4r och s\u00e4ga hur vi ska leva? Kanske gjorde han det. Samtidigt visste han att det var den uppgift han f\u00e5tt, hans uppdrag. Sj\u00e4lvklart var han inte v\u00e4rdig eller f\u00f6rtj\u00e4nt av en s\u00e5 framskjuten position, vem skulle n\u00e5gonsin kunna bli det p\u00e5 egna meriter? Just d\u00e4rf\u00f6r framh\u00e5ller han att det helt och h\u00e5llet \u00e4r av n\u00e5d han f\u00e5tt den uppgift han f\u00e5tt. Om man inte fick g\u00f6ra eller s\u00e4ga n\u00e5got om man inte var perfekt f\u00f6rst skulle ju inget bli gjort.<\/p>\n<p>Jag tror att det finns kraft att h\u00e4mta i det h\u00e4r bibelordet. F\u00f6r egen del k\u00e4nner jag ju emellan\u00e5t av samma situation som Paulus. Att st\u00e5 och predika f\u00f6r folk, vem \u00e4r jag att g\u00f6ra det? F\u00f6r andra kan det g\u00e4lla andra situationer och uppgifter som vi tvekar inf\u00f6r f\u00f6r att vi inte tycker vi har r\u00e4tt att ta oss an dem eller \u00e4r oroliga f\u00f6r vad folk ska tycka.<\/p>\n<p>D\u00e5 f\u00e5r vi p\u00e5minna oss att hela v\u00e5r tillvaro i grunden vilar p\u00e5 annat \u00e4n v\u00e5ra meriter. Vi \u00e4r skapade med g\u00e5vor som vi ska anv\u00e4nda, f\u00f6r Jesu skull \u00e4r vi inte diskvalificerade f\u00f6r att vi misslyckats f\u00f6rut. Vi f\u00e5r och vi f\u00e5r g\u00f6ra v\u00e5rt b\u00e4sta. P\u00e5 gammalkyrkiska heter det h\u00e4r frimodighet och \u00e4r n\u00e5got jag f\u00f6rs\u00f6ker \u00f6va mig i (och som verkligen inte kommer naturligt f\u00f6r mig).<\/p>\n<p>Vilken \u00e4r din uppgift idag? L\u00e5t oss g\u00f6ra v\u00e5rt b\u00e4sta och vara modiga. R\u00e4tt som det \u00e4r kommer det situationer som kr\u00e4ver n\u00e5got av just dig och mig.<\/p>\n","protected":false},"excerpt":{"rendered":"<p>B\u00e5tar tagna ur bruk f\u00f6r att de \u00e4r omoderna. Men vi f\u00e5r anv\u00e4nda vad vi kan oavsett om det &#8221;duger&#8221;. Som Paulus Alltj\u00e4mt i s\u00f6ndagens episteltext kan vi l\u00e4sa hos Paulus: &#8221;I kraft av den n\u00e5d jag f\u00e5tt s\u00e4ger jag er&#8230;&#8221; (Rom 12:3, bibel 2000) Sedan f\u00f6ljer en f\u00f6rmaning om att var och en ska [&hellip;]<\/p>\n","protected":false},"author":392,"featured_media":0,"comment_status":"open","ping_status":"open","sticky":false,"template":"","format":"standard","meta":{"_acf_changed":false,"footnotes":""},"categories":[117,77554],"tags":[],"class_list":["post-414","post","type-post","status-publish","format-standard","hentry","category-teologi","category-vara-manniska"],"acf":[],"yoast_head":"<!-- This site is optimized with the Yoast SEO plugin v27.1.1 - https:\/\/yoast.com\/product\/yoast-seo-wordpress\/ -->\n<title>Antijantebibelordet Rom 12:3 - Vandra V\u00e4gen<\/title>\n<meta name=\"robots\" content=\"index, follow, max-snippet:-1, max-image-preview:large, max-video-preview:-1\" \/>\n<link rel=\"canonical\" href=\"https:\/\/blogg.svenskakyrkan.se\/vandravagen\/2013\/08\/09\/antijantebibelordet-rom-123\/\" \/>\n<meta property=\"og:locale\" content=\"sv_SE\" \/>\n<meta property=\"og:type\" content=\"article\" \/>\n<meta property=\"og:title\" content=\"Antijantebibelordet Rom 12:3 - Vandra V\u00e4gen\" \/>\n<meta property=\"og:description\" content=\"B\u00e5tar tagna ur bruk f\u00f6r att de \u00e4r omoderna. Men vi f\u00e5r anv\u00e4nda vad vi kan oavsett om det &#8221;duger&#8221;. Som Paulus Alltj\u00e4mt i s\u00f6ndagens episteltext kan vi l\u00e4sa hos Paulus: &#8221;I kraft av den n\u00e5d jag f\u00e5tt s\u00e4ger jag er&#8230;&#8221; (Rom 12:3, bibel 2000) Sedan f\u00f6ljer en f\u00f6rmaning om att var och en ska [&hellip;]\" \/>\n<meta property=\"og:url\" content=\"https:\/\/blogg.svenskakyrkan.se\/vandravagen\/2013\/08\/09\/antijantebibelordet-rom-123\/\" \/>\n<meta property=\"og:site_name\" content=\"Vandra V\u00e4gen\" \/>\n<meta property=\"article:publisher\" content=\"http:\/\/facebook.com\/vandravagen\" \/>\n<meta property=\"article:published_time\" content=\"2013-08-09T06:47:00+00:00\" \/>\n<meta property=\"og:image\" content=\"http:\/\/2.bp.blogspot.com\/-nLayXGZlZko\/UgSQNAcX1kI\/AAAAAAAAEu0\/fEX5vn0QaXk\/s640\/IMG_3831.JPG\" \/>\n<meta name=\"author\" content=\"Tomas Jarvid\" \/>\n<meta name=\"twitter:card\" content=\"summary_large_image\" \/>\n<meta name=\"twitter:creator\" content=\"@fadertomas\" \/>\n<meta name=\"twitter:site\" content=\"@fadertomas\" \/>\n<meta name=\"twitter:label1\" content=\"Skriven av\" \/>\n\t<meta name=\"twitter:data1\" content=\"Tomas Jarvid\" \/>\n\t<meta name=\"twitter:label2\" content=\"Ber\u00e4knad l\u00e4stid\" \/>\n\t<meta name=\"twitter:data2\" content=\"2 minuter\" \/>\n<script type=\"application\/ld+json\" class=\"yoast-schema-graph\">{\"@context\":\"https:\/\/schema.org\",\"@graph\":[{\"@type\":\"Article\",\"@id\":\"https:\/\/blogg.svenskakyrkan.se\/vandravagen\/2013\/08\/09\/antijantebibelordet-rom-123\/#article\",\"isPartOf\":{\"@id\":\"https:\/\/blogg.svenskakyrkan.se\/vandravagen\/2013\/08\/09\/antijantebibelordet-rom-123\/\"},\"author\":{\"name\":\"Tomas Jarvid\",\"@id\":\"https:\/\/blogg.svenskakyrkan.se\/vandravagen\/#\/schema\/person\/25da02d4f76b137d04291711e2c9fc16\"},\"headline\":\"Antijantebibelordet Rom 12:3\",\"datePublished\":\"2013-08-09T06:47:00+00:00\",\"mainEntityOfPage\":{\"@id\":\"https:\/\/blogg.svenskakyrkan.se\/vandravagen\/2013\/08\/09\/antijantebibelordet-rom-123\/\"},\"wordCount\":434,\"commentCount\":2,\"publisher\":{\"@id\":\"https:\/\/blogg.svenskakyrkan.se\/vandravagen\/#organization\"},\"image\":{\"@id\":\"https:\/\/blogg.svenskakyrkan.se\/vandravagen\/2013\/08\/09\/antijantebibelordet-rom-123\/#primaryimage\"},\"thumbnailUrl\":\"http:\/\/2.bp.blogspot.com\/-nLayXGZlZko\/UgSQNAcX1kI\/AAAAAAAAEu0\/fEX5vn0QaXk\/s640\/IMG_3831.JPG\",\"articleSection\":[\"Teologi\",\"vara m\u00e4nniska\"],\"inLanguage\":\"sv-SE\",\"potentialAction\":[{\"@type\":\"CommentAction\",\"name\":\"Comment\",\"target\":[\"https:\/\/blogg.svenskakyrkan.se\/vandravagen\/2013\/08\/09\/antijantebibelordet-rom-123\/#respond\"]}]},{\"@type\":\"WebPage\",\"@id\":\"https:\/\/blogg.svenskakyrkan.se\/vandravagen\/2013\/08\/09\/antijantebibelordet-rom-123\/\",\"url\":\"https:\/\/blogg.svenskakyrkan.se\/vandravagen\/2013\/08\/09\/antijantebibelordet-rom-123\/\",\"name\":\"Antijantebibelordet Rom 12:3 - Vandra V\u00e4gen\",\"isPartOf\":{\"@id\":\"https:\/\/blogg.svenskakyrkan.se\/vandravagen\/#website\"},\"primaryImageOfPage\":{\"@id\":\"https:\/\/blogg.svenskakyrkan.se\/vandravagen\/2013\/08\/09\/antijantebibelordet-rom-123\/#primaryimage\"},\"image\":{\"@id\":\"https:\/\/blogg.svenskakyrkan.se\/vandravagen\/2013\/08\/09\/antijantebibelordet-rom-123\/#primaryimage\"},\"thumbnailUrl\":\"http:\/\/2.bp.blogspot.com\/-nLayXGZlZko\/UgSQNAcX1kI\/AAAAAAAAEu0\/fEX5vn0QaXk\/s640\/IMG_3831.JPG\",\"datePublished\":\"2013-08-09T06:47:00+00:00\",\"breadcrumb\":{\"@id\":\"https:\/\/blogg.svenskakyrkan.se\/vandravagen\/2013\/08\/09\/antijantebibelordet-rom-123\/#breadcrumb\"},\"inLanguage\":\"sv-SE\",\"potentialAction\":[{\"@type\":\"ReadAction\",\"target\":[\"https:\/\/blogg.svenskakyrkan.se\/vandravagen\/2013\/08\/09\/antijantebibelordet-rom-123\/\"]}]},{\"@type\":\"ImageObject\",\"inLanguage\":\"sv-SE\",\"@id\":\"https:\/\/blogg.svenskakyrkan.se\/vandravagen\/2013\/08\/09\/antijantebibelordet-rom-123\/#primaryimage\",\"url\":\"http:\/\/2.bp.blogspot.com\/-nLayXGZlZko\/UgSQNAcX1kI\/AAAAAAAAEu0\/fEX5vn0QaXk\/s640\/IMG_3831.JPG\",\"contentUrl\":\"http:\/\/2.bp.blogspot.com\/-nLayXGZlZko\/UgSQNAcX1kI\/AAAAAAAAEu0\/fEX5vn0QaXk\/s640\/IMG_3831.JPG\"},{\"@type\":\"BreadcrumbList\",\"@id\":\"https:\/\/blogg.svenskakyrkan.se\/vandravagen\/2013\/08\/09\/antijantebibelordet-rom-123\/#breadcrumb\",\"itemListElement\":[{\"@type\":\"ListItem\",\"position\":1,\"name\":\"Hem\",\"item\":\"https:\/\/blogg.svenskakyrkan.se\/vandravagen\/\"},{\"@type\":\"ListItem\",\"position\":2,\"name\":\"Antijantebibelordet Rom 12:3\"}]},{\"@type\":\"WebSite\",\"@id\":\"https:\/\/blogg.svenskakyrkan.se\/vandravagen\/#website\",\"url\":\"https:\/\/blogg.svenskakyrkan.se\/vandravagen\/\",\"name\":\"Vandra V\u00e4gen\",\"description\":\"-Mot en tro f\u00f6r hela livet\",\"publisher\":{\"@id\":\"https:\/\/blogg.svenskakyrkan.se\/vandravagen\/#organization\"},\"potentialAction\":[{\"@type\":\"SearchAction\",\"target\":{\"@type\":\"EntryPoint\",\"urlTemplate\":\"https:\/\/blogg.svenskakyrkan.se\/vandravagen\/?s={search_term_string}\"},\"query-input\":{\"@type\":\"PropertyValueSpecification\",\"valueRequired\":true,\"valueName\":\"search_term_string\"}}],\"inLanguage\":\"sv-SE\"},{\"@type\":\"Organization\",\"@id\":\"https:\/\/blogg.svenskakyrkan.se\/vandravagen\/#organization\",\"name\":\"ulricehamns pastorat\",\"alternateName\":\"ulricehamns pastorat\",\"url\":\"https:\/\/blogg.svenskakyrkan.se\/vandravagen\/\",\"logo\":{\"@type\":\"ImageObject\",\"inLanguage\":\"sv-SE\",\"@id\":\"https:\/\/blogg.svenskakyrkan.se\/vandravagen\/#\/schema\/logo\/image\/\",\"url\":\"https:\/\/blogg.svenskakyrkan.se\/vandravagen\/files\/2023\/05\/Ulr_logo_RGB.png\",\"contentUrl\":\"https:\/\/blogg.svenskakyrkan.se\/vandravagen\/files\/2023\/05\/Ulr_logo_RGB.png\",\"width\":205,\"height\":77,\"caption\":\"ulricehamns pastorat\"},\"image\":{\"@id\":\"https:\/\/blogg.svenskakyrkan.se\/vandravagen\/#\/schema\/logo\/image\/\"},\"sameAs\":[\"http:\/\/facebook.com\/vandravagen\",\"https:\/\/x.com\/fadertomas\",\"http:\/\/www.facebook.com\/svenskakyrkaniulricehamn\"]},{\"@type\":\"Person\",\"@id\":\"https:\/\/blogg.svenskakyrkan.se\/vandravagen\/#\/schema\/person\/25da02d4f76b137d04291711e2c9fc16\",\"name\":\"Tomas Jarvid\",\"image\":{\"@type\":\"ImageObject\",\"inLanguage\":\"sv-SE\",\"@id\":\"https:\/\/blogg.svenskakyrkan.se\/vandravagen\/#\/schema\/person\/image\/\",\"url\":\"https:\/\/secure.gravatar.com\/avatar\/7fa71899795e8f540f615a1f5ab25255dc27aa40f05ee7ddd21aac521e01bf50?s=96&d=identicon&r=g\",\"contentUrl\":\"https:\/\/secure.gravatar.com\/avatar\/7fa71899795e8f540f615a1f5ab25255dc27aa40f05ee7ddd21aac521e01bf50?s=96&d=identicon&r=g\",\"caption\":\"Tomas Jarvid\"},\"description\":\"Jag bor i Ulricehamn i V\u00e4sterg\u00f6tland och \u00e4r f\u00f6rsamlingspr\u00e4st i Svenska Kyrkan f\u00f6r Dalstorps f\u00f6rsamling i Kinds pastorat. P\u00e5 den h\u00e4r bloggen skriver jag ner tankar om vandringen som kristen.\",\"sameAs\":[\"http:\/\/www.vandravagen.se\"],\"url\":\"https:\/\/blogg.svenskakyrkan.se\/vandravagen\/author\/vandravagen\/\"}]}<\/script>\n<!-- \/ Yoast SEO plugin. -->","yoast_head_json":{"title":"Antijantebibelordet Rom 12:3 - Vandra V\u00e4gen","robots":{"index":"index","follow":"follow","max-snippet":"max-snippet:-1","max-image-preview":"max-image-preview:large","max-video-preview":"max-video-preview:-1"},"canonical":"https:\/\/blogg.svenskakyrkan.se\/vandravagen\/2013\/08\/09\/antijantebibelordet-rom-123\/","og_locale":"sv_SE","og_type":"article","og_title":"Antijantebibelordet Rom 12:3 - Vandra V\u00e4gen","og_description":"B\u00e5tar tagna ur bruk f\u00f6r att de \u00e4r omoderna. Men vi f\u00e5r anv\u00e4nda vad vi kan oavsett om det &#8221;duger&#8221;. Som Paulus Alltj\u00e4mt i s\u00f6ndagens episteltext kan vi l\u00e4sa hos Paulus: &#8221;I kraft av den n\u00e5d jag f\u00e5tt s\u00e4ger jag er&#8230;&#8221; (Rom 12:3, bibel 2000) Sedan f\u00f6ljer en f\u00f6rmaning om att var och en ska [&hellip;]","og_url":"https:\/\/blogg.svenskakyrkan.se\/vandravagen\/2013\/08\/09\/antijantebibelordet-rom-123\/","og_site_name":"Vandra V\u00e4gen","article_publisher":"http:\/\/facebook.com\/vandravagen","article_published_time":"2013-08-09T06:47:00+00:00","og_image":[{"url":"http:\/\/2.bp.blogspot.com\/-nLayXGZlZko\/UgSQNAcX1kI\/AAAAAAAAEu0\/fEX5vn0QaXk\/s640\/IMG_3831.JPG","type":"","width":"","height":""}],"author":"Tomas Jarvid","twitter_card":"summary_large_image","twitter_creator":"@fadertomas","twitter_site":"@fadertomas","twitter_misc":{"Skriven av":"Tomas Jarvid","Ber\u00e4knad l\u00e4stid":"2 minuter"},"schema":{"@context":"https:\/\/schema.org","@graph":[{"@type":"Article","@id":"https:\/\/blogg.svenskakyrkan.se\/vandravagen\/2013\/08\/09\/antijantebibelordet-rom-123\/#article","isPartOf":{"@id":"https:\/\/blogg.svenskakyrkan.se\/vandravagen\/2013\/08\/09\/antijantebibelordet-rom-123\/"},"author":{"name":"Tomas Jarvid","@id":"https:\/\/blogg.svenskakyrkan.se\/vandravagen\/#\/schema\/person\/25da02d4f76b137d04291711e2c9fc16"},"headline":"Antijantebibelordet Rom 12:3","datePublished":"2013-08-09T06:47:00+00:00","mainEntityOfPage":{"@id":"https:\/\/blogg.svenskakyrkan.se\/vandravagen\/2013\/08\/09\/antijantebibelordet-rom-123\/"},"wordCount":434,"commentCount":2,"publisher":{"@id":"https:\/\/blogg.svenskakyrkan.se\/vandravagen\/#organization"},"image":{"@id":"https:\/\/blogg.svenskakyrkan.se\/vandravagen\/2013\/08\/09\/antijantebibelordet-rom-123\/#primaryimage"},"thumbnailUrl":"http:\/\/2.bp.blogspot.com\/-nLayXGZlZko\/UgSQNAcX1kI\/AAAAAAAAEu0\/fEX5vn0QaXk\/s640\/IMG_3831.JPG","articleSection":["Teologi","vara m\u00e4nniska"],"inLanguage":"sv-SE","potentialAction":[{"@type":"CommentAction","name":"Comment","target":["https:\/\/blogg.svenskakyrkan.se\/vandravagen\/2013\/08\/09\/antijantebibelordet-rom-123\/#respond"]}]},{"@type":"WebPage","@id":"https:\/\/blogg.svenskakyrkan.se\/vandravagen\/2013\/08\/09\/antijantebibelordet-rom-123\/","url":"https:\/\/blogg.svenskakyrkan.se\/vandravagen\/2013\/08\/09\/antijantebibelordet-rom-123\/","name":"Antijantebibelordet Rom 12:3 - Vandra V\u00e4gen","isPartOf":{"@id":"https:\/\/blogg.svenskakyrkan.se\/vandravagen\/#website"},"primaryImageOfPage":{"@id":"https:\/\/blogg.svenskakyrkan.se\/vandravagen\/2013\/08\/09\/antijantebibelordet-rom-123\/#primaryimage"},"image":{"@id":"https:\/\/blogg.svenskakyrkan.se\/vandravagen\/2013\/08\/09\/antijantebibelordet-rom-123\/#primaryimage"},"thumbnailUrl":"http:\/\/2.bp.blogspot.com\/-nLayXGZlZko\/UgSQNAcX1kI\/AAAAAAAAEu0\/fEX5vn0QaXk\/s640\/IMG_3831.JPG","datePublished":"2013-08-09T06:47:00+00:00","breadcrumb":{"@id":"https:\/\/blogg.svenskakyrkan.se\/vandravagen\/2013\/08\/09\/antijantebibelordet-rom-123\/#breadcrumb"},"inLanguage":"sv-SE","potentialAction":[{"@type":"ReadAction","target":["https:\/\/blogg.svenskakyrkan.se\/vandravagen\/2013\/08\/09\/antijantebibelordet-rom-123\/"]}]},{"@type":"ImageObject","inLanguage":"sv-SE","@id":"https:\/\/blogg.svenskakyrkan.se\/vandravagen\/2013\/08\/09\/antijantebibelordet-rom-123\/#primaryimage","url":"http:\/\/2.bp.blogspot.com\/-nLayXGZlZko\/UgSQNAcX1kI\/AAAAAAAAEu0\/fEX5vn0QaXk\/s640\/IMG_3831.JPG","contentUrl":"http:\/\/2.bp.blogspot.com\/-nLayXGZlZko\/UgSQNAcX1kI\/AAAAAAAAEu0\/fEX5vn0QaXk\/s640\/IMG_3831.JPG"},{"@type":"BreadcrumbList","@id":"https:\/\/blogg.svenskakyrkan.se\/vandravagen\/2013\/08\/09\/antijantebibelordet-rom-123\/#breadcrumb","itemListElement":[{"@type":"ListItem","position":1,"name":"Hem","item":"https:\/\/blogg.svenskakyrkan.se\/vandravagen\/"},{"@type":"ListItem","position":2,"name":"Antijantebibelordet Rom 12:3"}]},{"@type":"WebSite","@id":"https:\/\/blogg.svenskakyrkan.se\/vandravagen\/#website","url":"https:\/\/blogg.svenskakyrkan.se\/vandravagen\/","name":"Vandra V\u00e4gen","description":"-Mot en tro f\u00f6r hela livet","publisher":{"@id":"https:\/\/blogg.svenskakyrkan.se\/vandravagen\/#organization"},"potentialAction":[{"@type":"SearchAction","target":{"@type":"EntryPoint","urlTemplate":"https:\/\/blogg.svenskakyrkan.se\/vandravagen\/?s={search_term_string}"},"query-input":{"@type":"PropertyValueSpecification","valueRequired":true,"valueName":"search_term_string"}}],"inLanguage":"sv-SE"},{"@type":"Organization","@id":"https:\/\/blogg.svenskakyrkan.se\/vandravagen\/#organization","name":"ulricehamns pastorat","alternateName":"ulricehamns pastorat","url":"https:\/\/blogg.svenskakyrkan.se\/vandravagen\/","logo":{"@type":"ImageObject","inLanguage":"sv-SE","@id":"https:\/\/blogg.svenskakyrkan.se\/vandravagen\/#\/schema\/logo\/image\/","url":"https:\/\/blogg.svenskakyrkan.se\/vandravagen\/files\/2023\/05\/Ulr_logo_RGB.png","contentUrl":"https:\/\/blogg.svenskakyrkan.se\/vandravagen\/files\/2023\/05\/Ulr_logo_RGB.png","width":205,"height":77,"caption":"ulricehamns pastorat"},"image":{"@id":"https:\/\/blogg.svenskakyrkan.se\/vandravagen\/#\/schema\/logo\/image\/"},"sameAs":["http:\/\/facebook.com\/vandravagen","https:\/\/x.com\/fadertomas","http:\/\/www.facebook.com\/svenskakyrkaniulricehamn"]},{"@type":"Person","@id":"https:\/\/blogg.svenskakyrkan.se\/vandravagen\/#\/schema\/person\/25da02d4f76b137d04291711e2c9fc16","name":"Tomas Jarvid","image":{"@type":"ImageObject","inLanguage":"sv-SE","@id":"https:\/\/blogg.svenskakyrkan.se\/vandravagen\/#\/schema\/person\/image\/","url":"https:\/\/secure.gravatar.com\/avatar\/7fa71899795e8f540f615a1f5ab25255dc27aa40f05ee7ddd21aac521e01bf50?s=96&d=identicon&r=g","contentUrl":"https:\/\/secure.gravatar.com\/avatar\/7fa71899795e8f540f615a1f5ab25255dc27aa40f05ee7ddd21aac521e01bf50?s=96&d=identicon&r=g","caption":"Tomas Jarvid"},"description":"Jag bor i Ulricehamn i V\u00e4sterg\u00f6tland och \u00e4r f\u00f6rsamlingspr\u00e4st i Svenska Kyrkan f\u00f6r Dalstorps f\u00f6rsamling i Kinds pastorat. P\u00e5 den h\u00e4r bloggen skriver jag ner tankar om vandringen som kristen.","sameAs":["http:\/\/www.vandravagen.se"],"url":"https:\/\/blogg.svenskakyrkan.se\/vandravagen\/author\/vandravagen\/"}]}},"author_meta":{"ID":"392","user_nicename":"vandravagen","user_url":"http:\/\/www.vandravagen.se","user_registered":"2014-05-19 05:44:52","display_name":"Tomas Jarvid","first_name":"Tomas","last_name":"Jarvid","avatar":"https:\/\/secure.gravatar.com\/avatar\/7fa71899795e8f540f615a1f5ab25255dc27aa40f05ee7ddd21aac521e01bf50?s=96&d=identicon&r=g"},"featured_image":false,"bloginfo":{"name":"Vandra V\u00e4gen","url":"https:\/\/blogg.svenskakyrkan.se\/vandravagen"},"_links":{"self":[{"href":"https:\/\/blogg.svenskakyrkan.se\/vandravagen\/wp-json\/wp\/v2\/posts\/414","targetHints":{"allow":["GET"]}}],"collection":[{"href":"https:\/\/blogg.svenskakyrkan.se\/vandravagen\/wp-json\/wp\/v2\/posts"}],"about":[{"href":"https:\/\/blogg.svenskakyrkan.se\/vandravagen\/wp-json\/wp\/v2\/types\/post"}],"author":[{"embeddable":true,"href":"https:\/\/blogg.svenskakyrkan.se\/vandravagen\/wp-json\/wp\/v2\/users\/392"}],"replies":[{"embeddable":true,"href":"https:\/\/blogg.svenskakyrkan.se\/vandravagen\/wp-json\/wp\/v2\/comments?post=414"}],"version-history":[{"count":0,"href":"https:\/\/blogg.svenskakyrkan.se\/vandravagen\/wp-json\/wp\/v2\/posts\/414\/revisions"}],"wp:attachment":[{"href":"https:\/\/blogg.svenskakyrkan.se\/vandravagen\/wp-json\/wp\/v2\/media?parent=414"}],"wp:term":[{"taxonomy":"category","embeddable":true,"href":"https:\/\/blogg.svenskakyrkan.se\/vandravagen\/wp-json\/wp\/v2\/categories?post=414"},{"taxonomy":"post_tag","embeddable":true,"href":"https:\/\/blogg.svenskakyrkan.se\/vandravagen\/wp-json\/wp\/v2\/tags?post=414"}],"curies":[{"name":"wp","href":"https:\/\/api.w.org\/{rel}","templated":true}]}}