{"id":417,"date":"2013-08-07T07:57:00","date_gmt":"2013-08-07T05:57:00","guid":{"rendered":"http:\/\/blogg.svenskakyrkan.se\/vandravagen\/2013\/08\/07\/veckans-samlade-favortittweets\/"},"modified":"2013-08-07T07:57:00","modified_gmt":"2013-08-07T05:57:00","slug":"veckans-samlade-favortittweets","status":"publish","type":"post","link":"https:\/\/blogg.svenskakyrkan.se\/vandravagen\/2013\/08\/07\/veckans-samlade-favortittweets\/","title":{"rendered":"Veckans samlade favortittweets"},"content":{"rendered":"<div>Onsdag morgon och h\u00e4r \u00e4r \u00e4nnu en vecka p\u00e5 twitter sammanfattad. Har du twitter kanske du skulle f\u00f6lja n\u00e5gra av dessa? Har du inte twitter kan du tryggt lita p\u00e5 att det kommer en ny sammanst\u00e4llning n\u00e4sta vecka&#8230;<\/div>\n<div><\/div>\n<div><\/div>\n<div><b>Kristna (?) tweets<\/b><\/div>\n<div><\/div>\n<div>Gud som n\u00f6dl\u00f6sning, att h\u00e5lla sig undan fr\u00e5n i det l\u00e4ngsta? S\u00e5 \u00e4r det f\u00f6r m\u00e5nga.<\/div>\n<div><a href=\"http:\/\/3.bp.blogspot.com\/-fwwIvTvcH5E\/UgEsnhrn9aI\/AAAAAAAAErM\/kKk0dGSC0uM\/s1600\/Ska%CC%88rmavbild+2013-08-06+kl.+18.50.01.png\"><img loading=\"lazy\" decoding=\"async\" border=\"0\" height=\"71\" src=\"http:\/\/3.bp.blogspot.com\/-fwwIvTvcH5E\/UgEsnhrn9aI\/AAAAAAAAErM\/kKk0dGSC0uM\/s400\/Ska%CC%88rmavbild+2013-08-06+kl.+18.50.01.png\" width=\"400\"><\/a><\/div>\n<div><\/div>\n<div><\/div>\n<div><a href=\"http:\/\/4.bp.blogspot.com\/-l3J6SqprIrA\/UgEsoUZfE6I\/AAAAAAAAEtA\/6248jGLE5eQ\/s1600\/Ska%CC%88rmavbild+2013-08-06+kl.+18.50.31.png\"><img loading=\"lazy\" decoding=\"async\" border=\"0\" height=\"75\" src=\"http:\/\/4.bp.blogspot.com\/-l3J6SqprIrA\/UgEsoUZfE6I\/AAAAAAAAEtA\/6248jGLE5eQ\/s400\/Ska%CC%88rmavbild+2013-08-06+kl.+18.50.31.png\" width=\"400\"><\/a><\/div>\n<div><\/div>\n<div><\/div>\n<div>Fr\u00e5n himlen till jorden till korset&#8230;<\/div>\n<div><a href=\"http:\/\/4.bp.blogspot.com\/-0ITEG9p9AIM\/UgEsohv9koI\/AAAAAAAAEro\/DtG14SrDFEY\/s1600\/Ska%CC%88rmavbild+2013-08-06+kl.+18.51.00.png\"><img loading=\"lazy\" decoding=\"async\" border=\"0\" height=\"103\" src=\"http:\/\/4.bp.blogspot.com\/-0ITEG9p9AIM\/UgEsohv9koI\/AAAAAAAAEro\/DtG14SrDFEY\/s400\/Ska%CC%88rmavbild+2013-08-06+kl.+18.51.00.png\" width=\"400\"><\/a><\/div>\n<div><\/div>\n<div><\/div>\n<div><\/div>\n<div><a href=\"http:\/\/1.bp.blogspot.com\/-CUsS5N41bFE\/UgEspYYlJOI\/AAAAAAAAEr4\/mPmEYkpDTKw\/s1600\/Ska%CC%88rmavbild+2013-08-06+kl.+18.54.06.png\"><img loading=\"lazy\" decoding=\"async\" border=\"0\" height=\"98\" src=\"http:\/\/1.bp.blogspot.com\/-CUsS5N41bFE\/UgEspYYlJOI\/AAAAAAAAEr4\/mPmEYkpDTKw\/s400\/Ska%CC%88rmavbild+2013-08-06+kl.+18.54.06.png\" width=\"400\"><\/a><\/div>\n<div><\/div>\n<div><\/div>\n<div>Det h\u00e4r var bland det mer tankev\u00e4ckande i veckan! Gissar att han talar om rikedomar av olika slag?<\/div>\n<div><a href=\"http:\/\/3.bp.blogspot.com\/-B1P9aY_fMRM\/UgEsvYCQC-I\/AAAAAAAAEtc\/ztoA5L8Sdro\/s1600\/Ska%CC%88rmavbild+2013-08-06+kl.+19.00.40.png\"><img loading=\"lazy\" decoding=\"async\" border=\"0\" height=\"61\" src=\"http:\/\/3.bp.blogspot.com\/-B1P9aY_fMRM\/UgEsvYCQC-I\/AAAAAAAAEtc\/ztoA5L8Sdro\/s400\/Ska%CC%88rmavbild+2013-08-06+kl.+19.00.40.png\" width=\"400\"><\/a><\/div>\n<div><\/div>\n<div><\/div>\n<div>Den h\u00e4r spiken f\u00e5r jag v\u00e4l forts\u00e4tta hamra p\u00e5 l\u00e4nge \u00e4n, det \u00e4r m\u00e5nga som inte fattat!<\/div>\n<div><a href=\"http:\/\/3.bp.blogspot.com\/-H63WCzH1ZHQ\/UgEstF8AgOI\/AAAAAAAAEss\/S_NC9lAmG0A\/s1600\/Ska%CC%88rmavbild+2013-08-06+kl.+18.57.33.png\"><img loading=\"lazy\" decoding=\"async\" border=\"0\" height=\"72\" src=\"http:\/\/3.bp.blogspot.com\/-H63WCzH1ZHQ\/UgEstF8AgOI\/AAAAAAAAEss\/S_NC9lAmG0A\/s400\/Ska%CC%88rmavbild+2013-08-06+kl.+18.57.33.png\" width=\"400\"><\/a><\/div>\n<div><\/div>\n<div><\/div>\n<div>Absolut, det \u00e4r dessutom <a href=\"http:\/\/www.vandravagen.se\/2012\/10\/pilgrimens-viktigaste-ord.html\">pilgrimens viktigaste ord!<\/a><\/div>\n<div><a href=\"http:\/\/2.bp.blogspot.com\/-ioqLcfYsg0o\/UgEstuPAWJI\/AAAAAAAAEs8\/GzbWAJC4ZAU\/s1600\/Ska%CC%88rmavbild+2013-08-06+kl.+18.58.59.png\"><img loading=\"lazy\" decoding=\"async\" border=\"0\" height=\"57\" src=\"http:\/\/2.bp.blogspot.com\/-ioqLcfYsg0o\/UgEstuPAWJI\/AAAAAAAAEs8\/GzbWAJC4ZAU\/s400\/Ska%CC%88rmavbild+2013-08-06+kl.+18.58.59.png\" width=\"400\"><\/a><\/div>\n<div><\/div>\n<div><\/div>\n<div><a href=\"http:\/\/2.bp.blogspot.com\/-8AccEbDudE4\/UgEsqK7jsCI\/AAAAAAAAEsA\/LJ_YGVKpp8s\/s1600\/Ska%CC%88rmavbild+2013-08-06+kl.+18.55.13.png\"><img loading=\"lazy\" decoding=\"async\" border=\"0\" height=\"85\" src=\"http:\/\/2.bp.blogspot.com\/-8AccEbDudE4\/UgEsqK7jsCI\/AAAAAAAAEsA\/LJ_YGVKpp8s\/s400\/Ska%CC%88rmavbild+2013-08-06+kl.+18.55.13.png\" width=\"400\"><\/a><\/div>\n<div><\/div>\n<div><\/div>\n<div>S\u00e5 kan det nog vara!<\/div>\n<div><a href=\"http:\/\/3.bp.blogspot.com\/-N4nTEt0V3OQ\/UgEspsyegQI\/AAAAAAAAEr0\/3ECyQsWZZj4\/s1600\/Ska%CC%88rmavbild+2013-08-06+kl.+18.55.04.png\"><img loading=\"lazy\" decoding=\"async\" border=\"0\" height=\"87\" src=\"http:\/\/3.bp.blogspot.com\/-N4nTEt0V3OQ\/UgEspsyegQI\/AAAAAAAAEr0\/3ECyQsWZZj4\/s400\/Ska%CC%88rmavbild+2013-08-06+kl.+18.55.04.png\" width=\"400\"><\/a><\/div>\n<div><\/div>\n<div><\/div>\n<div><a href=\"http:\/\/4.bp.blogspot.com\/-Gvn83sO4nTo\/UgEsqz9lzTI\/AAAAAAAAEsI\/JKErfOe4MSQ\/s1600\/Ska%CC%88rmavbild+2013-08-06+kl.+18.55.49.png\"><img loading=\"lazy\" decoding=\"async\" border=\"0\" height=\"75\" src=\"http:\/\/4.bp.blogspot.com\/-Gvn83sO4nTo\/UgEsqz9lzTI\/AAAAAAAAEsI\/JKErfOe4MSQ\/s400\/Ska%CC%88rmavbild+2013-08-06+kl.+18.55.49.png\" width=\"400\"><\/a><\/div>\n<div><\/div>\n<div><\/div>\n<div>Nietzsche kan knappast s\u00e4gas skriva kristna tweets men en m\u00e4rklig hj\u00e4rna hade han. Grejen \u00e4r att jag tror att vi har en gud som kan dansa!<\/div>\n<div><a href=\"http:\/\/2.bp.blogspot.com\/-b5AwLjAphjQ\/UgEsomBcnNI\/AAAAAAAAErk\/la4IurBZmI4\/s1600\/Ska%CC%88rmavbild+2013-08-06+kl.+18.51.16.png\"><img loading=\"lazy\" decoding=\"async\" border=\"0\" height=\"60\" src=\"http:\/\/2.bp.blogspot.com\/-b5AwLjAphjQ\/UgEsomBcnNI\/AAAAAAAAErk\/la4IurBZmI4\/s400\/Ska%CC%88rmavbild+2013-08-06+kl.+18.51.16.png\" width=\"400\"><\/a><\/div>\n<div><\/div>\n<div><\/div>\n<div><a href=\"http:\/\/www.vandravagen.se\/2013\/01\/barn-ar-inga-gnostiker.html\">Bli som barnen!<\/a><\/div>\n<div><a href=\"http:\/\/4.bp.blogspot.com\/-SmuL2uWEEfk\/UgEsrnO6I4I\/AAAAAAAAEsU\/OqzVp1H4d2k\/s1600\/Ska%CC%88rmavbild+2013-08-06+kl.+18.56.11.png\"><img loading=\"lazy\" decoding=\"async\" border=\"0\" height=\"76\" src=\"http:\/\/4.bp.blogspot.com\/-SmuL2uWEEfk\/UgEsrnO6I4I\/AAAAAAAAEsU\/OqzVp1H4d2k\/s400\/Ska%CC%88rmavbild+2013-08-06+kl.+18.56.11.png\" width=\"400\"><\/a><\/div>\n<div><\/div>\n<div><\/div>\n<div>Det k\u00e4nns p\u00e5 ett s\u00e4tt bra att l\u00e4sa det h\u00e4r tweetet, samtidigt som det \u00e4r tufft att tillh\u00f6ra en grupp som i s\u00e5 h\u00f6g grad blir bed\u00f6mda.<\/div>\n<div><a href=\"http:\/\/3.bp.blogspot.com\/-zrHd_qNc2sA\/UgEsrNajIbI\/AAAAAAAAEsY\/PJQXXr4seng\/s1600\/Ska%CC%88rmavbild+2013-08-06+kl.+18.55.57.png\"><img loading=\"lazy\" decoding=\"async\" border=\"0\" height=\"72\" src=\"http:\/\/3.bp.blogspot.com\/-zrHd_qNc2sA\/UgEsrNajIbI\/AAAAAAAAEsY\/PJQXXr4seng\/s400\/Ska%CC%88rmavbild+2013-08-06+kl.+18.55.57.png\" width=\"400\"><\/a><\/div>\n<div><\/div>\n<div><\/div>\n<div><b>Kloka tweets<\/b><\/div>\n<div><b><br \/><\/b><\/div>\n<div>Verkligen bra r\u00e5d, det! H\u00e4r \u00e4r <a href=\"http:\/\/www.vandravagen.se\/2012\/12\/vrede-och-ilska-och-synd.html\">lite mer om k\u00e4nslor.<\/a><\/div>\n<div><a href=\"http:\/\/1.bp.blogspot.com\/-XJZ1i8fTrDQ\/UgEsuZbZHbI\/AAAAAAAAEtI\/wexhPvNa_JI\/s1600\/Ska%CC%88rmavbild+2013-08-06+kl.+18.59.06.png\"><img loading=\"lazy\" decoding=\"async\" border=\"0\" height=\"72\" src=\"http:\/\/1.bp.blogspot.com\/-XJZ1i8fTrDQ\/UgEsuZbZHbI\/AAAAAAAAEtI\/wexhPvNa_JI\/s400\/Ska%CC%88rmavbild+2013-08-06+kl.+18.59.06.png\" width=\"400\"><\/a><\/div>\n<div><\/div>\n<div><\/div>\n<div>N\u00e4r jag blir stor ska jag bli slagf\u00e4rdig som Chesterton:<\/div>\n<div><a href=\"http:\/\/1.bp.blogspot.com\/-JHsIj5EMCNA\/UgEswBDoD8I\/AAAAAAAAEts\/26oStkbbceA\/s1600\/Ska%CC%88rmavbild+2013-08-06+kl.+19.01.24.png\"><img loading=\"lazy\" decoding=\"async\" border=\"0\" height=\"98\" src=\"http:\/\/1.bp.blogspot.com\/-JHsIj5EMCNA\/UgEswBDoD8I\/AAAAAAAAEts\/26oStkbbceA\/s400\/Ska%CC%88rmavbild+2013-08-06+kl.+19.01.24.png\" width=\"400\"><\/a><\/div>\n<div><\/div>\n<div><\/div>\n<div>\u00c4nnu en k\u00e4pph\u00e4st jag har; vi kan bara m\u00f6tas i v\u00e5r svaghet!<\/div>\n<div><a href=\"http:\/\/3.bp.blogspot.com\/-e6ygu3yL7qc\/UgEsuTDBe-I\/AAAAAAAAEtQ\/zW4TVvTuPkY\/s1600\/Ska%CC%88rmavbild+2013-08-06+kl.+18.59.41.png\"><img loading=\"lazy\" decoding=\"async\" border=\"0\" height=\"73\" src=\"http:\/\/3.bp.blogspot.com\/-e6ygu3yL7qc\/UgEsuTDBe-I\/AAAAAAAAEtQ\/zW4TVvTuPkY\/s400\/Ska%CC%88rmavbild+2013-08-06+kl.+18.59.41.png\" width=\"400\"><\/a><\/div>\n<div><\/div>\n<div><\/div>\n<div><b>Roliga\/\u00f6vriga tweets<\/b><\/div>\n<div><\/div>\n<div><\/div>\n<div><a href=\"http:\/\/3.bp.blogspot.com\/-QLumPlBMew4\/UgEsnwfnMbI\/AAAAAAAAErQ\/cRXIltZHqT8\/s1600\/Ska%CC%88rmavbild+2013-08-06+kl.+18.49.43.png\"><img loading=\"lazy\" decoding=\"async\" border=\"0\" height=\"71\" src=\"http:\/\/3.bp.blogspot.com\/-QLumPlBMew4\/UgEsnwfnMbI\/AAAAAAAAErQ\/cRXIltZHqT8\/s400\/Ska%CC%88rmavbild+2013-08-06+kl.+18.49.43.png\" width=\"400\"><\/a><\/div>\n<\/p>\n<div><\/div>\n<div><a href=\"http:\/\/4.bp.blogspot.com\/-KtnX7k_nsUk\/UgEsnvw8ARI\/AAAAAAAAErU\/5_wQf8wDcc8\/s1600\/Ska%CC%88rmavbild+2013-08-06+kl.+18.50.09.png\"><img loading=\"lazy\" decoding=\"async\" border=\"0\" height=\"73\" src=\"http:\/\/4.bp.blogspot.com\/-KtnX7k_nsUk\/UgEsnvw8ARI\/AAAAAAAAErU\/5_wQf8wDcc8\/s400\/Ska%CC%88rmavbild+2013-08-06+kl.+18.50.09.png\" width=\"400\"><\/a><\/div>\n<div><\/div>\n<div><\/div>\n<div><\/div>\n<div><a href=\"http:\/\/3.bp.blogspot.com\/-jHDEF-lWw7Q\/UgEssQpoHCI\/AAAAAAAAEsk\/p9AhaqPwotQ\/s1600\/Ska%CC%88rmavbild+2013-08-06+kl.+18.57.20.png\"><img loading=\"lazy\" decoding=\"async\" border=\"0\" height=\"73\" src=\"http:\/\/3.bp.blogspot.com\/-jHDEF-lWw7Q\/UgEssQpoHCI\/AAAAAAAAEsk\/p9AhaqPwotQ\/s400\/Ska%CC%88rmavbild+2013-08-06+kl.+18.57.20.png\" width=\"400\"><\/a><\/div>\n<\/p>\n<div><\/div>\n<\/p>\n<div><a href=\"http:\/\/2.bp.blogspot.com\/-qaQ1vjJVApM\/UgEstRGKUGI\/AAAAAAAAEtw\/AZAolvNvqbI\/s1600\/Ska%CC%88rmavbild+2013-08-06+kl.+18.57.59.png\"><img loading=\"lazy\" decoding=\"async\" border=\"0\" height=\"73\" src=\"http:\/\/2.bp.blogspot.com\/-qaQ1vjJVApM\/UgEstRGKUGI\/AAAAAAAAEtw\/AZAolvNvqbI\/s400\/Ska%CC%88rmavbild+2013-08-06+kl.+18.57.59.png\" width=\"400\"><\/a><\/div>\n<\/p>\n<div><\/div>\n<\/p>\n<div><a href=\"http:\/\/2.bp.blogspot.com\/-mEpZYLwBDRw\/UgEsu5E4f4I\/AAAAAAAAEtg\/MxOcIEcBeaE\/s1600\/Ska%CC%88rmavbild+2013-08-06+kl.+18.59.48.png\"><img loading=\"lazy\" decoding=\"async\" border=\"0\" height=\"90\" src=\"http:\/\/2.bp.blogspot.com\/-mEpZYLwBDRw\/UgEsu5E4f4I\/AAAAAAAAEtg\/MxOcIEcBeaE\/s400\/Ska%CC%88rmavbild+2013-08-06+kl.+18.59.48.png\" width=\"400\"><\/a><\/div>\n<\/p>\n<div><\/div>\n<\/p>\n<div><a href=\"http:\/\/3.bp.blogspot.com\/-BZd8lfndzJw\/UgEsv6-X_2I\/AAAAAAAAEuE\/QQlt34hBmHM\/s1600\/Ska%CC%88rmavbild+2013-08-06+kl.+19.00.56.png\"><img loading=\"lazy\" decoding=\"async\" border=\"0\" height=\"57\" src=\"http:\/\/3.bp.blogspot.com\/-BZd8lfndzJw\/UgEsv6-X_2I\/AAAAAAAAEuE\/QQlt34hBmHM\/s400\/Ska%CC%88rmavbild+2013-08-06+kl.+19.00.56.png\" width=\"400\"><\/a><\/div>\n<\/p>\n<div><\/div>\n<\/p>\n<div><a href=\"http:\/\/3.bp.blogspot.com\/-R4_6IjwAweE\/UgEswgT5l8I\/AAAAAAAAEt4\/DJhDNZPR1IQ\/s1600\/Ska%CC%88rmavbild+2013-08-06+kl.+19.01.59.png\"><img loading=\"lazy\" decoding=\"async\" border=\"0\" height=\"87\" src=\"http:\/\/3.bp.blogspot.com\/-R4_6IjwAweE\/UgEswgT5l8I\/AAAAAAAAEt4\/DJhDNZPR1IQ\/s400\/Ska%CC%88rmavbild+2013-08-06+kl.+19.01.59.png\" width=\"400\"><\/a><\/div>\n<div><\/div>\n<div><\/div>\n<div><b>Veckans b\u00e4sta tweet<\/b><\/div>\n<div>med h\u00f6g igenk\u00e4nning f\u00f6r mig sj\u00e4lv st\u00e5r @markus_uvell f\u00f6r:<\/div>\n<div><\/div>\n<div><\/div>\n<div><a href=\"http:\/\/3.bp.blogspot.com\/-6GmuAzklFnc\/UgEssIWEVEI\/AAAAAAAAEso\/v94KKn2B7vA\/s1600\/Ska%CC%88rmavbild+2013-08-06+kl.+18.57.04.png\"><img loading=\"lazy\" decoding=\"async\" border=\"0\" height=\"71\" src=\"http:\/\/3.bp.blogspot.com\/-6GmuAzklFnc\/UgEssIWEVEI\/AAAAAAAAEso\/v94KKn2B7vA\/s400\/Ska%CC%88rmavbild+2013-08-06+kl.+18.57.04.png\" width=\"400\"><\/a><\/div>\n<div><\/div>\n<div>Tack alla, vi g\u00f6r om det h\u00e4r n\u00e4sta vecka med va?<\/div><\/p>\n","protected":false},"excerpt":{"rendered":"<p>Onsdag morgon och h\u00e4r \u00e4r \u00e4nnu en vecka p\u00e5 twitter sammanfattad. Har du twitter kanske du skulle f\u00f6lja n\u00e5gra av dessa? Har du inte twitter kan du tryggt lita p\u00e5 att det kommer en ny sammanst\u00e4llning n\u00e4sta vecka&#8230; Kristna (?) tweets Gud som n\u00f6dl\u00f6sning, att h\u00e5lla sig undan fr\u00e5n i det l\u00e4ngsta? S\u00e5 \u00e4r det [&hellip;]<\/p>\n","protected":false},"author":392,"featured_media":0,"comment_status":"open","ping_status":"open","sticky":false,"template":"","format":"standard","meta":{"_acf_changed":false,"footnotes":""},"categories":[78772],"tags":[],"class_list":["post-417","post","type-post","status-publish","format-standard","hentry","category-favorittweets"],"acf":[],"yoast_head":"<!-- This site is optimized with the Yoast SEO plugin v27.1.1 - https:\/\/yoast.com\/product\/yoast-seo-wordpress\/ -->\n<title>Veckans samlade favortittweets - Vandra V\u00e4gen<\/title>\n<meta name=\"robots\" content=\"index, follow, max-snippet:-1, max-image-preview:large, max-video-preview:-1\" \/>\n<link rel=\"canonical\" href=\"https:\/\/blogg.svenskakyrkan.se\/vandravagen\/2013\/08\/07\/veckans-samlade-favortittweets\/\" \/>\n<meta property=\"og:locale\" content=\"sv_SE\" \/>\n<meta property=\"og:type\" content=\"article\" \/>\n<meta property=\"og:title\" content=\"Veckans samlade favortittweets - Vandra V\u00e4gen\" \/>\n<meta property=\"og:description\" content=\"Onsdag morgon och h\u00e4r \u00e4r \u00e4nnu en vecka p\u00e5 twitter sammanfattad. Har du twitter kanske du skulle f\u00f6lja n\u00e5gra av dessa? Har du inte twitter kan du tryggt lita p\u00e5 att det kommer en ny sammanst\u00e4llning n\u00e4sta vecka&#8230; Kristna (?) tweets Gud som n\u00f6dl\u00f6sning, att h\u00e5lla sig undan fr\u00e5n i det l\u00e4ngsta? S\u00e5 \u00e4r det [&hellip;]\" \/>\n<meta property=\"og:url\" content=\"https:\/\/blogg.svenskakyrkan.se\/vandravagen\/2013\/08\/07\/veckans-samlade-favortittweets\/\" \/>\n<meta property=\"og:site_name\" content=\"Vandra V\u00e4gen\" \/>\n<meta property=\"article:publisher\" content=\"http:\/\/facebook.com\/vandravagen\" \/>\n<meta property=\"article:published_time\" content=\"2013-08-07T05:57:00+00:00\" \/>\n<meta property=\"og:image\" content=\"http:\/\/3.bp.blogspot.com\/-fwwIvTvcH5E\/UgEsnhrn9aI\/AAAAAAAAErM\/kKk0dGSC0uM\/s400\/Ska%CC%88rmavbild+2013-08-06+kl.+18.50.01.png\" \/>\n<meta name=\"author\" content=\"Tomas Jarvid\" \/>\n<meta name=\"twitter:card\" content=\"summary_large_image\" \/>\n<meta name=\"twitter:creator\" content=\"@fadertomas\" \/>\n<meta name=\"twitter:site\" content=\"@fadertomas\" \/>\n<meta name=\"twitter:label1\" content=\"Skriven av\" \/>\n\t<meta name=\"twitter:data1\" content=\"Tomas Jarvid\" \/>\n\t<meta name=\"twitter:label2\" content=\"Ber\u00e4knad l\u00e4stid\" \/>\n\t<meta name=\"twitter:data2\" content=\"1 minut\" \/>\n<script type=\"application\/ld+json\" class=\"yoast-schema-graph\">{\"@context\":\"https:\/\/schema.org\",\"@graph\":[{\"@type\":\"Article\",\"@id\":\"https:\/\/blogg.svenskakyrkan.se\/vandravagen\/2013\/08\/07\/veckans-samlade-favortittweets\/#article\",\"isPartOf\":{\"@id\":\"https:\/\/blogg.svenskakyrkan.se\/vandravagen\/2013\/08\/07\/veckans-samlade-favortittweets\/\"},\"author\":{\"name\":\"Tomas Jarvid\",\"@id\":\"https:\/\/blogg.svenskakyrkan.se\/vandravagen\/#\/schema\/person\/25da02d4f76b137d04291711e2c9fc16\"},\"headline\":\"Veckans samlade favortittweets\",\"datePublished\":\"2013-08-07T05:57:00+00:00\",\"mainEntityOfPage\":{\"@id\":\"https:\/\/blogg.svenskakyrkan.se\/vandravagen\/2013\/08\/07\/veckans-samlade-favortittweets\/\"},\"wordCount\":279,\"commentCount\":0,\"publisher\":{\"@id\":\"https:\/\/blogg.svenskakyrkan.se\/vandravagen\/#organization\"},\"image\":{\"@id\":\"https:\/\/blogg.svenskakyrkan.se\/vandravagen\/2013\/08\/07\/veckans-samlade-favortittweets\/#primaryimage\"},\"thumbnailUrl\":\"http:\/\/3.bp.blogspot.com\/-fwwIvTvcH5E\/UgEsnhrn9aI\/AAAAAAAAErM\/kKk0dGSC0uM\/s400\/Ska%CC%88rmavbild+2013-08-06+kl.+18.50.01.png\",\"articleSection\":[\"favorittweets\"],\"inLanguage\":\"sv-SE\",\"potentialAction\":[{\"@type\":\"CommentAction\",\"name\":\"Comment\",\"target\":[\"https:\/\/blogg.svenskakyrkan.se\/vandravagen\/2013\/08\/07\/veckans-samlade-favortittweets\/#respond\"]}]},{\"@type\":\"WebPage\",\"@id\":\"https:\/\/blogg.svenskakyrkan.se\/vandravagen\/2013\/08\/07\/veckans-samlade-favortittweets\/\",\"url\":\"https:\/\/blogg.svenskakyrkan.se\/vandravagen\/2013\/08\/07\/veckans-samlade-favortittweets\/\",\"name\":\"Veckans samlade favortittweets - Vandra V\u00e4gen\",\"isPartOf\":{\"@id\":\"https:\/\/blogg.svenskakyrkan.se\/vandravagen\/#website\"},\"primaryImageOfPage\":{\"@id\":\"https:\/\/blogg.svenskakyrkan.se\/vandravagen\/2013\/08\/07\/veckans-samlade-favortittweets\/#primaryimage\"},\"image\":{\"@id\":\"https:\/\/blogg.svenskakyrkan.se\/vandravagen\/2013\/08\/07\/veckans-samlade-favortittweets\/#primaryimage\"},\"thumbnailUrl\":\"http:\/\/3.bp.blogspot.com\/-fwwIvTvcH5E\/UgEsnhrn9aI\/AAAAAAAAErM\/kKk0dGSC0uM\/s400\/Ska%CC%88rmavbild+2013-08-06+kl.+18.50.01.png\",\"datePublished\":\"2013-08-07T05:57:00+00:00\",\"breadcrumb\":{\"@id\":\"https:\/\/blogg.svenskakyrkan.se\/vandravagen\/2013\/08\/07\/veckans-samlade-favortittweets\/#breadcrumb\"},\"inLanguage\":\"sv-SE\",\"potentialAction\":[{\"@type\":\"ReadAction\",\"target\":[\"https:\/\/blogg.svenskakyrkan.se\/vandravagen\/2013\/08\/07\/veckans-samlade-favortittweets\/\"]}]},{\"@type\":\"ImageObject\",\"inLanguage\":\"sv-SE\",\"@id\":\"https:\/\/blogg.svenskakyrkan.se\/vandravagen\/2013\/08\/07\/veckans-samlade-favortittweets\/#primaryimage\",\"url\":\"http:\/\/3.bp.blogspot.com\/-fwwIvTvcH5E\/UgEsnhrn9aI\/AAAAAAAAErM\/kKk0dGSC0uM\/s400\/Ska%CC%88rmavbild+2013-08-06+kl.+18.50.01.png\",\"contentUrl\":\"http:\/\/3.bp.blogspot.com\/-fwwIvTvcH5E\/UgEsnhrn9aI\/AAAAAAAAErM\/kKk0dGSC0uM\/s400\/Ska%CC%88rmavbild+2013-08-06+kl.+18.50.01.png\"},{\"@type\":\"BreadcrumbList\",\"@id\":\"https:\/\/blogg.svenskakyrkan.se\/vandravagen\/2013\/08\/07\/veckans-samlade-favortittweets\/#breadcrumb\",\"itemListElement\":[{\"@type\":\"ListItem\",\"position\":1,\"name\":\"Hem\",\"item\":\"https:\/\/blogg.svenskakyrkan.se\/vandravagen\/\"},{\"@type\":\"ListItem\",\"position\":2,\"name\":\"Veckans samlade favortittweets\"}]},{\"@type\":\"WebSite\",\"@id\":\"https:\/\/blogg.svenskakyrkan.se\/vandravagen\/#website\",\"url\":\"https:\/\/blogg.svenskakyrkan.se\/vandravagen\/\",\"name\":\"Vandra V\u00e4gen\",\"description\":\"-Mot en tro f\u00f6r hela livet\",\"publisher\":{\"@id\":\"https:\/\/blogg.svenskakyrkan.se\/vandravagen\/#organization\"},\"potentialAction\":[{\"@type\":\"SearchAction\",\"target\":{\"@type\":\"EntryPoint\",\"urlTemplate\":\"https:\/\/blogg.svenskakyrkan.se\/vandravagen\/?s={search_term_string}\"},\"query-input\":{\"@type\":\"PropertyValueSpecification\",\"valueRequired\":true,\"valueName\":\"search_term_string\"}}],\"inLanguage\":\"sv-SE\"},{\"@type\":\"Organization\",\"@id\":\"https:\/\/blogg.svenskakyrkan.se\/vandravagen\/#organization\",\"name\":\"ulricehamns pastorat\",\"alternateName\":\"ulricehamns pastorat\",\"url\":\"https:\/\/blogg.svenskakyrkan.se\/vandravagen\/\",\"logo\":{\"@type\":\"ImageObject\",\"inLanguage\":\"sv-SE\",\"@id\":\"https:\/\/blogg.svenskakyrkan.se\/vandravagen\/#\/schema\/logo\/image\/\",\"url\":\"https:\/\/blogg.svenskakyrkan.se\/vandravagen\/files\/2023\/05\/Ulr_logo_RGB.png\",\"contentUrl\":\"https:\/\/blogg.svenskakyrkan.se\/vandravagen\/files\/2023\/05\/Ulr_logo_RGB.png\",\"width\":205,\"height\":77,\"caption\":\"ulricehamns pastorat\"},\"image\":{\"@id\":\"https:\/\/blogg.svenskakyrkan.se\/vandravagen\/#\/schema\/logo\/image\/\"},\"sameAs\":[\"http:\/\/facebook.com\/vandravagen\",\"https:\/\/x.com\/fadertomas\",\"http:\/\/www.facebook.com\/svenskakyrkaniulricehamn\"]},{\"@type\":\"Person\",\"@id\":\"https:\/\/blogg.svenskakyrkan.se\/vandravagen\/#\/schema\/person\/25da02d4f76b137d04291711e2c9fc16\",\"name\":\"Tomas Jarvid\",\"image\":{\"@type\":\"ImageObject\",\"inLanguage\":\"sv-SE\",\"@id\":\"https:\/\/blogg.svenskakyrkan.se\/vandravagen\/#\/schema\/person\/image\/\",\"url\":\"https:\/\/secure.gravatar.com\/avatar\/7fa71899795e8f540f615a1f5ab25255dc27aa40f05ee7ddd21aac521e01bf50?s=96&d=identicon&r=g\",\"contentUrl\":\"https:\/\/secure.gravatar.com\/avatar\/7fa71899795e8f540f615a1f5ab25255dc27aa40f05ee7ddd21aac521e01bf50?s=96&d=identicon&r=g\",\"caption\":\"Tomas Jarvid\"},\"description\":\"Jag bor i Ulricehamn i V\u00e4sterg\u00f6tland och \u00e4r f\u00f6rsamlingspr\u00e4st i Svenska Kyrkan f\u00f6r Dalstorps f\u00f6rsamling i Kinds pastorat. P\u00e5 den h\u00e4r bloggen skriver jag ner tankar om vandringen som kristen.\",\"sameAs\":[\"http:\/\/www.vandravagen.se\"],\"url\":\"https:\/\/blogg.svenskakyrkan.se\/vandravagen\/author\/vandravagen\/\"}]}<\/script>\n<!-- \/ Yoast SEO plugin. -->","yoast_head_json":{"title":"Veckans samlade favortittweets - Vandra V\u00e4gen","robots":{"index":"index","follow":"follow","max-snippet":"max-snippet:-1","max-image-preview":"max-image-preview:large","max-video-preview":"max-video-preview:-1"},"canonical":"https:\/\/blogg.svenskakyrkan.se\/vandravagen\/2013\/08\/07\/veckans-samlade-favortittweets\/","og_locale":"sv_SE","og_type":"article","og_title":"Veckans samlade favortittweets - Vandra V\u00e4gen","og_description":"Onsdag morgon och h\u00e4r \u00e4r \u00e4nnu en vecka p\u00e5 twitter sammanfattad. Har du twitter kanske du skulle f\u00f6lja n\u00e5gra av dessa? Har du inte twitter kan du tryggt lita p\u00e5 att det kommer en ny sammanst\u00e4llning n\u00e4sta vecka&#8230; Kristna (?) tweets Gud som n\u00f6dl\u00f6sning, att h\u00e5lla sig undan fr\u00e5n i det l\u00e4ngsta? S\u00e5 \u00e4r det [&hellip;]","og_url":"https:\/\/blogg.svenskakyrkan.se\/vandravagen\/2013\/08\/07\/veckans-samlade-favortittweets\/","og_site_name":"Vandra V\u00e4gen","article_publisher":"http:\/\/facebook.com\/vandravagen","article_published_time":"2013-08-07T05:57:00+00:00","og_image":[{"url":"http:\/\/3.bp.blogspot.com\/-fwwIvTvcH5E\/UgEsnhrn9aI\/AAAAAAAAErM\/kKk0dGSC0uM\/s400\/Ska%CC%88rmavbild+2013-08-06+kl.+18.50.01.png","type":"","width":"","height":""}],"author":"Tomas Jarvid","twitter_card":"summary_large_image","twitter_creator":"@fadertomas","twitter_site":"@fadertomas","twitter_misc":{"Skriven av":"Tomas Jarvid","Ber\u00e4knad l\u00e4stid":"1 minut"},"schema":{"@context":"https:\/\/schema.org","@graph":[{"@type":"Article","@id":"https:\/\/blogg.svenskakyrkan.se\/vandravagen\/2013\/08\/07\/veckans-samlade-favortittweets\/#article","isPartOf":{"@id":"https:\/\/blogg.svenskakyrkan.se\/vandravagen\/2013\/08\/07\/veckans-samlade-favortittweets\/"},"author":{"name":"Tomas Jarvid","@id":"https:\/\/blogg.svenskakyrkan.se\/vandravagen\/#\/schema\/person\/25da02d4f76b137d04291711e2c9fc16"},"headline":"Veckans samlade favortittweets","datePublished":"2013-08-07T05:57:00+00:00","mainEntityOfPage":{"@id":"https:\/\/blogg.svenskakyrkan.se\/vandravagen\/2013\/08\/07\/veckans-samlade-favortittweets\/"},"wordCount":279,"commentCount":0,"publisher":{"@id":"https:\/\/blogg.svenskakyrkan.se\/vandravagen\/#organization"},"image":{"@id":"https:\/\/blogg.svenskakyrkan.se\/vandravagen\/2013\/08\/07\/veckans-samlade-favortittweets\/#primaryimage"},"thumbnailUrl":"http:\/\/3.bp.blogspot.com\/-fwwIvTvcH5E\/UgEsnhrn9aI\/AAAAAAAAErM\/kKk0dGSC0uM\/s400\/Ska%CC%88rmavbild+2013-08-06+kl.+18.50.01.png","articleSection":["favorittweets"],"inLanguage":"sv-SE","potentialAction":[{"@type":"CommentAction","name":"Comment","target":["https:\/\/blogg.svenskakyrkan.se\/vandravagen\/2013\/08\/07\/veckans-samlade-favortittweets\/#respond"]}]},{"@type":"WebPage","@id":"https:\/\/blogg.svenskakyrkan.se\/vandravagen\/2013\/08\/07\/veckans-samlade-favortittweets\/","url":"https:\/\/blogg.svenskakyrkan.se\/vandravagen\/2013\/08\/07\/veckans-samlade-favortittweets\/","name":"Veckans samlade favortittweets - Vandra V\u00e4gen","isPartOf":{"@id":"https:\/\/blogg.svenskakyrkan.se\/vandravagen\/#website"},"primaryImageOfPage":{"@id":"https:\/\/blogg.svenskakyrkan.se\/vandravagen\/2013\/08\/07\/veckans-samlade-favortittweets\/#primaryimage"},"image":{"@id":"https:\/\/blogg.svenskakyrkan.se\/vandravagen\/2013\/08\/07\/veckans-samlade-favortittweets\/#primaryimage"},"thumbnailUrl":"http:\/\/3.bp.blogspot.com\/-fwwIvTvcH5E\/UgEsnhrn9aI\/AAAAAAAAErM\/kKk0dGSC0uM\/s400\/Ska%CC%88rmavbild+2013-08-06+kl.+18.50.01.png","datePublished":"2013-08-07T05:57:00+00:00","breadcrumb":{"@id":"https:\/\/blogg.svenskakyrkan.se\/vandravagen\/2013\/08\/07\/veckans-samlade-favortittweets\/#breadcrumb"},"inLanguage":"sv-SE","potentialAction":[{"@type":"ReadAction","target":["https:\/\/blogg.svenskakyrkan.se\/vandravagen\/2013\/08\/07\/veckans-samlade-favortittweets\/"]}]},{"@type":"ImageObject","inLanguage":"sv-SE","@id":"https:\/\/blogg.svenskakyrkan.se\/vandravagen\/2013\/08\/07\/veckans-samlade-favortittweets\/#primaryimage","url":"http:\/\/3.bp.blogspot.com\/-fwwIvTvcH5E\/UgEsnhrn9aI\/AAAAAAAAErM\/kKk0dGSC0uM\/s400\/Ska%CC%88rmavbild+2013-08-06+kl.+18.50.01.png","contentUrl":"http:\/\/3.bp.blogspot.com\/-fwwIvTvcH5E\/UgEsnhrn9aI\/AAAAAAAAErM\/kKk0dGSC0uM\/s400\/Ska%CC%88rmavbild+2013-08-06+kl.+18.50.01.png"},{"@type":"BreadcrumbList","@id":"https:\/\/blogg.svenskakyrkan.se\/vandravagen\/2013\/08\/07\/veckans-samlade-favortittweets\/#breadcrumb","itemListElement":[{"@type":"ListItem","position":1,"name":"Hem","item":"https:\/\/blogg.svenskakyrkan.se\/vandravagen\/"},{"@type":"ListItem","position":2,"name":"Veckans samlade favortittweets"}]},{"@type":"WebSite","@id":"https:\/\/blogg.svenskakyrkan.se\/vandravagen\/#website","url":"https:\/\/blogg.svenskakyrkan.se\/vandravagen\/","name":"Vandra V\u00e4gen","description":"-Mot en tro f\u00f6r hela livet","publisher":{"@id":"https:\/\/blogg.svenskakyrkan.se\/vandravagen\/#organization"},"potentialAction":[{"@type":"SearchAction","target":{"@type":"EntryPoint","urlTemplate":"https:\/\/blogg.svenskakyrkan.se\/vandravagen\/?s={search_term_string}"},"query-input":{"@type":"PropertyValueSpecification","valueRequired":true,"valueName":"search_term_string"}}],"inLanguage":"sv-SE"},{"@type":"Organization","@id":"https:\/\/blogg.svenskakyrkan.se\/vandravagen\/#organization","name":"ulricehamns pastorat","alternateName":"ulricehamns pastorat","url":"https:\/\/blogg.svenskakyrkan.se\/vandravagen\/","logo":{"@type":"ImageObject","inLanguage":"sv-SE","@id":"https:\/\/blogg.svenskakyrkan.se\/vandravagen\/#\/schema\/logo\/image\/","url":"https:\/\/blogg.svenskakyrkan.se\/vandravagen\/files\/2023\/05\/Ulr_logo_RGB.png","contentUrl":"https:\/\/blogg.svenskakyrkan.se\/vandravagen\/files\/2023\/05\/Ulr_logo_RGB.png","width":205,"height":77,"caption":"ulricehamns pastorat"},"image":{"@id":"https:\/\/blogg.svenskakyrkan.se\/vandravagen\/#\/schema\/logo\/image\/"},"sameAs":["http:\/\/facebook.com\/vandravagen","https:\/\/x.com\/fadertomas","http:\/\/www.facebook.com\/svenskakyrkaniulricehamn"]},{"@type":"Person","@id":"https:\/\/blogg.svenskakyrkan.se\/vandravagen\/#\/schema\/person\/25da02d4f76b137d04291711e2c9fc16","name":"Tomas Jarvid","image":{"@type":"ImageObject","inLanguage":"sv-SE","@id":"https:\/\/blogg.svenskakyrkan.se\/vandravagen\/#\/schema\/person\/image\/","url":"https:\/\/secure.gravatar.com\/avatar\/7fa71899795e8f540f615a1f5ab25255dc27aa40f05ee7ddd21aac521e01bf50?s=96&d=identicon&r=g","contentUrl":"https:\/\/secure.gravatar.com\/avatar\/7fa71899795e8f540f615a1f5ab25255dc27aa40f05ee7ddd21aac521e01bf50?s=96&d=identicon&r=g","caption":"Tomas Jarvid"},"description":"Jag bor i Ulricehamn i V\u00e4sterg\u00f6tland och \u00e4r f\u00f6rsamlingspr\u00e4st i Svenska Kyrkan f\u00f6r Dalstorps f\u00f6rsamling i Kinds pastorat. P\u00e5 den h\u00e4r bloggen skriver jag ner tankar om vandringen som kristen.","sameAs":["http:\/\/www.vandravagen.se"],"url":"https:\/\/blogg.svenskakyrkan.se\/vandravagen\/author\/vandravagen\/"}]}},"author_meta":{"ID":"392","user_nicename":"vandravagen","user_url":"http:\/\/www.vandravagen.se","user_registered":"2014-05-19 05:44:52","display_name":"Tomas Jarvid","first_name":"Tomas","last_name":"Jarvid","avatar":"https:\/\/secure.gravatar.com\/avatar\/7fa71899795e8f540f615a1f5ab25255dc27aa40f05ee7ddd21aac521e01bf50?s=96&d=identicon&r=g"},"featured_image":false,"bloginfo":{"name":"Vandra V\u00e4gen","url":"https:\/\/blogg.svenskakyrkan.se\/vandravagen"},"_links":{"self":[{"href":"https:\/\/blogg.svenskakyrkan.se\/vandravagen\/wp-json\/wp\/v2\/posts\/417","targetHints":{"allow":["GET"]}}],"collection":[{"href":"https:\/\/blogg.svenskakyrkan.se\/vandravagen\/wp-json\/wp\/v2\/posts"}],"about":[{"href":"https:\/\/blogg.svenskakyrkan.se\/vandravagen\/wp-json\/wp\/v2\/types\/post"}],"author":[{"embeddable":true,"href":"https:\/\/blogg.svenskakyrkan.se\/vandravagen\/wp-json\/wp\/v2\/users\/392"}],"replies":[{"embeddable":true,"href":"https:\/\/blogg.svenskakyrkan.se\/vandravagen\/wp-json\/wp\/v2\/comments?post=417"}],"version-history":[{"count":0,"href":"https:\/\/blogg.svenskakyrkan.se\/vandravagen\/wp-json\/wp\/v2\/posts\/417\/revisions"}],"wp:attachment":[{"href":"https:\/\/blogg.svenskakyrkan.se\/vandravagen\/wp-json\/wp\/v2\/media?parent=417"}],"wp:term":[{"taxonomy":"category","embeddable":true,"href":"https:\/\/blogg.svenskakyrkan.se\/vandravagen\/wp-json\/wp\/v2\/categories?post=417"},{"taxonomy":"post_tag","embeddable":true,"href":"https:\/\/blogg.svenskakyrkan.se\/vandravagen\/wp-json\/wp\/v2\/tags?post=417"}],"curies":[{"name":"wp","href":"https:\/\/api.w.org\/{rel}","templated":true}]}}