{"id":418,"date":"2013-08-06T18:00:00","date_gmt":"2013-08-06T16:00:00","guid":{"rendered":"http:\/\/blogg.svenskakyrkan.se\/vandravagen\/2013\/08\/06\/here-i-am-lord-musik-som-kan-fa-starka-att-grata\/"},"modified":"2013-08-06T18:00:00","modified_gmt":"2013-08-06T16:00:00","slug":"here-i-am-lord-musik-som-kan-fa-starka-att-grata","status":"publish","type":"post","link":"https:\/\/blogg.svenskakyrkan.se\/vandravagen\/2013\/08\/06\/here-i-am-lord-musik-som-kan-fa-starka-att-grata\/","title":{"rendered":"Here I am, Lord, musik som kan f\u00e5 starka att gr\u00e5ta!"},"content":{"rendered":"<div><\/div>\n<div><\/div>\n<div>\n<div><span><br \/><\/span><\/div>\n<div>Jag har h\u00f6rt denna s\u00e5ng utomlands men aldrig i Sverige, sjungs den h\u00e4r? Hur som helst \u00e4r detta bland det vackraste jag h\u00f6rt av kristna s\u00e5nger, det tr\u00e4ffar n\u00e5gonting djupt inom mig.<\/div>\n<div><\/div>\n<div>Det \u00e4r vackra ord om att h\u00f6rsamma Guds kallelse och st\u00e4lla sig till Guds f\u00f6rfogande, och sammantaget med musiken blir det magiskt!\u00a0<\/div>\n<div><\/div>\n<div>S\u00e5ngen \u00e4r inspirerad av Jesajas kallelse till profet som vi kan l\u00e4sa om i Jesaja kapitel 6 (bibel 2000):<\/div>\n<div><\/div>\n<div>\n<div><span>1<\/span>Det \u00e5r d\u00e5 kung Ussia dog s\u00e5g jag Herren. Han satt p\u00e5 en h\u00f6g och upph\u00f6jd tron, och hans mantelsl\u00e4p fyllde templet.\u00a0<span>2<\/span>Serafer stod ovanf\u00f6r honom, var och en med sex vingar: med tv\u00e5 vingar skylde de ansiktet, med tv\u00e5 skylde de kroppen och med tv\u00e5 fl\u00f6g de.\u00a0<span>3<\/span>Och de ropade till varandra:<\/div>\n<div><\/div>\n<\/div>\n<div>\n<div>\n<div>Helig, helig, helig<\/div>\n<\/div>\n<div>\n<div>\u00e4r Herren Sebaot!<\/div>\n<\/div>\n<div>\n<div>Hela jorden \u00e4r full av hans h\u00e4rlighet.<\/div>\n<\/div>\n<\/div>\n<div>\n<div><span><br \/><\/span><\/div>\n<div><span>4<\/span>Ropet kom tr\u00f6sklarna att skaka i sina f\u00e4sten, och templet fylldes av r\u00f6k.\u00a0<span>5<\/span>Jag sade:<\/div>\n<\/div>\n<div>\n<div>\n<div>Ve mig! Jag \u00e4r f\u00f6rlorad,<\/div>\n<\/div>\n<div>\n<div>ty jag har orena l\u00e4ppar<\/div>\n<\/div>\n<div>\n<div>och jag bor bland ett folk med orena l\u00e4ppar,<\/div>\n<\/div>\n<div>\n<div>och mina \u00f6gon har sett<\/div>\n<\/div>\n<div>\n<div>Konungen, Herren Sebaot.<\/div>\n<\/div>\n<\/div>\n<div>\n<div><span><br \/><\/span><\/div>\n<div><span>6<\/span>En av seraferna fl\u00f6g fram till mig med ett gl\u00f6dande kol som han hade tagit fr\u00e5n altaret med en t\u00e5ng.<span>7<\/span>Med det vidr\u00f6rde han min mun och sade: \u201dN\u00e4r detta vidr\u00f6r dina l\u00e4ppar blir din skuld borttagen och din synd sonad.\u201d\u00a0<span>8<\/span>Och jag h\u00f6rde Herrens r\u00f6st. Han sade: \u201dVem skall jag s\u00e4nda, vem vill vara v\u00e5r budb\u00e4rare?\u201d Jag svarade: \u201dJag, s\u00e4nd mig!\u201d<\/div>\n<\/div>\n<\/div>\n<div>\n<div>Har du h\u00f6rt detta innan? Visst \u00e4r det fantastiskt!<\/div>\n<\/div>\n","protected":false},"excerpt":{"rendered":"<p>Jag har h\u00f6rt denna s\u00e5ng utomlands men aldrig i Sverige, sjungs den h\u00e4r? Hur som helst \u00e4r detta bland det vackraste jag h\u00f6rt av kristna s\u00e5nger, det tr\u00e4ffar n\u00e5gonting djupt inom mig. Det \u00e4r vackra ord om att h\u00f6rsamma Guds kallelse och st\u00e4lla sig till Guds f\u00f6rfogande, och sammantaget med musiken blir det magiskt!\u00a0 S\u00e5ngen [&hellip;]<\/p>\n","protected":false},"author":392,"featured_media":0,"comment_status":"open","ping_status":"open","sticky":false,"template":"","format":"standard","meta":{"_acf_changed":false,"footnotes":""},"categories":[8287,8266,117],"tags":[],"class_list":["post-418","post","type-post","status-publish","format-standard","hentry","category-mission","category-musik","category-teologi"],"acf":[],"yoast_head":"<!-- This site is optimized with the Yoast SEO plugin v27.1.1 - https:\/\/yoast.com\/product\/yoast-seo-wordpress\/ -->\n<title>Here I am, Lord, musik som kan f\u00e5 starka att gr\u00e5ta! - Vandra V\u00e4gen<\/title>\n<meta name=\"robots\" content=\"index, follow, max-snippet:-1, max-image-preview:large, max-video-preview:-1\" \/>\n<link rel=\"canonical\" href=\"https:\/\/blogg.svenskakyrkan.se\/vandravagen\/2013\/08\/06\/here-i-am-lord-musik-som-kan-fa-starka-att-grata\/\" \/>\n<meta property=\"og:locale\" content=\"sv_SE\" \/>\n<meta property=\"og:type\" content=\"article\" \/>\n<meta property=\"og:title\" content=\"Here I am, Lord, musik som kan f\u00e5 starka att gr\u00e5ta! - Vandra V\u00e4gen\" \/>\n<meta property=\"og:description\" content=\"Jag har h\u00f6rt denna s\u00e5ng utomlands men aldrig i Sverige, sjungs den h\u00e4r? Hur som helst \u00e4r detta bland det vackraste jag h\u00f6rt av kristna s\u00e5nger, det tr\u00e4ffar n\u00e5gonting djupt inom mig. Det \u00e4r vackra ord om att h\u00f6rsamma Guds kallelse och st\u00e4lla sig till Guds f\u00f6rfogande, och sammantaget med musiken blir det magiskt!\u00a0 S\u00e5ngen [&hellip;]\" \/>\n<meta property=\"og:url\" content=\"https:\/\/blogg.svenskakyrkan.se\/vandravagen\/2013\/08\/06\/here-i-am-lord-musik-som-kan-fa-starka-att-grata\/\" \/>\n<meta property=\"og:site_name\" content=\"Vandra V\u00e4gen\" \/>\n<meta property=\"article:publisher\" content=\"http:\/\/facebook.com\/vandravagen\" \/>\n<meta property=\"article:published_time\" content=\"2013-08-06T16:00:00+00:00\" \/>\n<meta name=\"author\" content=\"Tomas Jarvid\" \/>\n<meta name=\"twitter:card\" content=\"summary_large_image\" \/>\n<meta name=\"twitter:creator\" content=\"@fadertomas\" \/>\n<meta name=\"twitter:site\" content=\"@fadertomas\" \/>\n<meta name=\"twitter:label1\" content=\"Skriven av\" \/>\n\t<meta name=\"twitter:data1\" content=\"Tomas Jarvid\" \/>\n\t<meta name=\"twitter:label2\" content=\"Ber\u00e4knad l\u00e4stid\" \/>\n\t<meta name=\"twitter:data2\" content=\"1 minut\" \/>\n<script type=\"application\/ld+json\" class=\"yoast-schema-graph\">{\"@context\":\"https:\/\/schema.org\",\"@graph\":[{\"@type\":\"Article\",\"@id\":\"https:\/\/blogg.svenskakyrkan.se\/vandravagen\/2013\/08\/06\/here-i-am-lord-musik-som-kan-fa-starka-att-grata\/#article\",\"isPartOf\":{\"@id\":\"https:\/\/blogg.svenskakyrkan.se\/vandravagen\/2013\/08\/06\/here-i-am-lord-musik-som-kan-fa-starka-att-grata\/\"},\"author\":{\"name\":\"Tomas Jarvid\",\"@id\":\"https:\/\/blogg.svenskakyrkan.se\/vandravagen\/#\/schema\/person\/25da02d4f76b137d04291711e2c9fc16\"},\"headline\":\"Here I am, Lord, musik som kan f\u00e5 starka att gr\u00e5ta!\",\"datePublished\":\"2013-08-06T16:00:00+00:00\",\"mainEntityOfPage\":{\"@id\":\"https:\/\/blogg.svenskakyrkan.se\/vandravagen\/2013\/08\/06\/here-i-am-lord-musik-som-kan-fa-starka-att-grata\/\"},\"wordCount\":302,\"commentCount\":2,\"publisher\":{\"@id\":\"https:\/\/blogg.svenskakyrkan.se\/vandravagen\/#organization\"},\"articleSection\":[\"mission\",\"musik\",\"Teologi\"],\"inLanguage\":\"sv-SE\",\"potentialAction\":[{\"@type\":\"CommentAction\",\"name\":\"Comment\",\"target\":[\"https:\/\/blogg.svenskakyrkan.se\/vandravagen\/2013\/08\/06\/here-i-am-lord-musik-som-kan-fa-starka-att-grata\/#respond\"]}]},{\"@type\":\"WebPage\",\"@id\":\"https:\/\/blogg.svenskakyrkan.se\/vandravagen\/2013\/08\/06\/here-i-am-lord-musik-som-kan-fa-starka-att-grata\/\",\"url\":\"https:\/\/blogg.svenskakyrkan.se\/vandravagen\/2013\/08\/06\/here-i-am-lord-musik-som-kan-fa-starka-att-grata\/\",\"name\":\"Here I am, Lord, musik som kan f\u00e5 starka att gr\u00e5ta! - Vandra V\u00e4gen\",\"isPartOf\":{\"@id\":\"https:\/\/blogg.svenskakyrkan.se\/vandravagen\/#website\"},\"datePublished\":\"2013-08-06T16:00:00+00:00\",\"breadcrumb\":{\"@id\":\"https:\/\/blogg.svenskakyrkan.se\/vandravagen\/2013\/08\/06\/here-i-am-lord-musik-som-kan-fa-starka-att-grata\/#breadcrumb\"},\"inLanguage\":\"sv-SE\",\"potentialAction\":[{\"@type\":\"ReadAction\",\"target\":[\"https:\/\/blogg.svenskakyrkan.se\/vandravagen\/2013\/08\/06\/here-i-am-lord-musik-som-kan-fa-starka-att-grata\/\"]}]},{\"@type\":\"BreadcrumbList\",\"@id\":\"https:\/\/blogg.svenskakyrkan.se\/vandravagen\/2013\/08\/06\/here-i-am-lord-musik-som-kan-fa-starka-att-grata\/#breadcrumb\",\"itemListElement\":[{\"@type\":\"ListItem\",\"position\":1,\"name\":\"Hem\",\"item\":\"https:\/\/blogg.svenskakyrkan.se\/vandravagen\/\"},{\"@type\":\"ListItem\",\"position\":2,\"name\":\"Here I am, Lord, musik som kan f\u00e5 starka att gr\u00e5ta!\"}]},{\"@type\":\"WebSite\",\"@id\":\"https:\/\/blogg.svenskakyrkan.se\/vandravagen\/#website\",\"url\":\"https:\/\/blogg.svenskakyrkan.se\/vandravagen\/\",\"name\":\"Vandra V\u00e4gen\",\"description\":\"-Mot en tro f\u00f6r hela livet\",\"publisher\":{\"@id\":\"https:\/\/blogg.svenskakyrkan.se\/vandravagen\/#organization\"},\"potentialAction\":[{\"@type\":\"SearchAction\",\"target\":{\"@type\":\"EntryPoint\",\"urlTemplate\":\"https:\/\/blogg.svenskakyrkan.se\/vandravagen\/?s={search_term_string}\"},\"query-input\":{\"@type\":\"PropertyValueSpecification\",\"valueRequired\":true,\"valueName\":\"search_term_string\"}}],\"inLanguage\":\"sv-SE\"},{\"@type\":\"Organization\",\"@id\":\"https:\/\/blogg.svenskakyrkan.se\/vandravagen\/#organization\",\"name\":\"ulricehamns pastorat\",\"alternateName\":\"ulricehamns pastorat\",\"url\":\"https:\/\/blogg.svenskakyrkan.se\/vandravagen\/\",\"logo\":{\"@type\":\"ImageObject\",\"inLanguage\":\"sv-SE\",\"@id\":\"https:\/\/blogg.svenskakyrkan.se\/vandravagen\/#\/schema\/logo\/image\/\",\"url\":\"https:\/\/blogg.svenskakyrkan.se\/vandravagen\/files\/2023\/05\/Ulr_logo_RGB.png\",\"contentUrl\":\"https:\/\/blogg.svenskakyrkan.se\/vandravagen\/files\/2023\/05\/Ulr_logo_RGB.png\",\"width\":205,\"height\":77,\"caption\":\"ulricehamns pastorat\"},\"image\":{\"@id\":\"https:\/\/blogg.svenskakyrkan.se\/vandravagen\/#\/schema\/logo\/image\/\"},\"sameAs\":[\"http:\/\/facebook.com\/vandravagen\",\"https:\/\/x.com\/fadertomas\",\"http:\/\/www.facebook.com\/svenskakyrkaniulricehamn\"]},{\"@type\":\"Person\",\"@id\":\"https:\/\/blogg.svenskakyrkan.se\/vandravagen\/#\/schema\/person\/25da02d4f76b137d04291711e2c9fc16\",\"name\":\"Tomas Jarvid\",\"image\":{\"@type\":\"ImageObject\",\"inLanguage\":\"sv-SE\",\"@id\":\"https:\/\/blogg.svenskakyrkan.se\/vandravagen\/#\/schema\/person\/image\/\",\"url\":\"https:\/\/secure.gravatar.com\/avatar\/7fa71899795e8f540f615a1f5ab25255dc27aa40f05ee7ddd21aac521e01bf50?s=96&d=identicon&r=g\",\"contentUrl\":\"https:\/\/secure.gravatar.com\/avatar\/7fa71899795e8f540f615a1f5ab25255dc27aa40f05ee7ddd21aac521e01bf50?s=96&d=identicon&r=g\",\"caption\":\"Tomas Jarvid\"},\"description\":\"Jag bor i Ulricehamn i V\u00e4sterg\u00f6tland och \u00e4r f\u00f6rsamlingspr\u00e4st i Svenska Kyrkan f\u00f6r Dalstorps f\u00f6rsamling i Kinds pastorat. P\u00e5 den h\u00e4r bloggen skriver jag ner tankar om vandringen som kristen.\",\"sameAs\":[\"http:\/\/www.vandravagen.se\"],\"url\":\"https:\/\/blogg.svenskakyrkan.se\/vandravagen\/author\/vandravagen\/\"}]}<\/script>\n<!-- \/ Yoast SEO plugin. -->","yoast_head_json":{"title":"Here I am, Lord, musik som kan f\u00e5 starka att gr\u00e5ta! - Vandra V\u00e4gen","robots":{"index":"index","follow":"follow","max-snippet":"max-snippet:-1","max-image-preview":"max-image-preview:large","max-video-preview":"max-video-preview:-1"},"canonical":"https:\/\/blogg.svenskakyrkan.se\/vandravagen\/2013\/08\/06\/here-i-am-lord-musik-som-kan-fa-starka-att-grata\/","og_locale":"sv_SE","og_type":"article","og_title":"Here I am, Lord, musik som kan f\u00e5 starka att gr\u00e5ta! - Vandra V\u00e4gen","og_description":"Jag har h\u00f6rt denna s\u00e5ng utomlands men aldrig i Sverige, sjungs den h\u00e4r? Hur som helst \u00e4r detta bland det vackraste jag h\u00f6rt av kristna s\u00e5nger, det tr\u00e4ffar n\u00e5gonting djupt inom mig. Det \u00e4r vackra ord om att h\u00f6rsamma Guds kallelse och st\u00e4lla sig till Guds f\u00f6rfogande, och sammantaget med musiken blir det magiskt!\u00a0 S\u00e5ngen [&hellip;]","og_url":"https:\/\/blogg.svenskakyrkan.se\/vandravagen\/2013\/08\/06\/here-i-am-lord-musik-som-kan-fa-starka-att-grata\/","og_site_name":"Vandra V\u00e4gen","article_publisher":"http:\/\/facebook.com\/vandravagen","article_published_time":"2013-08-06T16:00:00+00:00","author":"Tomas Jarvid","twitter_card":"summary_large_image","twitter_creator":"@fadertomas","twitter_site":"@fadertomas","twitter_misc":{"Skriven av":"Tomas Jarvid","Ber\u00e4knad l\u00e4stid":"1 minut"},"schema":{"@context":"https:\/\/schema.org","@graph":[{"@type":"Article","@id":"https:\/\/blogg.svenskakyrkan.se\/vandravagen\/2013\/08\/06\/here-i-am-lord-musik-som-kan-fa-starka-att-grata\/#article","isPartOf":{"@id":"https:\/\/blogg.svenskakyrkan.se\/vandravagen\/2013\/08\/06\/here-i-am-lord-musik-som-kan-fa-starka-att-grata\/"},"author":{"name":"Tomas Jarvid","@id":"https:\/\/blogg.svenskakyrkan.se\/vandravagen\/#\/schema\/person\/25da02d4f76b137d04291711e2c9fc16"},"headline":"Here I am, Lord, musik som kan f\u00e5 starka att gr\u00e5ta!","datePublished":"2013-08-06T16:00:00+00:00","mainEntityOfPage":{"@id":"https:\/\/blogg.svenskakyrkan.se\/vandravagen\/2013\/08\/06\/here-i-am-lord-musik-som-kan-fa-starka-att-grata\/"},"wordCount":302,"commentCount":2,"publisher":{"@id":"https:\/\/blogg.svenskakyrkan.se\/vandravagen\/#organization"},"articleSection":["mission","musik","Teologi"],"inLanguage":"sv-SE","potentialAction":[{"@type":"CommentAction","name":"Comment","target":["https:\/\/blogg.svenskakyrkan.se\/vandravagen\/2013\/08\/06\/here-i-am-lord-musik-som-kan-fa-starka-att-grata\/#respond"]}]},{"@type":"WebPage","@id":"https:\/\/blogg.svenskakyrkan.se\/vandravagen\/2013\/08\/06\/here-i-am-lord-musik-som-kan-fa-starka-att-grata\/","url":"https:\/\/blogg.svenskakyrkan.se\/vandravagen\/2013\/08\/06\/here-i-am-lord-musik-som-kan-fa-starka-att-grata\/","name":"Here I am, Lord, musik som kan f\u00e5 starka att gr\u00e5ta! - Vandra V\u00e4gen","isPartOf":{"@id":"https:\/\/blogg.svenskakyrkan.se\/vandravagen\/#website"},"datePublished":"2013-08-06T16:00:00+00:00","breadcrumb":{"@id":"https:\/\/blogg.svenskakyrkan.se\/vandravagen\/2013\/08\/06\/here-i-am-lord-musik-som-kan-fa-starka-att-grata\/#breadcrumb"},"inLanguage":"sv-SE","potentialAction":[{"@type":"ReadAction","target":["https:\/\/blogg.svenskakyrkan.se\/vandravagen\/2013\/08\/06\/here-i-am-lord-musik-som-kan-fa-starka-att-grata\/"]}]},{"@type":"BreadcrumbList","@id":"https:\/\/blogg.svenskakyrkan.se\/vandravagen\/2013\/08\/06\/here-i-am-lord-musik-som-kan-fa-starka-att-grata\/#breadcrumb","itemListElement":[{"@type":"ListItem","position":1,"name":"Hem","item":"https:\/\/blogg.svenskakyrkan.se\/vandravagen\/"},{"@type":"ListItem","position":2,"name":"Here I am, Lord, musik som kan f\u00e5 starka att gr\u00e5ta!"}]},{"@type":"WebSite","@id":"https:\/\/blogg.svenskakyrkan.se\/vandravagen\/#website","url":"https:\/\/blogg.svenskakyrkan.se\/vandravagen\/","name":"Vandra V\u00e4gen","description":"-Mot en tro f\u00f6r hela livet","publisher":{"@id":"https:\/\/blogg.svenskakyrkan.se\/vandravagen\/#organization"},"potentialAction":[{"@type":"SearchAction","target":{"@type":"EntryPoint","urlTemplate":"https:\/\/blogg.svenskakyrkan.se\/vandravagen\/?s={search_term_string}"},"query-input":{"@type":"PropertyValueSpecification","valueRequired":true,"valueName":"search_term_string"}}],"inLanguage":"sv-SE"},{"@type":"Organization","@id":"https:\/\/blogg.svenskakyrkan.se\/vandravagen\/#organization","name":"ulricehamns pastorat","alternateName":"ulricehamns pastorat","url":"https:\/\/blogg.svenskakyrkan.se\/vandravagen\/","logo":{"@type":"ImageObject","inLanguage":"sv-SE","@id":"https:\/\/blogg.svenskakyrkan.se\/vandravagen\/#\/schema\/logo\/image\/","url":"https:\/\/blogg.svenskakyrkan.se\/vandravagen\/files\/2023\/05\/Ulr_logo_RGB.png","contentUrl":"https:\/\/blogg.svenskakyrkan.se\/vandravagen\/files\/2023\/05\/Ulr_logo_RGB.png","width":205,"height":77,"caption":"ulricehamns pastorat"},"image":{"@id":"https:\/\/blogg.svenskakyrkan.se\/vandravagen\/#\/schema\/logo\/image\/"},"sameAs":["http:\/\/facebook.com\/vandravagen","https:\/\/x.com\/fadertomas","http:\/\/www.facebook.com\/svenskakyrkaniulricehamn"]},{"@type":"Person","@id":"https:\/\/blogg.svenskakyrkan.se\/vandravagen\/#\/schema\/person\/25da02d4f76b137d04291711e2c9fc16","name":"Tomas Jarvid","image":{"@type":"ImageObject","inLanguage":"sv-SE","@id":"https:\/\/blogg.svenskakyrkan.se\/vandravagen\/#\/schema\/person\/image\/","url":"https:\/\/secure.gravatar.com\/avatar\/7fa71899795e8f540f615a1f5ab25255dc27aa40f05ee7ddd21aac521e01bf50?s=96&d=identicon&r=g","contentUrl":"https:\/\/secure.gravatar.com\/avatar\/7fa71899795e8f540f615a1f5ab25255dc27aa40f05ee7ddd21aac521e01bf50?s=96&d=identicon&r=g","caption":"Tomas Jarvid"},"description":"Jag bor i Ulricehamn i V\u00e4sterg\u00f6tland och \u00e4r f\u00f6rsamlingspr\u00e4st i Svenska Kyrkan f\u00f6r Dalstorps f\u00f6rsamling i Kinds pastorat. P\u00e5 den h\u00e4r bloggen skriver jag ner tankar om vandringen som kristen.","sameAs":["http:\/\/www.vandravagen.se"],"url":"https:\/\/blogg.svenskakyrkan.se\/vandravagen\/author\/vandravagen\/"}]}},"author_meta":{"ID":"392","user_nicename":"vandravagen","user_url":"http:\/\/www.vandravagen.se","user_registered":"2014-05-19 05:44:52","display_name":"Tomas Jarvid","first_name":"Tomas","last_name":"Jarvid","avatar":"https:\/\/secure.gravatar.com\/avatar\/7fa71899795e8f540f615a1f5ab25255dc27aa40f05ee7ddd21aac521e01bf50?s=96&d=identicon&r=g"},"featured_image":false,"bloginfo":{"name":"Vandra V\u00e4gen","url":"https:\/\/blogg.svenskakyrkan.se\/vandravagen"},"_links":{"self":[{"href":"https:\/\/blogg.svenskakyrkan.se\/vandravagen\/wp-json\/wp\/v2\/posts\/418","targetHints":{"allow":["GET"]}}],"collection":[{"href":"https:\/\/blogg.svenskakyrkan.se\/vandravagen\/wp-json\/wp\/v2\/posts"}],"about":[{"href":"https:\/\/blogg.svenskakyrkan.se\/vandravagen\/wp-json\/wp\/v2\/types\/post"}],"author":[{"embeddable":true,"href":"https:\/\/blogg.svenskakyrkan.se\/vandravagen\/wp-json\/wp\/v2\/users\/392"}],"replies":[{"embeddable":true,"href":"https:\/\/blogg.svenskakyrkan.se\/vandravagen\/wp-json\/wp\/v2\/comments?post=418"}],"version-history":[{"count":0,"href":"https:\/\/blogg.svenskakyrkan.se\/vandravagen\/wp-json\/wp\/v2\/posts\/418\/revisions"}],"wp:attachment":[{"href":"https:\/\/blogg.svenskakyrkan.se\/vandravagen\/wp-json\/wp\/v2\/media?parent=418"}],"wp:term":[{"taxonomy":"category","embeddable":true,"href":"https:\/\/blogg.svenskakyrkan.se\/vandravagen\/wp-json\/wp\/v2\/categories?post=418"},{"taxonomy":"post_tag","embeddable":true,"href":"https:\/\/blogg.svenskakyrkan.se\/vandravagen\/wp-json\/wp\/v2\/tags?post=418"}],"curies":[{"name":"wp","href":"https:\/\/api.w.org\/{rel}","templated":true}]}}