{"id":4239,"date":"2016-02-01T07:23:31","date_gmt":"2016-02-01T06:23:31","guid":{"rendered":"http:\/\/blogg.svenskakyrkan.se\/vandravagen\/?p=4239"},"modified":"2016-02-01T07:23:31","modified_gmt":"2016-02-01T06:23:31","slug":"unga-utsatta-man-och-alla-man","status":"publish","type":"post","link":"https:\/\/blogg.svenskakyrkan.se\/vandravagen\/2016\/02\/01\/unga-utsatta-man-och-alla-man\/","title":{"rendered":"Unga utsatta m\u00e4n och alla m\u00e4n"},"content":{"rendered":"<div id=\"attachment_4240\" style=\"width: 1033px\" class=\"wp-caption aligncenter\"><a href=\"http:\/\/blogg.svenskakyrkan.se\/vandravagen\/files\/2016\/02\/IMG_7236.jpg\"><img loading=\"lazy\" decoding=\"async\" aria-describedby=\"caption-attachment-4240\" class=\"size-full wp-image-4240\" src=\"http:\/\/blogg.svenskakyrkan.se\/vandravagen\/files\/2016\/02\/IMG_7236.jpg\" alt=\"Zorro, en os\u00e5rbar man som skrattar faran r\u00e4tt i ansiktet. Gr\u00e5ter han i ensamhet?\" width=\"1023\" height=\"1491\" srcset=\"https:\/\/blogg.svenskakyrkan.se\/vandravagen\/files\/2016\/02\/IMG_7236.jpg 1023w, https:\/\/blogg.svenskakyrkan.se\/vandravagen\/files\/2016\/02\/IMG_7236-300x437.jpg 300w, https:\/\/blogg.svenskakyrkan.se\/vandravagen\/files\/2016\/02\/IMG_7236-206x300.jpg 206w\" sizes=\"auto, (max-width: 1023px) 100vw, 1023px\" \/><\/a><p id=\"caption-attachment-4240\" class=\"wp-caption-text\">Zorro, en os\u00e5rbar man som skrattar faran r\u00e4tt i ansiktet. Gr\u00e5ter han i ensamhet?<\/p><\/div>\n<p>Jag h\u00f6rde p\u00e5 radion h\u00e4romdagen om flyktingsituationen. Man hade kommit fram till att det fanns en grupp som var mer utsatta \u00e4n man tidigare trott. <strong>Det var unga ensamst\u00e5ende m\u00e4n<\/strong> p\u00e5 flykt.<\/p>\n<p>De var extra utsatta just f\u00f6r att ingen trodde att de var det. Man f\u00f6rv\u00e4ntade sig att unga arbetsf\u00f6ra m\u00e4n utan familj att oroa sig \u00f6ver skulle klara sig bra men just d\u00e4rf\u00f6r var det troligt att de inte fick s\u00e4rskilt mycket st\u00f6d. De unga m\u00e4nnen led ofta sv\u00e5rt psykiskt och socialt och p\u00e5 andra s\u00e4tt.<\/p>\n<p>Det var f\u00f6rst\u00e5s gripande att h\u00f6ra om men jag t\u00e4nker ocks\u00e5 att det ju egentligen \u00e4r en sammanfattning av hur m\u00e5nga m\u00e4n i v\u00e4ldigt m\u00e5nga l\u00e4nder och situationer kan ha det. F\u00f6rv\u00e4ntningarna p\u00e5 att m\u00e4n ska vara starka finns alltid d\u00e4r och det kan kanske verka hedrande eller n\u00e5t men i sj\u00e4lva verket \u00e4r det nog oftare en b\u00f6rda. Om man t\u00e4nker sig flyktingsituationen s\u00e5 \u00e4r det ju l\u00e4tt att leva sig in i att ensam inte alls \u00e4r stark. <strong>Starka \u00e4r vi om vi kan st\u00f6tta varandra<\/strong>. S\u00e5 ocks\u00e5 i mindre dramatiska omst\u00e4ndigheter. Om det \u00e4r ok f\u00f6r en man att ocks\u00e5 vara <a href=\"http:\/\/blogg.svenskakyrkan.se\/vandravagen\/2014\/08\/27\/mod-att-vara-sarbar\/\">s\u00e5rbar<\/a> s\u00e5 blir livet l\u00e4ttare att leva.<\/p>\n<p>Vad t\u00e4nker du? H\u00e5ller du med? Skriv en kommentar!<\/p>\n","protected":false},"excerpt":{"rendered":"<p>Jag h\u00f6rde p\u00e5 radion h\u00e4romdagen om flyktingsituationen. Man hade kommit fram till att det fanns en grupp som var mer utsatta \u00e4n man tidigare trott. Det var unga ensamst\u00e5ende m\u00e4n p\u00e5 flykt. De var extra utsatta just f\u00f6r att ingen trodde att de var det. Man f\u00f6rv\u00e4ntade sig att unga arbetsf\u00f6ra m\u00e4n utan familj att [&hellip;]<\/p>\n","protected":false},"author":392,"featured_media":0,"comment_status":"open","ping_status":"open","sticky":false,"template":"","format":"standard","meta":{"_acf_changed":false,"footnotes":""},"categories":[76189,77164,77554],"tags":[],"class_list":["post-4239","post","type-post","status-publish","format-standard","hentry","category-dagens-kyrka","category-man-och-kvinna","category-vara-manniska"],"acf":[],"yoast_head":"<!-- This site is optimized with the Yoast SEO plugin v27.1.1 - https:\/\/yoast.com\/product\/yoast-seo-wordpress\/ -->\n<title>Unga utsatta m\u00e4n och alla m\u00e4n - Vandra V\u00e4gen<\/title>\n<meta name=\"robots\" content=\"index, follow, max-snippet:-1, max-image-preview:large, max-video-preview:-1\" \/>\n<link rel=\"canonical\" href=\"https:\/\/blogg.svenskakyrkan.se\/vandravagen\/2016\/02\/01\/unga-utsatta-man-och-alla-man\/\" \/>\n<meta property=\"og:locale\" content=\"sv_SE\" \/>\n<meta property=\"og:type\" content=\"article\" \/>\n<meta property=\"og:title\" content=\"Unga utsatta m\u00e4n och alla m\u00e4n - Vandra V\u00e4gen\" \/>\n<meta property=\"og:description\" content=\"Jag h\u00f6rde p\u00e5 radion h\u00e4romdagen om flyktingsituationen. Man hade kommit fram till att det fanns en grupp som var mer utsatta \u00e4n man tidigare trott. Det var unga ensamst\u00e5ende m\u00e4n p\u00e5 flykt. De var extra utsatta just f\u00f6r att ingen trodde att de var det. Man f\u00f6rv\u00e4ntade sig att unga arbetsf\u00f6ra m\u00e4n utan familj att [&hellip;]\" \/>\n<meta property=\"og:url\" content=\"https:\/\/blogg.svenskakyrkan.se\/vandravagen\/2016\/02\/01\/unga-utsatta-man-och-alla-man\/\" \/>\n<meta property=\"og:site_name\" content=\"Vandra V\u00e4gen\" \/>\n<meta property=\"article:publisher\" content=\"http:\/\/facebook.com\/vandravagen\" \/>\n<meta property=\"article:published_time\" content=\"2016-02-01T06:23:31+00:00\" \/>\n<meta property=\"og:image\" content=\"http:\/\/blogg.svenskakyrkan.se\/vandravagen\/files\/2016\/02\/IMG_7236.jpg\" \/>\n<meta name=\"author\" content=\"Tomas Jarvid\" \/>\n<meta name=\"twitter:card\" content=\"summary_large_image\" \/>\n<meta name=\"twitter:creator\" content=\"@fadertomas\" \/>\n<meta name=\"twitter:site\" content=\"@fadertomas\" \/>\n<meta name=\"twitter:label1\" content=\"Skriven av\" \/>\n\t<meta name=\"twitter:data1\" content=\"Tomas Jarvid\" \/>\n\t<meta name=\"twitter:label2\" content=\"Ber\u00e4knad l\u00e4stid\" \/>\n\t<meta name=\"twitter:data2\" content=\"1 minut\" \/>\n<script type=\"application\/ld+json\" class=\"yoast-schema-graph\">{\"@context\":\"https:\/\/schema.org\",\"@graph\":[{\"@type\":\"Article\",\"@id\":\"https:\/\/blogg.svenskakyrkan.se\/vandravagen\/2016\/02\/01\/unga-utsatta-man-och-alla-man\/#article\",\"isPartOf\":{\"@id\":\"https:\/\/blogg.svenskakyrkan.se\/vandravagen\/2016\/02\/01\/unga-utsatta-man-och-alla-man\/\"},\"author\":{\"name\":\"Tomas Jarvid\",\"@id\":\"https:\/\/blogg.svenskakyrkan.se\/vandravagen\/#\/schema\/person\/25da02d4f76b137d04291711e2c9fc16\"},\"headline\":\"Unga utsatta m\u00e4n och alla m\u00e4n\",\"datePublished\":\"2016-02-01T06:23:31+00:00\",\"mainEntityOfPage\":{\"@id\":\"https:\/\/blogg.svenskakyrkan.se\/vandravagen\/2016\/02\/01\/unga-utsatta-man-och-alla-man\/\"},\"wordCount\":281,\"commentCount\":5,\"publisher\":{\"@id\":\"https:\/\/blogg.svenskakyrkan.se\/vandravagen\/#organization\"},\"image\":{\"@id\":\"https:\/\/blogg.svenskakyrkan.se\/vandravagen\/2016\/02\/01\/unga-utsatta-man-och-alla-man\/#primaryimage\"},\"thumbnailUrl\":\"http:\/\/blogg.svenskakyrkan.se\/vandravagen\/files\/2016\/02\/IMG_7236.jpg\",\"articleSection\":[\"Dagens Kyrka\",\"man och kvinna\",\"vara m\u00e4nniska\"],\"inLanguage\":\"sv-SE\",\"potentialAction\":[{\"@type\":\"CommentAction\",\"name\":\"Comment\",\"target\":[\"https:\/\/blogg.svenskakyrkan.se\/vandravagen\/2016\/02\/01\/unga-utsatta-man-och-alla-man\/#respond\"]}]},{\"@type\":\"WebPage\",\"@id\":\"https:\/\/blogg.svenskakyrkan.se\/vandravagen\/2016\/02\/01\/unga-utsatta-man-och-alla-man\/\",\"url\":\"https:\/\/blogg.svenskakyrkan.se\/vandravagen\/2016\/02\/01\/unga-utsatta-man-och-alla-man\/\",\"name\":\"Unga utsatta m\u00e4n och alla m\u00e4n - Vandra V\u00e4gen\",\"isPartOf\":{\"@id\":\"https:\/\/blogg.svenskakyrkan.se\/vandravagen\/#website\"},\"primaryImageOfPage\":{\"@id\":\"https:\/\/blogg.svenskakyrkan.se\/vandravagen\/2016\/02\/01\/unga-utsatta-man-och-alla-man\/#primaryimage\"},\"image\":{\"@id\":\"https:\/\/blogg.svenskakyrkan.se\/vandravagen\/2016\/02\/01\/unga-utsatta-man-och-alla-man\/#primaryimage\"},\"thumbnailUrl\":\"http:\/\/blogg.svenskakyrkan.se\/vandravagen\/files\/2016\/02\/IMG_7236.jpg\",\"datePublished\":\"2016-02-01T06:23:31+00:00\",\"breadcrumb\":{\"@id\":\"https:\/\/blogg.svenskakyrkan.se\/vandravagen\/2016\/02\/01\/unga-utsatta-man-och-alla-man\/#breadcrumb\"},\"inLanguage\":\"sv-SE\",\"potentialAction\":[{\"@type\":\"ReadAction\",\"target\":[\"https:\/\/blogg.svenskakyrkan.se\/vandravagen\/2016\/02\/01\/unga-utsatta-man-och-alla-man\/\"]}]},{\"@type\":\"ImageObject\",\"inLanguage\":\"sv-SE\",\"@id\":\"https:\/\/blogg.svenskakyrkan.se\/vandravagen\/2016\/02\/01\/unga-utsatta-man-och-alla-man\/#primaryimage\",\"url\":\"http:\/\/blogg.svenskakyrkan.se\/vandravagen\/files\/2016\/02\/IMG_7236.jpg\",\"contentUrl\":\"http:\/\/blogg.svenskakyrkan.se\/vandravagen\/files\/2016\/02\/IMG_7236.jpg\"},{\"@type\":\"BreadcrumbList\",\"@id\":\"https:\/\/blogg.svenskakyrkan.se\/vandravagen\/2016\/02\/01\/unga-utsatta-man-och-alla-man\/#breadcrumb\",\"itemListElement\":[{\"@type\":\"ListItem\",\"position\":1,\"name\":\"Hem\",\"item\":\"https:\/\/blogg.svenskakyrkan.se\/vandravagen\/\"},{\"@type\":\"ListItem\",\"position\":2,\"name\":\"Unga utsatta m\u00e4n och alla m\u00e4n\"}]},{\"@type\":\"WebSite\",\"@id\":\"https:\/\/blogg.svenskakyrkan.se\/vandravagen\/#website\",\"url\":\"https:\/\/blogg.svenskakyrkan.se\/vandravagen\/\",\"name\":\"Vandra V\u00e4gen\",\"description\":\"-Mot en tro f\u00f6r hela livet\",\"publisher\":{\"@id\":\"https:\/\/blogg.svenskakyrkan.se\/vandravagen\/#organization\"},\"potentialAction\":[{\"@type\":\"SearchAction\",\"target\":{\"@type\":\"EntryPoint\",\"urlTemplate\":\"https:\/\/blogg.svenskakyrkan.se\/vandravagen\/?s={search_term_string}\"},\"query-input\":{\"@type\":\"PropertyValueSpecification\",\"valueRequired\":true,\"valueName\":\"search_term_string\"}}],\"inLanguage\":\"sv-SE\"},{\"@type\":\"Organization\",\"@id\":\"https:\/\/blogg.svenskakyrkan.se\/vandravagen\/#organization\",\"name\":\"ulricehamns pastorat\",\"alternateName\":\"ulricehamns pastorat\",\"url\":\"https:\/\/blogg.svenskakyrkan.se\/vandravagen\/\",\"logo\":{\"@type\":\"ImageObject\",\"inLanguage\":\"sv-SE\",\"@id\":\"https:\/\/blogg.svenskakyrkan.se\/vandravagen\/#\/schema\/logo\/image\/\",\"url\":\"https:\/\/blogg.svenskakyrkan.se\/vandravagen\/files\/2023\/05\/Ulr_logo_RGB.png\",\"contentUrl\":\"https:\/\/blogg.svenskakyrkan.se\/vandravagen\/files\/2023\/05\/Ulr_logo_RGB.png\",\"width\":205,\"height\":77,\"caption\":\"ulricehamns pastorat\"},\"image\":{\"@id\":\"https:\/\/blogg.svenskakyrkan.se\/vandravagen\/#\/schema\/logo\/image\/\"},\"sameAs\":[\"http:\/\/facebook.com\/vandravagen\",\"https:\/\/x.com\/fadertomas\",\"http:\/\/www.facebook.com\/svenskakyrkaniulricehamn\"]},{\"@type\":\"Person\",\"@id\":\"https:\/\/blogg.svenskakyrkan.se\/vandravagen\/#\/schema\/person\/25da02d4f76b137d04291711e2c9fc16\",\"name\":\"Tomas Jarvid\",\"image\":{\"@type\":\"ImageObject\",\"inLanguage\":\"sv-SE\",\"@id\":\"https:\/\/blogg.svenskakyrkan.se\/vandravagen\/#\/schema\/person\/image\/\",\"url\":\"https:\/\/secure.gravatar.com\/avatar\/7fa71899795e8f540f615a1f5ab25255dc27aa40f05ee7ddd21aac521e01bf50?s=96&d=identicon&r=g\",\"contentUrl\":\"https:\/\/secure.gravatar.com\/avatar\/7fa71899795e8f540f615a1f5ab25255dc27aa40f05ee7ddd21aac521e01bf50?s=96&d=identicon&r=g\",\"caption\":\"Tomas Jarvid\"},\"description\":\"Jag bor i Ulricehamn i V\u00e4sterg\u00f6tland och \u00e4r f\u00f6rsamlingspr\u00e4st i Svenska Kyrkan f\u00f6r Dalstorps f\u00f6rsamling i Kinds pastorat. P\u00e5 den h\u00e4r bloggen skriver jag ner tankar om vandringen som kristen.\",\"sameAs\":[\"http:\/\/www.vandravagen.se\"],\"url\":\"https:\/\/blogg.svenskakyrkan.se\/vandravagen\/author\/vandravagen\/\"}]}<\/script>\n<!-- \/ Yoast SEO plugin. -->","yoast_head_json":{"title":"Unga utsatta m\u00e4n och alla m\u00e4n - Vandra V\u00e4gen","robots":{"index":"index","follow":"follow","max-snippet":"max-snippet:-1","max-image-preview":"max-image-preview:large","max-video-preview":"max-video-preview:-1"},"canonical":"https:\/\/blogg.svenskakyrkan.se\/vandravagen\/2016\/02\/01\/unga-utsatta-man-och-alla-man\/","og_locale":"sv_SE","og_type":"article","og_title":"Unga utsatta m\u00e4n och alla m\u00e4n - Vandra V\u00e4gen","og_description":"Jag h\u00f6rde p\u00e5 radion h\u00e4romdagen om flyktingsituationen. Man hade kommit fram till att det fanns en grupp som var mer utsatta \u00e4n man tidigare trott. Det var unga ensamst\u00e5ende m\u00e4n p\u00e5 flykt. De var extra utsatta just f\u00f6r att ingen trodde att de var det. Man f\u00f6rv\u00e4ntade sig att unga arbetsf\u00f6ra m\u00e4n utan familj att [&hellip;]","og_url":"https:\/\/blogg.svenskakyrkan.se\/vandravagen\/2016\/02\/01\/unga-utsatta-man-och-alla-man\/","og_site_name":"Vandra V\u00e4gen","article_publisher":"http:\/\/facebook.com\/vandravagen","article_published_time":"2016-02-01T06:23:31+00:00","og_image":[{"url":"http:\/\/blogg.svenskakyrkan.se\/vandravagen\/files\/2016\/02\/IMG_7236.jpg","type":"","width":"","height":""}],"author":"Tomas Jarvid","twitter_card":"summary_large_image","twitter_creator":"@fadertomas","twitter_site":"@fadertomas","twitter_misc":{"Skriven av":"Tomas Jarvid","Ber\u00e4knad l\u00e4stid":"1 minut"},"schema":{"@context":"https:\/\/schema.org","@graph":[{"@type":"Article","@id":"https:\/\/blogg.svenskakyrkan.se\/vandravagen\/2016\/02\/01\/unga-utsatta-man-och-alla-man\/#article","isPartOf":{"@id":"https:\/\/blogg.svenskakyrkan.se\/vandravagen\/2016\/02\/01\/unga-utsatta-man-och-alla-man\/"},"author":{"name":"Tomas Jarvid","@id":"https:\/\/blogg.svenskakyrkan.se\/vandravagen\/#\/schema\/person\/25da02d4f76b137d04291711e2c9fc16"},"headline":"Unga utsatta m\u00e4n och alla m\u00e4n","datePublished":"2016-02-01T06:23:31+00:00","mainEntityOfPage":{"@id":"https:\/\/blogg.svenskakyrkan.se\/vandravagen\/2016\/02\/01\/unga-utsatta-man-och-alla-man\/"},"wordCount":281,"commentCount":5,"publisher":{"@id":"https:\/\/blogg.svenskakyrkan.se\/vandravagen\/#organization"},"image":{"@id":"https:\/\/blogg.svenskakyrkan.se\/vandravagen\/2016\/02\/01\/unga-utsatta-man-och-alla-man\/#primaryimage"},"thumbnailUrl":"http:\/\/blogg.svenskakyrkan.se\/vandravagen\/files\/2016\/02\/IMG_7236.jpg","articleSection":["Dagens Kyrka","man och kvinna","vara m\u00e4nniska"],"inLanguage":"sv-SE","potentialAction":[{"@type":"CommentAction","name":"Comment","target":["https:\/\/blogg.svenskakyrkan.se\/vandravagen\/2016\/02\/01\/unga-utsatta-man-och-alla-man\/#respond"]}]},{"@type":"WebPage","@id":"https:\/\/blogg.svenskakyrkan.se\/vandravagen\/2016\/02\/01\/unga-utsatta-man-och-alla-man\/","url":"https:\/\/blogg.svenskakyrkan.se\/vandravagen\/2016\/02\/01\/unga-utsatta-man-och-alla-man\/","name":"Unga utsatta m\u00e4n och alla m\u00e4n - Vandra V\u00e4gen","isPartOf":{"@id":"https:\/\/blogg.svenskakyrkan.se\/vandravagen\/#website"},"primaryImageOfPage":{"@id":"https:\/\/blogg.svenskakyrkan.se\/vandravagen\/2016\/02\/01\/unga-utsatta-man-och-alla-man\/#primaryimage"},"image":{"@id":"https:\/\/blogg.svenskakyrkan.se\/vandravagen\/2016\/02\/01\/unga-utsatta-man-och-alla-man\/#primaryimage"},"thumbnailUrl":"http:\/\/blogg.svenskakyrkan.se\/vandravagen\/files\/2016\/02\/IMG_7236.jpg","datePublished":"2016-02-01T06:23:31+00:00","breadcrumb":{"@id":"https:\/\/blogg.svenskakyrkan.se\/vandravagen\/2016\/02\/01\/unga-utsatta-man-och-alla-man\/#breadcrumb"},"inLanguage":"sv-SE","potentialAction":[{"@type":"ReadAction","target":["https:\/\/blogg.svenskakyrkan.se\/vandravagen\/2016\/02\/01\/unga-utsatta-man-och-alla-man\/"]}]},{"@type":"ImageObject","inLanguage":"sv-SE","@id":"https:\/\/blogg.svenskakyrkan.se\/vandravagen\/2016\/02\/01\/unga-utsatta-man-och-alla-man\/#primaryimage","url":"http:\/\/blogg.svenskakyrkan.se\/vandravagen\/files\/2016\/02\/IMG_7236.jpg","contentUrl":"http:\/\/blogg.svenskakyrkan.se\/vandravagen\/files\/2016\/02\/IMG_7236.jpg"},{"@type":"BreadcrumbList","@id":"https:\/\/blogg.svenskakyrkan.se\/vandravagen\/2016\/02\/01\/unga-utsatta-man-och-alla-man\/#breadcrumb","itemListElement":[{"@type":"ListItem","position":1,"name":"Hem","item":"https:\/\/blogg.svenskakyrkan.se\/vandravagen\/"},{"@type":"ListItem","position":2,"name":"Unga utsatta m\u00e4n och alla m\u00e4n"}]},{"@type":"WebSite","@id":"https:\/\/blogg.svenskakyrkan.se\/vandravagen\/#website","url":"https:\/\/blogg.svenskakyrkan.se\/vandravagen\/","name":"Vandra V\u00e4gen","description":"-Mot en tro f\u00f6r hela livet","publisher":{"@id":"https:\/\/blogg.svenskakyrkan.se\/vandravagen\/#organization"},"potentialAction":[{"@type":"SearchAction","target":{"@type":"EntryPoint","urlTemplate":"https:\/\/blogg.svenskakyrkan.se\/vandravagen\/?s={search_term_string}"},"query-input":{"@type":"PropertyValueSpecification","valueRequired":true,"valueName":"search_term_string"}}],"inLanguage":"sv-SE"},{"@type":"Organization","@id":"https:\/\/blogg.svenskakyrkan.se\/vandravagen\/#organization","name":"ulricehamns pastorat","alternateName":"ulricehamns pastorat","url":"https:\/\/blogg.svenskakyrkan.se\/vandravagen\/","logo":{"@type":"ImageObject","inLanguage":"sv-SE","@id":"https:\/\/blogg.svenskakyrkan.se\/vandravagen\/#\/schema\/logo\/image\/","url":"https:\/\/blogg.svenskakyrkan.se\/vandravagen\/files\/2023\/05\/Ulr_logo_RGB.png","contentUrl":"https:\/\/blogg.svenskakyrkan.se\/vandravagen\/files\/2023\/05\/Ulr_logo_RGB.png","width":205,"height":77,"caption":"ulricehamns pastorat"},"image":{"@id":"https:\/\/blogg.svenskakyrkan.se\/vandravagen\/#\/schema\/logo\/image\/"},"sameAs":["http:\/\/facebook.com\/vandravagen","https:\/\/x.com\/fadertomas","http:\/\/www.facebook.com\/svenskakyrkaniulricehamn"]},{"@type":"Person","@id":"https:\/\/blogg.svenskakyrkan.se\/vandravagen\/#\/schema\/person\/25da02d4f76b137d04291711e2c9fc16","name":"Tomas Jarvid","image":{"@type":"ImageObject","inLanguage":"sv-SE","@id":"https:\/\/blogg.svenskakyrkan.se\/vandravagen\/#\/schema\/person\/image\/","url":"https:\/\/secure.gravatar.com\/avatar\/7fa71899795e8f540f615a1f5ab25255dc27aa40f05ee7ddd21aac521e01bf50?s=96&d=identicon&r=g","contentUrl":"https:\/\/secure.gravatar.com\/avatar\/7fa71899795e8f540f615a1f5ab25255dc27aa40f05ee7ddd21aac521e01bf50?s=96&d=identicon&r=g","caption":"Tomas Jarvid"},"description":"Jag bor i Ulricehamn i V\u00e4sterg\u00f6tland och \u00e4r f\u00f6rsamlingspr\u00e4st i Svenska Kyrkan f\u00f6r Dalstorps f\u00f6rsamling i Kinds pastorat. P\u00e5 den h\u00e4r bloggen skriver jag ner tankar om vandringen som kristen.","sameAs":["http:\/\/www.vandravagen.se"],"url":"https:\/\/blogg.svenskakyrkan.se\/vandravagen\/author\/vandravagen\/"}]}},"author_meta":{"ID":"392","user_nicename":"vandravagen","user_url":"http:\/\/www.vandravagen.se","user_registered":"2014-05-19 05:44:52","display_name":"Tomas Jarvid","first_name":"Tomas","last_name":"Jarvid","avatar":"https:\/\/secure.gravatar.com\/avatar\/7fa71899795e8f540f615a1f5ab25255dc27aa40f05ee7ddd21aac521e01bf50?s=96&d=identicon&r=g"},"featured_image":false,"bloginfo":{"name":"Vandra V\u00e4gen","url":"https:\/\/blogg.svenskakyrkan.se\/vandravagen"},"_links":{"self":[{"href":"https:\/\/blogg.svenskakyrkan.se\/vandravagen\/wp-json\/wp\/v2\/posts\/4239","targetHints":{"allow":["GET"]}}],"collection":[{"href":"https:\/\/blogg.svenskakyrkan.se\/vandravagen\/wp-json\/wp\/v2\/posts"}],"about":[{"href":"https:\/\/blogg.svenskakyrkan.se\/vandravagen\/wp-json\/wp\/v2\/types\/post"}],"author":[{"embeddable":true,"href":"https:\/\/blogg.svenskakyrkan.se\/vandravagen\/wp-json\/wp\/v2\/users\/392"}],"replies":[{"embeddable":true,"href":"https:\/\/blogg.svenskakyrkan.se\/vandravagen\/wp-json\/wp\/v2\/comments?post=4239"}],"version-history":[{"count":1,"href":"https:\/\/blogg.svenskakyrkan.se\/vandravagen\/wp-json\/wp\/v2\/posts\/4239\/revisions"}],"predecessor-version":[{"id":4241,"href":"https:\/\/blogg.svenskakyrkan.se\/vandravagen\/wp-json\/wp\/v2\/posts\/4239\/revisions\/4241"}],"wp:attachment":[{"href":"https:\/\/blogg.svenskakyrkan.se\/vandravagen\/wp-json\/wp\/v2\/media?parent=4239"}],"wp:term":[{"taxonomy":"category","embeddable":true,"href":"https:\/\/blogg.svenskakyrkan.se\/vandravagen\/wp-json\/wp\/v2\/categories?post=4239"},{"taxonomy":"post_tag","embeddable":true,"href":"https:\/\/blogg.svenskakyrkan.se\/vandravagen\/wp-json\/wp\/v2\/tags?post=4239"}],"curies":[{"name":"wp","href":"https:\/\/api.w.org\/{rel}","templated":true}]}}