{"id":424,"date":"2013-08-02T18:00:00","date_gmt":"2013-08-02T16:00:00","guid":{"rendered":"http:\/\/blogg.svenskakyrkan.se\/vandravagen\/2013\/08\/02\/gud-som-grinig-gubbe-ar-det-sa-har\/"},"modified":"2013-08-02T18:00:00","modified_gmt":"2013-08-02T16:00:00","slug":"gud-som-grinig-gubbe-ar-det-sa-har","status":"publish","type":"post","link":"https:\/\/blogg.svenskakyrkan.se\/vandravagen\/2013\/08\/02\/gud-som-grinig-gubbe-ar-det-sa-har\/","title":{"rendered":"Gud som grinig gubbe, \u00e4r det s\u00e5 h\u00e4r?"},"content":{"rendered":"<div><a href=\"http:\/\/2.bp.blogspot.com\/-Onj53zOeM8k\/UftHAbpbzBI\/AAAAAAAAEpU\/CcAXOGc3haI\/s1600\/IMG_3592.JPG\"><img loading=\"lazy\" decoding=\"async\" border=\"0\" height=\"400\" src=\"http:\/\/2.bp.blogspot.com\/-Onj53zOeM8k\/UftHAbpbzBI\/AAAAAAAAEpU\/CcAXOGc3haI\/s400\/IMG_3592.JPG\" width=\"400\"><\/a><\/div>\n<div><\/div>\n<div>Hittade den h\u00e4r bilden n\u00e5gonstans p\u00e5 internet. &#8221;Tillbe mig s\u00e5 jag kan r\u00e4dda dig fr\u00e5n vad jag kommer g\u00f6ra med dig om du inte tillber mig&#8221;. Jag tror att den \u00e4r en vanlig anledning f\u00f6r m\u00e5nga att h\u00e5lla sig borta fr\u00e5n den kristna tron, f\u00f6r det \u00e4r v\u00e4l s\u00e5 h\u00e4r de kristna tror?<\/div>\n<div><\/div>\n<div>Tyv\u00e4rr vet jag att jag sj\u00e4lv haft den bilden i bakhuvudet m\u00e5nga g\u00e5nger och den kan vara sv\u00e5r att bli av med \u00e4ven om jag vet att det framf\u00f6rallt \u00e4r Jesus vi ska titta p\u00e5 om vi vill veta hurdan Gud \u00e4r. Kanske f\u00e5r den h\u00e4r, r\u00e4tt hemska, gudsbilden nytt liv s\u00e5 fort vi blandar ihop religion och tvingande maktut\u00f6vning?<\/div><\/p>\n","protected":false},"excerpt":{"rendered":"<p>Hittade den h\u00e4r bilden n\u00e5gonstans p\u00e5 internet. &#8221;Tillbe mig s\u00e5 jag kan r\u00e4dda dig fr\u00e5n vad jag kommer g\u00f6ra med dig om du inte tillber mig&#8221;. Jag tror att den \u00e4r en vanlig anledning f\u00f6r m\u00e5nga att h\u00e5lla sig borta fr\u00e5n den kristna tron, f\u00f6r det \u00e4r v\u00e4l s\u00e5 h\u00e4r de kristna tror? Tyv\u00e4rr vet [&hellip;]<\/p>\n","protected":false},"author":392,"featured_media":0,"comment_status":"open","ping_status":"open","sticky":false,"template":"","format":"standard","meta":{"_acf_changed":false,"footnotes":""},"categories":[56,117],"tags":[],"class_list":["post-424","post","type-post","status-publish","format-standard","hentry","category-bilder","category-teologi"],"acf":[],"yoast_head":"<!-- This site is optimized with the Yoast SEO plugin v27.1.1 - https:\/\/yoast.com\/product\/yoast-seo-wordpress\/ -->\n<title>Gud som grinig gubbe, \u00e4r det s\u00e5 h\u00e4r? - Vandra V\u00e4gen<\/title>\n<meta name=\"robots\" content=\"index, follow, max-snippet:-1, max-image-preview:large, max-video-preview:-1\" \/>\n<link rel=\"canonical\" href=\"https:\/\/blogg.svenskakyrkan.se\/vandravagen\/2013\/08\/02\/gud-som-grinig-gubbe-ar-det-sa-har\/\" \/>\n<meta property=\"og:locale\" content=\"sv_SE\" \/>\n<meta property=\"og:type\" content=\"article\" \/>\n<meta property=\"og:title\" content=\"Gud som grinig gubbe, \u00e4r det s\u00e5 h\u00e4r? - Vandra V\u00e4gen\" \/>\n<meta property=\"og:description\" content=\"Hittade den h\u00e4r bilden n\u00e5gonstans p\u00e5 internet. &#8221;Tillbe mig s\u00e5 jag kan r\u00e4dda dig fr\u00e5n vad jag kommer g\u00f6ra med dig om du inte tillber mig&#8221;. Jag tror att den \u00e4r en vanlig anledning f\u00f6r m\u00e5nga att h\u00e5lla sig borta fr\u00e5n den kristna tron, f\u00f6r det \u00e4r v\u00e4l s\u00e5 h\u00e4r de kristna tror? Tyv\u00e4rr vet [&hellip;]\" \/>\n<meta property=\"og:url\" content=\"https:\/\/blogg.svenskakyrkan.se\/vandravagen\/2013\/08\/02\/gud-som-grinig-gubbe-ar-det-sa-har\/\" \/>\n<meta property=\"og:site_name\" content=\"Vandra V\u00e4gen\" \/>\n<meta property=\"article:publisher\" content=\"http:\/\/facebook.com\/vandravagen\" \/>\n<meta property=\"article:published_time\" content=\"2013-08-02T16:00:00+00:00\" \/>\n<meta property=\"og:image\" content=\"http:\/\/2.bp.blogspot.com\/-Onj53zOeM8k\/UftHAbpbzBI\/AAAAAAAAEpU\/CcAXOGc3haI\/s400\/IMG_3592.JPG\" \/>\n<meta name=\"author\" content=\"Tomas Jarvid\" \/>\n<meta name=\"twitter:card\" content=\"summary_large_image\" \/>\n<meta name=\"twitter:creator\" content=\"@fadertomas\" \/>\n<meta name=\"twitter:site\" content=\"@fadertomas\" \/>\n<meta name=\"twitter:label1\" content=\"Skriven av\" \/>\n\t<meta name=\"twitter:data1\" content=\"Tomas Jarvid\" \/>\n\t<meta name=\"twitter:label2\" content=\"Ber\u00e4knad l\u00e4stid\" \/>\n\t<meta name=\"twitter:data2\" content=\"1 minut\" \/>\n<script type=\"application\/ld+json\" class=\"yoast-schema-graph\">{\"@context\":\"https:\/\/schema.org\",\"@graph\":[{\"@type\":\"Article\",\"@id\":\"https:\/\/blogg.svenskakyrkan.se\/vandravagen\/2013\/08\/02\/gud-som-grinig-gubbe-ar-det-sa-har\/#article\",\"isPartOf\":{\"@id\":\"https:\/\/blogg.svenskakyrkan.se\/vandravagen\/2013\/08\/02\/gud-som-grinig-gubbe-ar-det-sa-har\/\"},\"author\":{\"name\":\"Tomas Jarvid\",\"@id\":\"https:\/\/blogg.svenskakyrkan.se\/vandravagen\/#\/schema\/person\/25da02d4f76b137d04291711e2c9fc16\"},\"headline\":\"Gud som grinig gubbe, \u00e4r det s\u00e5 h\u00e4r?\",\"datePublished\":\"2013-08-02T16:00:00+00:00\",\"mainEntityOfPage\":{\"@id\":\"https:\/\/blogg.svenskakyrkan.se\/vandravagen\/2013\/08\/02\/gud-som-grinig-gubbe-ar-det-sa-har\/\"},\"wordCount\":144,\"commentCount\":3,\"publisher\":{\"@id\":\"https:\/\/blogg.svenskakyrkan.se\/vandravagen\/#organization\"},\"image\":{\"@id\":\"https:\/\/blogg.svenskakyrkan.se\/vandravagen\/2013\/08\/02\/gud-som-grinig-gubbe-ar-det-sa-har\/#primaryimage\"},\"thumbnailUrl\":\"http:\/\/2.bp.blogspot.com\/-Onj53zOeM8k\/UftHAbpbzBI\/AAAAAAAAEpU\/CcAXOGc3haI\/s400\/IMG_3592.JPG\",\"articleSection\":[\"bilder\",\"Teologi\"],\"inLanguage\":\"sv-SE\",\"potentialAction\":[{\"@type\":\"CommentAction\",\"name\":\"Comment\",\"target\":[\"https:\/\/blogg.svenskakyrkan.se\/vandravagen\/2013\/08\/02\/gud-som-grinig-gubbe-ar-det-sa-har\/#respond\"]}]},{\"@type\":\"WebPage\",\"@id\":\"https:\/\/blogg.svenskakyrkan.se\/vandravagen\/2013\/08\/02\/gud-som-grinig-gubbe-ar-det-sa-har\/\",\"url\":\"https:\/\/blogg.svenskakyrkan.se\/vandravagen\/2013\/08\/02\/gud-som-grinig-gubbe-ar-det-sa-har\/\",\"name\":\"Gud som grinig gubbe, \u00e4r det s\u00e5 h\u00e4r? - Vandra V\u00e4gen\",\"isPartOf\":{\"@id\":\"https:\/\/blogg.svenskakyrkan.se\/vandravagen\/#website\"},\"primaryImageOfPage\":{\"@id\":\"https:\/\/blogg.svenskakyrkan.se\/vandravagen\/2013\/08\/02\/gud-som-grinig-gubbe-ar-det-sa-har\/#primaryimage\"},\"image\":{\"@id\":\"https:\/\/blogg.svenskakyrkan.se\/vandravagen\/2013\/08\/02\/gud-som-grinig-gubbe-ar-det-sa-har\/#primaryimage\"},\"thumbnailUrl\":\"http:\/\/2.bp.blogspot.com\/-Onj53zOeM8k\/UftHAbpbzBI\/AAAAAAAAEpU\/CcAXOGc3haI\/s400\/IMG_3592.JPG\",\"datePublished\":\"2013-08-02T16:00:00+00:00\",\"breadcrumb\":{\"@id\":\"https:\/\/blogg.svenskakyrkan.se\/vandravagen\/2013\/08\/02\/gud-som-grinig-gubbe-ar-det-sa-har\/#breadcrumb\"},\"inLanguage\":\"sv-SE\",\"potentialAction\":[{\"@type\":\"ReadAction\",\"target\":[\"https:\/\/blogg.svenskakyrkan.se\/vandravagen\/2013\/08\/02\/gud-som-grinig-gubbe-ar-det-sa-har\/\"]}]},{\"@type\":\"ImageObject\",\"inLanguage\":\"sv-SE\",\"@id\":\"https:\/\/blogg.svenskakyrkan.se\/vandravagen\/2013\/08\/02\/gud-som-grinig-gubbe-ar-det-sa-har\/#primaryimage\",\"url\":\"http:\/\/2.bp.blogspot.com\/-Onj53zOeM8k\/UftHAbpbzBI\/AAAAAAAAEpU\/CcAXOGc3haI\/s400\/IMG_3592.JPG\",\"contentUrl\":\"http:\/\/2.bp.blogspot.com\/-Onj53zOeM8k\/UftHAbpbzBI\/AAAAAAAAEpU\/CcAXOGc3haI\/s400\/IMG_3592.JPG\"},{\"@type\":\"BreadcrumbList\",\"@id\":\"https:\/\/blogg.svenskakyrkan.se\/vandravagen\/2013\/08\/02\/gud-som-grinig-gubbe-ar-det-sa-har\/#breadcrumb\",\"itemListElement\":[{\"@type\":\"ListItem\",\"position\":1,\"name\":\"Hem\",\"item\":\"https:\/\/blogg.svenskakyrkan.se\/vandravagen\/\"},{\"@type\":\"ListItem\",\"position\":2,\"name\":\"Gud som grinig gubbe, \u00e4r det s\u00e5 h\u00e4r?\"}]},{\"@type\":\"WebSite\",\"@id\":\"https:\/\/blogg.svenskakyrkan.se\/vandravagen\/#website\",\"url\":\"https:\/\/blogg.svenskakyrkan.se\/vandravagen\/\",\"name\":\"Vandra V\u00e4gen\",\"description\":\"-Mot en tro f\u00f6r hela livet\",\"publisher\":{\"@id\":\"https:\/\/blogg.svenskakyrkan.se\/vandravagen\/#organization\"},\"potentialAction\":[{\"@type\":\"SearchAction\",\"target\":{\"@type\":\"EntryPoint\",\"urlTemplate\":\"https:\/\/blogg.svenskakyrkan.se\/vandravagen\/?s={search_term_string}\"},\"query-input\":{\"@type\":\"PropertyValueSpecification\",\"valueRequired\":true,\"valueName\":\"search_term_string\"}}],\"inLanguage\":\"sv-SE\"},{\"@type\":\"Organization\",\"@id\":\"https:\/\/blogg.svenskakyrkan.se\/vandravagen\/#organization\",\"name\":\"ulricehamns pastorat\",\"alternateName\":\"ulricehamns pastorat\",\"url\":\"https:\/\/blogg.svenskakyrkan.se\/vandravagen\/\",\"logo\":{\"@type\":\"ImageObject\",\"inLanguage\":\"sv-SE\",\"@id\":\"https:\/\/blogg.svenskakyrkan.se\/vandravagen\/#\/schema\/logo\/image\/\",\"url\":\"https:\/\/blogg.svenskakyrkan.se\/vandravagen\/files\/2023\/05\/Ulr_logo_RGB.png\",\"contentUrl\":\"https:\/\/blogg.svenskakyrkan.se\/vandravagen\/files\/2023\/05\/Ulr_logo_RGB.png\",\"width\":205,\"height\":77,\"caption\":\"ulricehamns pastorat\"},\"image\":{\"@id\":\"https:\/\/blogg.svenskakyrkan.se\/vandravagen\/#\/schema\/logo\/image\/\"},\"sameAs\":[\"http:\/\/facebook.com\/vandravagen\",\"https:\/\/x.com\/fadertomas\",\"http:\/\/www.facebook.com\/svenskakyrkaniulricehamn\"]},{\"@type\":\"Person\",\"@id\":\"https:\/\/blogg.svenskakyrkan.se\/vandravagen\/#\/schema\/person\/25da02d4f76b137d04291711e2c9fc16\",\"name\":\"Tomas Jarvid\",\"image\":{\"@type\":\"ImageObject\",\"inLanguage\":\"sv-SE\",\"@id\":\"https:\/\/blogg.svenskakyrkan.se\/vandravagen\/#\/schema\/person\/image\/\",\"url\":\"https:\/\/secure.gravatar.com\/avatar\/7fa71899795e8f540f615a1f5ab25255dc27aa40f05ee7ddd21aac521e01bf50?s=96&d=identicon&r=g\",\"contentUrl\":\"https:\/\/secure.gravatar.com\/avatar\/7fa71899795e8f540f615a1f5ab25255dc27aa40f05ee7ddd21aac521e01bf50?s=96&d=identicon&r=g\",\"caption\":\"Tomas Jarvid\"},\"description\":\"Jag bor i Ulricehamn i V\u00e4sterg\u00f6tland och \u00e4r f\u00f6rsamlingspr\u00e4st i Svenska Kyrkan f\u00f6r Dalstorps f\u00f6rsamling i Kinds pastorat. P\u00e5 den h\u00e4r bloggen skriver jag ner tankar om vandringen som kristen.\",\"sameAs\":[\"http:\/\/www.vandravagen.se\"],\"url\":\"https:\/\/blogg.svenskakyrkan.se\/vandravagen\/author\/vandravagen\/\"}]}<\/script>\n<!-- \/ Yoast SEO plugin. -->","yoast_head_json":{"title":"Gud som grinig gubbe, \u00e4r det s\u00e5 h\u00e4r? - Vandra V\u00e4gen","robots":{"index":"index","follow":"follow","max-snippet":"max-snippet:-1","max-image-preview":"max-image-preview:large","max-video-preview":"max-video-preview:-1"},"canonical":"https:\/\/blogg.svenskakyrkan.se\/vandravagen\/2013\/08\/02\/gud-som-grinig-gubbe-ar-det-sa-har\/","og_locale":"sv_SE","og_type":"article","og_title":"Gud som grinig gubbe, \u00e4r det s\u00e5 h\u00e4r? - Vandra V\u00e4gen","og_description":"Hittade den h\u00e4r bilden n\u00e5gonstans p\u00e5 internet. &#8221;Tillbe mig s\u00e5 jag kan r\u00e4dda dig fr\u00e5n vad jag kommer g\u00f6ra med dig om du inte tillber mig&#8221;. Jag tror att den \u00e4r en vanlig anledning f\u00f6r m\u00e5nga att h\u00e5lla sig borta fr\u00e5n den kristna tron, f\u00f6r det \u00e4r v\u00e4l s\u00e5 h\u00e4r de kristna tror? Tyv\u00e4rr vet [&hellip;]","og_url":"https:\/\/blogg.svenskakyrkan.se\/vandravagen\/2013\/08\/02\/gud-som-grinig-gubbe-ar-det-sa-har\/","og_site_name":"Vandra V\u00e4gen","article_publisher":"http:\/\/facebook.com\/vandravagen","article_published_time":"2013-08-02T16:00:00+00:00","og_image":[{"url":"http:\/\/2.bp.blogspot.com\/-Onj53zOeM8k\/UftHAbpbzBI\/AAAAAAAAEpU\/CcAXOGc3haI\/s400\/IMG_3592.JPG","type":"","width":"","height":""}],"author":"Tomas Jarvid","twitter_card":"summary_large_image","twitter_creator":"@fadertomas","twitter_site":"@fadertomas","twitter_misc":{"Skriven av":"Tomas Jarvid","Ber\u00e4knad l\u00e4stid":"1 minut"},"schema":{"@context":"https:\/\/schema.org","@graph":[{"@type":"Article","@id":"https:\/\/blogg.svenskakyrkan.se\/vandravagen\/2013\/08\/02\/gud-som-grinig-gubbe-ar-det-sa-har\/#article","isPartOf":{"@id":"https:\/\/blogg.svenskakyrkan.se\/vandravagen\/2013\/08\/02\/gud-som-grinig-gubbe-ar-det-sa-har\/"},"author":{"name":"Tomas Jarvid","@id":"https:\/\/blogg.svenskakyrkan.se\/vandravagen\/#\/schema\/person\/25da02d4f76b137d04291711e2c9fc16"},"headline":"Gud som grinig gubbe, \u00e4r det s\u00e5 h\u00e4r?","datePublished":"2013-08-02T16:00:00+00:00","mainEntityOfPage":{"@id":"https:\/\/blogg.svenskakyrkan.se\/vandravagen\/2013\/08\/02\/gud-som-grinig-gubbe-ar-det-sa-har\/"},"wordCount":144,"commentCount":3,"publisher":{"@id":"https:\/\/blogg.svenskakyrkan.se\/vandravagen\/#organization"},"image":{"@id":"https:\/\/blogg.svenskakyrkan.se\/vandravagen\/2013\/08\/02\/gud-som-grinig-gubbe-ar-det-sa-har\/#primaryimage"},"thumbnailUrl":"http:\/\/2.bp.blogspot.com\/-Onj53zOeM8k\/UftHAbpbzBI\/AAAAAAAAEpU\/CcAXOGc3haI\/s400\/IMG_3592.JPG","articleSection":["bilder","Teologi"],"inLanguage":"sv-SE","potentialAction":[{"@type":"CommentAction","name":"Comment","target":["https:\/\/blogg.svenskakyrkan.se\/vandravagen\/2013\/08\/02\/gud-som-grinig-gubbe-ar-det-sa-har\/#respond"]}]},{"@type":"WebPage","@id":"https:\/\/blogg.svenskakyrkan.se\/vandravagen\/2013\/08\/02\/gud-som-grinig-gubbe-ar-det-sa-har\/","url":"https:\/\/blogg.svenskakyrkan.se\/vandravagen\/2013\/08\/02\/gud-som-grinig-gubbe-ar-det-sa-har\/","name":"Gud som grinig gubbe, \u00e4r det s\u00e5 h\u00e4r? - Vandra V\u00e4gen","isPartOf":{"@id":"https:\/\/blogg.svenskakyrkan.se\/vandravagen\/#website"},"primaryImageOfPage":{"@id":"https:\/\/blogg.svenskakyrkan.se\/vandravagen\/2013\/08\/02\/gud-som-grinig-gubbe-ar-det-sa-har\/#primaryimage"},"image":{"@id":"https:\/\/blogg.svenskakyrkan.se\/vandravagen\/2013\/08\/02\/gud-som-grinig-gubbe-ar-det-sa-har\/#primaryimage"},"thumbnailUrl":"http:\/\/2.bp.blogspot.com\/-Onj53zOeM8k\/UftHAbpbzBI\/AAAAAAAAEpU\/CcAXOGc3haI\/s400\/IMG_3592.JPG","datePublished":"2013-08-02T16:00:00+00:00","breadcrumb":{"@id":"https:\/\/blogg.svenskakyrkan.se\/vandravagen\/2013\/08\/02\/gud-som-grinig-gubbe-ar-det-sa-har\/#breadcrumb"},"inLanguage":"sv-SE","potentialAction":[{"@type":"ReadAction","target":["https:\/\/blogg.svenskakyrkan.se\/vandravagen\/2013\/08\/02\/gud-som-grinig-gubbe-ar-det-sa-har\/"]}]},{"@type":"ImageObject","inLanguage":"sv-SE","@id":"https:\/\/blogg.svenskakyrkan.se\/vandravagen\/2013\/08\/02\/gud-som-grinig-gubbe-ar-det-sa-har\/#primaryimage","url":"http:\/\/2.bp.blogspot.com\/-Onj53zOeM8k\/UftHAbpbzBI\/AAAAAAAAEpU\/CcAXOGc3haI\/s400\/IMG_3592.JPG","contentUrl":"http:\/\/2.bp.blogspot.com\/-Onj53zOeM8k\/UftHAbpbzBI\/AAAAAAAAEpU\/CcAXOGc3haI\/s400\/IMG_3592.JPG"},{"@type":"BreadcrumbList","@id":"https:\/\/blogg.svenskakyrkan.se\/vandravagen\/2013\/08\/02\/gud-som-grinig-gubbe-ar-det-sa-har\/#breadcrumb","itemListElement":[{"@type":"ListItem","position":1,"name":"Hem","item":"https:\/\/blogg.svenskakyrkan.se\/vandravagen\/"},{"@type":"ListItem","position":2,"name":"Gud som grinig gubbe, \u00e4r det s\u00e5 h\u00e4r?"}]},{"@type":"WebSite","@id":"https:\/\/blogg.svenskakyrkan.se\/vandravagen\/#website","url":"https:\/\/blogg.svenskakyrkan.se\/vandravagen\/","name":"Vandra V\u00e4gen","description":"-Mot en tro f\u00f6r hela livet","publisher":{"@id":"https:\/\/blogg.svenskakyrkan.se\/vandravagen\/#organization"},"potentialAction":[{"@type":"SearchAction","target":{"@type":"EntryPoint","urlTemplate":"https:\/\/blogg.svenskakyrkan.se\/vandravagen\/?s={search_term_string}"},"query-input":{"@type":"PropertyValueSpecification","valueRequired":true,"valueName":"search_term_string"}}],"inLanguage":"sv-SE"},{"@type":"Organization","@id":"https:\/\/blogg.svenskakyrkan.se\/vandravagen\/#organization","name":"ulricehamns pastorat","alternateName":"ulricehamns pastorat","url":"https:\/\/blogg.svenskakyrkan.se\/vandravagen\/","logo":{"@type":"ImageObject","inLanguage":"sv-SE","@id":"https:\/\/blogg.svenskakyrkan.se\/vandravagen\/#\/schema\/logo\/image\/","url":"https:\/\/blogg.svenskakyrkan.se\/vandravagen\/files\/2023\/05\/Ulr_logo_RGB.png","contentUrl":"https:\/\/blogg.svenskakyrkan.se\/vandravagen\/files\/2023\/05\/Ulr_logo_RGB.png","width":205,"height":77,"caption":"ulricehamns pastorat"},"image":{"@id":"https:\/\/blogg.svenskakyrkan.se\/vandravagen\/#\/schema\/logo\/image\/"},"sameAs":["http:\/\/facebook.com\/vandravagen","https:\/\/x.com\/fadertomas","http:\/\/www.facebook.com\/svenskakyrkaniulricehamn"]},{"@type":"Person","@id":"https:\/\/blogg.svenskakyrkan.se\/vandravagen\/#\/schema\/person\/25da02d4f76b137d04291711e2c9fc16","name":"Tomas Jarvid","image":{"@type":"ImageObject","inLanguage":"sv-SE","@id":"https:\/\/blogg.svenskakyrkan.se\/vandravagen\/#\/schema\/person\/image\/","url":"https:\/\/secure.gravatar.com\/avatar\/7fa71899795e8f540f615a1f5ab25255dc27aa40f05ee7ddd21aac521e01bf50?s=96&d=identicon&r=g","contentUrl":"https:\/\/secure.gravatar.com\/avatar\/7fa71899795e8f540f615a1f5ab25255dc27aa40f05ee7ddd21aac521e01bf50?s=96&d=identicon&r=g","caption":"Tomas Jarvid"},"description":"Jag bor i Ulricehamn i V\u00e4sterg\u00f6tland och \u00e4r f\u00f6rsamlingspr\u00e4st i Svenska Kyrkan f\u00f6r Dalstorps f\u00f6rsamling i Kinds pastorat. P\u00e5 den h\u00e4r bloggen skriver jag ner tankar om vandringen som kristen.","sameAs":["http:\/\/www.vandravagen.se"],"url":"https:\/\/blogg.svenskakyrkan.se\/vandravagen\/author\/vandravagen\/"}]}},"author_meta":{"ID":"392","user_nicename":"vandravagen","user_url":"http:\/\/www.vandravagen.se","user_registered":"2014-05-19 05:44:52","display_name":"Tomas Jarvid","first_name":"Tomas","last_name":"Jarvid","avatar":"https:\/\/secure.gravatar.com\/avatar\/7fa71899795e8f540f615a1f5ab25255dc27aa40f05ee7ddd21aac521e01bf50?s=96&d=identicon&r=g"},"featured_image":false,"bloginfo":{"name":"Vandra V\u00e4gen","url":"https:\/\/blogg.svenskakyrkan.se\/vandravagen"},"_links":{"self":[{"href":"https:\/\/blogg.svenskakyrkan.se\/vandravagen\/wp-json\/wp\/v2\/posts\/424","targetHints":{"allow":["GET"]}}],"collection":[{"href":"https:\/\/blogg.svenskakyrkan.se\/vandravagen\/wp-json\/wp\/v2\/posts"}],"about":[{"href":"https:\/\/blogg.svenskakyrkan.se\/vandravagen\/wp-json\/wp\/v2\/types\/post"}],"author":[{"embeddable":true,"href":"https:\/\/blogg.svenskakyrkan.se\/vandravagen\/wp-json\/wp\/v2\/users\/392"}],"replies":[{"embeddable":true,"href":"https:\/\/blogg.svenskakyrkan.se\/vandravagen\/wp-json\/wp\/v2\/comments?post=424"}],"version-history":[{"count":0,"href":"https:\/\/blogg.svenskakyrkan.se\/vandravagen\/wp-json\/wp\/v2\/posts\/424\/revisions"}],"wp:attachment":[{"href":"https:\/\/blogg.svenskakyrkan.se\/vandravagen\/wp-json\/wp\/v2\/media?parent=424"}],"wp:term":[{"taxonomy":"category","embeddable":true,"href":"https:\/\/blogg.svenskakyrkan.se\/vandravagen\/wp-json\/wp\/v2\/categories?post=424"},{"taxonomy":"post_tag","embeddable":true,"href":"https:\/\/blogg.svenskakyrkan.se\/vandravagen\/wp-json\/wp\/v2\/tags?post=424"}],"curies":[{"name":"wp","href":"https:\/\/api.w.org\/{rel}","templated":true}]}}