{"id":430,"date":"2013-08-01T08:07:00","date_gmt":"2013-08-01T06:07:00","guid":{"rendered":"http:\/\/blogg.svenskakyrkan.se\/vandravagen\/2013\/08\/01\/pilgrimsfard-pa-sta-helenas-dag\/"},"modified":"2013-08-01T08:07:00","modified_gmt":"2013-08-01T06:07:00","slug":"pilgrimsfard-pa-sta-helenas-dag","status":"publish","type":"post","link":"https:\/\/blogg.svenskakyrkan.se\/vandravagen\/2013\/08\/01\/pilgrimsfard-pa-sta-helenas-dag\/","title":{"rendered":"Pilgrimsf\u00e4rd p\u00e5 Sta Helenas dag"},"content":{"rendered":"<table align=\"center\" cellpadding=\"0\" cellspacing=\"0\">\n<tbody>\n<tr>\n<td><a href=\"http:\/\/4.bp.blogspot.com\/-BiIQ0eFu9Ls\/Ufn3j5TkkrI\/AAAAAAAAEoY\/Bo-yLwhVnAk\/s1600\/IMG_3787.JPG\"><img loading=\"lazy\" decoding=\"async\" border=\"0\" height=\"478\" src=\"http:\/\/4.bp.blogspot.com\/-BiIQ0eFu9Ls\/Ufn3j5TkkrI\/AAAAAAAAEoY\/Bo-yLwhVnAk\/s640\/IMG_3787.JPG\" width=\"640\"><\/a><\/td>\n<\/tr>\n<tr>\n<td>N\u00e4stan framme i \u00d6sterplana, fantastiskt vacker nejd!<\/td>\n<\/tr>\n<\/tbody>\n<\/table>\n<div><\/div>\n<div>Ig\u00e5r p\u00e5 Helenadagen ledde jag en pilgrimsvandring. Vi startade vi st Elins k\u00e4lla i Medelplana (en k\u00e4lla \u00e4r ett bra st\u00e4lle att starta p\u00e5, den kristna vandringen b\u00f6rjar ju i dopk\u00e4llan) och gick sedan via \u00d6sterplana och Kestad till G\u00f6tene kyrka. I \u00d6sterplana firade vi m\u00e4ssa p\u00e5 heden i enkelhet, det blev ocks\u00e5 f\u00f6rsta g\u00e5ngen jag anv\u00e4nde mitt sockentyg (liten v\u00e4ska med nattvardsk\u00e4rl) som jag fick vid pr\u00e4stvigningen f\u00f6r tre \u00e5r sedan.\u00a0<\/div>\n<div><\/div>\n<div>Vandringen b\u00f6rjade vid k\u00e4llan, v\u00e5rt ursprung hos Gud, men den slutade i kyrkan som Helena l\u00e4t bygga. Det vill s\u00e4ga, den slutade vid frukten av hennes liv. Det \u00e4r m\u00e4rkligt att det kan finnas kvar best\u00e5ende verk av n\u00e5gon som levde f\u00f6r 900 \u00e5r sedan. Kanske \u00e4r det s\u00e5 med oss ocks\u00e5 \u00e4ven om det vi g\u00f6r verkar oansenligt nu? De goda g\u00e4rningar vi g\u00f6r kan visa sig betyda s\u00e5 mycket mer \u00e4n vi tror. Vi har att leva n\u00e4ra k\u00e4llan och lita p\u00e5 att d\u00e5 b\u00e4r vi frukt alldeles av oss sj\u00e4lva!<\/div>\n<div><\/div>\n<div>Det var fint att f\u00e5 tr\u00e4ffa gamla och nya v\u00e4nner. Tack alla ni som var med!\u00a0<\/div>\n<div><\/div>\n<div>Mitt p\u00e5 vandringen d\u00f6k tidningen Sklt upp och fotograferade och st\u00e4llde fr\u00e5gor. Det k\u00e4nns lite dumt eftersom jag dagen innan blev tillfr\u00e5gad av NLT om de fick komma och h\u00e4lsa p\u00e5 under vandringen och jag d\u00e5 inte tyckte det var n\u00e5gon bra id\u00e9, jag ber om urs\u00e4kt att det blev inkonsekvent fr\u00e5n min sida. Sklt stod p\u00e5 sig och \u00e4ven om man kanske inte \u00e4r van att bli intervjuad mitt ute p\u00e5 pilgrimsv\u00e4gen s\u00e5 blev det \u00e4nd\u00e5 ganska bra. H\u00e4r \u00e4r dagens tidning:<\/div>\n<div><\/div>\n<div><a href=\"http:\/\/3.bp.blogspot.com\/-3CNhanFMkzU\/Ufn2-4mbs2I\/AAAAAAAAEoM\/GieBvoFllQ8\/s1600\/IMG_3791.jpg\"><img loading=\"lazy\" decoding=\"async\" border=\"0\" height=\"478\" src=\"http:\/\/3.bp.blogspot.com\/-3CNhanFMkzU\/Ufn2-4mbs2I\/AAAAAAAAEoM\/GieBvoFllQ8\/s640\/IMG_3791.jpg\" width=\"640\"><\/a><\/div>\n<\/p>\n<div><a href=\"http:\/\/4.bp.blogspot.com\/-oxrwxIxA9PM\/Ufn2-_I41WI\/AAAAAAAAEoI\/lTARfrxI1KQ\/s1600\/IMG_3793.jpg\"><img loading=\"lazy\" decoding=\"async\" border=\"0\" height=\"478\" src=\"http:\/\/4.bp.blogspot.com\/-oxrwxIxA9PM\/Ufn2-_I41WI\/AAAAAAAAEoI\/lTARfrxI1KQ\/s640\/IMG_3793.jpg\" width=\"640\"><\/a><\/div>\n<div><\/div>\n<div><\/div>\n<div>P\u00e5 kv\u00e4llen var det musikgudstj\u00e4nst och riksspelman Lars-Olof Ejstes och sk\u00e5despelerskan Eva Ahlberg gav liv \u00e5t Sta Helenas Officium, skrivet av biskop Brynolf p\u00e5 medeltiden. Det var verkligen en fantastisk upplevelse, Helena blev v\u00e4ldigt levande f\u00f6r mig den stunden! Hoppas fler f\u00e5r chansen att se den f\u00f6rest\u00e4llningen snart!<\/div><\/p>\n","protected":false},"excerpt":{"rendered":"<p>N\u00e4stan framme i \u00d6sterplana, fantastiskt vacker nejd! Ig\u00e5r p\u00e5 Helenadagen ledde jag en pilgrimsvandring. Vi startade vi st Elins k\u00e4lla i Medelplana (en k\u00e4lla \u00e4r ett bra st\u00e4lle att starta p\u00e5, den kristna vandringen b\u00f6rjar ju i dopk\u00e4llan) och gick sedan via \u00d6sterplana och Kestad till G\u00f6tene kyrka. I \u00d6sterplana firade vi m\u00e4ssa p\u00e5 heden [&hellip;]<\/p>\n","protected":false},"author":392,"featured_media":0,"comment_status":"open","ping_status":"open","sticky":false,"template":"","format":"standard","meta":{"_acf_changed":false,"footnotes":""},"categories":[8331],"tags":[],"class_list":["post-430","post","type-post","status-publish","format-standard","hentry","category-pilgrim"],"acf":[],"yoast_head":"<!-- This site is optimized with the Yoast SEO plugin v27.1.1 - https:\/\/yoast.com\/product\/yoast-seo-wordpress\/ -->\n<title>Pilgrimsf\u00e4rd p\u00e5 Sta Helenas dag - Vandra V\u00e4gen<\/title>\n<meta name=\"robots\" content=\"index, follow, max-snippet:-1, max-image-preview:large, max-video-preview:-1\" \/>\n<link rel=\"canonical\" href=\"https:\/\/blogg.svenskakyrkan.se\/vandravagen\/2013\/08\/01\/pilgrimsfard-pa-sta-helenas-dag\/\" \/>\n<meta property=\"og:locale\" content=\"sv_SE\" \/>\n<meta property=\"og:type\" content=\"article\" \/>\n<meta property=\"og:title\" content=\"Pilgrimsf\u00e4rd p\u00e5 Sta Helenas dag - Vandra V\u00e4gen\" \/>\n<meta property=\"og:description\" content=\"N\u00e4stan framme i \u00d6sterplana, fantastiskt vacker nejd! Ig\u00e5r p\u00e5 Helenadagen ledde jag en pilgrimsvandring. Vi startade vi st Elins k\u00e4lla i Medelplana (en k\u00e4lla \u00e4r ett bra st\u00e4lle att starta p\u00e5, den kristna vandringen b\u00f6rjar ju i dopk\u00e4llan) och gick sedan via \u00d6sterplana och Kestad till G\u00f6tene kyrka. I \u00d6sterplana firade vi m\u00e4ssa p\u00e5 heden [&hellip;]\" \/>\n<meta property=\"og:url\" content=\"https:\/\/blogg.svenskakyrkan.se\/vandravagen\/2013\/08\/01\/pilgrimsfard-pa-sta-helenas-dag\/\" \/>\n<meta property=\"og:site_name\" content=\"Vandra V\u00e4gen\" \/>\n<meta property=\"article:publisher\" content=\"http:\/\/facebook.com\/vandravagen\" \/>\n<meta property=\"article:published_time\" content=\"2013-08-01T06:07:00+00:00\" \/>\n<meta property=\"og:image\" content=\"http:\/\/4.bp.blogspot.com\/-BiIQ0eFu9Ls\/Ufn3j5TkkrI\/AAAAAAAAEoY\/Bo-yLwhVnAk\/s640\/IMG_3787.JPG\" \/>\n<meta name=\"author\" content=\"Tomas Jarvid\" \/>\n<meta name=\"twitter:card\" content=\"summary_large_image\" \/>\n<meta name=\"twitter:creator\" content=\"@fadertomas\" \/>\n<meta name=\"twitter:site\" content=\"@fadertomas\" \/>\n<meta name=\"twitter:label1\" content=\"Skriven av\" \/>\n\t<meta name=\"twitter:data1\" content=\"Tomas Jarvid\" \/>\n\t<meta name=\"twitter:label2\" content=\"Ber\u00e4knad l\u00e4stid\" \/>\n\t<meta name=\"twitter:data2\" content=\"2 minuter\" \/>\n<script type=\"application\/ld+json\" class=\"yoast-schema-graph\">{\"@context\":\"https:\/\/schema.org\",\"@graph\":[{\"@type\":\"Article\",\"@id\":\"https:\/\/blogg.svenskakyrkan.se\/vandravagen\/2013\/08\/01\/pilgrimsfard-pa-sta-helenas-dag\/#article\",\"isPartOf\":{\"@id\":\"https:\/\/blogg.svenskakyrkan.se\/vandravagen\/2013\/08\/01\/pilgrimsfard-pa-sta-helenas-dag\/\"},\"author\":{\"name\":\"Tomas Jarvid\",\"@id\":\"https:\/\/blogg.svenskakyrkan.se\/vandravagen\/#\/schema\/person\/25da02d4f76b137d04291711e2c9fc16\"},\"headline\":\"Pilgrimsf\u00e4rd p\u00e5 Sta Helenas dag\",\"datePublished\":\"2013-08-01T06:07:00+00:00\",\"mainEntityOfPage\":{\"@id\":\"https:\/\/blogg.svenskakyrkan.se\/vandravagen\/2013\/08\/01\/pilgrimsfard-pa-sta-helenas-dag\/\"},\"wordCount\":377,\"commentCount\":8,\"publisher\":{\"@id\":\"https:\/\/blogg.svenskakyrkan.se\/vandravagen\/#organization\"},\"image\":{\"@id\":\"https:\/\/blogg.svenskakyrkan.se\/vandravagen\/2013\/08\/01\/pilgrimsfard-pa-sta-helenas-dag\/#primaryimage\"},\"thumbnailUrl\":\"http:\/\/4.bp.blogspot.com\/-BiIQ0eFu9Ls\/Ufn3j5TkkrI\/AAAAAAAAEoY\/Bo-yLwhVnAk\/s640\/IMG_3787.JPG\",\"articleSection\":[\"pilgrim\"],\"inLanguage\":\"sv-SE\",\"potentialAction\":[{\"@type\":\"CommentAction\",\"name\":\"Comment\",\"target\":[\"https:\/\/blogg.svenskakyrkan.se\/vandravagen\/2013\/08\/01\/pilgrimsfard-pa-sta-helenas-dag\/#respond\"]}]},{\"@type\":\"WebPage\",\"@id\":\"https:\/\/blogg.svenskakyrkan.se\/vandravagen\/2013\/08\/01\/pilgrimsfard-pa-sta-helenas-dag\/\",\"url\":\"https:\/\/blogg.svenskakyrkan.se\/vandravagen\/2013\/08\/01\/pilgrimsfard-pa-sta-helenas-dag\/\",\"name\":\"Pilgrimsf\u00e4rd p\u00e5 Sta Helenas dag - Vandra V\u00e4gen\",\"isPartOf\":{\"@id\":\"https:\/\/blogg.svenskakyrkan.se\/vandravagen\/#website\"},\"primaryImageOfPage\":{\"@id\":\"https:\/\/blogg.svenskakyrkan.se\/vandravagen\/2013\/08\/01\/pilgrimsfard-pa-sta-helenas-dag\/#primaryimage\"},\"image\":{\"@id\":\"https:\/\/blogg.svenskakyrkan.se\/vandravagen\/2013\/08\/01\/pilgrimsfard-pa-sta-helenas-dag\/#primaryimage\"},\"thumbnailUrl\":\"http:\/\/4.bp.blogspot.com\/-BiIQ0eFu9Ls\/Ufn3j5TkkrI\/AAAAAAAAEoY\/Bo-yLwhVnAk\/s640\/IMG_3787.JPG\",\"datePublished\":\"2013-08-01T06:07:00+00:00\",\"breadcrumb\":{\"@id\":\"https:\/\/blogg.svenskakyrkan.se\/vandravagen\/2013\/08\/01\/pilgrimsfard-pa-sta-helenas-dag\/#breadcrumb\"},\"inLanguage\":\"sv-SE\",\"potentialAction\":[{\"@type\":\"ReadAction\",\"target\":[\"https:\/\/blogg.svenskakyrkan.se\/vandravagen\/2013\/08\/01\/pilgrimsfard-pa-sta-helenas-dag\/\"]}]},{\"@type\":\"ImageObject\",\"inLanguage\":\"sv-SE\",\"@id\":\"https:\/\/blogg.svenskakyrkan.se\/vandravagen\/2013\/08\/01\/pilgrimsfard-pa-sta-helenas-dag\/#primaryimage\",\"url\":\"http:\/\/4.bp.blogspot.com\/-BiIQ0eFu9Ls\/Ufn3j5TkkrI\/AAAAAAAAEoY\/Bo-yLwhVnAk\/s640\/IMG_3787.JPG\",\"contentUrl\":\"http:\/\/4.bp.blogspot.com\/-BiIQ0eFu9Ls\/Ufn3j5TkkrI\/AAAAAAAAEoY\/Bo-yLwhVnAk\/s640\/IMG_3787.JPG\"},{\"@type\":\"BreadcrumbList\",\"@id\":\"https:\/\/blogg.svenskakyrkan.se\/vandravagen\/2013\/08\/01\/pilgrimsfard-pa-sta-helenas-dag\/#breadcrumb\",\"itemListElement\":[{\"@type\":\"ListItem\",\"position\":1,\"name\":\"Hem\",\"item\":\"https:\/\/blogg.svenskakyrkan.se\/vandravagen\/\"},{\"@type\":\"ListItem\",\"position\":2,\"name\":\"Pilgrimsf\u00e4rd p\u00e5 Sta Helenas dag\"}]},{\"@type\":\"WebSite\",\"@id\":\"https:\/\/blogg.svenskakyrkan.se\/vandravagen\/#website\",\"url\":\"https:\/\/blogg.svenskakyrkan.se\/vandravagen\/\",\"name\":\"Vandra V\u00e4gen\",\"description\":\"-Mot en tro f\u00f6r hela livet\",\"publisher\":{\"@id\":\"https:\/\/blogg.svenskakyrkan.se\/vandravagen\/#organization\"},\"potentialAction\":[{\"@type\":\"SearchAction\",\"target\":{\"@type\":\"EntryPoint\",\"urlTemplate\":\"https:\/\/blogg.svenskakyrkan.se\/vandravagen\/?s={search_term_string}\"},\"query-input\":{\"@type\":\"PropertyValueSpecification\",\"valueRequired\":true,\"valueName\":\"search_term_string\"}}],\"inLanguage\":\"sv-SE\"},{\"@type\":\"Organization\",\"@id\":\"https:\/\/blogg.svenskakyrkan.se\/vandravagen\/#organization\",\"name\":\"ulricehamns pastorat\",\"alternateName\":\"ulricehamns pastorat\",\"url\":\"https:\/\/blogg.svenskakyrkan.se\/vandravagen\/\",\"logo\":{\"@type\":\"ImageObject\",\"inLanguage\":\"sv-SE\",\"@id\":\"https:\/\/blogg.svenskakyrkan.se\/vandravagen\/#\/schema\/logo\/image\/\",\"url\":\"https:\/\/blogg.svenskakyrkan.se\/vandravagen\/files\/2023\/05\/Ulr_logo_RGB.png\",\"contentUrl\":\"https:\/\/blogg.svenskakyrkan.se\/vandravagen\/files\/2023\/05\/Ulr_logo_RGB.png\",\"width\":205,\"height\":77,\"caption\":\"ulricehamns pastorat\"},\"image\":{\"@id\":\"https:\/\/blogg.svenskakyrkan.se\/vandravagen\/#\/schema\/logo\/image\/\"},\"sameAs\":[\"http:\/\/facebook.com\/vandravagen\",\"https:\/\/x.com\/fadertomas\",\"http:\/\/www.facebook.com\/svenskakyrkaniulricehamn\"]},{\"@type\":\"Person\",\"@id\":\"https:\/\/blogg.svenskakyrkan.se\/vandravagen\/#\/schema\/person\/25da02d4f76b137d04291711e2c9fc16\",\"name\":\"Tomas Jarvid\",\"image\":{\"@type\":\"ImageObject\",\"inLanguage\":\"sv-SE\",\"@id\":\"https:\/\/blogg.svenskakyrkan.se\/vandravagen\/#\/schema\/person\/image\/\",\"url\":\"https:\/\/secure.gravatar.com\/avatar\/7fa71899795e8f540f615a1f5ab25255dc27aa40f05ee7ddd21aac521e01bf50?s=96&d=identicon&r=g\",\"contentUrl\":\"https:\/\/secure.gravatar.com\/avatar\/7fa71899795e8f540f615a1f5ab25255dc27aa40f05ee7ddd21aac521e01bf50?s=96&d=identicon&r=g\",\"caption\":\"Tomas Jarvid\"},\"description\":\"Jag bor i Ulricehamn i V\u00e4sterg\u00f6tland och \u00e4r f\u00f6rsamlingspr\u00e4st i Svenska Kyrkan f\u00f6r Dalstorps f\u00f6rsamling i Kinds pastorat. P\u00e5 den h\u00e4r bloggen skriver jag ner tankar om vandringen som kristen.\",\"sameAs\":[\"http:\/\/www.vandravagen.se\"],\"url\":\"https:\/\/blogg.svenskakyrkan.se\/vandravagen\/author\/vandravagen\/\"}]}<\/script>\n<!-- \/ Yoast SEO plugin. -->","yoast_head_json":{"title":"Pilgrimsf\u00e4rd p\u00e5 Sta Helenas dag - Vandra V\u00e4gen","robots":{"index":"index","follow":"follow","max-snippet":"max-snippet:-1","max-image-preview":"max-image-preview:large","max-video-preview":"max-video-preview:-1"},"canonical":"https:\/\/blogg.svenskakyrkan.se\/vandravagen\/2013\/08\/01\/pilgrimsfard-pa-sta-helenas-dag\/","og_locale":"sv_SE","og_type":"article","og_title":"Pilgrimsf\u00e4rd p\u00e5 Sta Helenas dag - Vandra V\u00e4gen","og_description":"N\u00e4stan framme i \u00d6sterplana, fantastiskt vacker nejd! Ig\u00e5r p\u00e5 Helenadagen ledde jag en pilgrimsvandring. Vi startade vi st Elins k\u00e4lla i Medelplana (en k\u00e4lla \u00e4r ett bra st\u00e4lle att starta p\u00e5, den kristna vandringen b\u00f6rjar ju i dopk\u00e4llan) och gick sedan via \u00d6sterplana och Kestad till G\u00f6tene kyrka. I \u00d6sterplana firade vi m\u00e4ssa p\u00e5 heden [&hellip;]","og_url":"https:\/\/blogg.svenskakyrkan.se\/vandravagen\/2013\/08\/01\/pilgrimsfard-pa-sta-helenas-dag\/","og_site_name":"Vandra V\u00e4gen","article_publisher":"http:\/\/facebook.com\/vandravagen","article_published_time":"2013-08-01T06:07:00+00:00","og_image":[{"url":"http:\/\/4.bp.blogspot.com\/-BiIQ0eFu9Ls\/Ufn3j5TkkrI\/AAAAAAAAEoY\/Bo-yLwhVnAk\/s640\/IMG_3787.JPG","type":"","width":"","height":""}],"author":"Tomas Jarvid","twitter_card":"summary_large_image","twitter_creator":"@fadertomas","twitter_site":"@fadertomas","twitter_misc":{"Skriven av":"Tomas Jarvid","Ber\u00e4knad l\u00e4stid":"2 minuter"},"schema":{"@context":"https:\/\/schema.org","@graph":[{"@type":"Article","@id":"https:\/\/blogg.svenskakyrkan.se\/vandravagen\/2013\/08\/01\/pilgrimsfard-pa-sta-helenas-dag\/#article","isPartOf":{"@id":"https:\/\/blogg.svenskakyrkan.se\/vandravagen\/2013\/08\/01\/pilgrimsfard-pa-sta-helenas-dag\/"},"author":{"name":"Tomas Jarvid","@id":"https:\/\/blogg.svenskakyrkan.se\/vandravagen\/#\/schema\/person\/25da02d4f76b137d04291711e2c9fc16"},"headline":"Pilgrimsf\u00e4rd p\u00e5 Sta Helenas dag","datePublished":"2013-08-01T06:07:00+00:00","mainEntityOfPage":{"@id":"https:\/\/blogg.svenskakyrkan.se\/vandravagen\/2013\/08\/01\/pilgrimsfard-pa-sta-helenas-dag\/"},"wordCount":377,"commentCount":8,"publisher":{"@id":"https:\/\/blogg.svenskakyrkan.se\/vandravagen\/#organization"},"image":{"@id":"https:\/\/blogg.svenskakyrkan.se\/vandravagen\/2013\/08\/01\/pilgrimsfard-pa-sta-helenas-dag\/#primaryimage"},"thumbnailUrl":"http:\/\/4.bp.blogspot.com\/-BiIQ0eFu9Ls\/Ufn3j5TkkrI\/AAAAAAAAEoY\/Bo-yLwhVnAk\/s640\/IMG_3787.JPG","articleSection":["pilgrim"],"inLanguage":"sv-SE","potentialAction":[{"@type":"CommentAction","name":"Comment","target":["https:\/\/blogg.svenskakyrkan.se\/vandravagen\/2013\/08\/01\/pilgrimsfard-pa-sta-helenas-dag\/#respond"]}]},{"@type":"WebPage","@id":"https:\/\/blogg.svenskakyrkan.se\/vandravagen\/2013\/08\/01\/pilgrimsfard-pa-sta-helenas-dag\/","url":"https:\/\/blogg.svenskakyrkan.se\/vandravagen\/2013\/08\/01\/pilgrimsfard-pa-sta-helenas-dag\/","name":"Pilgrimsf\u00e4rd p\u00e5 Sta Helenas dag - Vandra V\u00e4gen","isPartOf":{"@id":"https:\/\/blogg.svenskakyrkan.se\/vandravagen\/#website"},"primaryImageOfPage":{"@id":"https:\/\/blogg.svenskakyrkan.se\/vandravagen\/2013\/08\/01\/pilgrimsfard-pa-sta-helenas-dag\/#primaryimage"},"image":{"@id":"https:\/\/blogg.svenskakyrkan.se\/vandravagen\/2013\/08\/01\/pilgrimsfard-pa-sta-helenas-dag\/#primaryimage"},"thumbnailUrl":"http:\/\/4.bp.blogspot.com\/-BiIQ0eFu9Ls\/Ufn3j5TkkrI\/AAAAAAAAEoY\/Bo-yLwhVnAk\/s640\/IMG_3787.JPG","datePublished":"2013-08-01T06:07:00+00:00","breadcrumb":{"@id":"https:\/\/blogg.svenskakyrkan.se\/vandravagen\/2013\/08\/01\/pilgrimsfard-pa-sta-helenas-dag\/#breadcrumb"},"inLanguage":"sv-SE","potentialAction":[{"@type":"ReadAction","target":["https:\/\/blogg.svenskakyrkan.se\/vandravagen\/2013\/08\/01\/pilgrimsfard-pa-sta-helenas-dag\/"]}]},{"@type":"ImageObject","inLanguage":"sv-SE","@id":"https:\/\/blogg.svenskakyrkan.se\/vandravagen\/2013\/08\/01\/pilgrimsfard-pa-sta-helenas-dag\/#primaryimage","url":"http:\/\/4.bp.blogspot.com\/-BiIQ0eFu9Ls\/Ufn3j5TkkrI\/AAAAAAAAEoY\/Bo-yLwhVnAk\/s640\/IMG_3787.JPG","contentUrl":"http:\/\/4.bp.blogspot.com\/-BiIQ0eFu9Ls\/Ufn3j5TkkrI\/AAAAAAAAEoY\/Bo-yLwhVnAk\/s640\/IMG_3787.JPG"},{"@type":"BreadcrumbList","@id":"https:\/\/blogg.svenskakyrkan.se\/vandravagen\/2013\/08\/01\/pilgrimsfard-pa-sta-helenas-dag\/#breadcrumb","itemListElement":[{"@type":"ListItem","position":1,"name":"Hem","item":"https:\/\/blogg.svenskakyrkan.se\/vandravagen\/"},{"@type":"ListItem","position":2,"name":"Pilgrimsf\u00e4rd p\u00e5 Sta Helenas dag"}]},{"@type":"WebSite","@id":"https:\/\/blogg.svenskakyrkan.se\/vandravagen\/#website","url":"https:\/\/blogg.svenskakyrkan.se\/vandravagen\/","name":"Vandra V\u00e4gen","description":"-Mot en tro f\u00f6r hela livet","publisher":{"@id":"https:\/\/blogg.svenskakyrkan.se\/vandravagen\/#organization"},"potentialAction":[{"@type":"SearchAction","target":{"@type":"EntryPoint","urlTemplate":"https:\/\/blogg.svenskakyrkan.se\/vandravagen\/?s={search_term_string}"},"query-input":{"@type":"PropertyValueSpecification","valueRequired":true,"valueName":"search_term_string"}}],"inLanguage":"sv-SE"},{"@type":"Organization","@id":"https:\/\/blogg.svenskakyrkan.se\/vandravagen\/#organization","name":"ulricehamns pastorat","alternateName":"ulricehamns pastorat","url":"https:\/\/blogg.svenskakyrkan.se\/vandravagen\/","logo":{"@type":"ImageObject","inLanguage":"sv-SE","@id":"https:\/\/blogg.svenskakyrkan.se\/vandravagen\/#\/schema\/logo\/image\/","url":"https:\/\/blogg.svenskakyrkan.se\/vandravagen\/files\/2023\/05\/Ulr_logo_RGB.png","contentUrl":"https:\/\/blogg.svenskakyrkan.se\/vandravagen\/files\/2023\/05\/Ulr_logo_RGB.png","width":205,"height":77,"caption":"ulricehamns pastorat"},"image":{"@id":"https:\/\/blogg.svenskakyrkan.se\/vandravagen\/#\/schema\/logo\/image\/"},"sameAs":["http:\/\/facebook.com\/vandravagen","https:\/\/x.com\/fadertomas","http:\/\/www.facebook.com\/svenskakyrkaniulricehamn"]},{"@type":"Person","@id":"https:\/\/blogg.svenskakyrkan.se\/vandravagen\/#\/schema\/person\/25da02d4f76b137d04291711e2c9fc16","name":"Tomas Jarvid","image":{"@type":"ImageObject","inLanguage":"sv-SE","@id":"https:\/\/blogg.svenskakyrkan.se\/vandravagen\/#\/schema\/person\/image\/","url":"https:\/\/secure.gravatar.com\/avatar\/7fa71899795e8f540f615a1f5ab25255dc27aa40f05ee7ddd21aac521e01bf50?s=96&d=identicon&r=g","contentUrl":"https:\/\/secure.gravatar.com\/avatar\/7fa71899795e8f540f615a1f5ab25255dc27aa40f05ee7ddd21aac521e01bf50?s=96&d=identicon&r=g","caption":"Tomas Jarvid"},"description":"Jag bor i Ulricehamn i V\u00e4sterg\u00f6tland och \u00e4r f\u00f6rsamlingspr\u00e4st i Svenska Kyrkan f\u00f6r Dalstorps f\u00f6rsamling i Kinds pastorat. P\u00e5 den h\u00e4r bloggen skriver jag ner tankar om vandringen som kristen.","sameAs":["http:\/\/www.vandravagen.se"],"url":"https:\/\/blogg.svenskakyrkan.se\/vandravagen\/author\/vandravagen\/"}]}},"author_meta":{"ID":"392","user_nicename":"vandravagen","user_url":"http:\/\/www.vandravagen.se","user_registered":"2014-05-19 05:44:52","display_name":"Tomas Jarvid","first_name":"Tomas","last_name":"Jarvid","avatar":"https:\/\/secure.gravatar.com\/avatar\/7fa71899795e8f540f615a1f5ab25255dc27aa40f05ee7ddd21aac521e01bf50?s=96&d=identicon&r=g"},"featured_image":false,"bloginfo":{"name":"Vandra V\u00e4gen","url":"https:\/\/blogg.svenskakyrkan.se\/vandravagen"},"_links":{"self":[{"href":"https:\/\/blogg.svenskakyrkan.se\/vandravagen\/wp-json\/wp\/v2\/posts\/430","targetHints":{"allow":["GET"]}}],"collection":[{"href":"https:\/\/blogg.svenskakyrkan.se\/vandravagen\/wp-json\/wp\/v2\/posts"}],"about":[{"href":"https:\/\/blogg.svenskakyrkan.se\/vandravagen\/wp-json\/wp\/v2\/types\/post"}],"author":[{"embeddable":true,"href":"https:\/\/blogg.svenskakyrkan.se\/vandravagen\/wp-json\/wp\/v2\/users\/392"}],"replies":[{"embeddable":true,"href":"https:\/\/blogg.svenskakyrkan.se\/vandravagen\/wp-json\/wp\/v2\/comments?post=430"}],"version-history":[{"count":0,"href":"https:\/\/blogg.svenskakyrkan.se\/vandravagen\/wp-json\/wp\/v2\/posts\/430\/revisions"}],"wp:attachment":[{"href":"https:\/\/blogg.svenskakyrkan.se\/vandravagen\/wp-json\/wp\/v2\/media?parent=430"}],"wp:term":[{"taxonomy":"category","embeddable":true,"href":"https:\/\/blogg.svenskakyrkan.se\/vandravagen\/wp-json\/wp\/v2\/categories?post=430"},{"taxonomy":"post_tag","embeddable":true,"href":"https:\/\/blogg.svenskakyrkan.se\/vandravagen\/wp-json\/wp\/v2\/tags?post=430"}],"curies":[{"name":"wp","href":"https:\/\/api.w.org\/{rel}","templated":true}]}}