{"id":432,"date":"2013-07-31T06:27:00","date_gmt":"2013-07-31T04:27:00","guid":{"rendered":"http:\/\/blogg.svenskakyrkan.se\/vandravagen\/2013\/07\/31\/idag-ar-det-pilgrimsvandring-nagra-spridda-tankar\/"},"modified":"2013-07-31T06:27:00","modified_gmt":"2013-07-31T04:27:00","slug":"idag-ar-det-pilgrimsvandring-nagra-spridda-tankar","status":"publish","type":"post","link":"https:\/\/blogg.svenskakyrkan.se\/vandravagen\/2013\/07\/31\/idag-ar-det-pilgrimsvandring-nagra-spridda-tankar\/","title":{"rendered":"Idag \u00e4r det pilgrimsvandring, n\u00e5gra spridda tankar"},"content":{"rendered":"<div>Idag \u00e4r det 31juli, Sankta Helenas helgondag. Jag och fler med mig ska \u00e4gna dagen \u00e5t pilgrimsvandring. N\u00e5gra tankar:<\/div>\n<div><\/div>\n<p>&#8211; Det ska bli roligt att tr\u00e4ffa flera av er \u00e5terkommande bloggl\u00e4sare afk. minst en av er \u00e4r det ju f\u00f6rsta g\u00e5ngen jag tr\u00e4ffar i verkligheten!<\/p>\n<p>-Om man \u00e4r vilse \u00e4r\u00a0snabbaste v\u00e4gen fram\u00e5t att stanna och leta efter v\u00e4gen.\u00a0<\/p>\n<div><\/div>\n<div>-Jag packar ner mitt sockenstugan jag f\u00e5tt i g\u00e5va vid pr\u00e4stvigningen. Premi\u00e4r idag?<\/p>\n<p>Annars s\u00e4ger jag som dottern; nu k\u00f6r vi!<\/p>\n<div><a href=\"https:\/\/lh4.googleusercontent.com\/-C5JGdV8svA0\/Ufir2JGjt1I\/AAAAAAAAEn4\/BOCaCp5a0sI\/s640\/blogger-image--1499323601.jpg\"><img decoding=\"async\" border=\"0\" src=\"https:\/\/lh4.googleusercontent.com\/-C5JGdV8svA0\/Ufir2JGjt1I\/AAAAAAAAEn4\/BOCaCp5a0sI\/s640\/blogger-image--1499323601.jpg\"><\/a><\/div>\n<\/div>\n","protected":false},"excerpt":{"rendered":"<p>Idag \u00e4r det 31juli, Sankta Helenas helgondag. Jag och fler med mig ska \u00e4gna dagen \u00e5t pilgrimsvandring. N\u00e5gra tankar: &#8211; Det ska bli roligt att tr\u00e4ffa flera av er \u00e5terkommande bloggl\u00e4sare afk. minst en av er \u00e4r det ju f\u00f6rsta g\u00e5ngen jag tr\u00e4ffar i verkligheten! -Om man \u00e4r vilse \u00e4r\u00a0snabbaste v\u00e4gen fram\u00e5t att stanna och [&hellip;]<\/p>\n","protected":false},"author":392,"featured_media":0,"comment_status":"open","ping_status":"open","sticky":false,"template":"","format":"standard","meta":{"_acf_changed":false,"footnotes":""},"categories":[8331],"tags":[],"class_list":["post-432","post","type-post","status-publish","format-standard","hentry","category-pilgrim"],"acf":[],"yoast_head":"<!-- This site is optimized with the Yoast SEO plugin v27.1.1 - https:\/\/yoast.com\/product\/yoast-seo-wordpress\/ -->\n<title>Idag \u00e4r det pilgrimsvandring, n\u00e5gra spridda tankar - Vandra V\u00e4gen<\/title>\n<meta name=\"robots\" content=\"index, follow, max-snippet:-1, max-image-preview:large, max-video-preview:-1\" \/>\n<link rel=\"canonical\" href=\"https:\/\/blogg.svenskakyrkan.se\/vandravagen\/2013\/07\/31\/idag-ar-det-pilgrimsvandring-nagra-spridda-tankar\/\" \/>\n<meta property=\"og:locale\" content=\"sv_SE\" \/>\n<meta property=\"og:type\" content=\"article\" \/>\n<meta property=\"og:title\" content=\"Idag \u00e4r det pilgrimsvandring, n\u00e5gra spridda tankar - Vandra V\u00e4gen\" \/>\n<meta property=\"og:description\" content=\"Idag \u00e4r det 31juli, Sankta Helenas helgondag. Jag och fler med mig ska \u00e4gna dagen \u00e5t pilgrimsvandring. N\u00e5gra tankar: &#8211; Det ska bli roligt att tr\u00e4ffa flera av er \u00e5terkommande bloggl\u00e4sare afk. minst en av er \u00e4r det ju f\u00f6rsta g\u00e5ngen jag tr\u00e4ffar i verkligheten! -Om man \u00e4r vilse \u00e4r\u00a0snabbaste v\u00e4gen fram\u00e5t att stanna och [&hellip;]\" \/>\n<meta property=\"og:url\" content=\"https:\/\/blogg.svenskakyrkan.se\/vandravagen\/2013\/07\/31\/idag-ar-det-pilgrimsvandring-nagra-spridda-tankar\/\" \/>\n<meta property=\"og:site_name\" content=\"Vandra V\u00e4gen\" \/>\n<meta property=\"article:publisher\" content=\"http:\/\/facebook.com\/vandravagen\" \/>\n<meta property=\"article:published_time\" content=\"2013-07-31T04:27:00+00:00\" \/>\n<meta property=\"og:image\" content=\"https:\/\/lh4.googleusercontent.com\/-C5JGdV8svA0\/Ufir2JGjt1I\/AAAAAAAAEn4\/BOCaCp5a0sI\/s640\/blogger-image--1499323601.jpg\" \/>\n<meta name=\"author\" content=\"Tomas Jarvid\" \/>\n<meta name=\"twitter:card\" content=\"summary_large_image\" \/>\n<meta name=\"twitter:creator\" content=\"@fadertomas\" \/>\n<meta name=\"twitter:site\" content=\"@fadertomas\" \/>\n<meta name=\"twitter:label1\" content=\"Skriven av\" \/>\n\t<meta name=\"twitter:data1\" content=\"Tomas Jarvid\" \/>\n<script type=\"application\/ld+json\" class=\"yoast-schema-graph\">{\"@context\":\"https:\/\/schema.org\",\"@graph\":[{\"@type\":\"Article\",\"@id\":\"https:\/\/blogg.svenskakyrkan.se\/vandravagen\/2013\/07\/31\/idag-ar-det-pilgrimsvandring-nagra-spridda-tankar\/#article\",\"isPartOf\":{\"@id\":\"https:\/\/blogg.svenskakyrkan.se\/vandravagen\/2013\/07\/31\/idag-ar-det-pilgrimsvandring-nagra-spridda-tankar\/\"},\"author\":{\"name\":\"Tomas Jarvid\",\"@id\":\"https:\/\/blogg.svenskakyrkan.se\/vandravagen\/#\/schema\/person\/25da02d4f76b137d04291711e2c9fc16\"},\"headline\":\"Idag \u00e4r det pilgrimsvandring, n\u00e5gra spridda tankar\",\"datePublished\":\"2013-07-31T04:27:00+00:00\",\"mainEntityOfPage\":{\"@id\":\"https:\/\/blogg.svenskakyrkan.se\/vandravagen\/2013\/07\/31\/idag-ar-det-pilgrimsvandring-nagra-spridda-tankar\/\"},\"wordCount\":103,\"commentCount\":4,\"publisher\":{\"@id\":\"https:\/\/blogg.svenskakyrkan.se\/vandravagen\/#organization\"},\"image\":{\"@id\":\"https:\/\/blogg.svenskakyrkan.se\/vandravagen\/2013\/07\/31\/idag-ar-det-pilgrimsvandring-nagra-spridda-tankar\/#primaryimage\"},\"thumbnailUrl\":\"https:\/\/lh4.googleusercontent.com\/-C5JGdV8svA0\/Ufir2JGjt1I\/AAAAAAAAEn4\/BOCaCp5a0sI\/s640\/blogger-image--1499323601.jpg\",\"articleSection\":[\"pilgrim\"],\"inLanguage\":\"sv-SE\",\"potentialAction\":[{\"@type\":\"CommentAction\",\"name\":\"Comment\",\"target\":[\"https:\/\/blogg.svenskakyrkan.se\/vandravagen\/2013\/07\/31\/idag-ar-det-pilgrimsvandring-nagra-spridda-tankar\/#respond\"]}]},{\"@type\":\"WebPage\",\"@id\":\"https:\/\/blogg.svenskakyrkan.se\/vandravagen\/2013\/07\/31\/idag-ar-det-pilgrimsvandring-nagra-spridda-tankar\/\",\"url\":\"https:\/\/blogg.svenskakyrkan.se\/vandravagen\/2013\/07\/31\/idag-ar-det-pilgrimsvandring-nagra-spridda-tankar\/\",\"name\":\"Idag \u00e4r det pilgrimsvandring, n\u00e5gra spridda tankar - Vandra V\u00e4gen\",\"isPartOf\":{\"@id\":\"https:\/\/blogg.svenskakyrkan.se\/vandravagen\/#website\"},\"primaryImageOfPage\":{\"@id\":\"https:\/\/blogg.svenskakyrkan.se\/vandravagen\/2013\/07\/31\/idag-ar-det-pilgrimsvandring-nagra-spridda-tankar\/#primaryimage\"},\"image\":{\"@id\":\"https:\/\/blogg.svenskakyrkan.se\/vandravagen\/2013\/07\/31\/idag-ar-det-pilgrimsvandring-nagra-spridda-tankar\/#primaryimage\"},\"thumbnailUrl\":\"https:\/\/lh4.googleusercontent.com\/-C5JGdV8svA0\/Ufir2JGjt1I\/AAAAAAAAEn4\/BOCaCp5a0sI\/s640\/blogger-image--1499323601.jpg\",\"datePublished\":\"2013-07-31T04:27:00+00:00\",\"breadcrumb\":{\"@id\":\"https:\/\/blogg.svenskakyrkan.se\/vandravagen\/2013\/07\/31\/idag-ar-det-pilgrimsvandring-nagra-spridda-tankar\/#breadcrumb\"},\"inLanguage\":\"sv-SE\",\"potentialAction\":[{\"@type\":\"ReadAction\",\"target\":[\"https:\/\/blogg.svenskakyrkan.se\/vandravagen\/2013\/07\/31\/idag-ar-det-pilgrimsvandring-nagra-spridda-tankar\/\"]}]},{\"@type\":\"ImageObject\",\"inLanguage\":\"sv-SE\",\"@id\":\"https:\/\/blogg.svenskakyrkan.se\/vandravagen\/2013\/07\/31\/idag-ar-det-pilgrimsvandring-nagra-spridda-tankar\/#primaryimage\",\"url\":\"https:\/\/lh4.googleusercontent.com\/-C5JGdV8svA0\/Ufir2JGjt1I\/AAAAAAAAEn4\/BOCaCp5a0sI\/s640\/blogger-image--1499323601.jpg\",\"contentUrl\":\"https:\/\/lh4.googleusercontent.com\/-C5JGdV8svA0\/Ufir2JGjt1I\/AAAAAAAAEn4\/BOCaCp5a0sI\/s640\/blogger-image--1499323601.jpg\"},{\"@type\":\"BreadcrumbList\",\"@id\":\"https:\/\/blogg.svenskakyrkan.se\/vandravagen\/2013\/07\/31\/idag-ar-det-pilgrimsvandring-nagra-spridda-tankar\/#breadcrumb\",\"itemListElement\":[{\"@type\":\"ListItem\",\"position\":1,\"name\":\"Hem\",\"item\":\"https:\/\/blogg.svenskakyrkan.se\/vandravagen\/\"},{\"@type\":\"ListItem\",\"position\":2,\"name\":\"Idag \u00e4r det pilgrimsvandring, n\u00e5gra spridda tankar\"}]},{\"@type\":\"WebSite\",\"@id\":\"https:\/\/blogg.svenskakyrkan.se\/vandravagen\/#website\",\"url\":\"https:\/\/blogg.svenskakyrkan.se\/vandravagen\/\",\"name\":\"Vandra V\u00e4gen\",\"description\":\"-Mot en tro f\u00f6r hela livet\",\"publisher\":{\"@id\":\"https:\/\/blogg.svenskakyrkan.se\/vandravagen\/#organization\"},\"potentialAction\":[{\"@type\":\"SearchAction\",\"target\":{\"@type\":\"EntryPoint\",\"urlTemplate\":\"https:\/\/blogg.svenskakyrkan.se\/vandravagen\/?s={search_term_string}\"},\"query-input\":{\"@type\":\"PropertyValueSpecification\",\"valueRequired\":true,\"valueName\":\"search_term_string\"}}],\"inLanguage\":\"sv-SE\"},{\"@type\":\"Organization\",\"@id\":\"https:\/\/blogg.svenskakyrkan.se\/vandravagen\/#organization\",\"name\":\"ulricehamns pastorat\",\"alternateName\":\"ulricehamns pastorat\",\"url\":\"https:\/\/blogg.svenskakyrkan.se\/vandravagen\/\",\"logo\":{\"@type\":\"ImageObject\",\"inLanguage\":\"sv-SE\",\"@id\":\"https:\/\/blogg.svenskakyrkan.se\/vandravagen\/#\/schema\/logo\/image\/\",\"url\":\"https:\/\/blogg.svenskakyrkan.se\/vandravagen\/files\/2023\/05\/Ulr_logo_RGB.png\",\"contentUrl\":\"https:\/\/blogg.svenskakyrkan.se\/vandravagen\/files\/2023\/05\/Ulr_logo_RGB.png\",\"width\":205,\"height\":77,\"caption\":\"ulricehamns pastorat\"},\"image\":{\"@id\":\"https:\/\/blogg.svenskakyrkan.se\/vandravagen\/#\/schema\/logo\/image\/\"},\"sameAs\":[\"http:\/\/facebook.com\/vandravagen\",\"https:\/\/x.com\/fadertomas\",\"http:\/\/www.facebook.com\/svenskakyrkaniulricehamn\"]},{\"@type\":\"Person\",\"@id\":\"https:\/\/blogg.svenskakyrkan.se\/vandravagen\/#\/schema\/person\/25da02d4f76b137d04291711e2c9fc16\",\"name\":\"Tomas Jarvid\",\"image\":{\"@type\":\"ImageObject\",\"inLanguage\":\"sv-SE\",\"@id\":\"https:\/\/blogg.svenskakyrkan.se\/vandravagen\/#\/schema\/person\/image\/\",\"url\":\"https:\/\/secure.gravatar.com\/avatar\/7fa71899795e8f540f615a1f5ab25255dc27aa40f05ee7ddd21aac521e01bf50?s=96&d=identicon&r=g\",\"contentUrl\":\"https:\/\/secure.gravatar.com\/avatar\/7fa71899795e8f540f615a1f5ab25255dc27aa40f05ee7ddd21aac521e01bf50?s=96&d=identicon&r=g\",\"caption\":\"Tomas Jarvid\"},\"description\":\"Jag bor i Ulricehamn i V\u00e4sterg\u00f6tland och \u00e4r f\u00f6rsamlingspr\u00e4st i Svenska Kyrkan f\u00f6r Dalstorps f\u00f6rsamling i Kinds pastorat. P\u00e5 den h\u00e4r bloggen skriver jag ner tankar om vandringen som kristen.\",\"sameAs\":[\"http:\/\/www.vandravagen.se\"],\"url\":\"https:\/\/blogg.svenskakyrkan.se\/vandravagen\/author\/vandravagen\/\"}]}<\/script>\n<!-- \/ Yoast SEO plugin. -->","yoast_head_json":{"title":"Idag \u00e4r det pilgrimsvandring, n\u00e5gra spridda tankar - Vandra V\u00e4gen","robots":{"index":"index","follow":"follow","max-snippet":"max-snippet:-1","max-image-preview":"max-image-preview:large","max-video-preview":"max-video-preview:-1"},"canonical":"https:\/\/blogg.svenskakyrkan.se\/vandravagen\/2013\/07\/31\/idag-ar-det-pilgrimsvandring-nagra-spridda-tankar\/","og_locale":"sv_SE","og_type":"article","og_title":"Idag \u00e4r det pilgrimsvandring, n\u00e5gra spridda tankar - Vandra V\u00e4gen","og_description":"Idag \u00e4r det 31juli, Sankta Helenas helgondag. Jag och fler med mig ska \u00e4gna dagen \u00e5t pilgrimsvandring. N\u00e5gra tankar: &#8211; Det ska bli roligt att tr\u00e4ffa flera av er \u00e5terkommande bloggl\u00e4sare afk. minst en av er \u00e4r det ju f\u00f6rsta g\u00e5ngen jag tr\u00e4ffar i verkligheten! -Om man \u00e4r vilse \u00e4r\u00a0snabbaste v\u00e4gen fram\u00e5t att stanna och [&hellip;]","og_url":"https:\/\/blogg.svenskakyrkan.se\/vandravagen\/2013\/07\/31\/idag-ar-det-pilgrimsvandring-nagra-spridda-tankar\/","og_site_name":"Vandra V\u00e4gen","article_publisher":"http:\/\/facebook.com\/vandravagen","article_published_time":"2013-07-31T04:27:00+00:00","og_image":[{"url":"https:\/\/lh4.googleusercontent.com\/-C5JGdV8svA0\/Ufir2JGjt1I\/AAAAAAAAEn4\/BOCaCp5a0sI\/s640\/blogger-image--1499323601.jpg","type":"","width":"","height":""}],"author":"Tomas Jarvid","twitter_card":"summary_large_image","twitter_creator":"@fadertomas","twitter_site":"@fadertomas","twitter_misc":{"Skriven av":"Tomas Jarvid"},"schema":{"@context":"https:\/\/schema.org","@graph":[{"@type":"Article","@id":"https:\/\/blogg.svenskakyrkan.se\/vandravagen\/2013\/07\/31\/idag-ar-det-pilgrimsvandring-nagra-spridda-tankar\/#article","isPartOf":{"@id":"https:\/\/blogg.svenskakyrkan.se\/vandravagen\/2013\/07\/31\/idag-ar-det-pilgrimsvandring-nagra-spridda-tankar\/"},"author":{"name":"Tomas Jarvid","@id":"https:\/\/blogg.svenskakyrkan.se\/vandravagen\/#\/schema\/person\/25da02d4f76b137d04291711e2c9fc16"},"headline":"Idag \u00e4r det pilgrimsvandring, n\u00e5gra spridda tankar","datePublished":"2013-07-31T04:27:00+00:00","mainEntityOfPage":{"@id":"https:\/\/blogg.svenskakyrkan.se\/vandravagen\/2013\/07\/31\/idag-ar-det-pilgrimsvandring-nagra-spridda-tankar\/"},"wordCount":103,"commentCount":4,"publisher":{"@id":"https:\/\/blogg.svenskakyrkan.se\/vandravagen\/#organization"},"image":{"@id":"https:\/\/blogg.svenskakyrkan.se\/vandravagen\/2013\/07\/31\/idag-ar-det-pilgrimsvandring-nagra-spridda-tankar\/#primaryimage"},"thumbnailUrl":"https:\/\/lh4.googleusercontent.com\/-C5JGdV8svA0\/Ufir2JGjt1I\/AAAAAAAAEn4\/BOCaCp5a0sI\/s640\/blogger-image--1499323601.jpg","articleSection":["pilgrim"],"inLanguage":"sv-SE","potentialAction":[{"@type":"CommentAction","name":"Comment","target":["https:\/\/blogg.svenskakyrkan.se\/vandravagen\/2013\/07\/31\/idag-ar-det-pilgrimsvandring-nagra-spridda-tankar\/#respond"]}]},{"@type":"WebPage","@id":"https:\/\/blogg.svenskakyrkan.se\/vandravagen\/2013\/07\/31\/idag-ar-det-pilgrimsvandring-nagra-spridda-tankar\/","url":"https:\/\/blogg.svenskakyrkan.se\/vandravagen\/2013\/07\/31\/idag-ar-det-pilgrimsvandring-nagra-spridda-tankar\/","name":"Idag \u00e4r det pilgrimsvandring, n\u00e5gra spridda tankar - Vandra V\u00e4gen","isPartOf":{"@id":"https:\/\/blogg.svenskakyrkan.se\/vandravagen\/#website"},"primaryImageOfPage":{"@id":"https:\/\/blogg.svenskakyrkan.se\/vandravagen\/2013\/07\/31\/idag-ar-det-pilgrimsvandring-nagra-spridda-tankar\/#primaryimage"},"image":{"@id":"https:\/\/blogg.svenskakyrkan.se\/vandravagen\/2013\/07\/31\/idag-ar-det-pilgrimsvandring-nagra-spridda-tankar\/#primaryimage"},"thumbnailUrl":"https:\/\/lh4.googleusercontent.com\/-C5JGdV8svA0\/Ufir2JGjt1I\/AAAAAAAAEn4\/BOCaCp5a0sI\/s640\/blogger-image--1499323601.jpg","datePublished":"2013-07-31T04:27:00+00:00","breadcrumb":{"@id":"https:\/\/blogg.svenskakyrkan.se\/vandravagen\/2013\/07\/31\/idag-ar-det-pilgrimsvandring-nagra-spridda-tankar\/#breadcrumb"},"inLanguage":"sv-SE","potentialAction":[{"@type":"ReadAction","target":["https:\/\/blogg.svenskakyrkan.se\/vandravagen\/2013\/07\/31\/idag-ar-det-pilgrimsvandring-nagra-spridda-tankar\/"]}]},{"@type":"ImageObject","inLanguage":"sv-SE","@id":"https:\/\/blogg.svenskakyrkan.se\/vandravagen\/2013\/07\/31\/idag-ar-det-pilgrimsvandring-nagra-spridda-tankar\/#primaryimage","url":"https:\/\/lh4.googleusercontent.com\/-C5JGdV8svA0\/Ufir2JGjt1I\/AAAAAAAAEn4\/BOCaCp5a0sI\/s640\/blogger-image--1499323601.jpg","contentUrl":"https:\/\/lh4.googleusercontent.com\/-C5JGdV8svA0\/Ufir2JGjt1I\/AAAAAAAAEn4\/BOCaCp5a0sI\/s640\/blogger-image--1499323601.jpg"},{"@type":"BreadcrumbList","@id":"https:\/\/blogg.svenskakyrkan.se\/vandravagen\/2013\/07\/31\/idag-ar-det-pilgrimsvandring-nagra-spridda-tankar\/#breadcrumb","itemListElement":[{"@type":"ListItem","position":1,"name":"Hem","item":"https:\/\/blogg.svenskakyrkan.se\/vandravagen\/"},{"@type":"ListItem","position":2,"name":"Idag \u00e4r det pilgrimsvandring, n\u00e5gra spridda tankar"}]},{"@type":"WebSite","@id":"https:\/\/blogg.svenskakyrkan.se\/vandravagen\/#website","url":"https:\/\/blogg.svenskakyrkan.se\/vandravagen\/","name":"Vandra V\u00e4gen","description":"-Mot en tro f\u00f6r hela livet","publisher":{"@id":"https:\/\/blogg.svenskakyrkan.se\/vandravagen\/#organization"},"potentialAction":[{"@type":"SearchAction","target":{"@type":"EntryPoint","urlTemplate":"https:\/\/blogg.svenskakyrkan.se\/vandravagen\/?s={search_term_string}"},"query-input":{"@type":"PropertyValueSpecification","valueRequired":true,"valueName":"search_term_string"}}],"inLanguage":"sv-SE"},{"@type":"Organization","@id":"https:\/\/blogg.svenskakyrkan.se\/vandravagen\/#organization","name":"ulricehamns pastorat","alternateName":"ulricehamns pastorat","url":"https:\/\/blogg.svenskakyrkan.se\/vandravagen\/","logo":{"@type":"ImageObject","inLanguage":"sv-SE","@id":"https:\/\/blogg.svenskakyrkan.se\/vandravagen\/#\/schema\/logo\/image\/","url":"https:\/\/blogg.svenskakyrkan.se\/vandravagen\/files\/2023\/05\/Ulr_logo_RGB.png","contentUrl":"https:\/\/blogg.svenskakyrkan.se\/vandravagen\/files\/2023\/05\/Ulr_logo_RGB.png","width":205,"height":77,"caption":"ulricehamns pastorat"},"image":{"@id":"https:\/\/blogg.svenskakyrkan.se\/vandravagen\/#\/schema\/logo\/image\/"},"sameAs":["http:\/\/facebook.com\/vandravagen","https:\/\/x.com\/fadertomas","http:\/\/www.facebook.com\/svenskakyrkaniulricehamn"]},{"@type":"Person","@id":"https:\/\/blogg.svenskakyrkan.se\/vandravagen\/#\/schema\/person\/25da02d4f76b137d04291711e2c9fc16","name":"Tomas Jarvid","image":{"@type":"ImageObject","inLanguage":"sv-SE","@id":"https:\/\/blogg.svenskakyrkan.se\/vandravagen\/#\/schema\/person\/image\/","url":"https:\/\/secure.gravatar.com\/avatar\/7fa71899795e8f540f615a1f5ab25255dc27aa40f05ee7ddd21aac521e01bf50?s=96&d=identicon&r=g","contentUrl":"https:\/\/secure.gravatar.com\/avatar\/7fa71899795e8f540f615a1f5ab25255dc27aa40f05ee7ddd21aac521e01bf50?s=96&d=identicon&r=g","caption":"Tomas Jarvid"},"description":"Jag bor i Ulricehamn i V\u00e4sterg\u00f6tland och \u00e4r f\u00f6rsamlingspr\u00e4st i Svenska Kyrkan f\u00f6r Dalstorps f\u00f6rsamling i Kinds pastorat. P\u00e5 den h\u00e4r bloggen skriver jag ner tankar om vandringen som kristen.","sameAs":["http:\/\/www.vandravagen.se"],"url":"https:\/\/blogg.svenskakyrkan.se\/vandravagen\/author\/vandravagen\/"}]}},"author_meta":{"ID":"392","user_nicename":"vandravagen","user_url":"http:\/\/www.vandravagen.se","user_registered":"2014-05-19 05:44:52","display_name":"Tomas Jarvid","first_name":"Tomas","last_name":"Jarvid","avatar":"https:\/\/secure.gravatar.com\/avatar\/7fa71899795e8f540f615a1f5ab25255dc27aa40f05ee7ddd21aac521e01bf50?s=96&d=identicon&r=g"},"featured_image":false,"bloginfo":{"name":"Vandra V\u00e4gen","url":"https:\/\/blogg.svenskakyrkan.se\/vandravagen"},"_links":{"self":[{"href":"https:\/\/blogg.svenskakyrkan.se\/vandravagen\/wp-json\/wp\/v2\/posts\/432","targetHints":{"allow":["GET"]}}],"collection":[{"href":"https:\/\/blogg.svenskakyrkan.se\/vandravagen\/wp-json\/wp\/v2\/posts"}],"about":[{"href":"https:\/\/blogg.svenskakyrkan.se\/vandravagen\/wp-json\/wp\/v2\/types\/post"}],"author":[{"embeddable":true,"href":"https:\/\/blogg.svenskakyrkan.se\/vandravagen\/wp-json\/wp\/v2\/users\/392"}],"replies":[{"embeddable":true,"href":"https:\/\/blogg.svenskakyrkan.se\/vandravagen\/wp-json\/wp\/v2\/comments?post=432"}],"version-history":[{"count":0,"href":"https:\/\/blogg.svenskakyrkan.se\/vandravagen\/wp-json\/wp\/v2\/posts\/432\/revisions"}],"wp:attachment":[{"href":"https:\/\/blogg.svenskakyrkan.se\/vandravagen\/wp-json\/wp\/v2\/media?parent=432"}],"wp:term":[{"taxonomy":"category","embeddable":true,"href":"https:\/\/blogg.svenskakyrkan.se\/vandravagen\/wp-json\/wp\/v2\/categories?post=432"},{"taxonomy":"post_tag","embeddable":true,"href":"https:\/\/blogg.svenskakyrkan.se\/vandravagen\/wp-json\/wp\/v2\/tags?post=432"}],"curies":[{"name":"wp","href":"https:\/\/api.w.org\/{rel}","templated":true}]}}