{"id":433,"date":"2013-07-30T08:05:00","date_gmt":"2013-07-30T06:05:00","guid":{"rendered":"http:\/\/blogg.svenskakyrkan.se\/vandravagen\/2013\/07\/30\/veckans-basta-fran-twitter\/"},"modified":"2013-07-30T08:05:00","modified_gmt":"2013-07-30T06:05:00","slug":"veckans-basta-fran-twitter","status":"publish","type":"post","link":"https:\/\/blogg.svenskakyrkan.se\/vandravagen\/2013\/07\/30\/veckans-basta-fran-twitter\/","title":{"rendered":"Veckans b\u00e4sta fr\u00e5n twitter"},"content":{"rendered":"<div>Tisdag morgon. Veckan har segat ig\u00e5ng \u00e4ven f\u00f6r mig som \u00e4r m\u00e5ndagsledig. H\u00e4r \u00e4r lite att fnissa \u00e5t och annat att ta in i sj\u00e4lens djup fr\u00e5n den senaste veckan p\u00e5 twitter:<\/div>\n<div><\/div>\n<div><\/div>\n<div><b>Kristna (?) tweets<\/b><\/div>\n<div><\/div>\n<div><\/div>\n<div><a href=\"http:\/\/4.bp.blogspot.com\/-oLpKANII7qs\/UfdUUKTNm0I\/AAAAAAAAElM\/8nnO52NNhIs\/s1600\/Ska%CC%88rmavbild+2013-07-30+kl.+05.59.26.png\"><img loading=\"lazy\" decoding=\"async\" border=\"0\" height=\"75\" src=\"http:\/\/4.bp.blogspot.com\/-oLpKANII7qs\/UfdUUKTNm0I\/AAAAAAAAElM\/8nnO52NNhIs\/s400\/Ska%CC%88rmavbild+2013-07-30+kl.+05.59.26.png\" width=\"400\"><\/a><\/div>\n<div><\/div>\n<div><\/div>\n<div><a href=\"http:\/\/1.bp.blogspot.com\/-stcOUYCL_K4\/UfdUVA9J47I\/AAAAAAAAElc\/GUMnon5IOZ0\/s1600\/Ska%CC%88rmavbild+2013-07-30+kl.+06.01.44.png\"><img loading=\"lazy\" decoding=\"async\" border=\"0\" height=\"88\" src=\"http:\/\/1.bp.blogspot.com\/-stcOUYCL_K4\/UfdUVA9J47I\/AAAAAAAAElc\/GUMnon5IOZ0\/s400\/Ska%CC%88rmavbild+2013-07-30+kl.+06.01.44.png\" width=\"400\"><\/a><\/div>\n<div><\/div>\n<div><a href=\"http:\/\/4.bp.blogspot.com\/-kOejMlajwJQ\/UfdUXrvNpSI\/AAAAAAAAEmI\/ZVRImzhfXzU\/s1600\/Ska%CC%88rmavbild+2013-07-30+kl.+06.04.15.png\"><img loading=\"lazy\" decoding=\"async\" border=\"0\" height=\"97\" src=\"http:\/\/4.bp.blogspot.com\/-kOejMlajwJQ\/UfdUXrvNpSI\/AAAAAAAAEmI\/ZVRImzhfXzU\/s400\/Ska%CC%88rmavbild+2013-07-30+kl.+06.04.15.png\" width=\"400\"><\/a><\/div>\n<div><\/div>\n<div><\/div>\n<div>Bra uttryckt! Om <a href=\"http:\/\/www.vandravagen.se\/2013\/07\/varfor-ar-ett-ankare-symbol-for-hoppet.html\">det kristna hoppet<\/a>.<\/div>\n<div><a href=\"http:\/\/1.bp.blogspot.com\/-QQ3FN0GqdLw\/UfdUXXmTsuI\/AAAAAAAAEmM\/oHetw1XJGVI\/s1600\/Ska%CC%88rmavbild+2013-07-30+kl.+06.03.38.png\"><img loading=\"lazy\" decoding=\"async\" border=\"0\" height=\"87\" src=\"http:\/\/1.bp.blogspot.com\/-QQ3FN0GqdLw\/UfdUXXmTsuI\/AAAAAAAAEmM\/oHetw1XJGVI\/s400\/Ska%CC%88rmavbild+2013-07-30+kl.+06.03.38.png\" width=\"400\"><\/a><\/div>\n<div><\/div>\n<div><\/div>\n<p>Just det h\u00e4r g\u00e5r jag och laddar f\u00f6r en bloggpost om, det har jag visst gjort i ett halv\u00e5r minst&#8230; @Apologeten uttrycker det i alla fall kort och k\u00e4rnfullt:<\/p>\n<div><a href=\"http:\/\/1.bp.blogspot.com\/-h4uXWtT1b_w\/UfdUTVTY3wI\/AAAAAAAAEk8\/0eWcEDV3O1U\/s1600\/Ska%CC%88rmavbild+2013-07-30+kl.+05.58.50.png\"><img loading=\"lazy\" decoding=\"async\" border=\"0\" height=\"75\" src=\"http:\/\/1.bp.blogspot.com\/-h4uXWtT1b_w\/UfdUTVTY3wI\/AAAAAAAAEk8\/0eWcEDV3O1U\/s400\/Ska%CC%88rmavbild+2013-07-30+kl.+05.58.50.png\" width=\"400\"><\/a><\/div>\n<div><\/div>\n<div><\/div>\n<div><b>Kloka tweets<\/b><\/div>\n<div><b><br \/><\/b><\/div>\n<div><a href=\"http:\/\/4.bp.blogspot.com\/-GN0VjihcGr0\/UfdUU-0qvhI\/AAAAAAAAElU\/5en1KKaCZ-Q\/s1600\/Ska%CC%88rmavbild+2013-07-30+kl.+06.01.18.png\"><img loading=\"lazy\" decoding=\"async\" border=\"0\" height=\"72\" src=\"http:\/\/4.bp.blogspot.com\/-GN0VjihcGr0\/UfdUU-0qvhI\/AAAAAAAAElU\/5en1KKaCZ-Q\/s400\/Ska%CC%88rmavbild+2013-07-30+kl.+06.01.18.png\" width=\"400\"><\/a><\/div>\n<div><\/div>\n<div><\/div>\n<div><a href=\"http:\/\/1.bp.blogspot.com\/-jyejC4nxW6U\/UfdUZ1qbjKI\/AAAAAAAAEm8\/DRK9sT0npYM\/s1600\/Ska%CC%88rmavbild+2013-07-30+kl.+06.07.17.png\"><img loading=\"lazy\" decoding=\"async\" border=\"0\" height=\"73\" src=\"http:\/\/1.bp.blogspot.com\/-jyejC4nxW6U\/UfdUZ1qbjKI\/AAAAAAAAEm8\/DRK9sT0npYM\/s400\/Ska%CC%88rmavbild+2013-07-30+kl.+06.07.17.png\" width=\"400\"><\/a><\/div>\n<div><\/div>\n<div><b><br \/><\/b><\/div>\n<div><a href=\"http:\/\/4.bp.blogspot.com\/-Rlto_PuhKDM\/UfdUSzT0pkI\/AAAAAAAAEko\/tEYeAo4goRg\/s1600\/Ska%CC%88rmavbild+2013-07-30+kl.+05.58.24.png\"><img loading=\"lazy\" decoding=\"async\" border=\"0\" height=\"85\" src=\"http:\/\/4.bp.blogspot.com\/-Rlto_PuhKDM\/UfdUSzT0pkI\/AAAAAAAAEko\/tEYeAo4goRg\/s400\/Ska%CC%88rmavbild+2013-07-30+kl.+05.58.24.png\" width=\"400\"><\/a><\/div>\n<div><\/div>\n<div><\/div>\n<div><a href=\"http:\/\/1.bp.blogspot.com\/-E13shnhHH7s\/UfdUUcksM3I\/AAAAAAAAElI\/Wm0dzdg1rQY\/s1600\/Ska%CC%88rmavbild+2013-07-30+kl.+06.00.41.png\"><img loading=\"lazy\" decoding=\"async\" border=\"0\" height=\"102\" src=\"http:\/\/1.bp.blogspot.com\/-E13shnhHH7s\/UfdUUcksM3I\/AAAAAAAAElI\/Wm0dzdg1rQY\/s400\/Ska%CC%88rmavbild+2013-07-30+kl.+06.00.41.png\" width=\"400\"><\/a><\/div>\n<div><\/div>\n<div><\/div>\n<div><\/div>\n<div><a href=\"http:\/\/4.bp.blogspot.com\/-9o6ZxbqucU8\/UfdUVxVvSmI\/AAAAAAAAElo\/SIXBwOAmfwc\/s1600\/Ska%CC%88rmavbild+2013-07-30+kl.+06.02.21.png\"><img loading=\"lazy\" decoding=\"async\" border=\"0\" height=\"73\" src=\"http:\/\/4.bp.blogspot.com\/-9o6ZxbqucU8\/UfdUVxVvSmI\/AAAAAAAAElo\/SIXBwOAmfwc\/s400\/Ska%CC%88rmavbild+2013-07-30+kl.+06.02.21.png\" width=\"400\"><\/a><\/div>\n<div><\/div>\n<div><\/div>\n<div>Det h\u00e4r var ju fantastiskt. Kan man t\u00e4nka mycket p\u00e5!<\/div>\n<div><a href=\"http:\/\/3.bp.blogspot.com\/-BTXcLeaUcso\/UfdUWdNgsPI\/AAAAAAAAEl8\/txh1QyhAGfk\/s1600\/Ska%CC%88rmavbild+2013-07-30+kl.+06.03.09.png\"><img loading=\"lazy\" decoding=\"async\" border=\"0\" height=\"70\" src=\"http:\/\/3.bp.blogspot.com\/-BTXcLeaUcso\/UfdUWdNgsPI\/AAAAAAAAEl8\/txh1QyhAGfk\/s400\/Ska%CC%88rmavbild+2013-07-30+kl.+06.03.09.png\" width=\"400\"><\/a><\/div>\n<div><\/div>\n<div><\/div>\n<div><\/div>\n<div><a href=\"http:\/\/1.bp.blogspot.com\/-foiyHo8gC7Y\/UfdUYog7S9I\/AAAAAAAAEmY\/EB0e4W2tDh4\/s1600\/Ska%CC%88rmavbild+2013-07-30+kl.+06.05.17.png\"><img loading=\"lazy\" decoding=\"async\" border=\"0\" height=\"73\" src=\"http:\/\/1.bp.blogspot.com\/-foiyHo8gC7Y\/UfdUYog7S9I\/AAAAAAAAEmY\/EB0e4W2tDh4\/s400\/Ska%CC%88rmavbild+2013-07-30+kl.+06.05.17.png\" width=\"400\"><\/a><\/div>\n<div><\/div>\n<div><\/div>\n<div><\/div>\n<div><b>Roliga\/\u00f6vriga tweets<\/b><\/div>\n<div><a href=\"http:\/\/4.bp.blogspot.com\/-QRKKp5EdGRs\/UfdUSw4-rQI\/AAAAAAAAEks\/9FG4X5ABEPM\/s1600\/Ska%CC%88rmavbild+2013-07-30+kl.+05.57.23.png\"><img loading=\"lazy\" decoding=\"async\" border=\"0\" height=\"70\" src=\"http:\/\/4.bp.blogspot.com\/-QRKKp5EdGRs\/UfdUSw4-rQI\/AAAAAAAAEks\/9FG4X5ABEPM\/s400\/Ska%CC%88rmavbild+2013-07-30+kl.+05.57.23.png\" width=\"400\"><\/a><\/div>\n<\/p>\n<div><\/div>\n<\/p>\n<div>Ja, just det. Jag s\u00e5g min pappaledigsk\u00e4ggniv\u00e5 p\u00e5 kort ig\u00e5r och det var nog niv\u00e5 4 minst&#8230;<\/div>\n<div><a href=\"http:\/\/1.bp.blogspot.com\/-X5RWVXbYrpE\/UfdUTTLZaaI\/AAAAAAAAEk4\/DWUs606X01M\/s1600\/Ska%CC%88rmavbild+2013-07-30+kl.+05.59.08.png\"><img loading=\"lazy\" decoding=\"async\" border=\"0\" height=\"168\" src=\"http:\/\/1.bp.blogspot.com\/-X5RWVXbYrpE\/UfdUTTLZaaI\/AAAAAAAAEk4\/DWUs606X01M\/s400\/Ska%CC%88rmavbild+2013-07-30+kl.+05.59.08.png\" width=\"400\"><\/a><\/div>\n<\/p>\n<div><\/div>\n<\/p>\n<div><a href=\"http:\/\/4.bp.blogspot.com\/-sB_ei6hcwII\/UfdUVoyixRI\/AAAAAAAAEmc\/E0vvZfxwEQI\/s1600\/Ska%CC%88rmavbild+2013-07-30+kl.+06.01.54.png\"><img loading=\"lazy\" decoding=\"async\" border=\"0\" height=\"100\" src=\"http:\/\/4.bp.blogspot.com\/-sB_ei6hcwII\/UfdUVoyixRI\/AAAAAAAAEmc\/E0vvZfxwEQI\/s400\/Ska%CC%88rmavbild+2013-07-30+kl.+06.01.54.png\" width=\"400\"><\/a><\/div>\n<\/p>\n<div><\/div>\n<div><a href=\"http:\/\/1.bp.blogspot.com\/-2WpV7jcFDzA\/UfdUWtGhZdI\/AAAAAAAAEl4\/i5RaMYAtUyQ\/s1600\/Ska%CC%88rmavbild+2013-07-30+kl.+06.03.22.png\"><img loading=\"lazy\" decoding=\"async\" border=\"0\" height=\"75\" src=\"http:\/\/1.bp.blogspot.com\/-2WpV7jcFDzA\/UfdUWtGhZdI\/AAAAAAAAEl4\/i5RaMYAtUyQ\/s400\/Ska%CC%88rmavbild+2013-07-30+kl.+06.03.22.png\" width=\"400\"><\/a><\/div>\n<\/p>\n<div><\/div>\n<\/p>\n<div>\u00a0Och varf\u00f6r \u00e4r det s\u00e5 sv\u00e5rt att stava till dyslektiker?<\/div>\n<div><a href=\"http:\/\/3.bp.blogspot.com\/-upmTER3rbCs\/UfdUYCZNrjI\/AAAAAAAAEnE\/4487GkKm7u0\/s1600\/Ska%CC%88rmavbild+2013-07-30+kl.+06.05.01.png\"><img loading=\"lazy\" decoding=\"async\" border=\"0\" height=\"71\" src=\"http:\/\/3.bp.blogspot.com\/-upmTER3rbCs\/UfdUYCZNrjI\/AAAAAAAAEnE\/4487GkKm7u0\/s400\/Ska%CC%88rmavbild+2013-07-30+kl.+06.05.01.png\" width=\"400\"><\/a><\/div>\n<\/p>\n<div><\/div>\n<\/p>\n<div><a href=\"http:\/\/2.bp.blogspot.com\/-kSUG3NNaDE4\/UfdUZH3xiPI\/AAAAAAAAEms\/zTvXVjJMXkI\/s1600\/Ska%CC%88rmavbild+2013-07-30+kl.+06.06.23.png\"><img loading=\"lazy\" decoding=\"async\" border=\"0\" height=\"75\" src=\"http:\/\/2.bp.blogspot.com\/-kSUG3NNaDE4\/UfdUZH3xiPI\/AAAAAAAAEms\/zTvXVjJMXkI\/s400\/Ska%CC%88rmavbild+2013-07-30+kl.+06.06.23.png\" width=\"400\"><\/a><\/div>\n<div><\/div>\n<div><\/div>\n<div>\u00a0Har Athanasius, teologisk tungviktare p\u00e5 300-talet, sagt detta? Det \u00e4r ju j\u00e4tteroligt i s\u00e5 fall!<\/div>\n<div><a href=\"http:\/\/2.bp.blogspot.com\/-cvdJ3w0Du_w\/UfdUZZ3oa4I\/AAAAAAAAEmo\/tlQzAWmqb6U\/s1600\/Ska%CC%88rmavbild+2013-07-30+kl.+06.06.42.png\"><img loading=\"lazy\" decoding=\"async\" border=\"0\" height=\"71\" src=\"http:\/\/2.bp.blogspot.com\/-cvdJ3w0Du_w\/UfdUZZ3oa4I\/AAAAAAAAEmo\/tlQzAWmqb6U\/s400\/Ska%CC%88rmavbild+2013-07-30+kl.+06.06.42.png\" width=\"400\"><\/a><\/div>\n<\/p>\n<div><\/div>\n<div>\u00a0S\u00e5 h\u00e4r \u00e4r det. Jag k\u00e4nner mig alltid som en riktig rebell som inte har n\u00e5gra tatueringar&#8230;<\/div>\n<div><a href=\"http:\/\/3.bp.blogspot.com\/-hra7-E1lWuA\/UfdUaBfVZJI\/AAAAAAAAEm4\/l_lImhorOCU\/s1600\/Ska%CC%88rmavbild+2013-07-30+kl.+06.08.09.png\"><img loading=\"lazy\" decoding=\"async\" border=\"0\" height=\"72\" src=\"http:\/\/3.bp.blogspot.com\/-hra7-E1lWuA\/UfdUaBfVZJI\/AAAAAAAAEm4\/l_lImhorOCU\/s400\/Ska%CC%88rmavbild+2013-07-30+kl.+06.08.09.png\" width=\"400\"><\/a><\/div>\n<div><\/div>\n<div><\/div>\n<div><\/div>\n<div><b>Veckans b\u00e4sta tweet<\/b><\/div>\n<div>\u00a0och n\u00e5got f\u00f6r oss att t\u00e4nka p\u00e5 var och en i de sammanhang vi finns i idag. Kloka ord fr\u00e5n @blixtgordon13<\/div>\n<\/p>\n<div><a href=\"http:\/\/4.bp.blogspot.com\/-txFZTsAbprQ\/UfdUa3qOxCI\/AAAAAAAAEnQ\/6iTZ7aeg8lU\/s1600\/Ska%CC%88rmavbild+2013-07-30+kl.+06.08.22.png\"><img loading=\"lazy\" decoding=\"async\" border=\"0\" height=\"87\" src=\"http:\/\/4.bp.blogspot.com\/-txFZTsAbprQ\/UfdUa3qOxCI\/AAAAAAAAEnQ\/6iTZ7aeg8lU\/s400\/Ska%CC%88rmavbild+2013-07-30+kl.+06.08.22.png\" width=\"400\"><\/a><\/div>\n<div><\/div>\n<div><\/div>\n<div>Tack alla f\u00f6r veckan som g\u00e5tt!<\/div>\n<div><\/div>\n<div><\/div>\n","protected":false},"excerpt":{"rendered":"<p>Tisdag morgon. Veckan har segat ig\u00e5ng \u00e4ven f\u00f6r mig som \u00e4r m\u00e5ndagsledig. H\u00e4r \u00e4r lite att fnissa \u00e5t och annat att ta in i sj\u00e4lens djup fr\u00e5n den senaste veckan p\u00e5 twitter: Kristna (?) tweets Bra uttryckt! Om det kristna hoppet. Just det h\u00e4r g\u00e5r jag och laddar f\u00f6r en bloggpost om, det har jag [&hellip;]<\/p>\n","protected":false},"author":392,"featured_media":0,"comment_status":"open","ping_status":"open","sticky":false,"template":"","format":"standard","meta":{"_acf_changed":false,"footnotes":""},"categories":[78772],"tags":[],"class_list":["post-433","post","type-post","status-publish","format-standard","hentry","category-favorittweets"],"acf":[],"yoast_head":"<!-- This site is optimized with the Yoast SEO plugin v27.1.1 - https:\/\/yoast.com\/product\/yoast-seo-wordpress\/ -->\n<title>Veckans b\u00e4sta fr\u00e5n twitter - Vandra V\u00e4gen<\/title>\n<meta name=\"robots\" content=\"index, follow, max-snippet:-1, max-image-preview:large, max-video-preview:-1\" \/>\n<link rel=\"canonical\" href=\"https:\/\/blogg.svenskakyrkan.se\/vandravagen\/2013\/07\/30\/veckans-basta-fran-twitter\/\" \/>\n<meta property=\"og:locale\" content=\"sv_SE\" \/>\n<meta property=\"og:type\" content=\"article\" \/>\n<meta property=\"og:title\" content=\"Veckans b\u00e4sta fr\u00e5n twitter - Vandra V\u00e4gen\" \/>\n<meta property=\"og:description\" content=\"Tisdag morgon. Veckan har segat ig\u00e5ng \u00e4ven f\u00f6r mig som \u00e4r m\u00e5ndagsledig. H\u00e4r \u00e4r lite att fnissa \u00e5t och annat att ta in i sj\u00e4lens djup fr\u00e5n den senaste veckan p\u00e5 twitter: Kristna (?) tweets Bra uttryckt! Om det kristna hoppet. Just det h\u00e4r g\u00e5r jag och laddar f\u00f6r en bloggpost om, det har jag [&hellip;]\" \/>\n<meta property=\"og:url\" content=\"https:\/\/blogg.svenskakyrkan.se\/vandravagen\/2013\/07\/30\/veckans-basta-fran-twitter\/\" \/>\n<meta property=\"og:site_name\" content=\"Vandra V\u00e4gen\" \/>\n<meta property=\"article:publisher\" content=\"http:\/\/facebook.com\/vandravagen\" \/>\n<meta property=\"article:published_time\" content=\"2013-07-30T06:05:00+00:00\" \/>\n<meta property=\"og:image\" content=\"http:\/\/4.bp.blogspot.com\/-oLpKANII7qs\/UfdUUKTNm0I\/AAAAAAAAElM\/8nnO52NNhIs\/s400\/Ska%CC%88rmavbild+2013-07-30+kl.+05.59.26.png\" \/>\n<meta name=\"author\" content=\"Tomas Jarvid\" \/>\n<meta name=\"twitter:card\" content=\"summary_large_image\" \/>\n<meta name=\"twitter:creator\" content=\"@fadertomas\" \/>\n<meta name=\"twitter:site\" content=\"@fadertomas\" \/>\n<meta name=\"twitter:label1\" content=\"Skriven av\" \/>\n\t<meta name=\"twitter:data1\" content=\"Tomas Jarvid\" \/>\n\t<meta name=\"twitter:label2\" content=\"Ber\u00e4knad l\u00e4stid\" \/>\n\t<meta name=\"twitter:data2\" content=\"1 minut\" \/>\n<script type=\"application\/ld+json\" class=\"yoast-schema-graph\">{\"@context\":\"https:\/\/schema.org\",\"@graph\":[{\"@type\":\"Article\",\"@id\":\"https:\/\/blogg.svenskakyrkan.se\/vandravagen\/2013\/07\/30\/veckans-basta-fran-twitter\/#article\",\"isPartOf\":{\"@id\":\"https:\/\/blogg.svenskakyrkan.se\/vandravagen\/2013\/07\/30\/veckans-basta-fran-twitter\/\"},\"author\":{\"name\":\"Tomas Jarvid\",\"@id\":\"https:\/\/blogg.svenskakyrkan.se\/vandravagen\/#\/schema\/person\/25da02d4f76b137d04291711e2c9fc16\"},\"headline\":\"Veckans b\u00e4sta fr\u00e5n twitter\",\"datePublished\":\"2013-07-30T06:05:00+00:00\",\"mainEntityOfPage\":{\"@id\":\"https:\/\/blogg.svenskakyrkan.se\/vandravagen\/2013\/07\/30\/veckans-basta-fran-twitter\/\"},\"wordCount\":207,\"commentCount\":0,\"publisher\":{\"@id\":\"https:\/\/blogg.svenskakyrkan.se\/vandravagen\/#organization\"},\"image\":{\"@id\":\"https:\/\/blogg.svenskakyrkan.se\/vandravagen\/2013\/07\/30\/veckans-basta-fran-twitter\/#primaryimage\"},\"thumbnailUrl\":\"http:\/\/4.bp.blogspot.com\/-oLpKANII7qs\/UfdUUKTNm0I\/AAAAAAAAElM\/8nnO52NNhIs\/s400\/Ska%CC%88rmavbild+2013-07-30+kl.+05.59.26.png\",\"articleSection\":[\"favorittweets\"],\"inLanguage\":\"sv-SE\",\"potentialAction\":[{\"@type\":\"CommentAction\",\"name\":\"Comment\",\"target\":[\"https:\/\/blogg.svenskakyrkan.se\/vandravagen\/2013\/07\/30\/veckans-basta-fran-twitter\/#respond\"]}]},{\"@type\":\"WebPage\",\"@id\":\"https:\/\/blogg.svenskakyrkan.se\/vandravagen\/2013\/07\/30\/veckans-basta-fran-twitter\/\",\"url\":\"https:\/\/blogg.svenskakyrkan.se\/vandravagen\/2013\/07\/30\/veckans-basta-fran-twitter\/\",\"name\":\"Veckans b\u00e4sta fr\u00e5n twitter - Vandra V\u00e4gen\",\"isPartOf\":{\"@id\":\"https:\/\/blogg.svenskakyrkan.se\/vandravagen\/#website\"},\"primaryImageOfPage\":{\"@id\":\"https:\/\/blogg.svenskakyrkan.se\/vandravagen\/2013\/07\/30\/veckans-basta-fran-twitter\/#primaryimage\"},\"image\":{\"@id\":\"https:\/\/blogg.svenskakyrkan.se\/vandravagen\/2013\/07\/30\/veckans-basta-fran-twitter\/#primaryimage\"},\"thumbnailUrl\":\"http:\/\/4.bp.blogspot.com\/-oLpKANII7qs\/UfdUUKTNm0I\/AAAAAAAAElM\/8nnO52NNhIs\/s400\/Ska%CC%88rmavbild+2013-07-30+kl.+05.59.26.png\",\"datePublished\":\"2013-07-30T06:05:00+00:00\",\"breadcrumb\":{\"@id\":\"https:\/\/blogg.svenskakyrkan.se\/vandravagen\/2013\/07\/30\/veckans-basta-fran-twitter\/#breadcrumb\"},\"inLanguage\":\"sv-SE\",\"potentialAction\":[{\"@type\":\"ReadAction\",\"target\":[\"https:\/\/blogg.svenskakyrkan.se\/vandravagen\/2013\/07\/30\/veckans-basta-fran-twitter\/\"]}]},{\"@type\":\"ImageObject\",\"inLanguage\":\"sv-SE\",\"@id\":\"https:\/\/blogg.svenskakyrkan.se\/vandravagen\/2013\/07\/30\/veckans-basta-fran-twitter\/#primaryimage\",\"url\":\"http:\/\/4.bp.blogspot.com\/-oLpKANII7qs\/UfdUUKTNm0I\/AAAAAAAAElM\/8nnO52NNhIs\/s400\/Ska%CC%88rmavbild+2013-07-30+kl.+05.59.26.png\",\"contentUrl\":\"http:\/\/4.bp.blogspot.com\/-oLpKANII7qs\/UfdUUKTNm0I\/AAAAAAAAElM\/8nnO52NNhIs\/s400\/Ska%CC%88rmavbild+2013-07-30+kl.+05.59.26.png\"},{\"@type\":\"BreadcrumbList\",\"@id\":\"https:\/\/blogg.svenskakyrkan.se\/vandravagen\/2013\/07\/30\/veckans-basta-fran-twitter\/#breadcrumb\",\"itemListElement\":[{\"@type\":\"ListItem\",\"position\":1,\"name\":\"Hem\",\"item\":\"https:\/\/blogg.svenskakyrkan.se\/vandravagen\/\"},{\"@type\":\"ListItem\",\"position\":2,\"name\":\"Veckans b\u00e4sta fr\u00e5n twitter\"}]},{\"@type\":\"WebSite\",\"@id\":\"https:\/\/blogg.svenskakyrkan.se\/vandravagen\/#website\",\"url\":\"https:\/\/blogg.svenskakyrkan.se\/vandravagen\/\",\"name\":\"Vandra V\u00e4gen\",\"description\":\"-Mot en tro f\u00f6r hela livet\",\"publisher\":{\"@id\":\"https:\/\/blogg.svenskakyrkan.se\/vandravagen\/#organization\"},\"potentialAction\":[{\"@type\":\"SearchAction\",\"target\":{\"@type\":\"EntryPoint\",\"urlTemplate\":\"https:\/\/blogg.svenskakyrkan.se\/vandravagen\/?s={search_term_string}\"},\"query-input\":{\"@type\":\"PropertyValueSpecification\",\"valueRequired\":true,\"valueName\":\"search_term_string\"}}],\"inLanguage\":\"sv-SE\"},{\"@type\":\"Organization\",\"@id\":\"https:\/\/blogg.svenskakyrkan.se\/vandravagen\/#organization\",\"name\":\"ulricehamns pastorat\",\"alternateName\":\"ulricehamns pastorat\",\"url\":\"https:\/\/blogg.svenskakyrkan.se\/vandravagen\/\",\"logo\":{\"@type\":\"ImageObject\",\"inLanguage\":\"sv-SE\",\"@id\":\"https:\/\/blogg.svenskakyrkan.se\/vandravagen\/#\/schema\/logo\/image\/\",\"url\":\"https:\/\/blogg.svenskakyrkan.se\/vandravagen\/files\/2023\/05\/Ulr_logo_RGB.png\",\"contentUrl\":\"https:\/\/blogg.svenskakyrkan.se\/vandravagen\/files\/2023\/05\/Ulr_logo_RGB.png\",\"width\":205,\"height\":77,\"caption\":\"ulricehamns pastorat\"},\"image\":{\"@id\":\"https:\/\/blogg.svenskakyrkan.se\/vandravagen\/#\/schema\/logo\/image\/\"},\"sameAs\":[\"http:\/\/facebook.com\/vandravagen\",\"https:\/\/x.com\/fadertomas\",\"http:\/\/www.facebook.com\/svenskakyrkaniulricehamn\"]},{\"@type\":\"Person\",\"@id\":\"https:\/\/blogg.svenskakyrkan.se\/vandravagen\/#\/schema\/person\/25da02d4f76b137d04291711e2c9fc16\",\"name\":\"Tomas Jarvid\",\"image\":{\"@type\":\"ImageObject\",\"inLanguage\":\"sv-SE\",\"@id\":\"https:\/\/blogg.svenskakyrkan.se\/vandravagen\/#\/schema\/person\/image\/\",\"url\":\"https:\/\/secure.gravatar.com\/avatar\/7fa71899795e8f540f615a1f5ab25255dc27aa40f05ee7ddd21aac521e01bf50?s=96&d=identicon&r=g\",\"contentUrl\":\"https:\/\/secure.gravatar.com\/avatar\/7fa71899795e8f540f615a1f5ab25255dc27aa40f05ee7ddd21aac521e01bf50?s=96&d=identicon&r=g\",\"caption\":\"Tomas Jarvid\"},\"description\":\"Jag bor i Ulricehamn i V\u00e4sterg\u00f6tland och \u00e4r f\u00f6rsamlingspr\u00e4st i Svenska Kyrkan f\u00f6r Dalstorps f\u00f6rsamling i Kinds pastorat. P\u00e5 den h\u00e4r bloggen skriver jag ner tankar om vandringen som kristen.\",\"sameAs\":[\"http:\/\/www.vandravagen.se\"],\"url\":\"https:\/\/blogg.svenskakyrkan.se\/vandravagen\/author\/vandravagen\/\"}]}<\/script>\n<!-- \/ Yoast SEO plugin. -->","yoast_head_json":{"title":"Veckans b\u00e4sta fr\u00e5n twitter - Vandra V\u00e4gen","robots":{"index":"index","follow":"follow","max-snippet":"max-snippet:-1","max-image-preview":"max-image-preview:large","max-video-preview":"max-video-preview:-1"},"canonical":"https:\/\/blogg.svenskakyrkan.se\/vandravagen\/2013\/07\/30\/veckans-basta-fran-twitter\/","og_locale":"sv_SE","og_type":"article","og_title":"Veckans b\u00e4sta fr\u00e5n twitter - Vandra V\u00e4gen","og_description":"Tisdag morgon. Veckan har segat ig\u00e5ng \u00e4ven f\u00f6r mig som \u00e4r m\u00e5ndagsledig. H\u00e4r \u00e4r lite att fnissa \u00e5t och annat att ta in i sj\u00e4lens djup fr\u00e5n den senaste veckan p\u00e5 twitter: Kristna (?) tweets Bra uttryckt! Om det kristna hoppet. Just det h\u00e4r g\u00e5r jag och laddar f\u00f6r en bloggpost om, det har jag [&hellip;]","og_url":"https:\/\/blogg.svenskakyrkan.se\/vandravagen\/2013\/07\/30\/veckans-basta-fran-twitter\/","og_site_name":"Vandra V\u00e4gen","article_publisher":"http:\/\/facebook.com\/vandravagen","article_published_time":"2013-07-30T06:05:00+00:00","og_image":[{"url":"http:\/\/4.bp.blogspot.com\/-oLpKANII7qs\/UfdUUKTNm0I\/AAAAAAAAElM\/8nnO52NNhIs\/s400\/Ska%CC%88rmavbild+2013-07-30+kl.+05.59.26.png","type":"","width":"","height":""}],"author":"Tomas Jarvid","twitter_card":"summary_large_image","twitter_creator":"@fadertomas","twitter_site":"@fadertomas","twitter_misc":{"Skriven av":"Tomas Jarvid","Ber\u00e4knad l\u00e4stid":"1 minut"},"schema":{"@context":"https:\/\/schema.org","@graph":[{"@type":"Article","@id":"https:\/\/blogg.svenskakyrkan.se\/vandravagen\/2013\/07\/30\/veckans-basta-fran-twitter\/#article","isPartOf":{"@id":"https:\/\/blogg.svenskakyrkan.se\/vandravagen\/2013\/07\/30\/veckans-basta-fran-twitter\/"},"author":{"name":"Tomas Jarvid","@id":"https:\/\/blogg.svenskakyrkan.se\/vandravagen\/#\/schema\/person\/25da02d4f76b137d04291711e2c9fc16"},"headline":"Veckans b\u00e4sta fr\u00e5n twitter","datePublished":"2013-07-30T06:05:00+00:00","mainEntityOfPage":{"@id":"https:\/\/blogg.svenskakyrkan.se\/vandravagen\/2013\/07\/30\/veckans-basta-fran-twitter\/"},"wordCount":207,"commentCount":0,"publisher":{"@id":"https:\/\/blogg.svenskakyrkan.se\/vandravagen\/#organization"},"image":{"@id":"https:\/\/blogg.svenskakyrkan.se\/vandravagen\/2013\/07\/30\/veckans-basta-fran-twitter\/#primaryimage"},"thumbnailUrl":"http:\/\/4.bp.blogspot.com\/-oLpKANII7qs\/UfdUUKTNm0I\/AAAAAAAAElM\/8nnO52NNhIs\/s400\/Ska%CC%88rmavbild+2013-07-30+kl.+05.59.26.png","articleSection":["favorittweets"],"inLanguage":"sv-SE","potentialAction":[{"@type":"CommentAction","name":"Comment","target":["https:\/\/blogg.svenskakyrkan.se\/vandravagen\/2013\/07\/30\/veckans-basta-fran-twitter\/#respond"]}]},{"@type":"WebPage","@id":"https:\/\/blogg.svenskakyrkan.se\/vandravagen\/2013\/07\/30\/veckans-basta-fran-twitter\/","url":"https:\/\/blogg.svenskakyrkan.se\/vandravagen\/2013\/07\/30\/veckans-basta-fran-twitter\/","name":"Veckans b\u00e4sta fr\u00e5n twitter - Vandra V\u00e4gen","isPartOf":{"@id":"https:\/\/blogg.svenskakyrkan.se\/vandravagen\/#website"},"primaryImageOfPage":{"@id":"https:\/\/blogg.svenskakyrkan.se\/vandravagen\/2013\/07\/30\/veckans-basta-fran-twitter\/#primaryimage"},"image":{"@id":"https:\/\/blogg.svenskakyrkan.se\/vandravagen\/2013\/07\/30\/veckans-basta-fran-twitter\/#primaryimage"},"thumbnailUrl":"http:\/\/4.bp.blogspot.com\/-oLpKANII7qs\/UfdUUKTNm0I\/AAAAAAAAElM\/8nnO52NNhIs\/s400\/Ska%CC%88rmavbild+2013-07-30+kl.+05.59.26.png","datePublished":"2013-07-30T06:05:00+00:00","breadcrumb":{"@id":"https:\/\/blogg.svenskakyrkan.se\/vandravagen\/2013\/07\/30\/veckans-basta-fran-twitter\/#breadcrumb"},"inLanguage":"sv-SE","potentialAction":[{"@type":"ReadAction","target":["https:\/\/blogg.svenskakyrkan.se\/vandravagen\/2013\/07\/30\/veckans-basta-fran-twitter\/"]}]},{"@type":"ImageObject","inLanguage":"sv-SE","@id":"https:\/\/blogg.svenskakyrkan.se\/vandravagen\/2013\/07\/30\/veckans-basta-fran-twitter\/#primaryimage","url":"http:\/\/4.bp.blogspot.com\/-oLpKANII7qs\/UfdUUKTNm0I\/AAAAAAAAElM\/8nnO52NNhIs\/s400\/Ska%CC%88rmavbild+2013-07-30+kl.+05.59.26.png","contentUrl":"http:\/\/4.bp.blogspot.com\/-oLpKANII7qs\/UfdUUKTNm0I\/AAAAAAAAElM\/8nnO52NNhIs\/s400\/Ska%CC%88rmavbild+2013-07-30+kl.+05.59.26.png"},{"@type":"BreadcrumbList","@id":"https:\/\/blogg.svenskakyrkan.se\/vandravagen\/2013\/07\/30\/veckans-basta-fran-twitter\/#breadcrumb","itemListElement":[{"@type":"ListItem","position":1,"name":"Hem","item":"https:\/\/blogg.svenskakyrkan.se\/vandravagen\/"},{"@type":"ListItem","position":2,"name":"Veckans b\u00e4sta fr\u00e5n twitter"}]},{"@type":"WebSite","@id":"https:\/\/blogg.svenskakyrkan.se\/vandravagen\/#website","url":"https:\/\/blogg.svenskakyrkan.se\/vandravagen\/","name":"Vandra V\u00e4gen","description":"-Mot en tro f\u00f6r hela livet","publisher":{"@id":"https:\/\/blogg.svenskakyrkan.se\/vandravagen\/#organization"},"potentialAction":[{"@type":"SearchAction","target":{"@type":"EntryPoint","urlTemplate":"https:\/\/blogg.svenskakyrkan.se\/vandravagen\/?s={search_term_string}"},"query-input":{"@type":"PropertyValueSpecification","valueRequired":true,"valueName":"search_term_string"}}],"inLanguage":"sv-SE"},{"@type":"Organization","@id":"https:\/\/blogg.svenskakyrkan.se\/vandravagen\/#organization","name":"ulricehamns pastorat","alternateName":"ulricehamns pastorat","url":"https:\/\/blogg.svenskakyrkan.se\/vandravagen\/","logo":{"@type":"ImageObject","inLanguage":"sv-SE","@id":"https:\/\/blogg.svenskakyrkan.se\/vandravagen\/#\/schema\/logo\/image\/","url":"https:\/\/blogg.svenskakyrkan.se\/vandravagen\/files\/2023\/05\/Ulr_logo_RGB.png","contentUrl":"https:\/\/blogg.svenskakyrkan.se\/vandravagen\/files\/2023\/05\/Ulr_logo_RGB.png","width":205,"height":77,"caption":"ulricehamns pastorat"},"image":{"@id":"https:\/\/blogg.svenskakyrkan.se\/vandravagen\/#\/schema\/logo\/image\/"},"sameAs":["http:\/\/facebook.com\/vandravagen","https:\/\/x.com\/fadertomas","http:\/\/www.facebook.com\/svenskakyrkaniulricehamn"]},{"@type":"Person","@id":"https:\/\/blogg.svenskakyrkan.se\/vandravagen\/#\/schema\/person\/25da02d4f76b137d04291711e2c9fc16","name":"Tomas Jarvid","image":{"@type":"ImageObject","inLanguage":"sv-SE","@id":"https:\/\/blogg.svenskakyrkan.se\/vandravagen\/#\/schema\/person\/image\/","url":"https:\/\/secure.gravatar.com\/avatar\/7fa71899795e8f540f615a1f5ab25255dc27aa40f05ee7ddd21aac521e01bf50?s=96&d=identicon&r=g","contentUrl":"https:\/\/secure.gravatar.com\/avatar\/7fa71899795e8f540f615a1f5ab25255dc27aa40f05ee7ddd21aac521e01bf50?s=96&d=identicon&r=g","caption":"Tomas Jarvid"},"description":"Jag bor i Ulricehamn i V\u00e4sterg\u00f6tland och \u00e4r f\u00f6rsamlingspr\u00e4st i Svenska Kyrkan f\u00f6r Dalstorps f\u00f6rsamling i Kinds pastorat. P\u00e5 den h\u00e4r bloggen skriver jag ner tankar om vandringen som kristen.","sameAs":["http:\/\/www.vandravagen.se"],"url":"https:\/\/blogg.svenskakyrkan.se\/vandravagen\/author\/vandravagen\/"}]}},"author_meta":{"ID":"392","user_nicename":"vandravagen","user_url":"http:\/\/www.vandravagen.se","user_registered":"2014-05-19 05:44:52","display_name":"Tomas Jarvid","first_name":"Tomas","last_name":"Jarvid","avatar":"https:\/\/secure.gravatar.com\/avatar\/7fa71899795e8f540f615a1f5ab25255dc27aa40f05ee7ddd21aac521e01bf50?s=96&d=identicon&r=g"},"featured_image":false,"bloginfo":{"name":"Vandra V\u00e4gen","url":"https:\/\/blogg.svenskakyrkan.se\/vandravagen"},"_links":{"self":[{"href":"https:\/\/blogg.svenskakyrkan.se\/vandravagen\/wp-json\/wp\/v2\/posts\/433","targetHints":{"allow":["GET"]}}],"collection":[{"href":"https:\/\/blogg.svenskakyrkan.se\/vandravagen\/wp-json\/wp\/v2\/posts"}],"about":[{"href":"https:\/\/blogg.svenskakyrkan.se\/vandravagen\/wp-json\/wp\/v2\/types\/post"}],"author":[{"embeddable":true,"href":"https:\/\/blogg.svenskakyrkan.se\/vandravagen\/wp-json\/wp\/v2\/users\/392"}],"replies":[{"embeddable":true,"href":"https:\/\/blogg.svenskakyrkan.se\/vandravagen\/wp-json\/wp\/v2\/comments?post=433"}],"version-history":[{"count":0,"href":"https:\/\/blogg.svenskakyrkan.se\/vandravagen\/wp-json\/wp\/v2\/posts\/433\/revisions"}],"wp:attachment":[{"href":"https:\/\/blogg.svenskakyrkan.se\/vandravagen\/wp-json\/wp\/v2\/media?parent=433"}],"wp:term":[{"taxonomy":"category","embeddable":true,"href":"https:\/\/blogg.svenskakyrkan.se\/vandravagen\/wp-json\/wp\/v2\/categories?post=433"},{"taxonomy":"post_tag","embeddable":true,"href":"https:\/\/blogg.svenskakyrkan.se\/vandravagen\/wp-json\/wp\/v2\/tags?post=433"}],"curies":[{"name":"wp","href":"https:\/\/api.w.org\/{rel}","templated":true}]}}