{"id":4370,"date":"2016-03-01T07:00:01","date_gmt":"2016-03-01T06:00:01","guid":{"rendered":"http:\/\/blogg.svenskakyrkan.se\/vandravagen\/?p=4370"},"modified":"2016-03-01T07:00:01","modified_gmt":"2016-03-01T06:00:01","slug":"blogg100-i-ar-igen","status":"publish","type":"post","link":"https:\/\/blogg.svenskakyrkan.se\/vandravagen\/2016\/03\/01\/blogg100-i-ar-igen\/","title":{"rendered":"Blogg100 i \u00e5r igen"},"content":{"rendered":"<div id=\"attachment_4371\" style=\"width: 398px\" class=\"wp-caption aligncenter\"><a href=\"http:\/\/blogg.svenskakyrkan.se\/vandravagen\/files\/2016\/03\/IMG_7526.jpg\"><img loading=\"lazy\" decoding=\"async\" aria-describedby=\"caption-attachment-4371\" class=\"size-full wp-image-4371\" src=\"http:\/\/blogg.svenskakyrkan.se\/vandravagen\/files\/2016\/03\/IMG_7526.jpg\" alt=\"&quot;Aha! En utmaning! Jag tar antar den!&quot;\" width=\"388\" height=\"611\" srcset=\"https:\/\/blogg.svenskakyrkan.se\/vandravagen\/files\/2016\/03\/IMG_7526.jpg 388w, https:\/\/blogg.svenskakyrkan.se\/vandravagen\/files\/2016\/03\/IMG_7526-300x472.jpg 300w, https:\/\/blogg.svenskakyrkan.se\/vandravagen\/files\/2016\/03\/IMG_7526-191x300.jpg 191w\" sizes=\"auto, (max-width: 388px) 100vw, 388px\" \/><\/a><p id=\"caption-attachment-4371\" class=\"wp-caption-text\">&#8221;Aha! En utmaning! Jag tar antar den!&#8221;<\/p><\/div>\n<p>Jag har m\u00e4rkt att jag tydligen i stort sett helt tappat intresset f\u00f6r bokrean. Det \u00e4r lite trist f\u00f6r det har \u00e4nd\u00e5 varit en rolig h\u00e4ndelse i sena februari. Det jag \u00e4nd\u00e5 t\u00e4nker \u00e4r att se om jag kan k\u00f6pa in b\u00f6cker till bokbord och annat till f\u00f6rsamlingen billigt n\u00e5gon dag snart. Det \u00e4r ju alltid v\u00e4lkommet.<\/p>\n<p>D\u00e4remot har det blivit dags f\u00f6r en annan ny ickekyrklig tradition. Bloggutmaningen #blogg100.<\/p>\n<p>Det \u00e4r tredje \u00e5ret jag h\u00e4nger p\u00e5 utmaningen att blogga varje dag i 100 dagar i rad och det \u00e4r f\u00f6rst\u00e5s ingen stor utmaning f\u00f6r mig direkt eftersom jag ju bloggar varje dag hela \u00e5ret runt. Men det \u00e4r v\u00e4ldigt roligt och inspirerande att f\u00f6lja och kommentera (och g\u00e4rna kommenteras av) de andra bloggarna som \u00e4r av de mest skilda slag.<\/p>\n<p>Det brukar finnas med n\u00e5gra kyrkliga bloggare varje \u00e5r. Det \u00e4r i stort sett som det alltid \u00e4r i hela samh\u00e4llet. Vi ska vara med som de vi \u00e4r, precis som alla andra. \u00c4ven i bloggosf\u00e4ren.<\/p>\n<p>S\u00e5 i 100 dagar fram\u00e5t kommer jag att tagga mina inl\u00e4gg med #blogg100 p\u00e5 Facebook och twitter. Och nu vet du varf\u00f6r.<\/p>\n","protected":false},"excerpt":{"rendered":"<p>Jag har m\u00e4rkt att jag tydligen i stort sett helt tappat intresset f\u00f6r bokrean. Det \u00e4r lite trist f\u00f6r det har \u00e4nd\u00e5 varit en rolig h\u00e4ndelse i sena februari. Det jag \u00e4nd\u00e5 t\u00e4nker \u00e4r att se om jag kan k\u00f6pa in b\u00f6cker till bokbord och annat till f\u00f6rsamlingen billigt n\u00e5gon dag snart. Det \u00e4r ju [&hellip;]<\/p>\n","protected":false},"author":392,"featured_media":0,"comment_status":"open","ping_status":"open","sticky":false,"template":"","format":"standard","meta":{"_acf_changed":false,"footnotes":""},"categories":[76608,76189],"tags":[],"class_list":["post-4370","post","type-post","status-publish","format-standard","hentry","category-bloggen","category-dagens-kyrka"],"acf":[],"yoast_head":"<!-- This site is optimized with the Yoast SEO plugin v27.1.1 - https:\/\/yoast.com\/product\/yoast-seo-wordpress\/ -->\n<title>Blogg100 i \u00e5r igen - Vandra V\u00e4gen<\/title>\n<meta name=\"robots\" content=\"index, follow, max-snippet:-1, max-image-preview:large, max-video-preview:-1\" \/>\n<link rel=\"canonical\" href=\"https:\/\/blogg.svenskakyrkan.se\/vandravagen\/2016\/03\/01\/blogg100-i-ar-igen\/\" \/>\n<meta property=\"og:locale\" content=\"sv_SE\" \/>\n<meta property=\"og:type\" content=\"article\" \/>\n<meta property=\"og:title\" content=\"Blogg100 i \u00e5r igen - Vandra V\u00e4gen\" \/>\n<meta property=\"og:description\" content=\"Jag har m\u00e4rkt att jag tydligen i stort sett helt tappat intresset f\u00f6r bokrean. Det \u00e4r lite trist f\u00f6r det har \u00e4nd\u00e5 varit en rolig h\u00e4ndelse i sena februari. Det jag \u00e4nd\u00e5 t\u00e4nker \u00e4r att se om jag kan k\u00f6pa in b\u00f6cker till bokbord och annat till f\u00f6rsamlingen billigt n\u00e5gon dag snart. Det \u00e4r ju [&hellip;]\" \/>\n<meta property=\"og:url\" content=\"https:\/\/blogg.svenskakyrkan.se\/vandravagen\/2016\/03\/01\/blogg100-i-ar-igen\/\" \/>\n<meta property=\"og:site_name\" content=\"Vandra V\u00e4gen\" \/>\n<meta property=\"article:publisher\" content=\"http:\/\/facebook.com\/vandravagen\" \/>\n<meta property=\"article:published_time\" content=\"2016-03-01T06:00:01+00:00\" \/>\n<meta property=\"og:image\" content=\"http:\/\/blogg.svenskakyrkan.se\/vandravagen\/files\/2016\/03\/IMG_7526.jpg\" \/>\n<meta name=\"author\" content=\"Tomas Jarvid\" \/>\n<meta name=\"twitter:card\" content=\"summary_large_image\" \/>\n<meta name=\"twitter:creator\" content=\"@fadertomas\" \/>\n<meta name=\"twitter:site\" content=\"@fadertomas\" \/>\n<meta name=\"twitter:label1\" content=\"Skriven av\" \/>\n\t<meta name=\"twitter:data1\" content=\"Tomas Jarvid\" \/>\n\t<meta name=\"twitter:label2\" content=\"Ber\u00e4knad l\u00e4stid\" \/>\n\t<meta name=\"twitter:data2\" content=\"1 minut\" \/>\n<script type=\"application\/ld+json\" class=\"yoast-schema-graph\">{\"@context\":\"https:\/\/schema.org\",\"@graph\":[{\"@type\":\"Article\",\"@id\":\"https:\/\/blogg.svenskakyrkan.se\/vandravagen\/2016\/03\/01\/blogg100-i-ar-igen\/#article\",\"isPartOf\":{\"@id\":\"https:\/\/blogg.svenskakyrkan.se\/vandravagen\/2016\/03\/01\/blogg100-i-ar-igen\/\"},\"author\":{\"name\":\"Tomas Jarvid\",\"@id\":\"https:\/\/blogg.svenskakyrkan.se\/vandravagen\/#\/schema\/person\/25da02d4f76b137d04291711e2c9fc16\"},\"headline\":\"Blogg100 i \u00e5r igen\",\"datePublished\":\"2016-03-01T06:00:01+00:00\",\"mainEntityOfPage\":{\"@id\":\"https:\/\/blogg.svenskakyrkan.se\/vandravagen\/2016\/03\/01\/blogg100-i-ar-igen\/\"},\"wordCount\":230,\"commentCount\":6,\"publisher\":{\"@id\":\"https:\/\/blogg.svenskakyrkan.se\/vandravagen\/#organization\"},\"image\":{\"@id\":\"https:\/\/blogg.svenskakyrkan.se\/vandravagen\/2016\/03\/01\/blogg100-i-ar-igen\/#primaryimage\"},\"thumbnailUrl\":\"http:\/\/blogg.svenskakyrkan.se\/vandravagen\/files\/2016\/03\/IMG_7526.jpg\",\"articleSection\":[\"bloggen\",\"Dagens Kyrka\"],\"inLanguage\":\"sv-SE\",\"potentialAction\":[{\"@type\":\"CommentAction\",\"name\":\"Comment\",\"target\":[\"https:\/\/blogg.svenskakyrkan.se\/vandravagen\/2016\/03\/01\/blogg100-i-ar-igen\/#respond\"]}]},{\"@type\":\"WebPage\",\"@id\":\"https:\/\/blogg.svenskakyrkan.se\/vandravagen\/2016\/03\/01\/blogg100-i-ar-igen\/\",\"url\":\"https:\/\/blogg.svenskakyrkan.se\/vandravagen\/2016\/03\/01\/blogg100-i-ar-igen\/\",\"name\":\"Blogg100 i \u00e5r igen - Vandra V\u00e4gen\",\"isPartOf\":{\"@id\":\"https:\/\/blogg.svenskakyrkan.se\/vandravagen\/#website\"},\"primaryImageOfPage\":{\"@id\":\"https:\/\/blogg.svenskakyrkan.se\/vandravagen\/2016\/03\/01\/blogg100-i-ar-igen\/#primaryimage\"},\"image\":{\"@id\":\"https:\/\/blogg.svenskakyrkan.se\/vandravagen\/2016\/03\/01\/blogg100-i-ar-igen\/#primaryimage\"},\"thumbnailUrl\":\"http:\/\/blogg.svenskakyrkan.se\/vandravagen\/files\/2016\/03\/IMG_7526.jpg\",\"datePublished\":\"2016-03-01T06:00:01+00:00\",\"breadcrumb\":{\"@id\":\"https:\/\/blogg.svenskakyrkan.se\/vandravagen\/2016\/03\/01\/blogg100-i-ar-igen\/#breadcrumb\"},\"inLanguage\":\"sv-SE\",\"potentialAction\":[{\"@type\":\"ReadAction\",\"target\":[\"https:\/\/blogg.svenskakyrkan.se\/vandravagen\/2016\/03\/01\/blogg100-i-ar-igen\/\"]}]},{\"@type\":\"ImageObject\",\"inLanguage\":\"sv-SE\",\"@id\":\"https:\/\/blogg.svenskakyrkan.se\/vandravagen\/2016\/03\/01\/blogg100-i-ar-igen\/#primaryimage\",\"url\":\"http:\/\/blogg.svenskakyrkan.se\/vandravagen\/files\/2016\/03\/IMG_7526.jpg\",\"contentUrl\":\"http:\/\/blogg.svenskakyrkan.se\/vandravagen\/files\/2016\/03\/IMG_7526.jpg\"},{\"@type\":\"BreadcrumbList\",\"@id\":\"https:\/\/blogg.svenskakyrkan.se\/vandravagen\/2016\/03\/01\/blogg100-i-ar-igen\/#breadcrumb\",\"itemListElement\":[{\"@type\":\"ListItem\",\"position\":1,\"name\":\"Hem\",\"item\":\"https:\/\/blogg.svenskakyrkan.se\/vandravagen\/\"},{\"@type\":\"ListItem\",\"position\":2,\"name\":\"Blogg100 i \u00e5r igen\"}]},{\"@type\":\"WebSite\",\"@id\":\"https:\/\/blogg.svenskakyrkan.se\/vandravagen\/#website\",\"url\":\"https:\/\/blogg.svenskakyrkan.se\/vandravagen\/\",\"name\":\"Vandra V\u00e4gen\",\"description\":\"-Mot en tro f\u00f6r hela livet\",\"publisher\":{\"@id\":\"https:\/\/blogg.svenskakyrkan.se\/vandravagen\/#organization\"},\"potentialAction\":[{\"@type\":\"SearchAction\",\"target\":{\"@type\":\"EntryPoint\",\"urlTemplate\":\"https:\/\/blogg.svenskakyrkan.se\/vandravagen\/?s={search_term_string}\"},\"query-input\":{\"@type\":\"PropertyValueSpecification\",\"valueRequired\":true,\"valueName\":\"search_term_string\"}}],\"inLanguage\":\"sv-SE\"},{\"@type\":\"Organization\",\"@id\":\"https:\/\/blogg.svenskakyrkan.se\/vandravagen\/#organization\",\"name\":\"ulricehamns pastorat\",\"alternateName\":\"ulricehamns pastorat\",\"url\":\"https:\/\/blogg.svenskakyrkan.se\/vandravagen\/\",\"logo\":{\"@type\":\"ImageObject\",\"inLanguage\":\"sv-SE\",\"@id\":\"https:\/\/blogg.svenskakyrkan.se\/vandravagen\/#\/schema\/logo\/image\/\",\"url\":\"https:\/\/blogg.svenskakyrkan.se\/vandravagen\/files\/2023\/05\/Ulr_logo_RGB.png\",\"contentUrl\":\"https:\/\/blogg.svenskakyrkan.se\/vandravagen\/files\/2023\/05\/Ulr_logo_RGB.png\",\"width\":205,\"height\":77,\"caption\":\"ulricehamns pastorat\"},\"image\":{\"@id\":\"https:\/\/blogg.svenskakyrkan.se\/vandravagen\/#\/schema\/logo\/image\/\"},\"sameAs\":[\"http:\/\/facebook.com\/vandravagen\",\"https:\/\/x.com\/fadertomas\",\"http:\/\/www.facebook.com\/svenskakyrkaniulricehamn\"]},{\"@type\":\"Person\",\"@id\":\"https:\/\/blogg.svenskakyrkan.se\/vandravagen\/#\/schema\/person\/25da02d4f76b137d04291711e2c9fc16\",\"name\":\"Tomas Jarvid\",\"image\":{\"@type\":\"ImageObject\",\"inLanguage\":\"sv-SE\",\"@id\":\"https:\/\/blogg.svenskakyrkan.se\/vandravagen\/#\/schema\/person\/image\/\",\"url\":\"https:\/\/secure.gravatar.com\/avatar\/7fa71899795e8f540f615a1f5ab25255dc27aa40f05ee7ddd21aac521e01bf50?s=96&d=identicon&r=g\",\"contentUrl\":\"https:\/\/secure.gravatar.com\/avatar\/7fa71899795e8f540f615a1f5ab25255dc27aa40f05ee7ddd21aac521e01bf50?s=96&d=identicon&r=g\",\"caption\":\"Tomas Jarvid\"},\"description\":\"Jag bor i Ulricehamn i V\u00e4sterg\u00f6tland och \u00e4r f\u00f6rsamlingspr\u00e4st i Svenska Kyrkan f\u00f6r Dalstorps f\u00f6rsamling i Kinds pastorat. P\u00e5 den h\u00e4r bloggen skriver jag ner tankar om vandringen som kristen.\",\"sameAs\":[\"http:\/\/www.vandravagen.se\"],\"url\":\"https:\/\/blogg.svenskakyrkan.se\/vandravagen\/author\/vandravagen\/\"}]}<\/script>\n<!-- \/ Yoast SEO plugin. -->","yoast_head_json":{"title":"Blogg100 i \u00e5r igen - Vandra V\u00e4gen","robots":{"index":"index","follow":"follow","max-snippet":"max-snippet:-1","max-image-preview":"max-image-preview:large","max-video-preview":"max-video-preview:-1"},"canonical":"https:\/\/blogg.svenskakyrkan.se\/vandravagen\/2016\/03\/01\/blogg100-i-ar-igen\/","og_locale":"sv_SE","og_type":"article","og_title":"Blogg100 i \u00e5r igen - Vandra V\u00e4gen","og_description":"Jag har m\u00e4rkt att jag tydligen i stort sett helt tappat intresset f\u00f6r bokrean. Det \u00e4r lite trist f\u00f6r det har \u00e4nd\u00e5 varit en rolig h\u00e4ndelse i sena februari. Det jag \u00e4nd\u00e5 t\u00e4nker \u00e4r att se om jag kan k\u00f6pa in b\u00f6cker till bokbord och annat till f\u00f6rsamlingen billigt n\u00e5gon dag snart. Det \u00e4r ju [&hellip;]","og_url":"https:\/\/blogg.svenskakyrkan.se\/vandravagen\/2016\/03\/01\/blogg100-i-ar-igen\/","og_site_name":"Vandra V\u00e4gen","article_publisher":"http:\/\/facebook.com\/vandravagen","article_published_time":"2016-03-01T06:00:01+00:00","og_image":[{"url":"http:\/\/blogg.svenskakyrkan.se\/vandravagen\/files\/2016\/03\/IMG_7526.jpg","type":"","width":"","height":""}],"author":"Tomas Jarvid","twitter_card":"summary_large_image","twitter_creator":"@fadertomas","twitter_site":"@fadertomas","twitter_misc":{"Skriven av":"Tomas Jarvid","Ber\u00e4knad l\u00e4stid":"1 minut"},"schema":{"@context":"https:\/\/schema.org","@graph":[{"@type":"Article","@id":"https:\/\/blogg.svenskakyrkan.se\/vandravagen\/2016\/03\/01\/blogg100-i-ar-igen\/#article","isPartOf":{"@id":"https:\/\/blogg.svenskakyrkan.se\/vandravagen\/2016\/03\/01\/blogg100-i-ar-igen\/"},"author":{"name":"Tomas Jarvid","@id":"https:\/\/blogg.svenskakyrkan.se\/vandravagen\/#\/schema\/person\/25da02d4f76b137d04291711e2c9fc16"},"headline":"Blogg100 i \u00e5r igen","datePublished":"2016-03-01T06:00:01+00:00","mainEntityOfPage":{"@id":"https:\/\/blogg.svenskakyrkan.se\/vandravagen\/2016\/03\/01\/blogg100-i-ar-igen\/"},"wordCount":230,"commentCount":6,"publisher":{"@id":"https:\/\/blogg.svenskakyrkan.se\/vandravagen\/#organization"},"image":{"@id":"https:\/\/blogg.svenskakyrkan.se\/vandravagen\/2016\/03\/01\/blogg100-i-ar-igen\/#primaryimage"},"thumbnailUrl":"http:\/\/blogg.svenskakyrkan.se\/vandravagen\/files\/2016\/03\/IMG_7526.jpg","articleSection":["bloggen","Dagens Kyrka"],"inLanguage":"sv-SE","potentialAction":[{"@type":"CommentAction","name":"Comment","target":["https:\/\/blogg.svenskakyrkan.se\/vandravagen\/2016\/03\/01\/blogg100-i-ar-igen\/#respond"]}]},{"@type":"WebPage","@id":"https:\/\/blogg.svenskakyrkan.se\/vandravagen\/2016\/03\/01\/blogg100-i-ar-igen\/","url":"https:\/\/blogg.svenskakyrkan.se\/vandravagen\/2016\/03\/01\/blogg100-i-ar-igen\/","name":"Blogg100 i \u00e5r igen - Vandra V\u00e4gen","isPartOf":{"@id":"https:\/\/blogg.svenskakyrkan.se\/vandravagen\/#website"},"primaryImageOfPage":{"@id":"https:\/\/blogg.svenskakyrkan.se\/vandravagen\/2016\/03\/01\/blogg100-i-ar-igen\/#primaryimage"},"image":{"@id":"https:\/\/blogg.svenskakyrkan.se\/vandravagen\/2016\/03\/01\/blogg100-i-ar-igen\/#primaryimage"},"thumbnailUrl":"http:\/\/blogg.svenskakyrkan.se\/vandravagen\/files\/2016\/03\/IMG_7526.jpg","datePublished":"2016-03-01T06:00:01+00:00","breadcrumb":{"@id":"https:\/\/blogg.svenskakyrkan.se\/vandravagen\/2016\/03\/01\/blogg100-i-ar-igen\/#breadcrumb"},"inLanguage":"sv-SE","potentialAction":[{"@type":"ReadAction","target":["https:\/\/blogg.svenskakyrkan.se\/vandravagen\/2016\/03\/01\/blogg100-i-ar-igen\/"]}]},{"@type":"ImageObject","inLanguage":"sv-SE","@id":"https:\/\/blogg.svenskakyrkan.se\/vandravagen\/2016\/03\/01\/blogg100-i-ar-igen\/#primaryimage","url":"http:\/\/blogg.svenskakyrkan.se\/vandravagen\/files\/2016\/03\/IMG_7526.jpg","contentUrl":"http:\/\/blogg.svenskakyrkan.se\/vandravagen\/files\/2016\/03\/IMG_7526.jpg"},{"@type":"BreadcrumbList","@id":"https:\/\/blogg.svenskakyrkan.se\/vandravagen\/2016\/03\/01\/blogg100-i-ar-igen\/#breadcrumb","itemListElement":[{"@type":"ListItem","position":1,"name":"Hem","item":"https:\/\/blogg.svenskakyrkan.se\/vandravagen\/"},{"@type":"ListItem","position":2,"name":"Blogg100 i \u00e5r igen"}]},{"@type":"WebSite","@id":"https:\/\/blogg.svenskakyrkan.se\/vandravagen\/#website","url":"https:\/\/blogg.svenskakyrkan.se\/vandravagen\/","name":"Vandra V\u00e4gen","description":"-Mot en tro f\u00f6r hela livet","publisher":{"@id":"https:\/\/blogg.svenskakyrkan.se\/vandravagen\/#organization"},"potentialAction":[{"@type":"SearchAction","target":{"@type":"EntryPoint","urlTemplate":"https:\/\/blogg.svenskakyrkan.se\/vandravagen\/?s={search_term_string}"},"query-input":{"@type":"PropertyValueSpecification","valueRequired":true,"valueName":"search_term_string"}}],"inLanguage":"sv-SE"},{"@type":"Organization","@id":"https:\/\/blogg.svenskakyrkan.se\/vandravagen\/#organization","name":"ulricehamns pastorat","alternateName":"ulricehamns pastorat","url":"https:\/\/blogg.svenskakyrkan.se\/vandravagen\/","logo":{"@type":"ImageObject","inLanguage":"sv-SE","@id":"https:\/\/blogg.svenskakyrkan.se\/vandravagen\/#\/schema\/logo\/image\/","url":"https:\/\/blogg.svenskakyrkan.se\/vandravagen\/files\/2023\/05\/Ulr_logo_RGB.png","contentUrl":"https:\/\/blogg.svenskakyrkan.se\/vandravagen\/files\/2023\/05\/Ulr_logo_RGB.png","width":205,"height":77,"caption":"ulricehamns pastorat"},"image":{"@id":"https:\/\/blogg.svenskakyrkan.se\/vandravagen\/#\/schema\/logo\/image\/"},"sameAs":["http:\/\/facebook.com\/vandravagen","https:\/\/x.com\/fadertomas","http:\/\/www.facebook.com\/svenskakyrkaniulricehamn"]},{"@type":"Person","@id":"https:\/\/blogg.svenskakyrkan.se\/vandravagen\/#\/schema\/person\/25da02d4f76b137d04291711e2c9fc16","name":"Tomas Jarvid","image":{"@type":"ImageObject","inLanguage":"sv-SE","@id":"https:\/\/blogg.svenskakyrkan.se\/vandravagen\/#\/schema\/person\/image\/","url":"https:\/\/secure.gravatar.com\/avatar\/7fa71899795e8f540f615a1f5ab25255dc27aa40f05ee7ddd21aac521e01bf50?s=96&d=identicon&r=g","contentUrl":"https:\/\/secure.gravatar.com\/avatar\/7fa71899795e8f540f615a1f5ab25255dc27aa40f05ee7ddd21aac521e01bf50?s=96&d=identicon&r=g","caption":"Tomas Jarvid"},"description":"Jag bor i Ulricehamn i V\u00e4sterg\u00f6tland och \u00e4r f\u00f6rsamlingspr\u00e4st i Svenska Kyrkan f\u00f6r Dalstorps f\u00f6rsamling i Kinds pastorat. P\u00e5 den h\u00e4r bloggen skriver jag ner tankar om vandringen som kristen.","sameAs":["http:\/\/www.vandravagen.se"],"url":"https:\/\/blogg.svenskakyrkan.se\/vandravagen\/author\/vandravagen\/"}]}},"author_meta":{"ID":"392","user_nicename":"vandravagen","user_url":"http:\/\/www.vandravagen.se","user_registered":"2014-05-19 05:44:52","display_name":"Tomas Jarvid","first_name":"Tomas","last_name":"Jarvid","avatar":"https:\/\/secure.gravatar.com\/avatar\/7fa71899795e8f540f615a1f5ab25255dc27aa40f05ee7ddd21aac521e01bf50?s=96&d=identicon&r=g"},"featured_image":false,"bloginfo":{"name":"Vandra V\u00e4gen","url":"https:\/\/blogg.svenskakyrkan.se\/vandravagen"},"_links":{"self":[{"href":"https:\/\/blogg.svenskakyrkan.se\/vandravagen\/wp-json\/wp\/v2\/posts\/4370","targetHints":{"allow":["GET"]}}],"collection":[{"href":"https:\/\/blogg.svenskakyrkan.se\/vandravagen\/wp-json\/wp\/v2\/posts"}],"about":[{"href":"https:\/\/blogg.svenskakyrkan.se\/vandravagen\/wp-json\/wp\/v2\/types\/post"}],"author":[{"embeddable":true,"href":"https:\/\/blogg.svenskakyrkan.se\/vandravagen\/wp-json\/wp\/v2\/users\/392"}],"replies":[{"embeddable":true,"href":"https:\/\/blogg.svenskakyrkan.se\/vandravagen\/wp-json\/wp\/v2\/comments?post=4370"}],"version-history":[{"count":1,"href":"https:\/\/blogg.svenskakyrkan.se\/vandravagen\/wp-json\/wp\/v2\/posts\/4370\/revisions"}],"predecessor-version":[{"id":4372,"href":"https:\/\/blogg.svenskakyrkan.se\/vandravagen\/wp-json\/wp\/v2\/posts\/4370\/revisions\/4372"}],"wp:attachment":[{"href":"https:\/\/blogg.svenskakyrkan.se\/vandravagen\/wp-json\/wp\/v2\/media?parent=4370"}],"wp:term":[{"taxonomy":"category","embeddable":true,"href":"https:\/\/blogg.svenskakyrkan.se\/vandravagen\/wp-json\/wp\/v2\/categories?post=4370"},{"taxonomy":"post_tag","embeddable":true,"href":"https:\/\/blogg.svenskakyrkan.se\/vandravagen\/wp-json\/wp\/v2\/tags?post=4370"}],"curies":[{"name":"wp","href":"https:\/\/api.w.org\/{rel}","templated":true}]}}