{"id":4377,"date":"2016-03-03T07:00:12","date_gmt":"2016-03-03T06:00:12","guid":{"rendered":"http:\/\/blogg.svenskakyrkan.se\/vandravagen\/?p=4377"},"modified":"2016-03-02T22:45:30","modified_gmt":"2016-03-02T21:45:30","slug":"en-bibeltext-for-den-som-ar-pa-besok","status":"publish","type":"post","link":"https:\/\/blogg.svenskakyrkan.se\/vandravagen\/2016\/03\/03\/en-bibeltext-for-den-som-ar-pa-besok\/","title":{"rendered":"En bibeltext f\u00f6r den som g\u00e5r p\u00e5 bes\u00f6k"},"content":{"rendered":"<div>\n<div id=\"attachment_4379\" style=\"width: 369px\" class=\"wp-caption aligncenter\"><a href=\"http:\/\/blogg.svenskakyrkan.se\/vandravagen\/files\/2016\/03\/IMG_7541.jpg\"><img loading=\"lazy\" decoding=\"async\" aria-describedby=\"caption-attachment-4379\" class=\"size-full wp-image-4379\" src=\"http:\/\/blogg.svenskakyrkan.se\/vandravagen\/files\/2016\/03\/IMG_7541.jpg\" alt=\"P\u00e5 v\u00e4g. Mannen p\u00e5 bilden \u00e4r inte Ulf som skrivit texten.\" width=\"359\" height=\"544\" srcset=\"https:\/\/blogg.svenskakyrkan.se\/vandravagen\/files\/2016\/03\/IMG_7541.jpg 359w, https:\/\/blogg.svenskakyrkan.se\/vandravagen\/files\/2016\/03\/IMG_7541-300x455.jpg 300w, https:\/\/blogg.svenskakyrkan.se\/vandravagen\/files\/2016\/03\/IMG_7541-198x300.jpg 198w\" sizes=\"auto, (max-width: 359px) 100vw, 359px\" \/><\/a><p id=\"caption-attachment-4379\" class=\"wp-caption-text\">P\u00e5 v\u00e4g. Mannen p\u00e5 bilden \u00e4r inte Ulf som skrivit texten.<\/p><\/div>\n<p>Idag har jag gl\u00e4djen att presentera en g\u00e4stbloggare h\u00e4r p\u00e5 Vandra V\u00e4gen. Det \u00e4r min arbetskamrat Ulf S\u00f6dahl som bland annat arbetar mycket med flyktingar som skriver om en bibeltext som inspirerar honom mycket. Tack f\u00f6r det! Ordet till Ulf:<\/p>\n<\/div>\n<div><b>Att v\u00e4lja det oplanerade<\/b><\/div>\n<div><\/div>\n<div><i>Medan de var p\u00e5 v\u00e4g gick Jesus in i en by\u2026\u00a0<\/i>S\u00e5 inleds ber\u00e4ttelsen om Jesus bes\u00f6k hos syskonen Marta och Maria &#8211; en kort och k\u00e4rnfull ber\u00e4ttelse om ett bes\u00f6k som satt sp\u00e5r hos oss som tagit del av den genom \u00e5rhundradena. Och s\u00e5 forts\u00e4tter det:\u00a0<i>\u2026och en kvinna som hetta Marta bj\u00f6d honom hem till sig.<\/i><\/div>\n<div><\/div>\n<div>Det \u00e4r inledningen av ber\u00e4ttelsen i Lukas kapitel 10 som b\u00f6rjat\u00a0fascinera mig. <strong>Jesus \u00e4r p\u00e5 v\u00e4g<\/strong>. Kanske har han och v\u00e4nnerna planerat dagen, vart de ska, var de ska pausa, vad de ska g\u00f6ra n\u00e4r de kommer fram och var de ska bo. S\u00e5 dyker Marta upp d\u00e4r p\u00e5 torget eller i korsningen, Jesus l\u00e5ter sig bjudas in och n\u00e5got viktigt sker. Det finns fler s\u00e5dana skildringar av hur Jesus m\u00f6ter n\u00e5gon eller n\u00e5gra i spr\u00e5nget; Sakaios i tr\u00e4det, \u00e4nkan i Nain och m\u00e5nga fler.<\/div>\n<div><\/div>\n<div>Jag s\u00f6ker efter <strong>den h\u00e5llningen i mitt liv<\/strong> och i min tj\u00e4nst som diakon. N\u00e4r jag knackar p\u00e5 d\u00f6rren till n\u00e5gon av de asyls\u00f6kande vet jag ofta inte om n\u00e5gon \u00e4r hemma, ibland inte vem som bor bakom d\u00f6rren. Jag t\u00e4nker p\u00e5 Jesus, hur han var \u00f6ppen f\u00f6r det oplanerade m\u00f6tet med en m\u00e4nniska. Med en stilla b\u00f6n knackar jag p\u00e5, n\u00e5gon \u00f6ppnar, jag ler och s\u00e4ger hej, och i n\u00e4sta \u00f6gonblick dricker jag s\u00f6tt te och vi\u00a0samtalar med de ord vi har gemensamt om livet s\u00e5 som det \u00e4r. Eller s\u00e5 stannar det vid en h\u00e4lsning i d\u00f6rr\u00f6ppningen och ett `vi ses en annan g\u00e5ng\u00b4. Lika OK b\u00e5da tv\u00e5\u2026<\/div>\n<div>N\u00e4r Jesus och hans v\u00e4nner<i>\u00a0var p\u00e5 v\u00e4g gick han in i en by och en kvinna som hetta Marta bj\u00f6d honom hem till sig.<\/i><\/div>\n<div>Att medvetet och \u00f6ppet g\u00e5 in i det oplanerade \u00e4r h\u00e4rligt!<\/div>\n<div><\/div>\n<div>Ulf S\u00f6dahl, diakon<\/div>\n","protected":false},"excerpt":{"rendered":"<p>Idag har jag gl\u00e4djen att presentera en g\u00e4stbloggare h\u00e4r p\u00e5 Vandra V\u00e4gen. Det \u00e4r min arbetskamrat Ulf S\u00f6dahl som bland annat arbetar mycket med flyktingar som skriver om en bibeltext som inspirerar honom mycket. Tack f\u00f6r det! Ordet till Ulf: Att v\u00e4lja det oplanerade Medan de var p\u00e5 v\u00e4g gick Jesus in i en by\u2026\u00a0S\u00e5 [&hellip;]<\/p>\n","protected":false},"author":392,"featured_media":0,"comment_status":"open","ping_status":"open","sticky":false,"template":"","format":"standard","meta":{"_acf_changed":false,"footnotes":""},"categories":[14252,76189,17359],"tags":[],"class_list":["post-4377","post","type-post","status-publish","format-standard","hentry","category-bibel","category-dagens-kyrka","category-gastbloggare"],"acf":[],"yoast_head":"<!-- This site is optimized with the Yoast SEO plugin v27.1.1 - https:\/\/yoast.com\/product\/yoast-seo-wordpress\/ -->\n<title>En bibeltext f\u00f6r den som g\u00e5r p\u00e5 bes\u00f6k - Vandra V\u00e4gen<\/title>\n<meta name=\"robots\" content=\"index, follow, max-snippet:-1, max-image-preview:large, max-video-preview:-1\" \/>\n<link rel=\"canonical\" href=\"https:\/\/blogg.svenskakyrkan.se\/vandravagen\/2016\/03\/03\/en-bibeltext-for-den-som-ar-pa-besok\/\" \/>\n<meta property=\"og:locale\" content=\"sv_SE\" \/>\n<meta property=\"og:type\" content=\"article\" \/>\n<meta property=\"og:title\" content=\"En bibeltext f\u00f6r den som g\u00e5r p\u00e5 bes\u00f6k - Vandra V\u00e4gen\" \/>\n<meta property=\"og:description\" content=\"Idag har jag gl\u00e4djen att presentera en g\u00e4stbloggare h\u00e4r p\u00e5 Vandra V\u00e4gen. Det \u00e4r min arbetskamrat Ulf S\u00f6dahl som bland annat arbetar mycket med flyktingar som skriver om en bibeltext som inspirerar honom mycket. Tack f\u00f6r det! Ordet till Ulf: Att v\u00e4lja det oplanerade Medan de var p\u00e5 v\u00e4g gick Jesus in i en by\u2026\u00a0S\u00e5 [&hellip;]\" \/>\n<meta property=\"og:url\" content=\"https:\/\/blogg.svenskakyrkan.se\/vandravagen\/2016\/03\/03\/en-bibeltext-for-den-som-ar-pa-besok\/\" \/>\n<meta property=\"og:site_name\" content=\"Vandra V\u00e4gen\" \/>\n<meta property=\"article:publisher\" content=\"http:\/\/facebook.com\/vandravagen\" \/>\n<meta property=\"article:published_time\" content=\"2016-03-03T06:00:12+00:00\" \/>\n<meta property=\"og:image\" content=\"http:\/\/blogg.svenskakyrkan.se\/vandravagen\/files\/2016\/03\/IMG_7541.jpg\" \/>\n<meta name=\"author\" content=\"Tomas Jarvid\" \/>\n<meta name=\"twitter:card\" content=\"summary_large_image\" \/>\n<meta name=\"twitter:creator\" content=\"@fadertomas\" \/>\n<meta name=\"twitter:site\" content=\"@fadertomas\" \/>\n<meta name=\"twitter:label1\" content=\"Skriven av\" \/>\n\t<meta name=\"twitter:data1\" content=\"Tomas Jarvid\" \/>\n\t<meta name=\"twitter:label2\" content=\"Ber\u00e4knad l\u00e4stid\" \/>\n\t<meta name=\"twitter:data2\" content=\"2 minuter\" \/>\n<script type=\"application\/ld+json\" class=\"yoast-schema-graph\">{\"@context\":\"https:\/\/schema.org\",\"@graph\":[{\"@type\":\"Article\",\"@id\":\"https:\/\/blogg.svenskakyrkan.se\/vandravagen\/2016\/03\/03\/en-bibeltext-for-den-som-ar-pa-besok\/#article\",\"isPartOf\":{\"@id\":\"https:\/\/blogg.svenskakyrkan.se\/vandravagen\/2016\/03\/03\/en-bibeltext-for-den-som-ar-pa-besok\/\"},\"author\":{\"name\":\"Tomas Jarvid\",\"@id\":\"https:\/\/blogg.svenskakyrkan.se\/vandravagen\/#\/schema\/person\/25da02d4f76b137d04291711e2c9fc16\"},\"headline\":\"En bibeltext f\u00f6r den som g\u00e5r p\u00e5 bes\u00f6k\",\"datePublished\":\"2016-03-03T06:00:12+00:00\",\"mainEntityOfPage\":{\"@id\":\"https:\/\/blogg.svenskakyrkan.se\/vandravagen\/2016\/03\/03\/en-bibeltext-for-den-som-ar-pa-besok\/\"},\"wordCount\":428,\"commentCount\":0,\"publisher\":{\"@id\":\"https:\/\/blogg.svenskakyrkan.se\/vandravagen\/#organization\"},\"image\":{\"@id\":\"https:\/\/blogg.svenskakyrkan.se\/vandravagen\/2016\/03\/03\/en-bibeltext-for-den-som-ar-pa-besok\/#primaryimage\"},\"thumbnailUrl\":\"http:\/\/blogg.svenskakyrkan.se\/vandravagen\/files\/2016\/03\/IMG_7541.jpg\",\"articleSection\":[\"bibel\",\"Dagens Kyrka\",\"g\u00e4stbloggare\"],\"inLanguage\":\"sv-SE\",\"potentialAction\":[{\"@type\":\"CommentAction\",\"name\":\"Comment\",\"target\":[\"https:\/\/blogg.svenskakyrkan.se\/vandravagen\/2016\/03\/03\/en-bibeltext-for-den-som-ar-pa-besok\/#respond\"]}]},{\"@type\":\"WebPage\",\"@id\":\"https:\/\/blogg.svenskakyrkan.se\/vandravagen\/2016\/03\/03\/en-bibeltext-for-den-som-ar-pa-besok\/\",\"url\":\"https:\/\/blogg.svenskakyrkan.se\/vandravagen\/2016\/03\/03\/en-bibeltext-for-den-som-ar-pa-besok\/\",\"name\":\"En bibeltext f\u00f6r den som g\u00e5r p\u00e5 bes\u00f6k - Vandra V\u00e4gen\",\"isPartOf\":{\"@id\":\"https:\/\/blogg.svenskakyrkan.se\/vandravagen\/#website\"},\"primaryImageOfPage\":{\"@id\":\"https:\/\/blogg.svenskakyrkan.se\/vandravagen\/2016\/03\/03\/en-bibeltext-for-den-som-ar-pa-besok\/#primaryimage\"},\"image\":{\"@id\":\"https:\/\/blogg.svenskakyrkan.se\/vandravagen\/2016\/03\/03\/en-bibeltext-for-den-som-ar-pa-besok\/#primaryimage\"},\"thumbnailUrl\":\"http:\/\/blogg.svenskakyrkan.se\/vandravagen\/files\/2016\/03\/IMG_7541.jpg\",\"datePublished\":\"2016-03-03T06:00:12+00:00\",\"breadcrumb\":{\"@id\":\"https:\/\/blogg.svenskakyrkan.se\/vandravagen\/2016\/03\/03\/en-bibeltext-for-den-som-ar-pa-besok\/#breadcrumb\"},\"inLanguage\":\"sv-SE\",\"potentialAction\":[{\"@type\":\"ReadAction\",\"target\":[\"https:\/\/blogg.svenskakyrkan.se\/vandravagen\/2016\/03\/03\/en-bibeltext-for-den-som-ar-pa-besok\/\"]}]},{\"@type\":\"ImageObject\",\"inLanguage\":\"sv-SE\",\"@id\":\"https:\/\/blogg.svenskakyrkan.se\/vandravagen\/2016\/03\/03\/en-bibeltext-for-den-som-ar-pa-besok\/#primaryimage\",\"url\":\"http:\/\/blogg.svenskakyrkan.se\/vandravagen\/files\/2016\/03\/IMG_7541.jpg\",\"contentUrl\":\"http:\/\/blogg.svenskakyrkan.se\/vandravagen\/files\/2016\/03\/IMG_7541.jpg\"},{\"@type\":\"BreadcrumbList\",\"@id\":\"https:\/\/blogg.svenskakyrkan.se\/vandravagen\/2016\/03\/03\/en-bibeltext-for-den-som-ar-pa-besok\/#breadcrumb\",\"itemListElement\":[{\"@type\":\"ListItem\",\"position\":1,\"name\":\"Hem\",\"item\":\"https:\/\/blogg.svenskakyrkan.se\/vandravagen\/\"},{\"@type\":\"ListItem\",\"position\":2,\"name\":\"En bibeltext f\u00f6r den som g\u00e5r p\u00e5 bes\u00f6k\"}]},{\"@type\":\"WebSite\",\"@id\":\"https:\/\/blogg.svenskakyrkan.se\/vandravagen\/#website\",\"url\":\"https:\/\/blogg.svenskakyrkan.se\/vandravagen\/\",\"name\":\"Vandra V\u00e4gen\",\"description\":\"-Mot en tro f\u00f6r hela livet\",\"publisher\":{\"@id\":\"https:\/\/blogg.svenskakyrkan.se\/vandravagen\/#organization\"},\"potentialAction\":[{\"@type\":\"SearchAction\",\"target\":{\"@type\":\"EntryPoint\",\"urlTemplate\":\"https:\/\/blogg.svenskakyrkan.se\/vandravagen\/?s={search_term_string}\"},\"query-input\":{\"@type\":\"PropertyValueSpecification\",\"valueRequired\":true,\"valueName\":\"search_term_string\"}}],\"inLanguage\":\"sv-SE\"},{\"@type\":\"Organization\",\"@id\":\"https:\/\/blogg.svenskakyrkan.se\/vandravagen\/#organization\",\"name\":\"ulricehamns pastorat\",\"alternateName\":\"ulricehamns pastorat\",\"url\":\"https:\/\/blogg.svenskakyrkan.se\/vandravagen\/\",\"logo\":{\"@type\":\"ImageObject\",\"inLanguage\":\"sv-SE\",\"@id\":\"https:\/\/blogg.svenskakyrkan.se\/vandravagen\/#\/schema\/logo\/image\/\",\"url\":\"https:\/\/blogg.svenskakyrkan.se\/vandravagen\/files\/2023\/05\/Ulr_logo_RGB.png\",\"contentUrl\":\"https:\/\/blogg.svenskakyrkan.se\/vandravagen\/files\/2023\/05\/Ulr_logo_RGB.png\",\"width\":205,\"height\":77,\"caption\":\"ulricehamns pastorat\"},\"image\":{\"@id\":\"https:\/\/blogg.svenskakyrkan.se\/vandravagen\/#\/schema\/logo\/image\/\"},\"sameAs\":[\"http:\/\/facebook.com\/vandravagen\",\"https:\/\/x.com\/fadertomas\",\"http:\/\/www.facebook.com\/svenskakyrkaniulricehamn\"]},{\"@type\":\"Person\",\"@id\":\"https:\/\/blogg.svenskakyrkan.se\/vandravagen\/#\/schema\/person\/25da02d4f76b137d04291711e2c9fc16\",\"name\":\"Tomas Jarvid\",\"image\":{\"@type\":\"ImageObject\",\"inLanguage\":\"sv-SE\",\"@id\":\"https:\/\/blogg.svenskakyrkan.se\/vandravagen\/#\/schema\/person\/image\/\",\"url\":\"https:\/\/secure.gravatar.com\/avatar\/7fa71899795e8f540f615a1f5ab25255dc27aa40f05ee7ddd21aac521e01bf50?s=96&d=identicon&r=g\",\"contentUrl\":\"https:\/\/secure.gravatar.com\/avatar\/7fa71899795e8f540f615a1f5ab25255dc27aa40f05ee7ddd21aac521e01bf50?s=96&d=identicon&r=g\",\"caption\":\"Tomas Jarvid\"},\"description\":\"Jag bor i Ulricehamn i V\u00e4sterg\u00f6tland och \u00e4r f\u00f6rsamlingspr\u00e4st i Svenska Kyrkan f\u00f6r Dalstorps f\u00f6rsamling i Kinds pastorat. P\u00e5 den h\u00e4r bloggen skriver jag ner tankar om vandringen som kristen.\",\"sameAs\":[\"http:\/\/www.vandravagen.se\"],\"url\":\"https:\/\/blogg.svenskakyrkan.se\/vandravagen\/author\/vandravagen\/\"}]}<\/script>\n<!-- \/ Yoast SEO plugin. -->","yoast_head_json":{"title":"En bibeltext f\u00f6r den som g\u00e5r p\u00e5 bes\u00f6k - Vandra V\u00e4gen","robots":{"index":"index","follow":"follow","max-snippet":"max-snippet:-1","max-image-preview":"max-image-preview:large","max-video-preview":"max-video-preview:-1"},"canonical":"https:\/\/blogg.svenskakyrkan.se\/vandravagen\/2016\/03\/03\/en-bibeltext-for-den-som-ar-pa-besok\/","og_locale":"sv_SE","og_type":"article","og_title":"En bibeltext f\u00f6r den som g\u00e5r p\u00e5 bes\u00f6k - Vandra V\u00e4gen","og_description":"Idag har jag gl\u00e4djen att presentera en g\u00e4stbloggare h\u00e4r p\u00e5 Vandra V\u00e4gen. Det \u00e4r min arbetskamrat Ulf S\u00f6dahl som bland annat arbetar mycket med flyktingar som skriver om en bibeltext som inspirerar honom mycket. Tack f\u00f6r det! Ordet till Ulf: Att v\u00e4lja det oplanerade Medan de var p\u00e5 v\u00e4g gick Jesus in i en by\u2026\u00a0S\u00e5 [&hellip;]","og_url":"https:\/\/blogg.svenskakyrkan.se\/vandravagen\/2016\/03\/03\/en-bibeltext-for-den-som-ar-pa-besok\/","og_site_name":"Vandra V\u00e4gen","article_publisher":"http:\/\/facebook.com\/vandravagen","article_published_time":"2016-03-03T06:00:12+00:00","og_image":[{"url":"http:\/\/blogg.svenskakyrkan.se\/vandravagen\/files\/2016\/03\/IMG_7541.jpg","type":"","width":"","height":""}],"author":"Tomas Jarvid","twitter_card":"summary_large_image","twitter_creator":"@fadertomas","twitter_site":"@fadertomas","twitter_misc":{"Skriven av":"Tomas Jarvid","Ber\u00e4knad l\u00e4stid":"2 minuter"},"schema":{"@context":"https:\/\/schema.org","@graph":[{"@type":"Article","@id":"https:\/\/blogg.svenskakyrkan.se\/vandravagen\/2016\/03\/03\/en-bibeltext-for-den-som-ar-pa-besok\/#article","isPartOf":{"@id":"https:\/\/blogg.svenskakyrkan.se\/vandravagen\/2016\/03\/03\/en-bibeltext-for-den-som-ar-pa-besok\/"},"author":{"name":"Tomas Jarvid","@id":"https:\/\/blogg.svenskakyrkan.se\/vandravagen\/#\/schema\/person\/25da02d4f76b137d04291711e2c9fc16"},"headline":"En bibeltext f\u00f6r den som g\u00e5r p\u00e5 bes\u00f6k","datePublished":"2016-03-03T06:00:12+00:00","mainEntityOfPage":{"@id":"https:\/\/blogg.svenskakyrkan.se\/vandravagen\/2016\/03\/03\/en-bibeltext-for-den-som-ar-pa-besok\/"},"wordCount":428,"commentCount":0,"publisher":{"@id":"https:\/\/blogg.svenskakyrkan.se\/vandravagen\/#organization"},"image":{"@id":"https:\/\/blogg.svenskakyrkan.se\/vandravagen\/2016\/03\/03\/en-bibeltext-for-den-som-ar-pa-besok\/#primaryimage"},"thumbnailUrl":"http:\/\/blogg.svenskakyrkan.se\/vandravagen\/files\/2016\/03\/IMG_7541.jpg","articleSection":["bibel","Dagens Kyrka","g\u00e4stbloggare"],"inLanguage":"sv-SE","potentialAction":[{"@type":"CommentAction","name":"Comment","target":["https:\/\/blogg.svenskakyrkan.se\/vandravagen\/2016\/03\/03\/en-bibeltext-for-den-som-ar-pa-besok\/#respond"]}]},{"@type":"WebPage","@id":"https:\/\/blogg.svenskakyrkan.se\/vandravagen\/2016\/03\/03\/en-bibeltext-for-den-som-ar-pa-besok\/","url":"https:\/\/blogg.svenskakyrkan.se\/vandravagen\/2016\/03\/03\/en-bibeltext-for-den-som-ar-pa-besok\/","name":"En bibeltext f\u00f6r den som g\u00e5r p\u00e5 bes\u00f6k - Vandra V\u00e4gen","isPartOf":{"@id":"https:\/\/blogg.svenskakyrkan.se\/vandravagen\/#website"},"primaryImageOfPage":{"@id":"https:\/\/blogg.svenskakyrkan.se\/vandravagen\/2016\/03\/03\/en-bibeltext-for-den-som-ar-pa-besok\/#primaryimage"},"image":{"@id":"https:\/\/blogg.svenskakyrkan.se\/vandravagen\/2016\/03\/03\/en-bibeltext-for-den-som-ar-pa-besok\/#primaryimage"},"thumbnailUrl":"http:\/\/blogg.svenskakyrkan.se\/vandravagen\/files\/2016\/03\/IMG_7541.jpg","datePublished":"2016-03-03T06:00:12+00:00","breadcrumb":{"@id":"https:\/\/blogg.svenskakyrkan.se\/vandravagen\/2016\/03\/03\/en-bibeltext-for-den-som-ar-pa-besok\/#breadcrumb"},"inLanguage":"sv-SE","potentialAction":[{"@type":"ReadAction","target":["https:\/\/blogg.svenskakyrkan.se\/vandravagen\/2016\/03\/03\/en-bibeltext-for-den-som-ar-pa-besok\/"]}]},{"@type":"ImageObject","inLanguage":"sv-SE","@id":"https:\/\/blogg.svenskakyrkan.se\/vandravagen\/2016\/03\/03\/en-bibeltext-for-den-som-ar-pa-besok\/#primaryimage","url":"http:\/\/blogg.svenskakyrkan.se\/vandravagen\/files\/2016\/03\/IMG_7541.jpg","contentUrl":"http:\/\/blogg.svenskakyrkan.se\/vandravagen\/files\/2016\/03\/IMG_7541.jpg"},{"@type":"BreadcrumbList","@id":"https:\/\/blogg.svenskakyrkan.se\/vandravagen\/2016\/03\/03\/en-bibeltext-for-den-som-ar-pa-besok\/#breadcrumb","itemListElement":[{"@type":"ListItem","position":1,"name":"Hem","item":"https:\/\/blogg.svenskakyrkan.se\/vandravagen\/"},{"@type":"ListItem","position":2,"name":"En bibeltext f\u00f6r den som g\u00e5r p\u00e5 bes\u00f6k"}]},{"@type":"WebSite","@id":"https:\/\/blogg.svenskakyrkan.se\/vandravagen\/#website","url":"https:\/\/blogg.svenskakyrkan.se\/vandravagen\/","name":"Vandra V\u00e4gen","description":"-Mot en tro f\u00f6r hela livet","publisher":{"@id":"https:\/\/blogg.svenskakyrkan.se\/vandravagen\/#organization"},"potentialAction":[{"@type":"SearchAction","target":{"@type":"EntryPoint","urlTemplate":"https:\/\/blogg.svenskakyrkan.se\/vandravagen\/?s={search_term_string}"},"query-input":{"@type":"PropertyValueSpecification","valueRequired":true,"valueName":"search_term_string"}}],"inLanguage":"sv-SE"},{"@type":"Organization","@id":"https:\/\/blogg.svenskakyrkan.se\/vandravagen\/#organization","name":"ulricehamns pastorat","alternateName":"ulricehamns pastorat","url":"https:\/\/blogg.svenskakyrkan.se\/vandravagen\/","logo":{"@type":"ImageObject","inLanguage":"sv-SE","@id":"https:\/\/blogg.svenskakyrkan.se\/vandravagen\/#\/schema\/logo\/image\/","url":"https:\/\/blogg.svenskakyrkan.se\/vandravagen\/files\/2023\/05\/Ulr_logo_RGB.png","contentUrl":"https:\/\/blogg.svenskakyrkan.se\/vandravagen\/files\/2023\/05\/Ulr_logo_RGB.png","width":205,"height":77,"caption":"ulricehamns pastorat"},"image":{"@id":"https:\/\/blogg.svenskakyrkan.se\/vandravagen\/#\/schema\/logo\/image\/"},"sameAs":["http:\/\/facebook.com\/vandravagen","https:\/\/x.com\/fadertomas","http:\/\/www.facebook.com\/svenskakyrkaniulricehamn"]},{"@type":"Person","@id":"https:\/\/blogg.svenskakyrkan.se\/vandravagen\/#\/schema\/person\/25da02d4f76b137d04291711e2c9fc16","name":"Tomas Jarvid","image":{"@type":"ImageObject","inLanguage":"sv-SE","@id":"https:\/\/blogg.svenskakyrkan.se\/vandravagen\/#\/schema\/person\/image\/","url":"https:\/\/secure.gravatar.com\/avatar\/7fa71899795e8f540f615a1f5ab25255dc27aa40f05ee7ddd21aac521e01bf50?s=96&d=identicon&r=g","contentUrl":"https:\/\/secure.gravatar.com\/avatar\/7fa71899795e8f540f615a1f5ab25255dc27aa40f05ee7ddd21aac521e01bf50?s=96&d=identicon&r=g","caption":"Tomas Jarvid"},"description":"Jag bor i Ulricehamn i V\u00e4sterg\u00f6tland och \u00e4r f\u00f6rsamlingspr\u00e4st i Svenska Kyrkan f\u00f6r Dalstorps f\u00f6rsamling i Kinds pastorat. P\u00e5 den h\u00e4r bloggen skriver jag ner tankar om vandringen som kristen.","sameAs":["http:\/\/www.vandravagen.se"],"url":"https:\/\/blogg.svenskakyrkan.se\/vandravagen\/author\/vandravagen\/"}]}},"author_meta":{"ID":"392","user_nicename":"vandravagen","user_url":"http:\/\/www.vandravagen.se","user_registered":"2014-05-19 05:44:52","display_name":"Tomas Jarvid","first_name":"Tomas","last_name":"Jarvid","avatar":"https:\/\/secure.gravatar.com\/avatar\/7fa71899795e8f540f615a1f5ab25255dc27aa40f05ee7ddd21aac521e01bf50?s=96&d=identicon&r=g"},"featured_image":false,"bloginfo":{"name":"Vandra V\u00e4gen","url":"https:\/\/blogg.svenskakyrkan.se\/vandravagen"},"_links":{"self":[{"href":"https:\/\/blogg.svenskakyrkan.se\/vandravagen\/wp-json\/wp\/v2\/posts\/4377","targetHints":{"allow":["GET"]}}],"collection":[{"href":"https:\/\/blogg.svenskakyrkan.se\/vandravagen\/wp-json\/wp\/v2\/posts"}],"about":[{"href":"https:\/\/blogg.svenskakyrkan.se\/vandravagen\/wp-json\/wp\/v2\/types\/post"}],"author":[{"embeddable":true,"href":"https:\/\/blogg.svenskakyrkan.se\/vandravagen\/wp-json\/wp\/v2\/users\/392"}],"replies":[{"embeddable":true,"href":"https:\/\/blogg.svenskakyrkan.se\/vandravagen\/wp-json\/wp\/v2\/comments?post=4377"}],"version-history":[{"count":3,"href":"https:\/\/blogg.svenskakyrkan.se\/vandravagen\/wp-json\/wp\/v2\/posts\/4377\/revisions"}],"predecessor-version":[{"id":4381,"href":"https:\/\/blogg.svenskakyrkan.se\/vandravagen\/wp-json\/wp\/v2\/posts\/4377\/revisions\/4381"}],"wp:attachment":[{"href":"https:\/\/blogg.svenskakyrkan.se\/vandravagen\/wp-json\/wp\/v2\/media?parent=4377"}],"wp:term":[{"taxonomy":"category","embeddable":true,"href":"https:\/\/blogg.svenskakyrkan.se\/vandravagen\/wp-json\/wp\/v2\/categories?post=4377"},{"taxonomy":"post_tag","embeddable":true,"href":"https:\/\/blogg.svenskakyrkan.se\/vandravagen\/wp-json\/wp\/v2\/tags?post=4377"}],"curies":[{"name":"wp","href":"https:\/\/api.w.org\/{rel}","templated":true}]}}