{"id":438,"date":"2013-07-26T18:00:00","date_gmt":"2013-07-26T16:00:00","guid":{"rendered":"http:\/\/blogg.svenskakyrkan.se\/vandravagen\/2013\/07\/26\/sa-lange-jag-lever-en-sang-om-att-bygga-hus-pa-klippan\/"},"modified":"2013-07-26T18:00:00","modified_gmt":"2013-07-26T16:00:00","slug":"sa-lange-jag-lever-en-sang-om-att-bygga-hus-pa-klippan","status":"publish","type":"post","link":"https:\/\/blogg.svenskakyrkan.se\/vandravagen\/2013\/07\/26\/sa-lange-jag-lever-en-sang-om-att-bygga-hus-pa-klippan\/","title":{"rendered":"S\u00e5 l\u00e4nge jag lever, en s\u00e5ng om att bygga hus p\u00e5 klippan"},"content":{"rendered":"<div><\/div>\n<div><\/div>\n<div>\n<div>F\u00f6rra s\u00f6ndagen (8e efter trefaldighet) hade temat &#8221;andlig klarsyn&#8221; i svenska Kyrkans kyrko\u00e5r. Andlig klarsyn l\u00e5ter kanske knepigt men det handlar nog om ganska grundl\u00e4ggande saker; f\u00f6rm\u00e5ga att urskilja vad som \u00e4r viktigt och vad som inte \u00e4r viktigt i livet och ordna sitt liv utefter det.\u00a0<\/div>\n<div><\/div>\n<div>I texterna handlade det mycket om att bygga sitt liv p\u00e5 en bra grund. Dels i Jesu liknelse om de tv\u00e5 m\u00e4nnen som skulle bygga varsitt hus. Den ene byggde sitt p\u00e5 klippan, den andra p\u00e5 sand. N\u00e4r det kom pr\u00f6vningar var det grunden det kom an p\u00e5 vilket som h\u00f6ll. Paulus skriver om liknande saker i episteln och han s\u00e4ger rakt ut: Ingen kan bygga p\u00e5 en annan grund \u00e4n den som redan ligger, det \u00e4r Jesus Kristus.<\/div>\n<div><\/div>\n<div>Det har f\u00e5tt mig att t\u00e4nka p\u00e5 den h\u00e4r fina lovs\u00e5ngsl\u00e5ten, &#8221;s\u00e5 l\u00e4nge jag lever&#8221;. Carola har gjort den k\u00e4nd men gruppen som gjort den heter BIG (Brothers In God). H\u00e4r textad p\u00e5 ryska av n\u00e5gon anledning. Vi k\u00e4nner igen mycket i texten fr\u00e5n s\u00f6ndagens tema, framf\u00f6rallt de h\u00e4r raderna:<\/div>\n<\/div>\n<div>&#8221;Stormarna kommer och regnet det faller<br \/>men jag st\u00e5r h\u00e4r din h\u00e4rlighet.<br \/>Jag st\u00e5r p\u00e5 en klippa, jag st\u00e5r p\u00e5 ditt ord.<br \/>Jag st\u00e5r p\u00e5 alla l\u00f6ften du gett.<br \/>Och jag vet, Du \u00e4r med mig<br \/>n\u00e4r jag faller reser du mig upp.<br \/>Och du st\u00e5r vid min sida<br \/>och jag t\u00e4nker aldrig n\u00e5nsin ge upp.&#8221;<\/div>\n<div><\/div>\n<div><\/div>\n","protected":false},"excerpt":{"rendered":"<p>F\u00f6rra s\u00f6ndagen (8e efter trefaldighet) hade temat &#8221;andlig klarsyn&#8221; i svenska Kyrkans kyrko\u00e5r. Andlig klarsyn l\u00e5ter kanske knepigt men det handlar nog om ganska grundl\u00e4ggande saker; f\u00f6rm\u00e5ga att urskilja vad som \u00e4r viktigt och vad som inte \u00e4r viktigt i livet och ordna sitt liv utefter det.\u00a0 I texterna handlade det mycket om att bygga [&hellip;]<\/p>\n","protected":false},"author":392,"featured_media":0,"comment_status":"open","ping_status":"open","sticky":false,"template":"","format":"standard","meta":{"_acf_changed":false,"footnotes":""},"categories":[8252,46705],"tags":[],"class_list":["post-438","post","type-post","status-publish","format-standard","hentry","category-kyrkoaret","category-video"],"acf":[],"yoast_head":"<!-- This site is optimized with the Yoast SEO plugin v27.1.1 - https:\/\/yoast.com\/product\/yoast-seo-wordpress\/ -->\n<title>S\u00e5 l\u00e4nge jag lever, en s\u00e5ng om att bygga hus p\u00e5 klippan - Vandra V\u00e4gen<\/title>\n<meta name=\"robots\" content=\"index, follow, max-snippet:-1, max-image-preview:large, max-video-preview:-1\" \/>\n<link rel=\"canonical\" href=\"https:\/\/blogg.svenskakyrkan.se\/vandravagen\/2013\/07\/26\/sa-lange-jag-lever-en-sang-om-att-bygga-hus-pa-klippan\/\" \/>\n<meta property=\"og:locale\" content=\"sv_SE\" \/>\n<meta property=\"og:type\" content=\"article\" \/>\n<meta property=\"og:title\" content=\"S\u00e5 l\u00e4nge jag lever, en s\u00e5ng om att bygga hus p\u00e5 klippan - Vandra V\u00e4gen\" \/>\n<meta property=\"og:description\" content=\"F\u00f6rra s\u00f6ndagen (8e efter trefaldighet) hade temat &#8221;andlig klarsyn&#8221; i svenska Kyrkans kyrko\u00e5r. Andlig klarsyn l\u00e5ter kanske knepigt men det handlar nog om ganska grundl\u00e4ggande saker; f\u00f6rm\u00e5ga att urskilja vad som \u00e4r viktigt och vad som inte \u00e4r viktigt i livet och ordna sitt liv utefter det.\u00a0 I texterna handlade det mycket om att bygga [&hellip;]\" \/>\n<meta property=\"og:url\" content=\"https:\/\/blogg.svenskakyrkan.se\/vandravagen\/2013\/07\/26\/sa-lange-jag-lever-en-sang-om-att-bygga-hus-pa-klippan\/\" \/>\n<meta property=\"og:site_name\" content=\"Vandra V\u00e4gen\" \/>\n<meta property=\"article:publisher\" content=\"http:\/\/facebook.com\/vandravagen\" \/>\n<meta property=\"article:published_time\" content=\"2013-07-26T16:00:00+00:00\" \/>\n<meta name=\"author\" content=\"Tomas Jarvid\" \/>\n<meta name=\"twitter:card\" content=\"summary_large_image\" \/>\n<meta name=\"twitter:creator\" content=\"@fadertomas\" \/>\n<meta name=\"twitter:site\" content=\"@fadertomas\" \/>\n<meta name=\"twitter:label1\" content=\"Skriven av\" \/>\n\t<meta name=\"twitter:data1\" content=\"Tomas Jarvid\" \/>\n\t<meta name=\"twitter:label2\" content=\"Ber\u00e4knad l\u00e4stid\" \/>\n\t<meta name=\"twitter:data2\" content=\"1 minut\" \/>\n<script type=\"application\/ld+json\" class=\"yoast-schema-graph\">{\"@context\":\"https:\/\/schema.org\",\"@graph\":[{\"@type\":\"Article\",\"@id\":\"https:\/\/blogg.svenskakyrkan.se\/vandravagen\/2013\/07\/26\/sa-lange-jag-lever-en-sang-om-att-bygga-hus-pa-klippan\/#article\",\"isPartOf\":{\"@id\":\"https:\/\/blogg.svenskakyrkan.se\/vandravagen\/2013\/07\/26\/sa-lange-jag-lever-en-sang-om-att-bygga-hus-pa-klippan\/\"},\"author\":{\"name\":\"Tomas Jarvid\",\"@id\":\"https:\/\/blogg.svenskakyrkan.se\/vandravagen\/#\/schema\/person\/25da02d4f76b137d04291711e2c9fc16\"},\"headline\":\"S\u00e5 l\u00e4nge jag lever, en s\u00e5ng om att bygga hus p\u00e5 klippan\",\"datePublished\":\"2013-07-26T16:00:00+00:00\",\"mainEntityOfPage\":{\"@id\":\"https:\/\/blogg.svenskakyrkan.se\/vandravagen\/2013\/07\/26\/sa-lange-jag-lever-en-sang-om-att-bygga-hus-pa-klippan\/\"},\"wordCount\":280,\"commentCount\":0,\"publisher\":{\"@id\":\"https:\/\/blogg.svenskakyrkan.se\/vandravagen\/#organization\"},\"articleSection\":[\"kyrko\u00e5ret\",\"video\"],\"inLanguage\":\"sv-SE\",\"potentialAction\":[{\"@type\":\"CommentAction\",\"name\":\"Comment\",\"target\":[\"https:\/\/blogg.svenskakyrkan.se\/vandravagen\/2013\/07\/26\/sa-lange-jag-lever-en-sang-om-att-bygga-hus-pa-klippan\/#respond\"]}]},{\"@type\":\"WebPage\",\"@id\":\"https:\/\/blogg.svenskakyrkan.se\/vandravagen\/2013\/07\/26\/sa-lange-jag-lever-en-sang-om-att-bygga-hus-pa-klippan\/\",\"url\":\"https:\/\/blogg.svenskakyrkan.se\/vandravagen\/2013\/07\/26\/sa-lange-jag-lever-en-sang-om-att-bygga-hus-pa-klippan\/\",\"name\":\"S\u00e5 l\u00e4nge jag lever, en s\u00e5ng om att bygga hus p\u00e5 klippan - Vandra V\u00e4gen\",\"isPartOf\":{\"@id\":\"https:\/\/blogg.svenskakyrkan.se\/vandravagen\/#website\"},\"datePublished\":\"2013-07-26T16:00:00+00:00\",\"breadcrumb\":{\"@id\":\"https:\/\/blogg.svenskakyrkan.se\/vandravagen\/2013\/07\/26\/sa-lange-jag-lever-en-sang-om-att-bygga-hus-pa-klippan\/#breadcrumb\"},\"inLanguage\":\"sv-SE\",\"potentialAction\":[{\"@type\":\"ReadAction\",\"target\":[\"https:\/\/blogg.svenskakyrkan.se\/vandravagen\/2013\/07\/26\/sa-lange-jag-lever-en-sang-om-att-bygga-hus-pa-klippan\/\"]}]},{\"@type\":\"BreadcrumbList\",\"@id\":\"https:\/\/blogg.svenskakyrkan.se\/vandravagen\/2013\/07\/26\/sa-lange-jag-lever-en-sang-om-att-bygga-hus-pa-klippan\/#breadcrumb\",\"itemListElement\":[{\"@type\":\"ListItem\",\"position\":1,\"name\":\"Hem\",\"item\":\"https:\/\/blogg.svenskakyrkan.se\/vandravagen\/\"},{\"@type\":\"ListItem\",\"position\":2,\"name\":\"S\u00e5 l\u00e4nge jag lever, en s\u00e5ng om att bygga hus p\u00e5 klippan\"}]},{\"@type\":\"WebSite\",\"@id\":\"https:\/\/blogg.svenskakyrkan.se\/vandravagen\/#website\",\"url\":\"https:\/\/blogg.svenskakyrkan.se\/vandravagen\/\",\"name\":\"Vandra V\u00e4gen\",\"description\":\"-Mot en tro f\u00f6r hela livet\",\"publisher\":{\"@id\":\"https:\/\/blogg.svenskakyrkan.se\/vandravagen\/#organization\"},\"potentialAction\":[{\"@type\":\"SearchAction\",\"target\":{\"@type\":\"EntryPoint\",\"urlTemplate\":\"https:\/\/blogg.svenskakyrkan.se\/vandravagen\/?s={search_term_string}\"},\"query-input\":{\"@type\":\"PropertyValueSpecification\",\"valueRequired\":true,\"valueName\":\"search_term_string\"}}],\"inLanguage\":\"sv-SE\"},{\"@type\":\"Organization\",\"@id\":\"https:\/\/blogg.svenskakyrkan.se\/vandravagen\/#organization\",\"name\":\"ulricehamns pastorat\",\"alternateName\":\"ulricehamns pastorat\",\"url\":\"https:\/\/blogg.svenskakyrkan.se\/vandravagen\/\",\"logo\":{\"@type\":\"ImageObject\",\"inLanguage\":\"sv-SE\",\"@id\":\"https:\/\/blogg.svenskakyrkan.se\/vandravagen\/#\/schema\/logo\/image\/\",\"url\":\"https:\/\/blogg.svenskakyrkan.se\/vandravagen\/files\/2023\/05\/Ulr_logo_RGB.png\",\"contentUrl\":\"https:\/\/blogg.svenskakyrkan.se\/vandravagen\/files\/2023\/05\/Ulr_logo_RGB.png\",\"width\":205,\"height\":77,\"caption\":\"ulricehamns pastorat\"},\"image\":{\"@id\":\"https:\/\/blogg.svenskakyrkan.se\/vandravagen\/#\/schema\/logo\/image\/\"},\"sameAs\":[\"http:\/\/facebook.com\/vandravagen\",\"https:\/\/x.com\/fadertomas\",\"http:\/\/www.facebook.com\/svenskakyrkaniulricehamn\"]},{\"@type\":\"Person\",\"@id\":\"https:\/\/blogg.svenskakyrkan.se\/vandravagen\/#\/schema\/person\/25da02d4f76b137d04291711e2c9fc16\",\"name\":\"Tomas Jarvid\",\"image\":{\"@type\":\"ImageObject\",\"inLanguage\":\"sv-SE\",\"@id\":\"https:\/\/blogg.svenskakyrkan.se\/vandravagen\/#\/schema\/person\/image\/\",\"url\":\"https:\/\/secure.gravatar.com\/avatar\/7fa71899795e8f540f615a1f5ab25255dc27aa40f05ee7ddd21aac521e01bf50?s=96&d=identicon&r=g\",\"contentUrl\":\"https:\/\/secure.gravatar.com\/avatar\/7fa71899795e8f540f615a1f5ab25255dc27aa40f05ee7ddd21aac521e01bf50?s=96&d=identicon&r=g\",\"caption\":\"Tomas Jarvid\"},\"description\":\"Jag bor i Ulricehamn i V\u00e4sterg\u00f6tland och \u00e4r f\u00f6rsamlingspr\u00e4st i Svenska Kyrkan f\u00f6r Dalstorps f\u00f6rsamling i Kinds pastorat. P\u00e5 den h\u00e4r bloggen skriver jag ner tankar om vandringen som kristen.\",\"sameAs\":[\"http:\/\/www.vandravagen.se\"],\"url\":\"https:\/\/blogg.svenskakyrkan.se\/vandravagen\/author\/vandravagen\/\"}]}<\/script>\n<!-- \/ Yoast SEO plugin. -->","yoast_head_json":{"title":"S\u00e5 l\u00e4nge jag lever, en s\u00e5ng om att bygga hus p\u00e5 klippan - Vandra V\u00e4gen","robots":{"index":"index","follow":"follow","max-snippet":"max-snippet:-1","max-image-preview":"max-image-preview:large","max-video-preview":"max-video-preview:-1"},"canonical":"https:\/\/blogg.svenskakyrkan.se\/vandravagen\/2013\/07\/26\/sa-lange-jag-lever-en-sang-om-att-bygga-hus-pa-klippan\/","og_locale":"sv_SE","og_type":"article","og_title":"S\u00e5 l\u00e4nge jag lever, en s\u00e5ng om att bygga hus p\u00e5 klippan - Vandra V\u00e4gen","og_description":"F\u00f6rra s\u00f6ndagen (8e efter trefaldighet) hade temat &#8221;andlig klarsyn&#8221; i svenska Kyrkans kyrko\u00e5r. Andlig klarsyn l\u00e5ter kanske knepigt men det handlar nog om ganska grundl\u00e4ggande saker; f\u00f6rm\u00e5ga att urskilja vad som \u00e4r viktigt och vad som inte \u00e4r viktigt i livet och ordna sitt liv utefter det.\u00a0 I texterna handlade det mycket om att bygga [&hellip;]","og_url":"https:\/\/blogg.svenskakyrkan.se\/vandravagen\/2013\/07\/26\/sa-lange-jag-lever-en-sang-om-att-bygga-hus-pa-klippan\/","og_site_name":"Vandra V\u00e4gen","article_publisher":"http:\/\/facebook.com\/vandravagen","article_published_time":"2013-07-26T16:00:00+00:00","author":"Tomas Jarvid","twitter_card":"summary_large_image","twitter_creator":"@fadertomas","twitter_site":"@fadertomas","twitter_misc":{"Skriven av":"Tomas Jarvid","Ber\u00e4knad l\u00e4stid":"1 minut"},"schema":{"@context":"https:\/\/schema.org","@graph":[{"@type":"Article","@id":"https:\/\/blogg.svenskakyrkan.se\/vandravagen\/2013\/07\/26\/sa-lange-jag-lever-en-sang-om-att-bygga-hus-pa-klippan\/#article","isPartOf":{"@id":"https:\/\/blogg.svenskakyrkan.se\/vandravagen\/2013\/07\/26\/sa-lange-jag-lever-en-sang-om-att-bygga-hus-pa-klippan\/"},"author":{"name":"Tomas Jarvid","@id":"https:\/\/blogg.svenskakyrkan.se\/vandravagen\/#\/schema\/person\/25da02d4f76b137d04291711e2c9fc16"},"headline":"S\u00e5 l\u00e4nge jag lever, en s\u00e5ng om att bygga hus p\u00e5 klippan","datePublished":"2013-07-26T16:00:00+00:00","mainEntityOfPage":{"@id":"https:\/\/blogg.svenskakyrkan.se\/vandravagen\/2013\/07\/26\/sa-lange-jag-lever-en-sang-om-att-bygga-hus-pa-klippan\/"},"wordCount":280,"commentCount":0,"publisher":{"@id":"https:\/\/blogg.svenskakyrkan.se\/vandravagen\/#organization"},"articleSection":["kyrko\u00e5ret","video"],"inLanguage":"sv-SE","potentialAction":[{"@type":"CommentAction","name":"Comment","target":["https:\/\/blogg.svenskakyrkan.se\/vandravagen\/2013\/07\/26\/sa-lange-jag-lever-en-sang-om-att-bygga-hus-pa-klippan\/#respond"]}]},{"@type":"WebPage","@id":"https:\/\/blogg.svenskakyrkan.se\/vandravagen\/2013\/07\/26\/sa-lange-jag-lever-en-sang-om-att-bygga-hus-pa-klippan\/","url":"https:\/\/blogg.svenskakyrkan.se\/vandravagen\/2013\/07\/26\/sa-lange-jag-lever-en-sang-om-att-bygga-hus-pa-klippan\/","name":"S\u00e5 l\u00e4nge jag lever, en s\u00e5ng om att bygga hus p\u00e5 klippan - Vandra V\u00e4gen","isPartOf":{"@id":"https:\/\/blogg.svenskakyrkan.se\/vandravagen\/#website"},"datePublished":"2013-07-26T16:00:00+00:00","breadcrumb":{"@id":"https:\/\/blogg.svenskakyrkan.se\/vandravagen\/2013\/07\/26\/sa-lange-jag-lever-en-sang-om-att-bygga-hus-pa-klippan\/#breadcrumb"},"inLanguage":"sv-SE","potentialAction":[{"@type":"ReadAction","target":["https:\/\/blogg.svenskakyrkan.se\/vandravagen\/2013\/07\/26\/sa-lange-jag-lever-en-sang-om-att-bygga-hus-pa-klippan\/"]}]},{"@type":"BreadcrumbList","@id":"https:\/\/blogg.svenskakyrkan.se\/vandravagen\/2013\/07\/26\/sa-lange-jag-lever-en-sang-om-att-bygga-hus-pa-klippan\/#breadcrumb","itemListElement":[{"@type":"ListItem","position":1,"name":"Hem","item":"https:\/\/blogg.svenskakyrkan.se\/vandravagen\/"},{"@type":"ListItem","position":2,"name":"S\u00e5 l\u00e4nge jag lever, en s\u00e5ng om att bygga hus p\u00e5 klippan"}]},{"@type":"WebSite","@id":"https:\/\/blogg.svenskakyrkan.se\/vandravagen\/#website","url":"https:\/\/blogg.svenskakyrkan.se\/vandravagen\/","name":"Vandra V\u00e4gen","description":"-Mot en tro f\u00f6r hela livet","publisher":{"@id":"https:\/\/blogg.svenskakyrkan.se\/vandravagen\/#organization"},"potentialAction":[{"@type":"SearchAction","target":{"@type":"EntryPoint","urlTemplate":"https:\/\/blogg.svenskakyrkan.se\/vandravagen\/?s={search_term_string}"},"query-input":{"@type":"PropertyValueSpecification","valueRequired":true,"valueName":"search_term_string"}}],"inLanguage":"sv-SE"},{"@type":"Organization","@id":"https:\/\/blogg.svenskakyrkan.se\/vandravagen\/#organization","name":"ulricehamns pastorat","alternateName":"ulricehamns pastorat","url":"https:\/\/blogg.svenskakyrkan.se\/vandravagen\/","logo":{"@type":"ImageObject","inLanguage":"sv-SE","@id":"https:\/\/blogg.svenskakyrkan.se\/vandravagen\/#\/schema\/logo\/image\/","url":"https:\/\/blogg.svenskakyrkan.se\/vandravagen\/files\/2023\/05\/Ulr_logo_RGB.png","contentUrl":"https:\/\/blogg.svenskakyrkan.se\/vandravagen\/files\/2023\/05\/Ulr_logo_RGB.png","width":205,"height":77,"caption":"ulricehamns pastorat"},"image":{"@id":"https:\/\/blogg.svenskakyrkan.se\/vandravagen\/#\/schema\/logo\/image\/"},"sameAs":["http:\/\/facebook.com\/vandravagen","https:\/\/x.com\/fadertomas","http:\/\/www.facebook.com\/svenskakyrkaniulricehamn"]},{"@type":"Person","@id":"https:\/\/blogg.svenskakyrkan.se\/vandravagen\/#\/schema\/person\/25da02d4f76b137d04291711e2c9fc16","name":"Tomas Jarvid","image":{"@type":"ImageObject","inLanguage":"sv-SE","@id":"https:\/\/blogg.svenskakyrkan.se\/vandravagen\/#\/schema\/person\/image\/","url":"https:\/\/secure.gravatar.com\/avatar\/7fa71899795e8f540f615a1f5ab25255dc27aa40f05ee7ddd21aac521e01bf50?s=96&d=identicon&r=g","contentUrl":"https:\/\/secure.gravatar.com\/avatar\/7fa71899795e8f540f615a1f5ab25255dc27aa40f05ee7ddd21aac521e01bf50?s=96&d=identicon&r=g","caption":"Tomas Jarvid"},"description":"Jag bor i Ulricehamn i V\u00e4sterg\u00f6tland och \u00e4r f\u00f6rsamlingspr\u00e4st i Svenska Kyrkan f\u00f6r Dalstorps f\u00f6rsamling i Kinds pastorat. P\u00e5 den h\u00e4r bloggen skriver jag ner tankar om vandringen som kristen.","sameAs":["http:\/\/www.vandravagen.se"],"url":"https:\/\/blogg.svenskakyrkan.se\/vandravagen\/author\/vandravagen\/"}]}},"author_meta":{"ID":"392","user_nicename":"vandravagen","user_url":"http:\/\/www.vandravagen.se","user_registered":"2014-05-19 05:44:52","display_name":"Tomas Jarvid","first_name":"Tomas","last_name":"Jarvid","avatar":"https:\/\/secure.gravatar.com\/avatar\/7fa71899795e8f540f615a1f5ab25255dc27aa40f05ee7ddd21aac521e01bf50?s=96&d=identicon&r=g"},"featured_image":false,"bloginfo":{"name":"Vandra V\u00e4gen","url":"https:\/\/blogg.svenskakyrkan.se\/vandravagen"},"_links":{"self":[{"href":"https:\/\/blogg.svenskakyrkan.se\/vandravagen\/wp-json\/wp\/v2\/posts\/438","targetHints":{"allow":["GET"]}}],"collection":[{"href":"https:\/\/blogg.svenskakyrkan.se\/vandravagen\/wp-json\/wp\/v2\/posts"}],"about":[{"href":"https:\/\/blogg.svenskakyrkan.se\/vandravagen\/wp-json\/wp\/v2\/types\/post"}],"author":[{"embeddable":true,"href":"https:\/\/blogg.svenskakyrkan.se\/vandravagen\/wp-json\/wp\/v2\/users\/392"}],"replies":[{"embeddable":true,"href":"https:\/\/blogg.svenskakyrkan.se\/vandravagen\/wp-json\/wp\/v2\/comments?post=438"}],"version-history":[{"count":0,"href":"https:\/\/blogg.svenskakyrkan.se\/vandravagen\/wp-json\/wp\/v2\/posts\/438\/revisions"}],"wp:attachment":[{"href":"https:\/\/blogg.svenskakyrkan.se\/vandravagen\/wp-json\/wp\/v2\/media?parent=438"}],"wp:term":[{"taxonomy":"category","embeddable":true,"href":"https:\/\/blogg.svenskakyrkan.se\/vandravagen\/wp-json\/wp\/v2\/categories?post=438"},{"taxonomy":"post_tag","embeddable":true,"href":"https:\/\/blogg.svenskakyrkan.se\/vandravagen\/wp-json\/wp\/v2\/tags?post=438"}],"curies":[{"name":"wp","href":"https:\/\/api.w.org\/{rel}","templated":true}]}}