{"id":4387,"date":"2016-03-04T07:00:40","date_gmt":"2016-03-04T06:00:40","guid":{"rendered":"http:\/\/blogg.svenskakyrkan.se\/vandravagen\/?p=4387"},"modified":"2016-03-08T10:58:37","modified_gmt":"2016-03-08T09:58:37","slug":"marta-gastbloggar-om-att-sluta-dricka","status":"publish","type":"post","link":"https:\/\/blogg.svenskakyrkan.se\/vandravagen\/2016\/03\/04\/marta-gastbloggar-om-att-sluta-dricka\/","title":{"rendered":"Marta g\u00e4stbloggar om att sluta dricka"},"content":{"rendered":"<div id=\"attachment_4388\" style=\"width: 594px\" class=\"wp-caption aligncenter\"><a href=\"http:\/\/blogg.svenskakyrkan.se\/vandravagen\/files\/2016\/03\/IMG_7580.jpg\"><img loading=\"lazy\" decoding=\"async\" aria-describedby=\"caption-attachment-4388\" class=\"size-large wp-image-4388\" src=\"http:\/\/blogg.svenskakyrkan.se\/vandravagen\/files\/2016\/03\/IMG_7580-1024x1024.jpg\" alt=\"Heligt vin?\" width=\"584\" height=\"584\" srcset=\"https:\/\/blogg.svenskakyrkan.se\/vandravagen\/files\/2016\/03\/IMG_7580.jpg 1024w, https:\/\/blogg.svenskakyrkan.se\/vandravagen\/files\/2016\/03\/IMG_7580-150x150.jpg 150w, https:\/\/blogg.svenskakyrkan.se\/vandravagen\/files\/2016\/03\/IMG_7580-300x300.jpg 300w\" sizes=\"auto, (max-width: 584px) 100vw, 584px\" \/><\/a><p id=\"caption-attachment-4388\" class=\"wp-caption-text\">Heligt vin?<\/p><\/div>\n<p>Idag har jag gl\u00e4djen att presentera en ny g\u00e4stbloggare p\u00e5 Vandra V\u00e4gen. Det \u00e4r en v\u00e4n till mig, Marta Gustavsson, som f\u00e5r ordet idag f\u00f6r att skriva om varf\u00f6r hon slutat dricka alkohol. Det vore intressant att l\u00e4sa era reaktioner p\u00e5 det hon skriver s\u00e5 kommentera g\u00e4rna. Nu f\u00e5r Marta ordet.<\/p>\n<p><strong>\u201dDet h\u00e4r vill jag inte vara del av!\u201d<\/strong><\/p>\n<p>Den tanken slog mig som en blixt, f\u00f6r nu ca: 3 \u00e5r sedan. Det handlade om alkohol. Alkohol som jag sedan sena ton\u00e5r flera g\u00e5nger f\u00f6rknippat med firande, med lyx, med fest, med att fr\u00e5ng\u00e5 det tr\u00e5kiga. Jag hade inget emot nykterister, men jag hade ibland lite sv\u00e5rt att bem\u00f6ta dem eftersom jag sj\u00e4lv ville vara obekymrad i mitt drickande.<\/p>\n<p>Jag har haft ett obekymrat drickande. Jag b\u00f6rjade ganska sent. Jag \u00e4r inte alkoholist och min personlighet n\u00e4r jag dricker \u00e4r om \u00e4n lite korkad aldrig v\u00e5ldsam eller destruktiv. Jag drack kanske n\u00e5gon g\u00e5ng i veckan eller mer s\u00e4llan \u00e4n s\u00e5, aldrig\u00a0dagtid och s\u00e4llan stora m\u00e4ngder.<\/p>\n<p>F\u00f6r mig var det m\u00f6tet med andras f\u00f6rh\u00e5llande till alkohol som gjorde mig till nykterist. Men jag vill inte \u00e4gna detta inl\u00e4gg \u00e5t att ber\u00e4tta andra personers ber\u00e4ttelse. Jag vill ber\u00e4tta min, och om de tankar som fick mig att \u00e4ndra mig.<\/p>\n<p>F\u00f6r mig var det nog principen om \u201dkroppen och lemmarna\u201d som stod i centrum, n\u00e4r jag b\u00f6rjade formulera min nya nykterism. Kunde jag verkligen friskriva mig fr\u00e5n den sm\u00e4rta som finns i familjer som ber\u00f6rs av alkoholism, eller fr\u00e5n det som driver den som dricker? Jag som sj\u00e4lv romantiserat och kanske till och med hetsat runt alkohol, i f\u00f6rs\u00f6k att skapa festlig st\u00e4mning eller skapa n\u00e5gon slags sp\u00e4nning, fick ocks\u00e5 b\u00f6rja fundera p\u00e5 vad som kunde vara en rimlig botg\u00f6ring. Ett f\u00f6rsta steg, s\u00e5 t\u00e4nkte jag, var i alla fall att sluta dricka.<\/p>\n<p>Min nykterhet \u00e4r ganska annorlunda fr\u00e5n nykterheten hos en som har en beroendesjukdom. Det \u00e4r ganska l\u00e4tt f\u00f6r en ickeberoende att h\u00e5lla sig nykter, det \u00e4r desto sv\u00e5rare f\u00f6r den som \u00e4r beroende. Min nykterhet \u00e4r alltid sj\u00e4lvvald, inte n\u00f6dv\u00e4ndig, och steget fr\u00e5n skulle vara ganska odramatiskt. Samtidigt \u00e4r fr\u00e5nstegen antagligen vanligare hos den beroende \u2013 m\u00e5nga tar ju \u00e5terfall kanske till och med flera g\u00e5nger. Ibland har jag faktiskt druckit lite f\u00f6r att hj\u00e4lpa en beroende att slippa, till exempel genom att byta glas. Det viktiga f\u00f6r mig har varit att bryta med alkoholromantiken, snarare \u00e4n med procenthalten.<\/p>\n<p>En fr\u00e5ga som uppst\u00e5r i det som jag tycker \u00e4r intressant \u00e4r den om skam. \u00c4r det s\u00e5 att en nykterist f\u00f6rsv\u00e5rar f\u00f6r den nyktra alkoholisten, genom att skapa en duktighetsnorm? Kanske f\u00f6rsv\u00e5rar ocks\u00e5 nykteristen alkoholistens m\u00f6jlighet att g\u00f6mma sig med sina \u00e5terfall, som jag t\u00e4nker har en ganska privat karakt\u00e4r.<\/p>\n<p>Det \u00e4r en fallgrop, men en v\u00e4rre s\u00e5dan tror jag \u00e4r normen runt \u201dnormalt\u201d drickande. Allts\u00e5 id\u00e9n som vi uppr\u00e4tth\u00e5ller av en bekymmersl\u00f6s och ansvarstagande (f\u00f6r vem d\u00e5?) alkoholkonsumtion som \u00e4r oerh\u00f6rt skild fr\u00e5n den problematiska alkoholkonsumtionen. Tyv\u00e4rr kopplas detta ofta till klass \u2013 ordnade m\u00e4nniskor i ordnade f\u00f6rh\u00e5llanden tros ha ordning p\u00e5 sitt drickande och distanserar sig genom det b\u00e5de fr\u00e5n fattigdomen och fr\u00e5n alkoholismen.<a href=\"#_ftn1\" name=\"_ftnref1\">[1]<\/a><\/p>\n<p>Det kan vi s\u00e5 klart inte g\u00e5 med p\u00e5 som kyrka och det g\u00f6r mig oerh\u00f6rt uppr\u00f6rd n\u00e4r det i kyrkans sammanhang romantiseras runt alkohol. Det om\u00f6jligg\u00f6r ett tryggt delande av ber\u00e4ttelser och erfarenheter och st\u00e4nger ute eller delar upp m\u00e4nniskor.<\/p>\n<p>Och det t\u00e4nker jag ocks\u00e5, \u00e4r l\u00f6sningen p\u00e5 fr\u00e5gan om skam och duktighetsnorm. Allts\u00e5, om kyrkan \u00e4r den goda platsen f\u00f6r delande av ber\u00e4ttelser, ocks\u00e5 de sv\u00e5ra, s\u00e5 b\u00f6r det vara tydligt att ocks\u00e5 vi som inte har beroendesjukdomar knappast kan s\u00e4gas vara moraliskt h\u00f6gst\u00e5ende j\u00e4mte v\u00e5ra beroende systrar och br\u00f6der. Kyrkan borde inte vara intresserad av att reproducera skam. Ist\u00e4llet borde vi leva i f\u00f6rl\u00e5telse, bek\u00e4nna all synd och skuld och betrakta varandras ber\u00e4ttelser, ocks\u00e5 de sv\u00e5raste, som v\u00e4lsignelser f\u00f6r gemenskapen.<\/p>\n<p>Jag tror ocks\u00e5, att den dagen som en m\u00e4nniska vill bryta med sitt beroende, \u00e4r den mer hj\u00e4lpt av en trygg och nykter gemenskap, \u00e4n av fler ber\u00e4ttelser om ett oproblematiskt drickande.<\/p>\n<p>&nbsp;<\/p>\n<p><a href=\"#_ftnref1\" name=\"_ftn1\">[1]<\/a> L\u00e4sv\u00e4rt: <a href=\"http:\/\/www.cafe.se\/till-botten-med-spriten\/\">http:\/\/www.cafe.se\/till-botten-med-spriten\/<\/a><\/p>\n","protected":false},"excerpt":{"rendered":"<p>Idag har jag gl\u00e4djen att presentera en ny g\u00e4stbloggare p\u00e5 Vandra V\u00e4gen. Det \u00e4r en v\u00e4n till mig, Marta Gustavsson, som f\u00e5r ordet idag f\u00f6r att skriva om varf\u00f6r hon slutat dricka alkohol. Det vore intressant att l\u00e4sa era reaktioner p\u00e5 det hon skriver s\u00e5 kommentera g\u00e4rna. Nu f\u00e5r Marta ordet. \u201dDet h\u00e4r vill jag [&hellip;]<\/p>\n","protected":false},"author":392,"featured_media":0,"comment_status":"open","ping_status":"open","sticky":false,"template":"","format":"standard","meta":{"_acf_changed":false,"footnotes":""},"categories":[17359,77554],"tags":[],"class_list":["post-4387","post","type-post","status-publish","format-standard","hentry","category-gastbloggare","category-vara-manniska"],"acf":[],"yoast_head":"<!-- This site is optimized with the Yoast SEO plugin v27.1.1 - https:\/\/yoast.com\/product\/yoast-seo-wordpress\/ -->\n<title>Marta g\u00e4stbloggar om att sluta dricka - Vandra V\u00e4gen<\/title>\n<meta name=\"robots\" content=\"index, follow, max-snippet:-1, max-image-preview:large, max-video-preview:-1\" \/>\n<link rel=\"canonical\" href=\"https:\/\/blogg.svenskakyrkan.se\/vandravagen\/2016\/03\/04\/marta-gastbloggar-om-att-sluta-dricka\/\" \/>\n<meta property=\"og:locale\" content=\"sv_SE\" \/>\n<meta property=\"og:type\" content=\"article\" \/>\n<meta property=\"og:title\" content=\"Marta g\u00e4stbloggar om att sluta dricka - Vandra V\u00e4gen\" \/>\n<meta property=\"og:description\" content=\"Idag har jag gl\u00e4djen att presentera en ny g\u00e4stbloggare p\u00e5 Vandra V\u00e4gen. Det \u00e4r en v\u00e4n till mig, Marta Gustavsson, som f\u00e5r ordet idag f\u00f6r att skriva om varf\u00f6r hon slutat dricka alkohol. Det vore intressant att l\u00e4sa era reaktioner p\u00e5 det hon skriver s\u00e5 kommentera g\u00e4rna. Nu f\u00e5r Marta ordet. \u201dDet h\u00e4r vill jag [&hellip;]\" \/>\n<meta property=\"og:url\" content=\"https:\/\/blogg.svenskakyrkan.se\/vandravagen\/2016\/03\/04\/marta-gastbloggar-om-att-sluta-dricka\/\" \/>\n<meta property=\"og:site_name\" content=\"Vandra V\u00e4gen\" \/>\n<meta property=\"article:publisher\" content=\"http:\/\/facebook.com\/vandravagen\" \/>\n<meta property=\"article:published_time\" content=\"2016-03-04T06:00:40+00:00\" \/>\n<meta property=\"article:modified_time\" content=\"2016-03-08T09:58:37+00:00\" \/>\n<meta property=\"og:image\" content=\"http:\/\/blogg.svenskakyrkan.se\/vandravagen\/files\/2016\/03\/IMG_7580-1024x1024.jpg\" \/>\n<meta name=\"author\" content=\"Tomas Jarvid\" \/>\n<meta name=\"twitter:card\" content=\"summary_large_image\" \/>\n<meta name=\"twitter:creator\" content=\"@fadertomas\" \/>\n<meta name=\"twitter:site\" content=\"@fadertomas\" \/>\n<meta name=\"twitter:label1\" content=\"Skriven av\" \/>\n\t<meta name=\"twitter:data1\" content=\"Tomas Jarvid\" \/>\n\t<meta name=\"twitter:label2\" content=\"Ber\u00e4knad l\u00e4stid\" \/>\n\t<meta name=\"twitter:data2\" content=\"4 minuter\" \/>\n<script type=\"application\/ld+json\" class=\"yoast-schema-graph\">{\"@context\":\"https:\/\/schema.org\",\"@graph\":[{\"@type\":\"Article\",\"@id\":\"https:\/\/blogg.svenskakyrkan.se\/vandravagen\/2016\/03\/04\/marta-gastbloggar-om-att-sluta-dricka\/#article\",\"isPartOf\":{\"@id\":\"https:\/\/blogg.svenskakyrkan.se\/vandravagen\/2016\/03\/04\/marta-gastbloggar-om-att-sluta-dricka\/\"},\"author\":{\"name\":\"Tomas Jarvid\",\"@id\":\"https:\/\/blogg.svenskakyrkan.se\/vandravagen\/#\/schema\/person\/25da02d4f76b137d04291711e2c9fc16\"},\"headline\":\"Marta g\u00e4stbloggar om att sluta dricka\",\"datePublished\":\"2016-03-04T06:00:40+00:00\",\"dateModified\":\"2016-03-08T09:58:37+00:00\",\"mainEntityOfPage\":{\"@id\":\"https:\/\/blogg.svenskakyrkan.se\/vandravagen\/2016\/03\/04\/marta-gastbloggar-om-att-sluta-dricka\/\"},\"wordCount\":823,\"commentCount\":3,\"publisher\":{\"@id\":\"https:\/\/blogg.svenskakyrkan.se\/vandravagen\/#organization\"},\"image\":{\"@id\":\"https:\/\/blogg.svenskakyrkan.se\/vandravagen\/2016\/03\/04\/marta-gastbloggar-om-att-sluta-dricka\/#primaryimage\"},\"thumbnailUrl\":\"http:\/\/blogg.svenskakyrkan.se\/vandravagen\/files\/2016\/03\/IMG_7580-1024x1024.jpg\",\"articleSection\":[\"g\u00e4stbloggare\",\"vara m\u00e4nniska\"],\"inLanguage\":\"sv-SE\",\"potentialAction\":[{\"@type\":\"CommentAction\",\"name\":\"Comment\",\"target\":[\"https:\/\/blogg.svenskakyrkan.se\/vandravagen\/2016\/03\/04\/marta-gastbloggar-om-att-sluta-dricka\/#respond\"]}]},{\"@type\":\"WebPage\",\"@id\":\"https:\/\/blogg.svenskakyrkan.se\/vandravagen\/2016\/03\/04\/marta-gastbloggar-om-att-sluta-dricka\/\",\"url\":\"https:\/\/blogg.svenskakyrkan.se\/vandravagen\/2016\/03\/04\/marta-gastbloggar-om-att-sluta-dricka\/\",\"name\":\"Marta g\u00e4stbloggar om att sluta dricka - Vandra V\u00e4gen\",\"isPartOf\":{\"@id\":\"https:\/\/blogg.svenskakyrkan.se\/vandravagen\/#website\"},\"primaryImageOfPage\":{\"@id\":\"https:\/\/blogg.svenskakyrkan.se\/vandravagen\/2016\/03\/04\/marta-gastbloggar-om-att-sluta-dricka\/#primaryimage\"},\"image\":{\"@id\":\"https:\/\/blogg.svenskakyrkan.se\/vandravagen\/2016\/03\/04\/marta-gastbloggar-om-att-sluta-dricka\/#primaryimage\"},\"thumbnailUrl\":\"http:\/\/blogg.svenskakyrkan.se\/vandravagen\/files\/2016\/03\/IMG_7580-1024x1024.jpg\",\"datePublished\":\"2016-03-04T06:00:40+00:00\",\"dateModified\":\"2016-03-08T09:58:37+00:00\",\"breadcrumb\":{\"@id\":\"https:\/\/blogg.svenskakyrkan.se\/vandravagen\/2016\/03\/04\/marta-gastbloggar-om-att-sluta-dricka\/#breadcrumb\"},\"inLanguage\":\"sv-SE\",\"potentialAction\":[{\"@type\":\"ReadAction\",\"target\":[\"https:\/\/blogg.svenskakyrkan.se\/vandravagen\/2016\/03\/04\/marta-gastbloggar-om-att-sluta-dricka\/\"]}]},{\"@type\":\"ImageObject\",\"inLanguage\":\"sv-SE\",\"@id\":\"https:\/\/blogg.svenskakyrkan.se\/vandravagen\/2016\/03\/04\/marta-gastbloggar-om-att-sluta-dricka\/#primaryimage\",\"url\":\"http:\/\/blogg.svenskakyrkan.se\/vandravagen\/files\/2016\/03\/IMG_7580-1024x1024.jpg\",\"contentUrl\":\"http:\/\/blogg.svenskakyrkan.se\/vandravagen\/files\/2016\/03\/IMG_7580-1024x1024.jpg\"},{\"@type\":\"BreadcrumbList\",\"@id\":\"https:\/\/blogg.svenskakyrkan.se\/vandravagen\/2016\/03\/04\/marta-gastbloggar-om-att-sluta-dricka\/#breadcrumb\",\"itemListElement\":[{\"@type\":\"ListItem\",\"position\":1,\"name\":\"Hem\",\"item\":\"https:\/\/blogg.svenskakyrkan.se\/vandravagen\/\"},{\"@type\":\"ListItem\",\"position\":2,\"name\":\"Marta g\u00e4stbloggar om att sluta dricka\"}]},{\"@type\":\"WebSite\",\"@id\":\"https:\/\/blogg.svenskakyrkan.se\/vandravagen\/#website\",\"url\":\"https:\/\/blogg.svenskakyrkan.se\/vandravagen\/\",\"name\":\"Vandra V\u00e4gen\",\"description\":\"-Mot en tro f\u00f6r hela livet\",\"publisher\":{\"@id\":\"https:\/\/blogg.svenskakyrkan.se\/vandravagen\/#organization\"},\"potentialAction\":[{\"@type\":\"SearchAction\",\"target\":{\"@type\":\"EntryPoint\",\"urlTemplate\":\"https:\/\/blogg.svenskakyrkan.se\/vandravagen\/?s={search_term_string}\"},\"query-input\":{\"@type\":\"PropertyValueSpecification\",\"valueRequired\":true,\"valueName\":\"search_term_string\"}}],\"inLanguage\":\"sv-SE\"},{\"@type\":\"Organization\",\"@id\":\"https:\/\/blogg.svenskakyrkan.se\/vandravagen\/#organization\",\"name\":\"ulricehamns pastorat\",\"alternateName\":\"ulricehamns pastorat\",\"url\":\"https:\/\/blogg.svenskakyrkan.se\/vandravagen\/\",\"logo\":{\"@type\":\"ImageObject\",\"inLanguage\":\"sv-SE\",\"@id\":\"https:\/\/blogg.svenskakyrkan.se\/vandravagen\/#\/schema\/logo\/image\/\",\"url\":\"https:\/\/blogg.svenskakyrkan.se\/vandravagen\/files\/2023\/05\/Ulr_logo_RGB.png\",\"contentUrl\":\"https:\/\/blogg.svenskakyrkan.se\/vandravagen\/files\/2023\/05\/Ulr_logo_RGB.png\",\"width\":205,\"height\":77,\"caption\":\"ulricehamns pastorat\"},\"image\":{\"@id\":\"https:\/\/blogg.svenskakyrkan.se\/vandravagen\/#\/schema\/logo\/image\/\"},\"sameAs\":[\"http:\/\/facebook.com\/vandravagen\",\"https:\/\/x.com\/fadertomas\",\"http:\/\/www.facebook.com\/svenskakyrkaniulricehamn\"]},{\"@type\":\"Person\",\"@id\":\"https:\/\/blogg.svenskakyrkan.se\/vandravagen\/#\/schema\/person\/25da02d4f76b137d04291711e2c9fc16\",\"name\":\"Tomas Jarvid\",\"image\":{\"@type\":\"ImageObject\",\"inLanguage\":\"sv-SE\",\"@id\":\"https:\/\/blogg.svenskakyrkan.se\/vandravagen\/#\/schema\/person\/image\/\",\"url\":\"https:\/\/secure.gravatar.com\/avatar\/7fa71899795e8f540f615a1f5ab25255dc27aa40f05ee7ddd21aac521e01bf50?s=96&d=identicon&r=g\",\"contentUrl\":\"https:\/\/secure.gravatar.com\/avatar\/7fa71899795e8f540f615a1f5ab25255dc27aa40f05ee7ddd21aac521e01bf50?s=96&d=identicon&r=g\",\"caption\":\"Tomas Jarvid\"},\"description\":\"Jag bor i Ulricehamn i V\u00e4sterg\u00f6tland och \u00e4r f\u00f6rsamlingspr\u00e4st i Svenska Kyrkan f\u00f6r Dalstorps f\u00f6rsamling i Kinds pastorat. P\u00e5 den h\u00e4r bloggen skriver jag ner tankar om vandringen som kristen.\",\"sameAs\":[\"http:\/\/www.vandravagen.se\"],\"url\":\"https:\/\/blogg.svenskakyrkan.se\/vandravagen\/author\/vandravagen\/\"}]}<\/script>\n<!-- \/ Yoast SEO plugin. -->","yoast_head_json":{"title":"Marta g\u00e4stbloggar om att sluta dricka - Vandra V\u00e4gen","robots":{"index":"index","follow":"follow","max-snippet":"max-snippet:-1","max-image-preview":"max-image-preview:large","max-video-preview":"max-video-preview:-1"},"canonical":"https:\/\/blogg.svenskakyrkan.se\/vandravagen\/2016\/03\/04\/marta-gastbloggar-om-att-sluta-dricka\/","og_locale":"sv_SE","og_type":"article","og_title":"Marta g\u00e4stbloggar om att sluta dricka - Vandra V\u00e4gen","og_description":"Idag har jag gl\u00e4djen att presentera en ny g\u00e4stbloggare p\u00e5 Vandra V\u00e4gen. Det \u00e4r en v\u00e4n till mig, Marta Gustavsson, som f\u00e5r ordet idag f\u00f6r att skriva om varf\u00f6r hon slutat dricka alkohol. Det vore intressant att l\u00e4sa era reaktioner p\u00e5 det hon skriver s\u00e5 kommentera g\u00e4rna. Nu f\u00e5r Marta ordet. \u201dDet h\u00e4r vill jag [&hellip;]","og_url":"https:\/\/blogg.svenskakyrkan.se\/vandravagen\/2016\/03\/04\/marta-gastbloggar-om-att-sluta-dricka\/","og_site_name":"Vandra V\u00e4gen","article_publisher":"http:\/\/facebook.com\/vandravagen","article_published_time":"2016-03-04T06:00:40+00:00","article_modified_time":"2016-03-08T09:58:37+00:00","og_image":[{"url":"http:\/\/blogg.svenskakyrkan.se\/vandravagen\/files\/2016\/03\/IMG_7580-1024x1024.jpg","type":"","width":"","height":""}],"author":"Tomas Jarvid","twitter_card":"summary_large_image","twitter_creator":"@fadertomas","twitter_site":"@fadertomas","twitter_misc":{"Skriven av":"Tomas Jarvid","Ber\u00e4knad l\u00e4stid":"4 minuter"},"schema":{"@context":"https:\/\/schema.org","@graph":[{"@type":"Article","@id":"https:\/\/blogg.svenskakyrkan.se\/vandravagen\/2016\/03\/04\/marta-gastbloggar-om-att-sluta-dricka\/#article","isPartOf":{"@id":"https:\/\/blogg.svenskakyrkan.se\/vandravagen\/2016\/03\/04\/marta-gastbloggar-om-att-sluta-dricka\/"},"author":{"name":"Tomas Jarvid","@id":"https:\/\/blogg.svenskakyrkan.se\/vandravagen\/#\/schema\/person\/25da02d4f76b137d04291711e2c9fc16"},"headline":"Marta g\u00e4stbloggar om att sluta dricka","datePublished":"2016-03-04T06:00:40+00:00","dateModified":"2016-03-08T09:58:37+00:00","mainEntityOfPage":{"@id":"https:\/\/blogg.svenskakyrkan.se\/vandravagen\/2016\/03\/04\/marta-gastbloggar-om-att-sluta-dricka\/"},"wordCount":823,"commentCount":3,"publisher":{"@id":"https:\/\/blogg.svenskakyrkan.se\/vandravagen\/#organization"},"image":{"@id":"https:\/\/blogg.svenskakyrkan.se\/vandravagen\/2016\/03\/04\/marta-gastbloggar-om-att-sluta-dricka\/#primaryimage"},"thumbnailUrl":"http:\/\/blogg.svenskakyrkan.se\/vandravagen\/files\/2016\/03\/IMG_7580-1024x1024.jpg","articleSection":["g\u00e4stbloggare","vara m\u00e4nniska"],"inLanguage":"sv-SE","potentialAction":[{"@type":"CommentAction","name":"Comment","target":["https:\/\/blogg.svenskakyrkan.se\/vandravagen\/2016\/03\/04\/marta-gastbloggar-om-att-sluta-dricka\/#respond"]}]},{"@type":"WebPage","@id":"https:\/\/blogg.svenskakyrkan.se\/vandravagen\/2016\/03\/04\/marta-gastbloggar-om-att-sluta-dricka\/","url":"https:\/\/blogg.svenskakyrkan.se\/vandravagen\/2016\/03\/04\/marta-gastbloggar-om-att-sluta-dricka\/","name":"Marta g\u00e4stbloggar om att sluta dricka - Vandra V\u00e4gen","isPartOf":{"@id":"https:\/\/blogg.svenskakyrkan.se\/vandravagen\/#website"},"primaryImageOfPage":{"@id":"https:\/\/blogg.svenskakyrkan.se\/vandravagen\/2016\/03\/04\/marta-gastbloggar-om-att-sluta-dricka\/#primaryimage"},"image":{"@id":"https:\/\/blogg.svenskakyrkan.se\/vandravagen\/2016\/03\/04\/marta-gastbloggar-om-att-sluta-dricka\/#primaryimage"},"thumbnailUrl":"http:\/\/blogg.svenskakyrkan.se\/vandravagen\/files\/2016\/03\/IMG_7580-1024x1024.jpg","datePublished":"2016-03-04T06:00:40+00:00","dateModified":"2016-03-08T09:58:37+00:00","breadcrumb":{"@id":"https:\/\/blogg.svenskakyrkan.se\/vandravagen\/2016\/03\/04\/marta-gastbloggar-om-att-sluta-dricka\/#breadcrumb"},"inLanguage":"sv-SE","potentialAction":[{"@type":"ReadAction","target":["https:\/\/blogg.svenskakyrkan.se\/vandravagen\/2016\/03\/04\/marta-gastbloggar-om-att-sluta-dricka\/"]}]},{"@type":"ImageObject","inLanguage":"sv-SE","@id":"https:\/\/blogg.svenskakyrkan.se\/vandravagen\/2016\/03\/04\/marta-gastbloggar-om-att-sluta-dricka\/#primaryimage","url":"http:\/\/blogg.svenskakyrkan.se\/vandravagen\/files\/2016\/03\/IMG_7580-1024x1024.jpg","contentUrl":"http:\/\/blogg.svenskakyrkan.se\/vandravagen\/files\/2016\/03\/IMG_7580-1024x1024.jpg"},{"@type":"BreadcrumbList","@id":"https:\/\/blogg.svenskakyrkan.se\/vandravagen\/2016\/03\/04\/marta-gastbloggar-om-att-sluta-dricka\/#breadcrumb","itemListElement":[{"@type":"ListItem","position":1,"name":"Hem","item":"https:\/\/blogg.svenskakyrkan.se\/vandravagen\/"},{"@type":"ListItem","position":2,"name":"Marta g\u00e4stbloggar om att sluta dricka"}]},{"@type":"WebSite","@id":"https:\/\/blogg.svenskakyrkan.se\/vandravagen\/#website","url":"https:\/\/blogg.svenskakyrkan.se\/vandravagen\/","name":"Vandra V\u00e4gen","description":"-Mot en tro f\u00f6r hela livet","publisher":{"@id":"https:\/\/blogg.svenskakyrkan.se\/vandravagen\/#organization"},"potentialAction":[{"@type":"SearchAction","target":{"@type":"EntryPoint","urlTemplate":"https:\/\/blogg.svenskakyrkan.se\/vandravagen\/?s={search_term_string}"},"query-input":{"@type":"PropertyValueSpecification","valueRequired":true,"valueName":"search_term_string"}}],"inLanguage":"sv-SE"},{"@type":"Organization","@id":"https:\/\/blogg.svenskakyrkan.se\/vandravagen\/#organization","name":"ulricehamns pastorat","alternateName":"ulricehamns pastorat","url":"https:\/\/blogg.svenskakyrkan.se\/vandravagen\/","logo":{"@type":"ImageObject","inLanguage":"sv-SE","@id":"https:\/\/blogg.svenskakyrkan.se\/vandravagen\/#\/schema\/logo\/image\/","url":"https:\/\/blogg.svenskakyrkan.se\/vandravagen\/files\/2023\/05\/Ulr_logo_RGB.png","contentUrl":"https:\/\/blogg.svenskakyrkan.se\/vandravagen\/files\/2023\/05\/Ulr_logo_RGB.png","width":205,"height":77,"caption":"ulricehamns pastorat"},"image":{"@id":"https:\/\/blogg.svenskakyrkan.se\/vandravagen\/#\/schema\/logo\/image\/"},"sameAs":["http:\/\/facebook.com\/vandravagen","https:\/\/x.com\/fadertomas","http:\/\/www.facebook.com\/svenskakyrkaniulricehamn"]},{"@type":"Person","@id":"https:\/\/blogg.svenskakyrkan.se\/vandravagen\/#\/schema\/person\/25da02d4f76b137d04291711e2c9fc16","name":"Tomas Jarvid","image":{"@type":"ImageObject","inLanguage":"sv-SE","@id":"https:\/\/blogg.svenskakyrkan.se\/vandravagen\/#\/schema\/person\/image\/","url":"https:\/\/secure.gravatar.com\/avatar\/7fa71899795e8f540f615a1f5ab25255dc27aa40f05ee7ddd21aac521e01bf50?s=96&d=identicon&r=g","contentUrl":"https:\/\/secure.gravatar.com\/avatar\/7fa71899795e8f540f615a1f5ab25255dc27aa40f05ee7ddd21aac521e01bf50?s=96&d=identicon&r=g","caption":"Tomas Jarvid"},"description":"Jag bor i Ulricehamn i V\u00e4sterg\u00f6tland och \u00e4r f\u00f6rsamlingspr\u00e4st i Svenska Kyrkan f\u00f6r Dalstorps f\u00f6rsamling i Kinds pastorat. P\u00e5 den h\u00e4r bloggen skriver jag ner tankar om vandringen som kristen.","sameAs":["http:\/\/www.vandravagen.se"],"url":"https:\/\/blogg.svenskakyrkan.se\/vandravagen\/author\/vandravagen\/"}]}},"author_meta":{"ID":"392","user_nicename":"vandravagen","user_url":"http:\/\/www.vandravagen.se","user_registered":"2014-05-19 05:44:52","display_name":"Tomas Jarvid","first_name":"Tomas","last_name":"Jarvid","avatar":"https:\/\/secure.gravatar.com\/avatar\/7fa71899795e8f540f615a1f5ab25255dc27aa40f05ee7ddd21aac521e01bf50?s=96&d=identicon&r=g"},"featured_image":false,"bloginfo":{"name":"Vandra V\u00e4gen","url":"https:\/\/blogg.svenskakyrkan.se\/vandravagen"},"_links":{"self":[{"href":"https:\/\/blogg.svenskakyrkan.se\/vandravagen\/wp-json\/wp\/v2\/posts\/4387","targetHints":{"allow":["GET"]}}],"collection":[{"href":"https:\/\/blogg.svenskakyrkan.se\/vandravagen\/wp-json\/wp\/v2\/posts"}],"about":[{"href":"https:\/\/blogg.svenskakyrkan.se\/vandravagen\/wp-json\/wp\/v2\/types\/post"}],"author":[{"embeddable":true,"href":"https:\/\/blogg.svenskakyrkan.se\/vandravagen\/wp-json\/wp\/v2\/users\/392"}],"replies":[{"embeddable":true,"href":"https:\/\/blogg.svenskakyrkan.se\/vandravagen\/wp-json\/wp\/v2\/comments?post=4387"}],"version-history":[{"count":3,"href":"https:\/\/blogg.svenskakyrkan.se\/vandravagen\/wp-json\/wp\/v2\/posts\/4387\/revisions"}],"predecessor-version":[{"id":4403,"href":"https:\/\/blogg.svenskakyrkan.se\/vandravagen\/wp-json\/wp\/v2\/posts\/4387\/revisions\/4403"}],"wp:attachment":[{"href":"https:\/\/blogg.svenskakyrkan.se\/vandravagen\/wp-json\/wp\/v2\/media?parent=4387"}],"wp:term":[{"taxonomy":"category","embeddable":true,"href":"https:\/\/blogg.svenskakyrkan.se\/vandravagen\/wp-json\/wp\/v2\/categories?post=4387"},{"taxonomy":"post_tag","embeddable":true,"href":"https:\/\/blogg.svenskakyrkan.se\/vandravagen\/wp-json\/wp\/v2\/tags?post=4387"}],"curies":[{"name":"wp","href":"https:\/\/api.w.org\/{rel}","templated":true}]}}