{"id":440,"date":"2013-07-26T07:41:00","date_gmt":"2013-07-26T05:41:00","guid":{"rendered":"http:\/\/blogg.svenskakyrkan.se\/vandravagen\/2013\/07\/26\/natanael-beskow-om-andlig-klarsyn-och-att-vandra-den-kristna-vagen\/"},"modified":"2013-07-26T07:41:00","modified_gmt":"2013-07-26T05:41:00","slug":"natanael-beskow-om-andlig-klarsyn-och-att-vandra-den-kristna-vagen","status":"publish","type":"post","link":"https:\/\/blogg.svenskakyrkan.se\/vandravagen\/2013\/07\/26\/natanael-beskow-om-andlig-klarsyn-och-att-vandra-den-kristna-vagen\/","title":{"rendered":"Natanael Beskow om andlig klarsyn och att vandra den kristna v\u00e4gen"},"content":{"rendered":"<\/p>\n<table align=\"center\" cellpadding=\"0\" cellspacing=\"0\">\n<tbody>\n<tr>\n<td><a href=\"http:\/\/upload.wikimedia.org\/wikipedia\/commons\/thumb\/9\/9f\/Natanael_Beskow_1936.JPG\/200px-Natanael_Beskow_1936.JPG\"><img loading=\"lazy\" decoding=\"async\" border=\"0\" height=\"320\" src=\"http:\/\/upload.wikimedia.org\/wikipedia\/commons\/thumb\/9\/9f\/Natanael_Beskow_1936.JPG\/200px-Natanael_Beskow_1936.JPG\" width=\"234\"><\/a><\/td>\n<\/tr>\n<tr>\n<td>Natanael Beskow<\/td>\n<\/tr>\n<\/tbody>\n<\/table>\n<div><\/div>\n<div>Natanael Beskow brukar st\u00e4ndigt dyka upp i twittersammanst\u00e4llningarna h\u00e4r p\u00e5 bloggen. Idag vill jag ist\u00e4llet dela n\u00e5gra av hans tankar i l\u00e4ngre format om den kristna vandringen (tack vare H\u00e5kan Fransson). Det passar v\u00e4ldigt bra in i denna vecka som i kyrko\u00e5ret kommer efter kristi f\u00f6rklarings dag och handlar om andlig klarsyn. Ordet \u00e4r ditt Natanael:<\/div>\n<div><\/div>\n<\/p>\n<blockquote>\n<p>\u201dEn vandrare, som str\u00e4var efter ett avl\u00e4gset m\u00e5l, kan stundom komma upp p\u00e5 en h\u00f6jd, fr\u00e5n vilken han kan \u00f6versk\u00e5da en l\u00e5ng str\u00e4cka av v\u00e4gen, ja kanske till och med se slutm\u00e5let l\u00e5ngt i fj\u00e4rran, bortom berg och dalar, bortom skogar och sj\u00f6ar. Men s\u00e5 m\u00e5ste han ned igen i dalarna, d\u00e4r han inte ser mer \u00e4n en liten bit av v\u00e4gen. D\u00e4r kan han v\u00e4l, om han har gott lokalsinne, bevara den r\u00e4tta riktningen och komma ih\u00e5g vad han s\u00e5g uppe p\u00e5 h\u00f6jden, s\u00e5 att han vet i vilken riktning m\u00e5let ligger. Men han beh\u00f6ver likv\u00e4l emellan\u00e5t vid v\u00e4gsk\u00e4len en visarstolpe som hj\u00e4lper honom till r\u00e4tta, eller en v\u00e4nlig hand som pekar ut f\u00f6r honom var v\u00e4gen g\u00e5r.<\/p>\n<\/blockquote>\n<div>\n<table align=\"center\" cellpadding=\"0\" cellspacing=\"0\">\n<tbody>\n<tr>\n<td><a href=\"http:\/\/1.bp.blogspot.com\/-IcXHIoZ7Ag0\/UcKylxUphEI\/AAAAAAAAD74\/Kv1UInDz55M\/s1600\/image.jpeg\"><img loading=\"lazy\" decoding=\"async\" border=\"0\" height=\"239\" src=\"http:\/\/1.bp.blogspot.com\/-IcXHIoZ7Ag0\/UcKylxUphEI\/AAAAAAAAD74\/Kv1UInDz55M\/s320\/image.jpeg\" width=\"320\"><\/a><\/td>\n<\/tr>\n<tr>\n<td>M\u00e4rgfulla ord<\/td>\n<\/tr>\n<\/tbody>\n<\/table>\n<div><\/div>\n<\/p>\n<blockquote>\n<p>Den som vill finna Guds v\u00e4gar f\u00e5r ocks\u00e5 b\u00e5da dessa slag av hj\u00e4lp. Ibland f\u00e5r han liksom komma upp p\u00e5 andliga h\u00f6jder, h\u00f6gt \u00f6ver den vanliga v\u00e4rlden, d\u00e4r han kan se l\u00e5ngt, l\u00e5ngt fram, \u00e4nda in i den eviga v\u00e4rldens sk\u00f6nhet och gl\u00e4dje. Men d\u00e4rifr\u00e5n m\u00e5ste han ned igen i det vanliga livet, d\u00e4r v\u00e4garna sno sig om varandra, d\u00e4r otaliga sm\u00e5 uppgifter v\u00e4nta honom, och d\u00e4r han inte kan g\u00f6ra annat \u00e4n en liten plikt i s\u00e4nder, taga ett steg i s\u00e4nder p\u00e5 det lilla stycke v\u00e4g som han kan se. Det \u00e4r en stor hj\u00e4lp att emellan\u00e5t f\u00e5 komma upp p\u00e5 h\u00f6jderna och f\u00e5 en klar blick p\u00e5 m\u00e5let. Vi beh\u00f6va bedja Gud visa oss det eviga m\u00e5let, s\u00e5 sk\u00f6nt och ljust som det \u00e4r, f\u00f6r att inte under de m\u00e5nga intrycken av v\u00e4rlden och livet omkring oss f\u00f6rlora den r\u00e4tta riktningen. Varje g\u00e5ng vi f\u00e5 m\u00f6ta Gud i b\u00f6nen och k\u00e4nna oss upplyfta till hans gemenskap, f\u00e5 vi en s\u00e5dan blick p\u00e5 m\u00e5let; och den l\u00e4mnar kvar i v\u00e5ra hj\u00e4rtan en k\u00e4nsla som leder oss r\u00e4tt, som hj\u00e4lper oss att bevara den r\u00e4tta riktningen i v\u00e5rt liv. Ingen kan finna Guds v\u00e4gar i sitt liv utan att p\u00e5 det s\u00e4ttet utbilda hos sig det andliga lokalsinne som instinktlikt leder honom i riktning hem\u00e5t. Men d\u00e4rj\u00e4mte beh\u00f6va vi ocks\u00e5 vid de m\u00e5nga v\u00e4gsk\u00e4len i livet &#8211; inf\u00f6r val och avg\u00f6randen, inf\u00f6r frestelser och sv\u00e5righeter &#8211; en visarstolpe eller en v\u00e4nlig hand som likson pekar ut den r\u00e4tta v\u00e4gen. Det \u00e4r, med andra ord, inte nog att veta den stora huvudriktningen av v\u00e5rt livs v\u00e4g; vi beh\u00f6va ibland stanna, blicka upp och fr\u00e5ga: \u201dvar g\u00e5r nu min v\u00e4g? Vad vill du, Gud, att jag skall g\u00f6ra?\u201d<\/p>\n<p>Genom olika medel visar Gud den, som s\u00e5 fr\u00e5gar, sin v\u00e4g. Det vanligaste och enklaste \u00e4r den yttre plikten. Vi ha skyldigheter som vi \u00e5tagit oss; vi ha arbeten som \u00e5ligga oss; vi ha m\u00e4nskor att ansvara f\u00f6r. Genom allt detta \u00e4r v\u00e5r plikt given i de flesta l\u00e4gen i livet. Och mena vi allvar med att fr\u00e5ga efter Guds v\u00e4g, d\u00e5 skall det framf\u00f6r allt vara oss angel\u00e4get att troget och \u00e4rligt g\u00f6ra v\u00e5r plikt. F\u00f6rst den som \u00e4r n\u00e4rmast. N\u00e4r vi gjort den, f\u00e5 vi nog syn p\u00e5 den n\u00e4sta.\u201d<\/p>\n<\/blockquote>\n<\/div>\n","protected":false},"excerpt":{"rendered":"<p>Natanael Beskow Natanael Beskow brukar st\u00e4ndigt dyka upp i twittersammanst\u00e4llningarna h\u00e4r p\u00e5 bloggen. Idag vill jag ist\u00e4llet dela n\u00e5gra av hans tankar i l\u00e4ngre format om den kristna vandringen (tack vare H\u00e5kan Fransson). Det passar v\u00e4ldigt bra in i denna vecka som i kyrko\u00e5ret kommer efter kristi f\u00f6rklarings dag och handlar om andlig klarsyn. Ordet [&hellip;]<\/p>\n","protected":false},"author":392,"featured_media":0,"comment_status":"open","ping_status":"open","sticky":false,"template":"","format":"standard","meta":{"_acf_changed":false,"footnotes":""},"categories":[8331,117],"tags":[],"class_list":["post-440","post","type-post","status-publish","format-standard","hentry","category-pilgrim","category-teologi"],"acf":[],"yoast_head":"<!-- This site is optimized with the Yoast SEO plugin v27.1.1 - https:\/\/yoast.com\/product\/yoast-seo-wordpress\/ -->\n<title>Natanael Beskow om andlig klarsyn och att vandra den kristna v\u00e4gen - Vandra V\u00e4gen<\/title>\n<meta name=\"robots\" content=\"index, follow, max-snippet:-1, max-image-preview:large, max-video-preview:-1\" \/>\n<link rel=\"canonical\" href=\"https:\/\/blogg.svenskakyrkan.se\/vandravagen\/2013\/07\/26\/natanael-beskow-om-andlig-klarsyn-och-att-vandra-den-kristna-vagen\/\" \/>\n<meta property=\"og:locale\" content=\"sv_SE\" \/>\n<meta property=\"og:type\" content=\"article\" \/>\n<meta property=\"og:title\" content=\"Natanael Beskow om andlig klarsyn och att vandra den kristna v\u00e4gen - Vandra V\u00e4gen\" \/>\n<meta property=\"og:description\" content=\"Natanael Beskow Natanael Beskow brukar st\u00e4ndigt dyka upp i twittersammanst\u00e4llningarna h\u00e4r p\u00e5 bloggen. Idag vill jag ist\u00e4llet dela n\u00e5gra av hans tankar i l\u00e4ngre format om den kristna vandringen (tack vare H\u00e5kan Fransson). Det passar v\u00e4ldigt bra in i denna vecka som i kyrko\u00e5ret kommer efter kristi f\u00f6rklarings dag och handlar om andlig klarsyn. Ordet [&hellip;]\" \/>\n<meta property=\"og:url\" content=\"https:\/\/blogg.svenskakyrkan.se\/vandravagen\/2013\/07\/26\/natanael-beskow-om-andlig-klarsyn-och-att-vandra-den-kristna-vagen\/\" \/>\n<meta property=\"og:site_name\" content=\"Vandra V\u00e4gen\" \/>\n<meta property=\"article:publisher\" content=\"http:\/\/facebook.com\/vandravagen\" \/>\n<meta property=\"article:published_time\" content=\"2013-07-26T05:41:00+00:00\" \/>\n<meta property=\"og:image\" content=\"http:\/\/upload.wikimedia.org\/wikipedia\/commons\/thumb\/9\/9f\/Natanael_Beskow_1936.JPG\/200px-Natanael_Beskow_1936.JPG\" \/>\n<meta name=\"author\" content=\"Tomas Jarvid\" \/>\n<meta name=\"twitter:card\" content=\"summary_large_image\" \/>\n<meta name=\"twitter:creator\" content=\"@fadertomas\" \/>\n<meta name=\"twitter:site\" content=\"@fadertomas\" \/>\n<meta name=\"twitter:label1\" content=\"Skriven av\" \/>\n\t<meta name=\"twitter:data1\" content=\"Tomas Jarvid\" \/>\n\t<meta name=\"twitter:label2\" content=\"Ber\u00e4knad l\u00e4stid\" \/>\n\t<meta name=\"twitter:data2\" content=\"3 minuter\" \/>\n<script type=\"application\/ld+json\" class=\"yoast-schema-graph\">{\"@context\":\"https:\/\/schema.org\",\"@graph\":[{\"@type\":\"Article\",\"@id\":\"https:\/\/blogg.svenskakyrkan.se\/vandravagen\/2013\/07\/26\/natanael-beskow-om-andlig-klarsyn-och-att-vandra-den-kristna-vagen\/#article\",\"isPartOf\":{\"@id\":\"https:\/\/blogg.svenskakyrkan.se\/vandravagen\/2013\/07\/26\/natanael-beskow-om-andlig-klarsyn-och-att-vandra-den-kristna-vagen\/\"},\"author\":{\"name\":\"Tomas Jarvid\",\"@id\":\"https:\/\/blogg.svenskakyrkan.se\/vandravagen\/#\/schema\/person\/25da02d4f76b137d04291711e2c9fc16\"},\"headline\":\"Natanael Beskow om andlig klarsyn och att vandra den kristna v\u00e4gen\",\"datePublished\":\"2013-07-26T05:41:00+00:00\",\"mainEntityOfPage\":{\"@id\":\"https:\/\/blogg.svenskakyrkan.se\/vandravagen\/2013\/07\/26\/natanael-beskow-om-andlig-klarsyn-och-att-vandra-den-kristna-vagen\/\"},\"wordCount\":706,\"commentCount\":0,\"publisher\":{\"@id\":\"https:\/\/blogg.svenskakyrkan.se\/vandravagen\/#organization\"},\"image\":{\"@id\":\"https:\/\/blogg.svenskakyrkan.se\/vandravagen\/2013\/07\/26\/natanael-beskow-om-andlig-klarsyn-och-att-vandra-den-kristna-vagen\/#primaryimage\"},\"thumbnailUrl\":\"http:\/\/upload.wikimedia.org\/wikipedia\/commons\/thumb\/9\/9f\/Natanael_Beskow_1936.JPG\/200px-Natanael_Beskow_1936.JPG\",\"articleSection\":[\"pilgrim\",\"Teologi\"],\"inLanguage\":\"sv-SE\",\"potentialAction\":[{\"@type\":\"CommentAction\",\"name\":\"Comment\",\"target\":[\"https:\/\/blogg.svenskakyrkan.se\/vandravagen\/2013\/07\/26\/natanael-beskow-om-andlig-klarsyn-och-att-vandra-den-kristna-vagen\/#respond\"]}]},{\"@type\":\"WebPage\",\"@id\":\"https:\/\/blogg.svenskakyrkan.se\/vandravagen\/2013\/07\/26\/natanael-beskow-om-andlig-klarsyn-och-att-vandra-den-kristna-vagen\/\",\"url\":\"https:\/\/blogg.svenskakyrkan.se\/vandravagen\/2013\/07\/26\/natanael-beskow-om-andlig-klarsyn-och-att-vandra-den-kristna-vagen\/\",\"name\":\"Natanael Beskow om andlig klarsyn och att vandra den kristna v\u00e4gen - Vandra V\u00e4gen\",\"isPartOf\":{\"@id\":\"https:\/\/blogg.svenskakyrkan.se\/vandravagen\/#website\"},\"primaryImageOfPage\":{\"@id\":\"https:\/\/blogg.svenskakyrkan.se\/vandravagen\/2013\/07\/26\/natanael-beskow-om-andlig-klarsyn-och-att-vandra-den-kristna-vagen\/#primaryimage\"},\"image\":{\"@id\":\"https:\/\/blogg.svenskakyrkan.se\/vandravagen\/2013\/07\/26\/natanael-beskow-om-andlig-klarsyn-och-att-vandra-den-kristna-vagen\/#primaryimage\"},\"thumbnailUrl\":\"http:\/\/upload.wikimedia.org\/wikipedia\/commons\/thumb\/9\/9f\/Natanael_Beskow_1936.JPG\/200px-Natanael_Beskow_1936.JPG\",\"datePublished\":\"2013-07-26T05:41:00+00:00\",\"breadcrumb\":{\"@id\":\"https:\/\/blogg.svenskakyrkan.se\/vandravagen\/2013\/07\/26\/natanael-beskow-om-andlig-klarsyn-och-att-vandra-den-kristna-vagen\/#breadcrumb\"},\"inLanguage\":\"sv-SE\",\"potentialAction\":[{\"@type\":\"ReadAction\",\"target\":[\"https:\/\/blogg.svenskakyrkan.se\/vandravagen\/2013\/07\/26\/natanael-beskow-om-andlig-klarsyn-och-att-vandra-den-kristna-vagen\/\"]}]},{\"@type\":\"ImageObject\",\"inLanguage\":\"sv-SE\",\"@id\":\"https:\/\/blogg.svenskakyrkan.se\/vandravagen\/2013\/07\/26\/natanael-beskow-om-andlig-klarsyn-och-att-vandra-den-kristna-vagen\/#primaryimage\",\"url\":\"http:\/\/upload.wikimedia.org\/wikipedia\/commons\/thumb\/9\/9f\/Natanael_Beskow_1936.JPG\/200px-Natanael_Beskow_1936.JPG\",\"contentUrl\":\"http:\/\/upload.wikimedia.org\/wikipedia\/commons\/thumb\/9\/9f\/Natanael_Beskow_1936.JPG\/200px-Natanael_Beskow_1936.JPG\"},{\"@type\":\"BreadcrumbList\",\"@id\":\"https:\/\/blogg.svenskakyrkan.se\/vandravagen\/2013\/07\/26\/natanael-beskow-om-andlig-klarsyn-och-att-vandra-den-kristna-vagen\/#breadcrumb\",\"itemListElement\":[{\"@type\":\"ListItem\",\"position\":1,\"name\":\"Hem\",\"item\":\"https:\/\/blogg.svenskakyrkan.se\/vandravagen\/\"},{\"@type\":\"ListItem\",\"position\":2,\"name\":\"Natanael Beskow om andlig klarsyn och att vandra den kristna v\u00e4gen\"}]},{\"@type\":\"WebSite\",\"@id\":\"https:\/\/blogg.svenskakyrkan.se\/vandravagen\/#website\",\"url\":\"https:\/\/blogg.svenskakyrkan.se\/vandravagen\/\",\"name\":\"Vandra V\u00e4gen\",\"description\":\"-Mot en tro f\u00f6r hela livet\",\"publisher\":{\"@id\":\"https:\/\/blogg.svenskakyrkan.se\/vandravagen\/#organization\"},\"potentialAction\":[{\"@type\":\"SearchAction\",\"target\":{\"@type\":\"EntryPoint\",\"urlTemplate\":\"https:\/\/blogg.svenskakyrkan.se\/vandravagen\/?s={search_term_string}\"},\"query-input\":{\"@type\":\"PropertyValueSpecification\",\"valueRequired\":true,\"valueName\":\"search_term_string\"}}],\"inLanguage\":\"sv-SE\"},{\"@type\":\"Organization\",\"@id\":\"https:\/\/blogg.svenskakyrkan.se\/vandravagen\/#organization\",\"name\":\"ulricehamns pastorat\",\"alternateName\":\"ulricehamns pastorat\",\"url\":\"https:\/\/blogg.svenskakyrkan.se\/vandravagen\/\",\"logo\":{\"@type\":\"ImageObject\",\"inLanguage\":\"sv-SE\",\"@id\":\"https:\/\/blogg.svenskakyrkan.se\/vandravagen\/#\/schema\/logo\/image\/\",\"url\":\"https:\/\/blogg.svenskakyrkan.se\/vandravagen\/files\/2023\/05\/Ulr_logo_RGB.png\",\"contentUrl\":\"https:\/\/blogg.svenskakyrkan.se\/vandravagen\/files\/2023\/05\/Ulr_logo_RGB.png\",\"width\":205,\"height\":77,\"caption\":\"ulricehamns pastorat\"},\"image\":{\"@id\":\"https:\/\/blogg.svenskakyrkan.se\/vandravagen\/#\/schema\/logo\/image\/\"},\"sameAs\":[\"http:\/\/facebook.com\/vandravagen\",\"https:\/\/x.com\/fadertomas\",\"http:\/\/www.facebook.com\/svenskakyrkaniulricehamn\"]},{\"@type\":\"Person\",\"@id\":\"https:\/\/blogg.svenskakyrkan.se\/vandravagen\/#\/schema\/person\/25da02d4f76b137d04291711e2c9fc16\",\"name\":\"Tomas Jarvid\",\"image\":{\"@type\":\"ImageObject\",\"inLanguage\":\"sv-SE\",\"@id\":\"https:\/\/blogg.svenskakyrkan.se\/vandravagen\/#\/schema\/person\/image\/\",\"url\":\"https:\/\/secure.gravatar.com\/avatar\/7fa71899795e8f540f615a1f5ab25255dc27aa40f05ee7ddd21aac521e01bf50?s=96&d=identicon&r=g\",\"contentUrl\":\"https:\/\/secure.gravatar.com\/avatar\/7fa71899795e8f540f615a1f5ab25255dc27aa40f05ee7ddd21aac521e01bf50?s=96&d=identicon&r=g\",\"caption\":\"Tomas Jarvid\"},\"description\":\"Jag bor i Ulricehamn i V\u00e4sterg\u00f6tland och \u00e4r f\u00f6rsamlingspr\u00e4st i Svenska Kyrkan f\u00f6r Dalstorps f\u00f6rsamling i Kinds pastorat. P\u00e5 den h\u00e4r bloggen skriver jag ner tankar om vandringen som kristen.\",\"sameAs\":[\"http:\/\/www.vandravagen.se\"],\"url\":\"https:\/\/blogg.svenskakyrkan.se\/vandravagen\/author\/vandravagen\/\"}]}<\/script>\n<!-- \/ Yoast SEO plugin. -->","yoast_head_json":{"title":"Natanael Beskow om andlig klarsyn och att vandra den kristna v\u00e4gen - Vandra V\u00e4gen","robots":{"index":"index","follow":"follow","max-snippet":"max-snippet:-1","max-image-preview":"max-image-preview:large","max-video-preview":"max-video-preview:-1"},"canonical":"https:\/\/blogg.svenskakyrkan.se\/vandravagen\/2013\/07\/26\/natanael-beskow-om-andlig-klarsyn-och-att-vandra-den-kristna-vagen\/","og_locale":"sv_SE","og_type":"article","og_title":"Natanael Beskow om andlig klarsyn och att vandra den kristna v\u00e4gen - Vandra V\u00e4gen","og_description":"Natanael Beskow Natanael Beskow brukar st\u00e4ndigt dyka upp i twittersammanst\u00e4llningarna h\u00e4r p\u00e5 bloggen. Idag vill jag ist\u00e4llet dela n\u00e5gra av hans tankar i l\u00e4ngre format om den kristna vandringen (tack vare H\u00e5kan Fransson). Det passar v\u00e4ldigt bra in i denna vecka som i kyrko\u00e5ret kommer efter kristi f\u00f6rklarings dag och handlar om andlig klarsyn. Ordet [&hellip;]","og_url":"https:\/\/blogg.svenskakyrkan.se\/vandravagen\/2013\/07\/26\/natanael-beskow-om-andlig-klarsyn-och-att-vandra-den-kristna-vagen\/","og_site_name":"Vandra V\u00e4gen","article_publisher":"http:\/\/facebook.com\/vandravagen","article_published_time":"2013-07-26T05:41:00+00:00","og_image":[{"url":"http:\/\/upload.wikimedia.org\/wikipedia\/commons\/thumb\/9\/9f\/Natanael_Beskow_1936.JPG\/200px-Natanael_Beskow_1936.JPG","type":"","width":"","height":""}],"author":"Tomas Jarvid","twitter_card":"summary_large_image","twitter_creator":"@fadertomas","twitter_site":"@fadertomas","twitter_misc":{"Skriven av":"Tomas Jarvid","Ber\u00e4knad l\u00e4stid":"3 minuter"},"schema":{"@context":"https:\/\/schema.org","@graph":[{"@type":"Article","@id":"https:\/\/blogg.svenskakyrkan.se\/vandravagen\/2013\/07\/26\/natanael-beskow-om-andlig-klarsyn-och-att-vandra-den-kristna-vagen\/#article","isPartOf":{"@id":"https:\/\/blogg.svenskakyrkan.se\/vandravagen\/2013\/07\/26\/natanael-beskow-om-andlig-klarsyn-och-att-vandra-den-kristna-vagen\/"},"author":{"name":"Tomas Jarvid","@id":"https:\/\/blogg.svenskakyrkan.se\/vandravagen\/#\/schema\/person\/25da02d4f76b137d04291711e2c9fc16"},"headline":"Natanael Beskow om andlig klarsyn och att vandra den kristna v\u00e4gen","datePublished":"2013-07-26T05:41:00+00:00","mainEntityOfPage":{"@id":"https:\/\/blogg.svenskakyrkan.se\/vandravagen\/2013\/07\/26\/natanael-beskow-om-andlig-klarsyn-och-att-vandra-den-kristna-vagen\/"},"wordCount":706,"commentCount":0,"publisher":{"@id":"https:\/\/blogg.svenskakyrkan.se\/vandravagen\/#organization"},"image":{"@id":"https:\/\/blogg.svenskakyrkan.se\/vandravagen\/2013\/07\/26\/natanael-beskow-om-andlig-klarsyn-och-att-vandra-den-kristna-vagen\/#primaryimage"},"thumbnailUrl":"http:\/\/upload.wikimedia.org\/wikipedia\/commons\/thumb\/9\/9f\/Natanael_Beskow_1936.JPG\/200px-Natanael_Beskow_1936.JPG","articleSection":["pilgrim","Teologi"],"inLanguage":"sv-SE","potentialAction":[{"@type":"CommentAction","name":"Comment","target":["https:\/\/blogg.svenskakyrkan.se\/vandravagen\/2013\/07\/26\/natanael-beskow-om-andlig-klarsyn-och-att-vandra-den-kristna-vagen\/#respond"]}]},{"@type":"WebPage","@id":"https:\/\/blogg.svenskakyrkan.se\/vandravagen\/2013\/07\/26\/natanael-beskow-om-andlig-klarsyn-och-att-vandra-den-kristna-vagen\/","url":"https:\/\/blogg.svenskakyrkan.se\/vandravagen\/2013\/07\/26\/natanael-beskow-om-andlig-klarsyn-och-att-vandra-den-kristna-vagen\/","name":"Natanael Beskow om andlig klarsyn och att vandra den kristna v\u00e4gen - Vandra V\u00e4gen","isPartOf":{"@id":"https:\/\/blogg.svenskakyrkan.se\/vandravagen\/#website"},"primaryImageOfPage":{"@id":"https:\/\/blogg.svenskakyrkan.se\/vandravagen\/2013\/07\/26\/natanael-beskow-om-andlig-klarsyn-och-att-vandra-den-kristna-vagen\/#primaryimage"},"image":{"@id":"https:\/\/blogg.svenskakyrkan.se\/vandravagen\/2013\/07\/26\/natanael-beskow-om-andlig-klarsyn-och-att-vandra-den-kristna-vagen\/#primaryimage"},"thumbnailUrl":"http:\/\/upload.wikimedia.org\/wikipedia\/commons\/thumb\/9\/9f\/Natanael_Beskow_1936.JPG\/200px-Natanael_Beskow_1936.JPG","datePublished":"2013-07-26T05:41:00+00:00","breadcrumb":{"@id":"https:\/\/blogg.svenskakyrkan.se\/vandravagen\/2013\/07\/26\/natanael-beskow-om-andlig-klarsyn-och-att-vandra-den-kristna-vagen\/#breadcrumb"},"inLanguage":"sv-SE","potentialAction":[{"@type":"ReadAction","target":["https:\/\/blogg.svenskakyrkan.se\/vandravagen\/2013\/07\/26\/natanael-beskow-om-andlig-klarsyn-och-att-vandra-den-kristna-vagen\/"]}]},{"@type":"ImageObject","inLanguage":"sv-SE","@id":"https:\/\/blogg.svenskakyrkan.se\/vandravagen\/2013\/07\/26\/natanael-beskow-om-andlig-klarsyn-och-att-vandra-den-kristna-vagen\/#primaryimage","url":"http:\/\/upload.wikimedia.org\/wikipedia\/commons\/thumb\/9\/9f\/Natanael_Beskow_1936.JPG\/200px-Natanael_Beskow_1936.JPG","contentUrl":"http:\/\/upload.wikimedia.org\/wikipedia\/commons\/thumb\/9\/9f\/Natanael_Beskow_1936.JPG\/200px-Natanael_Beskow_1936.JPG"},{"@type":"BreadcrumbList","@id":"https:\/\/blogg.svenskakyrkan.se\/vandravagen\/2013\/07\/26\/natanael-beskow-om-andlig-klarsyn-och-att-vandra-den-kristna-vagen\/#breadcrumb","itemListElement":[{"@type":"ListItem","position":1,"name":"Hem","item":"https:\/\/blogg.svenskakyrkan.se\/vandravagen\/"},{"@type":"ListItem","position":2,"name":"Natanael Beskow om andlig klarsyn och att vandra den kristna v\u00e4gen"}]},{"@type":"WebSite","@id":"https:\/\/blogg.svenskakyrkan.se\/vandravagen\/#website","url":"https:\/\/blogg.svenskakyrkan.se\/vandravagen\/","name":"Vandra V\u00e4gen","description":"-Mot en tro f\u00f6r hela livet","publisher":{"@id":"https:\/\/blogg.svenskakyrkan.se\/vandravagen\/#organization"},"potentialAction":[{"@type":"SearchAction","target":{"@type":"EntryPoint","urlTemplate":"https:\/\/blogg.svenskakyrkan.se\/vandravagen\/?s={search_term_string}"},"query-input":{"@type":"PropertyValueSpecification","valueRequired":true,"valueName":"search_term_string"}}],"inLanguage":"sv-SE"},{"@type":"Organization","@id":"https:\/\/blogg.svenskakyrkan.se\/vandravagen\/#organization","name":"ulricehamns pastorat","alternateName":"ulricehamns pastorat","url":"https:\/\/blogg.svenskakyrkan.se\/vandravagen\/","logo":{"@type":"ImageObject","inLanguage":"sv-SE","@id":"https:\/\/blogg.svenskakyrkan.se\/vandravagen\/#\/schema\/logo\/image\/","url":"https:\/\/blogg.svenskakyrkan.se\/vandravagen\/files\/2023\/05\/Ulr_logo_RGB.png","contentUrl":"https:\/\/blogg.svenskakyrkan.se\/vandravagen\/files\/2023\/05\/Ulr_logo_RGB.png","width":205,"height":77,"caption":"ulricehamns pastorat"},"image":{"@id":"https:\/\/blogg.svenskakyrkan.se\/vandravagen\/#\/schema\/logo\/image\/"},"sameAs":["http:\/\/facebook.com\/vandravagen","https:\/\/x.com\/fadertomas","http:\/\/www.facebook.com\/svenskakyrkaniulricehamn"]},{"@type":"Person","@id":"https:\/\/blogg.svenskakyrkan.se\/vandravagen\/#\/schema\/person\/25da02d4f76b137d04291711e2c9fc16","name":"Tomas Jarvid","image":{"@type":"ImageObject","inLanguage":"sv-SE","@id":"https:\/\/blogg.svenskakyrkan.se\/vandravagen\/#\/schema\/person\/image\/","url":"https:\/\/secure.gravatar.com\/avatar\/7fa71899795e8f540f615a1f5ab25255dc27aa40f05ee7ddd21aac521e01bf50?s=96&d=identicon&r=g","contentUrl":"https:\/\/secure.gravatar.com\/avatar\/7fa71899795e8f540f615a1f5ab25255dc27aa40f05ee7ddd21aac521e01bf50?s=96&d=identicon&r=g","caption":"Tomas Jarvid"},"description":"Jag bor i Ulricehamn i V\u00e4sterg\u00f6tland och \u00e4r f\u00f6rsamlingspr\u00e4st i Svenska Kyrkan f\u00f6r Dalstorps f\u00f6rsamling i Kinds pastorat. P\u00e5 den h\u00e4r bloggen skriver jag ner tankar om vandringen som kristen.","sameAs":["http:\/\/www.vandravagen.se"],"url":"https:\/\/blogg.svenskakyrkan.se\/vandravagen\/author\/vandravagen\/"}]}},"author_meta":{"ID":"392","user_nicename":"vandravagen","user_url":"http:\/\/www.vandravagen.se","user_registered":"2014-05-19 05:44:52","display_name":"Tomas Jarvid","first_name":"Tomas","last_name":"Jarvid","avatar":"https:\/\/secure.gravatar.com\/avatar\/7fa71899795e8f540f615a1f5ab25255dc27aa40f05ee7ddd21aac521e01bf50?s=96&d=identicon&r=g"},"featured_image":false,"bloginfo":{"name":"Vandra V\u00e4gen","url":"https:\/\/blogg.svenskakyrkan.se\/vandravagen"},"_links":{"self":[{"href":"https:\/\/blogg.svenskakyrkan.se\/vandravagen\/wp-json\/wp\/v2\/posts\/440","targetHints":{"allow":["GET"]}}],"collection":[{"href":"https:\/\/blogg.svenskakyrkan.se\/vandravagen\/wp-json\/wp\/v2\/posts"}],"about":[{"href":"https:\/\/blogg.svenskakyrkan.se\/vandravagen\/wp-json\/wp\/v2\/types\/post"}],"author":[{"embeddable":true,"href":"https:\/\/blogg.svenskakyrkan.se\/vandravagen\/wp-json\/wp\/v2\/users\/392"}],"replies":[{"embeddable":true,"href":"https:\/\/blogg.svenskakyrkan.se\/vandravagen\/wp-json\/wp\/v2\/comments?post=440"}],"version-history":[{"count":0,"href":"https:\/\/blogg.svenskakyrkan.se\/vandravagen\/wp-json\/wp\/v2\/posts\/440\/revisions"}],"wp:attachment":[{"href":"https:\/\/blogg.svenskakyrkan.se\/vandravagen\/wp-json\/wp\/v2\/media?parent=440"}],"wp:term":[{"taxonomy":"category","embeddable":true,"href":"https:\/\/blogg.svenskakyrkan.se\/vandravagen\/wp-json\/wp\/v2\/categories?post=440"},{"taxonomy":"post_tag","embeddable":true,"href":"https:\/\/blogg.svenskakyrkan.se\/vandravagen\/wp-json\/wp\/v2\/tags?post=440"}],"curies":[{"name":"wp","href":"https:\/\/api.w.org\/{rel}","templated":true}]}}