{"id":4404,"date":"2016-03-09T07:00:43","date_gmt":"2016-03-09T06:00:43","guid":{"rendered":"http:\/\/blogg.svenskakyrkan.se\/vandravagen\/?p=4404"},"modified":"2016-03-08T23:20:01","modified_gmt":"2016-03-08T22:20:01","slug":"att-pilgrimsvandra-pa-googles-kartor","status":"publish","type":"post","link":"https:\/\/blogg.svenskakyrkan.se\/vandravagen\/2016\/03\/09\/att-pilgrimsvandra-pa-googles-kartor\/","title":{"rendered":"Att pilgrimsvandra p\u00e5 googles kartor"},"content":{"rendered":"<div id=\"attachment_4405\" style=\"width: 426px\" class=\"wp-caption aligncenter\"><a href=\"http:\/\/blogg.svenskakyrkan.se\/vandravagen\/files\/2016\/03\/Sk\u00e4rmavbild-2016-03-08-kl.-22.54.56.png\"><img loading=\"lazy\" decoding=\"async\" aria-describedby=\"caption-attachment-4405\" class=\"size-full wp-image-4405\" src=\"http:\/\/blogg.svenskakyrkan.se\/vandravagen\/files\/2016\/03\/Sk\u00e4rmavbild-2016-03-08-kl.-22.54.56.png\" alt=\"I ett annat tempo\" width=\"416\" height=\"570\" srcset=\"https:\/\/blogg.svenskakyrkan.se\/vandravagen\/files\/2016\/03\/Sk\u00e4rmavbild-2016-03-08-kl.-22.54.56.png 416w, https:\/\/blogg.svenskakyrkan.se\/vandravagen\/files\/2016\/03\/Sk\u00e4rmavbild-2016-03-08-kl.-22.54.56-300x411.png 300w, https:\/\/blogg.svenskakyrkan.se\/vandravagen\/files\/2016\/03\/Sk\u00e4rmavbild-2016-03-08-kl.-22.54.56-219x300.png 219w\" sizes=\"auto, (max-width: 416px) 100vw, 416px\" \/><\/a><p id=\"caption-attachment-4405\" class=\"wp-caption-text\">I ett annat tempo<\/p><\/div>\n<p>Idag blir det bara en v\u00e4ldigt enkel reflektion h\u00e4r. N\u00e4r jag ska k\u00f6ra bil och unders\u00f6ker avst\u00e5nd med hj\u00e4lp av digitala karttj\u00e4nster s\u00e5 finns d\u00e4r ofta en knapp f\u00f6r hur v\u00e4gen skulle se ut om man valde att g\u00e5 till fots. Vilken v\u00e4g vore att rekommendera och hur l\u00e5ng tid skulle det ta?<\/p>\n<p>P\u00e5 bilden ovan ser du min v\u00e4g till och fr\u00e5n jobbet. Den susar jag fram p\u00e5 25 minuter eller s\u00e5 men till fots skulle jag f\u00e5tt r\u00e4kna med minst fem timmar nonstopknatande. F\u00f6r inte s\u00e5 m\u00e5nga \u00e5r sedan var det det som var transportmedlet som stod till buds f\u00f6r vanligt folk. M\u00f6jligen kunde man \u00e5ka med n\u00e5gon k\u00e4rra som skulle \u00e5t samma h\u00e5ll.<\/p>\n<p>Tanken svindlar till n\u00e4r man p\u00e5 n\u00e5got s\u00e4tt f\u00e5r se avst\u00e5ndet f\u00f6r vad det verkligen \u00e4r, i m\u00e4nniskans naturliga tempo. Jag har ju vandrat en hel del och bara att klicka p\u00e5 den lilla vandrande gubben g\u00f6r att det n\u00e4stan k\u00e4nns i kroppen hur det skulle vara att g\u00e5 de d\u00e4r milen ist\u00e4llet. Hur resan skulle te sig. Hur mycket som skulle kunna h\u00e4nda p\u00e5 v\u00e4gen.<\/p>\n<p>H\u00e4r en karta till. S\u00e5 h\u00e4r skulle det vara att vandra hemifr\u00e5n till Trondheim i Norge.<\/p>\n<div id=\"attachment_4406\" style=\"width: 267px\" class=\"wp-caption aligncenter\"><a href=\"http:\/\/blogg.svenskakyrkan.se\/vandravagen\/files\/2016\/03\/Sk\u00e4rmavbild-2016-03-08-kl.-22.57.01.png\"><img loading=\"lazy\" decoding=\"async\" aria-describedby=\"caption-attachment-4406\" class=\"size-full wp-image-4406\" src=\"http:\/\/blogg.svenskakyrkan.se\/vandravagen\/files\/2016\/03\/Sk\u00e4rmavbild-2016-03-08-kl.-22.57.01.png\" alt=\"V\u00e4gen till Trondheim\" width=\"257\" height=\"573\" srcset=\"https:\/\/blogg.svenskakyrkan.se\/vandravagen\/files\/2016\/03\/Sk\u00e4rmavbild-2016-03-08-kl.-22.57.01.png 257w, https:\/\/blogg.svenskakyrkan.se\/vandravagen\/files\/2016\/03\/Sk\u00e4rmavbild-2016-03-08-kl.-22.57.01-135x300.png 135w\" sizes=\"auto, (max-width: 257px) 100vw, 257px\" \/><\/a><p id=\"caption-attachment-4406\" class=\"wp-caption-text\">V\u00e4gen till Trondheim<\/p><\/div>\n<p>159 timmar nonstopvandring \u00e4r f\u00f6rst\u00e5s otroligt m\u00e5nga fler n\u00e4r man beh\u00f6ver mat och s\u00f6mn och vila och g\u00e5r p\u00e5 krokiga stigar ist\u00e4llet f\u00f6r breda raka v\u00e4gar. \u00c4nd\u00e5 f\u00e5r jag en k\u00e4nsla av hur det skulle vara att knata p\u00e5 d\u00e4r halvv\u00e4gs. Redan med bleka minnen av avf\u00e4rden och m\u00e5let \u00e4nnu inte p\u00e5 l\u00e4nge i sikte.<\/p>\n<p>Jaja, vi l\u00e4gger till den h\u00e4r ocks\u00e5:<\/p>\n<div id=\"attachment_4408\" style=\"width: 585px\" class=\"wp-caption aligncenter\"><a href=\"http:\/\/blogg.svenskakyrkan.se\/vandravagen\/files\/2016\/03\/Sk\u00e4rmavbild-2016-03-08-kl.-23.12.08.png\"><img loading=\"lazy\" decoding=\"async\" aria-describedby=\"caption-attachment-4408\" class=\"size-full wp-image-4408\" src=\"http:\/\/blogg.svenskakyrkan.se\/vandravagen\/files\/2016\/03\/Sk\u00e4rmavbild-2016-03-08-kl.-23.12.08.png\" alt=\"V\u00e4gen till Santiago.\" width=\"575\" height=\"616\" srcset=\"https:\/\/blogg.svenskakyrkan.se\/vandravagen\/files\/2016\/03\/Sk\u00e4rmavbild-2016-03-08-kl.-23.12.08.png 575w, https:\/\/blogg.svenskakyrkan.se\/vandravagen\/files\/2016\/03\/Sk\u00e4rmavbild-2016-03-08-kl.-23.12.08-300x321.png 300w, https:\/\/blogg.svenskakyrkan.se\/vandravagen\/files\/2016\/03\/Sk\u00e4rmavbild-2016-03-08-kl.-23.12.08-280x300.png 280w\" sizes=\"auto, (max-width: 575px) 100vw, 575px\" \/><\/a><p id=\"caption-attachment-4408\" class=\"wp-caption-text\">V\u00e4gen till Santiago.<\/p><\/div>\n<p>Vad t\u00e4nker du n\u00e4r du ser de h\u00e4r bilderna av avst\u00e5nd i g\u00e5ngtempo? K\u00e4nns det lockande? Skriv en kommentar!<\/p>\n","protected":false},"excerpt":{"rendered":"<p>Idag blir det bara en v\u00e4ldigt enkel reflektion h\u00e4r. N\u00e4r jag ska k\u00f6ra bil och unders\u00f6ker avst\u00e5nd med hj\u00e4lp av digitala karttj\u00e4nster s\u00e5 finns d\u00e4r ofta en knapp f\u00f6r hur v\u00e4gen skulle se ut om man valde att g\u00e5 till fots. Vilken v\u00e4g vore att rekommendera och hur l\u00e5ng tid skulle det ta? P\u00e5 bilden [&hellip;]<\/p>\n","protected":false},"author":392,"featured_media":0,"comment_status":"open","ping_status":"open","sticky":false,"template":"","format":"standard","meta":{"_acf_changed":false,"footnotes":""},"categories":[76189,8331],"tags":[],"class_list":["post-4404","post","type-post","status-publish","format-standard","hentry","category-dagens-kyrka","category-pilgrim"],"acf":[],"yoast_head":"<!-- This site is optimized with the Yoast SEO plugin v27.1.1 - https:\/\/yoast.com\/product\/yoast-seo-wordpress\/ -->\n<title>Att pilgrimsvandra p\u00e5 googles kartor - Vandra V\u00e4gen<\/title>\n<meta name=\"robots\" content=\"index, follow, max-snippet:-1, max-image-preview:large, max-video-preview:-1\" \/>\n<link rel=\"canonical\" href=\"https:\/\/blogg.svenskakyrkan.se\/vandravagen\/2016\/03\/09\/att-pilgrimsvandra-pa-googles-kartor\/\" \/>\n<meta property=\"og:locale\" content=\"sv_SE\" \/>\n<meta property=\"og:type\" content=\"article\" \/>\n<meta property=\"og:title\" content=\"Att pilgrimsvandra p\u00e5 googles kartor - Vandra V\u00e4gen\" \/>\n<meta property=\"og:description\" content=\"Idag blir det bara en v\u00e4ldigt enkel reflektion h\u00e4r. N\u00e4r jag ska k\u00f6ra bil och unders\u00f6ker avst\u00e5nd med hj\u00e4lp av digitala karttj\u00e4nster s\u00e5 finns d\u00e4r ofta en knapp f\u00f6r hur v\u00e4gen skulle se ut om man valde att g\u00e5 till fots. Vilken v\u00e4g vore att rekommendera och hur l\u00e5ng tid skulle det ta? P\u00e5 bilden [&hellip;]\" \/>\n<meta property=\"og:url\" content=\"https:\/\/blogg.svenskakyrkan.se\/vandravagen\/2016\/03\/09\/att-pilgrimsvandra-pa-googles-kartor\/\" \/>\n<meta property=\"og:site_name\" content=\"Vandra V\u00e4gen\" \/>\n<meta property=\"article:publisher\" content=\"http:\/\/facebook.com\/vandravagen\" \/>\n<meta property=\"article:published_time\" content=\"2016-03-09T06:00:43+00:00\" \/>\n<meta name=\"author\" content=\"Tomas Jarvid\" \/>\n<meta name=\"twitter:card\" content=\"summary_large_image\" \/>\n<meta name=\"twitter:creator\" content=\"@fadertomas\" \/>\n<meta name=\"twitter:site\" content=\"@fadertomas\" \/>\n<meta name=\"twitter:label1\" content=\"Skriven av\" \/>\n\t<meta name=\"twitter:data1\" content=\"Tomas Jarvid\" \/>\n\t<meta name=\"twitter:label2\" content=\"Ber\u00e4knad l\u00e4stid\" \/>\n\t<meta name=\"twitter:data2\" content=\"2 minuter\" \/>\n<script type=\"application\/ld+json\" class=\"yoast-schema-graph\">{\"@context\":\"https:\/\/schema.org\",\"@graph\":[{\"@type\":\"Article\",\"@id\":\"https:\/\/blogg.svenskakyrkan.se\/vandravagen\/2016\/03\/09\/att-pilgrimsvandra-pa-googles-kartor\/#article\",\"isPartOf\":{\"@id\":\"https:\/\/blogg.svenskakyrkan.se\/vandravagen\/2016\/03\/09\/att-pilgrimsvandra-pa-googles-kartor\/\"},\"author\":{\"name\":\"Tomas Jarvid\",\"@id\":\"https:\/\/blogg.svenskakyrkan.se\/vandravagen\/#\/schema\/person\/25da02d4f76b137d04291711e2c9fc16\"},\"headline\":\"Att pilgrimsvandra p\u00e5 googles kartor\",\"datePublished\":\"2016-03-09T06:00:43+00:00\",\"mainEntityOfPage\":{\"@id\":\"https:\/\/blogg.svenskakyrkan.se\/vandravagen\/2016\/03\/09\/att-pilgrimsvandra-pa-googles-kartor\/\"},\"wordCount\":381,\"commentCount\":10,\"publisher\":{\"@id\":\"https:\/\/blogg.svenskakyrkan.se\/vandravagen\/#organization\"},\"articleSection\":[\"Dagens Kyrka\",\"pilgrim\"],\"inLanguage\":\"sv-SE\",\"potentialAction\":[{\"@type\":\"CommentAction\",\"name\":\"Comment\",\"target\":[\"https:\/\/blogg.svenskakyrkan.se\/vandravagen\/2016\/03\/09\/att-pilgrimsvandra-pa-googles-kartor\/#respond\"]}]},{\"@type\":\"WebPage\",\"@id\":\"https:\/\/blogg.svenskakyrkan.se\/vandravagen\/2016\/03\/09\/att-pilgrimsvandra-pa-googles-kartor\/\",\"url\":\"https:\/\/blogg.svenskakyrkan.se\/vandravagen\/2016\/03\/09\/att-pilgrimsvandra-pa-googles-kartor\/\",\"name\":\"Att pilgrimsvandra p\u00e5 googles kartor - Vandra V\u00e4gen\",\"isPartOf\":{\"@id\":\"https:\/\/blogg.svenskakyrkan.se\/vandravagen\/#website\"},\"datePublished\":\"2016-03-09T06:00:43+00:00\",\"breadcrumb\":{\"@id\":\"https:\/\/blogg.svenskakyrkan.se\/vandravagen\/2016\/03\/09\/att-pilgrimsvandra-pa-googles-kartor\/#breadcrumb\"},\"inLanguage\":\"sv-SE\",\"potentialAction\":[{\"@type\":\"ReadAction\",\"target\":[\"https:\/\/blogg.svenskakyrkan.se\/vandravagen\/2016\/03\/09\/att-pilgrimsvandra-pa-googles-kartor\/\"]}]},{\"@type\":\"BreadcrumbList\",\"@id\":\"https:\/\/blogg.svenskakyrkan.se\/vandravagen\/2016\/03\/09\/att-pilgrimsvandra-pa-googles-kartor\/#breadcrumb\",\"itemListElement\":[{\"@type\":\"ListItem\",\"position\":1,\"name\":\"Hem\",\"item\":\"https:\/\/blogg.svenskakyrkan.se\/vandravagen\/\"},{\"@type\":\"ListItem\",\"position\":2,\"name\":\"Att pilgrimsvandra p\u00e5 googles kartor\"}]},{\"@type\":\"WebSite\",\"@id\":\"https:\/\/blogg.svenskakyrkan.se\/vandravagen\/#website\",\"url\":\"https:\/\/blogg.svenskakyrkan.se\/vandravagen\/\",\"name\":\"Vandra V\u00e4gen\",\"description\":\"-Mot en tro f\u00f6r hela livet\",\"publisher\":{\"@id\":\"https:\/\/blogg.svenskakyrkan.se\/vandravagen\/#organization\"},\"potentialAction\":[{\"@type\":\"SearchAction\",\"target\":{\"@type\":\"EntryPoint\",\"urlTemplate\":\"https:\/\/blogg.svenskakyrkan.se\/vandravagen\/?s={search_term_string}\"},\"query-input\":{\"@type\":\"PropertyValueSpecification\",\"valueRequired\":true,\"valueName\":\"search_term_string\"}}],\"inLanguage\":\"sv-SE\"},{\"@type\":\"Organization\",\"@id\":\"https:\/\/blogg.svenskakyrkan.se\/vandravagen\/#organization\",\"name\":\"ulricehamns pastorat\",\"alternateName\":\"ulricehamns pastorat\",\"url\":\"https:\/\/blogg.svenskakyrkan.se\/vandravagen\/\",\"logo\":{\"@type\":\"ImageObject\",\"inLanguage\":\"sv-SE\",\"@id\":\"https:\/\/blogg.svenskakyrkan.se\/vandravagen\/#\/schema\/logo\/image\/\",\"url\":\"https:\/\/blogg.svenskakyrkan.se\/vandravagen\/files\/2023\/05\/Ulr_logo_RGB.png\",\"contentUrl\":\"https:\/\/blogg.svenskakyrkan.se\/vandravagen\/files\/2023\/05\/Ulr_logo_RGB.png\",\"width\":205,\"height\":77,\"caption\":\"ulricehamns pastorat\"},\"image\":{\"@id\":\"https:\/\/blogg.svenskakyrkan.se\/vandravagen\/#\/schema\/logo\/image\/\"},\"sameAs\":[\"http:\/\/facebook.com\/vandravagen\",\"https:\/\/x.com\/fadertomas\",\"http:\/\/www.facebook.com\/svenskakyrkaniulricehamn\"]},{\"@type\":\"Person\",\"@id\":\"https:\/\/blogg.svenskakyrkan.se\/vandravagen\/#\/schema\/person\/25da02d4f76b137d04291711e2c9fc16\",\"name\":\"Tomas Jarvid\",\"image\":{\"@type\":\"ImageObject\",\"inLanguage\":\"sv-SE\",\"@id\":\"https:\/\/blogg.svenskakyrkan.se\/vandravagen\/#\/schema\/person\/image\/\",\"url\":\"https:\/\/secure.gravatar.com\/avatar\/7fa71899795e8f540f615a1f5ab25255dc27aa40f05ee7ddd21aac521e01bf50?s=96&d=identicon&r=g\",\"contentUrl\":\"https:\/\/secure.gravatar.com\/avatar\/7fa71899795e8f540f615a1f5ab25255dc27aa40f05ee7ddd21aac521e01bf50?s=96&d=identicon&r=g\",\"caption\":\"Tomas Jarvid\"},\"description\":\"Jag bor i Ulricehamn i V\u00e4sterg\u00f6tland och \u00e4r f\u00f6rsamlingspr\u00e4st i Svenska Kyrkan f\u00f6r Dalstorps f\u00f6rsamling i Kinds pastorat. P\u00e5 den h\u00e4r bloggen skriver jag ner tankar om vandringen som kristen.\",\"sameAs\":[\"http:\/\/www.vandravagen.se\"],\"url\":\"https:\/\/blogg.svenskakyrkan.se\/vandravagen\/author\/vandravagen\/\"}]}<\/script>\n<!-- \/ Yoast SEO plugin. -->","yoast_head_json":{"title":"Att pilgrimsvandra p\u00e5 googles kartor - Vandra V\u00e4gen","robots":{"index":"index","follow":"follow","max-snippet":"max-snippet:-1","max-image-preview":"max-image-preview:large","max-video-preview":"max-video-preview:-1"},"canonical":"https:\/\/blogg.svenskakyrkan.se\/vandravagen\/2016\/03\/09\/att-pilgrimsvandra-pa-googles-kartor\/","og_locale":"sv_SE","og_type":"article","og_title":"Att pilgrimsvandra p\u00e5 googles kartor - Vandra V\u00e4gen","og_description":"Idag blir det bara en v\u00e4ldigt enkel reflektion h\u00e4r. N\u00e4r jag ska k\u00f6ra bil och unders\u00f6ker avst\u00e5nd med hj\u00e4lp av digitala karttj\u00e4nster s\u00e5 finns d\u00e4r ofta en knapp f\u00f6r hur v\u00e4gen skulle se ut om man valde att g\u00e5 till fots. Vilken v\u00e4g vore att rekommendera och hur l\u00e5ng tid skulle det ta? P\u00e5 bilden [&hellip;]","og_url":"https:\/\/blogg.svenskakyrkan.se\/vandravagen\/2016\/03\/09\/att-pilgrimsvandra-pa-googles-kartor\/","og_site_name":"Vandra V\u00e4gen","article_publisher":"http:\/\/facebook.com\/vandravagen","article_published_time":"2016-03-09T06:00:43+00:00","author":"Tomas Jarvid","twitter_card":"summary_large_image","twitter_creator":"@fadertomas","twitter_site":"@fadertomas","twitter_misc":{"Skriven av":"Tomas Jarvid","Ber\u00e4knad l\u00e4stid":"2 minuter"},"schema":{"@context":"https:\/\/schema.org","@graph":[{"@type":"Article","@id":"https:\/\/blogg.svenskakyrkan.se\/vandravagen\/2016\/03\/09\/att-pilgrimsvandra-pa-googles-kartor\/#article","isPartOf":{"@id":"https:\/\/blogg.svenskakyrkan.se\/vandravagen\/2016\/03\/09\/att-pilgrimsvandra-pa-googles-kartor\/"},"author":{"name":"Tomas Jarvid","@id":"https:\/\/blogg.svenskakyrkan.se\/vandravagen\/#\/schema\/person\/25da02d4f76b137d04291711e2c9fc16"},"headline":"Att pilgrimsvandra p\u00e5 googles kartor","datePublished":"2016-03-09T06:00:43+00:00","mainEntityOfPage":{"@id":"https:\/\/blogg.svenskakyrkan.se\/vandravagen\/2016\/03\/09\/att-pilgrimsvandra-pa-googles-kartor\/"},"wordCount":381,"commentCount":10,"publisher":{"@id":"https:\/\/blogg.svenskakyrkan.se\/vandravagen\/#organization"},"articleSection":["Dagens Kyrka","pilgrim"],"inLanguage":"sv-SE","potentialAction":[{"@type":"CommentAction","name":"Comment","target":["https:\/\/blogg.svenskakyrkan.se\/vandravagen\/2016\/03\/09\/att-pilgrimsvandra-pa-googles-kartor\/#respond"]}]},{"@type":"WebPage","@id":"https:\/\/blogg.svenskakyrkan.se\/vandravagen\/2016\/03\/09\/att-pilgrimsvandra-pa-googles-kartor\/","url":"https:\/\/blogg.svenskakyrkan.se\/vandravagen\/2016\/03\/09\/att-pilgrimsvandra-pa-googles-kartor\/","name":"Att pilgrimsvandra p\u00e5 googles kartor - Vandra V\u00e4gen","isPartOf":{"@id":"https:\/\/blogg.svenskakyrkan.se\/vandravagen\/#website"},"datePublished":"2016-03-09T06:00:43+00:00","breadcrumb":{"@id":"https:\/\/blogg.svenskakyrkan.se\/vandravagen\/2016\/03\/09\/att-pilgrimsvandra-pa-googles-kartor\/#breadcrumb"},"inLanguage":"sv-SE","potentialAction":[{"@type":"ReadAction","target":["https:\/\/blogg.svenskakyrkan.se\/vandravagen\/2016\/03\/09\/att-pilgrimsvandra-pa-googles-kartor\/"]}]},{"@type":"BreadcrumbList","@id":"https:\/\/blogg.svenskakyrkan.se\/vandravagen\/2016\/03\/09\/att-pilgrimsvandra-pa-googles-kartor\/#breadcrumb","itemListElement":[{"@type":"ListItem","position":1,"name":"Hem","item":"https:\/\/blogg.svenskakyrkan.se\/vandravagen\/"},{"@type":"ListItem","position":2,"name":"Att pilgrimsvandra p\u00e5 googles kartor"}]},{"@type":"WebSite","@id":"https:\/\/blogg.svenskakyrkan.se\/vandravagen\/#website","url":"https:\/\/blogg.svenskakyrkan.se\/vandravagen\/","name":"Vandra V\u00e4gen","description":"-Mot en tro f\u00f6r hela livet","publisher":{"@id":"https:\/\/blogg.svenskakyrkan.se\/vandravagen\/#organization"},"potentialAction":[{"@type":"SearchAction","target":{"@type":"EntryPoint","urlTemplate":"https:\/\/blogg.svenskakyrkan.se\/vandravagen\/?s={search_term_string}"},"query-input":{"@type":"PropertyValueSpecification","valueRequired":true,"valueName":"search_term_string"}}],"inLanguage":"sv-SE"},{"@type":"Organization","@id":"https:\/\/blogg.svenskakyrkan.se\/vandravagen\/#organization","name":"ulricehamns pastorat","alternateName":"ulricehamns pastorat","url":"https:\/\/blogg.svenskakyrkan.se\/vandravagen\/","logo":{"@type":"ImageObject","inLanguage":"sv-SE","@id":"https:\/\/blogg.svenskakyrkan.se\/vandravagen\/#\/schema\/logo\/image\/","url":"https:\/\/blogg.svenskakyrkan.se\/vandravagen\/files\/2023\/05\/Ulr_logo_RGB.png","contentUrl":"https:\/\/blogg.svenskakyrkan.se\/vandravagen\/files\/2023\/05\/Ulr_logo_RGB.png","width":205,"height":77,"caption":"ulricehamns pastorat"},"image":{"@id":"https:\/\/blogg.svenskakyrkan.se\/vandravagen\/#\/schema\/logo\/image\/"},"sameAs":["http:\/\/facebook.com\/vandravagen","https:\/\/x.com\/fadertomas","http:\/\/www.facebook.com\/svenskakyrkaniulricehamn"]},{"@type":"Person","@id":"https:\/\/blogg.svenskakyrkan.se\/vandravagen\/#\/schema\/person\/25da02d4f76b137d04291711e2c9fc16","name":"Tomas Jarvid","image":{"@type":"ImageObject","inLanguage":"sv-SE","@id":"https:\/\/blogg.svenskakyrkan.se\/vandravagen\/#\/schema\/person\/image\/","url":"https:\/\/secure.gravatar.com\/avatar\/7fa71899795e8f540f615a1f5ab25255dc27aa40f05ee7ddd21aac521e01bf50?s=96&d=identicon&r=g","contentUrl":"https:\/\/secure.gravatar.com\/avatar\/7fa71899795e8f540f615a1f5ab25255dc27aa40f05ee7ddd21aac521e01bf50?s=96&d=identicon&r=g","caption":"Tomas Jarvid"},"description":"Jag bor i Ulricehamn i V\u00e4sterg\u00f6tland och \u00e4r f\u00f6rsamlingspr\u00e4st i Svenska Kyrkan f\u00f6r Dalstorps f\u00f6rsamling i Kinds pastorat. P\u00e5 den h\u00e4r bloggen skriver jag ner tankar om vandringen som kristen.","sameAs":["http:\/\/www.vandravagen.se"],"url":"https:\/\/blogg.svenskakyrkan.se\/vandravagen\/author\/vandravagen\/"}]}},"author_meta":{"ID":"392","user_nicename":"vandravagen","user_url":"http:\/\/www.vandravagen.se","user_registered":"2014-05-19 05:44:52","display_name":"Tomas Jarvid","first_name":"Tomas","last_name":"Jarvid","avatar":"https:\/\/secure.gravatar.com\/avatar\/7fa71899795e8f540f615a1f5ab25255dc27aa40f05ee7ddd21aac521e01bf50?s=96&d=identicon&r=g"},"featured_image":false,"bloginfo":{"name":"Vandra V\u00e4gen","url":"https:\/\/blogg.svenskakyrkan.se\/vandravagen"},"_links":{"self":[{"href":"https:\/\/blogg.svenskakyrkan.se\/vandravagen\/wp-json\/wp\/v2\/posts\/4404","targetHints":{"allow":["GET"]}}],"collection":[{"href":"https:\/\/blogg.svenskakyrkan.se\/vandravagen\/wp-json\/wp\/v2\/posts"}],"about":[{"href":"https:\/\/blogg.svenskakyrkan.se\/vandravagen\/wp-json\/wp\/v2\/types\/post"}],"author":[{"embeddable":true,"href":"https:\/\/blogg.svenskakyrkan.se\/vandravagen\/wp-json\/wp\/v2\/users\/392"}],"replies":[{"embeddable":true,"href":"https:\/\/blogg.svenskakyrkan.se\/vandravagen\/wp-json\/wp\/v2\/comments?post=4404"}],"version-history":[{"count":2,"href":"https:\/\/blogg.svenskakyrkan.se\/vandravagen\/wp-json\/wp\/v2\/posts\/4404\/revisions"}],"predecessor-version":[{"id":4409,"href":"https:\/\/blogg.svenskakyrkan.se\/vandravagen\/wp-json\/wp\/v2\/posts\/4404\/revisions\/4409"}],"wp:attachment":[{"href":"https:\/\/blogg.svenskakyrkan.se\/vandravagen\/wp-json\/wp\/v2\/media?parent=4404"}],"wp:term":[{"taxonomy":"category","embeddable":true,"href":"https:\/\/blogg.svenskakyrkan.se\/vandravagen\/wp-json\/wp\/v2\/categories?post=4404"},{"taxonomy":"post_tag","embeddable":true,"href":"https:\/\/blogg.svenskakyrkan.se\/vandravagen\/wp-json\/wp\/v2\/tags?post=4404"}],"curies":[{"name":"wp","href":"https:\/\/api.w.org\/{rel}","templated":true}]}}