{"id":442,"date":"2013-07-24T07:49:00","date_gmt":"2013-07-24T05:49:00","guid":{"rendered":"http:\/\/blogg.svenskakyrkan.se\/vandravagen\/2013\/07\/24\/veckans-favoriter-fran-twitter\/"},"modified":"2013-07-24T07:49:00","modified_gmt":"2013-07-24T05:49:00","slug":"veckans-favoriter-fran-twitter","status":"publish","type":"post","link":"https:\/\/blogg.svenskakyrkan.se\/vandravagen\/2013\/07\/24\/veckans-favoriter-fran-twitter\/","title":{"rendered":"Veckans favoriter fr\u00e5n twitter"},"content":{"rendered":"<div>Det \u00e4r onsdag. Twitter sover aldrig s\u00e5 h\u00e4r \u00e4r en ny omg\u00e5ng med roliga, kloka eller fromma minitankar att fundera p\u00e5 s\u00e5 h\u00e4r p\u00e5 morgonen!<\/div>\n<div><\/div>\n<div><\/div>\n<div><b>Kristna (?) tweets<\/b><\/div>\n<div><\/div>\n<div><\/div>\n<div>@renovatuspastor \u00e4r en ny favoritpastor, tydligen kompis med @brianZahnd som n\u00e4stan alltid finns med h\u00e4r:<\/div>\n<div><a href=\"http:\/\/2.bp.blogspot.com\/-Mz0Z9RgJPxo\/Ue9k65lF1UI\/AAAAAAAAEeo\/AxjZIkbPoiY\/s1600\/Ska%CC%88rmavbild+2013-07-23+kl.+19.07.51.png\"><img loading=\"lazy\" decoding=\"async\" border=\"0\" height=\"86\" src=\"http:\/\/2.bp.blogspot.com\/-Mz0Z9RgJPxo\/Ue9k65lF1UI\/AAAAAAAAEeo\/AxjZIkbPoiY\/s400\/Ska%CC%88rmavbild+2013-07-23+kl.+19.07.51.png\" width=\"400\"><\/a><\/div>\n<div><\/div>\n<div><\/div>\n<div><\/div>\n<div>De \u00e4r inte dumma, barnen!<\/div>\n<div><a href=\"http:\/\/1.bp.blogspot.com\/-CaL8EfeTFPM\/Ue9k9OypbQI\/AAAAAAAAEfc\/GTr1ubFqd_o\/s1600\/Ska%CC%88rmavbild+2013-07-23+kl.+19.10.50.png\"><img loading=\"lazy\" decoding=\"async\" border=\"0\" height=\"73\" src=\"http:\/\/1.bp.blogspot.com\/-CaL8EfeTFPM\/Ue9k9OypbQI\/AAAAAAAAEfc\/GTr1ubFqd_o\/s400\/Ska%CC%88rmavbild+2013-07-23+kl.+19.10.50.png\" width=\"400\"><\/a><\/div>\n<div><\/div>\n<div><\/div>\n<div><\/div>\n<div><a href=\"http:\/\/3.bp.blogspot.com\/-g2xw89Cwr20\/Ue9lE1xpwII\/AAAAAAAAEho\/tGrRoz96G3g\/s1600\/Ska%CC%88rmavbild+2013-07-23+kl.+19.18.52.png\"><img loading=\"lazy\" decoding=\"async\" border=\"0\" height=\"58\" src=\"http:\/\/3.bp.blogspot.com\/-g2xw89Cwr20\/Ue9lE1xpwII\/AAAAAAAAEho\/tGrRoz96G3g\/s400\/Ska%CC%88rmavbild+2013-07-23+kl.+19.18.52.png\" width=\"400\"><\/a><\/div>\n<div><\/div>\n<div><\/div>\n<div><\/div>\n<div><a href=\"http:\/\/3.bp.blogspot.com\/-EvkkF8tYCC0\/Ue9k9V5XVZI\/AAAAAAAAEfY\/6Rl8YwrXlSo\/s1600\/Ska%CC%88rmavbild+2013-07-23+kl.+19.11.04.png\"><img loading=\"lazy\" decoding=\"async\" border=\"0\" height=\"100\" src=\"http:\/\/3.bp.blogspot.com\/-EvkkF8tYCC0\/Ue9k9V5XVZI\/AAAAAAAAEfY\/6Rl8YwrXlSo\/s400\/Ska%CC%88rmavbild+2013-07-23+kl.+19.11.04.png\" width=\"400\"><\/a><\/div>\n<div><\/div>\n<div><\/div>\n<div><\/div>\n<div>Jag skrev n\u00e5got liknande p\u00e5 bloggen <a href=\"http:\/\/www.vandravagen.se\/2013\/05\/bonsondagen-och-resten-av-arets-dagar.html\">p\u00e5 b\u00f6ns\u00f6ndagen<\/a>.<\/div>\n<div><a href=\"http:\/\/2.bp.blogspot.com\/-D3BhGexk6qQ\/Ue9lCr6m0mI\/AAAAAAAAEiY\/ruxncO1Dy4k\/s1600\/Ska%CC%88rmavbild+2013-07-23+kl.+19.15.57.png\"><img loading=\"lazy\" decoding=\"async\" border=\"0\" height=\"97\" src=\"http:\/\/2.bp.blogspot.com\/-D3BhGexk6qQ\/Ue9lCr6m0mI\/AAAAAAAAEiY\/ruxncO1Dy4k\/s400\/Ska%CC%88rmavbild+2013-07-23+kl.+19.15.57.png\" width=\"400\"><\/a><\/div>\n<div><\/div>\n<div><\/div>\n<div><\/div>\n<div>N\u00e5got att t\u00e4nka p\u00e5. Vi kanske ska vara glada att livet \u00e4r or\u00e4ttvist, vi kanske f\u00e5r b\u00e4ttre \u00e4n vi f\u00f6rtj\u00e4nar?<\/div>\n<div><a href=\"http:\/\/4.bp.blogspot.com\/--jsC2Mh3BcM\/Ue9lBz9t04I\/AAAAAAAAEg0\/8G_bWBE7_Hc\/s1600\/Ska%CC%88rmavbild+2013-07-23+kl.+19.15.36.png\"><img loading=\"lazy\" decoding=\"async\" border=\"0\" height=\"72\" src=\"http:\/\/4.bp.blogspot.com\/--jsC2Mh3BcM\/Ue9lBz9t04I\/AAAAAAAAEg0\/8G_bWBE7_Hc\/s400\/Ska%CC%88rmavbild+2013-07-23+kl.+19.15.36.png\" width=\"400\"><\/a><\/div>\n<div><\/div>\n<div><\/div>\n<div><\/div>\n<div><a href=\"http:\/\/2.bp.blogspot.com\/-xIxkWzh8Jaw\/Ue9lA2WossI\/AAAAAAAAEgk\/CTKHyz-UeCE\/s1600\/Ska%CC%88rmavbild+2013-07-23+kl.+19.14.52.png\"><img loading=\"lazy\" decoding=\"async\" border=\"0\" height=\"101\" src=\"http:\/\/2.bp.blogspot.com\/-xIxkWzh8Jaw\/Ue9lA2WossI\/AAAAAAAAEgk\/CTKHyz-UeCE\/s400\/Ska%CC%88rmavbild+2013-07-23+kl.+19.14.52.png\" width=\"400\"><\/a><\/div>\n<div><\/div>\n<div><\/div>\n<div><\/div>\n<div><a href=\"http:\/\/2.bp.blogspot.com\/-2-XNRzRDRO0\/Ue9k94N6ctI\/AAAAAAAAEfs\/9aa3EKwKnvI\/s1600\/Ska%CC%88rmavbild+2013-07-23+kl.+19.12.06.png\"><img loading=\"lazy\" decoding=\"async\" border=\"0\" height=\"85\" src=\"http:\/\/2.bp.blogspot.com\/-2-XNRzRDRO0\/Ue9k94N6ctI\/AAAAAAAAEfs\/9aa3EKwKnvI\/s400\/Ska%CC%88rmavbild+2013-07-23+kl.+19.12.06.png\" width=\"400\"><\/a><\/div>\n<div><\/div>\n<div><\/div>\n<div>Och ett litet Gudsbevis fr\u00e5n @johanwanloo, i stil med <a href=\"http:\/\/www.vandravagen.se\/2013\/04\/gudsbevis-utifran-batman.html\">gudsbevis utifr\u00e5n batman?<\/a><\/div>\n<div><a href=\"http:\/\/4.bp.blogspot.com\/-TMolwtXr--w\/Ue9lDxkNGRI\/AAAAAAAAEhU\/IqLCkA256NY\/s1600\/Ska%CC%88rmavbild+2013-07-23+kl.+19.18.02.png\"><img loading=\"lazy\" decoding=\"async\" border=\"0\" height=\"56\" src=\"http:\/\/4.bp.blogspot.com\/-TMolwtXr--w\/Ue9lDxkNGRI\/AAAAAAAAEhU\/IqLCkA256NY\/s400\/Ska%CC%88rmavbild+2013-07-23+kl.+19.18.02.png\" width=\"400\"><\/a><\/div>\n<div><\/div>\n<div><\/div>\n<div><\/div>\n<div>Det h\u00e4r kanske \u00e4r ett sk\u00e4mt som g\u00e5r \u00f6ver gr\u00e4nsen, ja. Men \u00e5 s\u00e5 fyndigt!<\/div>\n<div><a href=\"http:\/\/4.bp.blogspot.com\/-GbtOLTyWAvY\/Ue9k-rFOQGI\/AAAAAAAAEf0\/zdVKL6c97mU\/s1600\/Ska%CC%88rmavbild+2013-07-23+kl.+19.12.21.png\"><img loading=\"lazy\" decoding=\"async\" border=\"0\" height=\"75\" src=\"http:\/\/4.bp.blogspot.com\/-GbtOLTyWAvY\/Ue9k-rFOQGI\/AAAAAAAAEf0\/zdVKL6c97mU\/s400\/Ska%CC%88rmavbild+2013-07-23+kl.+19.12.21.png\" width=\"400\"><\/a><\/div>\n<div><\/div>\n<div><\/div>\n<div><\/div>\n<div><a href=\"http:\/\/3.bp.blogspot.com\/-F-eep-BANjI\/Ue9k_9wZDDI\/AAAAAAAAEhE\/e-tmHGMSpiA\/s1600\/Ska%CC%88rmavbild+2013-07-23+kl.+19.13.56.png\"><img loading=\"lazy\" decoding=\"async\" border=\"0\" height=\"100\" src=\"http:\/\/3.bp.blogspot.com\/-F-eep-BANjI\/Ue9k_9wZDDI\/AAAAAAAAEhE\/e-tmHGMSpiA\/s400\/Ska%CC%88rmavbild+2013-07-23+kl.+19.13.56.png\" width=\"400\"><\/a><\/div>\n<div><\/div>\n<div><\/div>\n<div><\/div>\n<div><a href=\"http:\/\/2.bp.blogspot.com\/-e4KYR1LO1mk\/Ue9lDsJzPcI\/AAAAAAAAEhs\/MmwxuYrqRtE\/s1600\/Ska%CC%88rmavbild+2013-07-23+kl.+19.17.42.png\"><img loading=\"lazy\" decoding=\"async\" border=\"0\" height=\"86\" src=\"http:\/\/2.bp.blogspot.com\/-e4KYR1LO1mk\/Ue9lDsJzPcI\/AAAAAAAAEhs\/MmwxuYrqRtE\/s400\/Ska%CC%88rmavbild+2013-07-23+kl.+19.17.42.png\" width=\"400\"><\/a><\/div>\n<div><\/div>\n<div><\/div>\n<div><\/div>\n<div><a href=\"http:\/\/4.bp.blogspot.com\/-0rFtird_klU\/Ue9k_ewlCpI\/AAAAAAAAEgA\/NW1Ny6dbI4Q\/s1600\/Ska%CC%88rmavbild+2013-07-23+kl.+19.12.51.png\"><img loading=\"lazy\" decoding=\"async\" border=\"0\" height=\"85\" src=\"http:\/\/4.bp.blogspot.com\/-0rFtird_klU\/Ue9k_ewlCpI\/AAAAAAAAEgA\/NW1Ny6dbI4Q\/s400\/Ska%CC%88rmavbild+2013-07-23+kl.+19.12.51.png\" width=\"400\"><\/a><\/div>\n<div><\/div>\n<div><\/div>\n<div>Det h\u00e4r tycker jag f\u00e5ngade n\u00e5got av sp\u00e4nningen mellan n\u00e5d och sanning i hur kyrkan ska framtr\u00e4da i v\u00e4rlden; fast i l\u00e4ran men mjuk i hj\u00e4rtat!<\/div>\n<div><a href=\"http:\/\/2.bp.blogspot.com\/-ukkUhKnVgAY\/Ue9lB5L2AWI\/AAAAAAAAEgw\/MUSxD1L0_6s\/s1600\/Ska%CC%88rmavbild+2013-07-23+kl.+19.15.45.png\"><img loading=\"lazy\" decoding=\"async\" border=\"0\" height=\"85\" src=\"http:\/\/2.bp.blogspot.com\/-ukkUhKnVgAY\/Ue9lB5L2AWI\/AAAAAAAAEgw\/MUSxD1L0_6s\/s400\/Ska%CC%88rmavbild+2013-07-23+kl.+19.15.45.png\" width=\"400\"><\/a><\/div>\n<div><\/div>\n<div><\/div>\n<div>Och det h\u00e4r f\u00e5ngar definitivt vad arbetet som pr\u00e4st \u00e4r!<\/div>\n<div><a href=\"http:\/\/1.bp.blogspot.com\/-hpDgGS_A924\/Ue9lFe3EVYI\/AAAAAAAAEh8\/_9CmIoaqjlE\/s1600\/Ska%CC%88rmavbild+2013-07-23+kl.+19.19.00.png\"><img loading=\"lazy\" decoding=\"async\" border=\"0\" height=\"76\" src=\"http:\/\/1.bp.blogspot.com\/-hpDgGS_A924\/Ue9lFe3EVYI\/AAAAAAAAEh8\/_9CmIoaqjlE\/s400\/Ska%CC%88rmavbild+2013-07-23+kl.+19.19.00.png\" width=\"400\"><\/a><\/div>\n<div><\/div>\n<div><\/div>\n<div><b>Kloka tweets<\/b><\/div>\n<div><\/div>\n<div><a href=\"http:\/\/2.bp.blogspot.com\/-xcKtlHTa4YA\/Ue9k61--E8I\/AAAAAAAAEgU\/i00KFJi0vQo\/s1600\/Ska%CC%88rmavbild+2013-07-23+kl.+19.07.44.png\"><img loading=\"lazy\" decoding=\"async\" border=\"0\" height=\"87\" src=\"http:\/\/2.bp.blogspot.com\/-xcKtlHTa4YA\/Ue9k61--E8I\/AAAAAAAAEgU\/i00KFJi0vQo\/s400\/Ska%CC%88rmavbild+2013-07-23+kl.+19.07.44.png\" width=\"400\"><\/a><\/div>\n<div><\/div>\n<div><\/div>\n<div>Det \u00e4r ett sv\u00e5rt l\u00e4ge f\u00f6r m\u00e5nga av oss!<\/div>\n<div><a href=\"http:\/\/4.bp.blogspot.com\/-ZVT6JvVVE1g\/Ue9k7bhvkZI\/AAAAAAAAEe8\/wtftS4Zcfu4\/s1600\/Ska%CC%88rmavbild+2013-07-23+kl.+19.07.58.png\"><img loading=\"lazy\" decoding=\"async\" border=\"0\" height=\"73\" src=\"http:\/\/4.bp.blogspot.com\/-ZVT6JvVVE1g\/Ue9k7bhvkZI\/AAAAAAAAEe8\/wtftS4Zcfu4\/s400\/Ska%CC%88rmavbild+2013-07-23+kl.+19.07.58.png\" width=\"400\"><\/a><\/div>\n<div><\/div>\n<div><\/div>\n<div><a href=\"http:\/\/2.bp.blogspot.com\/-np8o5VwaWjc\/Ue9k8eQXQCI\/AAAAAAAAEfI\/80gLhrVO5DI\/s1600\/Ska%CC%88rmavbild+2013-07-23+kl.+19.10.39.png\"><img loading=\"lazy\" decoding=\"async\" border=\"0\" height=\"68\" src=\"http:\/\/2.bp.blogspot.com\/-np8o5VwaWjc\/Ue9k8eQXQCI\/AAAAAAAAEfI\/80gLhrVO5DI\/s400\/Ska%CC%88rmavbild+2013-07-23+kl.+19.10.39.png\" width=\"400\"><\/a><\/div>\n<div><\/div>\n<div><\/div>\n<div><\/div>\n<div><a href=\"http:\/\/4.bp.blogspot.com\/-ndgujsdh8oY\/Ue9k-xnQorI\/AAAAAAAAEgE\/OmBX_zesP5Y\/s1600\/Ska%CC%88rmavbild+2013-07-23+kl.+19.12.43.png\"><img loading=\"lazy\" decoding=\"async\" border=\"0\" height=\"75\" src=\"http:\/\/4.bp.blogspot.com\/-ndgujsdh8oY\/Ue9k-xnQorI\/AAAAAAAAEgE\/OmBX_zesP5Y\/s400\/Ska%CC%88rmavbild+2013-07-23+kl.+19.12.43.png\" width=\"400\"><\/a><\/div>\n<div><\/div>\n<div><\/div>\n<div><\/div>\n<div>Goda ord om f\u00f6rl\u00e5telse fr\u00e5n biskopen!<\/div>\n<div><a href=\"http:\/\/1.bp.blogspot.com\/-dqg8jGuLCwM\/Ue9lEninXrI\/AAAAAAAAEhc\/2ppZ3zT1294\/s1600\/Ska%CC%88rmavbild+2013-07-23+kl.+19.18.25.png\"><img loading=\"lazy\" decoding=\"async\" border=\"0\" height=\"71\" src=\"http:\/\/1.bp.blogspot.com\/-dqg8jGuLCwM\/Ue9lEninXrI\/AAAAAAAAEhc\/2ppZ3zT1294\/s400\/Ska%CC%88rmavbild+2013-07-23+kl.+19.18.25.png\" width=\"400\"><\/a><\/div>\n<div><\/div>\n<div><\/div>\n<div><b>Roligt\/fyndigt\/\u00f6vrigt<\/b><\/div>\n<div><\/div>\n<div><\/div>\n<div><\/div>\n<div><a href=\"http:\/\/2.bp.blogspot.com\/-rrrcn0NZ-zw\/Ue9k6yZ1CJI\/AAAAAAAAEes\/Ik6YZQAgmyg\/s1600\/Ska%CC%88rmavbild+2013-07-23+kl.+19.05.06.png\"><img loading=\"lazy\" decoding=\"async\" border=\"0\" height=\"112\" src=\"http:\/\/2.bp.blogspot.com\/-rrrcn0NZ-zw\/Ue9k6yZ1CJI\/AAAAAAAAEes\/Ik6YZQAgmyg\/s400\/Ska%CC%88rmavbild+2013-07-23+kl.+19.05.06.png\" width=\"400\"><\/a><\/div>\n<\/p>\n<div><\/div>\n<\/p>\n<div><a href=\"http:\/\/1.bp.blogspot.com\/-94T_U9oRUdQ\/Ue9k8aX7PjI\/AAAAAAAAEfM\/yGh3VJ-EV5Y\/s1600\/Ska%CC%88rmavbild+2013-07-23+kl.+19.10.09.png\"><img loading=\"lazy\" decoding=\"async\" border=\"0\" height=\"76\" src=\"http:\/\/1.bp.blogspot.com\/-94T_U9oRUdQ\/Ue9k8aX7PjI\/AAAAAAAAEfM\/yGh3VJ-EV5Y\/s400\/Ska%CC%88rmavbild+2013-07-23+kl.+19.10.09.png\" width=\"400\"><\/a><\/div>\n<\/p>\n<div><\/div>\n<div><a href=\"http:\/\/3.bp.blogspot.com\/-GQ_Il-UCPK4\/Ue9k-OmG5UI\/AAAAAAAAEfo\/gRtgi7iL9m8\/s1600\/Ska%CC%88rmavbild+2013-07-23+kl.+19.12.13.png\"><img loading=\"lazy\" decoding=\"async\" border=\"0\" height=\"86\" src=\"http:\/\/3.bp.blogspot.com\/-GQ_Il-UCPK4\/Ue9k-OmG5UI\/AAAAAAAAEfo\/gRtgi7iL9m8\/s400\/Ska%CC%88rmavbild+2013-07-23+kl.+19.12.13.png\" width=\"400\"><\/a><\/div>\n<\/p>\n<div><\/div>\n<\/p>\n<div><a href=\"http:\/\/2.bp.blogspot.com\/-GjE7cGrHFpo\/Ue9lAAvGdKI\/AAAAAAAAEgQ\/DtDSB5rl39k\/s1600\/Ska%CC%88rmavbild+2013-07-23+kl.+19.14.10.png\"><img loading=\"lazy\" decoding=\"async\" border=\"0\" height=\"77\" src=\"http:\/\/2.bp.blogspot.com\/-GjE7cGrHFpo\/Ue9lAAvGdKI\/AAAAAAAAEgQ\/DtDSB5rl39k\/s400\/Ska%CC%88rmavbild+2013-07-23+kl.+19.14.10.png\" width=\"400\"><\/a><\/div>\n<\/p>\n<div><\/div>\n<div>\u00a0Det h\u00e4r tyckte jag var vansinnigt roligt av n\u00e5gon anledning.<\/div>\n<div><a href=\"http:\/\/4.bp.blogspot.com\/-S6uxI7_mUSs\/Ue9lBKXSRyI\/AAAAAAAAEgg\/BMinz5QtE6I\/s1600\/Ska%CC%88rmavbild+2013-07-23+kl.+19.15.05.png\"><img loading=\"lazy\" decoding=\"async\" border=\"0\" height=\"62\" src=\"http:\/\/4.bp.blogspot.com\/-S6uxI7_mUSs\/Ue9lBKXSRyI\/AAAAAAAAEgg\/BMinz5QtE6I\/s400\/Ska%CC%88rmavbild+2013-07-23+kl.+19.15.05.png\" width=\"400\"><\/a><\/div>\n<div><\/div>\n<div><\/div>\n<div><a href=\"http:\/\/3.bp.blogspot.com\/-4WoL6g7qXdQ\/Ue9lDaqSS8I\/AAAAAAAAEhM\/JTXP5appQ8U\/s1600\/Ska%CC%88rmavbild+2013-07-23+kl.+19.17.02.png\"><img loading=\"lazy\" decoding=\"async\" border=\"0\" height=\"72\" src=\"http:\/\/3.bp.blogspot.com\/-4WoL6g7qXdQ\/Ue9lDaqSS8I\/AAAAAAAAEhM\/JTXP5appQ8U\/s400\/Ska%CC%88rmavbild+2013-07-23+kl.+19.17.02.png\" width=\"400\"><\/a><\/div>\n<div><\/div>\n<div><\/div>\n<div><a href=\"http:\/\/1.bp.blogspot.com\/-R51rtV-0R0Y\/Ue9lFuQ5fxI\/AAAAAAAAEh4\/B1GB07TrRIQ\/s1600\/Ska%CC%88rmavbild+2013-07-23+kl.+19.20.03.png\"><img loading=\"lazy\" decoding=\"async\" border=\"0\" height=\"88\" src=\"http:\/\/1.bp.blogspot.com\/-R51rtV-0R0Y\/Ue9lFuQ5fxI\/AAAAAAAAEh4\/B1GB07TrRIQ\/s400\/Ska%CC%88rmavbild+2013-07-23+kl.+19.20.03.png\" width=\"400\"><\/a><\/div>\n<div><\/div>\n<div><\/div>\n<div><a href=\"http:\/\/2.bp.blogspot.com\/-5fdOuGxv8Nc\/Ue9lGABkt3I\/AAAAAAAAEiM\/XrJFOOsSEbg\/s1600\/Ska%CC%88rmavbild+2013-07-23+kl.+19.20.53.png\"><img loading=\"lazy\" decoding=\"async\" border=\"0\" height=\"71\" src=\"http:\/\/2.bp.blogspot.com\/-5fdOuGxv8Nc\/Ue9lGABkt3I\/AAAAAAAAEiM\/XrJFOOsSEbg\/s400\/Ska%CC%88rmavbild+2013-07-23+kl.+19.20.53.png\" width=\"400\"><\/a><\/div>\n<div><\/div>\n<div><\/div>\n<div><a href=\"http:\/\/4.bp.blogspot.com\/-fKnNJegNusQ\/Ue9lGXjEywI\/AAAAAAAAEiI\/7RU39s33Q48\/s1600\/Ska%CC%88rmavbild+2013-07-23+kl.+19.21.09.png\"><img loading=\"lazy\" decoding=\"async\" border=\"0\" height=\"75\" src=\"http:\/\/4.bp.blogspot.com\/-fKnNJegNusQ\/Ue9lGXjEywI\/AAAAAAAAEiI\/7RU39s33Q48\/s400\/Ska%CC%88rmavbild+2013-07-23+kl.+19.21.09.png\" width=\"400\"><\/a><\/div>\n<\/p>\n<div><\/div>\n<\/p>\n<div><\/div>\n<\/p>\n<div><b>Veckans b\u00e4sta tweet<\/b><\/div>\n<div>\u00a0Det har startats ett citatkonto med ord av Peter Halldorf. Det h\u00e4r kan du och jag g\u00e5tt ha att t\u00e4nka p\u00e5 nu under dagen. Eller veckan. Eller alltid.<\/div>\n<div><\/div>\n<div><a href=\"http:\/\/2.bp.blogspot.com\/-9-8nLt_4Ip0\/Ue9lCzHl6MI\/AAAAAAAAEhA\/ePRDCAyrov0\/s1600\/Ska%CC%88rmavbild+2013-07-23+kl.+19.16.39.png\"><img loading=\"lazy\" decoding=\"async\" border=\"0\" height=\"61\" src=\"http:\/\/2.bp.blogspot.com\/-9-8nLt_4Ip0\/Ue9lCzHl6MI\/AAAAAAAAEhA\/ePRDCAyrov0\/s400\/Ska%CC%88rmavbild+2013-07-23+kl.+19.16.39.png\" width=\"400\"><\/a><\/div>\n<div><\/div>\n<div><\/div>\n<div>Tack alla!<\/div>\n","protected":false},"excerpt":{"rendered":"<p>Det \u00e4r onsdag. Twitter sover aldrig s\u00e5 h\u00e4r \u00e4r en ny omg\u00e5ng med roliga, kloka eller fromma minitankar att fundera p\u00e5 s\u00e5 h\u00e4r p\u00e5 morgonen! Kristna (?) tweets @renovatuspastor \u00e4r en ny favoritpastor, tydligen kompis med @brianZahnd som n\u00e4stan alltid finns med h\u00e4r: De \u00e4r inte dumma, barnen! Jag skrev n\u00e5got liknande p\u00e5 bloggen p\u00e5 [&hellip;]<\/p>\n","protected":false},"author":392,"featured_media":0,"comment_status":"open","ping_status":"open","sticky":false,"template":"","format":"standard","meta":{"_acf_changed":false,"footnotes":""},"categories":[78772],"tags":[],"class_list":["post-442","post","type-post","status-publish","format-standard","hentry","category-favorittweets"],"acf":[],"yoast_head":"<!-- This site is optimized with the Yoast SEO plugin v27.1.1 - https:\/\/yoast.com\/product\/yoast-seo-wordpress\/ -->\n<title>Veckans favoriter fr\u00e5n twitter - Vandra V\u00e4gen<\/title>\n<meta name=\"robots\" content=\"index, follow, max-snippet:-1, max-image-preview:large, max-video-preview:-1\" \/>\n<link rel=\"canonical\" href=\"https:\/\/blogg.svenskakyrkan.se\/vandravagen\/2013\/07\/24\/veckans-favoriter-fran-twitter\/\" \/>\n<meta property=\"og:locale\" content=\"sv_SE\" \/>\n<meta property=\"og:type\" content=\"article\" \/>\n<meta property=\"og:title\" content=\"Veckans favoriter fr\u00e5n twitter - Vandra V\u00e4gen\" \/>\n<meta property=\"og:description\" content=\"Det \u00e4r onsdag. Twitter sover aldrig s\u00e5 h\u00e4r \u00e4r en ny omg\u00e5ng med roliga, kloka eller fromma minitankar att fundera p\u00e5 s\u00e5 h\u00e4r p\u00e5 morgonen! Kristna (?) tweets @renovatuspastor \u00e4r en ny favoritpastor, tydligen kompis med @brianZahnd som n\u00e4stan alltid finns med h\u00e4r: De \u00e4r inte dumma, barnen! Jag skrev n\u00e5got liknande p\u00e5 bloggen p\u00e5 [&hellip;]\" \/>\n<meta property=\"og:url\" content=\"https:\/\/blogg.svenskakyrkan.se\/vandravagen\/2013\/07\/24\/veckans-favoriter-fran-twitter\/\" \/>\n<meta property=\"og:site_name\" content=\"Vandra V\u00e4gen\" \/>\n<meta property=\"article:publisher\" content=\"http:\/\/facebook.com\/vandravagen\" \/>\n<meta property=\"article:published_time\" content=\"2013-07-24T05:49:00+00:00\" \/>\n<meta property=\"og:image\" content=\"http:\/\/2.bp.blogspot.com\/-Mz0Z9RgJPxo\/Ue9k65lF1UI\/AAAAAAAAEeo\/AxjZIkbPoiY\/s400\/Ska%CC%88rmavbild+2013-07-23+kl.+19.07.51.png\" \/>\n<meta name=\"author\" content=\"Tomas Jarvid\" \/>\n<meta name=\"twitter:card\" content=\"summary_large_image\" \/>\n<meta name=\"twitter:creator\" content=\"@fadertomas\" \/>\n<meta name=\"twitter:site\" content=\"@fadertomas\" \/>\n<meta name=\"twitter:label1\" content=\"Skriven av\" \/>\n\t<meta name=\"twitter:data1\" content=\"Tomas Jarvid\" \/>\n\t<meta name=\"twitter:label2\" content=\"Ber\u00e4knad l\u00e4stid\" \/>\n\t<meta name=\"twitter:data2\" content=\"1 minut\" \/>\n<script type=\"application\/ld+json\" class=\"yoast-schema-graph\">{\"@context\":\"https:\/\/schema.org\",\"@graph\":[{\"@type\":\"Article\",\"@id\":\"https:\/\/blogg.svenskakyrkan.se\/vandravagen\/2013\/07\/24\/veckans-favoriter-fran-twitter\/#article\",\"isPartOf\":{\"@id\":\"https:\/\/blogg.svenskakyrkan.se\/vandravagen\/2013\/07\/24\/veckans-favoriter-fran-twitter\/\"},\"author\":{\"name\":\"Tomas Jarvid\",\"@id\":\"https:\/\/blogg.svenskakyrkan.se\/vandravagen\/#\/schema\/person\/25da02d4f76b137d04291711e2c9fc16\"},\"headline\":\"Veckans favoriter fr\u00e5n twitter\",\"datePublished\":\"2013-07-24T05:49:00+00:00\",\"mainEntityOfPage\":{\"@id\":\"https:\/\/blogg.svenskakyrkan.se\/vandravagen\/2013\/07\/24\/veckans-favoriter-fran-twitter\/\"},\"wordCount\":251,\"commentCount\":0,\"publisher\":{\"@id\":\"https:\/\/blogg.svenskakyrkan.se\/vandravagen\/#organization\"},\"image\":{\"@id\":\"https:\/\/blogg.svenskakyrkan.se\/vandravagen\/2013\/07\/24\/veckans-favoriter-fran-twitter\/#primaryimage\"},\"thumbnailUrl\":\"http:\/\/2.bp.blogspot.com\/-Mz0Z9RgJPxo\/Ue9k65lF1UI\/AAAAAAAAEeo\/AxjZIkbPoiY\/s400\/Ska%CC%88rmavbild+2013-07-23+kl.+19.07.51.png\",\"articleSection\":[\"favorittweets\"],\"inLanguage\":\"sv-SE\",\"potentialAction\":[{\"@type\":\"CommentAction\",\"name\":\"Comment\",\"target\":[\"https:\/\/blogg.svenskakyrkan.se\/vandravagen\/2013\/07\/24\/veckans-favoriter-fran-twitter\/#respond\"]}]},{\"@type\":\"WebPage\",\"@id\":\"https:\/\/blogg.svenskakyrkan.se\/vandravagen\/2013\/07\/24\/veckans-favoriter-fran-twitter\/\",\"url\":\"https:\/\/blogg.svenskakyrkan.se\/vandravagen\/2013\/07\/24\/veckans-favoriter-fran-twitter\/\",\"name\":\"Veckans favoriter fr\u00e5n twitter - Vandra V\u00e4gen\",\"isPartOf\":{\"@id\":\"https:\/\/blogg.svenskakyrkan.se\/vandravagen\/#website\"},\"primaryImageOfPage\":{\"@id\":\"https:\/\/blogg.svenskakyrkan.se\/vandravagen\/2013\/07\/24\/veckans-favoriter-fran-twitter\/#primaryimage\"},\"image\":{\"@id\":\"https:\/\/blogg.svenskakyrkan.se\/vandravagen\/2013\/07\/24\/veckans-favoriter-fran-twitter\/#primaryimage\"},\"thumbnailUrl\":\"http:\/\/2.bp.blogspot.com\/-Mz0Z9RgJPxo\/Ue9k65lF1UI\/AAAAAAAAEeo\/AxjZIkbPoiY\/s400\/Ska%CC%88rmavbild+2013-07-23+kl.+19.07.51.png\",\"datePublished\":\"2013-07-24T05:49:00+00:00\",\"breadcrumb\":{\"@id\":\"https:\/\/blogg.svenskakyrkan.se\/vandravagen\/2013\/07\/24\/veckans-favoriter-fran-twitter\/#breadcrumb\"},\"inLanguage\":\"sv-SE\",\"potentialAction\":[{\"@type\":\"ReadAction\",\"target\":[\"https:\/\/blogg.svenskakyrkan.se\/vandravagen\/2013\/07\/24\/veckans-favoriter-fran-twitter\/\"]}]},{\"@type\":\"ImageObject\",\"inLanguage\":\"sv-SE\",\"@id\":\"https:\/\/blogg.svenskakyrkan.se\/vandravagen\/2013\/07\/24\/veckans-favoriter-fran-twitter\/#primaryimage\",\"url\":\"http:\/\/2.bp.blogspot.com\/-Mz0Z9RgJPxo\/Ue9k65lF1UI\/AAAAAAAAEeo\/AxjZIkbPoiY\/s400\/Ska%CC%88rmavbild+2013-07-23+kl.+19.07.51.png\",\"contentUrl\":\"http:\/\/2.bp.blogspot.com\/-Mz0Z9RgJPxo\/Ue9k65lF1UI\/AAAAAAAAEeo\/AxjZIkbPoiY\/s400\/Ska%CC%88rmavbild+2013-07-23+kl.+19.07.51.png\"},{\"@type\":\"BreadcrumbList\",\"@id\":\"https:\/\/blogg.svenskakyrkan.se\/vandravagen\/2013\/07\/24\/veckans-favoriter-fran-twitter\/#breadcrumb\",\"itemListElement\":[{\"@type\":\"ListItem\",\"position\":1,\"name\":\"Hem\",\"item\":\"https:\/\/blogg.svenskakyrkan.se\/vandravagen\/\"},{\"@type\":\"ListItem\",\"position\":2,\"name\":\"Veckans favoriter fr\u00e5n twitter\"}]},{\"@type\":\"WebSite\",\"@id\":\"https:\/\/blogg.svenskakyrkan.se\/vandravagen\/#website\",\"url\":\"https:\/\/blogg.svenskakyrkan.se\/vandravagen\/\",\"name\":\"Vandra V\u00e4gen\",\"description\":\"-Mot en tro f\u00f6r hela livet\",\"publisher\":{\"@id\":\"https:\/\/blogg.svenskakyrkan.se\/vandravagen\/#organization\"},\"potentialAction\":[{\"@type\":\"SearchAction\",\"target\":{\"@type\":\"EntryPoint\",\"urlTemplate\":\"https:\/\/blogg.svenskakyrkan.se\/vandravagen\/?s={search_term_string}\"},\"query-input\":{\"@type\":\"PropertyValueSpecification\",\"valueRequired\":true,\"valueName\":\"search_term_string\"}}],\"inLanguage\":\"sv-SE\"},{\"@type\":\"Organization\",\"@id\":\"https:\/\/blogg.svenskakyrkan.se\/vandravagen\/#organization\",\"name\":\"ulricehamns pastorat\",\"alternateName\":\"ulricehamns pastorat\",\"url\":\"https:\/\/blogg.svenskakyrkan.se\/vandravagen\/\",\"logo\":{\"@type\":\"ImageObject\",\"inLanguage\":\"sv-SE\",\"@id\":\"https:\/\/blogg.svenskakyrkan.se\/vandravagen\/#\/schema\/logo\/image\/\",\"url\":\"https:\/\/blogg.svenskakyrkan.se\/vandravagen\/files\/2023\/05\/Ulr_logo_RGB.png\",\"contentUrl\":\"https:\/\/blogg.svenskakyrkan.se\/vandravagen\/files\/2023\/05\/Ulr_logo_RGB.png\",\"width\":205,\"height\":77,\"caption\":\"ulricehamns pastorat\"},\"image\":{\"@id\":\"https:\/\/blogg.svenskakyrkan.se\/vandravagen\/#\/schema\/logo\/image\/\"},\"sameAs\":[\"http:\/\/facebook.com\/vandravagen\",\"https:\/\/x.com\/fadertomas\",\"http:\/\/www.facebook.com\/svenskakyrkaniulricehamn\"]},{\"@type\":\"Person\",\"@id\":\"https:\/\/blogg.svenskakyrkan.se\/vandravagen\/#\/schema\/person\/25da02d4f76b137d04291711e2c9fc16\",\"name\":\"Tomas Jarvid\",\"image\":{\"@type\":\"ImageObject\",\"inLanguage\":\"sv-SE\",\"@id\":\"https:\/\/blogg.svenskakyrkan.se\/vandravagen\/#\/schema\/person\/image\/\",\"url\":\"https:\/\/secure.gravatar.com\/avatar\/7fa71899795e8f540f615a1f5ab25255dc27aa40f05ee7ddd21aac521e01bf50?s=96&d=identicon&r=g\",\"contentUrl\":\"https:\/\/secure.gravatar.com\/avatar\/7fa71899795e8f540f615a1f5ab25255dc27aa40f05ee7ddd21aac521e01bf50?s=96&d=identicon&r=g\",\"caption\":\"Tomas Jarvid\"},\"description\":\"Jag bor i Ulricehamn i V\u00e4sterg\u00f6tland och \u00e4r f\u00f6rsamlingspr\u00e4st i Svenska Kyrkan f\u00f6r Dalstorps f\u00f6rsamling i Kinds pastorat. P\u00e5 den h\u00e4r bloggen skriver jag ner tankar om vandringen som kristen.\",\"sameAs\":[\"http:\/\/www.vandravagen.se\"],\"url\":\"https:\/\/blogg.svenskakyrkan.se\/vandravagen\/author\/vandravagen\/\"}]}<\/script>\n<!-- \/ Yoast SEO plugin. -->","yoast_head_json":{"title":"Veckans favoriter fr\u00e5n twitter - Vandra V\u00e4gen","robots":{"index":"index","follow":"follow","max-snippet":"max-snippet:-1","max-image-preview":"max-image-preview:large","max-video-preview":"max-video-preview:-1"},"canonical":"https:\/\/blogg.svenskakyrkan.se\/vandravagen\/2013\/07\/24\/veckans-favoriter-fran-twitter\/","og_locale":"sv_SE","og_type":"article","og_title":"Veckans favoriter fr\u00e5n twitter - Vandra V\u00e4gen","og_description":"Det \u00e4r onsdag. Twitter sover aldrig s\u00e5 h\u00e4r \u00e4r en ny omg\u00e5ng med roliga, kloka eller fromma minitankar att fundera p\u00e5 s\u00e5 h\u00e4r p\u00e5 morgonen! Kristna (?) tweets @renovatuspastor \u00e4r en ny favoritpastor, tydligen kompis med @brianZahnd som n\u00e4stan alltid finns med h\u00e4r: De \u00e4r inte dumma, barnen! Jag skrev n\u00e5got liknande p\u00e5 bloggen p\u00e5 [&hellip;]","og_url":"https:\/\/blogg.svenskakyrkan.se\/vandravagen\/2013\/07\/24\/veckans-favoriter-fran-twitter\/","og_site_name":"Vandra V\u00e4gen","article_publisher":"http:\/\/facebook.com\/vandravagen","article_published_time":"2013-07-24T05:49:00+00:00","og_image":[{"url":"http:\/\/2.bp.blogspot.com\/-Mz0Z9RgJPxo\/Ue9k65lF1UI\/AAAAAAAAEeo\/AxjZIkbPoiY\/s400\/Ska%CC%88rmavbild+2013-07-23+kl.+19.07.51.png","type":"","width":"","height":""}],"author":"Tomas Jarvid","twitter_card":"summary_large_image","twitter_creator":"@fadertomas","twitter_site":"@fadertomas","twitter_misc":{"Skriven av":"Tomas Jarvid","Ber\u00e4knad l\u00e4stid":"1 minut"},"schema":{"@context":"https:\/\/schema.org","@graph":[{"@type":"Article","@id":"https:\/\/blogg.svenskakyrkan.se\/vandravagen\/2013\/07\/24\/veckans-favoriter-fran-twitter\/#article","isPartOf":{"@id":"https:\/\/blogg.svenskakyrkan.se\/vandravagen\/2013\/07\/24\/veckans-favoriter-fran-twitter\/"},"author":{"name":"Tomas Jarvid","@id":"https:\/\/blogg.svenskakyrkan.se\/vandravagen\/#\/schema\/person\/25da02d4f76b137d04291711e2c9fc16"},"headline":"Veckans favoriter fr\u00e5n twitter","datePublished":"2013-07-24T05:49:00+00:00","mainEntityOfPage":{"@id":"https:\/\/blogg.svenskakyrkan.se\/vandravagen\/2013\/07\/24\/veckans-favoriter-fran-twitter\/"},"wordCount":251,"commentCount":0,"publisher":{"@id":"https:\/\/blogg.svenskakyrkan.se\/vandravagen\/#organization"},"image":{"@id":"https:\/\/blogg.svenskakyrkan.se\/vandravagen\/2013\/07\/24\/veckans-favoriter-fran-twitter\/#primaryimage"},"thumbnailUrl":"http:\/\/2.bp.blogspot.com\/-Mz0Z9RgJPxo\/Ue9k65lF1UI\/AAAAAAAAEeo\/AxjZIkbPoiY\/s400\/Ska%CC%88rmavbild+2013-07-23+kl.+19.07.51.png","articleSection":["favorittweets"],"inLanguage":"sv-SE","potentialAction":[{"@type":"CommentAction","name":"Comment","target":["https:\/\/blogg.svenskakyrkan.se\/vandravagen\/2013\/07\/24\/veckans-favoriter-fran-twitter\/#respond"]}]},{"@type":"WebPage","@id":"https:\/\/blogg.svenskakyrkan.se\/vandravagen\/2013\/07\/24\/veckans-favoriter-fran-twitter\/","url":"https:\/\/blogg.svenskakyrkan.se\/vandravagen\/2013\/07\/24\/veckans-favoriter-fran-twitter\/","name":"Veckans favoriter fr\u00e5n twitter - Vandra V\u00e4gen","isPartOf":{"@id":"https:\/\/blogg.svenskakyrkan.se\/vandravagen\/#website"},"primaryImageOfPage":{"@id":"https:\/\/blogg.svenskakyrkan.se\/vandravagen\/2013\/07\/24\/veckans-favoriter-fran-twitter\/#primaryimage"},"image":{"@id":"https:\/\/blogg.svenskakyrkan.se\/vandravagen\/2013\/07\/24\/veckans-favoriter-fran-twitter\/#primaryimage"},"thumbnailUrl":"http:\/\/2.bp.blogspot.com\/-Mz0Z9RgJPxo\/Ue9k65lF1UI\/AAAAAAAAEeo\/AxjZIkbPoiY\/s400\/Ska%CC%88rmavbild+2013-07-23+kl.+19.07.51.png","datePublished":"2013-07-24T05:49:00+00:00","breadcrumb":{"@id":"https:\/\/blogg.svenskakyrkan.se\/vandravagen\/2013\/07\/24\/veckans-favoriter-fran-twitter\/#breadcrumb"},"inLanguage":"sv-SE","potentialAction":[{"@type":"ReadAction","target":["https:\/\/blogg.svenskakyrkan.se\/vandravagen\/2013\/07\/24\/veckans-favoriter-fran-twitter\/"]}]},{"@type":"ImageObject","inLanguage":"sv-SE","@id":"https:\/\/blogg.svenskakyrkan.se\/vandravagen\/2013\/07\/24\/veckans-favoriter-fran-twitter\/#primaryimage","url":"http:\/\/2.bp.blogspot.com\/-Mz0Z9RgJPxo\/Ue9k65lF1UI\/AAAAAAAAEeo\/AxjZIkbPoiY\/s400\/Ska%CC%88rmavbild+2013-07-23+kl.+19.07.51.png","contentUrl":"http:\/\/2.bp.blogspot.com\/-Mz0Z9RgJPxo\/Ue9k65lF1UI\/AAAAAAAAEeo\/AxjZIkbPoiY\/s400\/Ska%CC%88rmavbild+2013-07-23+kl.+19.07.51.png"},{"@type":"BreadcrumbList","@id":"https:\/\/blogg.svenskakyrkan.se\/vandravagen\/2013\/07\/24\/veckans-favoriter-fran-twitter\/#breadcrumb","itemListElement":[{"@type":"ListItem","position":1,"name":"Hem","item":"https:\/\/blogg.svenskakyrkan.se\/vandravagen\/"},{"@type":"ListItem","position":2,"name":"Veckans favoriter fr\u00e5n twitter"}]},{"@type":"WebSite","@id":"https:\/\/blogg.svenskakyrkan.se\/vandravagen\/#website","url":"https:\/\/blogg.svenskakyrkan.se\/vandravagen\/","name":"Vandra V\u00e4gen","description":"-Mot en tro f\u00f6r hela livet","publisher":{"@id":"https:\/\/blogg.svenskakyrkan.se\/vandravagen\/#organization"},"potentialAction":[{"@type":"SearchAction","target":{"@type":"EntryPoint","urlTemplate":"https:\/\/blogg.svenskakyrkan.se\/vandravagen\/?s={search_term_string}"},"query-input":{"@type":"PropertyValueSpecification","valueRequired":true,"valueName":"search_term_string"}}],"inLanguage":"sv-SE"},{"@type":"Organization","@id":"https:\/\/blogg.svenskakyrkan.se\/vandravagen\/#organization","name":"ulricehamns pastorat","alternateName":"ulricehamns pastorat","url":"https:\/\/blogg.svenskakyrkan.se\/vandravagen\/","logo":{"@type":"ImageObject","inLanguage":"sv-SE","@id":"https:\/\/blogg.svenskakyrkan.se\/vandravagen\/#\/schema\/logo\/image\/","url":"https:\/\/blogg.svenskakyrkan.se\/vandravagen\/files\/2023\/05\/Ulr_logo_RGB.png","contentUrl":"https:\/\/blogg.svenskakyrkan.se\/vandravagen\/files\/2023\/05\/Ulr_logo_RGB.png","width":205,"height":77,"caption":"ulricehamns pastorat"},"image":{"@id":"https:\/\/blogg.svenskakyrkan.se\/vandravagen\/#\/schema\/logo\/image\/"},"sameAs":["http:\/\/facebook.com\/vandravagen","https:\/\/x.com\/fadertomas","http:\/\/www.facebook.com\/svenskakyrkaniulricehamn"]},{"@type":"Person","@id":"https:\/\/blogg.svenskakyrkan.se\/vandravagen\/#\/schema\/person\/25da02d4f76b137d04291711e2c9fc16","name":"Tomas Jarvid","image":{"@type":"ImageObject","inLanguage":"sv-SE","@id":"https:\/\/blogg.svenskakyrkan.se\/vandravagen\/#\/schema\/person\/image\/","url":"https:\/\/secure.gravatar.com\/avatar\/7fa71899795e8f540f615a1f5ab25255dc27aa40f05ee7ddd21aac521e01bf50?s=96&d=identicon&r=g","contentUrl":"https:\/\/secure.gravatar.com\/avatar\/7fa71899795e8f540f615a1f5ab25255dc27aa40f05ee7ddd21aac521e01bf50?s=96&d=identicon&r=g","caption":"Tomas Jarvid"},"description":"Jag bor i Ulricehamn i V\u00e4sterg\u00f6tland och \u00e4r f\u00f6rsamlingspr\u00e4st i Svenska Kyrkan f\u00f6r Dalstorps f\u00f6rsamling i Kinds pastorat. P\u00e5 den h\u00e4r bloggen skriver jag ner tankar om vandringen som kristen.","sameAs":["http:\/\/www.vandravagen.se"],"url":"https:\/\/blogg.svenskakyrkan.se\/vandravagen\/author\/vandravagen\/"}]}},"author_meta":{"ID":"392","user_nicename":"vandravagen","user_url":"http:\/\/www.vandravagen.se","user_registered":"2014-05-19 05:44:52","display_name":"Tomas Jarvid","first_name":"Tomas","last_name":"Jarvid","avatar":"https:\/\/secure.gravatar.com\/avatar\/7fa71899795e8f540f615a1f5ab25255dc27aa40f05ee7ddd21aac521e01bf50?s=96&d=identicon&r=g"},"featured_image":false,"bloginfo":{"name":"Vandra V\u00e4gen","url":"https:\/\/blogg.svenskakyrkan.se\/vandravagen"},"_links":{"self":[{"href":"https:\/\/blogg.svenskakyrkan.se\/vandravagen\/wp-json\/wp\/v2\/posts\/442","targetHints":{"allow":["GET"]}}],"collection":[{"href":"https:\/\/blogg.svenskakyrkan.se\/vandravagen\/wp-json\/wp\/v2\/posts"}],"about":[{"href":"https:\/\/blogg.svenskakyrkan.se\/vandravagen\/wp-json\/wp\/v2\/types\/post"}],"author":[{"embeddable":true,"href":"https:\/\/blogg.svenskakyrkan.se\/vandravagen\/wp-json\/wp\/v2\/users\/392"}],"replies":[{"embeddable":true,"href":"https:\/\/blogg.svenskakyrkan.se\/vandravagen\/wp-json\/wp\/v2\/comments?post=442"}],"version-history":[{"count":0,"href":"https:\/\/blogg.svenskakyrkan.se\/vandravagen\/wp-json\/wp\/v2\/posts\/442\/revisions"}],"wp:attachment":[{"href":"https:\/\/blogg.svenskakyrkan.se\/vandravagen\/wp-json\/wp\/v2\/media?parent=442"}],"wp:term":[{"taxonomy":"category","embeddable":true,"href":"https:\/\/blogg.svenskakyrkan.se\/vandravagen\/wp-json\/wp\/v2\/categories?post=442"},{"taxonomy":"post_tag","embeddable":true,"href":"https:\/\/blogg.svenskakyrkan.se\/vandravagen\/wp-json\/wp\/v2\/tags?post=442"}],"curies":[{"name":"wp","href":"https:\/\/api.w.org\/{rel}","templated":true}]}}