{"id":4437,"date":"2016-03-14T09:12:04","date_gmt":"2016-03-14T08:12:04","guid":{"rendered":"http:\/\/blogg.svenskakyrkan.se\/vandravagen\/?p=4437"},"modified":"2016-04-19T09:23:33","modified_gmt":"2016-04-19T07:23:33","slug":"anton-gastbloggar-om-kristendomens-spar","status":"publish","type":"post","link":"https:\/\/blogg.svenskakyrkan.se\/vandravagen\/2016\/03\/14\/anton-gastbloggar-om-kristendomens-spar\/","title":{"rendered":"Anton g\u00e4stbloggar om kristendomens sp\u00e5r"},"content":{"rendered":"<div id=\"attachment_4438\" style=\"width: 594px\" class=\"wp-caption aligncenter\"><a href=\"http:\/\/blogg.svenskakyrkan.se\/vandravagen\/files\/2016\/03\/kors.jpg\"><img loading=\"lazy\" decoding=\"async\" aria-describedby=\"caption-attachment-4438\" class=\"size-large wp-image-4438\" src=\"http:\/\/blogg.svenskakyrkan.se\/vandravagen\/files\/2016\/03\/kors-1024x682.jpg\" alt=\"Gravar p\u00e5minner ocks\u00e5 om v\u00e5r kristna kultur.\" width=\"584\" height=\"389\" srcset=\"https:\/\/blogg.svenskakyrkan.se\/vandravagen\/files\/2016\/03\/kors-1024x682.jpg 1024w, https:\/\/blogg.svenskakyrkan.se\/vandravagen\/files\/2016\/03\/kors-300x200.jpg 300w, https:\/\/blogg.svenskakyrkan.se\/vandravagen\/files\/2016\/03\/kors-451x300.jpg 451w, https:\/\/blogg.svenskakyrkan.se\/vandravagen\/files\/2016\/03\/kors.jpg 1286w\" sizes=\"auto, (max-width: 584px) 100vw, 584px\" \/><\/a><p id=\"caption-attachment-4438\" class=\"wp-caption-text\">Gravar p\u00e5minner ocks\u00e5 om v\u00e5r kristna kultur.<\/p><\/div>\n<p>Idag kan jag presentera \u00e4nnu en g\u00e4stbloggare. Anton Johansson \u00e4r trogen l\u00e4sare av bloggen och har nu h\u00f6rt av sig med en g\u00e4stbloggpost. H\u00e4r skriver han om kristendomens sp\u00e5r i dagens Sverige. L\u00e4s och kommentera g\u00e4rna. Ordet till Anton.<\/p>\n<p><strong>Kristendomens sp\u00e5r i dagens Sverige<\/strong><\/p>\n<p><strong>Att Sverige har varit och idag till stor del fortfarande \u00e4r ett land som har b\u00e5de kristna grunder och v\u00e4rderingar \u00e4r det ingen som kan ifr\u00e5gas\u00e4tta. Att v\u00e5r tro har stagnerat p\u00e5 senare tid finns det m\u00e5nga f\u00f6rklaringar till. Folk v\u00e4ljer att tro p\u00e5 forskare som framh\u00e4ver evolutionsteorin. Att vi g\u00e5tt fr\u00e5n fattiga till rika under 1900-talet \u00e4r ocks\u00e5 en faktor, precis som en annan \u00e4r att vi har varit neutrala i olika krig. Trots detta s\u00e5 g\u00e5r vi fortfarande regelbundet i kyrkan och intresserar oss f\u00f6r kristendom eftersom det \u00e4r en stor del av v\u00e5r historia. Jag t\u00e4nkte g\u00e5 igenom p\u00e5 vilka s\u00e4tt vi kan koppla v\u00e5rt samh\u00e4lle idag ihop med religionen som en g\u00e5ng var s\u00e5 v\u00e4ldigt viktigt f\u00f6r Sverige. \u00a0<\/strong><\/p>\n<p>De flesta \u00e4r p\u00e5l\u00e4sta om historien. Erik Segers\u00e4ll blev den f\u00f6rsta kungen som d\u00f6ptes, men det var hans eftertr\u00e4dare Olof Sk\u00f6tkonung som verkligen inf\u00f6rde kristendomen i landet. Detta sker runt 1000-talet. Sedan dess s\u00e5 har vi levt efter den kristna tron, dock har intresset runt kristendomen g\u00e5tt ned det senaste decenniet. Anledningarna till detta \u00e4r flera, men en vital del h\u00f6r till att vi inte haft n\u00e5gra krig under dessa \u00e5r. Om man blickar v\u00e4sterut mot Norge s\u00e5 kan man konstatera att det norska folket \u00e4r mer kristna \u00e4n vi svenskar. Norge blev ockuperat under andra v\u00e4rldskriget och n\u00e4r terrorattacken p\u00e5 Ut<em>\u00f8<\/em>ya skedde s\u00e5 var <a href=\"http:\/\/www.dn.se\/nyheter\/varlden\/norge-hedrar-offren\/\">domkyrkan i Oslo \u00f6ppen dygnet<\/a> runt f\u00f6r att folk skulle kunna g\u00e5 in d\u00e4r och f\u00e5 k\u00e4nna lugn och frid. N\u00e5gonting liknande skedde knappast i Sverige n\u00e4r vi exempelvis utsattes f\u00f6r skolmorden i Trollh\u00e4ttan. \u00a0M\u00e5nga v\u00e4nder sig till religionen med b\u00f6ner i sv\u00e5ra tider, d\u00e4rf\u00f6r bad man mer i det fattiga Sverige f\u00f6r hundra \u00e5r sedan. I och med uteblivna st\u00f6rre kriser sedan dess s\u00e5 har m\u00e5nga helt enkelt sl\u00e4ppt b\u00e5de tro och tradition p\u00e5 grund av detta.<\/p>\n<p>Detta \u00e4r allts\u00e5 varf\u00f6r Sverige idag rent generellt sett \u00e4r mindre troende. Men vi har fortfarande r\u00e4tt s\u00e5 starka kristna v\u00e4rdegrunder i s\u00e4ttet vi lever p\u00e5. Detta kan man idag se m\u00e5nga exempel p\u00e5. Om vi b\u00f6rjar simpelt s\u00e5 f\u00f6rknippas Sverige sj\u00e4lvklart med den vackra svenska flaggan, d\u00e4r det gula korset st\u00e5r f\u00f6r solen och den bl\u00e5a f\u00e4rgen f\u00f6r v\u00e5rt vatten. Men varf\u00f6r just ett kors d\u00e5? Det \u00e4r faktiskt det kristna korset som sitter p\u00e5 flaggan. Det s\u00e4gs att Erik den helige p\u00e5 1100-talet fick tecken fr\u00e5n Gud sj\u00e4lv n\u00e4r han blickade upp mot en bl\u00e5 himmel och s\u00e5g ett gult kors som skapades av solen.<\/p>\n<p>N\u00e5gonting annat som inte folk direkt t\u00e4nker p\u00e5 \u00e4r v\u00e5ra uttryck som vi anv\u00e4nder. Jag ska ge n\u00e5gra exempel. Lite fula ord som helvete, satan, j\u00e4vla osv h\u00e4rst\u00e4mmar naturligt fr\u00e5n kristendomen. Vidskepelse g\u00e5r hand i hand med religionen ocks\u00e5, tillsammas med andra uttryck som f\u00f6r guds skull, men herregud och gudars skymning. Korst\u00e5g \u00e4r ett ord vi likst\u00e4ller med krig eller konflikt mot n\u00e5gonting, och korst\u00e5gen var fr\u00e5n b\u00f6rjan religi\u00f6sa f\u00e4ltt\u00e5g som f\u00f6rst fanns f\u00f6r ca 1000 \u00e5r sedan. N\u00e4r du \u00e4r ute och k\u00f6r p\u00e5 v\u00e4garna och n\u00e5gon g\u00f6r en idiotisk sv\u00e4ng som g\u00f6r s\u00e5 att det n\u00e4stan blir en krock, d\u00e5 kanske du muttrar \u201ds\u00f6ndagsbilist\u201d f\u00f6r dig sj\u00e4lv. S\u00f6ndagsbilist menar man \u00e4r n\u00e5gon som enbart \u00e4r ute och k\u00f6r p\u00e5 s\u00f6ndagar, och inte kan hantera den riktiga trafiken. Troligtvis h\u00e4rstammar detta ord fr\u00e5n att folk som vanligtvis inte k\u00f6rde bil kanske var tvungna att g\u00f6ra det n\u00e4r man \u00e5kte till kyrkan p\u00e5 s\u00f6ndagar, den traditionella vilodagen.<\/p>\n<p>P\u00e5 tal om vilodagen s\u00e5 \u00e4r det inte bara vi svenskar som anser att s\u00f6ndagen ska vara en lugn dag. Runt om i Europa \u00e4r det mycket vanligare att n\u00e4st intill hela st\u00e4der har st\u00e4ngt p\u00e5 s\u00f6ndagar, d\u00e5 man ska vila den sjunde dagen precis som Gud gjorde den veckan som han skapade jorden. \u00c5terigen kan vi ta Norge som ett exempel, d\u00e4r hela landet egentligen <a href=\"http:\/\/www.svt.se\/nyheter\/lokalt\/varmland\/sondagsoppet-i-norge\">st\u00e4nger p\u00e5 veckans sista dag enligt lag<\/a>. Alla v\u00e5ra helgdagar \u00e4r l\u00e4tta att ta f\u00f6r givet, men dem finns ju faktiskt alla till eftersom att vi har varit kristna genom historien. P\u00e5sk, jul, midsommar och Kristi himmelsf\u00e4rd \u00e4r exempel p\u00e5 h\u00f6gtider som enligt svensk lag ger oss r\u00e4tt att vara lediga.<\/p>\n<p>F\u00f6r att sammanfatta det s\u00e5 tror jag att det \u00e4r l\u00e4tt att gl\u00f6mma bort hur kristet v\u00e5rt samh\u00e4lle egentligen \u00e4r. Vi f\u00f6rd\u00f6mer till exempel spelande <a href=\"http:\/\/www.pokerlistings.se\/sa-straffar-forsamlingarna-pokerspelare\">eftersom det ifr\u00e5gas\u00e4tts i bibeln<\/a>. Vi har kristna skolor som m\u00e5nga barn g\u00e5r p\u00e5, samtidigt som de flesta vuxna par v\u00e4ljer sig att gifta sig och ha ett storslaget br\u00f6llop med en kristen pr\u00e4st som viger dem. Vi \u00e4r uppvuxna med denna religion och det \u00e4r en viktig del av v\u00e5r historia. F\u00f6r mig och m\u00e5nga andra \u00e4r det v\u00e4ldigt viktigt att vi h\u00e5ller h\u00e5rt i v\u00e5ra traditioner, det som vi kan identifiera oss med. Skulle kristendomen f\u00f6rsvinna helt ur Sverige s\u00e5 skulle ingen k\u00e4nna igen v\u00e5rt land. D\u00e4rf\u00f6r \u00e4r det bra n\u00e4r skolor fortfarande har avslutningar i kyrkor, eller att kyrkan erbjuder barntimmar f\u00f6r de yngre. Det \u00e4r v\u00e4rt att v\u00e4rna om.<\/p>\n<p>&nbsp;<\/p>\n<p>TILL\u00c4GG!\u00a0\u00a0Anton h\u00e4lsar att han\u00a0startat en nyhetssida om USA p\u00e5\u00a0<a href=\"http:\/\/usaportalen.se\/\">http:\/\/usaportalen.se\/<\/a>\u00a0s\u00e5 kolla g\u00e4rna in den och l\u00e4s vad han skriver d\u00e4r. \/Tomas<\/p>\n","protected":false},"excerpt":{"rendered":"<p>Idag kan jag presentera \u00e4nnu en g\u00e4stbloggare. Anton Johansson \u00e4r trogen l\u00e4sare av bloggen och har nu h\u00f6rt av sig med en g\u00e4stbloggpost. H\u00e4r skriver han om kristendomens sp\u00e5r i dagens Sverige. L\u00e4s och kommentera g\u00e4rna. Ordet till Anton. Kristendomens sp\u00e5r i dagens Sverige Att Sverige har varit och idag till stor del fortfarande \u00e4r [&hellip;]<\/p>\n","protected":false},"author":392,"featured_media":0,"comment_status":"open","ping_status":"open","sticky":false,"template":"","format":"standard","meta":{"_acf_changed":false,"footnotes":""},"categories":[76189,17359],"tags":[],"class_list":["post-4437","post","type-post","status-publish","format-standard","hentry","category-dagens-kyrka","category-gastbloggare"],"acf":[],"yoast_head":"<!-- This site is optimized with the Yoast SEO plugin v27.1.1 - https:\/\/yoast.com\/product\/yoast-seo-wordpress\/ -->\n<title>Anton g\u00e4stbloggar om kristendomens sp\u00e5r - Vandra V\u00e4gen<\/title>\n<meta name=\"robots\" content=\"index, follow, max-snippet:-1, max-image-preview:large, max-video-preview:-1\" \/>\n<link rel=\"canonical\" href=\"https:\/\/blogg.svenskakyrkan.se\/vandravagen\/2016\/03\/14\/anton-gastbloggar-om-kristendomens-spar\/\" \/>\n<meta property=\"og:locale\" content=\"sv_SE\" \/>\n<meta property=\"og:type\" content=\"article\" \/>\n<meta property=\"og:title\" content=\"Anton g\u00e4stbloggar om kristendomens sp\u00e5r - Vandra V\u00e4gen\" \/>\n<meta property=\"og:description\" content=\"Idag kan jag presentera \u00e4nnu en g\u00e4stbloggare. Anton Johansson \u00e4r trogen l\u00e4sare av bloggen och har nu h\u00f6rt av sig med en g\u00e4stbloggpost. H\u00e4r skriver han om kristendomens sp\u00e5r i dagens Sverige. L\u00e4s och kommentera g\u00e4rna. Ordet till Anton. Kristendomens sp\u00e5r i dagens Sverige Att Sverige har varit och idag till stor del fortfarande \u00e4r [&hellip;]\" \/>\n<meta property=\"og:url\" content=\"https:\/\/blogg.svenskakyrkan.se\/vandravagen\/2016\/03\/14\/anton-gastbloggar-om-kristendomens-spar\/\" \/>\n<meta property=\"og:site_name\" content=\"Vandra V\u00e4gen\" \/>\n<meta property=\"article:publisher\" content=\"http:\/\/facebook.com\/vandravagen\" \/>\n<meta property=\"article:published_time\" content=\"2016-03-14T08:12:04+00:00\" \/>\n<meta property=\"article:modified_time\" content=\"2016-04-19T07:23:33+00:00\" \/>\n<meta property=\"og:image\" content=\"http:\/\/blogg.svenskakyrkan.se\/vandravagen\/files\/2016\/03\/kors-1024x682.jpg\" \/>\n<meta name=\"author\" content=\"Tomas Jarvid\" \/>\n<meta name=\"twitter:card\" content=\"summary_large_image\" \/>\n<meta name=\"twitter:creator\" content=\"@fadertomas\" \/>\n<meta name=\"twitter:site\" content=\"@fadertomas\" \/>\n<meta name=\"twitter:label1\" content=\"Skriven av\" \/>\n\t<meta name=\"twitter:data1\" content=\"Tomas Jarvid\" \/>\n\t<meta name=\"twitter:label2\" content=\"Ber\u00e4knad l\u00e4stid\" \/>\n\t<meta name=\"twitter:data2\" content=\"5 minuter\" \/>\n<script type=\"application\/ld+json\" class=\"yoast-schema-graph\">{\"@context\":\"https:\/\/schema.org\",\"@graph\":[{\"@type\":\"Article\",\"@id\":\"https:\/\/blogg.svenskakyrkan.se\/vandravagen\/2016\/03\/14\/anton-gastbloggar-om-kristendomens-spar\/#article\",\"isPartOf\":{\"@id\":\"https:\/\/blogg.svenskakyrkan.se\/vandravagen\/2016\/03\/14\/anton-gastbloggar-om-kristendomens-spar\/\"},\"author\":{\"name\":\"Tomas Jarvid\",\"@id\":\"https:\/\/blogg.svenskakyrkan.se\/vandravagen\/#\/schema\/person\/25da02d4f76b137d04291711e2c9fc16\"},\"headline\":\"Anton g\u00e4stbloggar om kristendomens sp\u00e5r\",\"datePublished\":\"2016-03-14T08:12:04+00:00\",\"dateModified\":\"2016-04-19T07:23:33+00:00\",\"mainEntityOfPage\":{\"@id\":\"https:\/\/blogg.svenskakyrkan.se\/vandravagen\/2016\/03\/14\/anton-gastbloggar-om-kristendomens-spar\/\"},\"wordCount\":1094,\"commentCount\":2,\"publisher\":{\"@id\":\"https:\/\/blogg.svenskakyrkan.se\/vandravagen\/#organization\"},\"image\":{\"@id\":\"https:\/\/blogg.svenskakyrkan.se\/vandravagen\/2016\/03\/14\/anton-gastbloggar-om-kristendomens-spar\/#primaryimage\"},\"thumbnailUrl\":\"http:\/\/blogg.svenskakyrkan.se\/vandravagen\/files\/2016\/03\/kors-1024x682.jpg\",\"articleSection\":[\"Dagens Kyrka\",\"g\u00e4stbloggare\"],\"inLanguage\":\"sv-SE\",\"potentialAction\":[{\"@type\":\"CommentAction\",\"name\":\"Comment\",\"target\":[\"https:\/\/blogg.svenskakyrkan.se\/vandravagen\/2016\/03\/14\/anton-gastbloggar-om-kristendomens-spar\/#respond\"]}]},{\"@type\":\"WebPage\",\"@id\":\"https:\/\/blogg.svenskakyrkan.se\/vandravagen\/2016\/03\/14\/anton-gastbloggar-om-kristendomens-spar\/\",\"url\":\"https:\/\/blogg.svenskakyrkan.se\/vandravagen\/2016\/03\/14\/anton-gastbloggar-om-kristendomens-spar\/\",\"name\":\"Anton g\u00e4stbloggar om kristendomens sp\u00e5r - Vandra V\u00e4gen\",\"isPartOf\":{\"@id\":\"https:\/\/blogg.svenskakyrkan.se\/vandravagen\/#website\"},\"primaryImageOfPage\":{\"@id\":\"https:\/\/blogg.svenskakyrkan.se\/vandravagen\/2016\/03\/14\/anton-gastbloggar-om-kristendomens-spar\/#primaryimage\"},\"image\":{\"@id\":\"https:\/\/blogg.svenskakyrkan.se\/vandravagen\/2016\/03\/14\/anton-gastbloggar-om-kristendomens-spar\/#primaryimage\"},\"thumbnailUrl\":\"http:\/\/blogg.svenskakyrkan.se\/vandravagen\/files\/2016\/03\/kors-1024x682.jpg\",\"datePublished\":\"2016-03-14T08:12:04+00:00\",\"dateModified\":\"2016-04-19T07:23:33+00:00\",\"breadcrumb\":{\"@id\":\"https:\/\/blogg.svenskakyrkan.se\/vandravagen\/2016\/03\/14\/anton-gastbloggar-om-kristendomens-spar\/#breadcrumb\"},\"inLanguage\":\"sv-SE\",\"potentialAction\":[{\"@type\":\"ReadAction\",\"target\":[\"https:\/\/blogg.svenskakyrkan.se\/vandravagen\/2016\/03\/14\/anton-gastbloggar-om-kristendomens-spar\/\"]}]},{\"@type\":\"ImageObject\",\"inLanguage\":\"sv-SE\",\"@id\":\"https:\/\/blogg.svenskakyrkan.se\/vandravagen\/2016\/03\/14\/anton-gastbloggar-om-kristendomens-spar\/#primaryimage\",\"url\":\"http:\/\/blogg.svenskakyrkan.se\/vandravagen\/files\/2016\/03\/kors-1024x682.jpg\",\"contentUrl\":\"http:\/\/blogg.svenskakyrkan.se\/vandravagen\/files\/2016\/03\/kors-1024x682.jpg\"},{\"@type\":\"BreadcrumbList\",\"@id\":\"https:\/\/blogg.svenskakyrkan.se\/vandravagen\/2016\/03\/14\/anton-gastbloggar-om-kristendomens-spar\/#breadcrumb\",\"itemListElement\":[{\"@type\":\"ListItem\",\"position\":1,\"name\":\"Hem\",\"item\":\"https:\/\/blogg.svenskakyrkan.se\/vandravagen\/\"},{\"@type\":\"ListItem\",\"position\":2,\"name\":\"Anton g\u00e4stbloggar om kristendomens sp\u00e5r\"}]},{\"@type\":\"WebSite\",\"@id\":\"https:\/\/blogg.svenskakyrkan.se\/vandravagen\/#website\",\"url\":\"https:\/\/blogg.svenskakyrkan.se\/vandravagen\/\",\"name\":\"Vandra V\u00e4gen\",\"description\":\"-Mot en tro f\u00f6r hela livet\",\"publisher\":{\"@id\":\"https:\/\/blogg.svenskakyrkan.se\/vandravagen\/#organization\"},\"potentialAction\":[{\"@type\":\"SearchAction\",\"target\":{\"@type\":\"EntryPoint\",\"urlTemplate\":\"https:\/\/blogg.svenskakyrkan.se\/vandravagen\/?s={search_term_string}\"},\"query-input\":{\"@type\":\"PropertyValueSpecification\",\"valueRequired\":true,\"valueName\":\"search_term_string\"}}],\"inLanguage\":\"sv-SE\"},{\"@type\":\"Organization\",\"@id\":\"https:\/\/blogg.svenskakyrkan.se\/vandravagen\/#organization\",\"name\":\"ulricehamns pastorat\",\"alternateName\":\"ulricehamns pastorat\",\"url\":\"https:\/\/blogg.svenskakyrkan.se\/vandravagen\/\",\"logo\":{\"@type\":\"ImageObject\",\"inLanguage\":\"sv-SE\",\"@id\":\"https:\/\/blogg.svenskakyrkan.se\/vandravagen\/#\/schema\/logo\/image\/\",\"url\":\"https:\/\/blogg.svenskakyrkan.se\/vandravagen\/files\/2023\/05\/Ulr_logo_RGB.png\",\"contentUrl\":\"https:\/\/blogg.svenskakyrkan.se\/vandravagen\/files\/2023\/05\/Ulr_logo_RGB.png\",\"width\":205,\"height\":77,\"caption\":\"ulricehamns pastorat\"},\"image\":{\"@id\":\"https:\/\/blogg.svenskakyrkan.se\/vandravagen\/#\/schema\/logo\/image\/\"},\"sameAs\":[\"http:\/\/facebook.com\/vandravagen\",\"https:\/\/x.com\/fadertomas\",\"http:\/\/www.facebook.com\/svenskakyrkaniulricehamn\"]},{\"@type\":\"Person\",\"@id\":\"https:\/\/blogg.svenskakyrkan.se\/vandravagen\/#\/schema\/person\/25da02d4f76b137d04291711e2c9fc16\",\"name\":\"Tomas Jarvid\",\"image\":{\"@type\":\"ImageObject\",\"inLanguage\":\"sv-SE\",\"@id\":\"https:\/\/blogg.svenskakyrkan.se\/vandravagen\/#\/schema\/person\/image\/\",\"url\":\"https:\/\/secure.gravatar.com\/avatar\/7fa71899795e8f540f615a1f5ab25255dc27aa40f05ee7ddd21aac521e01bf50?s=96&d=identicon&r=g\",\"contentUrl\":\"https:\/\/secure.gravatar.com\/avatar\/7fa71899795e8f540f615a1f5ab25255dc27aa40f05ee7ddd21aac521e01bf50?s=96&d=identicon&r=g\",\"caption\":\"Tomas Jarvid\"},\"description\":\"Jag bor i Ulricehamn i V\u00e4sterg\u00f6tland och \u00e4r f\u00f6rsamlingspr\u00e4st i Svenska Kyrkan f\u00f6r Dalstorps f\u00f6rsamling i Kinds pastorat. P\u00e5 den h\u00e4r bloggen skriver jag ner tankar om vandringen som kristen.\",\"sameAs\":[\"http:\/\/www.vandravagen.se\"],\"url\":\"https:\/\/blogg.svenskakyrkan.se\/vandravagen\/author\/vandravagen\/\"}]}<\/script>\n<!-- \/ Yoast SEO plugin. -->","yoast_head_json":{"title":"Anton g\u00e4stbloggar om kristendomens sp\u00e5r - Vandra V\u00e4gen","robots":{"index":"index","follow":"follow","max-snippet":"max-snippet:-1","max-image-preview":"max-image-preview:large","max-video-preview":"max-video-preview:-1"},"canonical":"https:\/\/blogg.svenskakyrkan.se\/vandravagen\/2016\/03\/14\/anton-gastbloggar-om-kristendomens-spar\/","og_locale":"sv_SE","og_type":"article","og_title":"Anton g\u00e4stbloggar om kristendomens sp\u00e5r - Vandra V\u00e4gen","og_description":"Idag kan jag presentera \u00e4nnu en g\u00e4stbloggare. Anton Johansson \u00e4r trogen l\u00e4sare av bloggen och har nu h\u00f6rt av sig med en g\u00e4stbloggpost. H\u00e4r skriver han om kristendomens sp\u00e5r i dagens Sverige. L\u00e4s och kommentera g\u00e4rna. Ordet till Anton. Kristendomens sp\u00e5r i dagens Sverige Att Sverige har varit och idag till stor del fortfarande \u00e4r [&hellip;]","og_url":"https:\/\/blogg.svenskakyrkan.se\/vandravagen\/2016\/03\/14\/anton-gastbloggar-om-kristendomens-spar\/","og_site_name":"Vandra V\u00e4gen","article_publisher":"http:\/\/facebook.com\/vandravagen","article_published_time":"2016-03-14T08:12:04+00:00","article_modified_time":"2016-04-19T07:23:33+00:00","og_image":[{"url":"http:\/\/blogg.svenskakyrkan.se\/vandravagen\/files\/2016\/03\/kors-1024x682.jpg","type":"","width":"","height":""}],"author":"Tomas Jarvid","twitter_card":"summary_large_image","twitter_creator":"@fadertomas","twitter_site":"@fadertomas","twitter_misc":{"Skriven av":"Tomas Jarvid","Ber\u00e4knad l\u00e4stid":"5 minuter"},"schema":{"@context":"https:\/\/schema.org","@graph":[{"@type":"Article","@id":"https:\/\/blogg.svenskakyrkan.se\/vandravagen\/2016\/03\/14\/anton-gastbloggar-om-kristendomens-spar\/#article","isPartOf":{"@id":"https:\/\/blogg.svenskakyrkan.se\/vandravagen\/2016\/03\/14\/anton-gastbloggar-om-kristendomens-spar\/"},"author":{"name":"Tomas Jarvid","@id":"https:\/\/blogg.svenskakyrkan.se\/vandravagen\/#\/schema\/person\/25da02d4f76b137d04291711e2c9fc16"},"headline":"Anton g\u00e4stbloggar om kristendomens sp\u00e5r","datePublished":"2016-03-14T08:12:04+00:00","dateModified":"2016-04-19T07:23:33+00:00","mainEntityOfPage":{"@id":"https:\/\/blogg.svenskakyrkan.se\/vandravagen\/2016\/03\/14\/anton-gastbloggar-om-kristendomens-spar\/"},"wordCount":1094,"commentCount":2,"publisher":{"@id":"https:\/\/blogg.svenskakyrkan.se\/vandravagen\/#organization"},"image":{"@id":"https:\/\/blogg.svenskakyrkan.se\/vandravagen\/2016\/03\/14\/anton-gastbloggar-om-kristendomens-spar\/#primaryimage"},"thumbnailUrl":"http:\/\/blogg.svenskakyrkan.se\/vandravagen\/files\/2016\/03\/kors-1024x682.jpg","articleSection":["Dagens Kyrka","g\u00e4stbloggare"],"inLanguage":"sv-SE","potentialAction":[{"@type":"CommentAction","name":"Comment","target":["https:\/\/blogg.svenskakyrkan.se\/vandravagen\/2016\/03\/14\/anton-gastbloggar-om-kristendomens-spar\/#respond"]}]},{"@type":"WebPage","@id":"https:\/\/blogg.svenskakyrkan.se\/vandravagen\/2016\/03\/14\/anton-gastbloggar-om-kristendomens-spar\/","url":"https:\/\/blogg.svenskakyrkan.se\/vandravagen\/2016\/03\/14\/anton-gastbloggar-om-kristendomens-spar\/","name":"Anton g\u00e4stbloggar om kristendomens sp\u00e5r - Vandra V\u00e4gen","isPartOf":{"@id":"https:\/\/blogg.svenskakyrkan.se\/vandravagen\/#website"},"primaryImageOfPage":{"@id":"https:\/\/blogg.svenskakyrkan.se\/vandravagen\/2016\/03\/14\/anton-gastbloggar-om-kristendomens-spar\/#primaryimage"},"image":{"@id":"https:\/\/blogg.svenskakyrkan.se\/vandravagen\/2016\/03\/14\/anton-gastbloggar-om-kristendomens-spar\/#primaryimage"},"thumbnailUrl":"http:\/\/blogg.svenskakyrkan.se\/vandravagen\/files\/2016\/03\/kors-1024x682.jpg","datePublished":"2016-03-14T08:12:04+00:00","dateModified":"2016-04-19T07:23:33+00:00","breadcrumb":{"@id":"https:\/\/blogg.svenskakyrkan.se\/vandravagen\/2016\/03\/14\/anton-gastbloggar-om-kristendomens-spar\/#breadcrumb"},"inLanguage":"sv-SE","potentialAction":[{"@type":"ReadAction","target":["https:\/\/blogg.svenskakyrkan.se\/vandravagen\/2016\/03\/14\/anton-gastbloggar-om-kristendomens-spar\/"]}]},{"@type":"ImageObject","inLanguage":"sv-SE","@id":"https:\/\/blogg.svenskakyrkan.se\/vandravagen\/2016\/03\/14\/anton-gastbloggar-om-kristendomens-spar\/#primaryimage","url":"http:\/\/blogg.svenskakyrkan.se\/vandravagen\/files\/2016\/03\/kors-1024x682.jpg","contentUrl":"http:\/\/blogg.svenskakyrkan.se\/vandravagen\/files\/2016\/03\/kors-1024x682.jpg"},{"@type":"BreadcrumbList","@id":"https:\/\/blogg.svenskakyrkan.se\/vandravagen\/2016\/03\/14\/anton-gastbloggar-om-kristendomens-spar\/#breadcrumb","itemListElement":[{"@type":"ListItem","position":1,"name":"Hem","item":"https:\/\/blogg.svenskakyrkan.se\/vandravagen\/"},{"@type":"ListItem","position":2,"name":"Anton g\u00e4stbloggar om kristendomens sp\u00e5r"}]},{"@type":"WebSite","@id":"https:\/\/blogg.svenskakyrkan.se\/vandravagen\/#website","url":"https:\/\/blogg.svenskakyrkan.se\/vandravagen\/","name":"Vandra V\u00e4gen","description":"-Mot en tro f\u00f6r hela livet","publisher":{"@id":"https:\/\/blogg.svenskakyrkan.se\/vandravagen\/#organization"},"potentialAction":[{"@type":"SearchAction","target":{"@type":"EntryPoint","urlTemplate":"https:\/\/blogg.svenskakyrkan.se\/vandravagen\/?s={search_term_string}"},"query-input":{"@type":"PropertyValueSpecification","valueRequired":true,"valueName":"search_term_string"}}],"inLanguage":"sv-SE"},{"@type":"Organization","@id":"https:\/\/blogg.svenskakyrkan.se\/vandravagen\/#organization","name":"ulricehamns pastorat","alternateName":"ulricehamns pastorat","url":"https:\/\/blogg.svenskakyrkan.se\/vandravagen\/","logo":{"@type":"ImageObject","inLanguage":"sv-SE","@id":"https:\/\/blogg.svenskakyrkan.se\/vandravagen\/#\/schema\/logo\/image\/","url":"https:\/\/blogg.svenskakyrkan.se\/vandravagen\/files\/2023\/05\/Ulr_logo_RGB.png","contentUrl":"https:\/\/blogg.svenskakyrkan.se\/vandravagen\/files\/2023\/05\/Ulr_logo_RGB.png","width":205,"height":77,"caption":"ulricehamns pastorat"},"image":{"@id":"https:\/\/blogg.svenskakyrkan.se\/vandravagen\/#\/schema\/logo\/image\/"},"sameAs":["http:\/\/facebook.com\/vandravagen","https:\/\/x.com\/fadertomas","http:\/\/www.facebook.com\/svenskakyrkaniulricehamn"]},{"@type":"Person","@id":"https:\/\/blogg.svenskakyrkan.se\/vandravagen\/#\/schema\/person\/25da02d4f76b137d04291711e2c9fc16","name":"Tomas Jarvid","image":{"@type":"ImageObject","inLanguage":"sv-SE","@id":"https:\/\/blogg.svenskakyrkan.se\/vandravagen\/#\/schema\/person\/image\/","url":"https:\/\/secure.gravatar.com\/avatar\/7fa71899795e8f540f615a1f5ab25255dc27aa40f05ee7ddd21aac521e01bf50?s=96&d=identicon&r=g","contentUrl":"https:\/\/secure.gravatar.com\/avatar\/7fa71899795e8f540f615a1f5ab25255dc27aa40f05ee7ddd21aac521e01bf50?s=96&d=identicon&r=g","caption":"Tomas Jarvid"},"description":"Jag bor i Ulricehamn i V\u00e4sterg\u00f6tland och \u00e4r f\u00f6rsamlingspr\u00e4st i Svenska Kyrkan f\u00f6r Dalstorps f\u00f6rsamling i Kinds pastorat. P\u00e5 den h\u00e4r bloggen skriver jag ner tankar om vandringen som kristen.","sameAs":["http:\/\/www.vandravagen.se"],"url":"https:\/\/blogg.svenskakyrkan.se\/vandravagen\/author\/vandravagen\/"}]}},"author_meta":{"ID":"392","user_nicename":"vandravagen","user_url":"http:\/\/www.vandravagen.se","user_registered":"2014-05-19 05:44:52","display_name":"Tomas Jarvid","first_name":"Tomas","last_name":"Jarvid","avatar":"https:\/\/secure.gravatar.com\/avatar\/7fa71899795e8f540f615a1f5ab25255dc27aa40f05ee7ddd21aac521e01bf50?s=96&d=identicon&r=g"},"featured_image":false,"bloginfo":{"name":"Vandra V\u00e4gen","url":"https:\/\/blogg.svenskakyrkan.se\/vandravagen"},"_links":{"self":[{"href":"https:\/\/blogg.svenskakyrkan.se\/vandravagen\/wp-json\/wp\/v2\/posts\/4437","targetHints":{"allow":["GET"]}}],"collection":[{"href":"https:\/\/blogg.svenskakyrkan.se\/vandravagen\/wp-json\/wp\/v2\/posts"}],"about":[{"href":"https:\/\/blogg.svenskakyrkan.se\/vandravagen\/wp-json\/wp\/v2\/types\/post"}],"author":[{"embeddable":true,"href":"https:\/\/blogg.svenskakyrkan.se\/vandravagen\/wp-json\/wp\/v2\/users\/392"}],"replies":[{"embeddable":true,"href":"https:\/\/blogg.svenskakyrkan.se\/vandravagen\/wp-json\/wp\/v2\/comments?post=4437"}],"version-history":[{"count":3,"href":"https:\/\/blogg.svenskakyrkan.se\/vandravagen\/wp-json\/wp\/v2\/posts\/4437\/revisions"}],"predecessor-version":[{"id":4574,"href":"https:\/\/blogg.svenskakyrkan.se\/vandravagen\/wp-json\/wp\/v2\/posts\/4437\/revisions\/4574"}],"wp:attachment":[{"href":"https:\/\/blogg.svenskakyrkan.se\/vandravagen\/wp-json\/wp\/v2\/media?parent=4437"}],"wp:term":[{"taxonomy":"category","embeddable":true,"href":"https:\/\/blogg.svenskakyrkan.se\/vandravagen\/wp-json\/wp\/v2\/categories?post=4437"},{"taxonomy":"post_tag","embeddable":true,"href":"https:\/\/blogg.svenskakyrkan.se\/vandravagen\/wp-json\/wp\/v2\/tags?post=4437"}],"curies":[{"name":"wp","href":"https:\/\/api.w.org\/{rel}","templated":true}]}}