{"id":449,"date":"2013-07-20T20:29:00","date_gmt":"2013-07-20T18:29:00","guid":{"rendered":"http:\/\/blogg.svenskakyrkan.se\/vandravagen\/2013\/07\/20\/pilgrimsvandra-med-mig-den-31a\/"},"modified":"2013-07-20T20:29:00","modified_gmt":"2013-07-20T18:29:00","slug":"pilgrimsvandra-med-mig-den-31a","status":"publish","type":"post","link":"https:\/\/blogg.svenskakyrkan.se\/vandravagen\/2013\/07\/20\/pilgrimsvandra-med-mig-den-31a\/","title":{"rendered":"Pilgrimsvandra med mig den 31a!"},"content":{"rendered":"<div><a href=\"http:\/\/4.bp.blogspot.com\/-8jeyaMSezN8\/Ueo-Ia2QyTI\/AAAAAAAAEd4\/4AlTgZaoLbM\/s1600\/pilgrimsvandring+31:7+affisch.jpg\"><img loading=\"lazy\" decoding=\"async\" border=\"0\" height=\"640\" src=\"http:\/\/4.bp.blogspot.com\/-8jeyaMSezN8\/Ueo-Ia2QyTI\/AAAAAAAAEd4\/4AlTgZaoLbM\/s640\/pilgrimsvandring+31:7+affisch.jpg\" width=\"452\"><\/a><\/div>\n<div>Jag n\u00e4mnde innan semestern att jag ska leda en pilgrimsvandring p\u00e5 sankta Helenas dag (31a juli). Nu b\u00f6rjar det n\u00e4rma sig s\u00e5 nu vill jag p\u00e5minna om den igen. Det finns redan n\u00e5gra anm\u00e4lda och vi blir g\u00e4rna fler.<\/div>\n<div><\/div>\n<div>Det g\u00e5r enkelt till. Vi sam\u00e5ker fr\u00e5n G\u00f6tene f\u00f6rsamlingshem klockan 9.00 och startar vandringen vid Sta Elink\u00e4llan vid Medelplana kyrka uppe p\u00e5 Kinnekulle. Sedan vandrar vi tillbaka till G\u00f6tene och avslutar vandringen i G\u00f6tene kyrka. Var och en f\u00e5r ta med sig egen mats\u00e4ck s\u00e5 \u00e4ter vi l\u00e4ngs v\u00e4gen.<\/div>\n<div><\/div>\n<div>Det vore v\u00e4ldigt roligt att tr\u00e4ffa s\u00e5 m\u00e5nga som m\u00f6jligt av er ocks\u00e5 ute p\u00e5 verkliga, dammiga, v\u00e4gar och inte bara genom sk\u00e4rmen!<\/div>\n<div><\/div>\n<div>Anm\u00e4lan sker senast 26e juli till gotene.pastorat@svenskakyrkan.se, det kostar inget.<\/div>\n<div><\/div>\n<div>Klockan 19.00 forts\u00e4tter dagen med en musikalisk skildring av sta Helenas liv. &#8221;Jag \u00e4r en k\u00e4lla bara&#8221;, en konsert\/musikgudstj\u00e4nst med dramainslag av Lars-Olof Ejstes och Eva Ahlberg. Ocks\u00e5 gratis. Inget att tveka om allts\u00e5!<\/div><\/p>\n","protected":false},"excerpt":{"rendered":"<p>Jag n\u00e4mnde innan semestern att jag ska leda en pilgrimsvandring p\u00e5 sankta Helenas dag (31a juli). Nu b\u00f6rjar det n\u00e4rma sig s\u00e5 nu vill jag p\u00e5minna om den igen. Det finns redan n\u00e5gra anm\u00e4lda och vi blir g\u00e4rna fler. Det g\u00e5r enkelt till. Vi sam\u00e5ker fr\u00e5n G\u00f6tene f\u00f6rsamlingshem klockan 9.00 och startar vandringen vid Sta [&hellip;]<\/p>\n","protected":false},"author":392,"featured_media":0,"comment_status":"open","ping_status":"open","sticky":false,"template":"","format":"standard","meta":{"_acf_changed":false,"footnotes":""},"categories":[8331,35481],"tags":[],"class_list":["post-449","post","type-post","status-publish","format-standard","hentry","category-pilgrim","category-sta-helena"],"acf":[],"yoast_head":"<!-- This site is optimized with the Yoast SEO plugin v27.1.1 - https:\/\/yoast.com\/product\/yoast-seo-wordpress\/ -->\n<title>Pilgrimsvandra med mig den 31a! - Vandra V\u00e4gen<\/title>\n<meta name=\"robots\" content=\"index, follow, max-snippet:-1, max-image-preview:large, max-video-preview:-1\" \/>\n<link rel=\"canonical\" href=\"https:\/\/blogg.svenskakyrkan.se\/vandravagen\/2013\/07\/20\/pilgrimsvandra-med-mig-den-31a\/\" \/>\n<meta property=\"og:locale\" content=\"sv_SE\" \/>\n<meta property=\"og:type\" content=\"article\" \/>\n<meta property=\"og:title\" content=\"Pilgrimsvandra med mig den 31a! - Vandra V\u00e4gen\" \/>\n<meta property=\"og:description\" content=\"Jag n\u00e4mnde innan semestern att jag ska leda en pilgrimsvandring p\u00e5 sankta Helenas dag (31a juli). Nu b\u00f6rjar det n\u00e4rma sig s\u00e5 nu vill jag p\u00e5minna om den igen. Det finns redan n\u00e5gra anm\u00e4lda och vi blir g\u00e4rna fler. Det g\u00e5r enkelt till. Vi sam\u00e5ker fr\u00e5n G\u00f6tene f\u00f6rsamlingshem klockan 9.00 och startar vandringen vid Sta [&hellip;]\" \/>\n<meta property=\"og:url\" content=\"https:\/\/blogg.svenskakyrkan.se\/vandravagen\/2013\/07\/20\/pilgrimsvandra-med-mig-den-31a\/\" \/>\n<meta property=\"og:site_name\" content=\"Vandra V\u00e4gen\" \/>\n<meta property=\"article:publisher\" content=\"http:\/\/facebook.com\/vandravagen\" \/>\n<meta property=\"article:published_time\" content=\"2013-07-20T18:29:00+00:00\" \/>\n<meta property=\"og:image\" content=\"http:\/\/4.bp.blogspot.com\/-8jeyaMSezN8\/Ueo-Ia2QyTI\/AAAAAAAAEd4\/4AlTgZaoLbM\/s640\/pilgrimsvandring+31:7+affisch.jpg\" \/>\n<meta name=\"author\" content=\"Tomas Jarvid\" \/>\n<meta name=\"twitter:card\" content=\"summary_large_image\" \/>\n<meta name=\"twitter:creator\" content=\"@fadertomas\" \/>\n<meta name=\"twitter:site\" content=\"@fadertomas\" \/>\n<meta name=\"twitter:label1\" content=\"Skriven av\" \/>\n\t<meta name=\"twitter:data1\" content=\"Tomas Jarvid\" \/>\n\t<meta name=\"twitter:label2\" content=\"Ber\u00e4knad l\u00e4stid\" \/>\n\t<meta name=\"twitter:data2\" content=\"1 minut\" \/>\n<script type=\"application\/ld+json\" class=\"yoast-schema-graph\">{\"@context\":\"https:\/\/schema.org\",\"@graph\":[{\"@type\":\"Article\",\"@id\":\"https:\/\/blogg.svenskakyrkan.se\/vandravagen\/2013\/07\/20\/pilgrimsvandra-med-mig-den-31a\/#article\",\"isPartOf\":{\"@id\":\"https:\/\/blogg.svenskakyrkan.se\/vandravagen\/2013\/07\/20\/pilgrimsvandra-med-mig-den-31a\/\"},\"author\":{\"name\":\"Tomas Jarvid\",\"@id\":\"https:\/\/blogg.svenskakyrkan.se\/vandravagen\/#\/schema\/person\/25da02d4f76b137d04291711e2c9fc16\"},\"headline\":\"Pilgrimsvandra med mig den 31a!\",\"datePublished\":\"2013-07-20T18:29:00+00:00\",\"mainEntityOfPage\":{\"@id\":\"https:\/\/blogg.svenskakyrkan.se\/vandravagen\/2013\/07\/20\/pilgrimsvandra-med-mig-den-31a\/\"},\"wordCount\":191,\"commentCount\":2,\"publisher\":{\"@id\":\"https:\/\/blogg.svenskakyrkan.se\/vandravagen\/#organization\"},\"image\":{\"@id\":\"https:\/\/blogg.svenskakyrkan.se\/vandravagen\/2013\/07\/20\/pilgrimsvandra-med-mig-den-31a\/#primaryimage\"},\"thumbnailUrl\":\"http:\/\/4.bp.blogspot.com\/-8jeyaMSezN8\/Ueo-Ia2QyTI\/AAAAAAAAEd4\/4AlTgZaoLbM\/s640\/pilgrimsvandring+31:7+affisch.jpg\",\"articleSection\":[\"pilgrim\",\"sta Helena\"],\"inLanguage\":\"sv-SE\",\"potentialAction\":[{\"@type\":\"CommentAction\",\"name\":\"Comment\",\"target\":[\"https:\/\/blogg.svenskakyrkan.se\/vandravagen\/2013\/07\/20\/pilgrimsvandra-med-mig-den-31a\/#respond\"]}]},{\"@type\":\"WebPage\",\"@id\":\"https:\/\/blogg.svenskakyrkan.se\/vandravagen\/2013\/07\/20\/pilgrimsvandra-med-mig-den-31a\/\",\"url\":\"https:\/\/blogg.svenskakyrkan.se\/vandravagen\/2013\/07\/20\/pilgrimsvandra-med-mig-den-31a\/\",\"name\":\"Pilgrimsvandra med mig den 31a! - Vandra V\u00e4gen\",\"isPartOf\":{\"@id\":\"https:\/\/blogg.svenskakyrkan.se\/vandravagen\/#website\"},\"primaryImageOfPage\":{\"@id\":\"https:\/\/blogg.svenskakyrkan.se\/vandravagen\/2013\/07\/20\/pilgrimsvandra-med-mig-den-31a\/#primaryimage\"},\"image\":{\"@id\":\"https:\/\/blogg.svenskakyrkan.se\/vandravagen\/2013\/07\/20\/pilgrimsvandra-med-mig-den-31a\/#primaryimage\"},\"thumbnailUrl\":\"http:\/\/4.bp.blogspot.com\/-8jeyaMSezN8\/Ueo-Ia2QyTI\/AAAAAAAAEd4\/4AlTgZaoLbM\/s640\/pilgrimsvandring+31:7+affisch.jpg\",\"datePublished\":\"2013-07-20T18:29:00+00:00\",\"breadcrumb\":{\"@id\":\"https:\/\/blogg.svenskakyrkan.se\/vandravagen\/2013\/07\/20\/pilgrimsvandra-med-mig-den-31a\/#breadcrumb\"},\"inLanguage\":\"sv-SE\",\"potentialAction\":[{\"@type\":\"ReadAction\",\"target\":[\"https:\/\/blogg.svenskakyrkan.se\/vandravagen\/2013\/07\/20\/pilgrimsvandra-med-mig-den-31a\/\"]}]},{\"@type\":\"ImageObject\",\"inLanguage\":\"sv-SE\",\"@id\":\"https:\/\/blogg.svenskakyrkan.se\/vandravagen\/2013\/07\/20\/pilgrimsvandra-med-mig-den-31a\/#primaryimage\",\"url\":\"http:\/\/4.bp.blogspot.com\/-8jeyaMSezN8\/Ueo-Ia2QyTI\/AAAAAAAAEd4\/4AlTgZaoLbM\/s640\/pilgrimsvandring+31:7+affisch.jpg\",\"contentUrl\":\"http:\/\/4.bp.blogspot.com\/-8jeyaMSezN8\/Ueo-Ia2QyTI\/AAAAAAAAEd4\/4AlTgZaoLbM\/s640\/pilgrimsvandring+31:7+affisch.jpg\"},{\"@type\":\"BreadcrumbList\",\"@id\":\"https:\/\/blogg.svenskakyrkan.se\/vandravagen\/2013\/07\/20\/pilgrimsvandra-med-mig-den-31a\/#breadcrumb\",\"itemListElement\":[{\"@type\":\"ListItem\",\"position\":1,\"name\":\"Hem\",\"item\":\"https:\/\/blogg.svenskakyrkan.se\/vandravagen\/\"},{\"@type\":\"ListItem\",\"position\":2,\"name\":\"Pilgrimsvandra med mig den 31a!\"}]},{\"@type\":\"WebSite\",\"@id\":\"https:\/\/blogg.svenskakyrkan.se\/vandravagen\/#website\",\"url\":\"https:\/\/blogg.svenskakyrkan.se\/vandravagen\/\",\"name\":\"Vandra V\u00e4gen\",\"description\":\"-Mot en tro f\u00f6r hela livet\",\"publisher\":{\"@id\":\"https:\/\/blogg.svenskakyrkan.se\/vandravagen\/#organization\"},\"potentialAction\":[{\"@type\":\"SearchAction\",\"target\":{\"@type\":\"EntryPoint\",\"urlTemplate\":\"https:\/\/blogg.svenskakyrkan.se\/vandravagen\/?s={search_term_string}\"},\"query-input\":{\"@type\":\"PropertyValueSpecification\",\"valueRequired\":true,\"valueName\":\"search_term_string\"}}],\"inLanguage\":\"sv-SE\"},{\"@type\":\"Organization\",\"@id\":\"https:\/\/blogg.svenskakyrkan.se\/vandravagen\/#organization\",\"name\":\"ulricehamns pastorat\",\"alternateName\":\"ulricehamns pastorat\",\"url\":\"https:\/\/blogg.svenskakyrkan.se\/vandravagen\/\",\"logo\":{\"@type\":\"ImageObject\",\"inLanguage\":\"sv-SE\",\"@id\":\"https:\/\/blogg.svenskakyrkan.se\/vandravagen\/#\/schema\/logo\/image\/\",\"url\":\"https:\/\/blogg.svenskakyrkan.se\/vandravagen\/files\/2023\/05\/Ulr_logo_RGB.png\",\"contentUrl\":\"https:\/\/blogg.svenskakyrkan.se\/vandravagen\/files\/2023\/05\/Ulr_logo_RGB.png\",\"width\":205,\"height\":77,\"caption\":\"ulricehamns pastorat\"},\"image\":{\"@id\":\"https:\/\/blogg.svenskakyrkan.se\/vandravagen\/#\/schema\/logo\/image\/\"},\"sameAs\":[\"http:\/\/facebook.com\/vandravagen\",\"https:\/\/x.com\/fadertomas\",\"http:\/\/www.facebook.com\/svenskakyrkaniulricehamn\"]},{\"@type\":\"Person\",\"@id\":\"https:\/\/blogg.svenskakyrkan.se\/vandravagen\/#\/schema\/person\/25da02d4f76b137d04291711e2c9fc16\",\"name\":\"Tomas Jarvid\",\"image\":{\"@type\":\"ImageObject\",\"inLanguage\":\"sv-SE\",\"@id\":\"https:\/\/blogg.svenskakyrkan.se\/vandravagen\/#\/schema\/person\/image\/\",\"url\":\"https:\/\/secure.gravatar.com\/avatar\/7fa71899795e8f540f615a1f5ab25255dc27aa40f05ee7ddd21aac521e01bf50?s=96&d=identicon&r=g\",\"contentUrl\":\"https:\/\/secure.gravatar.com\/avatar\/7fa71899795e8f540f615a1f5ab25255dc27aa40f05ee7ddd21aac521e01bf50?s=96&d=identicon&r=g\",\"caption\":\"Tomas Jarvid\"},\"description\":\"Jag bor i Ulricehamn i V\u00e4sterg\u00f6tland och \u00e4r f\u00f6rsamlingspr\u00e4st i Svenska Kyrkan f\u00f6r Dalstorps f\u00f6rsamling i Kinds pastorat. P\u00e5 den h\u00e4r bloggen skriver jag ner tankar om vandringen som kristen.\",\"sameAs\":[\"http:\/\/www.vandravagen.se\"],\"url\":\"https:\/\/blogg.svenskakyrkan.se\/vandravagen\/author\/vandravagen\/\"}]}<\/script>\n<!-- \/ Yoast SEO plugin. -->","yoast_head_json":{"title":"Pilgrimsvandra med mig den 31a! - Vandra V\u00e4gen","robots":{"index":"index","follow":"follow","max-snippet":"max-snippet:-1","max-image-preview":"max-image-preview:large","max-video-preview":"max-video-preview:-1"},"canonical":"https:\/\/blogg.svenskakyrkan.se\/vandravagen\/2013\/07\/20\/pilgrimsvandra-med-mig-den-31a\/","og_locale":"sv_SE","og_type":"article","og_title":"Pilgrimsvandra med mig den 31a! - Vandra V\u00e4gen","og_description":"Jag n\u00e4mnde innan semestern att jag ska leda en pilgrimsvandring p\u00e5 sankta Helenas dag (31a juli). Nu b\u00f6rjar det n\u00e4rma sig s\u00e5 nu vill jag p\u00e5minna om den igen. Det finns redan n\u00e5gra anm\u00e4lda och vi blir g\u00e4rna fler. Det g\u00e5r enkelt till. Vi sam\u00e5ker fr\u00e5n G\u00f6tene f\u00f6rsamlingshem klockan 9.00 och startar vandringen vid Sta [&hellip;]","og_url":"https:\/\/blogg.svenskakyrkan.se\/vandravagen\/2013\/07\/20\/pilgrimsvandra-med-mig-den-31a\/","og_site_name":"Vandra V\u00e4gen","article_publisher":"http:\/\/facebook.com\/vandravagen","article_published_time":"2013-07-20T18:29:00+00:00","og_image":[{"url":"http:\/\/4.bp.blogspot.com\/-8jeyaMSezN8\/Ueo-Ia2QyTI\/AAAAAAAAEd4\/4AlTgZaoLbM\/s640\/pilgrimsvandring+31:7+affisch.jpg","type":"","width":"","height":""}],"author":"Tomas Jarvid","twitter_card":"summary_large_image","twitter_creator":"@fadertomas","twitter_site":"@fadertomas","twitter_misc":{"Skriven av":"Tomas Jarvid","Ber\u00e4knad l\u00e4stid":"1 minut"},"schema":{"@context":"https:\/\/schema.org","@graph":[{"@type":"Article","@id":"https:\/\/blogg.svenskakyrkan.se\/vandravagen\/2013\/07\/20\/pilgrimsvandra-med-mig-den-31a\/#article","isPartOf":{"@id":"https:\/\/blogg.svenskakyrkan.se\/vandravagen\/2013\/07\/20\/pilgrimsvandra-med-mig-den-31a\/"},"author":{"name":"Tomas Jarvid","@id":"https:\/\/blogg.svenskakyrkan.se\/vandravagen\/#\/schema\/person\/25da02d4f76b137d04291711e2c9fc16"},"headline":"Pilgrimsvandra med mig den 31a!","datePublished":"2013-07-20T18:29:00+00:00","mainEntityOfPage":{"@id":"https:\/\/blogg.svenskakyrkan.se\/vandravagen\/2013\/07\/20\/pilgrimsvandra-med-mig-den-31a\/"},"wordCount":191,"commentCount":2,"publisher":{"@id":"https:\/\/blogg.svenskakyrkan.se\/vandravagen\/#organization"},"image":{"@id":"https:\/\/blogg.svenskakyrkan.se\/vandravagen\/2013\/07\/20\/pilgrimsvandra-med-mig-den-31a\/#primaryimage"},"thumbnailUrl":"http:\/\/4.bp.blogspot.com\/-8jeyaMSezN8\/Ueo-Ia2QyTI\/AAAAAAAAEd4\/4AlTgZaoLbM\/s640\/pilgrimsvandring+31:7+affisch.jpg","articleSection":["pilgrim","sta Helena"],"inLanguage":"sv-SE","potentialAction":[{"@type":"CommentAction","name":"Comment","target":["https:\/\/blogg.svenskakyrkan.se\/vandravagen\/2013\/07\/20\/pilgrimsvandra-med-mig-den-31a\/#respond"]}]},{"@type":"WebPage","@id":"https:\/\/blogg.svenskakyrkan.se\/vandravagen\/2013\/07\/20\/pilgrimsvandra-med-mig-den-31a\/","url":"https:\/\/blogg.svenskakyrkan.se\/vandravagen\/2013\/07\/20\/pilgrimsvandra-med-mig-den-31a\/","name":"Pilgrimsvandra med mig den 31a! - Vandra V\u00e4gen","isPartOf":{"@id":"https:\/\/blogg.svenskakyrkan.se\/vandravagen\/#website"},"primaryImageOfPage":{"@id":"https:\/\/blogg.svenskakyrkan.se\/vandravagen\/2013\/07\/20\/pilgrimsvandra-med-mig-den-31a\/#primaryimage"},"image":{"@id":"https:\/\/blogg.svenskakyrkan.se\/vandravagen\/2013\/07\/20\/pilgrimsvandra-med-mig-den-31a\/#primaryimage"},"thumbnailUrl":"http:\/\/4.bp.blogspot.com\/-8jeyaMSezN8\/Ueo-Ia2QyTI\/AAAAAAAAEd4\/4AlTgZaoLbM\/s640\/pilgrimsvandring+31:7+affisch.jpg","datePublished":"2013-07-20T18:29:00+00:00","breadcrumb":{"@id":"https:\/\/blogg.svenskakyrkan.se\/vandravagen\/2013\/07\/20\/pilgrimsvandra-med-mig-den-31a\/#breadcrumb"},"inLanguage":"sv-SE","potentialAction":[{"@type":"ReadAction","target":["https:\/\/blogg.svenskakyrkan.se\/vandravagen\/2013\/07\/20\/pilgrimsvandra-med-mig-den-31a\/"]}]},{"@type":"ImageObject","inLanguage":"sv-SE","@id":"https:\/\/blogg.svenskakyrkan.se\/vandravagen\/2013\/07\/20\/pilgrimsvandra-med-mig-den-31a\/#primaryimage","url":"http:\/\/4.bp.blogspot.com\/-8jeyaMSezN8\/Ueo-Ia2QyTI\/AAAAAAAAEd4\/4AlTgZaoLbM\/s640\/pilgrimsvandring+31:7+affisch.jpg","contentUrl":"http:\/\/4.bp.blogspot.com\/-8jeyaMSezN8\/Ueo-Ia2QyTI\/AAAAAAAAEd4\/4AlTgZaoLbM\/s640\/pilgrimsvandring+31:7+affisch.jpg"},{"@type":"BreadcrumbList","@id":"https:\/\/blogg.svenskakyrkan.se\/vandravagen\/2013\/07\/20\/pilgrimsvandra-med-mig-den-31a\/#breadcrumb","itemListElement":[{"@type":"ListItem","position":1,"name":"Hem","item":"https:\/\/blogg.svenskakyrkan.se\/vandravagen\/"},{"@type":"ListItem","position":2,"name":"Pilgrimsvandra med mig den 31a!"}]},{"@type":"WebSite","@id":"https:\/\/blogg.svenskakyrkan.se\/vandravagen\/#website","url":"https:\/\/blogg.svenskakyrkan.se\/vandravagen\/","name":"Vandra V\u00e4gen","description":"-Mot en tro f\u00f6r hela livet","publisher":{"@id":"https:\/\/blogg.svenskakyrkan.se\/vandravagen\/#organization"},"potentialAction":[{"@type":"SearchAction","target":{"@type":"EntryPoint","urlTemplate":"https:\/\/blogg.svenskakyrkan.se\/vandravagen\/?s={search_term_string}"},"query-input":{"@type":"PropertyValueSpecification","valueRequired":true,"valueName":"search_term_string"}}],"inLanguage":"sv-SE"},{"@type":"Organization","@id":"https:\/\/blogg.svenskakyrkan.se\/vandravagen\/#organization","name":"ulricehamns pastorat","alternateName":"ulricehamns pastorat","url":"https:\/\/blogg.svenskakyrkan.se\/vandravagen\/","logo":{"@type":"ImageObject","inLanguage":"sv-SE","@id":"https:\/\/blogg.svenskakyrkan.se\/vandravagen\/#\/schema\/logo\/image\/","url":"https:\/\/blogg.svenskakyrkan.se\/vandravagen\/files\/2023\/05\/Ulr_logo_RGB.png","contentUrl":"https:\/\/blogg.svenskakyrkan.se\/vandravagen\/files\/2023\/05\/Ulr_logo_RGB.png","width":205,"height":77,"caption":"ulricehamns pastorat"},"image":{"@id":"https:\/\/blogg.svenskakyrkan.se\/vandravagen\/#\/schema\/logo\/image\/"},"sameAs":["http:\/\/facebook.com\/vandravagen","https:\/\/x.com\/fadertomas","http:\/\/www.facebook.com\/svenskakyrkaniulricehamn"]},{"@type":"Person","@id":"https:\/\/blogg.svenskakyrkan.se\/vandravagen\/#\/schema\/person\/25da02d4f76b137d04291711e2c9fc16","name":"Tomas Jarvid","image":{"@type":"ImageObject","inLanguage":"sv-SE","@id":"https:\/\/blogg.svenskakyrkan.se\/vandravagen\/#\/schema\/person\/image\/","url":"https:\/\/secure.gravatar.com\/avatar\/7fa71899795e8f540f615a1f5ab25255dc27aa40f05ee7ddd21aac521e01bf50?s=96&d=identicon&r=g","contentUrl":"https:\/\/secure.gravatar.com\/avatar\/7fa71899795e8f540f615a1f5ab25255dc27aa40f05ee7ddd21aac521e01bf50?s=96&d=identicon&r=g","caption":"Tomas Jarvid"},"description":"Jag bor i Ulricehamn i V\u00e4sterg\u00f6tland och \u00e4r f\u00f6rsamlingspr\u00e4st i Svenska Kyrkan f\u00f6r Dalstorps f\u00f6rsamling i Kinds pastorat. P\u00e5 den h\u00e4r bloggen skriver jag ner tankar om vandringen som kristen.","sameAs":["http:\/\/www.vandravagen.se"],"url":"https:\/\/blogg.svenskakyrkan.se\/vandravagen\/author\/vandravagen\/"}]}},"author_meta":{"ID":"392","user_nicename":"vandravagen","user_url":"http:\/\/www.vandravagen.se","user_registered":"2014-05-19 05:44:52","display_name":"Tomas Jarvid","first_name":"Tomas","last_name":"Jarvid","avatar":"https:\/\/secure.gravatar.com\/avatar\/7fa71899795e8f540f615a1f5ab25255dc27aa40f05ee7ddd21aac521e01bf50?s=96&d=identicon&r=g"},"featured_image":false,"bloginfo":{"name":"Vandra V\u00e4gen","url":"https:\/\/blogg.svenskakyrkan.se\/vandravagen"},"_links":{"self":[{"href":"https:\/\/blogg.svenskakyrkan.se\/vandravagen\/wp-json\/wp\/v2\/posts\/449","targetHints":{"allow":["GET"]}}],"collection":[{"href":"https:\/\/blogg.svenskakyrkan.se\/vandravagen\/wp-json\/wp\/v2\/posts"}],"about":[{"href":"https:\/\/blogg.svenskakyrkan.se\/vandravagen\/wp-json\/wp\/v2\/types\/post"}],"author":[{"embeddable":true,"href":"https:\/\/blogg.svenskakyrkan.se\/vandravagen\/wp-json\/wp\/v2\/users\/392"}],"replies":[{"embeddable":true,"href":"https:\/\/blogg.svenskakyrkan.se\/vandravagen\/wp-json\/wp\/v2\/comments?post=449"}],"version-history":[{"count":0,"href":"https:\/\/blogg.svenskakyrkan.se\/vandravagen\/wp-json\/wp\/v2\/posts\/449\/revisions"}],"wp:attachment":[{"href":"https:\/\/blogg.svenskakyrkan.se\/vandravagen\/wp-json\/wp\/v2\/media?parent=449"}],"wp:term":[{"taxonomy":"category","embeddable":true,"href":"https:\/\/blogg.svenskakyrkan.se\/vandravagen\/wp-json\/wp\/v2\/categories?post=449"},{"taxonomy":"post_tag","embeddable":true,"href":"https:\/\/blogg.svenskakyrkan.se\/vandravagen\/wp-json\/wp\/v2\/tags?post=449"}],"curies":[{"name":"wp","href":"https:\/\/api.w.org\/{rel}","templated":true}]}}