{"id":450,"date":"2013-07-20T09:30:00","date_gmt":"2013-07-20T07:30:00","guid":{"rendered":"http:\/\/blogg.svenskakyrkan.se\/vandravagen\/2013\/07\/20\/7-blandade-tankar-pa-lordagsmorgonen\/"},"modified":"2013-07-20T09:30:00","modified_gmt":"2013-07-20T07:30:00","slug":"7-blandade-tankar-pa-lordagsmorgonen","status":"publish","type":"post","link":"https:\/\/blogg.svenskakyrkan.se\/vandravagen\/2013\/07\/20\/7-blandade-tankar-pa-lordagsmorgonen\/","title":{"rendered":"7 blandade tankar p\u00e5 l\u00f6rdagsmorgonen"},"content":{"rendered":"<div>\n<table align=\"center\" cellpadding=\"0\" cellspacing=\"0\">\n<tbody>\n<tr>\n<td><a href=\"https:\/\/lh4.googleusercontent.com\/-i81P7rQCfuY\/Ueo7Y3NSt2I\/AAAAAAAAEdo\/ambsiKCx0wI\/s640\/blogger-image-1511063269.jpg\"><img loading=\"lazy\" decoding=\"async\" border=\"0\" height=\"400\" src=\"https:\/\/lh4.googleusercontent.com\/-i81P7rQCfuY\/Ueo7Y3NSt2I\/AAAAAAAAEdo\/ambsiKCx0wI\/s400\/blogger-image-1511063269.jpg\" width=\"300\"><\/a><\/td>\n<\/tr>\n<tr>\n<td>Inte ett s\u00e5-snygg-som-m\u00f6jlig-kort<\/td>\n<\/tr>\n<\/tbody>\n<\/table>\n<\/div>\n<div><\/div>\n<p>1, Nu \u00e4r semestern helt slut<\/p>\n<div><\/div>\n<div>2, Jag ocks\u00e5<\/div>\n<div><\/div>\n<div>\n<div>3, eller, ja, lite s\u00f6mn skulle i alla fall inte skada n\u00e5gon natt.<\/p>\n<\/div>\n<\/div>\n<div><\/div>\n<div>4, Ig\u00e5r publicerade vi <a href=\"http:\/\/jarvidmakarihop.blogspot.se\/2013\/07\/del-1-vad-ar-skam.html?showComment=1374261366592\">ett inl\u00e4gg om skam igen p\u00e5 den andra bloggen<\/a>. Skam \u00e4r ett el\u00e4nde men n\u00e4r jag \u00e5terv\u00e4nder till de tankarna en v\u00e4nda till nu k\u00e4nns det \u00e4nd\u00e5 som att det h\u00e4nt en del.<\/div>\n<div><\/div>\n<div><\/div>\n<div>5, Idag ska jag f\u00e5 viga ett brudpar. Det \u00e4r fint!<\/div>\n<div><\/div>\n<div><\/div>\n<div>6, Det \u00e4r alltid en utmaning att s\u00e4ga n\u00e5got vettigt om k\u00e4rlek.<\/p>\n<p>7, \u00c5 andra sidan har man chansen att \u00f6verraska, jag tror f\u00f6rv\u00e4ntningarna p\u00e5 vad pr\u00e4sten ska s\u00e4ga generellt \u00e4r r\u00e4tt l\u00e5ga?<\/p>\n<p>S\u00e5 \u00e4r det h\u00e4r. Vad t\u00e4nker du p\u00e5 idag?<\/p><\/div>\n","protected":false},"excerpt":{"rendered":"<p>Inte ett s\u00e5-snygg-som-m\u00f6jlig-kort 1, Nu \u00e4r semestern helt slut 2, Jag ocks\u00e5 3, eller, ja, lite s\u00f6mn skulle i alla fall inte skada n\u00e5gon natt. 4, Ig\u00e5r publicerade vi ett inl\u00e4gg om skam igen p\u00e5 den andra bloggen. Skam \u00e4r ett el\u00e4nde men n\u00e4r jag \u00e5terv\u00e4nder till de tankarna en v\u00e4nda till nu k\u00e4nns det [&hellip;]<\/p>\n","protected":false},"author":392,"featured_media":0,"comment_status":"open","ping_status":"open","sticky":false,"template":"","format":"standard","meta":{"_acf_changed":false,"footnotes":""},"categories":[76766],"tags":[],"class_list":["post-450","post","type-post","status-publish","format-standard","hentry","category-blandat"],"acf":[],"yoast_head":"<!-- This site is optimized with the Yoast SEO plugin v27.1.1 - https:\/\/yoast.com\/product\/yoast-seo-wordpress\/ -->\n<title>7 blandade tankar p\u00e5 l\u00f6rdagsmorgonen - Vandra V\u00e4gen<\/title>\n<meta name=\"robots\" content=\"index, follow, max-snippet:-1, max-image-preview:large, max-video-preview:-1\" \/>\n<link rel=\"canonical\" href=\"https:\/\/blogg.svenskakyrkan.se\/vandravagen\/2013\/07\/20\/7-blandade-tankar-pa-lordagsmorgonen\/\" \/>\n<meta property=\"og:locale\" content=\"sv_SE\" \/>\n<meta property=\"og:type\" content=\"article\" \/>\n<meta property=\"og:title\" content=\"7 blandade tankar p\u00e5 l\u00f6rdagsmorgonen - Vandra V\u00e4gen\" \/>\n<meta property=\"og:description\" content=\"Inte ett s\u00e5-snygg-som-m\u00f6jlig-kort 1, Nu \u00e4r semestern helt slut 2, Jag ocks\u00e5 3, eller, ja, lite s\u00f6mn skulle i alla fall inte skada n\u00e5gon natt. 4, Ig\u00e5r publicerade vi ett inl\u00e4gg om skam igen p\u00e5 den andra bloggen. Skam \u00e4r ett el\u00e4nde men n\u00e4r jag \u00e5terv\u00e4nder till de tankarna en v\u00e4nda till nu k\u00e4nns det [&hellip;]\" \/>\n<meta property=\"og:url\" content=\"https:\/\/blogg.svenskakyrkan.se\/vandravagen\/2013\/07\/20\/7-blandade-tankar-pa-lordagsmorgonen\/\" \/>\n<meta property=\"og:site_name\" content=\"Vandra V\u00e4gen\" \/>\n<meta property=\"article:publisher\" content=\"http:\/\/facebook.com\/vandravagen\" \/>\n<meta property=\"article:published_time\" content=\"2013-07-20T07:30:00+00:00\" \/>\n<meta property=\"og:image\" content=\"https:\/\/lh4.googleusercontent.com\/-i81P7rQCfuY\/Ueo7Y3NSt2I\/AAAAAAAAEdo\/ambsiKCx0wI\/s400\/blogger-image-1511063269.jpg\" \/>\n<meta name=\"author\" content=\"Tomas Jarvid\" \/>\n<meta name=\"twitter:card\" content=\"summary_large_image\" \/>\n<meta name=\"twitter:creator\" content=\"@fadertomas\" \/>\n<meta name=\"twitter:site\" content=\"@fadertomas\" \/>\n<meta name=\"twitter:label1\" content=\"Skriven av\" \/>\n\t<meta name=\"twitter:data1\" content=\"Tomas Jarvid\" \/>\n\t<meta name=\"twitter:label2\" content=\"Ber\u00e4knad l\u00e4stid\" \/>\n\t<meta name=\"twitter:data2\" content=\"1 minut\" \/>\n<script type=\"application\/ld+json\" class=\"yoast-schema-graph\">{\"@context\":\"https:\/\/schema.org\",\"@graph\":[{\"@type\":\"Article\",\"@id\":\"https:\/\/blogg.svenskakyrkan.se\/vandravagen\/2013\/07\/20\/7-blandade-tankar-pa-lordagsmorgonen\/#article\",\"isPartOf\":{\"@id\":\"https:\/\/blogg.svenskakyrkan.se\/vandravagen\/2013\/07\/20\/7-blandade-tankar-pa-lordagsmorgonen\/\"},\"author\":{\"name\":\"Tomas Jarvid\",\"@id\":\"https:\/\/blogg.svenskakyrkan.se\/vandravagen\/#\/schema\/person\/25da02d4f76b137d04291711e2c9fc16\"},\"headline\":\"7 blandade tankar p\u00e5 l\u00f6rdagsmorgonen\",\"datePublished\":\"2013-07-20T07:30:00+00:00\",\"mainEntityOfPage\":{\"@id\":\"https:\/\/blogg.svenskakyrkan.se\/vandravagen\/2013\/07\/20\/7-blandade-tankar-pa-lordagsmorgonen\/\"},\"wordCount\":135,\"commentCount\":3,\"publisher\":{\"@id\":\"https:\/\/blogg.svenskakyrkan.se\/vandravagen\/#organization\"},\"image\":{\"@id\":\"https:\/\/blogg.svenskakyrkan.se\/vandravagen\/2013\/07\/20\/7-blandade-tankar-pa-lordagsmorgonen\/#primaryimage\"},\"thumbnailUrl\":\"https:\/\/lh4.googleusercontent.com\/-i81P7rQCfuY\/Ueo7Y3NSt2I\/AAAAAAAAEdo\/ambsiKCx0wI\/s400\/blogger-image-1511063269.jpg\",\"articleSection\":[\"blandat\"],\"inLanguage\":\"sv-SE\",\"potentialAction\":[{\"@type\":\"CommentAction\",\"name\":\"Comment\",\"target\":[\"https:\/\/blogg.svenskakyrkan.se\/vandravagen\/2013\/07\/20\/7-blandade-tankar-pa-lordagsmorgonen\/#respond\"]}]},{\"@type\":\"WebPage\",\"@id\":\"https:\/\/blogg.svenskakyrkan.se\/vandravagen\/2013\/07\/20\/7-blandade-tankar-pa-lordagsmorgonen\/\",\"url\":\"https:\/\/blogg.svenskakyrkan.se\/vandravagen\/2013\/07\/20\/7-blandade-tankar-pa-lordagsmorgonen\/\",\"name\":\"7 blandade tankar p\u00e5 l\u00f6rdagsmorgonen - Vandra V\u00e4gen\",\"isPartOf\":{\"@id\":\"https:\/\/blogg.svenskakyrkan.se\/vandravagen\/#website\"},\"primaryImageOfPage\":{\"@id\":\"https:\/\/blogg.svenskakyrkan.se\/vandravagen\/2013\/07\/20\/7-blandade-tankar-pa-lordagsmorgonen\/#primaryimage\"},\"image\":{\"@id\":\"https:\/\/blogg.svenskakyrkan.se\/vandravagen\/2013\/07\/20\/7-blandade-tankar-pa-lordagsmorgonen\/#primaryimage\"},\"thumbnailUrl\":\"https:\/\/lh4.googleusercontent.com\/-i81P7rQCfuY\/Ueo7Y3NSt2I\/AAAAAAAAEdo\/ambsiKCx0wI\/s400\/blogger-image-1511063269.jpg\",\"datePublished\":\"2013-07-20T07:30:00+00:00\",\"breadcrumb\":{\"@id\":\"https:\/\/blogg.svenskakyrkan.se\/vandravagen\/2013\/07\/20\/7-blandade-tankar-pa-lordagsmorgonen\/#breadcrumb\"},\"inLanguage\":\"sv-SE\",\"potentialAction\":[{\"@type\":\"ReadAction\",\"target\":[\"https:\/\/blogg.svenskakyrkan.se\/vandravagen\/2013\/07\/20\/7-blandade-tankar-pa-lordagsmorgonen\/\"]}]},{\"@type\":\"ImageObject\",\"inLanguage\":\"sv-SE\",\"@id\":\"https:\/\/blogg.svenskakyrkan.se\/vandravagen\/2013\/07\/20\/7-blandade-tankar-pa-lordagsmorgonen\/#primaryimage\",\"url\":\"https:\/\/lh4.googleusercontent.com\/-i81P7rQCfuY\/Ueo7Y3NSt2I\/AAAAAAAAEdo\/ambsiKCx0wI\/s400\/blogger-image-1511063269.jpg\",\"contentUrl\":\"https:\/\/lh4.googleusercontent.com\/-i81P7rQCfuY\/Ueo7Y3NSt2I\/AAAAAAAAEdo\/ambsiKCx0wI\/s400\/blogger-image-1511063269.jpg\"},{\"@type\":\"BreadcrumbList\",\"@id\":\"https:\/\/blogg.svenskakyrkan.se\/vandravagen\/2013\/07\/20\/7-blandade-tankar-pa-lordagsmorgonen\/#breadcrumb\",\"itemListElement\":[{\"@type\":\"ListItem\",\"position\":1,\"name\":\"Hem\",\"item\":\"https:\/\/blogg.svenskakyrkan.se\/vandravagen\/\"},{\"@type\":\"ListItem\",\"position\":2,\"name\":\"7 blandade tankar p\u00e5 l\u00f6rdagsmorgonen\"}]},{\"@type\":\"WebSite\",\"@id\":\"https:\/\/blogg.svenskakyrkan.se\/vandravagen\/#website\",\"url\":\"https:\/\/blogg.svenskakyrkan.se\/vandravagen\/\",\"name\":\"Vandra V\u00e4gen\",\"description\":\"-Mot en tro f\u00f6r hela livet\",\"publisher\":{\"@id\":\"https:\/\/blogg.svenskakyrkan.se\/vandravagen\/#organization\"},\"potentialAction\":[{\"@type\":\"SearchAction\",\"target\":{\"@type\":\"EntryPoint\",\"urlTemplate\":\"https:\/\/blogg.svenskakyrkan.se\/vandravagen\/?s={search_term_string}\"},\"query-input\":{\"@type\":\"PropertyValueSpecification\",\"valueRequired\":true,\"valueName\":\"search_term_string\"}}],\"inLanguage\":\"sv-SE\"},{\"@type\":\"Organization\",\"@id\":\"https:\/\/blogg.svenskakyrkan.se\/vandravagen\/#organization\",\"name\":\"ulricehamns pastorat\",\"alternateName\":\"ulricehamns pastorat\",\"url\":\"https:\/\/blogg.svenskakyrkan.se\/vandravagen\/\",\"logo\":{\"@type\":\"ImageObject\",\"inLanguage\":\"sv-SE\",\"@id\":\"https:\/\/blogg.svenskakyrkan.se\/vandravagen\/#\/schema\/logo\/image\/\",\"url\":\"https:\/\/blogg.svenskakyrkan.se\/vandravagen\/files\/2023\/05\/Ulr_logo_RGB.png\",\"contentUrl\":\"https:\/\/blogg.svenskakyrkan.se\/vandravagen\/files\/2023\/05\/Ulr_logo_RGB.png\",\"width\":205,\"height\":77,\"caption\":\"ulricehamns pastorat\"},\"image\":{\"@id\":\"https:\/\/blogg.svenskakyrkan.se\/vandravagen\/#\/schema\/logo\/image\/\"},\"sameAs\":[\"http:\/\/facebook.com\/vandravagen\",\"https:\/\/x.com\/fadertomas\",\"http:\/\/www.facebook.com\/svenskakyrkaniulricehamn\"]},{\"@type\":\"Person\",\"@id\":\"https:\/\/blogg.svenskakyrkan.se\/vandravagen\/#\/schema\/person\/25da02d4f76b137d04291711e2c9fc16\",\"name\":\"Tomas Jarvid\",\"image\":{\"@type\":\"ImageObject\",\"inLanguage\":\"sv-SE\",\"@id\":\"https:\/\/blogg.svenskakyrkan.se\/vandravagen\/#\/schema\/person\/image\/\",\"url\":\"https:\/\/secure.gravatar.com\/avatar\/7fa71899795e8f540f615a1f5ab25255dc27aa40f05ee7ddd21aac521e01bf50?s=96&d=identicon&r=g\",\"contentUrl\":\"https:\/\/secure.gravatar.com\/avatar\/7fa71899795e8f540f615a1f5ab25255dc27aa40f05ee7ddd21aac521e01bf50?s=96&d=identicon&r=g\",\"caption\":\"Tomas Jarvid\"},\"description\":\"Jag bor i Ulricehamn i V\u00e4sterg\u00f6tland och \u00e4r f\u00f6rsamlingspr\u00e4st i Svenska Kyrkan f\u00f6r Dalstorps f\u00f6rsamling i Kinds pastorat. P\u00e5 den h\u00e4r bloggen skriver jag ner tankar om vandringen som kristen.\",\"sameAs\":[\"http:\/\/www.vandravagen.se\"],\"url\":\"https:\/\/blogg.svenskakyrkan.se\/vandravagen\/author\/vandravagen\/\"}]}<\/script>\n<!-- \/ Yoast SEO plugin. -->","yoast_head_json":{"title":"7 blandade tankar p\u00e5 l\u00f6rdagsmorgonen - Vandra V\u00e4gen","robots":{"index":"index","follow":"follow","max-snippet":"max-snippet:-1","max-image-preview":"max-image-preview:large","max-video-preview":"max-video-preview:-1"},"canonical":"https:\/\/blogg.svenskakyrkan.se\/vandravagen\/2013\/07\/20\/7-blandade-tankar-pa-lordagsmorgonen\/","og_locale":"sv_SE","og_type":"article","og_title":"7 blandade tankar p\u00e5 l\u00f6rdagsmorgonen - Vandra V\u00e4gen","og_description":"Inte ett s\u00e5-snygg-som-m\u00f6jlig-kort 1, Nu \u00e4r semestern helt slut 2, Jag ocks\u00e5 3, eller, ja, lite s\u00f6mn skulle i alla fall inte skada n\u00e5gon natt. 4, Ig\u00e5r publicerade vi ett inl\u00e4gg om skam igen p\u00e5 den andra bloggen. Skam \u00e4r ett el\u00e4nde men n\u00e4r jag \u00e5terv\u00e4nder till de tankarna en v\u00e4nda till nu k\u00e4nns det [&hellip;]","og_url":"https:\/\/blogg.svenskakyrkan.se\/vandravagen\/2013\/07\/20\/7-blandade-tankar-pa-lordagsmorgonen\/","og_site_name":"Vandra V\u00e4gen","article_publisher":"http:\/\/facebook.com\/vandravagen","article_published_time":"2013-07-20T07:30:00+00:00","og_image":[{"url":"https:\/\/lh4.googleusercontent.com\/-i81P7rQCfuY\/Ueo7Y3NSt2I\/AAAAAAAAEdo\/ambsiKCx0wI\/s400\/blogger-image-1511063269.jpg","type":"","width":"","height":""}],"author":"Tomas Jarvid","twitter_card":"summary_large_image","twitter_creator":"@fadertomas","twitter_site":"@fadertomas","twitter_misc":{"Skriven av":"Tomas Jarvid","Ber\u00e4knad l\u00e4stid":"1 minut"},"schema":{"@context":"https:\/\/schema.org","@graph":[{"@type":"Article","@id":"https:\/\/blogg.svenskakyrkan.se\/vandravagen\/2013\/07\/20\/7-blandade-tankar-pa-lordagsmorgonen\/#article","isPartOf":{"@id":"https:\/\/blogg.svenskakyrkan.se\/vandravagen\/2013\/07\/20\/7-blandade-tankar-pa-lordagsmorgonen\/"},"author":{"name":"Tomas Jarvid","@id":"https:\/\/blogg.svenskakyrkan.se\/vandravagen\/#\/schema\/person\/25da02d4f76b137d04291711e2c9fc16"},"headline":"7 blandade tankar p\u00e5 l\u00f6rdagsmorgonen","datePublished":"2013-07-20T07:30:00+00:00","mainEntityOfPage":{"@id":"https:\/\/blogg.svenskakyrkan.se\/vandravagen\/2013\/07\/20\/7-blandade-tankar-pa-lordagsmorgonen\/"},"wordCount":135,"commentCount":3,"publisher":{"@id":"https:\/\/blogg.svenskakyrkan.se\/vandravagen\/#organization"},"image":{"@id":"https:\/\/blogg.svenskakyrkan.se\/vandravagen\/2013\/07\/20\/7-blandade-tankar-pa-lordagsmorgonen\/#primaryimage"},"thumbnailUrl":"https:\/\/lh4.googleusercontent.com\/-i81P7rQCfuY\/Ueo7Y3NSt2I\/AAAAAAAAEdo\/ambsiKCx0wI\/s400\/blogger-image-1511063269.jpg","articleSection":["blandat"],"inLanguage":"sv-SE","potentialAction":[{"@type":"CommentAction","name":"Comment","target":["https:\/\/blogg.svenskakyrkan.se\/vandravagen\/2013\/07\/20\/7-blandade-tankar-pa-lordagsmorgonen\/#respond"]}]},{"@type":"WebPage","@id":"https:\/\/blogg.svenskakyrkan.se\/vandravagen\/2013\/07\/20\/7-blandade-tankar-pa-lordagsmorgonen\/","url":"https:\/\/blogg.svenskakyrkan.se\/vandravagen\/2013\/07\/20\/7-blandade-tankar-pa-lordagsmorgonen\/","name":"7 blandade tankar p\u00e5 l\u00f6rdagsmorgonen - Vandra V\u00e4gen","isPartOf":{"@id":"https:\/\/blogg.svenskakyrkan.se\/vandravagen\/#website"},"primaryImageOfPage":{"@id":"https:\/\/blogg.svenskakyrkan.se\/vandravagen\/2013\/07\/20\/7-blandade-tankar-pa-lordagsmorgonen\/#primaryimage"},"image":{"@id":"https:\/\/blogg.svenskakyrkan.se\/vandravagen\/2013\/07\/20\/7-blandade-tankar-pa-lordagsmorgonen\/#primaryimage"},"thumbnailUrl":"https:\/\/lh4.googleusercontent.com\/-i81P7rQCfuY\/Ueo7Y3NSt2I\/AAAAAAAAEdo\/ambsiKCx0wI\/s400\/blogger-image-1511063269.jpg","datePublished":"2013-07-20T07:30:00+00:00","breadcrumb":{"@id":"https:\/\/blogg.svenskakyrkan.se\/vandravagen\/2013\/07\/20\/7-blandade-tankar-pa-lordagsmorgonen\/#breadcrumb"},"inLanguage":"sv-SE","potentialAction":[{"@type":"ReadAction","target":["https:\/\/blogg.svenskakyrkan.se\/vandravagen\/2013\/07\/20\/7-blandade-tankar-pa-lordagsmorgonen\/"]}]},{"@type":"ImageObject","inLanguage":"sv-SE","@id":"https:\/\/blogg.svenskakyrkan.se\/vandravagen\/2013\/07\/20\/7-blandade-tankar-pa-lordagsmorgonen\/#primaryimage","url":"https:\/\/lh4.googleusercontent.com\/-i81P7rQCfuY\/Ueo7Y3NSt2I\/AAAAAAAAEdo\/ambsiKCx0wI\/s400\/blogger-image-1511063269.jpg","contentUrl":"https:\/\/lh4.googleusercontent.com\/-i81P7rQCfuY\/Ueo7Y3NSt2I\/AAAAAAAAEdo\/ambsiKCx0wI\/s400\/blogger-image-1511063269.jpg"},{"@type":"BreadcrumbList","@id":"https:\/\/blogg.svenskakyrkan.se\/vandravagen\/2013\/07\/20\/7-blandade-tankar-pa-lordagsmorgonen\/#breadcrumb","itemListElement":[{"@type":"ListItem","position":1,"name":"Hem","item":"https:\/\/blogg.svenskakyrkan.se\/vandravagen\/"},{"@type":"ListItem","position":2,"name":"7 blandade tankar p\u00e5 l\u00f6rdagsmorgonen"}]},{"@type":"WebSite","@id":"https:\/\/blogg.svenskakyrkan.se\/vandravagen\/#website","url":"https:\/\/blogg.svenskakyrkan.se\/vandravagen\/","name":"Vandra V\u00e4gen","description":"-Mot en tro f\u00f6r hela livet","publisher":{"@id":"https:\/\/blogg.svenskakyrkan.se\/vandravagen\/#organization"},"potentialAction":[{"@type":"SearchAction","target":{"@type":"EntryPoint","urlTemplate":"https:\/\/blogg.svenskakyrkan.se\/vandravagen\/?s={search_term_string}"},"query-input":{"@type":"PropertyValueSpecification","valueRequired":true,"valueName":"search_term_string"}}],"inLanguage":"sv-SE"},{"@type":"Organization","@id":"https:\/\/blogg.svenskakyrkan.se\/vandravagen\/#organization","name":"ulricehamns pastorat","alternateName":"ulricehamns pastorat","url":"https:\/\/blogg.svenskakyrkan.se\/vandravagen\/","logo":{"@type":"ImageObject","inLanguage":"sv-SE","@id":"https:\/\/blogg.svenskakyrkan.se\/vandravagen\/#\/schema\/logo\/image\/","url":"https:\/\/blogg.svenskakyrkan.se\/vandravagen\/files\/2023\/05\/Ulr_logo_RGB.png","contentUrl":"https:\/\/blogg.svenskakyrkan.se\/vandravagen\/files\/2023\/05\/Ulr_logo_RGB.png","width":205,"height":77,"caption":"ulricehamns pastorat"},"image":{"@id":"https:\/\/blogg.svenskakyrkan.se\/vandravagen\/#\/schema\/logo\/image\/"},"sameAs":["http:\/\/facebook.com\/vandravagen","https:\/\/x.com\/fadertomas","http:\/\/www.facebook.com\/svenskakyrkaniulricehamn"]},{"@type":"Person","@id":"https:\/\/blogg.svenskakyrkan.se\/vandravagen\/#\/schema\/person\/25da02d4f76b137d04291711e2c9fc16","name":"Tomas Jarvid","image":{"@type":"ImageObject","inLanguage":"sv-SE","@id":"https:\/\/blogg.svenskakyrkan.se\/vandravagen\/#\/schema\/person\/image\/","url":"https:\/\/secure.gravatar.com\/avatar\/7fa71899795e8f540f615a1f5ab25255dc27aa40f05ee7ddd21aac521e01bf50?s=96&d=identicon&r=g","contentUrl":"https:\/\/secure.gravatar.com\/avatar\/7fa71899795e8f540f615a1f5ab25255dc27aa40f05ee7ddd21aac521e01bf50?s=96&d=identicon&r=g","caption":"Tomas Jarvid"},"description":"Jag bor i Ulricehamn i V\u00e4sterg\u00f6tland och \u00e4r f\u00f6rsamlingspr\u00e4st i Svenska Kyrkan f\u00f6r Dalstorps f\u00f6rsamling i Kinds pastorat. P\u00e5 den h\u00e4r bloggen skriver jag ner tankar om vandringen som kristen.","sameAs":["http:\/\/www.vandravagen.se"],"url":"https:\/\/blogg.svenskakyrkan.se\/vandravagen\/author\/vandravagen\/"}]}},"author_meta":{"ID":"392","user_nicename":"vandravagen","user_url":"http:\/\/www.vandravagen.se","user_registered":"2014-05-19 05:44:52","display_name":"Tomas Jarvid","first_name":"Tomas","last_name":"Jarvid","avatar":"https:\/\/secure.gravatar.com\/avatar\/7fa71899795e8f540f615a1f5ab25255dc27aa40f05ee7ddd21aac521e01bf50?s=96&d=identicon&r=g"},"featured_image":false,"bloginfo":{"name":"Vandra V\u00e4gen","url":"https:\/\/blogg.svenskakyrkan.se\/vandravagen"},"_links":{"self":[{"href":"https:\/\/blogg.svenskakyrkan.se\/vandravagen\/wp-json\/wp\/v2\/posts\/450","targetHints":{"allow":["GET"]}}],"collection":[{"href":"https:\/\/blogg.svenskakyrkan.se\/vandravagen\/wp-json\/wp\/v2\/posts"}],"about":[{"href":"https:\/\/blogg.svenskakyrkan.se\/vandravagen\/wp-json\/wp\/v2\/types\/post"}],"author":[{"embeddable":true,"href":"https:\/\/blogg.svenskakyrkan.se\/vandravagen\/wp-json\/wp\/v2\/users\/392"}],"replies":[{"embeddable":true,"href":"https:\/\/blogg.svenskakyrkan.se\/vandravagen\/wp-json\/wp\/v2\/comments?post=450"}],"version-history":[{"count":0,"href":"https:\/\/blogg.svenskakyrkan.se\/vandravagen\/wp-json\/wp\/v2\/posts\/450\/revisions"}],"wp:attachment":[{"href":"https:\/\/blogg.svenskakyrkan.se\/vandravagen\/wp-json\/wp\/v2\/media?parent=450"}],"wp:term":[{"taxonomy":"category","embeddable":true,"href":"https:\/\/blogg.svenskakyrkan.se\/vandravagen\/wp-json\/wp\/v2\/categories?post=450"},{"taxonomy":"post_tag","embeddable":true,"href":"https:\/\/blogg.svenskakyrkan.se\/vandravagen\/wp-json\/wp\/v2\/tags?post=450"}],"curies":[{"name":"wp","href":"https:\/\/api.w.org\/{rel}","templated":true}]}}