{"id":452,"date":"2013-07-19T08:08:00","date_gmt":"2013-07-19T06:08:00","guid":{"rendered":"http:\/\/blogg.svenskakyrkan.se\/vandravagen\/2013\/07\/19\/det-du-gjort-mot-en-av-dessa-mina-minsta\/"},"modified":"2013-07-19T08:08:00","modified_gmt":"2013-07-19T06:08:00","slug":"det-du-gjort-mot-en-av-dessa-mina-minsta","status":"publish","type":"post","link":"https:\/\/blogg.svenskakyrkan.se\/vandravagen\/2013\/07\/19\/det-du-gjort-mot-en-av-dessa-mina-minsta\/","title":{"rendered":"Det du gjort mot en av dessa mina minsta&#8230;"},"content":{"rendered":"<table align=\"center\" cellpadding=\"0\" cellspacing=\"0\">\n<tbody>\n<tr>\n<td><a href=\"http:\/\/4.bp.blogspot.com\/-Z66MwPYPVs8\/UejXxZ8QJvI\/AAAAAAAAEdY\/QJSZd4mo5eQ\/s1600\/barn.jpg\"><img loading=\"lazy\" decoding=\"async\" border=\"0\" height=\"400\" src=\"http:\/\/4.bp.blogspot.com\/-Z66MwPYPVs8\/UejXxZ8QJvI\/AAAAAAAAEdY\/QJSZd4mo5eQ\/s400\/barn.jpg\" width=\"266\"><\/a><\/td>\n<\/tr>\n<tr>\n<td>En av de minsta, och du med!<\/td>\n<\/tr>\n<\/tbody>\n<\/table>\n<p>Det du gjort mot en av dessa mina minsta, det har du gjort mot mig. S\u00e5 s\u00e4ger Jesus.<\/p>\n<p>Det slog mig nyligen att precis s\u00e5 kommer jag f\u00f6rmodligen k\u00e4nna som f\u00f6r\u00e4lder n\u00e4r n\u00e5gon g\u00f6r n\u00e5got bra f\u00f6r mina barn. N\u00e4r man h\u00f6r riktigt t\u00e4tt ihop blir det v\u00e4l s\u00e5? Det m\u00e5ste i alla fall inneb\u00e4ra att det \u00e4r s\u00e5 ungef\u00e4r som Jesus ser p\u00e5 sin relation till oss? Som n\u00e5gra han st\u00e5r s\u00e5 n\u00e4ra att gr\u00e4nsen emellan inte \u00e4r helt tydlig.<\/p>\n<p>Jesus r\u00e4knar sig som ett med alla de sina. Att det \u00e4r &#8221;de minsta&#8221; dessutom? Betyder det att han utg\u00e5r fr\u00e5n att alla de som \u00e4r hans ocks\u00e5 \u00e4r sm\u00e5 p\u00e5 n\u00e5got s\u00e4tt? Det verkar ju s\u00e5 i saligprisningarna?<\/p>\n<p>Det f\u00e5r vara morgonens tanke p\u00e5 bloggen i alla fall. Gud sj\u00e4lv f\u00f6rh\u00e5ller sig inte distanserat eller professionellt gentemot oss, utan \u00e4r personligt engagerad.<\/p>\n<p>Det \u00e4r ju h\u00e4rligt n\u00e4r man t\u00e4nker p\u00e5 att man sj\u00e4lv f\u00e5r r\u00e4knas bland de d\u00e4r som \u00e4r hans, samtidigt \u00e4r det k\u00e4rvt och uppfordrande eftersom det betyder att min n\u00e4sta \u00e4r precis lika dyrbar i Guds \u00f6gon!<\/p><\/p>\n","protected":false},"excerpt":{"rendered":"<p>En av de minsta, och du med! Det du gjort mot en av dessa mina minsta, det har du gjort mot mig. S\u00e5 s\u00e4ger Jesus. Det slog mig nyligen att precis s\u00e5 kommer jag f\u00f6rmodligen k\u00e4nna som f\u00f6r\u00e4lder n\u00e4r n\u00e5gon g\u00f6r n\u00e5got bra f\u00f6r mina barn. N\u00e4r man h\u00f6r riktigt t\u00e4tt ihop blir det v\u00e4l [&hellip;]<\/p>\n","protected":false},"author":392,"featured_media":0,"comment_status":"open","ping_status":"open","sticky":false,"template":"","format":"standard","meta":{"_acf_changed":false,"footnotes":""},"categories":[8298,117],"tags":[],"class_list":["post-452","post","type-post","status-publish","format-standard","hentry","category-bibeln","category-teologi"],"acf":[],"yoast_head":"<!-- This site is optimized with the Yoast SEO plugin v27.1.1 - https:\/\/yoast.com\/product\/yoast-seo-wordpress\/ -->\n<title>Det du gjort mot en av dessa mina minsta... - Vandra V\u00e4gen<\/title>\n<meta name=\"robots\" content=\"index, follow, max-snippet:-1, max-image-preview:large, max-video-preview:-1\" \/>\n<link rel=\"canonical\" href=\"https:\/\/blogg.svenskakyrkan.se\/vandravagen\/2013\/07\/19\/det-du-gjort-mot-en-av-dessa-mina-minsta\/\" \/>\n<meta property=\"og:locale\" content=\"sv_SE\" \/>\n<meta property=\"og:type\" content=\"article\" \/>\n<meta property=\"og:title\" content=\"Det du gjort mot en av dessa mina minsta... - Vandra V\u00e4gen\" \/>\n<meta property=\"og:description\" content=\"En av de minsta, och du med! Det du gjort mot en av dessa mina minsta, det har du gjort mot mig. S\u00e5 s\u00e4ger Jesus. Det slog mig nyligen att precis s\u00e5 kommer jag f\u00f6rmodligen k\u00e4nna som f\u00f6r\u00e4lder n\u00e4r n\u00e5gon g\u00f6r n\u00e5got bra f\u00f6r mina barn. N\u00e4r man h\u00f6r riktigt t\u00e4tt ihop blir det v\u00e4l [&hellip;]\" \/>\n<meta property=\"og:url\" content=\"https:\/\/blogg.svenskakyrkan.se\/vandravagen\/2013\/07\/19\/det-du-gjort-mot-en-av-dessa-mina-minsta\/\" \/>\n<meta property=\"og:site_name\" content=\"Vandra V\u00e4gen\" \/>\n<meta property=\"article:publisher\" content=\"http:\/\/facebook.com\/vandravagen\" \/>\n<meta property=\"article:published_time\" content=\"2013-07-19T06:08:00+00:00\" \/>\n<meta property=\"og:image\" content=\"http:\/\/4.bp.blogspot.com\/-Z66MwPYPVs8\/UejXxZ8QJvI\/AAAAAAAAEdY\/QJSZd4mo5eQ\/s400\/barn.jpg\" \/>\n<meta name=\"author\" content=\"Tomas Jarvid\" \/>\n<meta name=\"twitter:card\" content=\"summary_large_image\" \/>\n<meta name=\"twitter:creator\" content=\"@fadertomas\" \/>\n<meta name=\"twitter:site\" content=\"@fadertomas\" \/>\n<meta name=\"twitter:label1\" content=\"Skriven av\" \/>\n\t<meta name=\"twitter:data1\" content=\"Tomas Jarvid\" \/>\n\t<meta name=\"twitter:label2\" content=\"Ber\u00e4knad l\u00e4stid\" \/>\n\t<meta name=\"twitter:data2\" content=\"1 minut\" \/>\n<script type=\"application\/ld+json\" class=\"yoast-schema-graph\">{\"@context\":\"https:\/\/schema.org\",\"@graph\":[{\"@type\":\"Article\",\"@id\":\"https:\/\/blogg.svenskakyrkan.se\/vandravagen\/2013\/07\/19\/det-du-gjort-mot-en-av-dessa-mina-minsta\/#article\",\"isPartOf\":{\"@id\":\"https:\/\/blogg.svenskakyrkan.se\/vandravagen\/2013\/07\/19\/det-du-gjort-mot-en-av-dessa-mina-minsta\/\"},\"author\":{\"name\":\"Tomas Jarvid\",\"@id\":\"https:\/\/blogg.svenskakyrkan.se\/vandravagen\/#\/schema\/person\/25da02d4f76b137d04291711e2c9fc16\"},\"headline\":\"Det du gjort mot en av dessa mina minsta&#8230;\",\"datePublished\":\"2013-07-19T06:08:00+00:00\",\"mainEntityOfPage\":{\"@id\":\"https:\/\/blogg.svenskakyrkan.se\/vandravagen\/2013\/07\/19\/det-du-gjort-mot-en-av-dessa-mina-minsta\/\"},\"wordCount\":237,\"commentCount\":0,\"publisher\":{\"@id\":\"https:\/\/blogg.svenskakyrkan.se\/vandravagen\/#organization\"},\"image\":{\"@id\":\"https:\/\/blogg.svenskakyrkan.se\/vandravagen\/2013\/07\/19\/det-du-gjort-mot-en-av-dessa-mina-minsta\/#primaryimage\"},\"thumbnailUrl\":\"http:\/\/4.bp.blogspot.com\/-Z66MwPYPVs8\/UejXxZ8QJvI\/AAAAAAAAEdY\/QJSZd4mo5eQ\/s400\/barn.jpg\",\"articleSection\":[\"Bibeln\",\"Teologi\"],\"inLanguage\":\"sv-SE\",\"potentialAction\":[{\"@type\":\"CommentAction\",\"name\":\"Comment\",\"target\":[\"https:\/\/blogg.svenskakyrkan.se\/vandravagen\/2013\/07\/19\/det-du-gjort-mot-en-av-dessa-mina-minsta\/#respond\"]}]},{\"@type\":\"WebPage\",\"@id\":\"https:\/\/blogg.svenskakyrkan.se\/vandravagen\/2013\/07\/19\/det-du-gjort-mot-en-av-dessa-mina-minsta\/\",\"url\":\"https:\/\/blogg.svenskakyrkan.se\/vandravagen\/2013\/07\/19\/det-du-gjort-mot-en-av-dessa-mina-minsta\/\",\"name\":\"Det du gjort mot en av dessa mina minsta... - Vandra V\u00e4gen\",\"isPartOf\":{\"@id\":\"https:\/\/blogg.svenskakyrkan.se\/vandravagen\/#website\"},\"primaryImageOfPage\":{\"@id\":\"https:\/\/blogg.svenskakyrkan.se\/vandravagen\/2013\/07\/19\/det-du-gjort-mot-en-av-dessa-mina-minsta\/#primaryimage\"},\"image\":{\"@id\":\"https:\/\/blogg.svenskakyrkan.se\/vandravagen\/2013\/07\/19\/det-du-gjort-mot-en-av-dessa-mina-minsta\/#primaryimage\"},\"thumbnailUrl\":\"http:\/\/4.bp.blogspot.com\/-Z66MwPYPVs8\/UejXxZ8QJvI\/AAAAAAAAEdY\/QJSZd4mo5eQ\/s400\/barn.jpg\",\"datePublished\":\"2013-07-19T06:08:00+00:00\",\"breadcrumb\":{\"@id\":\"https:\/\/blogg.svenskakyrkan.se\/vandravagen\/2013\/07\/19\/det-du-gjort-mot-en-av-dessa-mina-minsta\/#breadcrumb\"},\"inLanguage\":\"sv-SE\",\"potentialAction\":[{\"@type\":\"ReadAction\",\"target\":[\"https:\/\/blogg.svenskakyrkan.se\/vandravagen\/2013\/07\/19\/det-du-gjort-mot-en-av-dessa-mina-minsta\/\"]}]},{\"@type\":\"ImageObject\",\"inLanguage\":\"sv-SE\",\"@id\":\"https:\/\/blogg.svenskakyrkan.se\/vandravagen\/2013\/07\/19\/det-du-gjort-mot-en-av-dessa-mina-minsta\/#primaryimage\",\"url\":\"http:\/\/4.bp.blogspot.com\/-Z66MwPYPVs8\/UejXxZ8QJvI\/AAAAAAAAEdY\/QJSZd4mo5eQ\/s400\/barn.jpg\",\"contentUrl\":\"http:\/\/4.bp.blogspot.com\/-Z66MwPYPVs8\/UejXxZ8QJvI\/AAAAAAAAEdY\/QJSZd4mo5eQ\/s400\/barn.jpg\"},{\"@type\":\"BreadcrumbList\",\"@id\":\"https:\/\/blogg.svenskakyrkan.se\/vandravagen\/2013\/07\/19\/det-du-gjort-mot-en-av-dessa-mina-minsta\/#breadcrumb\",\"itemListElement\":[{\"@type\":\"ListItem\",\"position\":1,\"name\":\"Hem\",\"item\":\"https:\/\/blogg.svenskakyrkan.se\/vandravagen\/\"},{\"@type\":\"ListItem\",\"position\":2,\"name\":\"Det du gjort mot en av dessa mina minsta&#8230;\"}]},{\"@type\":\"WebSite\",\"@id\":\"https:\/\/blogg.svenskakyrkan.se\/vandravagen\/#website\",\"url\":\"https:\/\/blogg.svenskakyrkan.se\/vandravagen\/\",\"name\":\"Vandra V\u00e4gen\",\"description\":\"-Mot en tro f\u00f6r hela livet\",\"publisher\":{\"@id\":\"https:\/\/blogg.svenskakyrkan.se\/vandravagen\/#organization\"},\"potentialAction\":[{\"@type\":\"SearchAction\",\"target\":{\"@type\":\"EntryPoint\",\"urlTemplate\":\"https:\/\/blogg.svenskakyrkan.se\/vandravagen\/?s={search_term_string}\"},\"query-input\":{\"@type\":\"PropertyValueSpecification\",\"valueRequired\":true,\"valueName\":\"search_term_string\"}}],\"inLanguage\":\"sv-SE\"},{\"@type\":\"Organization\",\"@id\":\"https:\/\/blogg.svenskakyrkan.se\/vandravagen\/#organization\",\"name\":\"ulricehamns pastorat\",\"alternateName\":\"ulricehamns pastorat\",\"url\":\"https:\/\/blogg.svenskakyrkan.se\/vandravagen\/\",\"logo\":{\"@type\":\"ImageObject\",\"inLanguage\":\"sv-SE\",\"@id\":\"https:\/\/blogg.svenskakyrkan.se\/vandravagen\/#\/schema\/logo\/image\/\",\"url\":\"https:\/\/blogg.svenskakyrkan.se\/vandravagen\/files\/2023\/05\/Ulr_logo_RGB.png\",\"contentUrl\":\"https:\/\/blogg.svenskakyrkan.se\/vandravagen\/files\/2023\/05\/Ulr_logo_RGB.png\",\"width\":205,\"height\":77,\"caption\":\"ulricehamns pastorat\"},\"image\":{\"@id\":\"https:\/\/blogg.svenskakyrkan.se\/vandravagen\/#\/schema\/logo\/image\/\"},\"sameAs\":[\"http:\/\/facebook.com\/vandravagen\",\"https:\/\/x.com\/fadertomas\",\"http:\/\/www.facebook.com\/svenskakyrkaniulricehamn\"]},{\"@type\":\"Person\",\"@id\":\"https:\/\/blogg.svenskakyrkan.se\/vandravagen\/#\/schema\/person\/25da02d4f76b137d04291711e2c9fc16\",\"name\":\"Tomas Jarvid\",\"image\":{\"@type\":\"ImageObject\",\"inLanguage\":\"sv-SE\",\"@id\":\"https:\/\/blogg.svenskakyrkan.se\/vandravagen\/#\/schema\/person\/image\/\",\"url\":\"https:\/\/secure.gravatar.com\/avatar\/7fa71899795e8f540f615a1f5ab25255dc27aa40f05ee7ddd21aac521e01bf50?s=96&d=identicon&r=g\",\"contentUrl\":\"https:\/\/secure.gravatar.com\/avatar\/7fa71899795e8f540f615a1f5ab25255dc27aa40f05ee7ddd21aac521e01bf50?s=96&d=identicon&r=g\",\"caption\":\"Tomas Jarvid\"},\"description\":\"Jag bor i Ulricehamn i V\u00e4sterg\u00f6tland och \u00e4r f\u00f6rsamlingspr\u00e4st i Svenska Kyrkan f\u00f6r Dalstorps f\u00f6rsamling i Kinds pastorat. P\u00e5 den h\u00e4r bloggen skriver jag ner tankar om vandringen som kristen.\",\"sameAs\":[\"http:\/\/www.vandravagen.se\"],\"url\":\"https:\/\/blogg.svenskakyrkan.se\/vandravagen\/author\/vandravagen\/\"}]}<\/script>\n<!-- \/ Yoast SEO plugin. -->","yoast_head_json":{"title":"Det du gjort mot en av dessa mina minsta... - Vandra V\u00e4gen","robots":{"index":"index","follow":"follow","max-snippet":"max-snippet:-1","max-image-preview":"max-image-preview:large","max-video-preview":"max-video-preview:-1"},"canonical":"https:\/\/blogg.svenskakyrkan.se\/vandravagen\/2013\/07\/19\/det-du-gjort-mot-en-av-dessa-mina-minsta\/","og_locale":"sv_SE","og_type":"article","og_title":"Det du gjort mot en av dessa mina minsta... - Vandra V\u00e4gen","og_description":"En av de minsta, och du med! Det du gjort mot en av dessa mina minsta, det har du gjort mot mig. S\u00e5 s\u00e4ger Jesus. Det slog mig nyligen att precis s\u00e5 kommer jag f\u00f6rmodligen k\u00e4nna som f\u00f6r\u00e4lder n\u00e4r n\u00e5gon g\u00f6r n\u00e5got bra f\u00f6r mina barn. N\u00e4r man h\u00f6r riktigt t\u00e4tt ihop blir det v\u00e4l [&hellip;]","og_url":"https:\/\/blogg.svenskakyrkan.se\/vandravagen\/2013\/07\/19\/det-du-gjort-mot-en-av-dessa-mina-minsta\/","og_site_name":"Vandra V\u00e4gen","article_publisher":"http:\/\/facebook.com\/vandravagen","article_published_time":"2013-07-19T06:08:00+00:00","og_image":[{"url":"http:\/\/4.bp.blogspot.com\/-Z66MwPYPVs8\/UejXxZ8QJvI\/AAAAAAAAEdY\/QJSZd4mo5eQ\/s400\/barn.jpg","type":"","width":"","height":""}],"author":"Tomas Jarvid","twitter_card":"summary_large_image","twitter_creator":"@fadertomas","twitter_site":"@fadertomas","twitter_misc":{"Skriven av":"Tomas Jarvid","Ber\u00e4knad l\u00e4stid":"1 minut"},"schema":{"@context":"https:\/\/schema.org","@graph":[{"@type":"Article","@id":"https:\/\/blogg.svenskakyrkan.se\/vandravagen\/2013\/07\/19\/det-du-gjort-mot-en-av-dessa-mina-minsta\/#article","isPartOf":{"@id":"https:\/\/blogg.svenskakyrkan.se\/vandravagen\/2013\/07\/19\/det-du-gjort-mot-en-av-dessa-mina-minsta\/"},"author":{"name":"Tomas Jarvid","@id":"https:\/\/blogg.svenskakyrkan.se\/vandravagen\/#\/schema\/person\/25da02d4f76b137d04291711e2c9fc16"},"headline":"Det du gjort mot en av dessa mina minsta&#8230;","datePublished":"2013-07-19T06:08:00+00:00","mainEntityOfPage":{"@id":"https:\/\/blogg.svenskakyrkan.se\/vandravagen\/2013\/07\/19\/det-du-gjort-mot-en-av-dessa-mina-minsta\/"},"wordCount":237,"commentCount":0,"publisher":{"@id":"https:\/\/blogg.svenskakyrkan.se\/vandravagen\/#organization"},"image":{"@id":"https:\/\/blogg.svenskakyrkan.se\/vandravagen\/2013\/07\/19\/det-du-gjort-mot-en-av-dessa-mina-minsta\/#primaryimage"},"thumbnailUrl":"http:\/\/4.bp.blogspot.com\/-Z66MwPYPVs8\/UejXxZ8QJvI\/AAAAAAAAEdY\/QJSZd4mo5eQ\/s400\/barn.jpg","articleSection":["Bibeln","Teologi"],"inLanguage":"sv-SE","potentialAction":[{"@type":"CommentAction","name":"Comment","target":["https:\/\/blogg.svenskakyrkan.se\/vandravagen\/2013\/07\/19\/det-du-gjort-mot-en-av-dessa-mina-minsta\/#respond"]}]},{"@type":"WebPage","@id":"https:\/\/blogg.svenskakyrkan.se\/vandravagen\/2013\/07\/19\/det-du-gjort-mot-en-av-dessa-mina-minsta\/","url":"https:\/\/blogg.svenskakyrkan.se\/vandravagen\/2013\/07\/19\/det-du-gjort-mot-en-av-dessa-mina-minsta\/","name":"Det du gjort mot en av dessa mina minsta... - Vandra V\u00e4gen","isPartOf":{"@id":"https:\/\/blogg.svenskakyrkan.se\/vandravagen\/#website"},"primaryImageOfPage":{"@id":"https:\/\/blogg.svenskakyrkan.se\/vandravagen\/2013\/07\/19\/det-du-gjort-mot-en-av-dessa-mina-minsta\/#primaryimage"},"image":{"@id":"https:\/\/blogg.svenskakyrkan.se\/vandravagen\/2013\/07\/19\/det-du-gjort-mot-en-av-dessa-mina-minsta\/#primaryimage"},"thumbnailUrl":"http:\/\/4.bp.blogspot.com\/-Z66MwPYPVs8\/UejXxZ8QJvI\/AAAAAAAAEdY\/QJSZd4mo5eQ\/s400\/barn.jpg","datePublished":"2013-07-19T06:08:00+00:00","breadcrumb":{"@id":"https:\/\/blogg.svenskakyrkan.se\/vandravagen\/2013\/07\/19\/det-du-gjort-mot-en-av-dessa-mina-minsta\/#breadcrumb"},"inLanguage":"sv-SE","potentialAction":[{"@type":"ReadAction","target":["https:\/\/blogg.svenskakyrkan.se\/vandravagen\/2013\/07\/19\/det-du-gjort-mot-en-av-dessa-mina-minsta\/"]}]},{"@type":"ImageObject","inLanguage":"sv-SE","@id":"https:\/\/blogg.svenskakyrkan.se\/vandravagen\/2013\/07\/19\/det-du-gjort-mot-en-av-dessa-mina-minsta\/#primaryimage","url":"http:\/\/4.bp.blogspot.com\/-Z66MwPYPVs8\/UejXxZ8QJvI\/AAAAAAAAEdY\/QJSZd4mo5eQ\/s400\/barn.jpg","contentUrl":"http:\/\/4.bp.blogspot.com\/-Z66MwPYPVs8\/UejXxZ8QJvI\/AAAAAAAAEdY\/QJSZd4mo5eQ\/s400\/barn.jpg"},{"@type":"BreadcrumbList","@id":"https:\/\/blogg.svenskakyrkan.se\/vandravagen\/2013\/07\/19\/det-du-gjort-mot-en-av-dessa-mina-minsta\/#breadcrumb","itemListElement":[{"@type":"ListItem","position":1,"name":"Hem","item":"https:\/\/blogg.svenskakyrkan.se\/vandravagen\/"},{"@type":"ListItem","position":2,"name":"Det du gjort mot en av dessa mina minsta&#8230;"}]},{"@type":"WebSite","@id":"https:\/\/blogg.svenskakyrkan.se\/vandravagen\/#website","url":"https:\/\/blogg.svenskakyrkan.se\/vandravagen\/","name":"Vandra V\u00e4gen","description":"-Mot en tro f\u00f6r hela livet","publisher":{"@id":"https:\/\/blogg.svenskakyrkan.se\/vandravagen\/#organization"},"potentialAction":[{"@type":"SearchAction","target":{"@type":"EntryPoint","urlTemplate":"https:\/\/blogg.svenskakyrkan.se\/vandravagen\/?s={search_term_string}"},"query-input":{"@type":"PropertyValueSpecification","valueRequired":true,"valueName":"search_term_string"}}],"inLanguage":"sv-SE"},{"@type":"Organization","@id":"https:\/\/blogg.svenskakyrkan.se\/vandravagen\/#organization","name":"ulricehamns pastorat","alternateName":"ulricehamns pastorat","url":"https:\/\/blogg.svenskakyrkan.se\/vandravagen\/","logo":{"@type":"ImageObject","inLanguage":"sv-SE","@id":"https:\/\/blogg.svenskakyrkan.se\/vandravagen\/#\/schema\/logo\/image\/","url":"https:\/\/blogg.svenskakyrkan.se\/vandravagen\/files\/2023\/05\/Ulr_logo_RGB.png","contentUrl":"https:\/\/blogg.svenskakyrkan.se\/vandravagen\/files\/2023\/05\/Ulr_logo_RGB.png","width":205,"height":77,"caption":"ulricehamns pastorat"},"image":{"@id":"https:\/\/blogg.svenskakyrkan.se\/vandravagen\/#\/schema\/logo\/image\/"},"sameAs":["http:\/\/facebook.com\/vandravagen","https:\/\/x.com\/fadertomas","http:\/\/www.facebook.com\/svenskakyrkaniulricehamn"]},{"@type":"Person","@id":"https:\/\/blogg.svenskakyrkan.se\/vandravagen\/#\/schema\/person\/25da02d4f76b137d04291711e2c9fc16","name":"Tomas Jarvid","image":{"@type":"ImageObject","inLanguage":"sv-SE","@id":"https:\/\/blogg.svenskakyrkan.se\/vandravagen\/#\/schema\/person\/image\/","url":"https:\/\/secure.gravatar.com\/avatar\/7fa71899795e8f540f615a1f5ab25255dc27aa40f05ee7ddd21aac521e01bf50?s=96&d=identicon&r=g","contentUrl":"https:\/\/secure.gravatar.com\/avatar\/7fa71899795e8f540f615a1f5ab25255dc27aa40f05ee7ddd21aac521e01bf50?s=96&d=identicon&r=g","caption":"Tomas Jarvid"},"description":"Jag bor i Ulricehamn i V\u00e4sterg\u00f6tland och \u00e4r f\u00f6rsamlingspr\u00e4st i Svenska Kyrkan f\u00f6r Dalstorps f\u00f6rsamling i Kinds pastorat. P\u00e5 den h\u00e4r bloggen skriver jag ner tankar om vandringen som kristen.","sameAs":["http:\/\/www.vandravagen.se"],"url":"https:\/\/blogg.svenskakyrkan.se\/vandravagen\/author\/vandravagen\/"}]}},"author_meta":{"ID":"392","user_nicename":"vandravagen","user_url":"http:\/\/www.vandravagen.se","user_registered":"2014-05-19 05:44:52","display_name":"Tomas Jarvid","first_name":"Tomas","last_name":"Jarvid","avatar":"https:\/\/secure.gravatar.com\/avatar\/7fa71899795e8f540f615a1f5ab25255dc27aa40f05ee7ddd21aac521e01bf50?s=96&d=identicon&r=g"},"featured_image":false,"bloginfo":{"name":"Vandra V\u00e4gen","url":"https:\/\/blogg.svenskakyrkan.se\/vandravagen"},"_links":{"self":[{"href":"https:\/\/blogg.svenskakyrkan.se\/vandravagen\/wp-json\/wp\/v2\/posts\/452","targetHints":{"allow":["GET"]}}],"collection":[{"href":"https:\/\/blogg.svenskakyrkan.se\/vandravagen\/wp-json\/wp\/v2\/posts"}],"about":[{"href":"https:\/\/blogg.svenskakyrkan.se\/vandravagen\/wp-json\/wp\/v2\/types\/post"}],"author":[{"embeddable":true,"href":"https:\/\/blogg.svenskakyrkan.se\/vandravagen\/wp-json\/wp\/v2\/users\/392"}],"replies":[{"embeddable":true,"href":"https:\/\/blogg.svenskakyrkan.se\/vandravagen\/wp-json\/wp\/v2\/comments?post=452"}],"version-history":[{"count":0,"href":"https:\/\/blogg.svenskakyrkan.se\/vandravagen\/wp-json\/wp\/v2\/posts\/452\/revisions"}],"wp:attachment":[{"href":"https:\/\/blogg.svenskakyrkan.se\/vandravagen\/wp-json\/wp\/v2\/media?parent=452"}],"wp:term":[{"taxonomy":"category","embeddable":true,"href":"https:\/\/blogg.svenskakyrkan.se\/vandravagen\/wp-json\/wp\/v2\/categories?post=452"},{"taxonomy":"post_tag","embeddable":true,"href":"https:\/\/blogg.svenskakyrkan.se\/vandravagen\/wp-json\/wp\/v2\/tags?post=452"}],"curies":[{"name":"wp","href":"https:\/\/api.w.org\/{rel}","templated":true}]}}