{"id":4529,"date":"2016-04-05T07:00:57","date_gmt":"2016-04-05T05:00:57","guid":{"rendered":"http:\/\/blogg.svenskakyrkan.se\/vandravagen\/?p=4529"},"modified":"2016-04-04T22:45:28","modified_gmt":"2016-04-04T20:45:28","slug":"petrus-och-jesus-i-kontrast","status":"publish","type":"post","link":"https:\/\/blogg.svenskakyrkan.se\/vandravagen\/2016\/04\/05\/petrus-och-jesus-i-kontrast\/","title":{"rendered":"Petrus och Jesus i kontrast"},"content":{"rendered":"<p>&nbsp;<\/p>\n<div id=\"attachment_4531\" style=\"width: 644px\" class=\"wp-caption aligncenter\"><a href=\"http:\/\/blogg.svenskakyrkan.se\/vandravagen\/files\/2016\/04\/16-DUCCIO-FIRST-DENIAL-OF-PETER.jpg\"><img loading=\"lazy\" decoding=\"async\" aria-describedby=\"caption-attachment-4531\" class=\"size-full wp-image-4531\" src=\"http:\/\/blogg.svenskakyrkan.se\/vandravagen\/files\/2016\/04\/16-DUCCIO-FIRST-DENIAL-OF-PETER.jpg\" alt=\"Jesus d\u00e4ruppe och Petrus d\u00e4rnere.\" width=\"634\" height=\"1100\" srcset=\"https:\/\/blogg.svenskakyrkan.se\/vandravagen\/files\/2016\/04\/16-DUCCIO-FIRST-DENIAL-OF-PETER.jpg 634w, https:\/\/blogg.svenskakyrkan.se\/vandravagen\/files\/2016\/04\/16-DUCCIO-FIRST-DENIAL-OF-PETER-300x521.jpg 300w, https:\/\/blogg.svenskakyrkan.se\/vandravagen\/files\/2016\/04\/16-DUCCIO-FIRST-DENIAL-OF-PETER-173x300.jpg 173w\" sizes=\"auto, (max-width: 634px) 100vw, 634px\" \/><\/a><p id=\"caption-attachment-4531\" class=\"wp-caption-text\">Jesus d\u00e4ruppe och Petrus d\u00e4rnere.<\/p><\/div>\n<p>Ig\u00e5r lade jag upp min predikan om hur Petrus blir uppr\u00e4ttad och f\u00e5r f\u00f6rnyat f\u00f6rtroende efter att ha f\u00f6rnekat sin m\u00e4stare d\u00e5 denne blev gripen och d\u00f6dad. Jag vill g\u00e4rna forts\u00e4tta med Petrus och p\u00e5peka en intressant detalj som jag blivit uppm\u00e4rksam p\u00e5.<\/p>\n<p>N\u00e4r Petrus f\u00f6rnekar Jesus befinner sig Jesus inne p\u00e5 f\u00f6rh\u00f6r hos \u00f6verstepr\u00e4sten. D\u00e4r sker enligt evangelierna n\u00e5gon slags skenr\u00e4tteg\u00e5ng med falska vittnen men de f\u00e5r \u00e4nd\u00e5 inte anklagelserna att g\u00e5 ihop.<\/p>\n<blockquote>\n<p>&#8221;D\u00e5 reste sig \u00f6verstepr\u00e4sten fr\u00e5n sin plats och fr\u00e5gade Jesus: \u201dSkall du inte svara p\u00e5 deras beskyllningar?\u201d\u00a0\u00a0Men han teg och svarade ingenting. D\u00e5 st\u00e4llde \u00f6verstepr\u00e4sten \u00e4nnu en fr\u00e5ga: \u201d\u00c4r du Messias, den V\u00e4lsignades son?\u201d\u00a0\u00a0Jesus svarade: <strong>\u201dDet \u00e4r jag, och\u00a0<em>ni skall f\u00e5 se M\u00e4nniskosonen sitta p\u00e5 Maktens h\u00f6gra sida och komma bland himlens moln<\/em>.<\/strong>\u201d (Mark 14:60-62)<\/p>\n<p>&nbsp;<\/p>\n<\/blockquote>\n<p>D\u00e4refter anser de att Jesus h\u00e4dat och att de inte beh\u00f6ver n\u00e5got annat bevis \u00e4n det. Utanf\u00f6r p\u00e5 g\u00e5rden st\u00e5r Petrus och huttrar och d\u00e4r dyker det ocks\u00e5 upp vittnen. Folk k\u00e4nner igen honom som en av Jesu l\u00e4rjungar. Framf\u00f6rallt \u00e4r det en tj\u00e4nsteflicka som omn\u00e4mns som en som pekar ut honom.<\/p>\n<p>Det \u00e4r just denna kontrast jag vill peka p\u00e5 idag.<\/p>\n<p>Jesus vittnar modigt inf\u00f6r de h\u00f6gsta i den religi\u00f6sa eliten om vem han \u00e4r utan att vika undan. Petrus f\u00f6rnekar inf\u00f6r den allra l\u00e4gsta i samma hush\u00e5ll. En tj\u00e4nsteflicka. Kontraster av den h\u00e4r typen \u00e4r viktiga i evangelierna (och i allt ber\u00e4ttande givetvis) f\u00f6r de kan framh\u00e4va det viktiga som h\u00e4nder i ber\u00e4ttelsen s\u00e5 mycket tydligare. <strong>Petrus svek blir tydligare n\u00e4r det st\u00e5r i kontrast<\/strong> mot vad Jesus st\u00e5r upp f\u00f6r med fara f\u00f6r sitt liv.<\/p>\n<p>S\u00e5 vad s\u00e4ger du, vad kan vi l\u00e4ra oss av detta? Skriv g\u00e4rna en kommentar!<\/p>\n","protected":false},"excerpt":{"rendered":"<p>&nbsp; Ig\u00e5r lade jag upp min predikan om hur Petrus blir uppr\u00e4ttad och f\u00e5r f\u00f6rnyat f\u00f6rtroende efter att ha f\u00f6rnekat sin m\u00e4stare d\u00e5 denne blev gripen och d\u00f6dad. Jag vill g\u00e4rna forts\u00e4tta med Petrus och p\u00e5peka en intressant detalj som jag blivit uppm\u00e4rksam p\u00e5. N\u00e4r Petrus f\u00f6rnekar Jesus befinner sig Jesus inne p\u00e5 f\u00f6rh\u00f6r hos [&hellip;]<\/p>\n","protected":false},"author":392,"featured_media":0,"comment_status":"open","ping_status":"open","sticky":false,"template":"","format":"standard","meta":{"_acf_changed":false,"footnotes":""},"categories":[8298,76189,7964],"tags":[],"class_list":["post-4529","post","type-post","status-publish","format-standard","hentry","category-bibeln","category-dagens-kyrka","category-pask"],"acf":[],"yoast_head":"<!-- This site is optimized with the Yoast SEO plugin v27.1.1 - https:\/\/yoast.com\/product\/yoast-seo-wordpress\/ -->\n<title>Petrus och Jesus i kontrast - Vandra V\u00e4gen<\/title>\n<meta name=\"robots\" content=\"index, follow, max-snippet:-1, max-image-preview:large, max-video-preview:-1\" \/>\n<link rel=\"canonical\" href=\"https:\/\/blogg.svenskakyrkan.se\/vandravagen\/2016\/04\/05\/petrus-och-jesus-i-kontrast\/\" \/>\n<meta property=\"og:locale\" content=\"sv_SE\" \/>\n<meta property=\"og:type\" content=\"article\" \/>\n<meta property=\"og:title\" content=\"Petrus och Jesus i kontrast - Vandra V\u00e4gen\" \/>\n<meta property=\"og:description\" content=\"&nbsp; Ig\u00e5r lade jag upp min predikan om hur Petrus blir uppr\u00e4ttad och f\u00e5r f\u00f6rnyat f\u00f6rtroende efter att ha f\u00f6rnekat sin m\u00e4stare d\u00e5 denne blev gripen och d\u00f6dad. Jag vill g\u00e4rna forts\u00e4tta med Petrus och p\u00e5peka en intressant detalj som jag blivit uppm\u00e4rksam p\u00e5. N\u00e4r Petrus f\u00f6rnekar Jesus befinner sig Jesus inne p\u00e5 f\u00f6rh\u00f6r hos [&hellip;]\" \/>\n<meta property=\"og:url\" content=\"https:\/\/blogg.svenskakyrkan.se\/vandravagen\/2016\/04\/05\/petrus-och-jesus-i-kontrast\/\" \/>\n<meta property=\"og:site_name\" content=\"Vandra V\u00e4gen\" \/>\n<meta property=\"article:publisher\" content=\"http:\/\/facebook.com\/vandravagen\" \/>\n<meta property=\"article:published_time\" content=\"2016-04-05T05:00:57+00:00\" \/>\n<meta property=\"og:image\" content=\"http:\/\/blogg.svenskakyrkan.se\/vandravagen\/files\/2016\/04\/16-DUCCIO-FIRST-DENIAL-OF-PETER.jpg\" \/>\n<meta name=\"author\" content=\"Tomas Jarvid\" \/>\n<meta name=\"twitter:card\" content=\"summary_large_image\" \/>\n<meta name=\"twitter:creator\" content=\"@fadertomas\" \/>\n<meta name=\"twitter:site\" content=\"@fadertomas\" \/>\n<meta name=\"twitter:label1\" content=\"Skriven av\" \/>\n\t<meta name=\"twitter:data1\" content=\"Tomas Jarvid\" \/>\n\t<meta name=\"twitter:label2\" content=\"Ber\u00e4knad l\u00e4stid\" \/>\n\t<meta name=\"twitter:data2\" content=\"2 minuter\" \/>\n<script type=\"application\/ld+json\" class=\"yoast-schema-graph\">{\"@context\":\"https:\/\/schema.org\",\"@graph\":[{\"@type\":\"Article\",\"@id\":\"https:\/\/blogg.svenskakyrkan.se\/vandravagen\/2016\/04\/05\/petrus-och-jesus-i-kontrast\/#article\",\"isPartOf\":{\"@id\":\"https:\/\/blogg.svenskakyrkan.se\/vandravagen\/2016\/04\/05\/petrus-och-jesus-i-kontrast\/\"},\"author\":{\"name\":\"Tomas Jarvid\",\"@id\":\"https:\/\/blogg.svenskakyrkan.se\/vandravagen\/#\/schema\/person\/25da02d4f76b137d04291711e2c9fc16\"},\"headline\":\"Petrus och Jesus i kontrast\",\"datePublished\":\"2016-04-05T05:00:57+00:00\",\"mainEntityOfPage\":{\"@id\":\"https:\/\/blogg.svenskakyrkan.se\/vandravagen\/2016\/04\/05\/petrus-och-jesus-i-kontrast\/\"},\"wordCount\":372,\"commentCount\":5,\"publisher\":{\"@id\":\"https:\/\/blogg.svenskakyrkan.se\/vandravagen\/#organization\"},\"image\":{\"@id\":\"https:\/\/blogg.svenskakyrkan.se\/vandravagen\/2016\/04\/05\/petrus-och-jesus-i-kontrast\/#primaryimage\"},\"thumbnailUrl\":\"http:\/\/blogg.svenskakyrkan.se\/vandravagen\/files\/2016\/04\/16-DUCCIO-FIRST-DENIAL-OF-PETER.jpg\",\"articleSection\":[\"Bibeln\",\"Dagens Kyrka\",\"p\u00e5sk\"],\"inLanguage\":\"sv-SE\",\"potentialAction\":[{\"@type\":\"CommentAction\",\"name\":\"Comment\",\"target\":[\"https:\/\/blogg.svenskakyrkan.se\/vandravagen\/2016\/04\/05\/petrus-och-jesus-i-kontrast\/#respond\"]}]},{\"@type\":\"WebPage\",\"@id\":\"https:\/\/blogg.svenskakyrkan.se\/vandravagen\/2016\/04\/05\/petrus-och-jesus-i-kontrast\/\",\"url\":\"https:\/\/blogg.svenskakyrkan.se\/vandravagen\/2016\/04\/05\/petrus-och-jesus-i-kontrast\/\",\"name\":\"Petrus och Jesus i kontrast - Vandra V\u00e4gen\",\"isPartOf\":{\"@id\":\"https:\/\/blogg.svenskakyrkan.se\/vandravagen\/#website\"},\"primaryImageOfPage\":{\"@id\":\"https:\/\/blogg.svenskakyrkan.se\/vandravagen\/2016\/04\/05\/petrus-och-jesus-i-kontrast\/#primaryimage\"},\"image\":{\"@id\":\"https:\/\/blogg.svenskakyrkan.se\/vandravagen\/2016\/04\/05\/petrus-och-jesus-i-kontrast\/#primaryimage\"},\"thumbnailUrl\":\"http:\/\/blogg.svenskakyrkan.se\/vandravagen\/files\/2016\/04\/16-DUCCIO-FIRST-DENIAL-OF-PETER.jpg\",\"datePublished\":\"2016-04-05T05:00:57+00:00\",\"breadcrumb\":{\"@id\":\"https:\/\/blogg.svenskakyrkan.se\/vandravagen\/2016\/04\/05\/petrus-och-jesus-i-kontrast\/#breadcrumb\"},\"inLanguage\":\"sv-SE\",\"potentialAction\":[{\"@type\":\"ReadAction\",\"target\":[\"https:\/\/blogg.svenskakyrkan.se\/vandravagen\/2016\/04\/05\/petrus-och-jesus-i-kontrast\/\"]}]},{\"@type\":\"ImageObject\",\"inLanguage\":\"sv-SE\",\"@id\":\"https:\/\/blogg.svenskakyrkan.se\/vandravagen\/2016\/04\/05\/petrus-och-jesus-i-kontrast\/#primaryimage\",\"url\":\"http:\/\/blogg.svenskakyrkan.se\/vandravagen\/files\/2016\/04\/16-DUCCIO-FIRST-DENIAL-OF-PETER.jpg\",\"contentUrl\":\"http:\/\/blogg.svenskakyrkan.se\/vandravagen\/files\/2016\/04\/16-DUCCIO-FIRST-DENIAL-OF-PETER.jpg\"},{\"@type\":\"BreadcrumbList\",\"@id\":\"https:\/\/blogg.svenskakyrkan.se\/vandravagen\/2016\/04\/05\/petrus-och-jesus-i-kontrast\/#breadcrumb\",\"itemListElement\":[{\"@type\":\"ListItem\",\"position\":1,\"name\":\"Hem\",\"item\":\"https:\/\/blogg.svenskakyrkan.se\/vandravagen\/\"},{\"@type\":\"ListItem\",\"position\":2,\"name\":\"Petrus och Jesus i kontrast\"}]},{\"@type\":\"WebSite\",\"@id\":\"https:\/\/blogg.svenskakyrkan.se\/vandravagen\/#website\",\"url\":\"https:\/\/blogg.svenskakyrkan.se\/vandravagen\/\",\"name\":\"Vandra V\u00e4gen\",\"description\":\"-Mot en tro f\u00f6r hela livet\",\"publisher\":{\"@id\":\"https:\/\/blogg.svenskakyrkan.se\/vandravagen\/#organization\"},\"potentialAction\":[{\"@type\":\"SearchAction\",\"target\":{\"@type\":\"EntryPoint\",\"urlTemplate\":\"https:\/\/blogg.svenskakyrkan.se\/vandravagen\/?s={search_term_string}\"},\"query-input\":{\"@type\":\"PropertyValueSpecification\",\"valueRequired\":true,\"valueName\":\"search_term_string\"}}],\"inLanguage\":\"sv-SE\"},{\"@type\":\"Organization\",\"@id\":\"https:\/\/blogg.svenskakyrkan.se\/vandravagen\/#organization\",\"name\":\"ulricehamns pastorat\",\"alternateName\":\"ulricehamns pastorat\",\"url\":\"https:\/\/blogg.svenskakyrkan.se\/vandravagen\/\",\"logo\":{\"@type\":\"ImageObject\",\"inLanguage\":\"sv-SE\",\"@id\":\"https:\/\/blogg.svenskakyrkan.se\/vandravagen\/#\/schema\/logo\/image\/\",\"url\":\"https:\/\/blogg.svenskakyrkan.se\/vandravagen\/files\/2023\/05\/Ulr_logo_RGB.png\",\"contentUrl\":\"https:\/\/blogg.svenskakyrkan.se\/vandravagen\/files\/2023\/05\/Ulr_logo_RGB.png\",\"width\":205,\"height\":77,\"caption\":\"ulricehamns pastorat\"},\"image\":{\"@id\":\"https:\/\/blogg.svenskakyrkan.se\/vandravagen\/#\/schema\/logo\/image\/\"},\"sameAs\":[\"http:\/\/facebook.com\/vandravagen\",\"https:\/\/x.com\/fadertomas\",\"http:\/\/www.facebook.com\/svenskakyrkaniulricehamn\"]},{\"@type\":\"Person\",\"@id\":\"https:\/\/blogg.svenskakyrkan.se\/vandravagen\/#\/schema\/person\/25da02d4f76b137d04291711e2c9fc16\",\"name\":\"Tomas Jarvid\",\"image\":{\"@type\":\"ImageObject\",\"inLanguage\":\"sv-SE\",\"@id\":\"https:\/\/blogg.svenskakyrkan.se\/vandravagen\/#\/schema\/person\/image\/\",\"url\":\"https:\/\/secure.gravatar.com\/avatar\/7fa71899795e8f540f615a1f5ab25255dc27aa40f05ee7ddd21aac521e01bf50?s=96&d=identicon&r=g\",\"contentUrl\":\"https:\/\/secure.gravatar.com\/avatar\/7fa71899795e8f540f615a1f5ab25255dc27aa40f05ee7ddd21aac521e01bf50?s=96&d=identicon&r=g\",\"caption\":\"Tomas Jarvid\"},\"description\":\"Jag bor i Ulricehamn i V\u00e4sterg\u00f6tland och \u00e4r f\u00f6rsamlingspr\u00e4st i Svenska Kyrkan f\u00f6r Dalstorps f\u00f6rsamling i Kinds pastorat. P\u00e5 den h\u00e4r bloggen skriver jag ner tankar om vandringen som kristen.\",\"sameAs\":[\"http:\/\/www.vandravagen.se\"],\"url\":\"https:\/\/blogg.svenskakyrkan.se\/vandravagen\/author\/vandravagen\/\"}]}<\/script>\n<!-- \/ Yoast SEO plugin. -->","yoast_head_json":{"title":"Petrus och Jesus i kontrast - Vandra V\u00e4gen","robots":{"index":"index","follow":"follow","max-snippet":"max-snippet:-1","max-image-preview":"max-image-preview:large","max-video-preview":"max-video-preview:-1"},"canonical":"https:\/\/blogg.svenskakyrkan.se\/vandravagen\/2016\/04\/05\/petrus-och-jesus-i-kontrast\/","og_locale":"sv_SE","og_type":"article","og_title":"Petrus och Jesus i kontrast - Vandra V\u00e4gen","og_description":"&nbsp; Ig\u00e5r lade jag upp min predikan om hur Petrus blir uppr\u00e4ttad och f\u00e5r f\u00f6rnyat f\u00f6rtroende efter att ha f\u00f6rnekat sin m\u00e4stare d\u00e5 denne blev gripen och d\u00f6dad. Jag vill g\u00e4rna forts\u00e4tta med Petrus och p\u00e5peka en intressant detalj som jag blivit uppm\u00e4rksam p\u00e5. N\u00e4r Petrus f\u00f6rnekar Jesus befinner sig Jesus inne p\u00e5 f\u00f6rh\u00f6r hos [&hellip;]","og_url":"https:\/\/blogg.svenskakyrkan.se\/vandravagen\/2016\/04\/05\/petrus-och-jesus-i-kontrast\/","og_site_name":"Vandra V\u00e4gen","article_publisher":"http:\/\/facebook.com\/vandravagen","article_published_time":"2016-04-05T05:00:57+00:00","og_image":[{"url":"http:\/\/blogg.svenskakyrkan.se\/vandravagen\/files\/2016\/04\/16-DUCCIO-FIRST-DENIAL-OF-PETER.jpg","type":"","width":"","height":""}],"author":"Tomas Jarvid","twitter_card":"summary_large_image","twitter_creator":"@fadertomas","twitter_site":"@fadertomas","twitter_misc":{"Skriven av":"Tomas Jarvid","Ber\u00e4knad l\u00e4stid":"2 minuter"},"schema":{"@context":"https:\/\/schema.org","@graph":[{"@type":"Article","@id":"https:\/\/blogg.svenskakyrkan.se\/vandravagen\/2016\/04\/05\/petrus-och-jesus-i-kontrast\/#article","isPartOf":{"@id":"https:\/\/blogg.svenskakyrkan.se\/vandravagen\/2016\/04\/05\/petrus-och-jesus-i-kontrast\/"},"author":{"name":"Tomas Jarvid","@id":"https:\/\/blogg.svenskakyrkan.se\/vandravagen\/#\/schema\/person\/25da02d4f76b137d04291711e2c9fc16"},"headline":"Petrus och Jesus i kontrast","datePublished":"2016-04-05T05:00:57+00:00","mainEntityOfPage":{"@id":"https:\/\/blogg.svenskakyrkan.se\/vandravagen\/2016\/04\/05\/petrus-och-jesus-i-kontrast\/"},"wordCount":372,"commentCount":5,"publisher":{"@id":"https:\/\/blogg.svenskakyrkan.se\/vandravagen\/#organization"},"image":{"@id":"https:\/\/blogg.svenskakyrkan.se\/vandravagen\/2016\/04\/05\/petrus-och-jesus-i-kontrast\/#primaryimage"},"thumbnailUrl":"http:\/\/blogg.svenskakyrkan.se\/vandravagen\/files\/2016\/04\/16-DUCCIO-FIRST-DENIAL-OF-PETER.jpg","articleSection":["Bibeln","Dagens Kyrka","p\u00e5sk"],"inLanguage":"sv-SE","potentialAction":[{"@type":"CommentAction","name":"Comment","target":["https:\/\/blogg.svenskakyrkan.se\/vandravagen\/2016\/04\/05\/petrus-och-jesus-i-kontrast\/#respond"]}]},{"@type":"WebPage","@id":"https:\/\/blogg.svenskakyrkan.se\/vandravagen\/2016\/04\/05\/petrus-och-jesus-i-kontrast\/","url":"https:\/\/blogg.svenskakyrkan.se\/vandravagen\/2016\/04\/05\/petrus-och-jesus-i-kontrast\/","name":"Petrus och Jesus i kontrast - Vandra V\u00e4gen","isPartOf":{"@id":"https:\/\/blogg.svenskakyrkan.se\/vandravagen\/#website"},"primaryImageOfPage":{"@id":"https:\/\/blogg.svenskakyrkan.se\/vandravagen\/2016\/04\/05\/petrus-och-jesus-i-kontrast\/#primaryimage"},"image":{"@id":"https:\/\/blogg.svenskakyrkan.se\/vandravagen\/2016\/04\/05\/petrus-och-jesus-i-kontrast\/#primaryimage"},"thumbnailUrl":"http:\/\/blogg.svenskakyrkan.se\/vandravagen\/files\/2016\/04\/16-DUCCIO-FIRST-DENIAL-OF-PETER.jpg","datePublished":"2016-04-05T05:00:57+00:00","breadcrumb":{"@id":"https:\/\/blogg.svenskakyrkan.se\/vandravagen\/2016\/04\/05\/petrus-och-jesus-i-kontrast\/#breadcrumb"},"inLanguage":"sv-SE","potentialAction":[{"@type":"ReadAction","target":["https:\/\/blogg.svenskakyrkan.se\/vandravagen\/2016\/04\/05\/petrus-och-jesus-i-kontrast\/"]}]},{"@type":"ImageObject","inLanguage":"sv-SE","@id":"https:\/\/blogg.svenskakyrkan.se\/vandravagen\/2016\/04\/05\/petrus-och-jesus-i-kontrast\/#primaryimage","url":"http:\/\/blogg.svenskakyrkan.se\/vandravagen\/files\/2016\/04\/16-DUCCIO-FIRST-DENIAL-OF-PETER.jpg","contentUrl":"http:\/\/blogg.svenskakyrkan.se\/vandravagen\/files\/2016\/04\/16-DUCCIO-FIRST-DENIAL-OF-PETER.jpg"},{"@type":"BreadcrumbList","@id":"https:\/\/blogg.svenskakyrkan.se\/vandravagen\/2016\/04\/05\/petrus-och-jesus-i-kontrast\/#breadcrumb","itemListElement":[{"@type":"ListItem","position":1,"name":"Hem","item":"https:\/\/blogg.svenskakyrkan.se\/vandravagen\/"},{"@type":"ListItem","position":2,"name":"Petrus och Jesus i kontrast"}]},{"@type":"WebSite","@id":"https:\/\/blogg.svenskakyrkan.se\/vandravagen\/#website","url":"https:\/\/blogg.svenskakyrkan.se\/vandravagen\/","name":"Vandra V\u00e4gen","description":"-Mot en tro f\u00f6r hela livet","publisher":{"@id":"https:\/\/blogg.svenskakyrkan.se\/vandravagen\/#organization"},"potentialAction":[{"@type":"SearchAction","target":{"@type":"EntryPoint","urlTemplate":"https:\/\/blogg.svenskakyrkan.se\/vandravagen\/?s={search_term_string}"},"query-input":{"@type":"PropertyValueSpecification","valueRequired":true,"valueName":"search_term_string"}}],"inLanguage":"sv-SE"},{"@type":"Organization","@id":"https:\/\/blogg.svenskakyrkan.se\/vandravagen\/#organization","name":"ulricehamns pastorat","alternateName":"ulricehamns pastorat","url":"https:\/\/blogg.svenskakyrkan.se\/vandravagen\/","logo":{"@type":"ImageObject","inLanguage":"sv-SE","@id":"https:\/\/blogg.svenskakyrkan.se\/vandravagen\/#\/schema\/logo\/image\/","url":"https:\/\/blogg.svenskakyrkan.se\/vandravagen\/files\/2023\/05\/Ulr_logo_RGB.png","contentUrl":"https:\/\/blogg.svenskakyrkan.se\/vandravagen\/files\/2023\/05\/Ulr_logo_RGB.png","width":205,"height":77,"caption":"ulricehamns pastorat"},"image":{"@id":"https:\/\/blogg.svenskakyrkan.se\/vandravagen\/#\/schema\/logo\/image\/"},"sameAs":["http:\/\/facebook.com\/vandravagen","https:\/\/x.com\/fadertomas","http:\/\/www.facebook.com\/svenskakyrkaniulricehamn"]},{"@type":"Person","@id":"https:\/\/blogg.svenskakyrkan.se\/vandravagen\/#\/schema\/person\/25da02d4f76b137d04291711e2c9fc16","name":"Tomas Jarvid","image":{"@type":"ImageObject","inLanguage":"sv-SE","@id":"https:\/\/blogg.svenskakyrkan.se\/vandravagen\/#\/schema\/person\/image\/","url":"https:\/\/secure.gravatar.com\/avatar\/7fa71899795e8f540f615a1f5ab25255dc27aa40f05ee7ddd21aac521e01bf50?s=96&d=identicon&r=g","contentUrl":"https:\/\/secure.gravatar.com\/avatar\/7fa71899795e8f540f615a1f5ab25255dc27aa40f05ee7ddd21aac521e01bf50?s=96&d=identicon&r=g","caption":"Tomas Jarvid"},"description":"Jag bor i Ulricehamn i V\u00e4sterg\u00f6tland och \u00e4r f\u00f6rsamlingspr\u00e4st i Svenska Kyrkan f\u00f6r Dalstorps f\u00f6rsamling i Kinds pastorat. P\u00e5 den h\u00e4r bloggen skriver jag ner tankar om vandringen som kristen.","sameAs":["http:\/\/www.vandravagen.se"],"url":"https:\/\/blogg.svenskakyrkan.se\/vandravagen\/author\/vandravagen\/"}]}},"author_meta":{"ID":"392","user_nicename":"vandravagen","user_url":"http:\/\/www.vandravagen.se","user_registered":"2014-05-19 05:44:52","display_name":"Tomas Jarvid","first_name":"Tomas","last_name":"Jarvid","avatar":"https:\/\/secure.gravatar.com\/avatar\/7fa71899795e8f540f615a1f5ab25255dc27aa40f05ee7ddd21aac521e01bf50?s=96&d=identicon&r=g"},"featured_image":false,"bloginfo":{"name":"Vandra V\u00e4gen","url":"https:\/\/blogg.svenskakyrkan.se\/vandravagen"},"_links":{"self":[{"href":"https:\/\/blogg.svenskakyrkan.se\/vandravagen\/wp-json\/wp\/v2\/posts\/4529","targetHints":{"allow":["GET"]}}],"collection":[{"href":"https:\/\/blogg.svenskakyrkan.se\/vandravagen\/wp-json\/wp\/v2\/posts"}],"about":[{"href":"https:\/\/blogg.svenskakyrkan.se\/vandravagen\/wp-json\/wp\/v2\/types\/post"}],"author":[{"embeddable":true,"href":"https:\/\/blogg.svenskakyrkan.se\/vandravagen\/wp-json\/wp\/v2\/users\/392"}],"replies":[{"embeddable":true,"href":"https:\/\/blogg.svenskakyrkan.se\/vandravagen\/wp-json\/wp\/v2\/comments?post=4529"}],"version-history":[{"count":2,"href":"https:\/\/blogg.svenskakyrkan.se\/vandravagen\/wp-json\/wp\/v2\/posts\/4529\/revisions"}],"predecessor-version":[{"id":4532,"href":"https:\/\/blogg.svenskakyrkan.se\/vandravagen\/wp-json\/wp\/v2\/posts\/4529\/revisions\/4532"}],"wp:attachment":[{"href":"https:\/\/blogg.svenskakyrkan.se\/vandravagen\/wp-json\/wp\/v2\/media?parent=4529"}],"wp:term":[{"taxonomy":"category","embeddable":true,"href":"https:\/\/blogg.svenskakyrkan.se\/vandravagen\/wp-json\/wp\/v2\/categories?post=4529"},{"taxonomy":"post_tag","embeddable":true,"href":"https:\/\/blogg.svenskakyrkan.se\/vandravagen\/wp-json\/wp\/v2\/tags?post=4529"}],"curies":[{"name":"wp","href":"https:\/\/api.w.org\/{rel}","templated":true}]}}