{"id":457,"date":"2013-07-15T05:39:00","date_gmt":"2013-07-15T03:39:00","guid":{"rendered":"http:\/\/blogg.svenskakyrkan.se\/vandravagen\/2013\/07\/15\/kristi-forklarings-dag-en-harlighet-bortom-harligheten\/"},"modified":"2013-07-15T05:39:00","modified_gmt":"2013-07-15T03:39:00","slug":"kristi-forklarings-dag-en-harlighet-bortom-harligheten","status":"publish","type":"post","link":"https:\/\/blogg.svenskakyrkan.se\/vandravagen\/2013\/07\/15\/kristi-forklarings-dag-en-harlighet-bortom-harligheten\/","title":{"rendered":"Kristi f\u00f6rklarings dag, en h\u00e4rlighet bortom h\u00e4rligheten"},"content":{"rendered":"<table align=\"center\" cellpadding=\"0\" cellspacing=\"0\">\n<tbody>\n<tr>\n<td><a href=\"http:\/\/iconreader.files.wordpress.com\/2011\/08\/16c_novgorod.jpeg?w=589\"><img loading=\"lazy\" decoding=\"async\" border=\"0\" height=\"640\" src=\"http:\/\/iconreader.files.wordpress.com\/2011\/08\/16c_novgorod.jpeg?w=589\" width=\"474\"><\/a><\/td>\n<\/tr>\n<tr>\n<td>F\u00f6rklaringsdagens ikon, k\u00e4lla iconreader<\/td>\n<\/tr>\n<\/tbody>\n<\/table>\n<p>Idag har det inte blivit n\u00e5gon gudstj\u00e4nst. Jag har \u00e4nd\u00e5 l\u00e4st s\u00f6ndagens texter och tycker verkligen mycket om dem!<\/p>\n<div><\/div>\n<div>Kristi f\u00f6rklarings dag heter s\u00f6ndagen. Vi firar den f\u00f6r att minnas hur tre av l\u00e4rjungarna fick se Jesus instr\u00e5lad av himmelskt ljus p\u00e5 berget Tabors topp. P\u00e5 s\u00e5 s\u00e4tt fick de f\u00f6r en g\u00e5ngs skull se klart och tydligt vem han \u00e4r, mannen de vandrat p\u00e5 dammiga vardagliga v\u00e4gar med. De f\u00e5r se Moses och Elia omge Jesus. P\u00e5 ikonen ser vi allt detta. L\u00e4rjungarna \u00e4r f\u00f6rskr\u00e4ckta. I klippan ser vi en \u00f6ppning som jag tror ska visa p\u00e5 att fr\u00e5n och med nu g\u00e5r Jesus mot Jerusalem och graven v\u00e4ntar honom redan.<\/div>\n<div><\/div>\n<div>I de andra l\u00e4sningarna st\u00e5r det om hur Mose ocks\u00e5 str\u00e5lade av ljus n\u00e4r han vistats med Gud p\u00e5 berget. Han var tvungen att t\u00e4cka f\u00f6r sitt ansikte f\u00f6r att inte skr\u00e4mma israeliterna. Effekten var dock \u00f6verg\u00e5ende. Det var &#8221;bara&#8221; en avglans av Guds ljus.<\/div>\n<div><\/div>\n<div>V\u00e5ra v\u00e4nner de ortodoxa talar g\u00e4rna om &#8221;det oskapade taborljuset&#8221;. De menar att ljuset p\u00e5 bergstoppen inte \u00e4r vanligt ljus utan glansen som str\u00e5lar ut fr\u00e5n Guds eget v\u00e4sen. H\u00e4r str\u00e5lar det ett \u00f6gonblick in i skapelsen, det finns kring Jesus som sj\u00e4lv \u00e4r Gud. F\u00f6r ett \u00f6gonblick f\u00e5r l\u00e4rjungarna se det.<\/p>\n<p>Ljuset klingade av fr\u00e5n Mose men l\u00e4rjungarna har ju Jesus sj\u00e4lv ibland sig. Nu ska de f\u00f6lja honom till korset och uppst\u00e5ndelsen d\u00e5 ljuset str\u00f6mmar in i denna m\u00f6rka v\u00e4rld.<\/p>\n<p>Kristi f\u00f6rklarings dag firas mitt i sommaren. D\u00e5 \u00e4r det som h\u00e4rligast i v\u00e5r natur. Solen \u00e4r ljus och varm, livet \u00e4r lite l\u00e4ttare f\u00f6r m\u00e5nga. Samtidigt \u00e4r alla jordisk h\u00e4rlighet och all jordisk gl\u00e4dje tillf\u00e4llig.<\/p>\n<p>Tr\u00f6sten som f\u00f6rklaringsdagen ger \u00e4r att visa p\u00e5 att det finns en h\u00e4rlighet bortom h\u00e4rligheten. Guds egen, den oskapade, den som allt har sitt ursprung i. \u00c4ven om<\/p>\n<p>&#8221;allt k\u00f6tt \u00e4r h\u00f6, allt flyktar h\u00e4r<br \/>och snart f\u00f6rvissnar gr\u00e4sen<br \/>hos dig allena Herre \u00e4r<br \/>ett of\u00f6rg\u00e4ngligt v\u00e4sen&#8221;<\/p>\n<p>Det finns hos Jesus och Jesus vill dela allt med oss.<\/p>\n<\/div>\n","protected":false},"excerpt":{"rendered":"<p>F\u00f6rklaringsdagens ikon, k\u00e4lla iconreader Idag har det inte blivit n\u00e5gon gudstj\u00e4nst. Jag har \u00e4nd\u00e5 l\u00e4st s\u00f6ndagens texter och tycker verkligen mycket om dem! Kristi f\u00f6rklarings dag heter s\u00f6ndagen. Vi firar den f\u00f6r att minnas hur tre av l\u00e4rjungarna fick se Jesus instr\u00e5lad av himmelskt ljus p\u00e5 berget Tabors topp. P\u00e5 s\u00e5 s\u00e4tt fick de f\u00f6r [&hellip;]<\/p>\n","protected":false},"author":392,"featured_media":0,"comment_status":"open","ping_status":"open","sticky":false,"template":"","format":"standard","meta":{"_acf_changed":false,"footnotes":""},"categories":[56,77928,8252,117],"tags":[],"class_list":["post-457","post","type-post","status-publish","format-standard","hentry","category-bilder","category-ikon","category-kyrkoaret","category-teologi"],"acf":[],"yoast_head":"<!-- This site is optimized with the Yoast SEO plugin v27.1.1 - https:\/\/yoast.com\/product\/yoast-seo-wordpress\/ -->\n<title>Kristi f\u00f6rklarings dag, en h\u00e4rlighet bortom h\u00e4rligheten - Vandra V\u00e4gen<\/title>\n<meta name=\"robots\" content=\"index, follow, max-snippet:-1, max-image-preview:large, max-video-preview:-1\" \/>\n<link rel=\"canonical\" href=\"https:\/\/blogg.svenskakyrkan.se\/vandravagen\/2013\/07\/15\/kristi-forklarings-dag-en-harlighet-bortom-harligheten\/\" \/>\n<meta property=\"og:locale\" content=\"sv_SE\" \/>\n<meta property=\"og:type\" content=\"article\" \/>\n<meta property=\"og:title\" content=\"Kristi f\u00f6rklarings dag, en h\u00e4rlighet bortom h\u00e4rligheten - Vandra V\u00e4gen\" \/>\n<meta property=\"og:description\" content=\"F\u00f6rklaringsdagens ikon, k\u00e4lla iconreader Idag har det inte blivit n\u00e5gon gudstj\u00e4nst. Jag har \u00e4nd\u00e5 l\u00e4st s\u00f6ndagens texter och tycker verkligen mycket om dem! Kristi f\u00f6rklarings dag heter s\u00f6ndagen. Vi firar den f\u00f6r att minnas hur tre av l\u00e4rjungarna fick se Jesus instr\u00e5lad av himmelskt ljus p\u00e5 berget Tabors topp. P\u00e5 s\u00e5 s\u00e4tt fick de f\u00f6r [&hellip;]\" \/>\n<meta property=\"og:url\" content=\"https:\/\/blogg.svenskakyrkan.se\/vandravagen\/2013\/07\/15\/kristi-forklarings-dag-en-harlighet-bortom-harligheten\/\" \/>\n<meta property=\"og:site_name\" content=\"Vandra V\u00e4gen\" \/>\n<meta property=\"article:publisher\" content=\"http:\/\/facebook.com\/vandravagen\" \/>\n<meta property=\"article:published_time\" content=\"2013-07-15T03:39:00+00:00\" \/>\n<meta property=\"og:image\" content=\"http:\/\/iconreader.files.wordpress.com\/2011\/08\/16c_novgorod.jpeg?w=589\" \/>\n<meta name=\"author\" content=\"Tomas Jarvid\" \/>\n<meta name=\"twitter:card\" content=\"summary_large_image\" \/>\n<meta name=\"twitter:creator\" content=\"@fadertomas\" \/>\n<meta name=\"twitter:site\" content=\"@fadertomas\" \/>\n<meta name=\"twitter:label1\" content=\"Skriven av\" \/>\n\t<meta name=\"twitter:data1\" content=\"Tomas Jarvid\" \/>\n\t<meta name=\"twitter:label2\" content=\"Ber\u00e4knad l\u00e4stid\" \/>\n\t<meta name=\"twitter:data2\" content=\"2 minuter\" \/>\n<script type=\"application\/ld+json\" class=\"yoast-schema-graph\">{\"@context\":\"https:\/\/schema.org\",\"@graph\":[{\"@type\":\"Article\",\"@id\":\"https:\/\/blogg.svenskakyrkan.se\/vandravagen\/2013\/07\/15\/kristi-forklarings-dag-en-harlighet-bortom-harligheten\/#article\",\"isPartOf\":{\"@id\":\"https:\/\/blogg.svenskakyrkan.se\/vandravagen\/2013\/07\/15\/kristi-forklarings-dag-en-harlighet-bortom-harligheten\/\"},\"author\":{\"name\":\"Tomas Jarvid\",\"@id\":\"https:\/\/blogg.svenskakyrkan.se\/vandravagen\/#\/schema\/person\/25da02d4f76b137d04291711e2c9fc16\"},\"headline\":\"Kristi f\u00f6rklarings dag, en h\u00e4rlighet bortom h\u00e4rligheten\",\"datePublished\":\"2013-07-15T03:39:00+00:00\",\"mainEntityOfPage\":{\"@id\":\"https:\/\/blogg.svenskakyrkan.se\/vandravagen\/2013\/07\/15\/kristi-forklarings-dag-en-harlighet-bortom-harligheten\/\"},\"wordCount\":415,\"commentCount\":0,\"publisher\":{\"@id\":\"https:\/\/blogg.svenskakyrkan.se\/vandravagen\/#organization\"},\"image\":{\"@id\":\"https:\/\/blogg.svenskakyrkan.se\/vandravagen\/2013\/07\/15\/kristi-forklarings-dag-en-harlighet-bortom-harligheten\/#primaryimage\"},\"thumbnailUrl\":\"http:\/\/iconreader.files.wordpress.com\/2011\/08\/16c_novgorod.jpeg?w=589\",\"articleSection\":[\"bilder\",\"ikon\",\"kyrko\u00e5ret\",\"Teologi\"],\"inLanguage\":\"sv-SE\",\"potentialAction\":[{\"@type\":\"CommentAction\",\"name\":\"Comment\",\"target\":[\"https:\/\/blogg.svenskakyrkan.se\/vandravagen\/2013\/07\/15\/kristi-forklarings-dag-en-harlighet-bortom-harligheten\/#respond\"]}]},{\"@type\":\"WebPage\",\"@id\":\"https:\/\/blogg.svenskakyrkan.se\/vandravagen\/2013\/07\/15\/kristi-forklarings-dag-en-harlighet-bortom-harligheten\/\",\"url\":\"https:\/\/blogg.svenskakyrkan.se\/vandravagen\/2013\/07\/15\/kristi-forklarings-dag-en-harlighet-bortom-harligheten\/\",\"name\":\"Kristi f\u00f6rklarings dag, en h\u00e4rlighet bortom h\u00e4rligheten - Vandra V\u00e4gen\",\"isPartOf\":{\"@id\":\"https:\/\/blogg.svenskakyrkan.se\/vandravagen\/#website\"},\"primaryImageOfPage\":{\"@id\":\"https:\/\/blogg.svenskakyrkan.se\/vandravagen\/2013\/07\/15\/kristi-forklarings-dag-en-harlighet-bortom-harligheten\/#primaryimage\"},\"image\":{\"@id\":\"https:\/\/blogg.svenskakyrkan.se\/vandravagen\/2013\/07\/15\/kristi-forklarings-dag-en-harlighet-bortom-harligheten\/#primaryimage\"},\"thumbnailUrl\":\"http:\/\/iconreader.files.wordpress.com\/2011\/08\/16c_novgorod.jpeg?w=589\",\"datePublished\":\"2013-07-15T03:39:00+00:00\",\"breadcrumb\":{\"@id\":\"https:\/\/blogg.svenskakyrkan.se\/vandravagen\/2013\/07\/15\/kristi-forklarings-dag-en-harlighet-bortom-harligheten\/#breadcrumb\"},\"inLanguage\":\"sv-SE\",\"potentialAction\":[{\"@type\":\"ReadAction\",\"target\":[\"https:\/\/blogg.svenskakyrkan.se\/vandravagen\/2013\/07\/15\/kristi-forklarings-dag-en-harlighet-bortom-harligheten\/\"]}]},{\"@type\":\"ImageObject\",\"inLanguage\":\"sv-SE\",\"@id\":\"https:\/\/blogg.svenskakyrkan.se\/vandravagen\/2013\/07\/15\/kristi-forklarings-dag-en-harlighet-bortom-harligheten\/#primaryimage\",\"url\":\"http:\/\/iconreader.files.wordpress.com\/2011\/08\/16c_novgorod.jpeg?w=589\",\"contentUrl\":\"http:\/\/iconreader.files.wordpress.com\/2011\/08\/16c_novgorod.jpeg?w=589\"},{\"@type\":\"BreadcrumbList\",\"@id\":\"https:\/\/blogg.svenskakyrkan.se\/vandravagen\/2013\/07\/15\/kristi-forklarings-dag-en-harlighet-bortom-harligheten\/#breadcrumb\",\"itemListElement\":[{\"@type\":\"ListItem\",\"position\":1,\"name\":\"Hem\",\"item\":\"https:\/\/blogg.svenskakyrkan.se\/vandravagen\/\"},{\"@type\":\"ListItem\",\"position\":2,\"name\":\"Kristi f\u00f6rklarings dag, en h\u00e4rlighet bortom h\u00e4rligheten\"}]},{\"@type\":\"WebSite\",\"@id\":\"https:\/\/blogg.svenskakyrkan.se\/vandravagen\/#website\",\"url\":\"https:\/\/blogg.svenskakyrkan.se\/vandravagen\/\",\"name\":\"Vandra V\u00e4gen\",\"description\":\"-Mot en tro f\u00f6r hela livet\",\"publisher\":{\"@id\":\"https:\/\/blogg.svenskakyrkan.se\/vandravagen\/#organization\"},\"potentialAction\":[{\"@type\":\"SearchAction\",\"target\":{\"@type\":\"EntryPoint\",\"urlTemplate\":\"https:\/\/blogg.svenskakyrkan.se\/vandravagen\/?s={search_term_string}\"},\"query-input\":{\"@type\":\"PropertyValueSpecification\",\"valueRequired\":true,\"valueName\":\"search_term_string\"}}],\"inLanguage\":\"sv-SE\"},{\"@type\":\"Organization\",\"@id\":\"https:\/\/blogg.svenskakyrkan.se\/vandravagen\/#organization\",\"name\":\"ulricehamns pastorat\",\"alternateName\":\"ulricehamns pastorat\",\"url\":\"https:\/\/blogg.svenskakyrkan.se\/vandravagen\/\",\"logo\":{\"@type\":\"ImageObject\",\"inLanguage\":\"sv-SE\",\"@id\":\"https:\/\/blogg.svenskakyrkan.se\/vandravagen\/#\/schema\/logo\/image\/\",\"url\":\"https:\/\/blogg.svenskakyrkan.se\/vandravagen\/files\/2023\/05\/Ulr_logo_RGB.png\",\"contentUrl\":\"https:\/\/blogg.svenskakyrkan.se\/vandravagen\/files\/2023\/05\/Ulr_logo_RGB.png\",\"width\":205,\"height\":77,\"caption\":\"ulricehamns pastorat\"},\"image\":{\"@id\":\"https:\/\/blogg.svenskakyrkan.se\/vandravagen\/#\/schema\/logo\/image\/\"},\"sameAs\":[\"http:\/\/facebook.com\/vandravagen\",\"https:\/\/x.com\/fadertomas\",\"http:\/\/www.facebook.com\/svenskakyrkaniulricehamn\"]},{\"@type\":\"Person\",\"@id\":\"https:\/\/blogg.svenskakyrkan.se\/vandravagen\/#\/schema\/person\/25da02d4f76b137d04291711e2c9fc16\",\"name\":\"Tomas Jarvid\",\"image\":{\"@type\":\"ImageObject\",\"inLanguage\":\"sv-SE\",\"@id\":\"https:\/\/blogg.svenskakyrkan.se\/vandravagen\/#\/schema\/person\/image\/\",\"url\":\"https:\/\/secure.gravatar.com\/avatar\/7fa71899795e8f540f615a1f5ab25255dc27aa40f05ee7ddd21aac521e01bf50?s=96&d=identicon&r=g\",\"contentUrl\":\"https:\/\/secure.gravatar.com\/avatar\/7fa71899795e8f540f615a1f5ab25255dc27aa40f05ee7ddd21aac521e01bf50?s=96&d=identicon&r=g\",\"caption\":\"Tomas Jarvid\"},\"description\":\"Jag bor i Ulricehamn i V\u00e4sterg\u00f6tland och \u00e4r f\u00f6rsamlingspr\u00e4st i Svenska Kyrkan f\u00f6r Dalstorps f\u00f6rsamling i Kinds pastorat. P\u00e5 den h\u00e4r bloggen skriver jag ner tankar om vandringen som kristen.\",\"sameAs\":[\"http:\/\/www.vandravagen.se\"],\"url\":\"https:\/\/blogg.svenskakyrkan.se\/vandravagen\/author\/vandravagen\/\"}]}<\/script>\n<!-- \/ Yoast SEO plugin. -->","yoast_head_json":{"title":"Kristi f\u00f6rklarings dag, en h\u00e4rlighet bortom h\u00e4rligheten - Vandra V\u00e4gen","robots":{"index":"index","follow":"follow","max-snippet":"max-snippet:-1","max-image-preview":"max-image-preview:large","max-video-preview":"max-video-preview:-1"},"canonical":"https:\/\/blogg.svenskakyrkan.se\/vandravagen\/2013\/07\/15\/kristi-forklarings-dag-en-harlighet-bortom-harligheten\/","og_locale":"sv_SE","og_type":"article","og_title":"Kristi f\u00f6rklarings dag, en h\u00e4rlighet bortom h\u00e4rligheten - Vandra V\u00e4gen","og_description":"F\u00f6rklaringsdagens ikon, k\u00e4lla iconreader Idag har det inte blivit n\u00e5gon gudstj\u00e4nst. Jag har \u00e4nd\u00e5 l\u00e4st s\u00f6ndagens texter och tycker verkligen mycket om dem! Kristi f\u00f6rklarings dag heter s\u00f6ndagen. Vi firar den f\u00f6r att minnas hur tre av l\u00e4rjungarna fick se Jesus instr\u00e5lad av himmelskt ljus p\u00e5 berget Tabors topp. P\u00e5 s\u00e5 s\u00e4tt fick de f\u00f6r [&hellip;]","og_url":"https:\/\/blogg.svenskakyrkan.se\/vandravagen\/2013\/07\/15\/kristi-forklarings-dag-en-harlighet-bortom-harligheten\/","og_site_name":"Vandra V\u00e4gen","article_publisher":"http:\/\/facebook.com\/vandravagen","article_published_time":"2013-07-15T03:39:00+00:00","og_image":[{"url":"http:\/\/iconreader.files.wordpress.com\/2011\/08\/16c_novgorod.jpeg?w=589","type":"","width":"","height":""}],"author":"Tomas Jarvid","twitter_card":"summary_large_image","twitter_creator":"@fadertomas","twitter_site":"@fadertomas","twitter_misc":{"Skriven av":"Tomas Jarvid","Ber\u00e4knad l\u00e4stid":"2 minuter"},"schema":{"@context":"https:\/\/schema.org","@graph":[{"@type":"Article","@id":"https:\/\/blogg.svenskakyrkan.se\/vandravagen\/2013\/07\/15\/kristi-forklarings-dag-en-harlighet-bortom-harligheten\/#article","isPartOf":{"@id":"https:\/\/blogg.svenskakyrkan.se\/vandravagen\/2013\/07\/15\/kristi-forklarings-dag-en-harlighet-bortom-harligheten\/"},"author":{"name":"Tomas Jarvid","@id":"https:\/\/blogg.svenskakyrkan.se\/vandravagen\/#\/schema\/person\/25da02d4f76b137d04291711e2c9fc16"},"headline":"Kristi f\u00f6rklarings dag, en h\u00e4rlighet bortom h\u00e4rligheten","datePublished":"2013-07-15T03:39:00+00:00","mainEntityOfPage":{"@id":"https:\/\/blogg.svenskakyrkan.se\/vandravagen\/2013\/07\/15\/kristi-forklarings-dag-en-harlighet-bortom-harligheten\/"},"wordCount":415,"commentCount":0,"publisher":{"@id":"https:\/\/blogg.svenskakyrkan.se\/vandravagen\/#organization"},"image":{"@id":"https:\/\/blogg.svenskakyrkan.se\/vandravagen\/2013\/07\/15\/kristi-forklarings-dag-en-harlighet-bortom-harligheten\/#primaryimage"},"thumbnailUrl":"http:\/\/iconreader.files.wordpress.com\/2011\/08\/16c_novgorod.jpeg?w=589","articleSection":["bilder","ikon","kyrko\u00e5ret","Teologi"],"inLanguage":"sv-SE","potentialAction":[{"@type":"CommentAction","name":"Comment","target":["https:\/\/blogg.svenskakyrkan.se\/vandravagen\/2013\/07\/15\/kristi-forklarings-dag-en-harlighet-bortom-harligheten\/#respond"]}]},{"@type":"WebPage","@id":"https:\/\/blogg.svenskakyrkan.se\/vandravagen\/2013\/07\/15\/kristi-forklarings-dag-en-harlighet-bortom-harligheten\/","url":"https:\/\/blogg.svenskakyrkan.se\/vandravagen\/2013\/07\/15\/kristi-forklarings-dag-en-harlighet-bortom-harligheten\/","name":"Kristi f\u00f6rklarings dag, en h\u00e4rlighet bortom h\u00e4rligheten - Vandra V\u00e4gen","isPartOf":{"@id":"https:\/\/blogg.svenskakyrkan.se\/vandravagen\/#website"},"primaryImageOfPage":{"@id":"https:\/\/blogg.svenskakyrkan.se\/vandravagen\/2013\/07\/15\/kristi-forklarings-dag-en-harlighet-bortom-harligheten\/#primaryimage"},"image":{"@id":"https:\/\/blogg.svenskakyrkan.se\/vandravagen\/2013\/07\/15\/kristi-forklarings-dag-en-harlighet-bortom-harligheten\/#primaryimage"},"thumbnailUrl":"http:\/\/iconreader.files.wordpress.com\/2011\/08\/16c_novgorod.jpeg?w=589","datePublished":"2013-07-15T03:39:00+00:00","breadcrumb":{"@id":"https:\/\/blogg.svenskakyrkan.se\/vandravagen\/2013\/07\/15\/kristi-forklarings-dag-en-harlighet-bortom-harligheten\/#breadcrumb"},"inLanguage":"sv-SE","potentialAction":[{"@type":"ReadAction","target":["https:\/\/blogg.svenskakyrkan.se\/vandravagen\/2013\/07\/15\/kristi-forklarings-dag-en-harlighet-bortom-harligheten\/"]}]},{"@type":"ImageObject","inLanguage":"sv-SE","@id":"https:\/\/blogg.svenskakyrkan.se\/vandravagen\/2013\/07\/15\/kristi-forklarings-dag-en-harlighet-bortom-harligheten\/#primaryimage","url":"http:\/\/iconreader.files.wordpress.com\/2011\/08\/16c_novgorod.jpeg?w=589","contentUrl":"http:\/\/iconreader.files.wordpress.com\/2011\/08\/16c_novgorod.jpeg?w=589"},{"@type":"BreadcrumbList","@id":"https:\/\/blogg.svenskakyrkan.se\/vandravagen\/2013\/07\/15\/kristi-forklarings-dag-en-harlighet-bortom-harligheten\/#breadcrumb","itemListElement":[{"@type":"ListItem","position":1,"name":"Hem","item":"https:\/\/blogg.svenskakyrkan.se\/vandravagen\/"},{"@type":"ListItem","position":2,"name":"Kristi f\u00f6rklarings dag, en h\u00e4rlighet bortom h\u00e4rligheten"}]},{"@type":"WebSite","@id":"https:\/\/blogg.svenskakyrkan.se\/vandravagen\/#website","url":"https:\/\/blogg.svenskakyrkan.se\/vandravagen\/","name":"Vandra V\u00e4gen","description":"-Mot en tro f\u00f6r hela livet","publisher":{"@id":"https:\/\/blogg.svenskakyrkan.se\/vandravagen\/#organization"},"potentialAction":[{"@type":"SearchAction","target":{"@type":"EntryPoint","urlTemplate":"https:\/\/blogg.svenskakyrkan.se\/vandravagen\/?s={search_term_string}"},"query-input":{"@type":"PropertyValueSpecification","valueRequired":true,"valueName":"search_term_string"}}],"inLanguage":"sv-SE"},{"@type":"Organization","@id":"https:\/\/blogg.svenskakyrkan.se\/vandravagen\/#organization","name":"ulricehamns pastorat","alternateName":"ulricehamns pastorat","url":"https:\/\/blogg.svenskakyrkan.se\/vandravagen\/","logo":{"@type":"ImageObject","inLanguage":"sv-SE","@id":"https:\/\/blogg.svenskakyrkan.se\/vandravagen\/#\/schema\/logo\/image\/","url":"https:\/\/blogg.svenskakyrkan.se\/vandravagen\/files\/2023\/05\/Ulr_logo_RGB.png","contentUrl":"https:\/\/blogg.svenskakyrkan.se\/vandravagen\/files\/2023\/05\/Ulr_logo_RGB.png","width":205,"height":77,"caption":"ulricehamns pastorat"},"image":{"@id":"https:\/\/blogg.svenskakyrkan.se\/vandravagen\/#\/schema\/logo\/image\/"},"sameAs":["http:\/\/facebook.com\/vandravagen","https:\/\/x.com\/fadertomas","http:\/\/www.facebook.com\/svenskakyrkaniulricehamn"]},{"@type":"Person","@id":"https:\/\/blogg.svenskakyrkan.se\/vandravagen\/#\/schema\/person\/25da02d4f76b137d04291711e2c9fc16","name":"Tomas Jarvid","image":{"@type":"ImageObject","inLanguage":"sv-SE","@id":"https:\/\/blogg.svenskakyrkan.se\/vandravagen\/#\/schema\/person\/image\/","url":"https:\/\/secure.gravatar.com\/avatar\/7fa71899795e8f540f615a1f5ab25255dc27aa40f05ee7ddd21aac521e01bf50?s=96&d=identicon&r=g","contentUrl":"https:\/\/secure.gravatar.com\/avatar\/7fa71899795e8f540f615a1f5ab25255dc27aa40f05ee7ddd21aac521e01bf50?s=96&d=identicon&r=g","caption":"Tomas Jarvid"},"description":"Jag bor i Ulricehamn i V\u00e4sterg\u00f6tland och \u00e4r f\u00f6rsamlingspr\u00e4st i Svenska Kyrkan f\u00f6r Dalstorps f\u00f6rsamling i Kinds pastorat. P\u00e5 den h\u00e4r bloggen skriver jag ner tankar om vandringen som kristen.","sameAs":["http:\/\/www.vandravagen.se"],"url":"https:\/\/blogg.svenskakyrkan.se\/vandravagen\/author\/vandravagen\/"}]}},"author_meta":{"ID":"392","user_nicename":"vandravagen","user_url":"http:\/\/www.vandravagen.se","user_registered":"2014-05-19 05:44:52","display_name":"Tomas Jarvid","first_name":"Tomas","last_name":"Jarvid","avatar":"https:\/\/secure.gravatar.com\/avatar\/7fa71899795e8f540f615a1f5ab25255dc27aa40f05ee7ddd21aac521e01bf50?s=96&d=identicon&r=g"},"featured_image":false,"bloginfo":{"name":"Vandra V\u00e4gen","url":"https:\/\/blogg.svenskakyrkan.se\/vandravagen"},"_links":{"self":[{"href":"https:\/\/blogg.svenskakyrkan.se\/vandravagen\/wp-json\/wp\/v2\/posts\/457","targetHints":{"allow":["GET"]}}],"collection":[{"href":"https:\/\/blogg.svenskakyrkan.se\/vandravagen\/wp-json\/wp\/v2\/posts"}],"about":[{"href":"https:\/\/blogg.svenskakyrkan.se\/vandravagen\/wp-json\/wp\/v2\/types\/post"}],"author":[{"embeddable":true,"href":"https:\/\/blogg.svenskakyrkan.se\/vandravagen\/wp-json\/wp\/v2\/users\/392"}],"replies":[{"embeddable":true,"href":"https:\/\/blogg.svenskakyrkan.se\/vandravagen\/wp-json\/wp\/v2\/comments?post=457"}],"version-history":[{"count":0,"href":"https:\/\/blogg.svenskakyrkan.se\/vandravagen\/wp-json\/wp\/v2\/posts\/457\/revisions"}],"wp:attachment":[{"href":"https:\/\/blogg.svenskakyrkan.se\/vandravagen\/wp-json\/wp\/v2\/media?parent=457"}],"wp:term":[{"taxonomy":"category","embeddable":true,"href":"https:\/\/blogg.svenskakyrkan.se\/vandravagen\/wp-json\/wp\/v2\/categories?post=457"},{"taxonomy":"post_tag","embeddable":true,"href":"https:\/\/blogg.svenskakyrkan.se\/vandravagen\/wp-json\/wp\/v2\/tags?post=457"}],"curies":[{"name":"wp","href":"https:\/\/api.w.org\/{rel}","templated":true}]}}